{"id":980,"date":"2025-01-04T20:38:18","date_gmt":"2025-01-04T20:38:18","guid":{"rendered":"https:\/\/avrupatv.eu\/?p=980"},"modified":"2025-01-04T20:38:18","modified_gmt":"2025-01-04T20:38:18","slug":"memur-ve-emeklilere-refah-payi-nezaman-aciklanacak","status":"publish","type":"post","link":"https:\/\/avrupatv.eu\/index.php\/2025\/01\/04\/memur-ve-emeklilere-refah-payi-nezaman-aciklanacak\/","title":{"rendered":"Memur ve Emeklilere refah pay\u0131 nezaman a\u00e7\u0131klanacak?"},"content":{"rendered":"\n<p>Memur maa\u015flar\u0131na yap\u0131lan son zamlar ve enflasyon oranlar\u0131, kamu \u00e7al\u0131\u015fanlar\u0131n\u0131n gelirlerinde ya\u015fanan kay\u0131plar\u0131 yeniden g\u00fcndeme getirdi. T\u00fcrkiye \u0130statistik Kurumu&#8217;nun (T\u00dc\u0130K) a\u00e7\u0131klad\u0131\u011f\u0131 verilere g\u00f6re 2024 y\u0131l\u0131 enflasyonu %44,38 olarak ger\u00e7ekle\u015firken, memur ve emekli maa\u015flar\u0131na %11,54 oran\u0131nda zam yap\u0131lmas\u0131 kararla\u015ft\u0131r\u0131ld\u0131. Ancak bu oranlar\u0131n yetersiz oldu\u011fu y\u00f6n\u00fcndeki tart\u0131\u015fmalar s\u00fcr\u00fcyor.<\/p>\n\n\n\n<p>Memur Sendikalar\u0131 Konfederasyonu (Memur-Sen) Genel Ba\u015fkan\u0131 Ali Yal\u00e7\u0131n, mevcut maa\u015f art\u0131\u015flar\u0131n\u0131n kamu \u00e7al\u0131\u015fanlar\u0131n\u0131n al\u0131m g\u00fcc\u00fcn\u00fc korumak i\u00e7in yetersiz oldu\u011funu belirterek, ek refah pay\u0131 talebinde bulundu. Yal\u00e7\u0131n, \u00f6zellikle 2025 y\u0131l\u0131n\u0131n ilk alt\u0131 ay\u0131 i\u00e7in %15 maa\u015f art\u0131\u015f\u0131 ve %10 refah pay\u0131 teklif ettiklerini ancak a\u00e7\u0131klanan zam oranlar\u0131n\u0131n bu tekliflerin gerisinde kald\u0131\u011f\u0131n\u0131 vurgulad\u0131.<\/p>\n\n\n\n<p><strong>&#8220;Maa\u015flar Enflasyona Kar\u015f\u0131 Eridi&#8221;<\/strong><\/p>\n\n\n\n<p>Ali Yal\u00e7\u0131n, devletin yeniden de\u011ferleme oran\u0131n\u0131 %43,93 olarak belirledi\u011fini, ancak memur maa\u015flar\u0131n\u0131n bu oranla paralel art\u0131r\u0131lmad\u0131\u011f\u0131n\u0131 ifade etti. Bu durumun, memur ve memur emeklilerinin gelirlerinde ciddi bir kayba yol a\u00e7t\u0131\u011f\u0131n\u0131 dile getiren Yal\u00e7\u0131n, &#8220;Toplu s\u00f6zle\u015fme h\u00fck\u00fcmlerinin eksiksiz uygulanmas\u0131 ve memurlara ek refah pay\u0131 verilmesi ka\u00e7\u0131n\u0131lmaz hale gelmi\u015ftir&#8221; dedi.<\/p>\n\n\n\n<p><strong>Vergi Adaletsizli\u011fi Tart\u0131\u015fmas\u0131<\/strong><\/p>\n\n\n\n<p>Yal\u00e7\u0131n ayr\u0131ca, gelir vergisi dilimlerindeki g\u00fcncellemelerin yap\u0131lmamas\u0131n\u0131 ele\u015ftirdi. Artan gelir vergisi oranlar\u0131n\u0131n kamu \u00e7al\u0131\u015fanlar\u0131n\u0131n maa\u015flar\u0131nda ek bir y\u00fck olu\u015fturdu\u011funu belirten Yal\u00e7\u0131n, gelir vergisi oranlar\u0131n\u0131n %15&#8217;e sabitlenmesi gerekti\u011fini s\u00f6yledi. Bu d\u00fczenlemenin, memurlar\u0131n ekonomik kay\u0131plar\u0131n\u0131 bir nebze olsun telafi edebilece\u011fini savundu.<\/p>\n\n\n\n<p><strong>Hazine ve Maliye Bakanl\u0131\u011f\u0131 \u00d6n\u00fcnde Eylem Haz\u0131rl\u0131\u011f\u0131<\/strong><\/p>\n\n\n\n<p>Memur-Sen, taleplerini daha g\u00fc\u00e7l\u00fc bir \u015fekilde dile getirmek amac\u0131yla 7 Ocak 2025 Sal\u0131 g\u00fcn\u00fc Hazine ve Maliye Bakanl\u0131\u011f\u0131 \u00f6n\u00fcnde bir eylem d\u00fczenleyecek. Bu eylemde, toplu s\u00f6zle\u015fme h\u00fck\u00fcmlerine uyulmas\u0131 ve ek refah pay\u0131 talepleri bir kez daha vurgulanacak.<\/p>\n\n\n\n<p><strong>Karar Bekleniyor<\/strong><\/p>\n\n\n\n<p>Refah pay\u0131 verilmesine ili\u015fkin taleplerin h\u00fck\u00fcmet taraf\u0131ndan nas\u0131l de\u011ferlendirilece\u011fi, \u00f6n\u00fcm\u00fczdeki g\u00fcnlerde netlik kazanacak. Memurlar ve emekliler, maa\u015flar\u0131nda kal\u0131c\u0131 bir iyile\u015ftirme i\u00e7in g\u00f6zlerini h\u00fck\u00fcmetin alaca\u011f\u0131 kararlara \u00e7evirmi\u015f durumda.<\/p>\n\n\n\n<p>Haberin detaylar\u0131 ilerleyen g\u00fcnlerde \u015fekillenecek ve memur maa\u015flar\u0131nda ya\u015fanacak olas\u0131 de\u011fi\u015fiklikler kamuoyuna a\u00e7\u0131klanacak.<\/p>\n","protected":false},"excerpt":{"rendered":"<p>Memur maa\u015flar\u0131na yap\u0131lan son zamlar ve enflasyon oranlar\u0131, kamu \u00e7al\u0131\u015fanlar\u0131n\u0131n gelirlerinde ya\u015fanan kay\u0131plar\u0131 yeniden g\u00fcndeme getirdi. T\u00fcrkiye \u0130statistik Kurumu&#8217;nun (T\u00dc\u0130K) a\u00e7\u0131klad\u0131\u011f\u0131 verilere g\u00f6re 2024 y\u0131l\u0131 enflasyonu %44,38 olarak ger\u00e7ekle\u015firken, memur ve emekli maa\u015flar\u0131na %11,54 oran\u0131nda zam yap\u0131lmas\u0131 kararla\u015ft\u0131r\u0131ld\u0131. Ancak bu oranlar\u0131n yetersiz oldu\u011fu y\u00f6n\u00fcndeki tart\u0131\u015fmalar s\u00fcr\u00fcyor. Memur Sendikalar\u0131 Konfederasyonu (Memur-Sen) Genel Ba\u015fkan\u0131 Ali Yal\u00e7\u0131n, mevcut [&hellip;]<\/p>\n","protected":false},"author":2,"featured_media":981,"comment_status":"open","ping_status":"open","sticky":false,"template":"","format":"standard","meta":{"footnotes":""},"categories":[11],"tags":[],"class_list":["post-980","post","type-post","status-publish","format-standard","has-post-thumbnail","hentry","category-turkiye"],"yoast_head":"<!-- This site is optimized with the Yoast SEO plugin v27.4 - https:\/\/yoast.com\/product\/yoast-seo-wordpress\/ -->\n<title>Memur ve Emeklilere refah pay\u0131 nezaman a\u00e7\u0131klanacak? - Avrupal\u0131 T\u00fcrklerin en Yeni Haber Portal\u0131<\/title>\n<meta name=\"robots\" content=\"index, follow, max-snippet:-1, max-image-preview:large, max-video-preview:-1\" \/>\n<link rel=\"canonical\" href=\"https:\/\/avrupatv.eu\/index.php\/2025\/01\/04\/memur-ve-emeklilere-refah-payi-nezaman-aciklanacak\/\" \/>\n<meta property=\"og:locale\" content=\"tr_TR\" \/>\n<meta property=\"og:type\" content=\"article\" \/>\n<meta property=\"og:title\" content=\"Memur ve Emeklilere refah pay\u0131 nezaman a\u00e7\u0131klanacak? - Avrupal\u0131 T\u00fcrklerin en Yeni Haber Portal\u0131\" \/>\n<meta property=\"og:description\" content=\"Memur maa\u015flar\u0131na yap\u0131lan son zamlar ve enflasyon oranlar\u0131, kamu \u00e7al\u0131\u015fanlar\u0131n\u0131n gelirlerinde ya\u015fanan kay\u0131plar\u0131 yeniden g\u00fcndeme getirdi. T\u00fcrkiye \u0130statistik Kurumu&#8217;nun (T\u00dc\u0130K) a\u00e7\u0131klad\u0131\u011f\u0131 verilere g\u00f6re 2024 y\u0131l\u0131 enflasyonu %44,38 olarak ger\u00e7ekle\u015firken, memur ve emekli maa\u015flar\u0131na %11,54 oran\u0131nda zam yap\u0131lmas\u0131 kararla\u015ft\u0131r\u0131ld\u0131. Ancak bu oranlar\u0131n yetersiz oldu\u011fu y\u00f6n\u00fcndeki tart\u0131\u015fmalar s\u00fcr\u00fcyor. Memur Sendikalar\u0131 Konfederasyonu (Memur-Sen) Genel Ba\u015fkan\u0131 Ali Yal\u00e7\u0131n, mevcut [&hellip;]\" \/>\n<meta property=\"og:url\" content=\"https:\/\/avrupatv.eu\/index.php\/2025\/01\/04\/memur-ve-emeklilere-refah-payi-nezaman-aciklanacak\/\" \/>\n<meta property=\"og:site_name\" content=\"Avrupal\u0131 T\u00fcrklerin en Yeni Haber Portal\u0131\" \/>\n<meta property=\"article:published_time\" content=\"2025-01-04T20:38:18+00:00\" \/>\n<meta property=\"og:image\" content=\"https:\/\/avrupatv.eu\/wp-content\/uploads\/2025\/01\/erdursun-fopk_cover.png\" \/>\n\t<meta property=\"og:image:width\" content=\"1280\" \/>\n\t<meta property=\"og:image:height\" content=\"720\" \/>\n\t<meta property=\"og:image:type\" content=\"image\/png\" \/>\n<meta name=\"author\" content=\"Onur Akpinar\" \/>\n<meta name=\"twitter:card\" content=\"summary_large_image\" \/>\n<meta name=\"twitter:label1\" content=\"Yazan:\" \/>\n\t<meta name=\"twitter:data1\" content=\"Onur Akpinar\" \/>\n\t<meta name=\"twitter:label2\" content=\"Tahmini okuma s\u00fcresi\" \/>\n\t<meta name=\"twitter:data2\" content=\"2 dakika\" \/>\n<script type=\"application\/ld+json\" class=\"yoast-schema-graph\">{\"@context\":\"https:\\\/\\\/schema.org\",\"@graph\":[{\"@type\":\"Article\",\"@id\":\"https:\\\/\\\/avrupatv.eu\\\/index.php\\\/2025\\\/01\\\/04\\\/memur-ve-emeklilere-refah-payi-nezaman-aciklanacak\\\/#article\",\"isPartOf\":{\"@id\":\"https:\\\/\\\/avrupatv.eu\\\/index.php\\\/2025\\\/01\\\/04\\\/memur-ve-emeklilere-refah-payi-nezaman-aciklanacak\\\/\"},\"author\":{\"name\":\"Onur Akpinar\",\"@id\":\"https:\\\/\\\/avrupatv.eu\\\/#\\\/schema\\\/person\\\/d56afa5d5569da4029d483da36c0c17d\"},\"headline\":\"Memur ve Emeklilere refah pay\u0131 nezaman a\u00e7\u0131klanacak?\",\"datePublished\":\"2025-01-04T20:38:18+00:00\",\"mainEntityOfPage\":{\"@id\":\"https:\\\/\\\/avrupatv.eu\\\/index.php\\\/2025\\\/01\\\/04\\\/memur-ve-emeklilere-refah-payi-nezaman-aciklanacak\\\/\"},\"wordCount\":414,\"commentCount\":0,\"publisher\":{\"@id\":\"https:\\\/\\\/avrupatv.eu\\\/#organization\"},\"image\":{\"@id\":\"https:\\\/\\\/avrupatv.eu\\\/index.php\\\/2025\\\/01\\\/04\\\/memur-ve-emeklilere-refah-payi-nezaman-aciklanacak\\\/#primaryimage\"},\"thumbnailUrl\":\"https:\\\/\\\/avrupatv.eu\\\/wp-content\\\/uploads\\\/2025\\\/01\\\/erdursun-fopk_cover.png\",\"articleSection\":[\"T\u00fcrkiye\"],\"inLanguage\":\"tr\",\"potentialAction\":[{\"@type\":\"CommentAction\",\"name\":\"Comment\",\"target\":[\"https:\\\/\\\/avrupatv.eu\\\/index.php\\\/2025\\\/01\\\/04\\\/memur-ve-emeklilere-refah-payi-nezaman-aciklanacak\\\/#respond\"]}]},{\"@type\":\"WebPage\",\"@id\":\"https:\\\/\\\/avrupatv.eu\\\/index.php\\\/2025\\\/01\\\/04\\\/memur-ve-emeklilere-refah-payi-nezaman-aciklanacak\\\/\",\"url\":\"https:\\\/\\\/avrupatv.eu\\\/index.php\\\/2025\\\/01\\\/04\\\/memur-ve-emeklilere-refah-payi-nezaman-aciklanacak\\\/\",\"name\":\"Memur ve Emeklilere refah pay\u0131 nezaman a\u00e7\u0131klanacak? - Avrupal\u0131 T\u00fcrklerin en Yeni Haber Portal\u0131\",\"isPartOf\":{\"@id\":\"https:\\\/\\\/avrupatv.eu\\\/#website\"},\"primaryImageOfPage\":{\"@id\":\"https:\\\/\\\/avrupatv.eu\\\/index.php\\\/2025\\\/01\\\/04\\\/memur-ve-emeklilere-refah-payi-nezaman-aciklanacak\\\/#primaryimage\"},\"image\":{\"@id\":\"https:\\\/\\\/avrupatv.eu\\\/index.php\\\/2025\\\/01\\\/04\\\/memur-ve-emeklilere-refah-payi-nezaman-aciklanacak\\\/#primaryimage\"},\"thumbnailUrl\":\"https:\\\/\\\/avrupatv.eu\\\/wp-content\\\/uploads\\\/2025\\\/01\\\/erdursun-fopk_cover.png\",\"datePublished\":\"2025-01-04T20:38:18+00:00\",\"breadcrumb\":{\"@id\":\"https:\\\/\\\/avrupatv.eu\\\/index.php\\\/2025\\\/01\\\/04\\\/memur-ve-emeklilere-refah-payi-nezaman-aciklanacak\\\/#breadcrumb\"},\"inLanguage\":\"tr\",\"potentialAction\":[{\"@type\":\"ReadAction\",\"target\":[\"https:\\\/\\\/avrupatv.eu\\\/index.php\\\/2025\\\/01\\\/04\\\/memur-ve-emeklilere-refah-payi-nezaman-aciklanacak\\\/\"]}]},{\"@type\":\"ImageObject\",\"inLanguage\":\"tr\",\"@id\":\"https:\\\/\\\/avrupatv.eu\\\/index.php\\\/2025\\\/01\\\/04\\\/memur-ve-emeklilere-refah-payi-nezaman-aciklanacak\\\/#primaryimage\",\"url\":\"https:\\\/\\\/avrupatv.eu\\\/wp-content\\\/uploads\\\/2025\\\/01\\\/erdursun-fopk_cover.png\",\"contentUrl\":\"https:\\\/\\\/avrupatv.eu\\\/wp-content\\\/uploads\\\/2025\\\/01\\\/erdursun-fopk_cover.png\",\"width\":1280,\"height\":720},{\"@type\":\"BreadcrumbList\",\"@id\":\"https:\\\/\\\/avrupatv.eu\\\/index.php\\\/2025\\\/01\\\/04\\\/memur-ve-emeklilere-refah-payi-nezaman-aciklanacak\\\/#breadcrumb\",\"itemListElement\":[{\"@type\":\"ListItem\",\"position\":1,\"name\":\"Anasayfa\",\"item\":\"https:\\\/\\\/avrupatv.eu\\\/\"},{\"@type\":\"ListItem\",\"position\":2,\"name\":\"Memur ve Emeklilere refah pay\u0131 nezaman a\u00e7\u0131klanacak?\"}]},{\"@type\":\"WebSite\",\"@id\":\"https:\\\/\\\/avrupatv.eu\\\/#website\",\"url\":\"https:\\\/\\\/avrupatv.eu\\\/\",\"name\":\"Avrupal\u0131 T\u00fcrklerin en Yeni Haber Portal\u0131\",\"description\":\"\",\"publisher\":{\"@id\":\"https:\\\/\\\/avrupatv.eu\\\/#organization\"},\"alternateName\":\"Avrupa tv\",\"potentialAction\":[{\"@type\":\"SearchAction\",\"target\":{\"@type\":\"EntryPoint\",\"urlTemplate\":\"https:\\\/\\\/avrupatv.eu\\\/?s={search_term_string}\"},\"query-input\":{\"@type\":\"PropertyValueSpecification\",\"valueRequired\":true,\"valueName\":\"search_term_string\"}}],\"inLanguage\":\"tr\"},{\"@type\":\"Organization\",\"@id\":\"https:\\\/\\\/avrupatv.eu\\\/#organization\",\"name\":\"Avrupa Haber\",\"url\":\"https:\\\/\\\/avrupatv.eu\\\/\",\"logo\":{\"@type\":\"ImageObject\",\"inLanguage\":\"tr\",\"@id\":\"https:\\\/\\\/avrupatv.eu\\\/#\\\/schema\\\/logo\\\/image\\\/\",\"url\":\"https:\\\/\\\/avrupatv.eu\\\/wp-content\\\/uploads\\\/2023\\\/10\\\/cropped-thumbnail_logo.png\",\"contentUrl\":\"https:\\\/\\\/avrupatv.eu\\\/wp-content\\\/uploads\\\/2023\\\/10\\\/cropped-thumbnail_logo.png\",\"width\":1025,\"height\":302,\"caption\":\"Avrupa Haber\"},\"image\":{\"@id\":\"https:\\\/\\\/avrupatv.eu\\\/#\\\/schema\\\/logo\\\/image\\\/\"}},{\"@type\":\"Person\",\"@id\":\"https:\\\/\\\/avrupatv.eu\\\/#\\\/schema\\\/person\\\/d56afa5d5569da4029d483da36c0c17d\",\"name\":\"Onur Akpinar\",\"image\":{\"@type\":\"ImageObject\",\"inLanguage\":\"tr\",\"@id\":\"https:\\\/\\\/secure.gravatar.com\\\/avatar\\\/67a1a0bdf34f82da209334e4684b7e7171a58a5a2b0a8f836b61044f5c1f5d6a?s=96&d=mm&r=g\",\"url\":\"https:\\\/\\\/secure.gravatar.com\\\/avatar\\\/67a1a0bdf34f82da209334e4684b7e7171a58a5a2b0a8f836b61044f5c1f5d6a?s=96&d=mm&r=g\",\"contentUrl\":\"https:\\\/\\\/secure.gravatar.com\\\/avatar\\\/67a1a0bdf34f82da209334e4684b7e7171a58a5a2b0a8f836b61044f5c1f5d6a?s=96&d=mm&r=g\",\"caption\":\"Onur Akpinar\"},\"url\":\"https:\\\/\\\/avrupatv.eu\\\/index.php\\\/author\\\/onur-akpinar\\\/\"}]}<\/script>\n<!-- \/ Yoast SEO plugin. -->","yoast_head_json":{"title":"Memur ve Emeklilere refah pay\u0131 nezaman a\u00e7\u0131klanacak? - Avrupal\u0131 T\u00fcrklerin en Yeni Haber Portal\u0131","robots":{"index":"index","follow":"follow","max-snippet":"max-snippet:-1","max-image-preview":"max-image-preview:large","max-video-preview":"max-video-preview:-1"},"canonical":"https:\/\/avrupatv.eu\/index.php\/2025\/01\/04\/memur-ve-emeklilere-refah-payi-nezaman-aciklanacak\/","og_locale":"tr_TR","og_type":"article","og_title":"Memur ve Emeklilere refah pay\u0131 nezaman a\u00e7\u0131klanacak? - Avrupal\u0131 T\u00fcrklerin en Yeni Haber Portal\u0131","og_description":"Memur maa\u015flar\u0131na yap\u0131lan son zamlar ve enflasyon oranlar\u0131, kamu \u00e7al\u0131\u015fanlar\u0131n\u0131n gelirlerinde ya\u015fanan kay\u0131plar\u0131 yeniden g\u00fcndeme getirdi. T\u00fcrkiye \u0130statistik Kurumu&#8217;nun (T\u00dc\u0130K) a\u00e7\u0131klad\u0131\u011f\u0131 verilere g\u00f6re 2024 y\u0131l\u0131 enflasyonu %44,38 olarak ger\u00e7ekle\u015firken, memur ve emekli maa\u015flar\u0131na %11,54 oran\u0131nda zam yap\u0131lmas\u0131 kararla\u015ft\u0131r\u0131ld\u0131. Ancak bu oranlar\u0131n yetersiz oldu\u011fu y\u00f6n\u00fcndeki tart\u0131\u015fmalar s\u00fcr\u00fcyor. Memur Sendikalar\u0131 Konfederasyonu (Memur-Sen) Genel Ba\u015fkan\u0131 Ali Yal\u00e7\u0131n, mevcut [&hellip;]","og_url":"https:\/\/avrupatv.eu\/index.php\/2025\/01\/04\/memur-ve-emeklilere-refah-payi-nezaman-aciklanacak\/","og_site_name":"Avrupal\u0131 T\u00fcrklerin en Yeni Haber Portal\u0131","article_published_time":"2025-01-04T20:38:18+00:00","og_image":[{"width":1280,"height":720,"url":"https:\/\/avrupatv.eu\/wp-content\/uploads\/2025\/01\/erdursun-fopk_cover.png","type":"image\/png"}],"author":"Onur Akpinar","twitter_card":"summary_large_image","twitter_misc":{"Yazan:":"Onur Akpinar","Tahmini okuma s\u00fcresi":"2 dakika"},"schema":{"@context":"https:\/\/schema.org","@graph":[{"@type":"Article","@id":"https:\/\/avrupatv.eu\/index.php\/2025\/01\/04\/memur-ve-emeklilere-refah-payi-nezaman-aciklanacak\/#article","isPartOf":{"@id":"https:\/\/avrupatv.eu\/index.php\/2025\/01\/04\/memur-ve-emeklilere-refah-payi-nezaman-aciklanacak\/"},"author":{"name":"Onur Akpinar","@id":"https:\/\/avrupatv.eu\/#\/schema\/person\/d56afa5d5569da4029d483da36c0c17d"},"headline":"Memur ve Emeklilere refah pay\u0131 nezaman a\u00e7\u0131klanacak?","datePublished":"2025-01-04T20:38:18+00:00","mainEntityOfPage":{"@id":"https:\/\/avrupatv.eu\/index.php\/2025\/01\/04\/memur-ve-emeklilere-refah-payi-nezaman-aciklanacak\/"},"wordCount":414,"commentCount":0,"publisher":{"@id":"https:\/\/avrupatv.eu\/#organization"},"image":{"@id":"https:\/\/avrupatv.eu\/index.php\/2025\/01\/04\/memur-ve-emeklilere-refah-payi-nezaman-aciklanacak\/#primaryimage"},"thumbnailUrl":"https:\/\/avrupatv.eu\/wp-content\/uploads\/2025\/01\/erdursun-fopk_cover.png","articleSection":["T\u00fcrkiye"],"inLanguage":"tr","potentialAction":[{"@type":"CommentAction","name":"Comment","target":["https:\/\/avrupatv.eu\/index.php\/2025\/01\/04\/memur-ve-emeklilere-refah-payi-nezaman-aciklanacak\/#respond"]}]},{"@type":"WebPage","@id":"https:\/\/avrupatv.eu\/index.php\/2025\/01\/04\/memur-ve-emeklilere-refah-payi-nezaman-aciklanacak\/","url":"https:\/\/avrupatv.eu\/index.php\/2025\/01\/04\/memur-ve-emeklilere-refah-payi-nezaman-aciklanacak\/","name":"Memur ve Emeklilere refah pay\u0131 nezaman a\u00e7\u0131klanacak? - Avrupal\u0131 T\u00fcrklerin en Yeni Haber Portal\u0131","isPartOf":{"@id":"https:\/\/avrupatv.eu\/#website"},"primaryImageOfPage":{"@id":"https:\/\/avrupatv.eu\/index.php\/2025\/01\/04\/memur-ve-emeklilere-refah-payi-nezaman-aciklanacak\/#primaryimage"},"image":{"@id":"https:\/\/avrupatv.eu\/index.php\/2025\/01\/04\/memur-ve-emeklilere-refah-payi-nezaman-aciklanacak\/#primaryimage"},"thumbnailUrl":"https:\/\/avrupatv.eu\/wp-content\/uploads\/2025\/01\/erdursun-fopk_cover.png","datePublished":"2025-01-04T20:38:18+00:00","breadcrumb":{"@id":"https:\/\/avrupatv.eu\/index.php\/2025\/01\/04\/memur-ve-emeklilere-refah-payi-nezaman-aciklanacak\/#breadcrumb"},"inLanguage":"tr","potentialAction":[{"@type":"ReadAction","target":["https:\/\/avrupatv.eu\/index.php\/2025\/01\/04\/memur-ve-emeklilere-refah-payi-nezaman-aciklanacak\/"]}]},{"@type":"ImageObject","inLanguage":"tr","@id":"https:\/\/avrupatv.eu\/index.php\/2025\/01\/04\/memur-ve-emeklilere-refah-payi-nezaman-aciklanacak\/#primaryimage","url":"https:\/\/avrupatv.eu\/wp-content\/uploads\/2025\/01\/erdursun-fopk_cover.png","contentUrl":"https:\/\/avrupatv.eu\/wp-content\/uploads\/2025\/01\/erdursun-fopk_cover.png","width":1280,"height":720},{"@type":"BreadcrumbList","@id":"https:\/\/avrupatv.eu\/index.php\/2025\/01\/04\/memur-ve-emeklilere-refah-payi-nezaman-aciklanacak\/#breadcrumb","itemListElement":[{"@type":"ListItem","position":1,"name":"Anasayfa","item":"https:\/\/avrupatv.eu\/"},{"@type":"ListItem","position":2,"name":"Memur ve Emeklilere refah pay\u0131 nezaman a\u00e7\u0131klanacak?"}]},{"@type":"WebSite","@id":"https:\/\/avrupatv.eu\/#website","url":"https:\/\/avrupatv.eu\/","name":"Avrupal\u0131 T\u00fcrklerin en Yeni Haber Portal\u0131","description":"","publisher":{"@id":"https:\/\/avrupatv.eu\/#organization"},"alternateName":"Avrupa tv","potentialAction":[{"@type":"SearchAction","target":{"@type":"EntryPoint","urlTemplate":"https:\/\/avrupatv.eu\/?s={search_term_string}"},"query-input":{"@type":"PropertyValueSpecification","valueRequired":true,"valueName":"search_term_string"}}],"inLanguage":"tr"},{"@type":"Organization","@id":"https:\/\/avrupatv.eu\/#organization","name":"Avrupa Haber","url":"https:\/\/avrupatv.eu\/","logo":{"@type":"ImageObject","inLanguage":"tr","@id":"https:\/\/avrupatv.eu\/#\/schema\/logo\/image\/","url":"https:\/\/avrupatv.eu\/wp-content\/uploads\/2023\/10\/cropped-thumbnail_logo.png","contentUrl":"https:\/\/avrupatv.eu\/wp-content\/uploads\/2023\/10\/cropped-thumbnail_logo.png","width":1025,"height":302,"caption":"Avrupa Haber"},"image":{"@id":"https:\/\/avrupatv.eu\/#\/schema\/logo\/image\/"}},{"@type":"Person","@id":"https:\/\/avrupatv.eu\/#\/schema\/person\/d56afa5d5569da4029d483da36c0c17d","name":"Onur Akpinar","image":{"@type":"ImageObject","inLanguage":"tr","@id":"https:\/\/secure.gravatar.com\/avatar\/67a1a0bdf34f82da209334e4684b7e7171a58a5a2b0a8f836b61044f5c1f5d6a?s=96&d=mm&r=g","url":"https:\/\/secure.gravatar.com\/avatar\/67a1a0bdf34f82da209334e4684b7e7171a58a5a2b0a8f836b61044f5c1f5d6a?s=96&d=mm&r=g","contentUrl":"https:\/\/secure.gravatar.com\/avatar\/67a1a0bdf34f82da209334e4684b7e7171a58a5a2b0a8f836b61044f5c1f5d6a?s=96&d=mm&r=g","caption":"Onur Akpinar"},"url":"https:\/\/avrupatv.eu\/index.php\/author\/onur-akpinar\/"}]}},"_links":{"self":[{"href":"https:\/\/avrupatv.eu\/index.php\/wp-json\/wp\/v2\/posts\/980","targetHints":{"allow":["GET"]}}],"collection":[{"href":"https:\/\/avrupatv.eu\/index.php\/wp-json\/wp\/v2\/posts"}],"about":[{"href":"https:\/\/avrupatv.eu\/index.php\/wp-json\/wp\/v2\/types\/post"}],"author":[{"embeddable":true,"href":"https:\/\/avrupatv.eu\/index.php\/wp-json\/wp\/v2\/users\/2"}],"replies":[{"embeddable":true,"href":"https:\/\/avrupatv.eu\/index.php\/wp-json\/wp\/v2\/comments?post=980"}],"version-history":[{"count":1,"href":"https:\/\/avrupatv.eu\/index.php\/wp-json\/wp\/v2\/posts\/980\/revisions"}],"predecessor-version":[{"id":982,"href":"https:\/\/avrupatv.eu\/index.php\/wp-json\/wp\/v2\/posts\/980\/revisions\/982"}],"wp:featuredmedia":[{"embeddable":true,"href":"https:\/\/avrupatv.eu\/index.php\/wp-json\/wp\/v2\/media\/981"}],"wp:attachment":[{"href":"https:\/\/avrupatv.eu\/index.php\/wp-json\/wp\/v2\/media?parent=980"}],"wp:term":[{"taxonomy":"category","embeddable":true,"href":"https:\/\/avrupatv.eu\/index.php\/wp-json\/wp\/v2\/categories?post=980"},{"taxonomy":"post_tag","embeddable":true,"href":"https:\/\/avrupatv.eu\/index.php\/wp-json\/wp\/v2\/tags?post=980"}],"curies":[{"name":"wp","href":"https:\/\/api.w.org\/{rel}","templated":true}]}}