{"id":977,"date":"2025-01-04T15:42:28","date_gmt":"2025-01-04T15:42:28","guid":{"rendered":"https:\/\/avrupatv.eu\/?p=977"},"modified":"2025-01-04T15:42:28","modified_gmt":"2025-01-04T15:42:28","slug":"ferdi-tayfurun-cenazesinde-gerginlik-necla-nazirdan-sert-aciklama","status":"publish","type":"post","link":"https:\/\/avrupatv.eu\/index.php\/2025\/01\/04\/ferdi-tayfurun-cenazesinde-gerginlik-necla-nazirdan-sert-aciklama\/","title":{"rendered":"Ferdi Tayfur\u2019un Cenazesinde Gerginlik: Necla Naz\u0131r\u2019dan Sert A\u00e7\u0131klama"},"content":{"rendered":"\n<p>\u00dcnl\u00fc sanat\u00e7\u0131 Ferdi Tayfur\u2019un bug\u00fcn d\u00fczenlenen cenaze t\u00f6reninde ya\u015fanan gerginlik, eski e\u015fi Necla Naz\u0131r\u2019\u0131 zor durumda b\u0131rakt\u0131. Baz\u0131 ki\u015filerin t\u00f6ren s\u0131ras\u0131nda tepki g\u00f6stermesi nedeniyle duydu\u011fu \u00fcz\u00fcnt\u00fcy\u00fc dile getiren Naz\u0131r, cenaze sonras\u0131 bas\u0131na \u00f6nemli a\u00e7\u0131klamalarda bulundu.<\/p>\n\n\n\n<p><strong>\u201cYa\u015fad\u0131\u011f\u0131m\u0131z \u015eeyin \u0130\u00e7 Y\u00fcz\u00fcn\u00fc Kimse Bilmiyor\u201d<\/strong><br>Naz\u0131r, cenazede kendisine ve k\u0131z\u0131 Tu\u011f\u00e7e Tayfur\u2019a y\u00f6nelik tepkiler hakk\u0131nda konu\u015farak \u015funlar\u0131 s\u00f6yledi:<br><em>&#8220;Cenazede bunu yapt\u0131lar, biz hastaneye nas\u0131l gidelim? \u0130nsanlar ya\u015fad\u0131\u011f\u0131m\u0131z \u015feyin i\u00e7 y\u00fcz\u00fcn\u00fc bilmiyorlar, ezbere konu\u015fuluyor. Ben art\u0131k i\u00e7i \u00e7\u00fcr\u00fcm\u00fc\u015f insanlarla nas\u0131l u\u011fra\u015fay\u0131m?&#8221;<\/em><\/p>\n\n\n\n<p>Naz\u0131r ayr\u0131ca, bu t\u00fcr olaylar\u0131n hem kendisini hem de ailesini derinden etkiledi\u011fini belirtti ve kamuoyunu daha sa\u011fduyulu olmaya davet etti.<\/p>\n\n\n\n<p><strong>Hastanede de Gerginlik Ya\u015fanacakt\u0131<\/strong><br>Necla Naz\u0131r, a\u00e7\u0131klamas\u0131nda t\u00f6ren \u00f6ncesinde ya\u015fad\u0131klar\u0131 sorunlara da dikkat \u00e7ekti. <em>\u201cHastanede de olay \u00e7\u0131karacaklard\u0131. Bu y\u00fczden hastaneye gitmekten \u00e7ekindik. \u0130nsanlar\u0131n \u00f6nyarg\u0131lar\u0131 bizi \u00e7ok \u00fcz\u00fcyor\u201d<\/em> dedi.<\/p>\n\n\n\n<p><strong>Aile \u0130\u00e7i Tart\u0131\u015fmalar G\u00fcndemde<\/strong><br>Ferdi Tayfur\u2019un cenazesi s\u0131ras\u0131nda ya\u015fanan bu olaylar, aile i\u00e7indeki ili\u015fkiler ve ge\u00e7mi\u015fteki sorunlar hakk\u0131nda yeniden tart\u0131\u015fmalara yol a\u00e7t\u0131. \u00d6zellikle Tu\u011f\u00e7e Tayfur ile babas\u0131 aras\u0131ndaki sorunlar\u0131n bas\u0131na yans\u0131mas\u0131n\u0131n ard\u0131ndan, cenazede ya\u015fanan gerginlik daha fazla dikkat \u00e7ekti.<\/p>\n","protected":false},"excerpt":{"rendered":"<p>\u00dcnl\u00fc sanat\u00e7\u0131 Ferdi Tayfur\u2019un bug\u00fcn d\u00fczenlenen cenaze t\u00f6reninde ya\u015fanan gerginlik, eski e\u015fi Necla Naz\u0131r\u2019\u0131 zor durumda b\u0131rakt\u0131. Baz\u0131 ki\u015filerin t\u00f6ren s\u0131ras\u0131nda tepki g\u00f6stermesi nedeniyle duydu\u011fu \u00fcz\u00fcnt\u00fcy\u00fc dile getiren Naz\u0131r, cenaze sonras\u0131 bas\u0131na \u00f6nemli a\u00e7\u0131klamalarda bulundu. \u201cYa\u015fad\u0131\u011f\u0131m\u0131z \u015eeyin \u0130\u00e7 Y\u00fcz\u00fcn\u00fc Kimse Bilmiyor\u201dNaz\u0131r, cenazede kendisine ve k\u0131z\u0131 Tu\u011f\u00e7e Tayfur\u2019a y\u00f6nelik tepkiler hakk\u0131nda konu\u015farak \u015funlar\u0131 s\u00f6yledi:&#8220;Cenazede bunu yapt\u0131lar, [&hellip;]<\/p>\n","protected":false},"author":2,"featured_media":978,"comment_status":"open","ping_status":"open","sticky":false,"template":"","format":"standard","meta":{"footnotes":""},"categories":[11],"tags":[],"class_list":["post-977","post","type-post","status-publish","format-standard","has-post-thumbnail","hentry","category-turkiye"],"yoast_head":"<!-- This site is optimized with the Yoast SEO plugin v27.4 - https:\/\/yoast.com\/product\/yoast-seo-wordpress\/ -->\n<title>Ferdi Tayfur\u2019un Cenazesinde Gerginlik: Necla Naz\u0131r\u2019dan Sert A\u00e7\u0131klama - Avrupal\u0131 T\u00fcrklerin en Yeni Haber Portal\u0131<\/title>\n<meta name=\"robots\" content=\"index, follow, max-snippet:-1, max-image-preview:large, max-video-preview:-1\" \/>\n<link rel=\"canonical\" href=\"https:\/\/avrupatv.eu\/index.php\/2025\/01\/04\/ferdi-tayfurun-cenazesinde-gerginlik-necla-nazirdan-sert-aciklama\/\" \/>\n<meta property=\"og:locale\" content=\"tr_TR\" \/>\n<meta property=\"og:type\" content=\"article\" \/>\n<meta property=\"og:title\" content=\"Ferdi Tayfur\u2019un Cenazesinde Gerginlik: Necla Naz\u0131r\u2019dan Sert A\u00e7\u0131klama - Avrupal\u0131 T\u00fcrklerin en Yeni Haber Portal\u0131\" \/>\n<meta property=\"og:description\" content=\"\u00dcnl\u00fc sanat\u00e7\u0131 Ferdi Tayfur\u2019un bug\u00fcn d\u00fczenlenen cenaze t\u00f6reninde ya\u015fanan gerginlik, eski e\u015fi Necla Naz\u0131r\u2019\u0131 zor durumda b\u0131rakt\u0131. Baz\u0131 ki\u015filerin t\u00f6ren s\u0131ras\u0131nda tepki g\u00f6stermesi nedeniyle duydu\u011fu \u00fcz\u00fcnt\u00fcy\u00fc dile getiren Naz\u0131r, cenaze sonras\u0131 bas\u0131na \u00f6nemli a\u00e7\u0131klamalarda bulundu. \u201cYa\u015fad\u0131\u011f\u0131m\u0131z \u015eeyin \u0130\u00e7 Y\u00fcz\u00fcn\u00fc Kimse Bilmiyor\u201dNaz\u0131r, cenazede kendisine ve k\u0131z\u0131 Tu\u011f\u00e7e Tayfur\u2019a y\u00f6nelik tepkiler hakk\u0131nda konu\u015farak \u015funlar\u0131 s\u00f6yledi:&#8220;Cenazede bunu yapt\u0131lar, [&hellip;]\" \/>\n<meta property=\"og:url\" content=\"https:\/\/avrupatv.eu\/index.php\/2025\/01\/04\/ferdi-tayfurun-cenazesinde-gerginlik-necla-nazirdan-sert-aciklama\/\" \/>\n<meta property=\"og:site_name\" content=\"Avrupal\u0131 T\u00fcrklerin en Yeni Haber Portal\u0131\" \/>\n<meta property=\"article:published_time\" content=\"2025-01-04T15:42:28+00:00\" \/>\n<meta property=\"og:image\" content=\"https:\/\/avrupatv.eu\/wp-content\/uploads\/2025\/01\/C1gwVfblN0S77uTgJi8SGw.webp\" \/>\n\t<meta property=\"og:image:width\" content=\"952\" \/>\n\t<meta property=\"og:image:height\" content=\"540\" \/>\n\t<meta property=\"og:image:type\" content=\"image\/webp\" \/>\n<meta name=\"author\" content=\"Onur Akpinar\" \/>\n<meta name=\"twitter:card\" content=\"summary_large_image\" \/>\n<meta name=\"twitter:label1\" content=\"Yazan:\" \/>\n\t<meta name=\"twitter:data1\" content=\"Onur Akpinar\" \/>\n\t<meta name=\"twitter:label2\" content=\"Tahmini okuma s\u00fcresi\" \/>\n\t<meta name=\"twitter:data2\" content=\"2 dakika\" \/>\n<script type=\"application\/ld+json\" class=\"yoast-schema-graph\">{\"@context\":\"https:\\\/\\\/schema.org\",\"@graph\":[{\"@type\":\"Article\",\"@id\":\"https:\\\/\\\/avrupatv.eu\\\/index.php\\\/2025\\\/01\\\/04\\\/ferdi-tayfurun-cenazesinde-gerginlik-necla-nazirdan-sert-aciklama\\\/#article\",\"isPartOf\":{\"@id\":\"https:\\\/\\\/avrupatv.eu\\\/index.php\\\/2025\\\/01\\\/04\\\/ferdi-tayfurun-cenazesinde-gerginlik-necla-nazirdan-sert-aciklama\\\/\"},\"author\":{\"name\":\"Onur Akpinar\",\"@id\":\"https:\\\/\\\/avrupatv.eu\\\/#\\\/schema\\\/person\\\/d56afa5d5569da4029d483da36c0c17d\"},\"headline\":\"Ferdi Tayfur\u2019un Cenazesinde Gerginlik: Necla Naz\u0131r\u2019dan Sert A\u00e7\u0131klama\",\"datePublished\":\"2025-01-04T15:42:28+00:00\",\"mainEntityOfPage\":{\"@id\":\"https:\\\/\\\/avrupatv.eu\\\/index.php\\\/2025\\\/01\\\/04\\\/ferdi-tayfurun-cenazesinde-gerginlik-necla-nazirdan-sert-aciklama\\\/\"},\"wordCount\":261,\"commentCount\":0,\"publisher\":{\"@id\":\"https:\\\/\\\/avrupatv.eu\\\/#organization\"},\"image\":{\"@id\":\"https:\\\/\\\/avrupatv.eu\\\/index.php\\\/2025\\\/01\\\/04\\\/ferdi-tayfurun-cenazesinde-gerginlik-necla-nazirdan-sert-aciklama\\\/#primaryimage\"},\"thumbnailUrl\":\"https:\\\/\\\/avrupatv.eu\\\/wp-content\\\/uploads\\\/2025\\\/01\\\/C1gwVfblN0S77uTgJi8SGw.webp\",\"articleSection\":[\"T\u00fcrkiye\"],\"inLanguage\":\"tr\",\"potentialAction\":[{\"@type\":\"CommentAction\",\"name\":\"Comment\",\"target\":[\"https:\\\/\\\/avrupatv.eu\\\/index.php\\\/2025\\\/01\\\/04\\\/ferdi-tayfurun-cenazesinde-gerginlik-necla-nazirdan-sert-aciklama\\\/#respond\"]}]},{\"@type\":\"WebPage\",\"@id\":\"https:\\\/\\\/avrupatv.eu\\\/index.php\\\/2025\\\/01\\\/04\\\/ferdi-tayfurun-cenazesinde-gerginlik-necla-nazirdan-sert-aciklama\\\/\",\"url\":\"https:\\\/\\\/avrupatv.eu\\\/index.php\\\/2025\\\/01\\\/04\\\/ferdi-tayfurun-cenazesinde-gerginlik-necla-nazirdan-sert-aciklama\\\/\",\"name\":\"Ferdi Tayfur\u2019un Cenazesinde Gerginlik: Necla Naz\u0131r\u2019dan Sert A\u00e7\u0131klama - Avrupal\u0131 T\u00fcrklerin en Yeni Haber Portal\u0131\",\"isPartOf\":{\"@id\":\"https:\\\/\\\/avrupatv.eu\\\/#website\"},\"primaryImageOfPage\":{\"@id\":\"https:\\\/\\\/avrupatv.eu\\\/index.php\\\/2025\\\/01\\\/04\\\/ferdi-tayfurun-cenazesinde-gerginlik-necla-nazirdan-sert-aciklama\\\/#primaryimage\"},\"image\":{\"@id\":\"https:\\\/\\\/avrupatv.eu\\\/index.php\\\/2025\\\/01\\\/04\\\/ferdi-tayfurun-cenazesinde-gerginlik-necla-nazirdan-sert-aciklama\\\/#primaryimage\"},\"thumbnailUrl\":\"https:\\\/\\\/avrupatv.eu\\\/wp-content\\\/uploads\\\/2025\\\/01\\\/C1gwVfblN0S77uTgJi8SGw.webp\",\"datePublished\":\"2025-01-04T15:42:28+00:00\",\"breadcrumb\":{\"@id\":\"https:\\\/\\\/avrupatv.eu\\\/index.php\\\/2025\\\/01\\\/04\\\/ferdi-tayfurun-cenazesinde-gerginlik-necla-nazirdan-sert-aciklama\\\/#breadcrumb\"},\"inLanguage\":\"tr\",\"potentialAction\":[{\"@type\":\"ReadAction\",\"target\":[\"https:\\\/\\\/avrupatv.eu\\\/index.php\\\/2025\\\/01\\\/04\\\/ferdi-tayfurun-cenazesinde-gerginlik-necla-nazirdan-sert-aciklama\\\/\"]}]},{\"@type\":\"ImageObject\",\"inLanguage\":\"tr\",\"@id\":\"https:\\\/\\\/avrupatv.eu\\\/index.php\\\/2025\\\/01\\\/04\\\/ferdi-tayfurun-cenazesinde-gerginlik-necla-nazirdan-sert-aciklama\\\/#primaryimage\",\"url\":\"https:\\\/\\\/avrupatv.eu\\\/wp-content\\\/uploads\\\/2025\\\/01\\\/C1gwVfblN0S77uTgJi8SGw.webp\",\"contentUrl\":\"https:\\\/\\\/avrupatv.eu\\\/wp-content\\\/uploads\\\/2025\\\/01\\\/C1gwVfblN0S77uTgJi8SGw.webp\",\"width\":952,\"height\":540},{\"@type\":\"BreadcrumbList\",\"@id\":\"https:\\\/\\\/avrupatv.eu\\\/index.php\\\/2025\\\/01\\\/04\\\/ferdi-tayfurun-cenazesinde-gerginlik-necla-nazirdan-sert-aciklama\\\/#breadcrumb\",\"itemListElement\":[{\"@type\":\"ListItem\",\"position\":1,\"name\":\"Anasayfa\",\"item\":\"https:\\\/\\\/avrupatv.eu\\\/\"},{\"@type\":\"ListItem\",\"position\":2,\"name\":\"Ferdi Tayfur\u2019un Cenazesinde Gerginlik: Necla Naz\u0131r\u2019dan Sert A\u00e7\u0131klama\"}]},{\"@type\":\"WebSite\",\"@id\":\"https:\\\/\\\/avrupatv.eu\\\/#website\",\"url\":\"https:\\\/\\\/avrupatv.eu\\\/\",\"name\":\"Avrupal\u0131 T\u00fcrklerin en Yeni Haber Portal\u0131\",\"description\":\"\",\"publisher\":{\"@id\":\"https:\\\/\\\/avrupatv.eu\\\/#organization\"},\"alternateName\":\"Avrupa tv\",\"potentialAction\":[{\"@type\":\"SearchAction\",\"target\":{\"@type\":\"EntryPoint\",\"urlTemplate\":\"https:\\\/\\\/avrupatv.eu\\\/?s={search_term_string}\"},\"query-input\":{\"@type\":\"PropertyValueSpecification\",\"valueRequired\":true,\"valueName\":\"search_term_string\"}}],\"inLanguage\":\"tr\"},{\"@type\":\"Organization\",\"@id\":\"https:\\\/\\\/avrupatv.eu\\\/#organization\",\"name\":\"Avrupa Haber\",\"url\":\"https:\\\/\\\/avrupatv.eu\\\/\",\"logo\":{\"@type\":\"ImageObject\",\"inLanguage\":\"tr\",\"@id\":\"https:\\\/\\\/avrupatv.eu\\\/#\\\/schema\\\/logo\\\/image\\\/\",\"url\":\"https:\\\/\\\/avrupatv.eu\\\/wp-content\\\/uploads\\\/2023\\\/10\\\/cropped-thumbnail_logo.png\",\"contentUrl\":\"https:\\\/\\\/avrupatv.eu\\\/wp-content\\\/uploads\\\/2023\\\/10\\\/cropped-thumbnail_logo.png\",\"width\":1025,\"height\":302,\"caption\":\"Avrupa Haber\"},\"image\":{\"@id\":\"https:\\\/\\\/avrupatv.eu\\\/#\\\/schema\\\/logo\\\/image\\\/\"}},{\"@type\":\"Person\",\"@id\":\"https:\\\/\\\/avrupatv.eu\\\/#\\\/schema\\\/person\\\/d56afa5d5569da4029d483da36c0c17d\",\"name\":\"Onur Akpinar\",\"image\":{\"@type\":\"ImageObject\",\"inLanguage\":\"tr\",\"@id\":\"https:\\\/\\\/secure.gravatar.com\\\/avatar\\\/67a1a0bdf34f82da209334e4684b7e7171a58a5a2b0a8f836b61044f5c1f5d6a?s=96&d=mm&r=g\",\"url\":\"https:\\\/\\\/secure.gravatar.com\\\/avatar\\\/67a1a0bdf34f82da209334e4684b7e7171a58a5a2b0a8f836b61044f5c1f5d6a?s=96&d=mm&r=g\",\"contentUrl\":\"https:\\\/\\\/secure.gravatar.com\\\/avatar\\\/67a1a0bdf34f82da209334e4684b7e7171a58a5a2b0a8f836b61044f5c1f5d6a?s=96&d=mm&r=g\",\"caption\":\"Onur Akpinar\"},\"url\":\"https:\\\/\\\/avrupatv.eu\\\/index.php\\\/author\\\/onur-akpinar\\\/\"}]}<\/script>\n<!-- \/ Yoast SEO plugin. -->","yoast_head_json":{"title":"Ferdi Tayfur\u2019un Cenazesinde Gerginlik: Necla Naz\u0131r\u2019dan Sert A\u00e7\u0131klama - Avrupal\u0131 T\u00fcrklerin en Yeni Haber Portal\u0131","robots":{"index":"index","follow":"follow","max-snippet":"max-snippet:-1","max-image-preview":"max-image-preview:large","max-video-preview":"max-video-preview:-1"},"canonical":"https:\/\/avrupatv.eu\/index.php\/2025\/01\/04\/ferdi-tayfurun-cenazesinde-gerginlik-necla-nazirdan-sert-aciklama\/","og_locale":"tr_TR","og_type":"article","og_title":"Ferdi Tayfur\u2019un Cenazesinde Gerginlik: Necla Naz\u0131r\u2019dan Sert A\u00e7\u0131klama - Avrupal\u0131 T\u00fcrklerin en Yeni Haber Portal\u0131","og_description":"\u00dcnl\u00fc sanat\u00e7\u0131 Ferdi Tayfur\u2019un bug\u00fcn d\u00fczenlenen cenaze t\u00f6reninde ya\u015fanan gerginlik, eski e\u015fi Necla Naz\u0131r\u2019\u0131 zor durumda b\u0131rakt\u0131. Baz\u0131 ki\u015filerin t\u00f6ren s\u0131ras\u0131nda tepki g\u00f6stermesi nedeniyle duydu\u011fu \u00fcz\u00fcnt\u00fcy\u00fc dile getiren Naz\u0131r, cenaze sonras\u0131 bas\u0131na \u00f6nemli a\u00e7\u0131klamalarda bulundu. \u201cYa\u015fad\u0131\u011f\u0131m\u0131z \u015eeyin \u0130\u00e7 Y\u00fcz\u00fcn\u00fc Kimse Bilmiyor\u201dNaz\u0131r, cenazede kendisine ve k\u0131z\u0131 Tu\u011f\u00e7e Tayfur\u2019a y\u00f6nelik tepkiler hakk\u0131nda konu\u015farak \u015funlar\u0131 s\u00f6yledi:&#8220;Cenazede bunu yapt\u0131lar, [&hellip;]","og_url":"https:\/\/avrupatv.eu\/index.php\/2025\/01\/04\/ferdi-tayfurun-cenazesinde-gerginlik-necla-nazirdan-sert-aciklama\/","og_site_name":"Avrupal\u0131 T\u00fcrklerin en Yeni Haber Portal\u0131","article_published_time":"2025-01-04T15:42:28+00:00","og_image":[{"width":952,"height":540,"url":"https:\/\/avrupatv.eu\/wp-content\/uploads\/2025\/01\/C1gwVfblN0S77uTgJi8SGw.webp","type":"image\/webp"}],"author":"Onur Akpinar","twitter_card":"summary_large_image","twitter_misc":{"Yazan:":"Onur Akpinar","Tahmini okuma s\u00fcresi":"2 dakika"},"schema":{"@context":"https:\/\/schema.org","@graph":[{"@type":"Article","@id":"https:\/\/avrupatv.eu\/index.php\/2025\/01\/04\/ferdi-tayfurun-cenazesinde-gerginlik-necla-nazirdan-sert-aciklama\/#article","isPartOf":{"@id":"https:\/\/avrupatv.eu\/index.php\/2025\/01\/04\/ferdi-tayfurun-cenazesinde-gerginlik-necla-nazirdan-sert-aciklama\/"},"author":{"name":"Onur Akpinar","@id":"https:\/\/avrupatv.eu\/#\/schema\/person\/d56afa5d5569da4029d483da36c0c17d"},"headline":"Ferdi Tayfur\u2019un Cenazesinde Gerginlik: Necla Naz\u0131r\u2019dan Sert A\u00e7\u0131klama","datePublished":"2025-01-04T15:42:28+00:00","mainEntityOfPage":{"@id":"https:\/\/avrupatv.eu\/index.php\/2025\/01\/04\/ferdi-tayfurun-cenazesinde-gerginlik-necla-nazirdan-sert-aciklama\/"},"wordCount":261,"commentCount":0,"publisher":{"@id":"https:\/\/avrupatv.eu\/#organization"},"image":{"@id":"https:\/\/avrupatv.eu\/index.php\/2025\/01\/04\/ferdi-tayfurun-cenazesinde-gerginlik-necla-nazirdan-sert-aciklama\/#primaryimage"},"thumbnailUrl":"https:\/\/avrupatv.eu\/wp-content\/uploads\/2025\/01\/C1gwVfblN0S77uTgJi8SGw.webp","articleSection":["T\u00fcrkiye"],"inLanguage":"tr","potentialAction":[{"@type":"CommentAction","name":"Comment","target":["https:\/\/avrupatv.eu\/index.php\/2025\/01\/04\/ferdi-tayfurun-cenazesinde-gerginlik-necla-nazirdan-sert-aciklama\/#respond"]}]},{"@type":"WebPage","@id":"https:\/\/avrupatv.eu\/index.php\/2025\/01\/04\/ferdi-tayfurun-cenazesinde-gerginlik-necla-nazirdan-sert-aciklama\/","url":"https:\/\/avrupatv.eu\/index.php\/2025\/01\/04\/ferdi-tayfurun-cenazesinde-gerginlik-necla-nazirdan-sert-aciklama\/","name":"Ferdi Tayfur\u2019un Cenazesinde Gerginlik: Necla Naz\u0131r\u2019dan Sert A\u00e7\u0131klama - Avrupal\u0131 T\u00fcrklerin en Yeni Haber Portal\u0131","isPartOf":{"@id":"https:\/\/avrupatv.eu\/#website"},"primaryImageOfPage":{"@id":"https:\/\/avrupatv.eu\/index.php\/2025\/01\/04\/ferdi-tayfurun-cenazesinde-gerginlik-necla-nazirdan-sert-aciklama\/#primaryimage"},"image":{"@id":"https:\/\/avrupatv.eu\/index.php\/2025\/01\/04\/ferdi-tayfurun-cenazesinde-gerginlik-necla-nazirdan-sert-aciklama\/#primaryimage"},"thumbnailUrl":"https:\/\/avrupatv.eu\/wp-content\/uploads\/2025\/01\/C1gwVfblN0S77uTgJi8SGw.webp","datePublished":"2025-01-04T15:42:28+00:00","breadcrumb":{"@id":"https:\/\/avrupatv.eu\/index.php\/2025\/01\/04\/ferdi-tayfurun-cenazesinde-gerginlik-necla-nazirdan-sert-aciklama\/#breadcrumb"},"inLanguage":"tr","potentialAction":[{"@type":"ReadAction","target":["https:\/\/avrupatv.eu\/index.php\/2025\/01\/04\/ferdi-tayfurun-cenazesinde-gerginlik-necla-nazirdan-sert-aciklama\/"]}]},{"@type":"ImageObject","inLanguage":"tr","@id":"https:\/\/avrupatv.eu\/index.php\/2025\/01\/04\/ferdi-tayfurun-cenazesinde-gerginlik-necla-nazirdan-sert-aciklama\/#primaryimage","url":"https:\/\/avrupatv.eu\/wp-content\/uploads\/2025\/01\/C1gwVfblN0S77uTgJi8SGw.webp","contentUrl":"https:\/\/avrupatv.eu\/wp-content\/uploads\/2025\/01\/C1gwVfblN0S77uTgJi8SGw.webp","width":952,"height":540},{"@type":"BreadcrumbList","@id":"https:\/\/avrupatv.eu\/index.php\/2025\/01\/04\/ferdi-tayfurun-cenazesinde-gerginlik-necla-nazirdan-sert-aciklama\/#breadcrumb","itemListElement":[{"@type":"ListItem","position":1,"name":"Anasayfa","item":"https:\/\/avrupatv.eu\/"},{"@type":"ListItem","position":2,"name":"Ferdi Tayfur\u2019un Cenazesinde Gerginlik: Necla Naz\u0131r\u2019dan Sert A\u00e7\u0131klama"}]},{"@type":"WebSite","@id":"https:\/\/avrupatv.eu\/#website","url":"https:\/\/avrupatv.eu\/","name":"Avrupal\u0131 T\u00fcrklerin en Yeni Haber Portal\u0131","description":"","publisher":{"@id":"https:\/\/avrupatv.eu\/#organization"},"alternateName":"Avrupa tv","potentialAction":[{"@type":"SearchAction","target":{"@type":"EntryPoint","urlTemplate":"https:\/\/avrupatv.eu\/?s={search_term_string}"},"query-input":{"@type":"PropertyValueSpecification","valueRequired":true,"valueName":"search_term_string"}}],"inLanguage":"tr"},{"@type":"Organization","@id":"https:\/\/avrupatv.eu\/#organization","name":"Avrupa Haber","url":"https:\/\/avrupatv.eu\/","logo":{"@type":"ImageObject","inLanguage":"tr","@id":"https:\/\/avrupatv.eu\/#\/schema\/logo\/image\/","url":"https:\/\/avrupatv.eu\/wp-content\/uploads\/2023\/10\/cropped-thumbnail_logo.png","contentUrl":"https:\/\/avrupatv.eu\/wp-content\/uploads\/2023\/10\/cropped-thumbnail_logo.png","width":1025,"height":302,"caption":"Avrupa Haber"},"image":{"@id":"https:\/\/avrupatv.eu\/#\/schema\/logo\/image\/"}},{"@type":"Person","@id":"https:\/\/avrupatv.eu\/#\/schema\/person\/d56afa5d5569da4029d483da36c0c17d","name":"Onur Akpinar","image":{"@type":"ImageObject","inLanguage":"tr","@id":"https:\/\/secure.gravatar.com\/avatar\/67a1a0bdf34f82da209334e4684b7e7171a58a5a2b0a8f836b61044f5c1f5d6a?s=96&d=mm&r=g","url":"https:\/\/secure.gravatar.com\/avatar\/67a1a0bdf34f82da209334e4684b7e7171a58a5a2b0a8f836b61044f5c1f5d6a?s=96&d=mm&r=g","contentUrl":"https:\/\/secure.gravatar.com\/avatar\/67a1a0bdf34f82da209334e4684b7e7171a58a5a2b0a8f836b61044f5c1f5d6a?s=96&d=mm&r=g","caption":"Onur Akpinar"},"url":"https:\/\/avrupatv.eu\/index.php\/author\/onur-akpinar\/"}]}},"_links":{"self":[{"href":"https:\/\/avrupatv.eu\/index.php\/wp-json\/wp\/v2\/posts\/977","targetHints":{"allow":["GET"]}}],"collection":[{"href":"https:\/\/avrupatv.eu\/index.php\/wp-json\/wp\/v2\/posts"}],"about":[{"href":"https:\/\/avrupatv.eu\/index.php\/wp-json\/wp\/v2\/types\/post"}],"author":[{"embeddable":true,"href":"https:\/\/avrupatv.eu\/index.php\/wp-json\/wp\/v2\/users\/2"}],"replies":[{"embeddable":true,"href":"https:\/\/avrupatv.eu\/index.php\/wp-json\/wp\/v2\/comments?post=977"}],"version-history":[{"count":1,"href":"https:\/\/avrupatv.eu\/index.php\/wp-json\/wp\/v2\/posts\/977\/revisions"}],"predecessor-version":[{"id":979,"href":"https:\/\/avrupatv.eu\/index.php\/wp-json\/wp\/v2\/posts\/977\/revisions\/979"}],"wp:featuredmedia":[{"embeddable":true,"href":"https:\/\/avrupatv.eu\/index.php\/wp-json\/wp\/v2\/media\/978"}],"wp:attachment":[{"href":"https:\/\/avrupatv.eu\/index.php\/wp-json\/wp\/v2\/media?parent=977"}],"wp:term":[{"taxonomy":"category","embeddable":true,"href":"https:\/\/avrupatv.eu\/index.php\/wp-json\/wp\/v2\/categories?post=977"},{"taxonomy":"post_tag","embeddable":true,"href":"https:\/\/avrupatv.eu\/index.php\/wp-json\/wp\/v2\/tags?post=977"}],"curies":[{"name":"wp","href":"https:\/\/api.w.org\/{rel}","templated":true}]}}