{"id":974,"date":"2025-01-04T13:36:53","date_gmt":"2025-01-04T13:36:53","guid":{"rendered":"https:\/\/avrupatv.eu\/?p=974"},"modified":"2025-01-04T13:36:53","modified_gmt":"2025-01-04T13:36:53","slug":"ferdi-tayfurun-cenazesinde-ortalik-karisti-kavgalarbayilanlar","status":"publish","type":"post","link":"https:\/\/avrupatv.eu\/index.php\/2025\/01\/04\/ferdi-tayfurun-cenazesinde-ortalik-karisti-kavgalarbayilanlar\/","title":{"rendered":"Ferdi Tayfur&#8217;un cenazesinde ortal\u0131k kar\u0131\u015ft\u0131. Kavgalar,bay\u0131lanlar.."},"content":{"rendered":"\n<p>Ferdi Tayfur\u2019un Cenazesinde Duygusal ve Gergin Anlar Ya\u015fand\u0131<\/p>\n\n\n\n<p>T\u00fcrk m\u00fczi\u011finin efsane isimlerinden Ferdi Tayfur\u2019un bug\u00fcn \u0130stanbul\u2019da d\u00fczenlenen cenaze t\u00f6reni, hem duygusal hem de gergin anlara sahne oldu. Sevenlerinin yo\u011fun kat\u0131l\u0131m g\u00f6sterdi\u011fi t\u00f6rende, ailesi aras\u0131nda ya\u015fanan olaylar dikkat \u00e7ekti.<\/p>\n\n\n\n<p>Cenazeye kat\u0131lan Ferdi Tayfur\u2019un k\u0131z\u0131 Tu\u011f\u00e7e Tayfur ile ye\u011feni ve menajeri \u015eirin G\u00f6zal\u0131c\u0131 aras\u0131nda s\u00f6zl\u00fc bir tart\u0131\u015fma \u00e7\u0131kt\u0131. G\u00f6zal\u0131c\u0131\u2019n\u0131n \u201cO buraya gelmeyecek\u201d \u015feklindeki ifadesi \u00fczerine, Tu\u011f\u00e7e Tayfur\u2019un sinirlerine hakim olamayarak hakaret ve k\u00fcf\u00fcrle tepki g\u00f6sterdi\u011fi iddia edildi. Tu\u011f\u00e7e Tayfur\u2019u sakinle\u015ftirmek i\u00e7in annesi Necla Naz\u0131r\u2019\u0131n \u00e7abas\u0131 yeterli olmad\u0131. Ya\u015fanan bu tart\u0131\u015fma, cenaze t\u00f6renindeki atmosferi bir s\u00fcreli\u011fine gerdi.<\/p>\n\n\n\n<p>\u00d6te yandan, Ferdi Tayfur\u2019un b\u00fcy\u00fck o\u011flu Timur Turanbayburt, cenaze s\u0131ras\u0131nda fenala\u015farak bayg\u0131nl\u0131k ge\u00e7irdi. Yak\u0131nlar\u0131n\u0131n yard\u0131m\u0131yla m\u00fcdahale edilen Turanbayburt\u2019un durumu k\u0131sa s\u00fcrede kontrol alt\u0131na al\u0131nd\u0131.<\/p>\n\n\n\n<p>Ferdi Tayfur\u2019un cenazesi, ailesi ve sevenlerinin dualar\u0131 e\u015fli\u011finde topra\u011fa verilirken, t\u00f6rende ya\u015fanan bu olaylar bas\u0131nda geni\u015f yank\u0131 uyand\u0131rd\u0131. T\u00fcrk m\u00fczik d\u00fcnyas\u0131, usta sanat\u00e7\u0131y\u0131 u\u011furlarken ailesindeki bu gerginlik, t\u00f6rene damgas\u0131n\u0131 vurdu.<\/p>\n\n\n\n<p>Usta Sanat\u00e7\u0131 Sevenlerinin G\u00f6nl\u00fcnde Ya\u015fayacakFerdi Tayfur, m\u00fczik kariyerine s\u0131\u011fd\u0131rd\u0131\u011f\u0131 unutulmaz eserlerle milyonlar\u0131n kalbinde ya\u015famaya devam edecek. Sanat\u00e7\u0131n\u0131n cenaze t\u00f6reninde ya\u015fanan olaylar, onun b\u0131rakt\u0131\u011f\u0131 derin izleri ve ailesi \u00fczerindeki etkisini bir kez daha ortaya koydu.<\/p>\n","protected":false},"excerpt":{"rendered":"<p>Ferdi Tayfur\u2019un Cenazesinde Duygusal ve Gergin Anlar Ya\u015fand\u0131 T\u00fcrk m\u00fczi\u011finin efsane isimlerinden Ferdi Tayfur\u2019un bug\u00fcn \u0130stanbul\u2019da d\u00fczenlenen cenaze t\u00f6reni, hem duygusal hem de gergin anlara sahne oldu. Sevenlerinin yo\u011fun kat\u0131l\u0131m g\u00f6sterdi\u011fi t\u00f6rende, ailesi aras\u0131nda ya\u015fanan olaylar dikkat \u00e7ekti. Cenazeye kat\u0131lan Ferdi Tayfur\u2019un k\u0131z\u0131 Tu\u011f\u00e7e Tayfur ile ye\u011feni ve menajeri \u015eirin G\u00f6zal\u0131c\u0131 aras\u0131nda s\u00f6zl\u00fc bir tart\u0131\u015fma [&hellip;]<\/p>\n","protected":false},"author":2,"featured_media":975,"comment_status":"open","ping_status":"open","sticky":false,"template":"","format":"standard","meta":{"footnotes":""},"categories":[11],"tags":[],"class_list":["post-974","post","type-post","status-publish","format-standard","has-post-thumbnail","hentry","category-turkiye"],"yoast_head":"<!-- This site is optimized with the Yoast SEO plugin v27.5 - https:\/\/yoast.com\/product\/yoast-seo-wordpress\/ -->\n<title>Ferdi Tayfur&#039;un cenazesinde ortal\u0131k kar\u0131\u015ft\u0131. Kavgalar,bay\u0131lanlar.. - Avrupal\u0131 T\u00fcrklerin en Yeni Haber Portal\u0131<\/title>\n<meta name=\"robots\" content=\"index, follow, max-snippet:-1, max-image-preview:large, max-video-preview:-1\" \/>\n<link rel=\"canonical\" href=\"https:\/\/avrupatv.eu\/index.php\/2025\/01\/04\/ferdi-tayfurun-cenazesinde-ortalik-karisti-kavgalarbayilanlar\/\" \/>\n<meta property=\"og:locale\" content=\"tr_TR\" \/>\n<meta property=\"og:type\" content=\"article\" \/>\n<meta property=\"og:title\" content=\"Ferdi Tayfur&#039;un cenazesinde ortal\u0131k kar\u0131\u015ft\u0131. Kavgalar,bay\u0131lanlar.. - Avrupal\u0131 T\u00fcrklerin en Yeni Haber Portal\u0131\" \/>\n<meta property=\"og:description\" content=\"Ferdi Tayfur\u2019un Cenazesinde Duygusal ve Gergin Anlar Ya\u015fand\u0131 T\u00fcrk m\u00fczi\u011finin efsane isimlerinden Ferdi Tayfur\u2019un bug\u00fcn \u0130stanbul\u2019da d\u00fczenlenen cenaze t\u00f6reni, hem duygusal hem de gergin anlara sahne oldu. Sevenlerinin yo\u011fun kat\u0131l\u0131m g\u00f6sterdi\u011fi t\u00f6rende, ailesi aras\u0131nda ya\u015fanan olaylar dikkat \u00e7ekti. Cenazeye kat\u0131lan Ferdi Tayfur\u2019un k\u0131z\u0131 Tu\u011f\u00e7e Tayfur ile ye\u011feni ve menajeri \u015eirin G\u00f6zal\u0131c\u0131 aras\u0131nda s\u00f6zl\u00fc bir tart\u0131\u015fma [&hellip;]\" \/>\n<meta property=\"og:url\" content=\"https:\/\/avrupatv.eu\/index.php\/2025\/01\/04\/ferdi-tayfurun-cenazesinde-ortalik-karisti-kavgalarbayilanlar\/\" \/>\n<meta property=\"og:site_name\" content=\"Avrupal\u0131 T\u00fcrklerin en Yeni Haber Portal\u0131\" \/>\n<meta property=\"article:published_time\" content=\"2025-01-04T13:36:53+00:00\" \/>\n<meta property=\"og:image\" content=\"https:\/\/avrupatv.eu\/wp-content\/uploads\/2025\/01\/aa-20250104-36659760-36659753-usta-sanatci-ferdi-tayfur-icin-barbaros-hayrettin-pasa-camiinde-cenaze-toreni-duzenlendi-11zon.jpg\" \/>\n\t<meta property=\"og:image:width\" content=\"1697\" \/>\n\t<meta property=\"og:image:height\" content=\"1028\" \/>\n\t<meta property=\"og:image:type\" content=\"image\/jpeg\" \/>\n<meta name=\"author\" content=\"Onur Akpinar\" \/>\n<meta name=\"twitter:card\" content=\"summary_large_image\" \/>\n<meta name=\"twitter:label1\" content=\"Yazan:\" \/>\n\t<meta name=\"twitter:data1\" content=\"Onur Akpinar\" \/>\n\t<meta name=\"twitter:label2\" content=\"Tahmini okuma s\u00fcresi\" \/>\n\t<meta name=\"twitter:data2\" content=\"2 dakika\" \/>\n<script type=\"application\/ld+json\" class=\"yoast-schema-graph\">{\"@context\":\"https:\\\/\\\/schema.org\",\"@graph\":[{\"@type\":\"Article\",\"@id\":\"https:\\\/\\\/avrupatv.eu\\\/index.php\\\/2025\\\/01\\\/04\\\/ferdi-tayfurun-cenazesinde-ortalik-karisti-kavgalarbayilanlar\\\/#article\",\"isPartOf\":{\"@id\":\"https:\\\/\\\/avrupatv.eu\\\/index.php\\\/2025\\\/01\\\/04\\\/ferdi-tayfurun-cenazesinde-ortalik-karisti-kavgalarbayilanlar\\\/\"},\"author\":{\"name\":\"Onur Akpinar\",\"@id\":\"https:\\\/\\\/avrupatv.eu\\\/#\\\/schema\\\/person\\\/d56afa5d5569da4029d483da36c0c17d\"},\"headline\":\"Ferdi Tayfur&#8217;un cenazesinde ortal\u0131k kar\u0131\u015ft\u0131. Kavgalar,bay\u0131lanlar..\",\"datePublished\":\"2025-01-04T13:36:53+00:00\",\"mainEntityOfPage\":{\"@id\":\"https:\\\/\\\/avrupatv.eu\\\/index.php\\\/2025\\\/01\\\/04\\\/ferdi-tayfurun-cenazesinde-ortalik-karisti-kavgalarbayilanlar\\\/\"},\"wordCount\":291,\"commentCount\":0,\"publisher\":{\"@id\":\"https:\\\/\\\/avrupatv.eu\\\/#organization\"},\"image\":{\"@id\":\"https:\\\/\\\/avrupatv.eu\\\/index.php\\\/2025\\\/01\\\/04\\\/ferdi-tayfurun-cenazesinde-ortalik-karisti-kavgalarbayilanlar\\\/#primaryimage\"},\"thumbnailUrl\":\"https:\\\/\\\/avrupatv.eu\\\/wp-content\\\/uploads\\\/2025\\\/01\\\/aa-20250104-36659760-36659753-usta-sanatci-ferdi-tayfur-icin-barbaros-hayrettin-pasa-camiinde-cenaze-toreni-duzenlendi-11zon.jpg\",\"articleSection\":[\"T\u00fcrkiye\"],\"inLanguage\":\"tr\",\"potentialAction\":[{\"@type\":\"CommentAction\",\"name\":\"Comment\",\"target\":[\"https:\\\/\\\/avrupatv.eu\\\/index.php\\\/2025\\\/01\\\/04\\\/ferdi-tayfurun-cenazesinde-ortalik-karisti-kavgalarbayilanlar\\\/#respond\"]}]},{\"@type\":\"WebPage\",\"@id\":\"https:\\\/\\\/avrupatv.eu\\\/index.php\\\/2025\\\/01\\\/04\\\/ferdi-tayfurun-cenazesinde-ortalik-karisti-kavgalarbayilanlar\\\/\",\"url\":\"https:\\\/\\\/avrupatv.eu\\\/index.php\\\/2025\\\/01\\\/04\\\/ferdi-tayfurun-cenazesinde-ortalik-karisti-kavgalarbayilanlar\\\/\",\"name\":\"Ferdi Tayfur'un cenazesinde ortal\u0131k kar\u0131\u015ft\u0131. Kavgalar,bay\u0131lanlar.. - Avrupal\u0131 T\u00fcrklerin en Yeni Haber Portal\u0131\",\"isPartOf\":{\"@id\":\"https:\\\/\\\/avrupatv.eu\\\/#website\"},\"primaryImageOfPage\":{\"@id\":\"https:\\\/\\\/avrupatv.eu\\\/index.php\\\/2025\\\/01\\\/04\\\/ferdi-tayfurun-cenazesinde-ortalik-karisti-kavgalarbayilanlar\\\/#primaryimage\"},\"image\":{\"@id\":\"https:\\\/\\\/avrupatv.eu\\\/index.php\\\/2025\\\/01\\\/04\\\/ferdi-tayfurun-cenazesinde-ortalik-karisti-kavgalarbayilanlar\\\/#primaryimage\"},\"thumbnailUrl\":\"https:\\\/\\\/avrupatv.eu\\\/wp-content\\\/uploads\\\/2025\\\/01\\\/aa-20250104-36659760-36659753-usta-sanatci-ferdi-tayfur-icin-barbaros-hayrettin-pasa-camiinde-cenaze-toreni-duzenlendi-11zon.jpg\",\"datePublished\":\"2025-01-04T13:36:53+00:00\",\"breadcrumb\":{\"@id\":\"https:\\\/\\\/avrupatv.eu\\\/index.php\\\/2025\\\/01\\\/04\\\/ferdi-tayfurun-cenazesinde-ortalik-karisti-kavgalarbayilanlar\\\/#breadcrumb\"},\"inLanguage\":\"tr\",\"potentialAction\":[{\"@type\":\"ReadAction\",\"target\":[\"https:\\\/\\\/avrupatv.eu\\\/index.php\\\/2025\\\/01\\\/04\\\/ferdi-tayfurun-cenazesinde-ortalik-karisti-kavgalarbayilanlar\\\/\"]}]},{\"@type\":\"ImageObject\",\"inLanguage\":\"tr\",\"@id\":\"https:\\\/\\\/avrupatv.eu\\\/index.php\\\/2025\\\/01\\\/04\\\/ferdi-tayfurun-cenazesinde-ortalik-karisti-kavgalarbayilanlar\\\/#primaryimage\",\"url\":\"https:\\\/\\\/avrupatv.eu\\\/wp-content\\\/uploads\\\/2025\\\/01\\\/aa-20250104-36659760-36659753-usta-sanatci-ferdi-tayfur-icin-barbaros-hayrettin-pasa-camiinde-cenaze-toreni-duzenlendi-11zon.jpg\",\"contentUrl\":\"https:\\\/\\\/avrupatv.eu\\\/wp-content\\\/uploads\\\/2025\\\/01\\\/aa-20250104-36659760-36659753-usta-sanatci-ferdi-tayfur-icin-barbaros-hayrettin-pasa-camiinde-cenaze-toreni-duzenlendi-11zon.jpg\",\"width\":1697,\"height\":1028},{\"@type\":\"BreadcrumbList\",\"@id\":\"https:\\\/\\\/avrupatv.eu\\\/index.php\\\/2025\\\/01\\\/04\\\/ferdi-tayfurun-cenazesinde-ortalik-karisti-kavgalarbayilanlar\\\/#breadcrumb\",\"itemListElement\":[{\"@type\":\"ListItem\",\"position\":1,\"name\":\"Anasayfa\",\"item\":\"https:\\\/\\\/avrupatv.eu\\\/\"},{\"@type\":\"ListItem\",\"position\":2,\"name\":\"Ferdi Tayfur&#8217;un cenazesinde ortal\u0131k kar\u0131\u015ft\u0131. Kavgalar,bay\u0131lanlar..\"}]},{\"@type\":\"WebSite\",\"@id\":\"https:\\\/\\\/avrupatv.eu\\\/#website\",\"url\":\"https:\\\/\\\/avrupatv.eu\\\/\",\"name\":\"Avrupal\u0131 T\u00fcrklerin en Yeni Haber Portal\u0131\",\"description\":\"\",\"publisher\":{\"@id\":\"https:\\\/\\\/avrupatv.eu\\\/#organization\"},\"alternateName\":\"Avrupa tv\",\"potentialAction\":[{\"@type\":\"SearchAction\",\"target\":{\"@type\":\"EntryPoint\",\"urlTemplate\":\"https:\\\/\\\/avrupatv.eu\\\/?s={search_term_string}\"},\"query-input\":{\"@type\":\"PropertyValueSpecification\",\"valueRequired\":true,\"valueName\":\"search_term_string\"}}],\"inLanguage\":\"tr\"},{\"@type\":\"Organization\",\"@id\":\"https:\\\/\\\/avrupatv.eu\\\/#organization\",\"name\":\"Avrupa Haber\",\"url\":\"https:\\\/\\\/avrupatv.eu\\\/\",\"logo\":{\"@type\":\"ImageObject\",\"inLanguage\":\"tr\",\"@id\":\"https:\\\/\\\/avrupatv.eu\\\/#\\\/schema\\\/logo\\\/image\\\/\",\"url\":\"https:\\\/\\\/avrupatv.eu\\\/wp-content\\\/uploads\\\/2023\\\/10\\\/cropped-thumbnail_logo.png\",\"contentUrl\":\"https:\\\/\\\/avrupatv.eu\\\/wp-content\\\/uploads\\\/2023\\\/10\\\/cropped-thumbnail_logo.png\",\"width\":1025,\"height\":302,\"caption\":\"Avrupa Haber\"},\"image\":{\"@id\":\"https:\\\/\\\/avrupatv.eu\\\/#\\\/schema\\\/logo\\\/image\\\/\"}},{\"@type\":\"Person\",\"@id\":\"https:\\\/\\\/avrupatv.eu\\\/#\\\/schema\\\/person\\\/d56afa5d5569da4029d483da36c0c17d\",\"name\":\"Onur Akpinar\",\"image\":{\"@type\":\"ImageObject\",\"inLanguage\":\"tr\",\"@id\":\"https:\\\/\\\/secure.gravatar.com\\\/avatar\\\/67a1a0bdf34f82da209334e4684b7e7171a58a5a2b0a8f836b61044f5c1f5d6a?s=96&d=mm&r=g\",\"url\":\"https:\\\/\\\/secure.gravatar.com\\\/avatar\\\/67a1a0bdf34f82da209334e4684b7e7171a58a5a2b0a8f836b61044f5c1f5d6a?s=96&d=mm&r=g\",\"contentUrl\":\"https:\\\/\\\/secure.gravatar.com\\\/avatar\\\/67a1a0bdf34f82da209334e4684b7e7171a58a5a2b0a8f836b61044f5c1f5d6a?s=96&d=mm&r=g\",\"caption\":\"Onur Akpinar\"},\"url\":\"https:\\\/\\\/avrupatv.eu\\\/index.php\\\/author\\\/onur-akpinar\\\/\"}]}<\/script>\n<!-- \/ Yoast SEO plugin. -->","yoast_head_json":{"title":"Ferdi Tayfur'un cenazesinde ortal\u0131k kar\u0131\u015ft\u0131. Kavgalar,bay\u0131lanlar.. - Avrupal\u0131 T\u00fcrklerin en Yeni Haber Portal\u0131","robots":{"index":"index","follow":"follow","max-snippet":"max-snippet:-1","max-image-preview":"max-image-preview:large","max-video-preview":"max-video-preview:-1"},"canonical":"https:\/\/avrupatv.eu\/index.php\/2025\/01\/04\/ferdi-tayfurun-cenazesinde-ortalik-karisti-kavgalarbayilanlar\/","og_locale":"tr_TR","og_type":"article","og_title":"Ferdi Tayfur'un cenazesinde ortal\u0131k kar\u0131\u015ft\u0131. Kavgalar,bay\u0131lanlar.. - Avrupal\u0131 T\u00fcrklerin en Yeni Haber Portal\u0131","og_description":"Ferdi Tayfur\u2019un Cenazesinde Duygusal ve Gergin Anlar Ya\u015fand\u0131 T\u00fcrk m\u00fczi\u011finin efsane isimlerinden Ferdi Tayfur\u2019un bug\u00fcn \u0130stanbul\u2019da d\u00fczenlenen cenaze t\u00f6reni, hem duygusal hem de gergin anlara sahne oldu. Sevenlerinin yo\u011fun kat\u0131l\u0131m g\u00f6sterdi\u011fi t\u00f6rende, ailesi aras\u0131nda ya\u015fanan olaylar dikkat \u00e7ekti. Cenazeye kat\u0131lan Ferdi Tayfur\u2019un k\u0131z\u0131 Tu\u011f\u00e7e Tayfur ile ye\u011feni ve menajeri \u015eirin G\u00f6zal\u0131c\u0131 aras\u0131nda s\u00f6zl\u00fc bir tart\u0131\u015fma [&hellip;]","og_url":"https:\/\/avrupatv.eu\/index.php\/2025\/01\/04\/ferdi-tayfurun-cenazesinde-ortalik-karisti-kavgalarbayilanlar\/","og_site_name":"Avrupal\u0131 T\u00fcrklerin en Yeni Haber Portal\u0131","article_published_time":"2025-01-04T13:36:53+00:00","og_image":[{"width":1697,"height":1028,"url":"https:\/\/avrupatv.eu\/wp-content\/uploads\/2025\/01\/aa-20250104-36659760-36659753-usta-sanatci-ferdi-tayfur-icin-barbaros-hayrettin-pasa-camiinde-cenaze-toreni-duzenlendi-11zon.jpg","type":"image\/jpeg"}],"author":"Onur Akpinar","twitter_card":"summary_large_image","twitter_misc":{"Yazan:":"Onur Akpinar","Tahmini okuma s\u00fcresi":"2 dakika"},"schema":{"@context":"https:\/\/schema.org","@graph":[{"@type":"Article","@id":"https:\/\/avrupatv.eu\/index.php\/2025\/01\/04\/ferdi-tayfurun-cenazesinde-ortalik-karisti-kavgalarbayilanlar\/#article","isPartOf":{"@id":"https:\/\/avrupatv.eu\/index.php\/2025\/01\/04\/ferdi-tayfurun-cenazesinde-ortalik-karisti-kavgalarbayilanlar\/"},"author":{"name":"Onur Akpinar","@id":"https:\/\/avrupatv.eu\/#\/schema\/person\/d56afa5d5569da4029d483da36c0c17d"},"headline":"Ferdi Tayfur&#8217;un cenazesinde ortal\u0131k kar\u0131\u015ft\u0131. Kavgalar,bay\u0131lanlar..","datePublished":"2025-01-04T13:36:53+00:00","mainEntityOfPage":{"@id":"https:\/\/avrupatv.eu\/index.php\/2025\/01\/04\/ferdi-tayfurun-cenazesinde-ortalik-karisti-kavgalarbayilanlar\/"},"wordCount":291,"commentCount":0,"publisher":{"@id":"https:\/\/avrupatv.eu\/#organization"},"image":{"@id":"https:\/\/avrupatv.eu\/index.php\/2025\/01\/04\/ferdi-tayfurun-cenazesinde-ortalik-karisti-kavgalarbayilanlar\/#primaryimage"},"thumbnailUrl":"https:\/\/avrupatv.eu\/wp-content\/uploads\/2025\/01\/aa-20250104-36659760-36659753-usta-sanatci-ferdi-tayfur-icin-barbaros-hayrettin-pasa-camiinde-cenaze-toreni-duzenlendi-11zon.jpg","articleSection":["T\u00fcrkiye"],"inLanguage":"tr","potentialAction":[{"@type":"CommentAction","name":"Comment","target":["https:\/\/avrupatv.eu\/index.php\/2025\/01\/04\/ferdi-tayfurun-cenazesinde-ortalik-karisti-kavgalarbayilanlar\/#respond"]}]},{"@type":"WebPage","@id":"https:\/\/avrupatv.eu\/index.php\/2025\/01\/04\/ferdi-tayfurun-cenazesinde-ortalik-karisti-kavgalarbayilanlar\/","url":"https:\/\/avrupatv.eu\/index.php\/2025\/01\/04\/ferdi-tayfurun-cenazesinde-ortalik-karisti-kavgalarbayilanlar\/","name":"Ferdi Tayfur'un cenazesinde ortal\u0131k kar\u0131\u015ft\u0131. Kavgalar,bay\u0131lanlar.. - Avrupal\u0131 T\u00fcrklerin en Yeni Haber Portal\u0131","isPartOf":{"@id":"https:\/\/avrupatv.eu\/#website"},"primaryImageOfPage":{"@id":"https:\/\/avrupatv.eu\/index.php\/2025\/01\/04\/ferdi-tayfurun-cenazesinde-ortalik-karisti-kavgalarbayilanlar\/#primaryimage"},"image":{"@id":"https:\/\/avrupatv.eu\/index.php\/2025\/01\/04\/ferdi-tayfurun-cenazesinde-ortalik-karisti-kavgalarbayilanlar\/#primaryimage"},"thumbnailUrl":"https:\/\/avrupatv.eu\/wp-content\/uploads\/2025\/01\/aa-20250104-36659760-36659753-usta-sanatci-ferdi-tayfur-icin-barbaros-hayrettin-pasa-camiinde-cenaze-toreni-duzenlendi-11zon.jpg","datePublished":"2025-01-04T13:36:53+00:00","breadcrumb":{"@id":"https:\/\/avrupatv.eu\/index.php\/2025\/01\/04\/ferdi-tayfurun-cenazesinde-ortalik-karisti-kavgalarbayilanlar\/#breadcrumb"},"inLanguage":"tr","potentialAction":[{"@type":"ReadAction","target":["https:\/\/avrupatv.eu\/index.php\/2025\/01\/04\/ferdi-tayfurun-cenazesinde-ortalik-karisti-kavgalarbayilanlar\/"]}]},{"@type":"ImageObject","inLanguage":"tr","@id":"https:\/\/avrupatv.eu\/index.php\/2025\/01\/04\/ferdi-tayfurun-cenazesinde-ortalik-karisti-kavgalarbayilanlar\/#primaryimage","url":"https:\/\/avrupatv.eu\/wp-content\/uploads\/2025\/01\/aa-20250104-36659760-36659753-usta-sanatci-ferdi-tayfur-icin-barbaros-hayrettin-pasa-camiinde-cenaze-toreni-duzenlendi-11zon.jpg","contentUrl":"https:\/\/avrupatv.eu\/wp-content\/uploads\/2025\/01\/aa-20250104-36659760-36659753-usta-sanatci-ferdi-tayfur-icin-barbaros-hayrettin-pasa-camiinde-cenaze-toreni-duzenlendi-11zon.jpg","width":1697,"height":1028},{"@type":"BreadcrumbList","@id":"https:\/\/avrupatv.eu\/index.php\/2025\/01\/04\/ferdi-tayfurun-cenazesinde-ortalik-karisti-kavgalarbayilanlar\/#breadcrumb","itemListElement":[{"@type":"ListItem","position":1,"name":"Anasayfa","item":"https:\/\/avrupatv.eu\/"},{"@type":"ListItem","position":2,"name":"Ferdi Tayfur&#8217;un cenazesinde ortal\u0131k kar\u0131\u015ft\u0131. Kavgalar,bay\u0131lanlar.."}]},{"@type":"WebSite","@id":"https:\/\/avrupatv.eu\/#website","url":"https:\/\/avrupatv.eu\/","name":"Avrupal\u0131 T\u00fcrklerin en Yeni Haber Portal\u0131","description":"","publisher":{"@id":"https:\/\/avrupatv.eu\/#organization"},"alternateName":"Avrupa tv","potentialAction":[{"@type":"SearchAction","target":{"@type":"EntryPoint","urlTemplate":"https:\/\/avrupatv.eu\/?s={search_term_string}"},"query-input":{"@type":"PropertyValueSpecification","valueRequired":true,"valueName":"search_term_string"}}],"inLanguage":"tr"},{"@type":"Organization","@id":"https:\/\/avrupatv.eu\/#organization","name":"Avrupa Haber","url":"https:\/\/avrupatv.eu\/","logo":{"@type":"ImageObject","inLanguage":"tr","@id":"https:\/\/avrupatv.eu\/#\/schema\/logo\/image\/","url":"https:\/\/avrupatv.eu\/wp-content\/uploads\/2023\/10\/cropped-thumbnail_logo.png","contentUrl":"https:\/\/avrupatv.eu\/wp-content\/uploads\/2023\/10\/cropped-thumbnail_logo.png","width":1025,"height":302,"caption":"Avrupa Haber"},"image":{"@id":"https:\/\/avrupatv.eu\/#\/schema\/logo\/image\/"}},{"@type":"Person","@id":"https:\/\/avrupatv.eu\/#\/schema\/person\/d56afa5d5569da4029d483da36c0c17d","name":"Onur Akpinar","image":{"@type":"ImageObject","inLanguage":"tr","@id":"https:\/\/secure.gravatar.com\/avatar\/67a1a0bdf34f82da209334e4684b7e7171a58a5a2b0a8f836b61044f5c1f5d6a?s=96&d=mm&r=g","url":"https:\/\/secure.gravatar.com\/avatar\/67a1a0bdf34f82da209334e4684b7e7171a58a5a2b0a8f836b61044f5c1f5d6a?s=96&d=mm&r=g","contentUrl":"https:\/\/secure.gravatar.com\/avatar\/67a1a0bdf34f82da209334e4684b7e7171a58a5a2b0a8f836b61044f5c1f5d6a?s=96&d=mm&r=g","caption":"Onur Akpinar"},"url":"https:\/\/avrupatv.eu\/index.php\/author\/onur-akpinar\/"}]}},"_links":{"self":[{"href":"https:\/\/avrupatv.eu\/index.php\/wp-json\/wp\/v2\/posts\/974","targetHints":{"allow":["GET"]}}],"collection":[{"href":"https:\/\/avrupatv.eu\/index.php\/wp-json\/wp\/v2\/posts"}],"about":[{"href":"https:\/\/avrupatv.eu\/index.php\/wp-json\/wp\/v2\/types\/post"}],"author":[{"embeddable":true,"href":"https:\/\/avrupatv.eu\/index.php\/wp-json\/wp\/v2\/users\/2"}],"replies":[{"embeddable":true,"href":"https:\/\/avrupatv.eu\/index.php\/wp-json\/wp\/v2\/comments?post=974"}],"version-history":[{"count":1,"href":"https:\/\/avrupatv.eu\/index.php\/wp-json\/wp\/v2\/posts\/974\/revisions"}],"predecessor-version":[{"id":976,"href":"https:\/\/avrupatv.eu\/index.php\/wp-json\/wp\/v2\/posts\/974\/revisions\/976"}],"wp:featuredmedia":[{"embeddable":true,"href":"https:\/\/avrupatv.eu\/index.php\/wp-json\/wp\/v2\/media\/975"}],"wp:attachment":[{"href":"https:\/\/avrupatv.eu\/index.php\/wp-json\/wp\/v2\/media?parent=974"}],"wp:term":[{"taxonomy":"category","embeddable":true,"href":"https:\/\/avrupatv.eu\/index.php\/wp-json\/wp\/v2\/categories?post=974"},{"taxonomy":"post_tag","embeddable":true,"href":"https:\/\/avrupatv.eu\/index.php\/wp-json\/wp\/v2\/tags?post=974"}],"curies":[{"name":"wp","href":"https:\/\/api.w.org\/{rel}","templated":true}]}}