{"id":971,"date":"2025-01-03T14:04:32","date_gmt":"2025-01-03T14:04:32","guid":{"rendered":"https:\/\/avrupatv.eu\/?p=971"},"modified":"2025-01-03T14:04:32","modified_gmt":"2025-01-03T14:04:32","slug":"son-dakika-antalyada-deprem","status":"publish","type":"post","link":"https:\/\/avrupatv.eu\/index.php\/2025\/01\/03\/son-dakika-antalyada-deprem\/","title":{"rendered":"Son dakika! Antalya&#8217;da deprem!"},"content":{"rendered":"\n<p>Antalya\u2019da 4,6 B\u00fcy\u00fckl\u00fc\u011f\u00fcnde Deprem!<\/p>\n\n\n\n<p>Bug\u00fcn Antalya&#8217;n\u0131n Alanya il\u00e7esi merkezli 4,6 b\u00fcy\u00fckl\u00fc\u011f\u00fcnde bir deprem meydana geldi. AFAD verilerine g\u00f6re, deprem yerel saatle 17.51&#8217;de ve yerin 5 kilometre derinli\u011finde ger\u00e7ekle\u015fti. Deprem, Alanya ba\u015fta olmak \u00fczere \u00e7evre il\u00e7elerde de hissedildi.<\/p>\n\n\n\n<p>Vatanda\u015flar aras\u0131nda k\u0131sa s\u00fcreli pani\u011fe neden olan deprem sonras\u0131 baz\u0131 ki\u015filer ev ve i\u015f yerlerini terk ederek g\u00fcvenli alanlara y\u00f6neldi. \u0130lk belirlemelere g\u00f6re, deprem sonucunda herhangi bir can veya mal kayb\u0131 ya\u015fanmad\u0131. Ancak yetkililer, b\u00f6lgedeki geli\u015fmeleri yak\u0131ndan takip ediyor ve vatanda\u015flar\u0131 art\u00e7\u0131 sars\u0131nt\u0131lar konusunda dikkatli olmaya \u00e7a\u011f\u0131r\u0131yor.<\/p>\n\n\n\n<p>Antalya Valili\u011fi&#8217;nden yap\u0131lan a\u00e7\u0131klamada, &#8220;\u015eu ana kadar olumsuz bir durum bildirilmemi\u015ftir. Vatanda\u015flar\u0131m\u0131z\u0131n resmi a\u00e7\u0131klamalar\u0131 takip etmesi ve panik yapmamas\u0131 \u00f6nemle rica olunur&#8221; ifadelerine yer verildi.<\/p>\n\n\n\n<p>Uzmanlar, Akdeniz b\u00f6lgesinde aktif fay hatlar\u0131n\u0131n bulundu\u011funu belirterek b\u00f6lgenin deprem riski alt\u0131nda oldu\u011funu hat\u0131rlat\u0131yor. Vatanda\u015flar\u0131n olas\u0131 depremlere kar\u015f\u0131 haz\u0131rl\u0131kl\u0131 olmalar\u0131 ve deprem an\u0131nda do\u011fru davran\u0131\u015flar\u0131 uygulamalar\u0131 tavsiye ediliyor.<\/p>\n\n\n\n<p>Haberin geli\u015fmeleri i\u00e7in bizi takip etmeye devam edin.<\/p>\n","protected":false},"excerpt":{"rendered":"<p>Antalya\u2019da 4,6 B\u00fcy\u00fckl\u00fc\u011f\u00fcnde Deprem! Bug\u00fcn Antalya&#8217;n\u0131n Alanya il\u00e7esi merkezli 4,6 b\u00fcy\u00fckl\u00fc\u011f\u00fcnde bir deprem meydana geldi. AFAD verilerine g\u00f6re, deprem yerel saatle 17.51&#8217;de ve yerin 5 kilometre derinli\u011finde ger\u00e7ekle\u015fti. Deprem, Alanya ba\u015fta olmak \u00fczere \u00e7evre il\u00e7elerde de hissedildi. Vatanda\u015flar aras\u0131nda k\u0131sa s\u00fcreli pani\u011fe neden olan deprem sonras\u0131 baz\u0131 ki\u015filer ev ve i\u015f yerlerini terk ederek g\u00fcvenli [&hellip;]<\/p>\n","protected":false},"author":2,"featured_media":972,"comment_status":"open","ping_status":"open","sticky":false,"template":"","format":"standard","meta":{"footnotes":""},"categories":[11],"tags":[],"class_list":["post-971","post","type-post","status-publish","format-standard","has-post-thumbnail","hentry","category-turkiye"],"yoast_head":"<!-- This site is optimized with the Yoast SEO plugin v27.4 - https:\/\/yoast.com\/product\/yoast-seo-wordpress\/ -->\n<title>Son dakika! Antalya&#039;da deprem! - Avrupal\u0131 T\u00fcrklerin en Yeni Haber Portal\u0131<\/title>\n<meta name=\"robots\" content=\"index, follow, max-snippet:-1, max-image-preview:large, max-video-preview:-1\" \/>\n<link rel=\"canonical\" href=\"https:\/\/avrupatv.eu\/index.php\/2025\/01\/03\/son-dakika-antalyada-deprem\/\" \/>\n<meta property=\"og:locale\" content=\"tr_TR\" \/>\n<meta property=\"og:type\" content=\"article\" \/>\n<meta property=\"og:title\" content=\"Son dakika! Antalya&#039;da deprem! - Avrupal\u0131 T\u00fcrklerin en Yeni Haber Portal\u0131\" \/>\n<meta property=\"og:description\" content=\"Antalya\u2019da 4,6 B\u00fcy\u00fckl\u00fc\u011f\u00fcnde Deprem! Bug\u00fcn Antalya&#8217;n\u0131n Alanya il\u00e7esi merkezli 4,6 b\u00fcy\u00fckl\u00fc\u011f\u00fcnde bir deprem meydana geldi. AFAD verilerine g\u00f6re, deprem yerel saatle 17.51&#8217;de ve yerin 5 kilometre derinli\u011finde ger\u00e7ekle\u015fti. Deprem, Alanya ba\u015fta olmak \u00fczere \u00e7evre il\u00e7elerde de hissedildi. Vatanda\u015flar aras\u0131nda k\u0131sa s\u00fcreli pani\u011fe neden olan deprem sonras\u0131 baz\u0131 ki\u015filer ev ve i\u015f yerlerini terk ederek g\u00fcvenli [&hellip;]\" \/>\n<meta property=\"og:url\" content=\"https:\/\/avrupatv.eu\/index.php\/2025\/01\/03\/son-dakika-antalyada-deprem\/\" \/>\n<meta property=\"og:site_name\" content=\"Avrupal\u0131 T\u00fcrklerin en Yeni Haber Portal\u0131\" \/>\n<meta property=\"article:published_time\" content=\"2025-01-03T14:04:32+00:00\" \/>\n<meta property=\"og:image\" content=\"https:\/\/avrupatv.eu\/wp-content\/uploads\/2025\/01\/son-dakika-afad-acikladi-antalya-aciklarinda-deprem-6472-big.jpg\" \/>\n\t<meta property=\"og:image:width\" content=\"1280\" \/>\n\t<meta property=\"og:image:height\" content=\"720\" \/>\n\t<meta property=\"og:image:type\" content=\"image\/jpeg\" \/>\n<meta name=\"author\" content=\"Onur Akpinar\" \/>\n<meta name=\"twitter:card\" content=\"summary_large_image\" \/>\n<meta name=\"twitter:label1\" content=\"Yazan:\" \/>\n\t<meta name=\"twitter:data1\" content=\"Onur Akpinar\" \/>\n\t<meta name=\"twitter:label2\" content=\"Tahmini okuma s\u00fcresi\" \/>\n\t<meta name=\"twitter:data2\" content=\"2 dakika\" \/>\n<script type=\"application\/ld+json\" class=\"yoast-schema-graph\">{\"@context\":\"https:\\\/\\\/schema.org\",\"@graph\":[{\"@type\":\"Article\",\"@id\":\"https:\\\/\\\/avrupatv.eu\\\/index.php\\\/2025\\\/01\\\/03\\\/son-dakika-antalyada-deprem\\\/#article\",\"isPartOf\":{\"@id\":\"https:\\\/\\\/avrupatv.eu\\\/index.php\\\/2025\\\/01\\\/03\\\/son-dakika-antalyada-deprem\\\/\"},\"author\":{\"name\":\"Onur Akpinar\",\"@id\":\"https:\\\/\\\/avrupatv.eu\\\/#\\\/schema\\\/person\\\/d56afa5d5569da4029d483da36c0c17d\"},\"headline\":\"Son dakika! Antalya&#8217;da deprem!\",\"datePublished\":\"2025-01-03T14:04:32+00:00\",\"mainEntityOfPage\":{\"@id\":\"https:\\\/\\\/avrupatv.eu\\\/index.php\\\/2025\\\/01\\\/03\\\/son-dakika-antalyada-deprem\\\/\"},\"wordCount\":210,\"commentCount\":0,\"publisher\":{\"@id\":\"https:\\\/\\\/avrupatv.eu\\\/#organization\"},\"image\":{\"@id\":\"https:\\\/\\\/avrupatv.eu\\\/index.php\\\/2025\\\/01\\\/03\\\/son-dakika-antalyada-deprem\\\/#primaryimage\"},\"thumbnailUrl\":\"https:\\\/\\\/avrupatv.eu\\\/wp-content\\\/uploads\\\/2025\\\/01\\\/son-dakika-afad-acikladi-antalya-aciklarinda-deprem-6472-big.jpg\",\"articleSection\":[\"T\u00fcrkiye\"],\"inLanguage\":\"tr\",\"potentialAction\":[{\"@type\":\"CommentAction\",\"name\":\"Comment\",\"target\":[\"https:\\\/\\\/avrupatv.eu\\\/index.php\\\/2025\\\/01\\\/03\\\/son-dakika-antalyada-deprem\\\/#respond\"]}]},{\"@type\":\"WebPage\",\"@id\":\"https:\\\/\\\/avrupatv.eu\\\/index.php\\\/2025\\\/01\\\/03\\\/son-dakika-antalyada-deprem\\\/\",\"url\":\"https:\\\/\\\/avrupatv.eu\\\/index.php\\\/2025\\\/01\\\/03\\\/son-dakika-antalyada-deprem\\\/\",\"name\":\"Son dakika! Antalya'da deprem! - Avrupal\u0131 T\u00fcrklerin en Yeni Haber Portal\u0131\",\"isPartOf\":{\"@id\":\"https:\\\/\\\/avrupatv.eu\\\/#website\"},\"primaryImageOfPage\":{\"@id\":\"https:\\\/\\\/avrupatv.eu\\\/index.php\\\/2025\\\/01\\\/03\\\/son-dakika-antalyada-deprem\\\/#primaryimage\"},\"image\":{\"@id\":\"https:\\\/\\\/avrupatv.eu\\\/index.php\\\/2025\\\/01\\\/03\\\/son-dakika-antalyada-deprem\\\/#primaryimage\"},\"thumbnailUrl\":\"https:\\\/\\\/avrupatv.eu\\\/wp-content\\\/uploads\\\/2025\\\/01\\\/son-dakika-afad-acikladi-antalya-aciklarinda-deprem-6472-big.jpg\",\"datePublished\":\"2025-01-03T14:04:32+00:00\",\"breadcrumb\":{\"@id\":\"https:\\\/\\\/avrupatv.eu\\\/index.php\\\/2025\\\/01\\\/03\\\/son-dakika-antalyada-deprem\\\/#breadcrumb\"},\"inLanguage\":\"tr\",\"potentialAction\":[{\"@type\":\"ReadAction\",\"target\":[\"https:\\\/\\\/avrupatv.eu\\\/index.php\\\/2025\\\/01\\\/03\\\/son-dakika-antalyada-deprem\\\/\"]}]},{\"@type\":\"ImageObject\",\"inLanguage\":\"tr\",\"@id\":\"https:\\\/\\\/avrupatv.eu\\\/index.php\\\/2025\\\/01\\\/03\\\/son-dakika-antalyada-deprem\\\/#primaryimage\",\"url\":\"https:\\\/\\\/avrupatv.eu\\\/wp-content\\\/uploads\\\/2025\\\/01\\\/son-dakika-afad-acikladi-antalya-aciklarinda-deprem-6472-big.jpg\",\"contentUrl\":\"https:\\\/\\\/avrupatv.eu\\\/wp-content\\\/uploads\\\/2025\\\/01\\\/son-dakika-afad-acikladi-antalya-aciklarinda-deprem-6472-big.jpg\",\"width\":1280,\"height\":720},{\"@type\":\"BreadcrumbList\",\"@id\":\"https:\\\/\\\/avrupatv.eu\\\/index.php\\\/2025\\\/01\\\/03\\\/son-dakika-antalyada-deprem\\\/#breadcrumb\",\"itemListElement\":[{\"@type\":\"ListItem\",\"position\":1,\"name\":\"Anasayfa\",\"item\":\"https:\\\/\\\/avrupatv.eu\\\/\"},{\"@type\":\"ListItem\",\"position\":2,\"name\":\"Son dakika! Antalya&#8217;da deprem!\"}]},{\"@type\":\"WebSite\",\"@id\":\"https:\\\/\\\/avrupatv.eu\\\/#website\",\"url\":\"https:\\\/\\\/avrupatv.eu\\\/\",\"name\":\"Avrupal\u0131 T\u00fcrklerin en Yeni Haber Portal\u0131\",\"description\":\"\",\"publisher\":{\"@id\":\"https:\\\/\\\/avrupatv.eu\\\/#organization\"},\"alternateName\":\"Avrupa tv\",\"potentialAction\":[{\"@type\":\"SearchAction\",\"target\":{\"@type\":\"EntryPoint\",\"urlTemplate\":\"https:\\\/\\\/avrupatv.eu\\\/?s={search_term_string}\"},\"query-input\":{\"@type\":\"PropertyValueSpecification\",\"valueRequired\":true,\"valueName\":\"search_term_string\"}}],\"inLanguage\":\"tr\"},{\"@type\":\"Organization\",\"@id\":\"https:\\\/\\\/avrupatv.eu\\\/#organization\",\"name\":\"Avrupa Haber\",\"url\":\"https:\\\/\\\/avrupatv.eu\\\/\",\"logo\":{\"@type\":\"ImageObject\",\"inLanguage\":\"tr\",\"@id\":\"https:\\\/\\\/avrupatv.eu\\\/#\\\/schema\\\/logo\\\/image\\\/\",\"url\":\"https:\\\/\\\/avrupatv.eu\\\/wp-content\\\/uploads\\\/2023\\\/10\\\/cropped-thumbnail_logo.png\",\"contentUrl\":\"https:\\\/\\\/avrupatv.eu\\\/wp-content\\\/uploads\\\/2023\\\/10\\\/cropped-thumbnail_logo.png\",\"width\":1025,\"height\":302,\"caption\":\"Avrupa Haber\"},\"image\":{\"@id\":\"https:\\\/\\\/avrupatv.eu\\\/#\\\/schema\\\/logo\\\/image\\\/\"}},{\"@type\":\"Person\",\"@id\":\"https:\\\/\\\/avrupatv.eu\\\/#\\\/schema\\\/person\\\/d56afa5d5569da4029d483da36c0c17d\",\"name\":\"Onur Akpinar\",\"image\":{\"@type\":\"ImageObject\",\"inLanguage\":\"tr\",\"@id\":\"https:\\\/\\\/secure.gravatar.com\\\/avatar\\\/67a1a0bdf34f82da209334e4684b7e7171a58a5a2b0a8f836b61044f5c1f5d6a?s=96&d=mm&r=g\",\"url\":\"https:\\\/\\\/secure.gravatar.com\\\/avatar\\\/67a1a0bdf34f82da209334e4684b7e7171a58a5a2b0a8f836b61044f5c1f5d6a?s=96&d=mm&r=g\",\"contentUrl\":\"https:\\\/\\\/secure.gravatar.com\\\/avatar\\\/67a1a0bdf34f82da209334e4684b7e7171a58a5a2b0a8f836b61044f5c1f5d6a?s=96&d=mm&r=g\",\"caption\":\"Onur Akpinar\"},\"url\":\"https:\\\/\\\/avrupatv.eu\\\/index.php\\\/author\\\/onur-akpinar\\\/\"}]}<\/script>\n<!-- \/ Yoast SEO plugin. -->","yoast_head_json":{"title":"Son dakika! Antalya'da deprem! - Avrupal\u0131 T\u00fcrklerin en Yeni Haber Portal\u0131","robots":{"index":"index","follow":"follow","max-snippet":"max-snippet:-1","max-image-preview":"max-image-preview:large","max-video-preview":"max-video-preview:-1"},"canonical":"https:\/\/avrupatv.eu\/index.php\/2025\/01\/03\/son-dakika-antalyada-deprem\/","og_locale":"tr_TR","og_type":"article","og_title":"Son dakika! Antalya'da deprem! - Avrupal\u0131 T\u00fcrklerin en Yeni Haber Portal\u0131","og_description":"Antalya\u2019da 4,6 B\u00fcy\u00fckl\u00fc\u011f\u00fcnde Deprem! Bug\u00fcn Antalya&#8217;n\u0131n Alanya il\u00e7esi merkezli 4,6 b\u00fcy\u00fckl\u00fc\u011f\u00fcnde bir deprem meydana geldi. AFAD verilerine g\u00f6re, deprem yerel saatle 17.51&#8217;de ve yerin 5 kilometre derinli\u011finde ger\u00e7ekle\u015fti. Deprem, Alanya ba\u015fta olmak \u00fczere \u00e7evre il\u00e7elerde de hissedildi. Vatanda\u015flar aras\u0131nda k\u0131sa s\u00fcreli pani\u011fe neden olan deprem sonras\u0131 baz\u0131 ki\u015filer ev ve i\u015f yerlerini terk ederek g\u00fcvenli [&hellip;]","og_url":"https:\/\/avrupatv.eu\/index.php\/2025\/01\/03\/son-dakika-antalyada-deprem\/","og_site_name":"Avrupal\u0131 T\u00fcrklerin en Yeni Haber Portal\u0131","article_published_time":"2025-01-03T14:04:32+00:00","og_image":[{"width":1280,"height":720,"url":"https:\/\/avrupatv.eu\/wp-content\/uploads\/2025\/01\/son-dakika-afad-acikladi-antalya-aciklarinda-deprem-6472-big.jpg","type":"image\/jpeg"}],"author":"Onur Akpinar","twitter_card":"summary_large_image","twitter_misc":{"Yazan:":"Onur Akpinar","Tahmini okuma s\u00fcresi":"2 dakika"},"schema":{"@context":"https:\/\/schema.org","@graph":[{"@type":"Article","@id":"https:\/\/avrupatv.eu\/index.php\/2025\/01\/03\/son-dakika-antalyada-deprem\/#article","isPartOf":{"@id":"https:\/\/avrupatv.eu\/index.php\/2025\/01\/03\/son-dakika-antalyada-deprem\/"},"author":{"name":"Onur Akpinar","@id":"https:\/\/avrupatv.eu\/#\/schema\/person\/d56afa5d5569da4029d483da36c0c17d"},"headline":"Son dakika! Antalya&#8217;da deprem!","datePublished":"2025-01-03T14:04:32+00:00","mainEntityOfPage":{"@id":"https:\/\/avrupatv.eu\/index.php\/2025\/01\/03\/son-dakika-antalyada-deprem\/"},"wordCount":210,"commentCount":0,"publisher":{"@id":"https:\/\/avrupatv.eu\/#organization"},"image":{"@id":"https:\/\/avrupatv.eu\/index.php\/2025\/01\/03\/son-dakika-antalyada-deprem\/#primaryimage"},"thumbnailUrl":"https:\/\/avrupatv.eu\/wp-content\/uploads\/2025\/01\/son-dakika-afad-acikladi-antalya-aciklarinda-deprem-6472-big.jpg","articleSection":["T\u00fcrkiye"],"inLanguage":"tr","potentialAction":[{"@type":"CommentAction","name":"Comment","target":["https:\/\/avrupatv.eu\/index.php\/2025\/01\/03\/son-dakika-antalyada-deprem\/#respond"]}]},{"@type":"WebPage","@id":"https:\/\/avrupatv.eu\/index.php\/2025\/01\/03\/son-dakika-antalyada-deprem\/","url":"https:\/\/avrupatv.eu\/index.php\/2025\/01\/03\/son-dakika-antalyada-deprem\/","name":"Son dakika! Antalya'da deprem! - Avrupal\u0131 T\u00fcrklerin en Yeni Haber Portal\u0131","isPartOf":{"@id":"https:\/\/avrupatv.eu\/#website"},"primaryImageOfPage":{"@id":"https:\/\/avrupatv.eu\/index.php\/2025\/01\/03\/son-dakika-antalyada-deprem\/#primaryimage"},"image":{"@id":"https:\/\/avrupatv.eu\/index.php\/2025\/01\/03\/son-dakika-antalyada-deprem\/#primaryimage"},"thumbnailUrl":"https:\/\/avrupatv.eu\/wp-content\/uploads\/2025\/01\/son-dakika-afad-acikladi-antalya-aciklarinda-deprem-6472-big.jpg","datePublished":"2025-01-03T14:04:32+00:00","breadcrumb":{"@id":"https:\/\/avrupatv.eu\/index.php\/2025\/01\/03\/son-dakika-antalyada-deprem\/#breadcrumb"},"inLanguage":"tr","potentialAction":[{"@type":"ReadAction","target":["https:\/\/avrupatv.eu\/index.php\/2025\/01\/03\/son-dakika-antalyada-deprem\/"]}]},{"@type":"ImageObject","inLanguage":"tr","@id":"https:\/\/avrupatv.eu\/index.php\/2025\/01\/03\/son-dakika-antalyada-deprem\/#primaryimage","url":"https:\/\/avrupatv.eu\/wp-content\/uploads\/2025\/01\/son-dakika-afad-acikladi-antalya-aciklarinda-deprem-6472-big.jpg","contentUrl":"https:\/\/avrupatv.eu\/wp-content\/uploads\/2025\/01\/son-dakika-afad-acikladi-antalya-aciklarinda-deprem-6472-big.jpg","width":1280,"height":720},{"@type":"BreadcrumbList","@id":"https:\/\/avrupatv.eu\/index.php\/2025\/01\/03\/son-dakika-antalyada-deprem\/#breadcrumb","itemListElement":[{"@type":"ListItem","position":1,"name":"Anasayfa","item":"https:\/\/avrupatv.eu\/"},{"@type":"ListItem","position":2,"name":"Son dakika! Antalya&#8217;da deprem!"}]},{"@type":"WebSite","@id":"https:\/\/avrupatv.eu\/#website","url":"https:\/\/avrupatv.eu\/","name":"Avrupal\u0131 T\u00fcrklerin en Yeni Haber Portal\u0131","description":"","publisher":{"@id":"https:\/\/avrupatv.eu\/#organization"},"alternateName":"Avrupa tv","potentialAction":[{"@type":"SearchAction","target":{"@type":"EntryPoint","urlTemplate":"https:\/\/avrupatv.eu\/?s={search_term_string}"},"query-input":{"@type":"PropertyValueSpecification","valueRequired":true,"valueName":"search_term_string"}}],"inLanguage":"tr"},{"@type":"Organization","@id":"https:\/\/avrupatv.eu\/#organization","name":"Avrupa Haber","url":"https:\/\/avrupatv.eu\/","logo":{"@type":"ImageObject","inLanguage":"tr","@id":"https:\/\/avrupatv.eu\/#\/schema\/logo\/image\/","url":"https:\/\/avrupatv.eu\/wp-content\/uploads\/2023\/10\/cropped-thumbnail_logo.png","contentUrl":"https:\/\/avrupatv.eu\/wp-content\/uploads\/2023\/10\/cropped-thumbnail_logo.png","width":1025,"height":302,"caption":"Avrupa Haber"},"image":{"@id":"https:\/\/avrupatv.eu\/#\/schema\/logo\/image\/"}},{"@type":"Person","@id":"https:\/\/avrupatv.eu\/#\/schema\/person\/d56afa5d5569da4029d483da36c0c17d","name":"Onur Akpinar","image":{"@type":"ImageObject","inLanguage":"tr","@id":"https:\/\/secure.gravatar.com\/avatar\/67a1a0bdf34f82da209334e4684b7e7171a58a5a2b0a8f836b61044f5c1f5d6a?s=96&d=mm&r=g","url":"https:\/\/secure.gravatar.com\/avatar\/67a1a0bdf34f82da209334e4684b7e7171a58a5a2b0a8f836b61044f5c1f5d6a?s=96&d=mm&r=g","contentUrl":"https:\/\/secure.gravatar.com\/avatar\/67a1a0bdf34f82da209334e4684b7e7171a58a5a2b0a8f836b61044f5c1f5d6a?s=96&d=mm&r=g","caption":"Onur Akpinar"},"url":"https:\/\/avrupatv.eu\/index.php\/author\/onur-akpinar\/"}]}},"_links":{"self":[{"href":"https:\/\/avrupatv.eu\/index.php\/wp-json\/wp\/v2\/posts\/971","targetHints":{"allow":["GET"]}}],"collection":[{"href":"https:\/\/avrupatv.eu\/index.php\/wp-json\/wp\/v2\/posts"}],"about":[{"href":"https:\/\/avrupatv.eu\/index.php\/wp-json\/wp\/v2\/types\/post"}],"author":[{"embeddable":true,"href":"https:\/\/avrupatv.eu\/index.php\/wp-json\/wp\/v2\/users\/2"}],"replies":[{"embeddable":true,"href":"https:\/\/avrupatv.eu\/index.php\/wp-json\/wp\/v2\/comments?post=971"}],"version-history":[{"count":1,"href":"https:\/\/avrupatv.eu\/index.php\/wp-json\/wp\/v2\/posts\/971\/revisions"}],"predecessor-version":[{"id":973,"href":"https:\/\/avrupatv.eu\/index.php\/wp-json\/wp\/v2\/posts\/971\/revisions\/973"}],"wp:featuredmedia":[{"embeddable":true,"href":"https:\/\/avrupatv.eu\/index.php\/wp-json\/wp\/v2\/media\/972"}],"wp:attachment":[{"href":"https:\/\/avrupatv.eu\/index.php\/wp-json\/wp\/v2\/media?parent=971"}],"wp:term":[{"taxonomy":"category","embeddable":true,"href":"https:\/\/avrupatv.eu\/index.php\/wp-json\/wp\/v2\/categories?post=971"},{"taxonomy":"post_tag","embeddable":true,"href":"https:\/\/avrupatv.eu\/index.php\/wp-json\/wp\/v2\/tags?post=971"}],"curies":[{"name":"wp","href":"https:\/\/api.w.org\/{rel}","templated":true}]}}