{"id":967,"date":"2025-01-03T07:14:35","date_gmt":"2025-01-03T07:14:35","guid":{"rendered":"https:\/\/avrupatv.eu\/?p=967"},"modified":"2025-01-03T07:14:36","modified_gmt":"2025-01-03T07:14:36","slug":"enflasyon-aciklandi-emekliye-zam-nekadar","status":"publish","type":"post","link":"https:\/\/avrupatv.eu\/index.php\/2025\/01\/03\/enflasyon-aciklandi-emekliye-zam-nekadar\/","title":{"rendered":"Enflasyon a\u00e7\u0131kland\u0131, emekliye zam nekadar?"},"content":{"rendered":"\n<p>SSK ve Ba\u011f-Kur Emeklilerine Ocak 2025\u2019te %16,47 Zam Geliyor<\/p>\n\n\n\n<p>T\u00fcrkiye \u0130statistik Kurumu (T\u00dc\u0130K) taraf\u0131ndan a\u00e7\u0131klanan Aral\u0131k ay\u0131 enflasyon verileri, SSK ve Ba\u011f-Kur emeklilerinin Ocak 2025 maa\u015f zamm\u0131n\u0131 belirledi. A\u00e7\u0131klanan verilere g\u00f6re y\u0131ll\u0131k enflasyon %44,38, 6 ayl\u0131k enflasyon ise %16,47 olarak ger\u00e7ekle\u015fti. Bu do\u011frultuda, SSK ve Ba\u011f-Kur emeklilerinin maa\u015flar\u0131na %16,47 oran\u0131nda zam yap\u0131lacak.<\/p>\n\n\n\n<p>En D\u00fc\u015f\u00fck Emekli Maa\u015f\u0131 12.500 TLMevcut d\u00fczenleme gere\u011fi en d\u00fc\u015f\u00fck emekli maa\u015f\u0131 12.500 TL olarak uygulanmaya devam edecek. K\u00f6k maa\u015f\u0131 bu tutar\u0131n alt\u0131nda kalan emeklilere ise 12.500 TL \u00f6denmesi s\u00fcrd\u00fcr\u00fclecek. Ancak \u00c7al\u0131\u015fma ve Sosyal G\u00fcvenlik Bakan\u0131 Vedat I\u015f\u0131khan, en d\u00fc\u015f\u00fck emekli maa\u015f\u0131n\u0131n art\u0131r\u0131lmas\u0131 y\u00f6n\u00fcnde \u00e7al\u0131\u015fmalar\u0131n yap\u0131labilece\u011fini belirtti. Bu konuda Meclis\u2019te yeni bir d\u00fczenleme yap\u0131lmas\u0131 bekleniyor.<\/p>\n\n\n\n<p>Zaml\u0131 Maa\u015flar Ne Zaman \u00d6denecek?Zaml\u0131 maa\u015flar, Ocak ay\u0131n\u0131n ikinci haftas\u0131ndan itibaren emeklilerin hesaplar\u0131na yat\u0131r\u0131lacak. Bu s\u00fcre\u00e7te yap\u0131lacak olas\u0131 d\u00fczenlemelerle birlikte en d\u00fc\u015f\u00fck maa\u015fta art\u0131\u015f olup olmayaca\u011f\u0131 netle\u015fecek.<\/p>\n\n\n\n<p>Emekliler, maa\u015flar\u0131na yans\u0131yan zam oran\u0131n\u0131 e-Devlet \u00fczerinden veya bankalar\u0131ndan \u00f6\u011frenebilecek.<\/p>\n\n\n\n<p><\/p>\n","protected":false},"excerpt":{"rendered":"<p>SSK ve Ba\u011f-Kur Emeklilerine Ocak 2025\u2019te %16,47 Zam Geliyor T\u00fcrkiye \u0130statistik Kurumu (T\u00dc\u0130K) taraf\u0131ndan a\u00e7\u0131klanan Aral\u0131k ay\u0131 enflasyon verileri, SSK ve Ba\u011f-Kur emeklilerinin Ocak 2025 maa\u015f zamm\u0131n\u0131 belirledi. A\u00e7\u0131klanan verilere g\u00f6re y\u0131ll\u0131k enflasyon %44,38, 6 ayl\u0131k enflasyon ise %16,47 olarak ger\u00e7ekle\u015fti. Bu do\u011frultuda, SSK ve Ba\u011f-Kur emeklilerinin maa\u015flar\u0131na %16,47 oran\u0131nda zam yap\u0131lacak. En D\u00fc\u015f\u00fck Emekli [&hellip;]<\/p>\n","protected":false},"author":2,"featured_media":968,"comment_status":"open","ping_status":"open","sticky":false,"template":"","format":"standard","meta":{"footnotes":""},"categories":[11],"tags":[],"class_list":["post-967","post","type-post","status-publish","format-standard","has-post-thumbnail","hentry","category-turkiye"],"yoast_head":"<!-- This site is optimized with the Yoast SEO plugin v27.5 - https:\/\/yoast.com\/product\/yoast-seo-wordpress\/ -->\n<title>Enflasyon a\u00e7\u0131kland\u0131, emekliye zam nekadar? - Avrupal\u0131 T\u00fcrklerin en Yeni Haber Portal\u0131<\/title>\n<meta name=\"robots\" content=\"index, follow, max-snippet:-1, max-image-preview:large, max-video-preview:-1\" \/>\n<link rel=\"canonical\" href=\"https:\/\/avrupatv.eu\/index.php\/2025\/01\/03\/enflasyon-aciklandi-emekliye-zam-nekadar\/\" \/>\n<meta property=\"og:locale\" content=\"tr_TR\" \/>\n<meta property=\"og:type\" content=\"article\" \/>\n<meta property=\"og:title\" content=\"Enflasyon a\u00e7\u0131kland\u0131, emekliye zam nekadar? - Avrupal\u0131 T\u00fcrklerin en Yeni Haber Portal\u0131\" \/>\n<meta property=\"og:description\" content=\"SSK ve Ba\u011f-Kur Emeklilerine Ocak 2025\u2019te %16,47 Zam Geliyor T\u00fcrkiye \u0130statistik Kurumu (T\u00dc\u0130K) taraf\u0131ndan a\u00e7\u0131klanan Aral\u0131k ay\u0131 enflasyon verileri, SSK ve Ba\u011f-Kur emeklilerinin Ocak 2025 maa\u015f zamm\u0131n\u0131 belirledi. A\u00e7\u0131klanan verilere g\u00f6re y\u0131ll\u0131k enflasyon %44,38, 6 ayl\u0131k enflasyon ise %16,47 olarak ger\u00e7ekle\u015fti. Bu do\u011frultuda, SSK ve Ba\u011f-Kur emeklilerinin maa\u015flar\u0131na %16,47 oran\u0131nda zam yap\u0131lacak. En D\u00fc\u015f\u00fck Emekli [&hellip;]\" \/>\n<meta property=\"og:url\" content=\"https:\/\/avrupatv.eu\/index.php\/2025\/01\/03\/enflasyon-aciklandi-emekliye-zam-nekadar\/\" \/>\n<meta property=\"og:site_name\" content=\"Avrupal\u0131 T\u00fcrklerin en Yeni Haber Portal\u0131\" \/>\n<meta property=\"article:published_time\" content=\"2025-01-03T07:14:35+00:00\" \/>\n<meta property=\"article:modified_time\" content=\"2025-01-03T07:14:36+00:00\" \/>\n<meta property=\"og:image\" content=\"https:\/\/avrupatv.eu\/wp-content\/uploads\/2025\/01\/19159693-1200xauto.jpg\" \/>\n\t<meta property=\"og:image:width\" content=\"1080\" \/>\n\t<meta property=\"og:image:height\" content=\"709\" \/>\n\t<meta property=\"og:image:type\" content=\"image\/jpeg\" \/>\n<meta name=\"author\" content=\"Onur Akpinar\" \/>\n<meta name=\"twitter:card\" content=\"summary_large_image\" \/>\n<meta name=\"twitter:label1\" content=\"Yazan:\" \/>\n\t<meta name=\"twitter:data1\" content=\"Onur Akpinar\" \/>\n\t<meta name=\"twitter:label2\" content=\"Tahmini okuma s\u00fcresi\" \/>\n\t<meta name=\"twitter:data2\" content=\"2 dakika\" \/>\n<script type=\"application\/ld+json\" class=\"yoast-schema-graph\">{\"@context\":\"https:\\\/\\\/schema.org\",\"@graph\":[{\"@type\":\"Article\",\"@id\":\"https:\\\/\\\/avrupatv.eu\\\/index.php\\\/2025\\\/01\\\/03\\\/enflasyon-aciklandi-emekliye-zam-nekadar\\\/#article\",\"isPartOf\":{\"@id\":\"https:\\\/\\\/avrupatv.eu\\\/index.php\\\/2025\\\/01\\\/03\\\/enflasyon-aciklandi-emekliye-zam-nekadar\\\/\"},\"author\":{\"name\":\"Onur Akpinar\",\"@id\":\"https:\\\/\\\/avrupatv.eu\\\/#\\\/schema\\\/person\\\/d56afa5d5569da4029d483da36c0c17d\"},\"headline\":\"Enflasyon a\u00e7\u0131kland\u0131, emekliye zam nekadar?\",\"datePublished\":\"2025-01-03T07:14:35+00:00\",\"dateModified\":\"2025-01-03T07:14:36+00:00\",\"mainEntityOfPage\":{\"@id\":\"https:\\\/\\\/avrupatv.eu\\\/index.php\\\/2025\\\/01\\\/03\\\/enflasyon-aciklandi-emekliye-zam-nekadar\\\/\"},\"wordCount\":210,\"commentCount\":0,\"publisher\":{\"@id\":\"https:\\\/\\\/avrupatv.eu\\\/#organization\"},\"image\":{\"@id\":\"https:\\\/\\\/avrupatv.eu\\\/index.php\\\/2025\\\/01\\\/03\\\/enflasyon-aciklandi-emekliye-zam-nekadar\\\/#primaryimage\"},\"thumbnailUrl\":\"https:\\\/\\\/avrupatv.eu\\\/wp-content\\\/uploads\\\/2025\\\/01\\\/19159693-1200xauto.jpg\",\"articleSection\":[\"T\u00fcrkiye\"],\"inLanguage\":\"tr\",\"potentialAction\":[{\"@type\":\"CommentAction\",\"name\":\"Comment\",\"target\":[\"https:\\\/\\\/avrupatv.eu\\\/index.php\\\/2025\\\/01\\\/03\\\/enflasyon-aciklandi-emekliye-zam-nekadar\\\/#respond\"]}]},{\"@type\":\"WebPage\",\"@id\":\"https:\\\/\\\/avrupatv.eu\\\/index.php\\\/2025\\\/01\\\/03\\\/enflasyon-aciklandi-emekliye-zam-nekadar\\\/\",\"url\":\"https:\\\/\\\/avrupatv.eu\\\/index.php\\\/2025\\\/01\\\/03\\\/enflasyon-aciklandi-emekliye-zam-nekadar\\\/\",\"name\":\"Enflasyon a\u00e7\u0131kland\u0131, emekliye zam nekadar? - Avrupal\u0131 T\u00fcrklerin en Yeni Haber Portal\u0131\",\"isPartOf\":{\"@id\":\"https:\\\/\\\/avrupatv.eu\\\/#website\"},\"primaryImageOfPage\":{\"@id\":\"https:\\\/\\\/avrupatv.eu\\\/index.php\\\/2025\\\/01\\\/03\\\/enflasyon-aciklandi-emekliye-zam-nekadar\\\/#primaryimage\"},\"image\":{\"@id\":\"https:\\\/\\\/avrupatv.eu\\\/index.php\\\/2025\\\/01\\\/03\\\/enflasyon-aciklandi-emekliye-zam-nekadar\\\/#primaryimage\"},\"thumbnailUrl\":\"https:\\\/\\\/avrupatv.eu\\\/wp-content\\\/uploads\\\/2025\\\/01\\\/19159693-1200xauto.jpg\",\"datePublished\":\"2025-01-03T07:14:35+00:00\",\"dateModified\":\"2025-01-03T07:14:36+00:00\",\"breadcrumb\":{\"@id\":\"https:\\\/\\\/avrupatv.eu\\\/index.php\\\/2025\\\/01\\\/03\\\/enflasyon-aciklandi-emekliye-zam-nekadar\\\/#breadcrumb\"},\"inLanguage\":\"tr\",\"potentialAction\":[{\"@type\":\"ReadAction\",\"target\":[\"https:\\\/\\\/avrupatv.eu\\\/index.php\\\/2025\\\/01\\\/03\\\/enflasyon-aciklandi-emekliye-zam-nekadar\\\/\"]}]},{\"@type\":\"ImageObject\",\"inLanguage\":\"tr\",\"@id\":\"https:\\\/\\\/avrupatv.eu\\\/index.php\\\/2025\\\/01\\\/03\\\/enflasyon-aciklandi-emekliye-zam-nekadar\\\/#primaryimage\",\"url\":\"https:\\\/\\\/avrupatv.eu\\\/wp-content\\\/uploads\\\/2025\\\/01\\\/19159693-1200xauto.jpg\",\"contentUrl\":\"https:\\\/\\\/avrupatv.eu\\\/wp-content\\\/uploads\\\/2025\\\/01\\\/19159693-1200xauto.jpg\",\"width\":1080,\"height\":709},{\"@type\":\"BreadcrumbList\",\"@id\":\"https:\\\/\\\/avrupatv.eu\\\/index.php\\\/2025\\\/01\\\/03\\\/enflasyon-aciklandi-emekliye-zam-nekadar\\\/#breadcrumb\",\"itemListElement\":[{\"@type\":\"ListItem\",\"position\":1,\"name\":\"Anasayfa\",\"item\":\"https:\\\/\\\/avrupatv.eu\\\/\"},{\"@type\":\"ListItem\",\"position\":2,\"name\":\"Enflasyon a\u00e7\u0131kland\u0131, emekliye zam nekadar?\"}]},{\"@type\":\"WebSite\",\"@id\":\"https:\\\/\\\/avrupatv.eu\\\/#website\",\"url\":\"https:\\\/\\\/avrupatv.eu\\\/\",\"name\":\"Avrupal\u0131 T\u00fcrklerin en Yeni Haber Portal\u0131\",\"description\":\"\",\"publisher\":{\"@id\":\"https:\\\/\\\/avrupatv.eu\\\/#organization\"},\"alternateName\":\"Avrupa tv\",\"potentialAction\":[{\"@type\":\"SearchAction\",\"target\":{\"@type\":\"EntryPoint\",\"urlTemplate\":\"https:\\\/\\\/avrupatv.eu\\\/?s={search_term_string}\"},\"query-input\":{\"@type\":\"PropertyValueSpecification\",\"valueRequired\":true,\"valueName\":\"search_term_string\"}}],\"inLanguage\":\"tr\"},{\"@type\":\"Organization\",\"@id\":\"https:\\\/\\\/avrupatv.eu\\\/#organization\",\"name\":\"Avrupa Haber\",\"url\":\"https:\\\/\\\/avrupatv.eu\\\/\",\"logo\":{\"@type\":\"ImageObject\",\"inLanguage\":\"tr\",\"@id\":\"https:\\\/\\\/avrupatv.eu\\\/#\\\/schema\\\/logo\\\/image\\\/\",\"url\":\"https:\\\/\\\/avrupatv.eu\\\/wp-content\\\/uploads\\\/2023\\\/10\\\/cropped-thumbnail_logo.png\",\"contentUrl\":\"https:\\\/\\\/avrupatv.eu\\\/wp-content\\\/uploads\\\/2023\\\/10\\\/cropped-thumbnail_logo.png\",\"width\":1025,\"height\":302,\"caption\":\"Avrupa Haber\"},\"image\":{\"@id\":\"https:\\\/\\\/avrupatv.eu\\\/#\\\/schema\\\/logo\\\/image\\\/\"}},{\"@type\":\"Person\",\"@id\":\"https:\\\/\\\/avrupatv.eu\\\/#\\\/schema\\\/person\\\/d56afa5d5569da4029d483da36c0c17d\",\"name\":\"Onur Akpinar\",\"image\":{\"@type\":\"ImageObject\",\"inLanguage\":\"tr\",\"@id\":\"https:\\\/\\\/secure.gravatar.com\\\/avatar\\\/67a1a0bdf34f82da209334e4684b7e7171a58a5a2b0a8f836b61044f5c1f5d6a?s=96&d=mm&r=g\",\"url\":\"https:\\\/\\\/secure.gravatar.com\\\/avatar\\\/67a1a0bdf34f82da209334e4684b7e7171a58a5a2b0a8f836b61044f5c1f5d6a?s=96&d=mm&r=g\",\"contentUrl\":\"https:\\\/\\\/secure.gravatar.com\\\/avatar\\\/67a1a0bdf34f82da209334e4684b7e7171a58a5a2b0a8f836b61044f5c1f5d6a?s=96&d=mm&r=g\",\"caption\":\"Onur Akpinar\"},\"url\":\"https:\\\/\\\/avrupatv.eu\\\/index.php\\\/author\\\/onur-akpinar\\\/\"}]}<\/script>\n<!-- \/ Yoast SEO plugin. -->","yoast_head_json":{"title":"Enflasyon a\u00e7\u0131kland\u0131, emekliye zam nekadar? - Avrupal\u0131 T\u00fcrklerin en Yeni Haber Portal\u0131","robots":{"index":"index","follow":"follow","max-snippet":"max-snippet:-1","max-image-preview":"max-image-preview:large","max-video-preview":"max-video-preview:-1"},"canonical":"https:\/\/avrupatv.eu\/index.php\/2025\/01\/03\/enflasyon-aciklandi-emekliye-zam-nekadar\/","og_locale":"tr_TR","og_type":"article","og_title":"Enflasyon a\u00e7\u0131kland\u0131, emekliye zam nekadar? - Avrupal\u0131 T\u00fcrklerin en Yeni Haber Portal\u0131","og_description":"SSK ve Ba\u011f-Kur Emeklilerine Ocak 2025\u2019te %16,47 Zam Geliyor T\u00fcrkiye \u0130statistik Kurumu (T\u00dc\u0130K) taraf\u0131ndan a\u00e7\u0131klanan Aral\u0131k ay\u0131 enflasyon verileri, SSK ve Ba\u011f-Kur emeklilerinin Ocak 2025 maa\u015f zamm\u0131n\u0131 belirledi. A\u00e7\u0131klanan verilere g\u00f6re y\u0131ll\u0131k enflasyon %44,38, 6 ayl\u0131k enflasyon ise %16,47 olarak ger\u00e7ekle\u015fti. Bu do\u011frultuda, SSK ve Ba\u011f-Kur emeklilerinin maa\u015flar\u0131na %16,47 oran\u0131nda zam yap\u0131lacak. En D\u00fc\u015f\u00fck Emekli [&hellip;]","og_url":"https:\/\/avrupatv.eu\/index.php\/2025\/01\/03\/enflasyon-aciklandi-emekliye-zam-nekadar\/","og_site_name":"Avrupal\u0131 T\u00fcrklerin en Yeni Haber Portal\u0131","article_published_time":"2025-01-03T07:14:35+00:00","article_modified_time":"2025-01-03T07:14:36+00:00","og_image":[{"width":1080,"height":709,"url":"https:\/\/avrupatv.eu\/wp-content\/uploads\/2025\/01\/19159693-1200xauto.jpg","type":"image\/jpeg"}],"author":"Onur Akpinar","twitter_card":"summary_large_image","twitter_misc":{"Yazan:":"Onur Akpinar","Tahmini okuma s\u00fcresi":"2 dakika"},"schema":{"@context":"https:\/\/schema.org","@graph":[{"@type":"Article","@id":"https:\/\/avrupatv.eu\/index.php\/2025\/01\/03\/enflasyon-aciklandi-emekliye-zam-nekadar\/#article","isPartOf":{"@id":"https:\/\/avrupatv.eu\/index.php\/2025\/01\/03\/enflasyon-aciklandi-emekliye-zam-nekadar\/"},"author":{"name":"Onur Akpinar","@id":"https:\/\/avrupatv.eu\/#\/schema\/person\/d56afa5d5569da4029d483da36c0c17d"},"headline":"Enflasyon a\u00e7\u0131kland\u0131, emekliye zam nekadar?","datePublished":"2025-01-03T07:14:35+00:00","dateModified":"2025-01-03T07:14:36+00:00","mainEntityOfPage":{"@id":"https:\/\/avrupatv.eu\/index.php\/2025\/01\/03\/enflasyon-aciklandi-emekliye-zam-nekadar\/"},"wordCount":210,"commentCount":0,"publisher":{"@id":"https:\/\/avrupatv.eu\/#organization"},"image":{"@id":"https:\/\/avrupatv.eu\/index.php\/2025\/01\/03\/enflasyon-aciklandi-emekliye-zam-nekadar\/#primaryimage"},"thumbnailUrl":"https:\/\/avrupatv.eu\/wp-content\/uploads\/2025\/01\/19159693-1200xauto.jpg","articleSection":["T\u00fcrkiye"],"inLanguage":"tr","potentialAction":[{"@type":"CommentAction","name":"Comment","target":["https:\/\/avrupatv.eu\/index.php\/2025\/01\/03\/enflasyon-aciklandi-emekliye-zam-nekadar\/#respond"]}]},{"@type":"WebPage","@id":"https:\/\/avrupatv.eu\/index.php\/2025\/01\/03\/enflasyon-aciklandi-emekliye-zam-nekadar\/","url":"https:\/\/avrupatv.eu\/index.php\/2025\/01\/03\/enflasyon-aciklandi-emekliye-zam-nekadar\/","name":"Enflasyon a\u00e7\u0131kland\u0131, emekliye zam nekadar? - Avrupal\u0131 T\u00fcrklerin en Yeni Haber Portal\u0131","isPartOf":{"@id":"https:\/\/avrupatv.eu\/#website"},"primaryImageOfPage":{"@id":"https:\/\/avrupatv.eu\/index.php\/2025\/01\/03\/enflasyon-aciklandi-emekliye-zam-nekadar\/#primaryimage"},"image":{"@id":"https:\/\/avrupatv.eu\/index.php\/2025\/01\/03\/enflasyon-aciklandi-emekliye-zam-nekadar\/#primaryimage"},"thumbnailUrl":"https:\/\/avrupatv.eu\/wp-content\/uploads\/2025\/01\/19159693-1200xauto.jpg","datePublished":"2025-01-03T07:14:35+00:00","dateModified":"2025-01-03T07:14:36+00:00","breadcrumb":{"@id":"https:\/\/avrupatv.eu\/index.php\/2025\/01\/03\/enflasyon-aciklandi-emekliye-zam-nekadar\/#breadcrumb"},"inLanguage":"tr","potentialAction":[{"@type":"ReadAction","target":["https:\/\/avrupatv.eu\/index.php\/2025\/01\/03\/enflasyon-aciklandi-emekliye-zam-nekadar\/"]}]},{"@type":"ImageObject","inLanguage":"tr","@id":"https:\/\/avrupatv.eu\/index.php\/2025\/01\/03\/enflasyon-aciklandi-emekliye-zam-nekadar\/#primaryimage","url":"https:\/\/avrupatv.eu\/wp-content\/uploads\/2025\/01\/19159693-1200xauto.jpg","contentUrl":"https:\/\/avrupatv.eu\/wp-content\/uploads\/2025\/01\/19159693-1200xauto.jpg","width":1080,"height":709},{"@type":"BreadcrumbList","@id":"https:\/\/avrupatv.eu\/index.php\/2025\/01\/03\/enflasyon-aciklandi-emekliye-zam-nekadar\/#breadcrumb","itemListElement":[{"@type":"ListItem","position":1,"name":"Anasayfa","item":"https:\/\/avrupatv.eu\/"},{"@type":"ListItem","position":2,"name":"Enflasyon a\u00e7\u0131kland\u0131, emekliye zam nekadar?"}]},{"@type":"WebSite","@id":"https:\/\/avrupatv.eu\/#website","url":"https:\/\/avrupatv.eu\/","name":"Avrupal\u0131 T\u00fcrklerin en Yeni Haber Portal\u0131","description":"","publisher":{"@id":"https:\/\/avrupatv.eu\/#organization"},"alternateName":"Avrupa tv","potentialAction":[{"@type":"SearchAction","target":{"@type":"EntryPoint","urlTemplate":"https:\/\/avrupatv.eu\/?s={search_term_string}"},"query-input":{"@type":"PropertyValueSpecification","valueRequired":true,"valueName":"search_term_string"}}],"inLanguage":"tr"},{"@type":"Organization","@id":"https:\/\/avrupatv.eu\/#organization","name":"Avrupa Haber","url":"https:\/\/avrupatv.eu\/","logo":{"@type":"ImageObject","inLanguage":"tr","@id":"https:\/\/avrupatv.eu\/#\/schema\/logo\/image\/","url":"https:\/\/avrupatv.eu\/wp-content\/uploads\/2023\/10\/cropped-thumbnail_logo.png","contentUrl":"https:\/\/avrupatv.eu\/wp-content\/uploads\/2023\/10\/cropped-thumbnail_logo.png","width":1025,"height":302,"caption":"Avrupa Haber"},"image":{"@id":"https:\/\/avrupatv.eu\/#\/schema\/logo\/image\/"}},{"@type":"Person","@id":"https:\/\/avrupatv.eu\/#\/schema\/person\/d56afa5d5569da4029d483da36c0c17d","name":"Onur Akpinar","image":{"@type":"ImageObject","inLanguage":"tr","@id":"https:\/\/secure.gravatar.com\/avatar\/67a1a0bdf34f82da209334e4684b7e7171a58a5a2b0a8f836b61044f5c1f5d6a?s=96&d=mm&r=g","url":"https:\/\/secure.gravatar.com\/avatar\/67a1a0bdf34f82da209334e4684b7e7171a58a5a2b0a8f836b61044f5c1f5d6a?s=96&d=mm&r=g","contentUrl":"https:\/\/secure.gravatar.com\/avatar\/67a1a0bdf34f82da209334e4684b7e7171a58a5a2b0a8f836b61044f5c1f5d6a?s=96&d=mm&r=g","caption":"Onur Akpinar"},"url":"https:\/\/avrupatv.eu\/index.php\/author\/onur-akpinar\/"}]}},"_links":{"self":[{"href":"https:\/\/avrupatv.eu\/index.php\/wp-json\/wp\/v2\/posts\/967","targetHints":{"allow":["GET"]}}],"collection":[{"href":"https:\/\/avrupatv.eu\/index.php\/wp-json\/wp\/v2\/posts"}],"about":[{"href":"https:\/\/avrupatv.eu\/index.php\/wp-json\/wp\/v2\/types\/post"}],"author":[{"embeddable":true,"href":"https:\/\/avrupatv.eu\/index.php\/wp-json\/wp\/v2\/users\/2"}],"replies":[{"embeddable":true,"href":"https:\/\/avrupatv.eu\/index.php\/wp-json\/wp\/v2\/comments?post=967"}],"version-history":[{"count":1,"href":"https:\/\/avrupatv.eu\/index.php\/wp-json\/wp\/v2\/posts\/967\/revisions"}],"predecessor-version":[{"id":969,"href":"https:\/\/avrupatv.eu\/index.php\/wp-json\/wp\/v2\/posts\/967\/revisions\/969"}],"wp:featuredmedia":[{"embeddable":true,"href":"https:\/\/avrupatv.eu\/index.php\/wp-json\/wp\/v2\/media\/968"}],"wp:attachment":[{"href":"https:\/\/avrupatv.eu\/index.php\/wp-json\/wp\/v2\/media?parent=967"}],"wp:term":[{"taxonomy":"category","embeddable":true,"href":"https:\/\/avrupatv.eu\/index.php\/wp-json\/wp\/v2\/categories?post=967"},{"taxonomy":"post_tag","embeddable":true,"href":"https:\/\/avrupatv.eu\/index.php\/wp-json\/wp\/v2\/tags?post=967"}],"curies":[{"name":"wp","href":"https:\/\/api.w.org\/{rel}","templated":true}]}}