{"id":95,"date":"2023-10-31T21:55:51","date_gmt":"2023-10-31T21:55:51","guid":{"rendered":"https:\/\/avrupatv.eu\/?p=95"},"modified":"2023-10-31T21:59:04","modified_gmt":"2023-10-31T21:59:04","slug":"belcika-ve-turkiye-ekonomisihangisi-daha-iyi","status":"publish","type":"post","link":"https:\/\/avrupatv.eu\/index.php\/2023\/10\/31\/belcika-ve-turkiye-ekonomisihangisi-daha-iyi\/","title":{"rendered":"Bel\u00e7ika ve T\u00fcrkiye ekonomisi,hangisi daha iyi?"},"content":{"rendered":"\n<p>De\u011ferli Avrupa TV okurlar\u0131, \u00f6zellikle yurt d\u0131\u015f\u0131na \u00e7\u0131kmak isteyen gen\u00e7ler. Sizler i\u00e7in her iki \u00fclkenin gece hayat\u0131, hayat pahal\u0131l\u0131\u011f\u0131 ile alakal\u0131 k\u00fc\u00e7\u00fck bir ara\u015ft\u0131rma yapt\u0131m. <\/p>\n\n\n\n<p>Bel\u00e7ika&#8217;da asgari \u00fccret ortalama sene sonu primi ve tatil primleri ile beraber ayl\u0131k <strong>57.000 tl<\/strong>. T\u00fcrkiye&#8217;de asgari \u00fccret ayl\u0131k <strong>11.402 tl<\/strong>.<\/p>\n\n\n\n<p>Alttaki listede her iki  \u00fclkenin T\u00fcrk Liras\u0131 \u00fczerinden \u00fcr\u00fcn fiyatlar\u0131n\u0131 g\u00f6rebileceksiniz. <\/p>\n\n\n\n<p>Marlboro S\u0131gara Bel\u00e7ika: 255tl T\u00fcrkiye: 51tl<\/p>\n\n\n\n<p>Vodka(Smirnof 70) Bel\u00e7ika: 495tl T\u00fcrkiye: 560tl<\/p>\n\n\n\n<p>Makarna(500gr) Bel\u00e7ika: 25tl T\u00fcrkiye: 24.50tl<\/p>\n\n\n\n<p>Sucuk(1kilo) Bel\u00e7ika: 450tl T\u00fcrkiye: 145 tl<\/p>\n\n\n\n<p>S\u00fct(1L) Bel\u00e7ika: 24tl T\u00fcrkiye: 30.90tl<\/p>\n\n\n\n<p>Yumurta(12tane) Bel\u00e7ika: 67tl T\u00fcrkiye: 30tl<\/p>\n\n\n\n<p>Domates(1kilo) Bel\u00e7ika: 68tl T\u00fcrkiye: 22tl<\/p>\n\n\n\n<p>Beyaz peynir (1kilo) Bel\u00e7ika: 345tl T\u00fcrkiye: 169tl<\/p>\n\n\n\n<p>Patates(1kilo) Bel\u00e7ika: 36tl T\u00fcrkiye: 19tl<\/p>\n\n\n\n<p>Fiyatlar Bel\u00e7ikan\u0131n en ucuz market zinciri Colruytten, T\u00fcrkiye fiyatlar\u0131 Migros ve Bim&#8217;den.<\/p>\n\n\n\n<p>Collruyt web sitesi:<a href=\" https:\/\/www.colruyt.be\/nl\/producten?page=1\"> https:\/\/www.colruyt.be\/nl\/producten?page=1<\/a><\/p>\n\n\n\n<p>T\u00fcrkiye&#8217;de kiralar il ve \u015fehirlere g\u00f6re de\u011fi\u015fiyor ve illere g\u00f6re \u00e7ok b\u00fcy\u00fck fiyat fark\u0131 olabiliyor ama bel\u00e7ika&#8217;da ikiye ayr\u0131lm\u0131\u015f \u015fekilde b\u00fcy\u00fck\u015fehirlerde Br\u00fcksel,Anvers,Gent gibi ayl\u0131k k\u0131ralar 2 yatak odal\u0131 daire i\u00e7in ortalama 33.000tl ve di\u011fer yerlerde ortalama 23.000tl. Araba fiyatlar\u0131 Bel\u00e7ika&#8217;da daha uygun. Benim kulland\u0131\u011f\u0131m araba Seat \u0130biza 2016 station 1.2 ortalama 210.000tl Bel\u00e7ika&#8217;da ve ayn\u0131 araba T\u00fcrkiye&#8217;de ortalama 480.000tl. Br\u00fcksel&#8217;de en uygun otel fiyat\u0131 ortalama 2100tl \u0130stanbul&#8217;da en uygun otel fiyat\u0131 ortalama 800tl.<\/p>\n\n\n\n<p>Onur Akp\u0131nar<\/p>\n\n\n\n<p><\/p>\n","protected":false},"excerpt":{"rendered":"<p>De\u011ferli Avrupa TV okurlar\u0131, \u00f6zellikle yurt d\u0131\u015f\u0131na \u00e7\u0131kmak isteyen gen\u00e7ler. Sizler i\u00e7in her iki \u00fclkenin gece hayat\u0131, hayat pahal\u0131l\u0131\u011f\u0131 ile alakal\u0131 k\u00fc\u00e7\u00fck bir ara\u015ft\u0131rma yapt\u0131m. Bel\u00e7ika&#8217;da asgari \u00fccret ortalama sene sonu primi ve tatil primleri ile beraber ayl\u0131k 57.000 tl. T\u00fcrkiye&#8217;de asgari \u00fccret ayl\u0131k 11.402 tl. Alttaki listede her iki \u00fclkenin T\u00fcrk Liras\u0131 \u00fczerinden \u00fcr\u00fcn [&hellip;]<\/p>\n","protected":false},"author":2,"featured_media":96,"comment_status":"open","ping_status":"open","sticky":false,"template":"","format":"standard","meta":{"footnotes":""},"categories":[9,1,13,11],"tags":[],"class_list":["post-95","post","type-post","status-publish","format-standard","has-post-thumbnail","hentry","category-avrupa","category-blog","category-ekonomi","category-turkiye"],"yoast_head":"<!-- This site is optimized with the Yoast SEO plugin v27.4 - https:\/\/yoast.com\/product\/yoast-seo-wordpress\/ -->\n<title>Bel\u00e7ika ve T\u00fcrkiye ekonomisi,hangisi daha iyi? - Avrupal\u0131 T\u00fcrklerin en Yeni Haber Portal\u0131<\/title>\n<meta name=\"robots\" content=\"index, follow, max-snippet:-1, max-image-preview:large, max-video-preview:-1\" \/>\n<link rel=\"canonical\" href=\"https:\/\/avrupatv.eu\/index.php\/2023\/10\/31\/belcika-ve-turkiye-ekonomisihangisi-daha-iyi\/\" \/>\n<meta property=\"og:locale\" content=\"tr_TR\" \/>\n<meta property=\"og:type\" content=\"article\" \/>\n<meta property=\"og:title\" content=\"Bel\u00e7ika ve T\u00fcrkiye ekonomisi,hangisi daha iyi? - Avrupal\u0131 T\u00fcrklerin en Yeni Haber Portal\u0131\" \/>\n<meta property=\"og:description\" content=\"De\u011ferli Avrupa TV okurlar\u0131, \u00f6zellikle yurt d\u0131\u015f\u0131na \u00e7\u0131kmak isteyen gen\u00e7ler. Sizler i\u00e7in her iki \u00fclkenin gece hayat\u0131, hayat pahal\u0131l\u0131\u011f\u0131 ile alakal\u0131 k\u00fc\u00e7\u00fck bir ara\u015ft\u0131rma yapt\u0131m. Bel\u00e7ika&#8217;da asgari \u00fccret ortalama sene sonu primi ve tatil primleri ile beraber ayl\u0131k 57.000 tl. T\u00fcrkiye&#8217;de asgari \u00fccret ayl\u0131k 11.402 tl. Alttaki listede her iki \u00fclkenin T\u00fcrk Liras\u0131 \u00fczerinden \u00fcr\u00fcn [&hellip;]\" \/>\n<meta property=\"og:url\" content=\"https:\/\/avrupatv.eu\/index.php\/2023\/10\/31\/belcika-ve-turkiye-ekonomisihangisi-daha-iyi\/\" \/>\n<meta property=\"og:site_name\" content=\"Avrupal\u0131 T\u00fcrklerin en Yeni Haber Portal\u0131\" \/>\n<meta property=\"article:published_time\" content=\"2023-10-31T21:55:51+00:00\" \/>\n<meta property=\"article:modified_time\" content=\"2023-10-31T21:59:04+00:00\" \/>\n<meta property=\"og:image\" content=\"https:\/\/avrupatv.eu\/wp-content\/uploads\/2023\/10\/1200x627-turkiye-belcika-eurobasket-maci-canli-izle-turkiye-belcika-basketbol-maci-saat-kacta-ve-hangi-kanalda-1662451086384.jpg\" \/>\n\t<meta property=\"og:image:width\" content=\"1200\" \/>\n\t<meta property=\"og:image:height\" content=\"627\" \/>\n\t<meta property=\"og:image:type\" content=\"image\/jpeg\" \/>\n<meta name=\"author\" content=\"Onur Akpinar\" \/>\n<meta name=\"twitter:card\" content=\"summary_large_image\" \/>\n<meta name=\"twitter:label1\" content=\"Yazan:\" \/>\n\t<meta name=\"twitter:data1\" content=\"Onur Akpinar\" \/>\n\t<meta name=\"twitter:label2\" content=\"Tahmini okuma s\u00fcresi\" \/>\n\t<meta name=\"twitter:data2\" content=\"1 dakika\" \/>\n<script type=\"application\/ld+json\" class=\"yoast-schema-graph\">{\"@context\":\"https:\\\/\\\/schema.org\",\"@graph\":[{\"@type\":\"Article\",\"@id\":\"https:\\\/\\\/avrupatv.eu\\\/index.php\\\/2023\\\/10\\\/31\\\/belcika-ve-turkiye-ekonomisihangisi-daha-iyi\\\/#article\",\"isPartOf\":{\"@id\":\"https:\\\/\\\/avrupatv.eu\\\/index.php\\\/2023\\\/10\\\/31\\\/belcika-ve-turkiye-ekonomisihangisi-daha-iyi\\\/\"},\"author\":{\"name\":\"Onur Akpinar\",\"@id\":\"https:\\\/\\\/avrupatv.eu\\\/#\\\/schema\\\/person\\\/d56afa5d5569da4029d483da36c0c17d\"},\"headline\":\"Bel\u00e7ika ve T\u00fcrkiye ekonomisi,hangisi daha iyi?\",\"datePublished\":\"2023-10-31T21:55:51+00:00\",\"dateModified\":\"2023-10-31T21:59:04+00:00\",\"mainEntityOfPage\":{\"@id\":\"https:\\\/\\\/avrupatv.eu\\\/index.php\\\/2023\\\/10\\\/31\\\/belcika-ve-turkiye-ekonomisihangisi-daha-iyi\\\/\"},\"wordCount\":288,\"commentCount\":0,\"publisher\":{\"@id\":\"https:\\\/\\\/avrupatv.eu\\\/#organization\"},\"image\":{\"@id\":\"https:\\\/\\\/avrupatv.eu\\\/index.php\\\/2023\\\/10\\\/31\\\/belcika-ve-turkiye-ekonomisihangisi-daha-iyi\\\/#primaryimage\"},\"thumbnailUrl\":\"https:\\\/\\\/avrupatv.eu\\\/wp-content\\\/uploads\\\/2023\\\/10\\\/1200x627-turkiye-belcika-eurobasket-maci-canli-izle-turkiye-belcika-basketbol-maci-saat-kacta-ve-hangi-kanalda-1662451086384.jpg\",\"articleSection\":[\"Avrupa\",\"Blog\",\"Ekonomi\",\"T\u00fcrkiye\"],\"inLanguage\":\"tr\",\"potentialAction\":[{\"@type\":\"CommentAction\",\"name\":\"Comment\",\"target\":[\"https:\\\/\\\/avrupatv.eu\\\/index.php\\\/2023\\\/10\\\/31\\\/belcika-ve-turkiye-ekonomisihangisi-daha-iyi\\\/#respond\"]}]},{\"@type\":\"WebPage\",\"@id\":\"https:\\\/\\\/avrupatv.eu\\\/index.php\\\/2023\\\/10\\\/31\\\/belcika-ve-turkiye-ekonomisihangisi-daha-iyi\\\/\",\"url\":\"https:\\\/\\\/avrupatv.eu\\\/index.php\\\/2023\\\/10\\\/31\\\/belcika-ve-turkiye-ekonomisihangisi-daha-iyi\\\/\",\"name\":\"Bel\u00e7ika ve T\u00fcrkiye ekonomisi,hangisi daha iyi? - Avrupal\u0131 T\u00fcrklerin en Yeni Haber Portal\u0131\",\"isPartOf\":{\"@id\":\"https:\\\/\\\/avrupatv.eu\\\/#website\"},\"primaryImageOfPage\":{\"@id\":\"https:\\\/\\\/avrupatv.eu\\\/index.php\\\/2023\\\/10\\\/31\\\/belcika-ve-turkiye-ekonomisihangisi-daha-iyi\\\/#primaryimage\"},\"image\":{\"@id\":\"https:\\\/\\\/avrupatv.eu\\\/index.php\\\/2023\\\/10\\\/31\\\/belcika-ve-turkiye-ekonomisihangisi-daha-iyi\\\/#primaryimage\"},\"thumbnailUrl\":\"https:\\\/\\\/avrupatv.eu\\\/wp-content\\\/uploads\\\/2023\\\/10\\\/1200x627-turkiye-belcika-eurobasket-maci-canli-izle-turkiye-belcika-basketbol-maci-saat-kacta-ve-hangi-kanalda-1662451086384.jpg\",\"datePublished\":\"2023-10-31T21:55:51+00:00\",\"dateModified\":\"2023-10-31T21:59:04+00:00\",\"breadcrumb\":{\"@id\":\"https:\\\/\\\/avrupatv.eu\\\/index.php\\\/2023\\\/10\\\/31\\\/belcika-ve-turkiye-ekonomisihangisi-daha-iyi\\\/#breadcrumb\"},\"inLanguage\":\"tr\",\"potentialAction\":[{\"@type\":\"ReadAction\",\"target\":[\"https:\\\/\\\/avrupatv.eu\\\/index.php\\\/2023\\\/10\\\/31\\\/belcika-ve-turkiye-ekonomisihangisi-daha-iyi\\\/\"]}]},{\"@type\":\"ImageObject\",\"inLanguage\":\"tr\",\"@id\":\"https:\\\/\\\/avrupatv.eu\\\/index.php\\\/2023\\\/10\\\/31\\\/belcika-ve-turkiye-ekonomisihangisi-daha-iyi\\\/#primaryimage\",\"url\":\"https:\\\/\\\/avrupatv.eu\\\/wp-content\\\/uploads\\\/2023\\\/10\\\/1200x627-turkiye-belcika-eurobasket-maci-canli-izle-turkiye-belcika-basketbol-maci-saat-kacta-ve-hangi-kanalda-1662451086384.jpg\",\"contentUrl\":\"https:\\\/\\\/avrupatv.eu\\\/wp-content\\\/uploads\\\/2023\\\/10\\\/1200x627-turkiye-belcika-eurobasket-maci-canli-izle-turkiye-belcika-basketbol-maci-saat-kacta-ve-hangi-kanalda-1662451086384.jpg\",\"width\":1200,\"height\":627},{\"@type\":\"BreadcrumbList\",\"@id\":\"https:\\\/\\\/avrupatv.eu\\\/index.php\\\/2023\\\/10\\\/31\\\/belcika-ve-turkiye-ekonomisihangisi-daha-iyi\\\/#breadcrumb\",\"itemListElement\":[{\"@type\":\"ListItem\",\"position\":1,\"name\":\"Anasayfa\",\"item\":\"https:\\\/\\\/avrupatv.eu\\\/\"},{\"@type\":\"ListItem\",\"position\":2,\"name\":\"Bel\u00e7ika ve T\u00fcrkiye ekonomisi,hangisi daha iyi?\"}]},{\"@type\":\"WebSite\",\"@id\":\"https:\\\/\\\/avrupatv.eu\\\/#website\",\"url\":\"https:\\\/\\\/avrupatv.eu\\\/\",\"name\":\"Avrupal\u0131 T\u00fcrklerin en Yeni Haber Portal\u0131\",\"description\":\"\",\"publisher\":{\"@id\":\"https:\\\/\\\/avrupatv.eu\\\/#organization\"},\"alternateName\":\"Avrupa tv\",\"potentialAction\":[{\"@type\":\"SearchAction\",\"target\":{\"@type\":\"EntryPoint\",\"urlTemplate\":\"https:\\\/\\\/avrupatv.eu\\\/?s={search_term_string}\"},\"query-input\":{\"@type\":\"PropertyValueSpecification\",\"valueRequired\":true,\"valueName\":\"search_term_string\"}}],\"inLanguage\":\"tr\"},{\"@type\":\"Organization\",\"@id\":\"https:\\\/\\\/avrupatv.eu\\\/#organization\",\"name\":\"Avrupa Haber\",\"url\":\"https:\\\/\\\/avrupatv.eu\\\/\",\"logo\":{\"@type\":\"ImageObject\",\"inLanguage\":\"tr\",\"@id\":\"https:\\\/\\\/avrupatv.eu\\\/#\\\/schema\\\/logo\\\/image\\\/\",\"url\":\"https:\\\/\\\/avrupatv.eu\\\/wp-content\\\/uploads\\\/2023\\\/10\\\/cropped-thumbnail_logo.png\",\"contentUrl\":\"https:\\\/\\\/avrupatv.eu\\\/wp-content\\\/uploads\\\/2023\\\/10\\\/cropped-thumbnail_logo.png\",\"width\":1025,\"height\":302,\"caption\":\"Avrupa Haber\"},\"image\":{\"@id\":\"https:\\\/\\\/avrupatv.eu\\\/#\\\/schema\\\/logo\\\/image\\\/\"}},{\"@type\":\"Person\",\"@id\":\"https:\\\/\\\/avrupatv.eu\\\/#\\\/schema\\\/person\\\/d56afa5d5569da4029d483da36c0c17d\",\"name\":\"Onur Akpinar\",\"image\":{\"@type\":\"ImageObject\",\"inLanguage\":\"tr\",\"@id\":\"https:\\\/\\\/secure.gravatar.com\\\/avatar\\\/67a1a0bdf34f82da209334e4684b7e7171a58a5a2b0a8f836b61044f5c1f5d6a?s=96&d=mm&r=g\",\"url\":\"https:\\\/\\\/secure.gravatar.com\\\/avatar\\\/67a1a0bdf34f82da209334e4684b7e7171a58a5a2b0a8f836b61044f5c1f5d6a?s=96&d=mm&r=g\",\"contentUrl\":\"https:\\\/\\\/secure.gravatar.com\\\/avatar\\\/67a1a0bdf34f82da209334e4684b7e7171a58a5a2b0a8f836b61044f5c1f5d6a?s=96&d=mm&r=g\",\"caption\":\"Onur Akpinar\"},\"url\":\"https:\\\/\\\/avrupatv.eu\\\/index.php\\\/author\\\/onur-akpinar\\\/\"}]}<\/script>\n<!-- \/ Yoast SEO plugin. -->","yoast_head_json":{"title":"Bel\u00e7ika ve T\u00fcrkiye ekonomisi,hangisi daha iyi? - Avrupal\u0131 T\u00fcrklerin en Yeni Haber Portal\u0131","robots":{"index":"index","follow":"follow","max-snippet":"max-snippet:-1","max-image-preview":"max-image-preview:large","max-video-preview":"max-video-preview:-1"},"canonical":"https:\/\/avrupatv.eu\/index.php\/2023\/10\/31\/belcika-ve-turkiye-ekonomisihangisi-daha-iyi\/","og_locale":"tr_TR","og_type":"article","og_title":"Bel\u00e7ika ve T\u00fcrkiye ekonomisi,hangisi daha iyi? - Avrupal\u0131 T\u00fcrklerin en Yeni Haber Portal\u0131","og_description":"De\u011ferli Avrupa TV okurlar\u0131, \u00f6zellikle yurt d\u0131\u015f\u0131na \u00e7\u0131kmak isteyen gen\u00e7ler. Sizler i\u00e7in her iki \u00fclkenin gece hayat\u0131, hayat pahal\u0131l\u0131\u011f\u0131 ile alakal\u0131 k\u00fc\u00e7\u00fck bir ara\u015ft\u0131rma yapt\u0131m. Bel\u00e7ika&#8217;da asgari \u00fccret ortalama sene sonu primi ve tatil primleri ile beraber ayl\u0131k 57.000 tl. T\u00fcrkiye&#8217;de asgari \u00fccret ayl\u0131k 11.402 tl. Alttaki listede her iki \u00fclkenin T\u00fcrk Liras\u0131 \u00fczerinden \u00fcr\u00fcn [&hellip;]","og_url":"https:\/\/avrupatv.eu\/index.php\/2023\/10\/31\/belcika-ve-turkiye-ekonomisihangisi-daha-iyi\/","og_site_name":"Avrupal\u0131 T\u00fcrklerin en Yeni Haber Portal\u0131","article_published_time":"2023-10-31T21:55:51+00:00","article_modified_time":"2023-10-31T21:59:04+00:00","og_image":[{"width":1200,"height":627,"url":"https:\/\/avrupatv.eu\/wp-content\/uploads\/2023\/10\/1200x627-turkiye-belcika-eurobasket-maci-canli-izle-turkiye-belcika-basketbol-maci-saat-kacta-ve-hangi-kanalda-1662451086384.jpg","type":"image\/jpeg"}],"author":"Onur Akpinar","twitter_card":"summary_large_image","twitter_misc":{"Yazan:":"Onur Akpinar","Tahmini okuma s\u00fcresi":"1 dakika"},"schema":{"@context":"https:\/\/schema.org","@graph":[{"@type":"Article","@id":"https:\/\/avrupatv.eu\/index.php\/2023\/10\/31\/belcika-ve-turkiye-ekonomisihangisi-daha-iyi\/#article","isPartOf":{"@id":"https:\/\/avrupatv.eu\/index.php\/2023\/10\/31\/belcika-ve-turkiye-ekonomisihangisi-daha-iyi\/"},"author":{"name":"Onur Akpinar","@id":"https:\/\/avrupatv.eu\/#\/schema\/person\/d56afa5d5569da4029d483da36c0c17d"},"headline":"Bel\u00e7ika ve T\u00fcrkiye ekonomisi,hangisi daha iyi?","datePublished":"2023-10-31T21:55:51+00:00","dateModified":"2023-10-31T21:59:04+00:00","mainEntityOfPage":{"@id":"https:\/\/avrupatv.eu\/index.php\/2023\/10\/31\/belcika-ve-turkiye-ekonomisihangisi-daha-iyi\/"},"wordCount":288,"commentCount":0,"publisher":{"@id":"https:\/\/avrupatv.eu\/#organization"},"image":{"@id":"https:\/\/avrupatv.eu\/index.php\/2023\/10\/31\/belcika-ve-turkiye-ekonomisihangisi-daha-iyi\/#primaryimage"},"thumbnailUrl":"https:\/\/avrupatv.eu\/wp-content\/uploads\/2023\/10\/1200x627-turkiye-belcika-eurobasket-maci-canli-izle-turkiye-belcika-basketbol-maci-saat-kacta-ve-hangi-kanalda-1662451086384.jpg","articleSection":["Avrupa","Blog","Ekonomi","T\u00fcrkiye"],"inLanguage":"tr","potentialAction":[{"@type":"CommentAction","name":"Comment","target":["https:\/\/avrupatv.eu\/index.php\/2023\/10\/31\/belcika-ve-turkiye-ekonomisihangisi-daha-iyi\/#respond"]}]},{"@type":"WebPage","@id":"https:\/\/avrupatv.eu\/index.php\/2023\/10\/31\/belcika-ve-turkiye-ekonomisihangisi-daha-iyi\/","url":"https:\/\/avrupatv.eu\/index.php\/2023\/10\/31\/belcika-ve-turkiye-ekonomisihangisi-daha-iyi\/","name":"Bel\u00e7ika ve T\u00fcrkiye ekonomisi,hangisi daha iyi? - Avrupal\u0131 T\u00fcrklerin en Yeni Haber Portal\u0131","isPartOf":{"@id":"https:\/\/avrupatv.eu\/#website"},"primaryImageOfPage":{"@id":"https:\/\/avrupatv.eu\/index.php\/2023\/10\/31\/belcika-ve-turkiye-ekonomisihangisi-daha-iyi\/#primaryimage"},"image":{"@id":"https:\/\/avrupatv.eu\/index.php\/2023\/10\/31\/belcika-ve-turkiye-ekonomisihangisi-daha-iyi\/#primaryimage"},"thumbnailUrl":"https:\/\/avrupatv.eu\/wp-content\/uploads\/2023\/10\/1200x627-turkiye-belcika-eurobasket-maci-canli-izle-turkiye-belcika-basketbol-maci-saat-kacta-ve-hangi-kanalda-1662451086384.jpg","datePublished":"2023-10-31T21:55:51+00:00","dateModified":"2023-10-31T21:59:04+00:00","breadcrumb":{"@id":"https:\/\/avrupatv.eu\/index.php\/2023\/10\/31\/belcika-ve-turkiye-ekonomisihangisi-daha-iyi\/#breadcrumb"},"inLanguage":"tr","potentialAction":[{"@type":"ReadAction","target":["https:\/\/avrupatv.eu\/index.php\/2023\/10\/31\/belcika-ve-turkiye-ekonomisihangisi-daha-iyi\/"]}]},{"@type":"ImageObject","inLanguage":"tr","@id":"https:\/\/avrupatv.eu\/index.php\/2023\/10\/31\/belcika-ve-turkiye-ekonomisihangisi-daha-iyi\/#primaryimage","url":"https:\/\/avrupatv.eu\/wp-content\/uploads\/2023\/10\/1200x627-turkiye-belcika-eurobasket-maci-canli-izle-turkiye-belcika-basketbol-maci-saat-kacta-ve-hangi-kanalda-1662451086384.jpg","contentUrl":"https:\/\/avrupatv.eu\/wp-content\/uploads\/2023\/10\/1200x627-turkiye-belcika-eurobasket-maci-canli-izle-turkiye-belcika-basketbol-maci-saat-kacta-ve-hangi-kanalda-1662451086384.jpg","width":1200,"height":627},{"@type":"BreadcrumbList","@id":"https:\/\/avrupatv.eu\/index.php\/2023\/10\/31\/belcika-ve-turkiye-ekonomisihangisi-daha-iyi\/#breadcrumb","itemListElement":[{"@type":"ListItem","position":1,"name":"Anasayfa","item":"https:\/\/avrupatv.eu\/"},{"@type":"ListItem","position":2,"name":"Bel\u00e7ika ve T\u00fcrkiye ekonomisi,hangisi daha iyi?"}]},{"@type":"WebSite","@id":"https:\/\/avrupatv.eu\/#website","url":"https:\/\/avrupatv.eu\/","name":"Avrupal\u0131 T\u00fcrklerin en Yeni Haber Portal\u0131","description":"","publisher":{"@id":"https:\/\/avrupatv.eu\/#organization"},"alternateName":"Avrupa tv","potentialAction":[{"@type":"SearchAction","target":{"@type":"EntryPoint","urlTemplate":"https:\/\/avrupatv.eu\/?s={search_term_string}"},"query-input":{"@type":"PropertyValueSpecification","valueRequired":true,"valueName":"search_term_string"}}],"inLanguage":"tr"},{"@type":"Organization","@id":"https:\/\/avrupatv.eu\/#organization","name":"Avrupa Haber","url":"https:\/\/avrupatv.eu\/","logo":{"@type":"ImageObject","inLanguage":"tr","@id":"https:\/\/avrupatv.eu\/#\/schema\/logo\/image\/","url":"https:\/\/avrupatv.eu\/wp-content\/uploads\/2023\/10\/cropped-thumbnail_logo.png","contentUrl":"https:\/\/avrupatv.eu\/wp-content\/uploads\/2023\/10\/cropped-thumbnail_logo.png","width":1025,"height":302,"caption":"Avrupa Haber"},"image":{"@id":"https:\/\/avrupatv.eu\/#\/schema\/logo\/image\/"}},{"@type":"Person","@id":"https:\/\/avrupatv.eu\/#\/schema\/person\/d56afa5d5569da4029d483da36c0c17d","name":"Onur Akpinar","image":{"@type":"ImageObject","inLanguage":"tr","@id":"https:\/\/secure.gravatar.com\/avatar\/67a1a0bdf34f82da209334e4684b7e7171a58a5a2b0a8f836b61044f5c1f5d6a?s=96&d=mm&r=g","url":"https:\/\/secure.gravatar.com\/avatar\/67a1a0bdf34f82da209334e4684b7e7171a58a5a2b0a8f836b61044f5c1f5d6a?s=96&d=mm&r=g","contentUrl":"https:\/\/secure.gravatar.com\/avatar\/67a1a0bdf34f82da209334e4684b7e7171a58a5a2b0a8f836b61044f5c1f5d6a?s=96&d=mm&r=g","caption":"Onur Akpinar"},"url":"https:\/\/avrupatv.eu\/index.php\/author\/onur-akpinar\/"}]}},"_links":{"self":[{"href":"https:\/\/avrupatv.eu\/index.php\/wp-json\/wp\/v2\/posts\/95","targetHints":{"allow":["GET"]}}],"collection":[{"href":"https:\/\/avrupatv.eu\/index.php\/wp-json\/wp\/v2\/posts"}],"about":[{"href":"https:\/\/avrupatv.eu\/index.php\/wp-json\/wp\/v2\/types\/post"}],"author":[{"embeddable":true,"href":"https:\/\/avrupatv.eu\/index.php\/wp-json\/wp\/v2\/users\/2"}],"replies":[{"embeddable":true,"href":"https:\/\/avrupatv.eu\/index.php\/wp-json\/wp\/v2\/comments?post=95"}],"version-history":[{"count":0,"href":"https:\/\/avrupatv.eu\/index.php\/wp-json\/wp\/v2\/posts\/95\/revisions"}],"wp:featuredmedia":[{"embeddable":true,"href":"https:\/\/avrupatv.eu\/index.php\/wp-json\/wp\/v2\/media\/96"}],"wp:attachment":[{"href":"https:\/\/avrupatv.eu\/index.php\/wp-json\/wp\/v2\/media?parent=95"}],"wp:term":[{"taxonomy":"category","embeddable":true,"href":"https:\/\/avrupatv.eu\/index.php\/wp-json\/wp\/v2\/categories?post=95"},{"taxonomy":"post_tag","embeddable":true,"href":"https:\/\/avrupatv.eu\/index.php\/wp-json\/wp\/v2\/tags?post=95"}],"curies":[{"name":"wp","href":"https:\/\/api.w.org\/{rel}","templated":true}]}}