{"id":949,"date":"2025-01-01T14:10:56","date_gmt":"2025-01-01T14:10:56","guid":{"rendered":"https:\/\/avrupatv.eu\/?p=949"},"modified":"2025-01-01T14:10:56","modified_gmt":"2025-01-01T14:10:56","slug":"teror-saldirisimi-amerikada-10-olu-ve-onlarca-yarali","status":"publish","type":"post","link":"https:\/\/avrupatv.eu\/index.php\/2025\/01\/01\/teror-saldirisimi-amerikada-10-olu-ve-onlarca-yarali\/","title":{"rendered":"Ter\u00f6r sald\u0131r\u0131s\u0131m\u0131? Amerika&#8217;da 10 \u00f6l\u00fc ve onlarca yaral\u0131"},"content":{"rendered":"\n<p>New Orleans, 1 Ocak 2025 \u2013<\/p>\n\n\n\n<p>Yeni y\u0131l\u0131n ilk g\u00fcn\u00fcnde, ABD&#8217;nin Louisiana eyaletine ba\u011fl\u0131 New Orleans \u015fehrinde trajik bir olay ya\u015fand\u0131. Bir s\u00fcr\u00fcc\u00fc, arac\u0131n\u0131 kalabal\u0131k bir caddede toplanm\u0131\u015f insanlar\u0131n \u00fczerine s\u00fcrd\u00fc. Olayda en az 10 ki\u015fi hayat\u0131n\u0131 kaybederken, onlarca ki\u015fi yaraland\u0131.<\/p>\n\n\n\n<p>Olay, yerel saatle \u00f6\u011fleden sonra \u015fehrin turistik b\u00f6lgelerinden birinde meydana geldi. G\u00f6rg\u00fc tan\u0131klar\u0131n\u0131n ifadelerine g\u00f6re, siyah bir SUV h\u0131zla kalabal\u0131\u011f\u0131n aras\u0131na dald\u0131. Panik an\u0131nda insanlar \u00e7evreye ka\u00e7\u0131\u015f\u0131rken, ara\u00e7 h\u0131z kesmeden ilerlemeye devam etti. Sald\u0131r\u0131, polis ekiplerinin m\u00fcdahalesiyle son buldu.<\/p>\n\n\n\n<p>Polis ve Yetkililerin A\u00e7\u0131klamalar\u0131<\/p>\n\n\n\n<p>New Orleans Polis \u015eefi, olay yerinde yapt\u0131\u011f\u0131 bas\u0131n a\u00e7\u0131klamas\u0131nda sald\u0131r\u0131n\u0131n kas\u0131tl\u0131 olabilece\u011fini belirtti. &#8220;Bu trajik olayla ilgili kapsaml\u0131 bir soru\u015fturma y\u00fcr\u00fct\u00fcyoruz. Sald\u0131rgan\u0131n motivasyonlar\u0131n\u0131 ve ba\u011flant\u0131lar\u0131n\u0131 ortaya \u00e7\u0131karmak i\u00e7in federal yetkililerle i\u015f birli\u011fi i\u00e7erisindeyiz&#8221; dedi. FBI da olaya m\u00fcdahil oldu ve olay\u0131n ter\u00f6r ba\u011flant\u0131l\u0131 olup olmad\u0131\u011f\u0131n\u0131 ara\u015ft\u0131r\u0131yor. Yetkililer, sald\u0131rgan\u0131n kimli\u011fi ve ge\u00e7mi\u015fine dair detaylar\u0131 hen\u00fcz payla\u015fmad\u0131.<\/p>\n\n\n\n<p>Yaral\u0131lar\u0131n Durumu<\/p>\n\n\n\n<p>Yerel hastaneler, yaral\u0131lardan bir k\u0131sm\u0131n\u0131n durumunun kritik oldu\u011funu bildirdi. Sa\u011fl\u0131k ekipleri olay yerinde uzun s\u00fcre m\u00fcdahale etti ve bir\u00e7ok ki\u015fi \u00e7evredeki hastanelere kald\u0131r\u0131ld\u0131.Halktan Yard\u0131m TalebiYetkililer, g\u00f6rg\u00fc tan\u0131klar\u0131ndan ve b\u00f6lgedeki g\u00fcvenlik kameralar\u0131ndan elde edilen g\u00f6r\u00fcnt\u00fclerden faydalanarak soru\u015fturmay\u0131 geni\u015fletiyor. Halktan olayla ilgili bilgisi olanlar\u0131n polise ba\u015fvurmas\u0131 istendi.Tepkiler ve G\u00fcvenlik \u00d6nlemleri<\/p>\n\n\n\n<p>Olay, t\u00fcm \u00fclkede \u015fok etkisi yaratt\u0131. <\/p>\n\n\n\n<p>Sosyal medyada bir\u00e7ok ki\u015fi sald\u0131r\u0131y\u0131 k\u0131narken, New Orleans Belediye Ba\u015fkan\u0131, &#8220;Bu sald\u0131r\u0131 hepimizi derinden yaralad\u0131. Masum insanlar\u0131n hayat\u0131n\u0131 kaybetti\u011fi bu ac\u0131 g\u00fcn\u00fc unutmayaca\u011f\u0131z&#8221; ifadelerini kulland\u0131. \u015eehir genelinde g\u00fcvenlik \u00f6nlemleri art\u0131r\u0131ld\u0131.<\/p>\n","protected":false},"excerpt":{"rendered":"<p>New Orleans, 1 Ocak 2025 \u2013 Yeni y\u0131l\u0131n ilk g\u00fcn\u00fcnde, ABD&#8217;nin Louisiana eyaletine ba\u011fl\u0131 New Orleans \u015fehrinde trajik bir olay ya\u015fand\u0131. Bir s\u00fcr\u00fcc\u00fc, arac\u0131n\u0131 kalabal\u0131k bir caddede toplanm\u0131\u015f insanlar\u0131n \u00fczerine s\u00fcrd\u00fc. Olayda en az 10 ki\u015fi hayat\u0131n\u0131 kaybederken, onlarca ki\u015fi yaraland\u0131. Olay, yerel saatle \u00f6\u011fleden sonra \u015fehrin turistik b\u00f6lgelerinden birinde meydana geldi. G\u00f6rg\u00fc tan\u0131klar\u0131n\u0131n ifadelerine [&hellip;]<\/p>\n","protected":false},"author":2,"featured_media":950,"comment_status":"open","ping_status":"open","sticky":false,"template":"","format":"standard","meta":{"footnotes":""},"categories":[6],"tags":[],"class_list":["post-949","post","type-post","status-publish","format-standard","has-post-thumbnail","hentry","category-dunya"],"yoast_head":"<!-- This site is optimized with the Yoast SEO plugin v27.5 - https:\/\/yoast.com\/product\/yoast-seo-wordpress\/ -->\n<title>Ter\u00f6r sald\u0131r\u0131s\u0131m\u0131? Amerika&#039;da 10 \u00f6l\u00fc ve onlarca yaral\u0131 - Avrupal\u0131 T\u00fcrklerin en Yeni Haber Portal\u0131<\/title>\n<meta name=\"robots\" content=\"index, follow, max-snippet:-1, max-image-preview:large, max-video-preview:-1\" \/>\n<link rel=\"canonical\" href=\"https:\/\/avrupatv.eu\/index.php\/2025\/01\/01\/teror-saldirisimi-amerikada-10-olu-ve-onlarca-yarali\/\" \/>\n<meta property=\"og:locale\" content=\"tr_TR\" \/>\n<meta property=\"og:type\" content=\"article\" \/>\n<meta property=\"og:title\" content=\"Ter\u00f6r sald\u0131r\u0131s\u0131m\u0131? Amerika&#039;da 10 \u00f6l\u00fc ve onlarca yaral\u0131 - Avrupal\u0131 T\u00fcrklerin en Yeni Haber Portal\u0131\" \/>\n<meta property=\"og:description\" content=\"New Orleans, 1 Ocak 2025 \u2013 Yeni y\u0131l\u0131n ilk g\u00fcn\u00fcnde, ABD&#8217;nin Louisiana eyaletine ba\u011fl\u0131 New Orleans \u015fehrinde trajik bir olay ya\u015fand\u0131. Bir s\u00fcr\u00fcc\u00fc, arac\u0131n\u0131 kalabal\u0131k bir caddede toplanm\u0131\u015f insanlar\u0131n \u00fczerine s\u00fcrd\u00fc. Olayda en az 10 ki\u015fi hayat\u0131n\u0131 kaybederken, onlarca ki\u015fi yaraland\u0131. Olay, yerel saatle \u00f6\u011fleden sonra \u015fehrin turistik b\u00f6lgelerinden birinde meydana geldi. G\u00f6rg\u00fc tan\u0131klar\u0131n\u0131n ifadelerine [&hellip;]\" \/>\n<meta property=\"og:url\" content=\"https:\/\/avrupatv.eu\/index.php\/2025\/01\/01\/teror-saldirisimi-amerikada-10-olu-ve-onlarca-yarali\/\" \/>\n<meta property=\"og:site_name\" content=\"Avrupal\u0131 T\u00fcrklerin en Yeni Haber Portal\u0131\" \/>\n<meta property=\"article:published_time\" content=\"2025-01-01T14:10:56+00:00\" \/>\n<meta property=\"og:image\" content=\"https:\/\/avrupatv.eu\/wp-content\/uploads\/2025\/01\/2b822280-c837-11ef-94cb-5f844ceb9e30.jpg.webp\" \/>\n\t<meta property=\"og:image:width\" content=\"640\" \/>\n\t<meta property=\"og:image:height\" content=\"360\" \/>\n\t<meta property=\"og:image:type\" content=\"image\/webp\" \/>\n<meta name=\"author\" content=\"Onur Akpinar\" \/>\n<meta name=\"twitter:card\" content=\"summary_large_image\" \/>\n<meta name=\"twitter:label1\" content=\"Yazan:\" \/>\n\t<meta name=\"twitter:data1\" content=\"Onur Akpinar\" \/>\n\t<meta name=\"twitter:label2\" content=\"Tahmini okuma s\u00fcresi\" \/>\n\t<meta name=\"twitter:data2\" content=\"2 dakika\" \/>\n<script type=\"application\/ld+json\" class=\"yoast-schema-graph\">{\"@context\":\"https:\\\/\\\/schema.org\",\"@graph\":[{\"@type\":\"Article\",\"@id\":\"https:\\\/\\\/avrupatv.eu\\\/index.php\\\/2025\\\/01\\\/01\\\/teror-saldirisimi-amerikada-10-olu-ve-onlarca-yarali\\\/#article\",\"isPartOf\":{\"@id\":\"https:\\\/\\\/avrupatv.eu\\\/index.php\\\/2025\\\/01\\\/01\\\/teror-saldirisimi-amerikada-10-olu-ve-onlarca-yarali\\\/\"},\"author\":{\"name\":\"Onur Akpinar\",\"@id\":\"https:\\\/\\\/avrupatv.eu\\\/#\\\/schema\\\/person\\\/d56afa5d5569da4029d483da36c0c17d\"},\"headline\":\"Ter\u00f6r sald\u0131r\u0131s\u0131m\u0131? Amerika&#8217;da 10 \u00f6l\u00fc ve onlarca yaral\u0131\",\"datePublished\":\"2025-01-01T14:10:56+00:00\",\"mainEntityOfPage\":{\"@id\":\"https:\\\/\\\/avrupatv.eu\\\/index.php\\\/2025\\\/01\\\/01\\\/teror-saldirisimi-amerikada-10-olu-ve-onlarca-yarali\\\/\"},\"wordCount\":349,\"commentCount\":0,\"publisher\":{\"@id\":\"https:\\\/\\\/avrupatv.eu\\\/#organization\"},\"image\":{\"@id\":\"https:\\\/\\\/avrupatv.eu\\\/index.php\\\/2025\\\/01\\\/01\\\/teror-saldirisimi-amerikada-10-olu-ve-onlarca-yarali\\\/#primaryimage\"},\"thumbnailUrl\":\"https:\\\/\\\/avrupatv.eu\\\/wp-content\\\/uploads\\\/2025\\\/01\\\/2b822280-c837-11ef-94cb-5f844ceb9e30.jpg.webp\",\"articleSection\":[\"D\u00fcnya\"],\"inLanguage\":\"tr\",\"potentialAction\":[{\"@type\":\"CommentAction\",\"name\":\"Comment\",\"target\":[\"https:\\\/\\\/avrupatv.eu\\\/index.php\\\/2025\\\/01\\\/01\\\/teror-saldirisimi-amerikada-10-olu-ve-onlarca-yarali\\\/#respond\"]}]},{\"@type\":\"WebPage\",\"@id\":\"https:\\\/\\\/avrupatv.eu\\\/index.php\\\/2025\\\/01\\\/01\\\/teror-saldirisimi-amerikada-10-olu-ve-onlarca-yarali\\\/\",\"url\":\"https:\\\/\\\/avrupatv.eu\\\/index.php\\\/2025\\\/01\\\/01\\\/teror-saldirisimi-amerikada-10-olu-ve-onlarca-yarali\\\/\",\"name\":\"Ter\u00f6r sald\u0131r\u0131s\u0131m\u0131? Amerika'da 10 \u00f6l\u00fc ve onlarca yaral\u0131 - Avrupal\u0131 T\u00fcrklerin en Yeni Haber Portal\u0131\",\"isPartOf\":{\"@id\":\"https:\\\/\\\/avrupatv.eu\\\/#website\"},\"primaryImageOfPage\":{\"@id\":\"https:\\\/\\\/avrupatv.eu\\\/index.php\\\/2025\\\/01\\\/01\\\/teror-saldirisimi-amerikada-10-olu-ve-onlarca-yarali\\\/#primaryimage\"},\"image\":{\"@id\":\"https:\\\/\\\/avrupatv.eu\\\/index.php\\\/2025\\\/01\\\/01\\\/teror-saldirisimi-amerikada-10-olu-ve-onlarca-yarali\\\/#primaryimage\"},\"thumbnailUrl\":\"https:\\\/\\\/avrupatv.eu\\\/wp-content\\\/uploads\\\/2025\\\/01\\\/2b822280-c837-11ef-94cb-5f844ceb9e30.jpg.webp\",\"datePublished\":\"2025-01-01T14:10:56+00:00\",\"breadcrumb\":{\"@id\":\"https:\\\/\\\/avrupatv.eu\\\/index.php\\\/2025\\\/01\\\/01\\\/teror-saldirisimi-amerikada-10-olu-ve-onlarca-yarali\\\/#breadcrumb\"},\"inLanguage\":\"tr\",\"potentialAction\":[{\"@type\":\"ReadAction\",\"target\":[\"https:\\\/\\\/avrupatv.eu\\\/index.php\\\/2025\\\/01\\\/01\\\/teror-saldirisimi-amerikada-10-olu-ve-onlarca-yarali\\\/\"]}]},{\"@type\":\"ImageObject\",\"inLanguage\":\"tr\",\"@id\":\"https:\\\/\\\/avrupatv.eu\\\/index.php\\\/2025\\\/01\\\/01\\\/teror-saldirisimi-amerikada-10-olu-ve-onlarca-yarali\\\/#primaryimage\",\"url\":\"https:\\\/\\\/avrupatv.eu\\\/wp-content\\\/uploads\\\/2025\\\/01\\\/2b822280-c837-11ef-94cb-5f844ceb9e30.jpg.webp\",\"contentUrl\":\"https:\\\/\\\/avrupatv.eu\\\/wp-content\\\/uploads\\\/2025\\\/01\\\/2b822280-c837-11ef-94cb-5f844ceb9e30.jpg.webp\",\"width\":640,\"height\":360},{\"@type\":\"BreadcrumbList\",\"@id\":\"https:\\\/\\\/avrupatv.eu\\\/index.php\\\/2025\\\/01\\\/01\\\/teror-saldirisimi-amerikada-10-olu-ve-onlarca-yarali\\\/#breadcrumb\",\"itemListElement\":[{\"@type\":\"ListItem\",\"position\":1,\"name\":\"Anasayfa\",\"item\":\"https:\\\/\\\/avrupatv.eu\\\/\"},{\"@type\":\"ListItem\",\"position\":2,\"name\":\"Ter\u00f6r sald\u0131r\u0131s\u0131m\u0131? Amerika&#8217;da 10 \u00f6l\u00fc ve onlarca yaral\u0131\"}]},{\"@type\":\"WebSite\",\"@id\":\"https:\\\/\\\/avrupatv.eu\\\/#website\",\"url\":\"https:\\\/\\\/avrupatv.eu\\\/\",\"name\":\"Avrupal\u0131 T\u00fcrklerin en Yeni Haber Portal\u0131\",\"description\":\"\",\"publisher\":{\"@id\":\"https:\\\/\\\/avrupatv.eu\\\/#organization\"},\"alternateName\":\"Avrupa tv\",\"potentialAction\":[{\"@type\":\"SearchAction\",\"target\":{\"@type\":\"EntryPoint\",\"urlTemplate\":\"https:\\\/\\\/avrupatv.eu\\\/?s={search_term_string}\"},\"query-input\":{\"@type\":\"PropertyValueSpecification\",\"valueRequired\":true,\"valueName\":\"search_term_string\"}}],\"inLanguage\":\"tr\"},{\"@type\":\"Organization\",\"@id\":\"https:\\\/\\\/avrupatv.eu\\\/#organization\",\"name\":\"Avrupa Haber\",\"url\":\"https:\\\/\\\/avrupatv.eu\\\/\",\"logo\":{\"@type\":\"ImageObject\",\"inLanguage\":\"tr\",\"@id\":\"https:\\\/\\\/avrupatv.eu\\\/#\\\/schema\\\/logo\\\/image\\\/\",\"url\":\"https:\\\/\\\/avrupatv.eu\\\/wp-content\\\/uploads\\\/2023\\\/10\\\/cropped-thumbnail_logo.png\",\"contentUrl\":\"https:\\\/\\\/avrupatv.eu\\\/wp-content\\\/uploads\\\/2023\\\/10\\\/cropped-thumbnail_logo.png\",\"width\":1025,\"height\":302,\"caption\":\"Avrupa Haber\"},\"image\":{\"@id\":\"https:\\\/\\\/avrupatv.eu\\\/#\\\/schema\\\/logo\\\/image\\\/\"}},{\"@type\":\"Person\",\"@id\":\"https:\\\/\\\/avrupatv.eu\\\/#\\\/schema\\\/person\\\/d56afa5d5569da4029d483da36c0c17d\",\"name\":\"Onur Akpinar\",\"image\":{\"@type\":\"ImageObject\",\"inLanguage\":\"tr\",\"@id\":\"https:\\\/\\\/secure.gravatar.com\\\/avatar\\\/67a1a0bdf34f82da209334e4684b7e7171a58a5a2b0a8f836b61044f5c1f5d6a?s=96&d=mm&r=g\",\"url\":\"https:\\\/\\\/secure.gravatar.com\\\/avatar\\\/67a1a0bdf34f82da209334e4684b7e7171a58a5a2b0a8f836b61044f5c1f5d6a?s=96&d=mm&r=g\",\"contentUrl\":\"https:\\\/\\\/secure.gravatar.com\\\/avatar\\\/67a1a0bdf34f82da209334e4684b7e7171a58a5a2b0a8f836b61044f5c1f5d6a?s=96&d=mm&r=g\",\"caption\":\"Onur Akpinar\"},\"url\":\"https:\\\/\\\/avrupatv.eu\\\/index.php\\\/author\\\/onur-akpinar\\\/\"}]}<\/script>\n<!-- \/ Yoast SEO plugin. -->","yoast_head_json":{"title":"Ter\u00f6r sald\u0131r\u0131s\u0131m\u0131? Amerika'da 10 \u00f6l\u00fc ve onlarca yaral\u0131 - Avrupal\u0131 T\u00fcrklerin en Yeni Haber Portal\u0131","robots":{"index":"index","follow":"follow","max-snippet":"max-snippet:-1","max-image-preview":"max-image-preview:large","max-video-preview":"max-video-preview:-1"},"canonical":"https:\/\/avrupatv.eu\/index.php\/2025\/01\/01\/teror-saldirisimi-amerikada-10-olu-ve-onlarca-yarali\/","og_locale":"tr_TR","og_type":"article","og_title":"Ter\u00f6r sald\u0131r\u0131s\u0131m\u0131? Amerika'da 10 \u00f6l\u00fc ve onlarca yaral\u0131 - Avrupal\u0131 T\u00fcrklerin en Yeni Haber Portal\u0131","og_description":"New Orleans, 1 Ocak 2025 \u2013 Yeni y\u0131l\u0131n ilk g\u00fcn\u00fcnde, ABD&#8217;nin Louisiana eyaletine ba\u011fl\u0131 New Orleans \u015fehrinde trajik bir olay ya\u015fand\u0131. Bir s\u00fcr\u00fcc\u00fc, arac\u0131n\u0131 kalabal\u0131k bir caddede toplanm\u0131\u015f insanlar\u0131n \u00fczerine s\u00fcrd\u00fc. Olayda en az 10 ki\u015fi hayat\u0131n\u0131 kaybederken, onlarca ki\u015fi yaraland\u0131. Olay, yerel saatle \u00f6\u011fleden sonra \u015fehrin turistik b\u00f6lgelerinden birinde meydana geldi. G\u00f6rg\u00fc tan\u0131klar\u0131n\u0131n ifadelerine [&hellip;]","og_url":"https:\/\/avrupatv.eu\/index.php\/2025\/01\/01\/teror-saldirisimi-amerikada-10-olu-ve-onlarca-yarali\/","og_site_name":"Avrupal\u0131 T\u00fcrklerin en Yeni Haber Portal\u0131","article_published_time":"2025-01-01T14:10:56+00:00","og_image":[{"width":640,"height":360,"url":"https:\/\/avrupatv.eu\/wp-content\/uploads\/2025\/01\/2b822280-c837-11ef-94cb-5f844ceb9e30.jpg.webp","type":"image\/webp"}],"author":"Onur Akpinar","twitter_card":"summary_large_image","twitter_misc":{"Yazan:":"Onur Akpinar","Tahmini okuma s\u00fcresi":"2 dakika"},"schema":{"@context":"https:\/\/schema.org","@graph":[{"@type":"Article","@id":"https:\/\/avrupatv.eu\/index.php\/2025\/01\/01\/teror-saldirisimi-amerikada-10-olu-ve-onlarca-yarali\/#article","isPartOf":{"@id":"https:\/\/avrupatv.eu\/index.php\/2025\/01\/01\/teror-saldirisimi-amerikada-10-olu-ve-onlarca-yarali\/"},"author":{"name":"Onur Akpinar","@id":"https:\/\/avrupatv.eu\/#\/schema\/person\/d56afa5d5569da4029d483da36c0c17d"},"headline":"Ter\u00f6r sald\u0131r\u0131s\u0131m\u0131? Amerika&#8217;da 10 \u00f6l\u00fc ve onlarca yaral\u0131","datePublished":"2025-01-01T14:10:56+00:00","mainEntityOfPage":{"@id":"https:\/\/avrupatv.eu\/index.php\/2025\/01\/01\/teror-saldirisimi-amerikada-10-olu-ve-onlarca-yarali\/"},"wordCount":349,"commentCount":0,"publisher":{"@id":"https:\/\/avrupatv.eu\/#organization"},"image":{"@id":"https:\/\/avrupatv.eu\/index.php\/2025\/01\/01\/teror-saldirisimi-amerikada-10-olu-ve-onlarca-yarali\/#primaryimage"},"thumbnailUrl":"https:\/\/avrupatv.eu\/wp-content\/uploads\/2025\/01\/2b822280-c837-11ef-94cb-5f844ceb9e30.jpg.webp","articleSection":["D\u00fcnya"],"inLanguage":"tr","potentialAction":[{"@type":"CommentAction","name":"Comment","target":["https:\/\/avrupatv.eu\/index.php\/2025\/01\/01\/teror-saldirisimi-amerikada-10-olu-ve-onlarca-yarali\/#respond"]}]},{"@type":"WebPage","@id":"https:\/\/avrupatv.eu\/index.php\/2025\/01\/01\/teror-saldirisimi-amerikada-10-olu-ve-onlarca-yarali\/","url":"https:\/\/avrupatv.eu\/index.php\/2025\/01\/01\/teror-saldirisimi-amerikada-10-olu-ve-onlarca-yarali\/","name":"Ter\u00f6r sald\u0131r\u0131s\u0131m\u0131? Amerika'da 10 \u00f6l\u00fc ve onlarca yaral\u0131 - Avrupal\u0131 T\u00fcrklerin en Yeni Haber Portal\u0131","isPartOf":{"@id":"https:\/\/avrupatv.eu\/#website"},"primaryImageOfPage":{"@id":"https:\/\/avrupatv.eu\/index.php\/2025\/01\/01\/teror-saldirisimi-amerikada-10-olu-ve-onlarca-yarali\/#primaryimage"},"image":{"@id":"https:\/\/avrupatv.eu\/index.php\/2025\/01\/01\/teror-saldirisimi-amerikada-10-olu-ve-onlarca-yarali\/#primaryimage"},"thumbnailUrl":"https:\/\/avrupatv.eu\/wp-content\/uploads\/2025\/01\/2b822280-c837-11ef-94cb-5f844ceb9e30.jpg.webp","datePublished":"2025-01-01T14:10:56+00:00","breadcrumb":{"@id":"https:\/\/avrupatv.eu\/index.php\/2025\/01\/01\/teror-saldirisimi-amerikada-10-olu-ve-onlarca-yarali\/#breadcrumb"},"inLanguage":"tr","potentialAction":[{"@type":"ReadAction","target":["https:\/\/avrupatv.eu\/index.php\/2025\/01\/01\/teror-saldirisimi-amerikada-10-olu-ve-onlarca-yarali\/"]}]},{"@type":"ImageObject","inLanguage":"tr","@id":"https:\/\/avrupatv.eu\/index.php\/2025\/01\/01\/teror-saldirisimi-amerikada-10-olu-ve-onlarca-yarali\/#primaryimage","url":"https:\/\/avrupatv.eu\/wp-content\/uploads\/2025\/01\/2b822280-c837-11ef-94cb-5f844ceb9e30.jpg.webp","contentUrl":"https:\/\/avrupatv.eu\/wp-content\/uploads\/2025\/01\/2b822280-c837-11ef-94cb-5f844ceb9e30.jpg.webp","width":640,"height":360},{"@type":"BreadcrumbList","@id":"https:\/\/avrupatv.eu\/index.php\/2025\/01\/01\/teror-saldirisimi-amerikada-10-olu-ve-onlarca-yarali\/#breadcrumb","itemListElement":[{"@type":"ListItem","position":1,"name":"Anasayfa","item":"https:\/\/avrupatv.eu\/"},{"@type":"ListItem","position":2,"name":"Ter\u00f6r sald\u0131r\u0131s\u0131m\u0131? Amerika&#8217;da 10 \u00f6l\u00fc ve onlarca yaral\u0131"}]},{"@type":"WebSite","@id":"https:\/\/avrupatv.eu\/#website","url":"https:\/\/avrupatv.eu\/","name":"Avrupal\u0131 T\u00fcrklerin en Yeni Haber Portal\u0131","description":"","publisher":{"@id":"https:\/\/avrupatv.eu\/#organization"},"alternateName":"Avrupa tv","potentialAction":[{"@type":"SearchAction","target":{"@type":"EntryPoint","urlTemplate":"https:\/\/avrupatv.eu\/?s={search_term_string}"},"query-input":{"@type":"PropertyValueSpecification","valueRequired":true,"valueName":"search_term_string"}}],"inLanguage":"tr"},{"@type":"Organization","@id":"https:\/\/avrupatv.eu\/#organization","name":"Avrupa Haber","url":"https:\/\/avrupatv.eu\/","logo":{"@type":"ImageObject","inLanguage":"tr","@id":"https:\/\/avrupatv.eu\/#\/schema\/logo\/image\/","url":"https:\/\/avrupatv.eu\/wp-content\/uploads\/2023\/10\/cropped-thumbnail_logo.png","contentUrl":"https:\/\/avrupatv.eu\/wp-content\/uploads\/2023\/10\/cropped-thumbnail_logo.png","width":1025,"height":302,"caption":"Avrupa Haber"},"image":{"@id":"https:\/\/avrupatv.eu\/#\/schema\/logo\/image\/"}},{"@type":"Person","@id":"https:\/\/avrupatv.eu\/#\/schema\/person\/d56afa5d5569da4029d483da36c0c17d","name":"Onur Akpinar","image":{"@type":"ImageObject","inLanguage":"tr","@id":"https:\/\/secure.gravatar.com\/avatar\/67a1a0bdf34f82da209334e4684b7e7171a58a5a2b0a8f836b61044f5c1f5d6a?s=96&d=mm&r=g","url":"https:\/\/secure.gravatar.com\/avatar\/67a1a0bdf34f82da209334e4684b7e7171a58a5a2b0a8f836b61044f5c1f5d6a?s=96&d=mm&r=g","contentUrl":"https:\/\/secure.gravatar.com\/avatar\/67a1a0bdf34f82da209334e4684b7e7171a58a5a2b0a8f836b61044f5c1f5d6a?s=96&d=mm&r=g","caption":"Onur Akpinar"},"url":"https:\/\/avrupatv.eu\/index.php\/author\/onur-akpinar\/"}]}},"_links":{"self":[{"href":"https:\/\/avrupatv.eu\/index.php\/wp-json\/wp\/v2\/posts\/949","targetHints":{"allow":["GET"]}}],"collection":[{"href":"https:\/\/avrupatv.eu\/index.php\/wp-json\/wp\/v2\/posts"}],"about":[{"href":"https:\/\/avrupatv.eu\/index.php\/wp-json\/wp\/v2\/types\/post"}],"author":[{"embeddable":true,"href":"https:\/\/avrupatv.eu\/index.php\/wp-json\/wp\/v2\/users\/2"}],"replies":[{"embeddable":true,"href":"https:\/\/avrupatv.eu\/index.php\/wp-json\/wp\/v2\/comments?post=949"}],"version-history":[{"count":1,"href":"https:\/\/avrupatv.eu\/index.php\/wp-json\/wp\/v2\/posts\/949\/revisions"}],"predecessor-version":[{"id":951,"href":"https:\/\/avrupatv.eu\/index.php\/wp-json\/wp\/v2\/posts\/949\/revisions\/951"}],"wp:featuredmedia":[{"embeddable":true,"href":"https:\/\/avrupatv.eu\/index.php\/wp-json\/wp\/v2\/media\/950"}],"wp:attachment":[{"href":"https:\/\/avrupatv.eu\/index.php\/wp-json\/wp\/v2\/media?parent=949"}],"wp:term":[{"taxonomy":"category","embeddable":true,"href":"https:\/\/avrupatv.eu\/index.php\/wp-json\/wp\/v2\/categories?post=949"},{"taxonomy":"post_tag","embeddable":true,"href":"https:\/\/avrupatv.eu\/index.php\/wp-json\/wp\/v2\/tags?post=949"}],"curies":[{"name":"wp","href":"https:\/\/api.w.org\/{rel}","templated":true}]}}