{"id":92,"date":"2023-10-27T21:26:40","date_gmt":"2023-10-27T21:26:40","guid":{"rendered":"https:\/\/avrupatv.eu\/?p=92"},"modified":"2023-10-27T21:26:40","modified_gmt":"2023-10-27T21:26:40","slug":"havadan-ve-karadan-en-siddetli-bombardimana-maruz-kalan-gazzeye-yonelik-teroristlerin-zirhli-haraketliligi-de-artiyor","status":"publish","type":"post","link":"https:\/\/avrupatv.eu\/index.php\/2023\/10\/27\/havadan-ve-karadan-en-siddetli-bombardimana-maruz-kalan-gazzeye-yonelik-teroristlerin-zirhli-haraketliligi-de-artiyor\/","title":{"rendered":"Havadan ve karadan en \u015fiddetli bombard\u0131mana maruz kalan Gazze&#8217;ye y\u00f6nelik Teroristlerin z\u0131rhl\u0131 haraketlili\u011fi de art\u0131yor"},"content":{"rendered":"\n<p>\u0130srail ordusu, abluka alt\u0131ndaki Gazze \u015eeridi\u2019ne 7 Ekim\u2019den bu yanaki en \u015fiddetli hava sald\u0131r\u0131lar\u0131n\u0131 d\u00fczenliyor. Gazze&#8217;ye karadan bombard\u0131man artarken, z\u0131rhl\u0131lar\u0131n hareketlili\u011finde de art\u0131\u015f ya\u015fan\u0131yor.<\/p>\n\n\n\n<h6 class=\"wp-block-heading\">Sderot<\/h6>\n\n\n\n<p><img decoding=\"async\" src=\"https:\/\/cdnuploads.aa.com.tr\/uploads\/PhotoGallery\/2023\/10\/27\/thumbs_b2_89ccab7e2e78dbea3fcb3de6f5f12d46.jpg\">\u276e\u276f<\/p>\n\n\n\n<h2 class=\"wp-block-heading\"><a href=\"https:\/\/www.aa.com.tr\/tr\/pg\/foto-galeri\/israil-ordusu-gazzeye-yonelik-saldirilarini-21-gununde-de-surdurdu-\">\u0130srail ordusunun Gazze&#8217;ye y\u00f6nelik sald\u0131r\u0131lar\u0131 devam ediyor<\/a><\/h2>\n\n\n\n<p>\u0130srail ordusu, 21 g\u00fcnd\u00fcr yakla\u015f\u0131k 2,3 milyon Filistinlinin ya\u015fad\u0131\u011f\u0131 Gazze \u015eeridi\u2019ni gece g\u00fcnd\u00fcz bombal\u0131yor.<\/p>\n\n\n\n<ul class=\"wp-block-list\">\n<li><strong><a href=\"https:\/\/www.aa.com.tr\/tr\/dunya\/israil-saldirilari-nedeniyle-gazzede-iletisim-tamamen-koptu\/3034917\" target=\"_blank\" rel=\"noreferrer noopener\">\u0130srail sald\u0131r\u0131lar\u0131 nedeniyle Gazze&#8217;de ileti\u015fim tamamen koptu<\/a><\/strong><\/li>\n\n\n\n<li><strong><a href=\"https:\/\/www.aa.com.tr\/tr\/dunya\/israilin-gazzeye-duzenledigi-saldirilarda-can-kaybi-298-artarak-7-bin-326ya-yukseldi\/3034060\" target=\"_blank\" rel=\"noreferrer noopener\">\u0130srail sald\u0131r\u0131lar\u0131 nedeniyle Gazze&#8217;deki n\u00fcfusun y\u00fczde 70&#8217;i yerinden edildi<\/a><\/strong><\/li>\n<\/ul>\n\n\n\n<p>Gazze\u2019nin her b\u00f6lgesini hedef alan \u0130srail sald\u0131r\u0131lar\u0131, bu ak\u015fam b\u00f6lgenin kuzeyinde yo\u011funla\u015ft\u0131.<\/p>\n\n\n\n<p>\u0130srail ordusu, ilk olarak ak\u015fam saatlerinde ob\u00fcs sald\u0131r\u0131lar\u0131yla Gazze\u2019nin kuzeyindeki Beyt Hanun Mahallesi\u2019ne yo\u011fun sald\u0131r\u0131lar ger\u00e7ekle\u015ftirdi.<\/p>\n\n\n\n<p>Ob\u00fcs sald\u0131r\u0131lar\u0131n\u0131n ard\u0131ndan \u0130srail ordusu, Beyt Hanun ba\u015fta olmak \u00fczere Gazze\u2019nin kuzeyine yo\u011fun hava sald\u0131r\u0131s\u0131 ba\u015flatt\u0131.<\/p>\n\n\n\n<p>\u0130srail\u2019in elektri\u011fini kesti\u011fi ve yak\u0131t giri\u015fine izin vermedi\u011fi i\u00e7in karanl\u0131\u011fa b\u00fcr\u00fcnen Gazze\u2019de g\u00f6ky\u00fcz\u00fcn\u00fc s\u0131k s\u0131k at\u0131lan bombalar\u0131n ate\u015fi ayd\u0131nlatt\u0131.<\/p>\n\n\n\n<figure class=\"wp-block-image\"><img decoding=\"async\" src=\"https:\/\/www.aa.com.tr\/uploads\/userFiles\/caec1b32-8257-4f58-87b0-6657c62b92b3\/New%20folder%2FNew%20folder%20(10)%2FAA-32539266.jpg\" alt=\"\"\/><\/figure>\n\n\n\n<p>\u0130srail hava ara\u00e7lar\u0131 yakla\u015f\u0131k bir saat boyunca b\u00f6lgeye arka arkaya bombalar b\u0131rakt\u0131.<\/p>\n\n\n\n<p>Patlama sesleri, \u0130srail taraf\u0131ndaki Sderot \u015fehrine kadar ula\u015f\u0131rken, b\u00f6lge sakinleri, \u0130srail\u2019in bu ak\u015fam ba\u015flatt\u0131\u011f\u0131 sald\u0131r\u0131lar\u0131n 7 Ekim\u2019den bu yana d\u00fczenlenen en yo\u011fun bombard\u0131man oldu\u011funu ifade ediyor.<\/p>\n\n\n\n<p>\u0130srail ordusu, b\u00f6lgeyi hava sald\u0131r\u0131lar\u0131n\u0131n yan\u0131 s\u0131ra ob\u00fcsle de vurmaya devam ediyor.<\/p>\n\n\n\n<figure class=\"wp-block-image\"><img decoding=\"async\" src=\"https:\/\/www.aa.com.tr\/uploads\/userFiles\/caec1b32-8257-4f58-87b0-6657c62b92b3\/New%20folder%2FNew%20folder%20(10)%2FAA-32539267.jpg\" alt=\"\"\/><\/figure>\n\n\n\n<h3 class=\"wp-block-heading\">Gazze \u015eeridi s\u0131n\u0131r\u0131nda yo\u011fun hareketlilik<\/h3>\n\n\n\n<p>\u0130srail ordusu, abluka alt\u0131ndaki Gazze \u015eeridi \u00e7evresinde yo\u011fun askeri hareketlili\u011fe giri\u015firken, karadan ve havadan bombard\u0131man\u0131n\u0131 art\u0131rd\u0131.<\/p>\n\n\n\n<p>\u0130srail&#8217;in, Gazze \u015eeridi&#8217;yle s\u0131n\u0131r\u0131nda bulunan Sderot kentindeki AA muhabiri, \u0130srail ordusunun Gazze&#8217;ye karadan bombard\u0131man\u0131n\u0131 art\u0131rd\u0131\u011f\u0131n\u0131, z\u0131rhl\u0131lar\u0131n hareketlili\u011finde art\u0131\u015f ya\u015fand\u0131\u011f\u0131n\u0131 bildirdi.<\/p>\n\n\n\n<p>\u0130srail ordusu ayr\u0131ca b\u00f6lgeye s\u00fcrekli ayd\u0131nlatma fi\u015fekleri at\u0131yor. \u0130srail ordusunun ak\u015fam saatlerinde yo\u011fun bombard\u0131mana tuttu\u011fu Gazze \u015eeridi&#8217;nin kuzeyinde g\u00fc\u00e7l\u00fc patlamas\u0131 sesleri duyuluyor.<\/p>\n\n\n\n<h3 class=\"wp-block-heading\">Gazze&#8217;de ileti\u015fim hatlar\u0131 kesildi<\/h3>\n\n\n\n<p>\u00d6te yandan abluka alt\u0131ndaki Gazze \u015eeridi ile ileti\u015fimin kesildi\u011fi bildirildi.<\/p>\n\n\n\n<p>Filistin telekom\u00fcnikasyon \u015firketi &#8220;Jawwal&#8221;, sosyal medya hesab\u0131ndan yapt\u0131\u011f\u0131 payla\u015f\u0131mda Gazze&#8217;deki t\u00fcm telefon ve internet hizmetlerinin sona erdi\u011fini duyurdu.<\/p>\n\n\n\n<p>Payla\u015f\u0131mda, \u0130srail&#8217;in d\u00fczenledi\u011fi yo\u011fun bombard\u0131man nedeniyle b\u00f6lgedeki altyap\u0131n\u0131n zarar g\u00f6rd\u00fc\u011f\u00fc ve &#8220;Gazze&#8217;nin d\u00fcnya ile ba\u011flant\u0131s\u0131n\u0131n kesildi\u011fi&#8221; belirtildi.<\/p>\n","protected":false},"excerpt":{"rendered":"<p>\u0130srail ordusu, abluka alt\u0131ndaki Gazze \u015eeridi\u2019ne 7 Ekim\u2019den bu yanaki en \u015fiddetli hava sald\u0131r\u0131lar\u0131n\u0131 d\u00fczenliyor. Gazze&#8217;ye karadan bombard\u0131man artarken, z\u0131rhl\u0131lar\u0131n hareketlili\u011finde de art\u0131\u015f ya\u015fan\u0131yor. Sderot \u276e\u276f \u0130srail ordusunun Gazze&#8217;ye y\u00f6nelik sald\u0131r\u0131lar\u0131 devam ediyor \u0130srail ordusu, 21 g\u00fcnd\u00fcr yakla\u015f\u0131k 2,3 milyon Filistinlinin ya\u015fad\u0131\u011f\u0131 Gazze \u015eeridi\u2019ni gece g\u00fcnd\u00fcz bombal\u0131yor. Gazze\u2019nin her b\u00f6lgesini hedef alan \u0130srail sald\u0131r\u0131lar\u0131, bu [&hellip;]<\/p>\n","protected":false},"author":2,"featured_media":93,"comment_status":"open","ping_status":"open","sticky":false,"template":"","format":"standard","meta":{"footnotes":""},"categories":[1,6,7],"tags":[],"class_list":["post-92","post","type-post","status-publish","format-standard","has-post-thumbnail","hentry","category-blog","category-dunya","category-savas"],"yoast_head":"<!-- This site is optimized with the Yoast SEO plugin v27.4 - https:\/\/yoast.com\/product\/yoast-seo-wordpress\/ -->\n<title>Havadan ve karadan en \u015fiddetli bombard\u0131mana maruz kalan Gazze&#039;ye y\u00f6nelik Teroristlerin z\u0131rhl\u0131 haraketlili\u011fi de art\u0131yor - Avrupal\u0131 T\u00fcrklerin en Yeni Haber Portal\u0131<\/title>\n<meta name=\"robots\" content=\"index, follow, max-snippet:-1, max-image-preview:large, max-video-preview:-1\" \/>\n<link rel=\"canonical\" href=\"https:\/\/avrupatv.eu\/index.php\/2023\/10\/27\/havadan-ve-karadan-en-siddetli-bombardimana-maruz-kalan-gazzeye-yonelik-teroristlerin-zirhli-haraketliligi-de-artiyor\/\" \/>\n<meta property=\"og:locale\" content=\"tr_TR\" \/>\n<meta property=\"og:type\" content=\"article\" \/>\n<meta property=\"og:title\" content=\"Havadan ve karadan en \u015fiddetli bombard\u0131mana maruz kalan Gazze&#039;ye y\u00f6nelik Teroristlerin z\u0131rhl\u0131 haraketlili\u011fi de art\u0131yor - Avrupal\u0131 T\u00fcrklerin en Yeni Haber Portal\u0131\" \/>\n<meta property=\"og:description\" content=\"\u0130srail ordusu, abluka alt\u0131ndaki Gazze \u015eeridi\u2019ne 7 Ekim\u2019den bu yanaki en \u015fiddetli hava sald\u0131r\u0131lar\u0131n\u0131 d\u00fczenliyor. Gazze&#8217;ye karadan bombard\u0131man artarken, z\u0131rhl\u0131lar\u0131n hareketlili\u011finde de art\u0131\u015f ya\u015fan\u0131yor. Sderot \u276e\u276f \u0130srail ordusunun Gazze&#8217;ye y\u00f6nelik sald\u0131r\u0131lar\u0131 devam ediyor \u0130srail ordusu, 21 g\u00fcnd\u00fcr yakla\u015f\u0131k 2,3 milyon Filistinlinin ya\u015fad\u0131\u011f\u0131 Gazze \u015eeridi\u2019ni gece g\u00fcnd\u00fcz bombal\u0131yor. Gazze\u2019nin her b\u00f6lgesini hedef alan \u0130srail sald\u0131r\u0131lar\u0131, bu [&hellip;]\" \/>\n<meta property=\"og:url\" content=\"https:\/\/avrupatv.eu\/index.php\/2023\/10\/27\/havadan-ve-karadan-en-siddetli-bombardimana-maruz-kalan-gazzeye-yonelik-teroristlerin-zirhli-haraketliligi-de-artiyor\/\" \/>\n<meta property=\"og:site_name\" content=\"Avrupal\u0131 T\u00fcrklerin en Yeni Haber Portal\u0131\" \/>\n<meta property=\"article:published_time\" content=\"2023-10-27T21:26:40+00:00\" \/>\n<meta property=\"og:image\" content=\"https:\/\/avrupatv.eu\/wp-content\/uploads\/2023\/10\/thumbs_b_c_e751f58685295949bbb84d131b99c7a7.jpg\" \/>\n\t<meta property=\"og:image:width\" content=\"864\" \/>\n\t<meta property=\"og:image:height\" content=\"486\" \/>\n\t<meta property=\"og:image:type\" content=\"image\/jpeg\" \/>\n<meta name=\"author\" content=\"Onur Akpinar\" \/>\n<meta name=\"twitter:card\" content=\"summary_large_image\" \/>\n<meta name=\"twitter:label1\" content=\"Yazan:\" \/>\n\t<meta name=\"twitter:data1\" content=\"Onur Akpinar\" \/>\n\t<meta name=\"twitter:label2\" content=\"Tahmini okuma s\u00fcresi\" \/>\n\t<meta name=\"twitter:data2\" content=\"2 dakika\" \/>\n<script type=\"application\/ld+json\" class=\"yoast-schema-graph\">{\"@context\":\"https:\\\/\\\/schema.org\",\"@graph\":[{\"@type\":\"Article\",\"@id\":\"https:\\\/\\\/avrupatv.eu\\\/index.php\\\/2023\\\/10\\\/27\\\/havadan-ve-karadan-en-siddetli-bombardimana-maruz-kalan-gazzeye-yonelik-teroristlerin-zirhli-haraketliligi-de-artiyor\\\/#article\",\"isPartOf\":{\"@id\":\"https:\\\/\\\/avrupatv.eu\\\/index.php\\\/2023\\\/10\\\/27\\\/havadan-ve-karadan-en-siddetli-bombardimana-maruz-kalan-gazzeye-yonelik-teroristlerin-zirhli-haraketliligi-de-artiyor\\\/\"},\"author\":{\"name\":\"Onur Akpinar\",\"@id\":\"https:\\\/\\\/avrupatv.eu\\\/#\\\/schema\\\/person\\\/d56afa5d5569da4029d483da36c0c17d\"},\"headline\":\"Havadan ve karadan en \u015fiddetli bombard\u0131mana maruz kalan Gazze&#8217;ye y\u00f6nelik Teroristlerin z\u0131rhl\u0131 haraketlili\u011fi de art\u0131yor\",\"datePublished\":\"2023-10-27T21:26:40+00:00\",\"mainEntityOfPage\":{\"@id\":\"https:\\\/\\\/avrupatv.eu\\\/index.php\\\/2023\\\/10\\\/27\\\/havadan-ve-karadan-en-siddetli-bombardimana-maruz-kalan-gazzeye-yonelik-teroristlerin-zirhli-haraketliligi-de-artiyor\\\/\"},\"wordCount\":484,\"commentCount\":0,\"publisher\":{\"@id\":\"https:\\\/\\\/avrupatv.eu\\\/#organization\"},\"image\":{\"@id\":\"https:\\\/\\\/avrupatv.eu\\\/index.php\\\/2023\\\/10\\\/27\\\/havadan-ve-karadan-en-siddetli-bombardimana-maruz-kalan-gazzeye-yonelik-teroristlerin-zirhli-haraketliligi-de-artiyor\\\/#primaryimage\"},\"thumbnailUrl\":\"https:\\\/\\\/avrupatv.eu\\\/wp-content\\\/uploads\\\/2023\\\/10\\\/thumbs_b_c_e751f58685295949bbb84d131b99c7a7.jpg\",\"articleSection\":[\"Blog\",\"D\u00fcnya\",\"Sava\u015f\"],\"inLanguage\":\"tr\",\"potentialAction\":[{\"@type\":\"CommentAction\",\"name\":\"Comment\",\"target\":[\"https:\\\/\\\/avrupatv.eu\\\/index.php\\\/2023\\\/10\\\/27\\\/havadan-ve-karadan-en-siddetli-bombardimana-maruz-kalan-gazzeye-yonelik-teroristlerin-zirhli-haraketliligi-de-artiyor\\\/#respond\"]}]},{\"@type\":\"WebPage\",\"@id\":\"https:\\\/\\\/avrupatv.eu\\\/index.php\\\/2023\\\/10\\\/27\\\/havadan-ve-karadan-en-siddetli-bombardimana-maruz-kalan-gazzeye-yonelik-teroristlerin-zirhli-haraketliligi-de-artiyor\\\/\",\"url\":\"https:\\\/\\\/avrupatv.eu\\\/index.php\\\/2023\\\/10\\\/27\\\/havadan-ve-karadan-en-siddetli-bombardimana-maruz-kalan-gazzeye-yonelik-teroristlerin-zirhli-haraketliligi-de-artiyor\\\/\",\"name\":\"Havadan ve karadan en \u015fiddetli bombard\u0131mana maruz kalan Gazze'ye y\u00f6nelik Teroristlerin z\u0131rhl\u0131 haraketlili\u011fi de art\u0131yor - Avrupal\u0131 T\u00fcrklerin en Yeni Haber Portal\u0131\",\"isPartOf\":{\"@id\":\"https:\\\/\\\/avrupatv.eu\\\/#website\"},\"primaryImageOfPage\":{\"@id\":\"https:\\\/\\\/avrupatv.eu\\\/index.php\\\/2023\\\/10\\\/27\\\/havadan-ve-karadan-en-siddetli-bombardimana-maruz-kalan-gazzeye-yonelik-teroristlerin-zirhli-haraketliligi-de-artiyor\\\/#primaryimage\"},\"image\":{\"@id\":\"https:\\\/\\\/avrupatv.eu\\\/index.php\\\/2023\\\/10\\\/27\\\/havadan-ve-karadan-en-siddetli-bombardimana-maruz-kalan-gazzeye-yonelik-teroristlerin-zirhli-haraketliligi-de-artiyor\\\/#primaryimage\"},\"thumbnailUrl\":\"https:\\\/\\\/avrupatv.eu\\\/wp-content\\\/uploads\\\/2023\\\/10\\\/thumbs_b_c_e751f58685295949bbb84d131b99c7a7.jpg\",\"datePublished\":\"2023-10-27T21:26:40+00:00\",\"breadcrumb\":{\"@id\":\"https:\\\/\\\/avrupatv.eu\\\/index.php\\\/2023\\\/10\\\/27\\\/havadan-ve-karadan-en-siddetli-bombardimana-maruz-kalan-gazzeye-yonelik-teroristlerin-zirhli-haraketliligi-de-artiyor\\\/#breadcrumb\"},\"inLanguage\":\"tr\",\"potentialAction\":[{\"@type\":\"ReadAction\",\"target\":[\"https:\\\/\\\/avrupatv.eu\\\/index.php\\\/2023\\\/10\\\/27\\\/havadan-ve-karadan-en-siddetli-bombardimana-maruz-kalan-gazzeye-yonelik-teroristlerin-zirhli-haraketliligi-de-artiyor\\\/\"]}]},{\"@type\":\"ImageObject\",\"inLanguage\":\"tr\",\"@id\":\"https:\\\/\\\/avrupatv.eu\\\/index.php\\\/2023\\\/10\\\/27\\\/havadan-ve-karadan-en-siddetli-bombardimana-maruz-kalan-gazzeye-yonelik-teroristlerin-zirhli-haraketliligi-de-artiyor\\\/#primaryimage\",\"url\":\"https:\\\/\\\/avrupatv.eu\\\/wp-content\\\/uploads\\\/2023\\\/10\\\/thumbs_b_c_e751f58685295949bbb84d131b99c7a7.jpg\",\"contentUrl\":\"https:\\\/\\\/avrupatv.eu\\\/wp-content\\\/uploads\\\/2023\\\/10\\\/thumbs_b_c_e751f58685295949bbb84d131b99c7a7.jpg\",\"width\":864,\"height\":486},{\"@type\":\"BreadcrumbList\",\"@id\":\"https:\\\/\\\/avrupatv.eu\\\/index.php\\\/2023\\\/10\\\/27\\\/havadan-ve-karadan-en-siddetli-bombardimana-maruz-kalan-gazzeye-yonelik-teroristlerin-zirhli-haraketliligi-de-artiyor\\\/#breadcrumb\",\"itemListElement\":[{\"@type\":\"ListItem\",\"position\":1,\"name\":\"Anasayfa\",\"item\":\"https:\\\/\\\/avrupatv.eu\\\/\"},{\"@type\":\"ListItem\",\"position\":2,\"name\":\"Havadan ve karadan en \u015fiddetli bombard\u0131mana maruz kalan Gazze&#8217;ye y\u00f6nelik Teroristlerin z\u0131rhl\u0131 haraketlili\u011fi de art\u0131yor\"}]},{\"@type\":\"WebSite\",\"@id\":\"https:\\\/\\\/avrupatv.eu\\\/#website\",\"url\":\"https:\\\/\\\/avrupatv.eu\\\/\",\"name\":\"Avrupal\u0131 T\u00fcrklerin en Yeni Haber Portal\u0131\",\"description\":\"\",\"publisher\":{\"@id\":\"https:\\\/\\\/avrupatv.eu\\\/#organization\"},\"alternateName\":\"Avrupa tv\",\"potentialAction\":[{\"@type\":\"SearchAction\",\"target\":{\"@type\":\"EntryPoint\",\"urlTemplate\":\"https:\\\/\\\/avrupatv.eu\\\/?s={search_term_string}\"},\"query-input\":{\"@type\":\"PropertyValueSpecification\",\"valueRequired\":true,\"valueName\":\"search_term_string\"}}],\"inLanguage\":\"tr\"},{\"@type\":\"Organization\",\"@id\":\"https:\\\/\\\/avrupatv.eu\\\/#organization\",\"name\":\"Avrupa Haber\",\"url\":\"https:\\\/\\\/avrupatv.eu\\\/\",\"logo\":{\"@type\":\"ImageObject\",\"inLanguage\":\"tr\",\"@id\":\"https:\\\/\\\/avrupatv.eu\\\/#\\\/schema\\\/logo\\\/image\\\/\",\"url\":\"https:\\\/\\\/avrupatv.eu\\\/wp-content\\\/uploads\\\/2023\\\/10\\\/cropped-thumbnail_logo.png\",\"contentUrl\":\"https:\\\/\\\/avrupatv.eu\\\/wp-content\\\/uploads\\\/2023\\\/10\\\/cropped-thumbnail_logo.png\",\"width\":1025,\"height\":302,\"caption\":\"Avrupa Haber\"},\"image\":{\"@id\":\"https:\\\/\\\/avrupatv.eu\\\/#\\\/schema\\\/logo\\\/image\\\/\"}},{\"@type\":\"Person\",\"@id\":\"https:\\\/\\\/avrupatv.eu\\\/#\\\/schema\\\/person\\\/d56afa5d5569da4029d483da36c0c17d\",\"name\":\"Onur Akpinar\",\"image\":{\"@type\":\"ImageObject\",\"inLanguage\":\"tr\",\"@id\":\"https:\\\/\\\/secure.gravatar.com\\\/avatar\\\/67a1a0bdf34f82da209334e4684b7e7171a58a5a2b0a8f836b61044f5c1f5d6a?s=96&d=mm&r=g\",\"url\":\"https:\\\/\\\/secure.gravatar.com\\\/avatar\\\/67a1a0bdf34f82da209334e4684b7e7171a58a5a2b0a8f836b61044f5c1f5d6a?s=96&d=mm&r=g\",\"contentUrl\":\"https:\\\/\\\/secure.gravatar.com\\\/avatar\\\/67a1a0bdf34f82da209334e4684b7e7171a58a5a2b0a8f836b61044f5c1f5d6a?s=96&d=mm&r=g\",\"caption\":\"Onur Akpinar\"},\"url\":\"https:\\\/\\\/avrupatv.eu\\\/index.php\\\/author\\\/onur-akpinar\\\/\"}]}<\/script>\n<!-- \/ Yoast SEO plugin. -->","yoast_head_json":{"title":"Havadan ve karadan en \u015fiddetli bombard\u0131mana maruz kalan Gazze'ye y\u00f6nelik Teroristlerin z\u0131rhl\u0131 haraketlili\u011fi de art\u0131yor - Avrupal\u0131 T\u00fcrklerin en Yeni Haber Portal\u0131","robots":{"index":"index","follow":"follow","max-snippet":"max-snippet:-1","max-image-preview":"max-image-preview:large","max-video-preview":"max-video-preview:-1"},"canonical":"https:\/\/avrupatv.eu\/index.php\/2023\/10\/27\/havadan-ve-karadan-en-siddetli-bombardimana-maruz-kalan-gazzeye-yonelik-teroristlerin-zirhli-haraketliligi-de-artiyor\/","og_locale":"tr_TR","og_type":"article","og_title":"Havadan ve karadan en \u015fiddetli bombard\u0131mana maruz kalan Gazze'ye y\u00f6nelik Teroristlerin z\u0131rhl\u0131 haraketlili\u011fi de art\u0131yor - Avrupal\u0131 T\u00fcrklerin en Yeni Haber Portal\u0131","og_description":"\u0130srail ordusu, abluka alt\u0131ndaki Gazze \u015eeridi\u2019ne 7 Ekim\u2019den bu yanaki en \u015fiddetli hava sald\u0131r\u0131lar\u0131n\u0131 d\u00fczenliyor. Gazze&#8217;ye karadan bombard\u0131man artarken, z\u0131rhl\u0131lar\u0131n hareketlili\u011finde de art\u0131\u015f ya\u015fan\u0131yor. Sderot \u276e\u276f \u0130srail ordusunun Gazze&#8217;ye y\u00f6nelik sald\u0131r\u0131lar\u0131 devam ediyor \u0130srail ordusu, 21 g\u00fcnd\u00fcr yakla\u015f\u0131k 2,3 milyon Filistinlinin ya\u015fad\u0131\u011f\u0131 Gazze \u015eeridi\u2019ni gece g\u00fcnd\u00fcz bombal\u0131yor. Gazze\u2019nin her b\u00f6lgesini hedef alan \u0130srail sald\u0131r\u0131lar\u0131, bu [&hellip;]","og_url":"https:\/\/avrupatv.eu\/index.php\/2023\/10\/27\/havadan-ve-karadan-en-siddetli-bombardimana-maruz-kalan-gazzeye-yonelik-teroristlerin-zirhli-haraketliligi-de-artiyor\/","og_site_name":"Avrupal\u0131 T\u00fcrklerin en Yeni Haber Portal\u0131","article_published_time":"2023-10-27T21:26:40+00:00","og_image":[{"width":864,"height":486,"url":"https:\/\/avrupatv.eu\/wp-content\/uploads\/2023\/10\/thumbs_b_c_e751f58685295949bbb84d131b99c7a7.jpg","type":"image\/jpeg"}],"author":"Onur Akpinar","twitter_card":"summary_large_image","twitter_misc":{"Yazan:":"Onur Akpinar","Tahmini okuma s\u00fcresi":"2 dakika"},"schema":{"@context":"https:\/\/schema.org","@graph":[{"@type":"Article","@id":"https:\/\/avrupatv.eu\/index.php\/2023\/10\/27\/havadan-ve-karadan-en-siddetli-bombardimana-maruz-kalan-gazzeye-yonelik-teroristlerin-zirhli-haraketliligi-de-artiyor\/#article","isPartOf":{"@id":"https:\/\/avrupatv.eu\/index.php\/2023\/10\/27\/havadan-ve-karadan-en-siddetli-bombardimana-maruz-kalan-gazzeye-yonelik-teroristlerin-zirhli-haraketliligi-de-artiyor\/"},"author":{"name":"Onur Akpinar","@id":"https:\/\/avrupatv.eu\/#\/schema\/person\/d56afa5d5569da4029d483da36c0c17d"},"headline":"Havadan ve karadan en \u015fiddetli bombard\u0131mana maruz kalan Gazze&#8217;ye y\u00f6nelik Teroristlerin z\u0131rhl\u0131 haraketlili\u011fi de art\u0131yor","datePublished":"2023-10-27T21:26:40+00:00","mainEntityOfPage":{"@id":"https:\/\/avrupatv.eu\/index.php\/2023\/10\/27\/havadan-ve-karadan-en-siddetli-bombardimana-maruz-kalan-gazzeye-yonelik-teroristlerin-zirhli-haraketliligi-de-artiyor\/"},"wordCount":484,"commentCount":0,"publisher":{"@id":"https:\/\/avrupatv.eu\/#organization"},"image":{"@id":"https:\/\/avrupatv.eu\/index.php\/2023\/10\/27\/havadan-ve-karadan-en-siddetli-bombardimana-maruz-kalan-gazzeye-yonelik-teroristlerin-zirhli-haraketliligi-de-artiyor\/#primaryimage"},"thumbnailUrl":"https:\/\/avrupatv.eu\/wp-content\/uploads\/2023\/10\/thumbs_b_c_e751f58685295949bbb84d131b99c7a7.jpg","articleSection":["Blog","D\u00fcnya","Sava\u015f"],"inLanguage":"tr","potentialAction":[{"@type":"CommentAction","name":"Comment","target":["https:\/\/avrupatv.eu\/index.php\/2023\/10\/27\/havadan-ve-karadan-en-siddetli-bombardimana-maruz-kalan-gazzeye-yonelik-teroristlerin-zirhli-haraketliligi-de-artiyor\/#respond"]}]},{"@type":"WebPage","@id":"https:\/\/avrupatv.eu\/index.php\/2023\/10\/27\/havadan-ve-karadan-en-siddetli-bombardimana-maruz-kalan-gazzeye-yonelik-teroristlerin-zirhli-haraketliligi-de-artiyor\/","url":"https:\/\/avrupatv.eu\/index.php\/2023\/10\/27\/havadan-ve-karadan-en-siddetli-bombardimana-maruz-kalan-gazzeye-yonelik-teroristlerin-zirhli-haraketliligi-de-artiyor\/","name":"Havadan ve karadan en \u015fiddetli bombard\u0131mana maruz kalan Gazze'ye y\u00f6nelik Teroristlerin z\u0131rhl\u0131 haraketlili\u011fi de art\u0131yor - Avrupal\u0131 T\u00fcrklerin en Yeni Haber Portal\u0131","isPartOf":{"@id":"https:\/\/avrupatv.eu\/#website"},"primaryImageOfPage":{"@id":"https:\/\/avrupatv.eu\/index.php\/2023\/10\/27\/havadan-ve-karadan-en-siddetli-bombardimana-maruz-kalan-gazzeye-yonelik-teroristlerin-zirhli-haraketliligi-de-artiyor\/#primaryimage"},"image":{"@id":"https:\/\/avrupatv.eu\/index.php\/2023\/10\/27\/havadan-ve-karadan-en-siddetli-bombardimana-maruz-kalan-gazzeye-yonelik-teroristlerin-zirhli-haraketliligi-de-artiyor\/#primaryimage"},"thumbnailUrl":"https:\/\/avrupatv.eu\/wp-content\/uploads\/2023\/10\/thumbs_b_c_e751f58685295949bbb84d131b99c7a7.jpg","datePublished":"2023-10-27T21:26:40+00:00","breadcrumb":{"@id":"https:\/\/avrupatv.eu\/index.php\/2023\/10\/27\/havadan-ve-karadan-en-siddetli-bombardimana-maruz-kalan-gazzeye-yonelik-teroristlerin-zirhli-haraketliligi-de-artiyor\/#breadcrumb"},"inLanguage":"tr","potentialAction":[{"@type":"ReadAction","target":["https:\/\/avrupatv.eu\/index.php\/2023\/10\/27\/havadan-ve-karadan-en-siddetli-bombardimana-maruz-kalan-gazzeye-yonelik-teroristlerin-zirhli-haraketliligi-de-artiyor\/"]}]},{"@type":"ImageObject","inLanguage":"tr","@id":"https:\/\/avrupatv.eu\/index.php\/2023\/10\/27\/havadan-ve-karadan-en-siddetli-bombardimana-maruz-kalan-gazzeye-yonelik-teroristlerin-zirhli-haraketliligi-de-artiyor\/#primaryimage","url":"https:\/\/avrupatv.eu\/wp-content\/uploads\/2023\/10\/thumbs_b_c_e751f58685295949bbb84d131b99c7a7.jpg","contentUrl":"https:\/\/avrupatv.eu\/wp-content\/uploads\/2023\/10\/thumbs_b_c_e751f58685295949bbb84d131b99c7a7.jpg","width":864,"height":486},{"@type":"BreadcrumbList","@id":"https:\/\/avrupatv.eu\/index.php\/2023\/10\/27\/havadan-ve-karadan-en-siddetli-bombardimana-maruz-kalan-gazzeye-yonelik-teroristlerin-zirhli-haraketliligi-de-artiyor\/#breadcrumb","itemListElement":[{"@type":"ListItem","position":1,"name":"Anasayfa","item":"https:\/\/avrupatv.eu\/"},{"@type":"ListItem","position":2,"name":"Havadan ve karadan en \u015fiddetli bombard\u0131mana maruz kalan Gazze&#8217;ye y\u00f6nelik Teroristlerin z\u0131rhl\u0131 haraketlili\u011fi de art\u0131yor"}]},{"@type":"WebSite","@id":"https:\/\/avrupatv.eu\/#website","url":"https:\/\/avrupatv.eu\/","name":"Avrupal\u0131 T\u00fcrklerin en Yeni Haber Portal\u0131","description":"","publisher":{"@id":"https:\/\/avrupatv.eu\/#organization"},"alternateName":"Avrupa tv","potentialAction":[{"@type":"SearchAction","target":{"@type":"EntryPoint","urlTemplate":"https:\/\/avrupatv.eu\/?s={search_term_string}"},"query-input":{"@type":"PropertyValueSpecification","valueRequired":true,"valueName":"search_term_string"}}],"inLanguage":"tr"},{"@type":"Organization","@id":"https:\/\/avrupatv.eu\/#organization","name":"Avrupa Haber","url":"https:\/\/avrupatv.eu\/","logo":{"@type":"ImageObject","inLanguage":"tr","@id":"https:\/\/avrupatv.eu\/#\/schema\/logo\/image\/","url":"https:\/\/avrupatv.eu\/wp-content\/uploads\/2023\/10\/cropped-thumbnail_logo.png","contentUrl":"https:\/\/avrupatv.eu\/wp-content\/uploads\/2023\/10\/cropped-thumbnail_logo.png","width":1025,"height":302,"caption":"Avrupa Haber"},"image":{"@id":"https:\/\/avrupatv.eu\/#\/schema\/logo\/image\/"}},{"@type":"Person","@id":"https:\/\/avrupatv.eu\/#\/schema\/person\/d56afa5d5569da4029d483da36c0c17d","name":"Onur Akpinar","image":{"@type":"ImageObject","inLanguage":"tr","@id":"https:\/\/secure.gravatar.com\/avatar\/67a1a0bdf34f82da209334e4684b7e7171a58a5a2b0a8f836b61044f5c1f5d6a?s=96&d=mm&r=g","url":"https:\/\/secure.gravatar.com\/avatar\/67a1a0bdf34f82da209334e4684b7e7171a58a5a2b0a8f836b61044f5c1f5d6a?s=96&d=mm&r=g","contentUrl":"https:\/\/secure.gravatar.com\/avatar\/67a1a0bdf34f82da209334e4684b7e7171a58a5a2b0a8f836b61044f5c1f5d6a?s=96&d=mm&r=g","caption":"Onur Akpinar"},"url":"https:\/\/avrupatv.eu\/index.php\/author\/onur-akpinar\/"}]}},"_links":{"self":[{"href":"https:\/\/avrupatv.eu\/index.php\/wp-json\/wp\/v2\/posts\/92","targetHints":{"allow":["GET"]}}],"collection":[{"href":"https:\/\/avrupatv.eu\/index.php\/wp-json\/wp\/v2\/posts"}],"about":[{"href":"https:\/\/avrupatv.eu\/index.php\/wp-json\/wp\/v2\/types\/post"}],"author":[{"embeddable":true,"href":"https:\/\/avrupatv.eu\/index.php\/wp-json\/wp\/v2\/users\/2"}],"replies":[{"embeddable":true,"href":"https:\/\/avrupatv.eu\/index.php\/wp-json\/wp\/v2\/comments?post=92"}],"version-history":[{"count":0,"href":"https:\/\/avrupatv.eu\/index.php\/wp-json\/wp\/v2\/posts\/92\/revisions"}],"wp:featuredmedia":[{"embeddable":true,"href":"https:\/\/avrupatv.eu\/index.php\/wp-json\/wp\/v2\/media\/93"}],"wp:attachment":[{"href":"https:\/\/avrupatv.eu\/index.php\/wp-json\/wp\/v2\/media?parent=92"}],"wp:term":[{"taxonomy":"category","embeddable":true,"href":"https:\/\/avrupatv.eu\/index.php\/wp-json\/wp\/v2\/categories?post=92"},{"taxonomy":"post_tag","embeddable":true,"href":"https:\/\/avrupatv.eu\/index.php\/wp-json\/wp\/v2\/tags?post=92"}],"curies":[{"name":"wp","href":"https:\/\/api.w.org\/{rel}","templated":true}]}}