{"id":912,"date":"2024-12-24T08:04:33","date_gmt":"2024-12-24T08:04:33","guid":{"rendered":"https:\/\/avrupatv.eu\/?p=912"},"modified":"2024-12-24T08:04:33","modified_gmt":"2024-12-24T08:04:33","slug":"balikesirde-patlamabasimiz-sagolsun-tam-olarak-neoldu","status":"publish","type":"post","link":"https:\/\/avrupatv.eu\/index.php\/2024\/12\/24\/balikesirde-patlamabasimiz-sagolsun-tam-olarak-neoldu\/","title":{"rendered":"Bal\u0131kesir&#8217;de patlama,ba\u015f\u0131m\u0131z sa\u011folsun. Tam olarak neoldu?"},"content":{"rendered":"\n<p>Bal\u0131kesir\u2019de Patlama: 12 \u00d6l\u00fc, 3 Yaral\u0131Bal\u0131kesir\u2019in Karesi il\u00e7esinde bulunan bir patlay\u0131c\u0131 \u00fcretim tesisinde bu sabah meydana gelen patlamada 12 ki\u015fi hayat\u0131n\u0131 kaybetti, 3 ki\u015fi ise yaraland\u0131. Olay, saat 08:25\u2019te fabrikan\u0131n kaps\u00fcl \u00fcretimi yap\u0131lan b\u00f6l\u00fcm\u00fcnde ger\u00e7ekle\u015fti.<\/p>\n\n\n\n<p>Patlaman\u0131n ard\u0131ndan binada \u00e7\u00f6kme meydana geldi\u011fi bildirildi. Yaral\u0131lar h\u0131zla \u00e7evredeki hastanelere kald\u0131r\u0131larak tedavi alt\u0131na al\u0131nd\u0131. Bal\u0131kesir Valisi \u0130smail Ustao\u011flu, olay yerine arama kurtarma ve itfaiye ekiplerinin sevk edildi\u011fini, so\u011futma \u00e7al\u0131\u015fmalar\u0131n\u0131n s\u00fcrd\u00fc\u011f\u00fcn\u00fc a\u00e7\u0131klad\u0131.<\/p>\n\n\n\n<p>Patlaman\u0131n teknik bir ar\u0131zadan kaynakland\u0131\u011f\u0131 d\u00fc\u015f\u00fcn\u00fcl\u00fcyor. \u0130\u00e7i\u015fleri Bakan\u0131 Ali Yerlikaya, olayla ilgili idari tahkikat ba\u015flat\u0131ld\u0131\u011f\u0131n\u0131 ve sabotaj ihtimalinin bulunmad\u0131\u011f\u0131n\u0131 belirtti. \u00c7al\u0131\u015fma ve Sosyal G\u00fcvenlik Bakan\u0131 Vedat I\u015f\u0131khan ise kazay\u0131 ara\u015ft\u0131rmak \u00fczere 2 ba\u015fm\u00fcfetti\u015f ve 1 m\u00fcfetti\u015fin g\u00f6revlendirildi\u011fini a\u00e7\u0131klad\u0131.<\/p>\n\n\n\n<p>Patlaman\u0131n ya\u015fand\u0131\u011f\u0131 fabrikan\u0131n, ZSR Patlay\u0131c\u0131 \u00dcretim Tesisi oldu\u011fu \u00f6\u011frenildi. Yetkililer, olay\u0131n t\u00fcm y\u00f6nleriyle ayd\u0131nlat\u0131lmas\u0131 i\u00e7in soru\u015fturman\u0131n devam etti\u011fini bildirdi.Hayat\u0131n\u0131 kaybedenlerin yak\u0131nlar\u0131na ba\u015fsa\u011fl\u0131\u011f\u0131 diler, yaral\u0131lara acil \u015fifalar dileriz.<\/p>\n","protected":false},"excerpt":{"rendered":"<p>Bal\u0131kesir\u2019de Patlama: 12 \u00d6l\u00fc, 3 Yaral\u0131Bal\u0131kesir\u2019in Karesi il\u00e7esinde bulunan bir patlay\u0131c\u0131 \u00fcretim tesisinde bu sabah meydana gelen patlamada 12 ki\u015fi hayat\u0131n\u0131 kaybetti, 3 ki\u015fi ise yaraland\u0131. Olay, saat 08:25\u2019te fabrikan\u0131n kaps\u00fcl \u00fcretimi yap\u0131lan b\u00f6l\u00fcm\u00fcnde ger\u00e7ekle\u015fti. Patlaman\u0131n ard\u0131ndan binada \u00e7\u00f6kme meydana geldi\u011fi bildirildi. Yaral\u0131lar h\u0131zla \u00e7evredeki hastanelere kald\u0131r\u0131larak tedavi alt\u0131na al\u0131nd\u0131. Bal\u0131kesir Valisi \u0130smail Ustao\u011flu, olay [&hellip;]<\/p>\n","protected":false},"author":2,"featured_media":913,"comment_status":"open","ping_status":"open","sticky":false,"template":"","format":"standard","meta":{"footnotes":""},"categories":[11],"tags":[],"class_list":["post-912","post","type-post","status-publish","format-standard","has-post-thumbnail","hentry","category-turkiye"],"yoast_head":"<!-- This site is optimized with the Yoast SEO plugin v27.4 - https:\/\/yoast.com\/product\/yoast-seo-wordpress\/ -->\n<title>Bal\u0131kesir&#039;de patlama,ba\u015f\u0131m\u0131z sa\u011folsun. Tam olarak neoldu? - Avrupal\u0131 T\u00fcrklerin en Yeni Haber Portal\u0131<\/title>\n<meta name=\"robots\" content=\"index, follow, max-snippet:-1, max-image-preview:large, max-video-preview:-1\" \/>\n<link rel=\"canonical\" href=\"https:\/\/avrupatv.eu\/index.php\/2024\/12\/24\/balikesirde-patlamabasimiz-sagolsun-tam-olarak-neoldu\/\" \/>\n<meta property=\"og:locale\" content=\"tr_TR\" \/>\n<meta property=\"og:type\" content=\"article\" \/>\n<meta property=\"og:title\" content=\"Bal\u0131kesir&#039;de patlama,ba\u015f\u0131m\u0131z sa\u011folsun. Tam olarak neoldu? - Avrupal\u0131 T\u00fcrklerin en Yeni Haber Portal\u0131\" \/>\n<meta property=\"og:description\" content=\"Bal\u0131kesir\u2019de Patlama: 12 \u00d6l\u00fc, 3 Yaral\u0131Bal\u0131kesir\u2019in Karesi il\u00e7esinde bulunan bir patlay\u0131c\u0131 \u00fcretim tesisinde bu sabah meydana gelen patlamada 12 ki\u015fi hayat\u0131n\u0131 kaybetti, 3 ki\u015fi ise yaraland\u0131. Olay, saat 08:25\u2019te fabrikan\u0131n kaps\u00fcl \u00fcretimi yap\u0131lan b\u00f6l\u00fcm\u00fcnde ger\u00e7ekle\u015fti. Patlaman\u0131n ard\u0131ndan binada \u00e7\u00f6kme meydana geldi\u011fi bildirildi. Yaral\u0131lar h\u0131zla \u00e7evredeki hastanelere kald\u0131r\u0131larak tedavi alt\u0131na al\u0131nd\u0131. Bal\u0131kesir Valisi \u0130smail Ustao\u011flu, olay [&hellip;]\" \/>\n<meta property=\"og:url\" content=\"https:\/\/avrupatv.eu\/index.php\/2024\/12\/24\/balikesirde-patlamabasimiz-sagolsun-tam-olarak-neoldu\/\" \/>\n<meta property=\"og:site_name\" content=\"Avrupal\u0131 T\u00fcrklerin en Yeni Haber Portal\u0131\" \/>\n<meta property=\"article:published_time\" content=\"2024-12-24T08:04:33+00:00\" \/>\n<meta property=\"og:image\" content=\"https:\/\/avrupatv.eu\/wp-content\/uploads\/2024\/12\/balikesirde-patlayici-uretilen-fabrikada-patlama-meydana-geldi.jpg\" \/>\n\t<meta property=\"og:image:width\" content=\"1280\" \/>\n\t<meta property=\"og:image:height\" content=\"720\" \/>\n\t<meta property=\"og:image:type\" content=\"image\/jpeg\" \/>\n<meta name=\"author\" content=\"Onur Akpinar\" \/>\n<meta name=\"twitter:card\" content=\"summary_large_image\" \/>\n<meta name=\"twitter:label1\" content=\"Yazan:\" \/>\n\t<meta name=\"twitter:data1\" content=\"Onur Akpinar\" \/>\n\t<meta name=\"twitter:label2\" content=\"Tahmini okuma s\u00fcresi\" \/>\n\t<meta name=\"twitter:data2\" content=\"1 dakika\" \/>\n<script type=\"application\/ld+json\" class=\"yoast-schema-graph\">{\"@context\":\"https:\\\/\\\/schema.org\",\"@graph\":[{\"@type\":\"Article\",\"@id\":\"https:\\\/\\\/avrupatv.eu\\\/index.php\\\/2024\\\/12\\\/24\\\/balikesirde-patlamabasimiz-sagolsun-tam-olarak-neoldu\\\/#article\",\"isPartOf\":{\"@id\":\"https:\\\/\\\/avrupatv.eu\\\/index.php\\\/2024\\\/12\\\/24\\\/balikesirde-patlamabasimiz-sagolsun-tam-olarak-neoldu\\\/\"},\"author\":{\"name\":\"Onur Akpinar\",\"@id\":\"https:\\\/\\\/avrupatv.eu\\\/#\\\/schema\\\/person\\\/d56afa5d5569da4029d483da36c0c17d\"},\"headline\":\"Bal\u0131kesir&#8217;de patlama,ba\u015f\u0131m\u0131z sa\u011folsun. Tam olarak neoldu?\",\"datePublished\":\"2024-12-24T08:04:33+00:00\",\"mainEntityOfPage\":{\"@id\":\"https:\\\/\\\/avrupatv.eu\\\/index.php\\\/2024\\\/12\\\/24\\\/balikesirde-patlamabasimiz-sagolsun-tam-olarak-neoldu\\\/\"},\"wordCount\":218,\"commentCount\":0,\"publisher\":{\"@id\":\"https:\\\/\\\/avrupatv.eu\\\/#organization\"},\"image\":{\"@id\":\"https:\\\/\\\/avrupatv.eu\\\/index.php\\\/2024\\\/12\\\/24\\\/balikesirde-patlamabasimiz-sagolsun-tam-olarak-neoldu\\\/#primaryimage\"},\"thumbnailUrl\":\"https:\\\/\\\/avrupatv.eu\\\/wp-content\\\/uploads\\\/2024\\\/12\\\/balikesirde-patlayici-uretilen-fabrikada-patlama-meydana-geldi.jpg\",\"articleSection\":[\"T\u00fcrkiye\"],\"inLanguage\":\"tr\",\"potentialAction\":[{\"@type\":\"CommentAction\",\"name\":\"Comment\",\"target\":[\"https:\\\/\\\/avrupatv.eu\\\/index.php\\\/2024\\\/12\\\/24\\\/balikesirde-patlamabasimiz-sagolsun-tam-olarak-neoldu\\\/#respond\"]}]},{\"@type\":\"WebPage\",\"@id\":\"https:\\\/\\\/avrupatv.eu\\\/index.php\\\/2024\\\/12\\\/24\\\/balikesirde-patlamabasimiz-sagolsun-tam-olarak-neoldu\\\/\",\"url\":\"https:\\\/\\\/avrupatv.eu\\\/index.php\\\/2024\\\/12\\\/24\\\/balikesirde-patlamabasimiz-sagolsun-tam-olarak-neoldu\\\/\",\"name\":\"Bal\u0131kesir'de patlama,ba\u015f\u0131m\u0131z sa\u011folsun. Tam olarak neoldu? - Avrupal\u0131 T\u00fcrklerin en Yeni Haber Portal\u0131\",\"isPartOf\":{\"@id\":\"https:\\\/\\\/avrupatv.eu\\\/#website\"},\"primaryImageOfPage\":{\"@id\":\"https:\\\/\\\/avrupatv.eu\\\/index.php\\\/2024\\\/12\\\/24\\\/balikesirde-patlamabasimiz-sagolsun-tam-olarak-neoldu\\\/#primaryimage\"},\"image\":{\"@id\":\"https:\\\/\\\/avrupatv.eu\\\/index.php\\\/2024\\\/12\\\/24\\\/balikesirde-patlamabasimiz-sagolsun-tam-olarak-neoldu\\\/#primaryimage\"},\"thumbnailUrl\":\"https:\\\/\\\/avrupatv.eu\\\/wp-content\\\/uploads\\\/2024\\\/12\\\/balikesirde-patlayici-uretilen-fabrikada-patlama-meydana-geldi.jpg\",\"datePublished\":\"2024-12-24T08:04:33+00:00\",\"breadcrumb\":{\"@id\":\"https:\\\/\\\/avrupatv.eu\\\/index.php\\\/2024\\\/12\\\/24\\\/balikesirde-patlamabasimiz-sagolsun-tam-olarak-neoldu\\\/#breadcrumb\"},\"inLanguage\":\"tr\",\"potentialAction\":[{\"@type\":\"ReadAction\",\"target\":[\"https:\\\/\\\/avrupatv.eu\\\/index.php\\\/2024\\\/12\\\/24\\\/balikesirde-patlamabasimiz-sagolsun-tam-olarak-neoldu\\\/\"]}]},{\"@type\":\"ImageObject\",\"inLanguage\":\"tr\",\"@id\":\"https:\\\/\\\/avrupatv.eu\\\/index.php\\\/2024\\\/12\\\/24\\\/balikesirde-patlamabasimiz-sagolsun-tam-olarak-neoldu\\\/#primaryimage\",\"url\":\"https:\\\/\\\/avrupatv.eu\\\/wp-content\\\/uploads\\\/2024\\\/12\\\/balikesirde-patlayici-uretilen-fabrikada-patlama-meydana-geldi.jpg\",\"contentUrl\":\"https:\\\/\\\/avrupatv.eu\\\/wp-content\\\/uploads\\\/2024\\\/12\\\/balikesirde-patlayici-uretilen-fabrikada-patlama-meydana-geldi.jpg\",\"width\":1280,\"height\":720},{\"@type\":\"BreadcrumbList\",\"@id\":\"https:\\\/\\\/avrupatv.eu\\\/index.php\\\/2024\\\/12\\\/24\\\/balikesirde-patlamabasimiz-sagolsun-tam-olarak-neoldu\\\/#breadcrumb\",\"itemListElement\":[{\"@type\":\"ListItem\",\"position\":1,\"name\":\"Anasayfa\",\"item\":\"https:\\\/\\\/avrupatv.eu\\\/\"},{\"@type\":\"ListItem\",\"position\":2,\"name\":\"Bal\u0131kesir&#8217;de patlama,ba\u015f\u0131m\u0131z sa\u011folsun. Tam olarak neoldu?\"}]},{\"@type\":\"WebSite\",\"@id\":\"https:\\\/\\\/avrupatv.eu\\\/#website\",\"url\":\"https:\\\/\\\/avrupatv.eu\\\/\",\"name\":\"Avrupal\u0131 T\u00fcrklerin en Yeni Haber Portal\u0131\",\"description\":\"\",\"publisher\":{\"@id\":\"https:\\\/\\\/avrupatv.eu\\\/#organization\"},\"alternateName\":\"Avrupa tv\",\"potentialAction\":[{\"@type\":\"SearchAction\",\"target\":{\"@type\":\"EntryPoint\",\"urlTemplate\":\"https:\\\/\\\/avrupatv.eu\\\/?s={search_term_string}\"},\"query-input\":{\"@type\":\"PropertyValueSpecification\",\"valueRequired\":true,\"valueName\":\"search_term_string\"}}],\"inLanguage\":\"tr\"},{\"@type\":\"Organization\",\"@id\":\"https:\\\/\\\/avrupatv.eu\\\/#organization\",\"name\":\"Avrupa Haber\",\"url\":\"https:\\\/\\\/avrupatv.eu\\\/\",\"logo\":{\"@type\":\"ImageObject\",\"inLanguage\":\"tr\",\"@id\":\"https:\\\/\\\/avrupatv.eu\\\/#\\\/schema\\\/logo\\\/image\\\/\",\"url\":\"https:\\\/\\\/avrupatv.eu\\\/wp-content\\\/uploads\\\/2023\\\/10\\\/cropped-thumbnail_logo.png\",\"contentUrl\":\"https:\\\/\\\/avrupatv.eu\\\/wp-content\\\/uploads\\\/2023\\\/10\\\/cropped-thumbnail_logo.png\",\"width\":1025,\"height\":302,\"caption\":\"Avrupa Haber\"},\"image\":{\"@id\":\"https:\\\/\\\/avrupatv.eu\\\/#\\\/schema\\\/logo\\\/image\\\/\"}},{\"@type\":\"Person\",\"@id\":\"https:\\\/\\\/avrupatv.eu\\\/#\\\/schema\\\/person\\\/d56afa5d5569da4029d483da36c0c17d\",\"name\":\"Onur Akpinar\",\"image\":{\"@type\":\"ImageObject\",\"inLanguage\":\"tr\",\"@id\":\"https:\\\/\\\/secure.gravatar.com\\\/avatar\\\/67a1a0bdf34f82da209334e4684b7e7171a58a5a2b0a8f836b61044f5c1f5d6a?s=96&d=mm&r=g\",\"url\":\"https:\\\/\\\/secure.gravatar.com\\\/avatar\\\/67a1a0bdf34f82da209334e4684b7e7171a58a5a2b0a8f836b61044f5c1f5d6a?s=96&d=mm&r=g\",\"contentUrl\":\"https:\\\/\\\/secure.gravatar.com\\\/avatar\\\/67a1a0bdf34f82da209334e4684b7e7171a58a5a2b0a8f836b61044f5c1f5d6a?s=96&d=mm&r=g\",\"caption\":\"Onur Akpinar\"},\"url\":\"https:\\\/\\\/avrupatv.eu\\\/index.php\\\/author\\\/onur-akpinar\\\/\"}]}<\/script>\n<!-- \/ Yoast SEO plugin. -->","yoast_head_json":{"title":"Bal\u0131kesir'de patlama,ba\u015f\u0131m\u0131z sa\u011folsun. Tam olarak neoldu? - Avrupal\u0131 T\u00fcrklerin en Yeni Haber Portal\u0131","robots":{"index":"index","follow":"follow","max-snippet":"max-snippet:-1","max-image-preview":"max-image-preview:large","max-video-preview":"max-video-preview:-1"},"canonical":"https:\/\/avrupatv.eu\/index.php\/2024\/12\/24\/balikesirde-patlamabasimiz-sagolsun-tam-olarak-neoldu\/","og_locale":"tr_TR","og_type":"article","og_title":"Bal\u0131kesir'de patlama,ba\u015f\u0131m\u0131z sa\u011folsun. Tam olarak neoldu? - Avrupal\u0131 T\u00fcrklerin en Yeni Haber Portal\u0131","og_description":"Bal\u0131kesir\u2019de Patlama: 12 \u00d6l\u00fc, 3 Yaral\u0131Bal\u0131kesir\u2019in Karesi il\u00e7esinde bulunan bir patlay\u0131c\u0131 \u00fcretim tesisinde bu sabah meydana gelen patlamada 12 ki\u015fi hayat\u0131n\u0131 kaybetti, 3 ki\u015fi ise yaraland\u0131. Olay, saat 08:25\u2019te fabrikan\u0131n kaps\u00fcl \u00fcretimi yap\u0131lan b\u00f6l\u00fcm\u00fcnde ger\u00e7ekle\u015fti. Patlaman\u0131n ard\u0131ndan binada \u00e7\u00f6kme meydana geldi\u011fi bildirildi. Yaral\u0131lar h\u0131zla \u00e7evredeki hastanelere kald\u0131r\u0131larak tedavi alt\u0131na al\u0131nd\u0131. Bal\u0131kesir Valisi \u0130smail Ustao\u011flu, olay [&hellip;]","og_url":"https:\/\/avrupatv.eu\/index.php\/2024\/12\/24\/balikesirde-patlamabasimiz-sagolsun-tam-olarak-neoldu\/","og_site_name":"Avrupal\u0131 T\u00fcrklerin en Yeni Haber Portal\u0131","article_published_time":"2024-12-24T08:04:33+00:00","og_image":[{"width":1280,"height":720,"url":"https:\/\/avrupatv.eu\/wp-content\/uploads\/2024\/12\/balikesirde-patlayici-uretilen-fabrikada-patlama-meydana-geldi.jpg","type":"image\/jpeg"}],"author":"Onur Akpinar","twitter_card":"summary_large_image","twitter_misc":{"Yazan:":"Onur Akpinar","Tahmini okuma s\u00fcresi":"1 dakika"},"schema":{"@context":"https:\/\/schema.org","@graph":[{"@type":"Article","@id":"https:\/\/avrupatv.eu\/index.php\/2024\/12\/24\/balikesirde-patlamabasimiz-sagolsun-tam-olarak-neoldu\/#article","isPartOf":{"@id":"https:\/\/avrupatv.eu\/index.php\/2024\/12\/24\/balikesirde-patlamabasimiz-sagolsun-tam-olarak-neoldu\/"},"author":{"name":"Onur Akpinar","@id":"https:\/\/avrupatv.eu\/#\/schema\/person\/d56afa5d5569da4029d483da36c0c17d"},"headline":"Bal\u0131kesir&#8217;de patlama,ba\u015f\u0131m\u0131z sa\u011folsun. Tam olarak neoldu?","datePublished":"2024-12-24T08:04:33+00:00","mainEntityOfPage":{"@id":"https:\/\/avrupatv.eu\/index.php\/2024\/12\/24\/balikesirde-patlamabasimiz-sagolsun-tam-olarak-neoldu\/"},"wordCount":218,"commentCount":0,"publisher":{"@id":"https:\/\/avrupatv.eu\/#organization"},"image":{"@id":"https:\/\/avrupatv.eu\/index.php\/2024\/12\/24\/balikesirde-patlamabasimiz-sagolsun-tam-olarak-neoldu\/#primaryimage"},"thumbnailUrl":"https:\/\/avrupatv.eu\/wp-content\/uploads\/2024\/12\/balikesirde-patlayici-uretilen-fabrikada-patlama-meydana-geldi.jpg","articleSection":["T\u00fcrkiye"],"inLanguage":"tr","potentialAction":[{"@type":"CommentAction","name":"Comment","target":["https:\/\/avrupatv.eu\/index.php\/2024\/12\/24\/balikesirde-patlamabasimiz-sagolsun-tam-olarak-neoldu\/#respond"]}]},{"@type":"WebPage","@id":"https:\/\/avrupatv.eu\/index.php\/2024\/12\/24\/balikesirde-patlamabasimiz-sagolsun-tam-olarak-neoldu\/","url":"https:\/\/avrupatv.eu\/index.php\/2024\/12\/24\/balikesirde-patlamabasimiz-sagolsun-tam-olarak-neoldu\/","name":"Bal\u0131kesir'de patlama,ba\u015f\u0131m\u0131z sa\u011folsun. Tam olarak neoldu? - Avrupal\u0131 T\u00fcrklerin en Yeni Haber Portal\u0131","isPartOf":{"@id":"https:\/\/avrupatv.eu\/#website"},"primaryImageOfPage":{"@id":"https:\/\/avrupatv.eu\/index.php\/2024\/12\/24\/balikesirde-patlamabasimiz-sagolsun-tam-olarak-neoldu\/#primaryimage"},"image":{"@id":"https:\/\/avrupatv.eu\/index.php\/2024\/12\/24\/balikesirde-patlamabasimiz-sagolsun-tam-olarak-neoldu\/#primaryimage"},"thumbnailUrl":"https:\/\/avrupatv.eu\/wp-content\/uploads\/2024\/12\/balikesirde-patlayici-uretilen-fabrikada-patlama-meydana-geldi.jpg","datePublished":"2024-12-24T08:04:33+00:00","breadcrumb":{"@id":"https:\/\/avrupatv.eu\/index.php\/2024\/12\/24\/balikesirde-patlamabasimiz-sagolsun-tam-olarak-neoldu\/#breadcrumb"},"inLanguage":"tr","potentialAction":[{"@type":"ReadAction","target":["https:\/\/avrupatv.eu\/index.php\/2024\/12\/24\/balikesirde-patlamabasimiz-sagolsun-tam-olarak-neoldu\/"]}]},{"@type":"ImageObject","inLanguage":"tr","@id":"https:\/\/avrupatv.eu\/index.php\/2024\/12\/24\/balikesirde-patlamabasimiz-sagolsun-tam-olarak-neoldu\/#primaryimage","url":"https:\/\/avrupatv.eu\/wp-content\/uploads\/2024\/12\/balikesirde-patlayici-uretilen-fabrikada-patlama-meydana-geldi.jpg","contentUrl":"https:\/\/avrupatv.eu\/wp-content\/uploads\/2024\/12\/balikesirde-patlayici-uretilen-fabrikada-patlama-meydana-geldi.jpg","width":1280,"height":720},{"@type":"BreadcrumbList","@id":"https:\/\/avrupatv.eu\/index.php\/2024\/12\/24\/balikesirde-patlamabasimiz-sagolsun-tam-olarak-neoldu\/#breadcrumb","itemListElement":[{"@type":"ListItem","position":1,"name":"Anasayfa","item":"https:\/\/avrupatv.eu\/"},{"@type":"ListItem","position":2,"name":"Bal\u0131kesir&#8217;de patlama,ba\u015f\u0131m\u0131z sa\u011folsun. Tam olarak neoldu?"}]},{"@type":"WebSite","@id":"https:\/\/avrupatv.eu\/#website","url":"https:\/\/avrupatv.eu\/","name":"Avrupal\u0131 T\u00fcrklerin en Yeni Haber Portal\u0131","description":"","publisher":{"@id":"https:\/\/avrupatv.eu\/#organization"},"alternateName":"Avrupa tv","potentialAction":[{"@type":"SearchAction","target":{"@type":"EntryPoint","urlTemplate":"https:\/\/avrupatv.eu\/?s={search_term_string}"},"query-input":{"@type":"PropertyValueSpecification","valueRequired":true,"valueName":"search_term_string"}}],"inLanguage":"tr"},{"@type":"Organization","@id":"https:\/\/avrupatv.eu\/#organization","name":"Avrupa Haber","url":"https:\/\/avrupatv.eu\/","logo":{"@type":"ImageObject","inLanguage":"tr","@id":"https:\/\/avrupatv.eu\/#\/schema\/logo\/image\/","url":"https:\/\/avrupatv.eu\/wp-content\/uploads\/2023\/10\/cropped-thumbnail_logo.png","contentUrl":"https:\/\/avrupatv.eu\/wp-content\/uploads\/2023\/10\/cropped-thumbnail_logo.png","width":1025,"height":302,"caption":"Avrupa Haber"},"image":{"@id":"https:\/\/avrupatv.eu\/#\/schema\/logo\/image\/"}},{"@type":"Person","@id":"https:\/\/avrupatv.eu\/#\/schema\/person\/d56afa5d5569da4029d483da36c0c17d","name":"Onur Akpinar","image":{"@type":"ImageObject","inLanguage":"tr","@id":"https:\/\/secure.gravatar.com\/avatar\/67a1a0bdf34f82da209334e4684b7e7171a58a5a2b0a8f836b61044f5c1f5d6a?s=96&d=mm&r=g","url":"https:\/\/secure.gravatar.com\/avatar\/67a1a0bdf34f82da209334e4684b7e7171a58a5a2b0a8f836b61044f5c1f5d6a?s=96&d=mm&r=g","contentUrl":"https:\/\/secure.gravatar.com\/avatar\/67a1a0bdf34f82da209334e4684b7e7171a58a5a2b0a8f836b61044f5c1f5d6a?s=96&d=mm&r=g","caption":"Onur Akpinar"},"url":"https:\/\/avrupatv.eu\/index.php\/author\/onur-akpinar\/"}]}},"_links":{"self":[{"href":"https:\/\/avrupatv.eu\/index.php\/wp-json\/wp\/v2\/posts\/912","targetHints":{"allow":["GET"]}}],"collection":[{"href":"https:\/\/avrupatv.eu\/index.php\/wp-json\/wp\/v2\/posts"}],"about":[{"href":"https:\/\/avrupatv.eu\/index.php\/wp-json\/wp\/v2\/types\/post"}],"author":[{"embeddable":true,"href":"https:\/\/avrupatv.eu\/index.php\/wp-json\/wp\/v2\/users\/2"}],"replies":[{"embeddable":true,"href":"https:\/\/avrupatv.eu\/index.php\/wp-json\/wp\/v2\/comments?post=912"}],"version-history":[{"count":1,"href":"https:\/\/avrupatv.eu\/index.php\/wp-json\/wp\/v2\/posts\/912\/revisions"}],"predecessor-version":[{"id":914,"href":"https:\/\/avrupatv.eu\/index.php\/wp-json\/wp\/v2\/posts\/912\/revisions\/914"}],"wp:featuredmedia":[{"embeddable":true,"href":"https:\/\/avrupatv.eu\/index.php\/wp-json\/wp\/v2\/media\/913"}],"wp:attachment":[{"href":"https:\/\/avrupatv.eu\/index.php\/wp-json\/wp\/v2\/media?parent=912"}],"wp:term":[{"taxonomy":"category","embeddable":true,"href":"https:\/\/avrupatv.eu\/index.php\/wp-json\/wp\/v2\/categories?post=912"},{"taxonomy":"post_tag","embeddable":true,"href":"https:\/\/avrupatv.eu\/index.php\/wp-json\/wp\/v2\/tags?post=912"}],"curies":[{"name":"wp","href":"https:\/\/api.w.org\/{rel}","templated":true}]}}