{"id":889,"date":"2024-12-22T14:03:27","date_gmt":"2024-12-22T14:03:27","guid":{"rendered":"https:\/\/avrupatv.eu\/?p=889"},"modified":"2024-12-22T14:03:27","modified_gmt":"2024-12-22T14:03:27","slug":"taraftarlar-cildirdi-sike-iddiasi-var","status":"publish","type":"post","link":"https:\/\/avrupatv.eu\/index.php\/2024\/12\/22\/taraftarlar-cildirdi-sike-iddiasi-var\/","title":{"rendered":"Taraftarlar \u00e7\u0131ld\u0131rd\u0131 \u015fike iddias\u0131 var!"},"content":{"rendered":"\n<p>Kayserispor-Galatasaray Ma\u00e7\u0131 \u00d6ncesi &#8220;Vefa \u015eikesi&#8221; \u0130ddias\u0131.<\/p>\n\n\n\n<p>Galatasaray ile Kayserispor aras\u0131nda oynanacak S\u00fcper Lig ma\u00e7\u0131 \u00f6ncesinde, Erden Timur&#8217;un ge\u00e7mi\u015fte Kayserispor&#8217;a transfer yasa\u011f\u0131n\u0131 kald\u0131rma konusunda sa\u011flad\u0131\u011f\u0131 destek baz\u0131 \u00e7evrelerde tart\u0131\u015fma konusu oldu. Bu durum, \u00f6zellikle sosyal medyada &#8220;vefa \u015fikesi&#8221; iddialar\u0131n\u0131 g\u00fcndeme getirdi.<\/p>\n\n\n\n<p>Baz\u0131 taraftarlar, Galatasaray&#8217;\u0131n Kayserispor&#8217;a yard\u0131m etmesinin, ma\u00e7ta Kayserispor\u2019un performans\u0131n\u0131 etkileyebilece\u011fini \u00f6ne s\u00fcrd\u00fc. Ancak hem Galatasaray hem de Kayserispor cephesinden bu t\u00fcr iddialara ili\u015fkin herhangi bir resmi a\u00e7\u0131klama yap\u0131lmad\u0131.<\/p>\n\n\n\n<p>Galatasaray taraftarlar\u0131, Erden Timur&#8217;un Kayserispor&#8217;a yard\u0131m\u0131n\u0131 &#8220;futbola katk\u0131&#8221; olarak de\u011ferlendirirken, Kayserispor camias\u0131 da bu yard\u0131m\u0131 olumlu kar\u015f\u0131lam\u0131\u015ft\u0131. Ancak ma\u00e7 \u00f6ncesinde bu destek, farkl\u0131 \u015fekillerde yorumlanarak spek\u00fclasyonlara neden oldu.<\/p>\n\n\n\n<p>Bu t\u00fcr iddialar\u0131n sahadaki m\u00fccadeleyi g\u00f6lgelememesi gerekti\u011fini savunan spor yorumcular\u0131, her iki tak\u0131m\u0131n da fair-play ruhuna uygun bir ma\u00e7 \u00e7\u0131karaca\u011f\u0131n\u0131 belirtti. Ma\u00e7 \u00f6ncesi ya\u015fanan bu tart\u0131\u015fmalar, futbolun sahadaki rekabetten \u00e7ok saha d\u0131\u015f\u0131 olaylarla g\u00fcndeme gelmesine yol a\u00e7t\u0131.<\/p>\n","protected":false},"excerpt":{"rendered":"<p>Kayserispor-Galatasaray Ma\u00e7\u0131 \u00d6ncesi &#8220;Vefa \u015eikesi&#8221; \u0130ddias\u0131. Galatasaray ile Kayserispor aras\u0131nda oynanacak S\u00fcper Lig ma\u00e7\u0131 \u00f6ncesinde, Erden Timur&#8217;un ge\u00e7mi\u015fte Kayserispor&#8217;a transfer yasa\u011f\u0131n\u0131 kald\u0131rma konusunda sa\u011flad\u0131\u011f\u0131 destek baz\u0131 \u00e7evrelerde tart\u0131\u015fma konusu oldu. Bu durum, \u00f6zellikle sosyal medyada &#8220;vefa \u015fikesi&#8221; iddialar\u0131n\u0131 g\u00fcndeme getirdi. Baz\u0131 taraftarlar, Galatasaray&#8217;\u0131n Kayserispor&#8217;a yard\u0131m etmesinin, ma\u00e7ta Kayserispor\u2019un performans\u0131n\u0131 etkileyebilece\u011fini \u00f6ne s\u00fcrd\u00fc. Ancak hem Galatasaray [&hellip;]<\/p>\n","protected":false},"author":2,"featured_media":890,"comment_status":"open","ping_status":"open","sticky":false,"template":"","format":"standard","meta":{"footnotes":""},"categories":[10],"tags":[],"class_list":["post-889","post","type-post","status-publish","format-standard","has-post-thumbnail","hentry","category-futbol"],"yoast_head":"<!-- This site is optimized with the Yoast SEO plugin v27.5 - https:\/\/yoast.com\/product\/yoast-seo-wordpress\/ -->\n<title>Taraftarlar \u00e7\u0131ld\u0131rd\u0131 \u015fike iddias\u0131 var! - Avrupal\u0131 T\u00fcrklerin en Yeni Haber Portal\u0131<\/title>\n<meta name=\"robots\" content=\"index, follow, max-snippet:-1, max-image-preview:large, max-video-preview:-1\" \/>\n<link rel=\"canonical\" href=\"https:\/\/avrupatv.eu\/index.php\/2024\/12\/22\/taraftarlar-cildirdi-sike-iddiasi-var\/\" \/>\n<meta property=\"og:locale\" content=\"tr_TR\" \/>\n<meta property=\"og:type\" content=\"article\" \/>\n<meta property=\"og:title\" content=\"Taraftarlar \u00e7\u0131ld\u0131rd\u0131 \u015fike iddias\u0131 var! - Avrupal\u0131 T\u00fcrklerin en Yeni Haber Portal\u0131\" \/>\n<meta property=\"og:description\" content=\"Kayserispor-Galatasaray Ma\u00e7\u0131 \u00d6ncesi &#8220;Vefa \u015eikesi&#8221; \u0130ddias\u0131. Galatasaray ile Kayserispor aras\u0131nda oynanacak S\u00fcper Lig ma\u00e7\u0131 \u00f6ncesinde, Erden Timur&#8217;un ge\u00e7mi\u015fte Kayserispor&#8217;a transfer yasa\u011f\u0131n\u0131 kald\u0131rma konusunda sa\u011flad\u0131\u011f\u0131 destek baz\u0131 \u00e7evrelerde tart\u0131\u015fma konusu oldu. Bu durum, \u00f6zellikle sosyal medyada &#8220;vefa \u015fikesi&#8221; iddialar\u0131n\u0131 g\u00fcndeme getirdi. Baz\u0131 taraftarlar, Galatasaray&#8217;\u0131n Kayserispor&#8217;a yard\u0131m etmesinin, ma\u00e7ta Kayserispor\u2019un performans\u0131n\u0131 etkileyebilece\u011fini \u00f6ne s\u00fcrd\u00fc. Ancak hem Galatasaray [&hellip;]\" \/>\n<meta property=\"og:url\" content=\"https:\/\/avrupatv.eu\/index.php\/2024\/12\/22\/taraftarlar-cildirdi-sike-iddiasi-var\/\" \/>\n<meta property=\"og:site_name\" content=\"Avrupal\u0131 T\u00fcrklerin en Yeni Haber Portal\u0131\" \/>\n<meta property=\"article:published_time\" content=\"2024-12-22T14:03:27+00:00\" \/>\n<meta property=\"og:image\" content=\"https:\/\/avrupatv.eu\/wp-content\/uploads\/2024\/12\/keep-14.png\" \/>\n\t<meta property=\"og:image:width\" content=\"500\" \/>\n\t<meta property=\"og:image:height\" content=\"300\" \/>\n\t<meta property=\"og:image:type\" content=\"image\/png\" \/>\n<meta name=\"author\" content=\"Onur Akpinar\" \/>\n<meta name=\"twitter:card\" content=\"summary_large_image\" \/>\n<meta name=\"twitter:label1\" content=\"Yazan:\" \/>\n\t<meta name=\"twitter:data1\" content=\"Onur Akpinar\" \/>\n\t<meta name=\"twitter:label2\" content=\"Tahmini okuma s\u00fcresi\" \/>\n\t<meta name=\"twitter:data2\" content=\"2 dakika\" \/>\n<script type=\"application\/ld+json\" class=\"yoast-schema-graph\">{\"@context\":\"https:\\\/\\\/schema.org\",\"@graph\":[{\"@type\":\"Article\",\"@id\":\"https:\\\/\\\/avrupatv.eu\\\/index.php\\\/2024\\\/12\\\/22\\\/taraftarlar-cildirdi-sike-iddiasi-var\\\/#article\",\"isPartOf\":{\"@id\":\"https:\\\/\\\/avrupatv.eu\\\/index.php\\\/2024\\\/12\\\/22\\\/taraftarlar-cildirdi-sike-iddiasi-var\\\/\"},\"author\":{\"name\":\"Onur Akpinar\",\"@id\":\"https:\\\/\\\/avrupatv.eu\\\/#\\\/schema\\\/person\\\/d56afa5d5569da4029d483da36c0c17d\"},\"headline\":\"Taraftarlar \u00e7\u0131ld\u0131rd\u0131 \u015fike iddias\u0131 var!\",\"datePublished\":\"2024-12-22T14:03:27+00:00\",\"mainEntityOfPage\":{\"@id\":\"https:\\\/\\\/avrupatv.eu\\\/index.php\\\/2024\\\/12\\\/22\\\/taraftarlar-cildirdi-sike-iddiasi-var\\\/\"},\"wordCount\":184,\"commentCount\":0,\"publisher\":{\"@id\":\"https:\\\/\\\/avrupatv.eu\\\/#organization\"},\"image\":{\"@id\":\"https:\\\/\\\/avrupatv.eu\\\/index.php\\\/2024\\\/12\\\/22\\\/taraftarlar-cildirdi-sike-iddiasi-var\\\/#primaryimage\"},\"thumbnailUrl\":\"https:\\\/\\\/avrupatv.eu\\\/wp-content\\\/uploads\\\/2024\\\/12\\\/keep-14.png\",\"articleSection\":[\"Futbol\"],\"inLanguage\":\"tr\",\"potentialAction\":[{\"@type\":\"CommentAction\",\"name\":\"Comment\",\"target\":[\"https:\\\/\\\/avrupatv.eu\\\/index.php\\\/2024\\\/12\\\/22\\\/taraftarlar-cildirdi-sike-iddiasi-var\\\/#respond\"]}]},{\"@type\":\"WebPage\",\"@id\":\"https:\\\/\\\/avrupatv.eu\\\/index.php\\\/2024\\\/12\\\/22\\\/taraftarlar-cildirdi-sike-iddiasi-var\\\/\",\"url\":\"https:\\\/\\\/avrupatv.eu\\\/index.php\\\/2024\\\/12\\\/22\\\/taraftarlar-cildirdi-sike-iddiasi-var\\\/\",\"name\":\"Taraftarlar \u00e7\u0131ld\u0131rd\u0131 \u015fike iddias\u0131 var! - Avrupal\u0131 T\u00fcrklerin en Yeni Haber Portal\u0131\",\"isPartOf\":{\"@id\":\"https:\\\/\\\/avrupatv.eu\\\/#website\"},\"primaryImageOfPage\":{\"@id\":\"https:\\\/\\\/avrupatv.eu\\\/index.php\\\/2024\\\/12\\\/22\\\/taraftarlar-cildirdi-sike-iddiasi-var\\\/#primaryimage\"},\"image\":{\"@id\":\"https:\\\/\\\/avrupatv.eu\\\/index.php\\\/2024\\\/12\\\/22\\\/taraftarlar-cildirdi-sike-iddiasi-var\\\/#primaryimage\"},\"thumbnailUrl\":\"https:\\\/\\\/avrupatv.eu\\\/wp-content\\\/uploads\\\/2024\\\/12\\\/keep-14.png\",\"datePublished\":\"2024-12-22T14:03:27+00:00\",\"breadcrumb\":{\"@id\":\"https:\\\/\\\/avrupatv.eu\\\/index.php\\\/2024\\\/12\\\/22\\\/taraftarlar-cildirdi-sike-iddiasi-var\\\/#breadcrumb\"},\"inLanguage\":\"tr\",\"potentialAction\":[{\"@type\":\"ReadAction\",\"target\":[\"https:\\\/\\\/avrupatv.eu\\\/index.php\\\/2024\\\/12\\\/22\\\/taraftarlar-cildirdi-sike-iddiasi-var\\\/\"]}]},{\"@type\":\"ImageObject\",\"inLanguage\":\"tr\",\"@id\":\"https:\\\/\\\/avrupatv.eu\\\/index.php\\\/2024\\\/12\\\/22\\\/taraftarlar-cildirdi-sike-iddiasi-var\\\/#primaryimage\",\"url\":\"https:\\\/\\\/avrupatv.eu\\\/wp-content\\\/uploads\\\/2024\\\/12\\\/keep-14.png\",\"contentUrl\":\"https:\\\/\\\/avrupatv.eu\\\/wp-content\\\/uploads\\\/2024\\\/12\\\/keep-14.png\",\"width\":500,\"height\":300},{\"@type\":\"BreadcrumbList\",\"@id\":\"https:\\\/\\\/avrupatv.eu\\\/index.php\\\/2024\\\/12\\\/22\\\/taraftarlar-cildirdi-sike-iddiasi-var\\\/#breadcrumb\",\"itemListElement\":[{\"@type\":\"ListItem\",\"position\":1,\"name\":\"Anasayfa\",\"item\":\"https:\\\/\\\/avrupatv.eu\\\/\"},{\"@type\":\"ListItem\",\"position\":2,\"name\":\"Taraftarlar \u00e7\u0131ld\u0131rd\u0131 \u015fike iddias\u0131 var!\"}]},{\"@type\":\"WebSite\",\"@id\":\"https:\\\/\\\/avrupatv.eu\\\/#website\",\"url\":\"https:\\\/\\\/avrupatv.eu\\\/\",\"name\":\"Avrupal\u0131 T\u00fcrklerin en Yeni Haber Portal\u0131\",\"description\":\"\",\"publisher\":{\"@id\":\"https:\\\/\\\/avrupatv.eu\\\/#organization\"},\"alternateName\":\"Avrupa tv\",\"potentialAction\":[{\"@type\":\"SearchAction\",\"target\":{\"@type\":\"EntryPoint\",\"urlTemplate\":\"https:\\\/\\\/avrupatv.eu\\\/?s={search_term_string}\"},\"query-input\":{\"@type\":\"PropertyValueSpecification\",\"valueRequired\":true,\"valueName\":\"search_term_string\"}}],\"inLanguage\":\"tr\"},{\"@type\":\"Organization\",\"@id\":\"https:\\\/\\\/avrupatv.eu\\\/#organization\",\"name\":\"Avrupa Haber\",\"url\":\"https:\\\/\\\/avrupatv.eu\\\/\",\"logo\":{\"@type\":\"ImageObject\",\"inLanguage\":\"tr\",\"@id\":\"https:\\\/\\\/avrupatv.eu\\\/#\\\/schema\\\/logo\\\/image\\\/\",\"url\":\"https:\\\/\\\/avrupatv.eu\\\/wp-content\\\/uploads\\\/2023\\\/10\\\/cropped-thumbnail_logo.png\",\"contentUrl\":\"https:\\\/\\\/avrupatv.eu\\\/wp-content\\\/uploads\\\/2023\\\/10\\\/cropped-thumbnail_logo.png\",\"width\":1025,\"height\":302,\"caption\":\"Avrupa Haber\"},\"image\":{\"@id\":\"https:\\\/\\\/avrupatv.eu\\\/#\\\/schema\\\/logo\\\/image\\\/\"}},{\"@type\":\"Person\",\"@id\":\"https:\\\/\\\/avrupatv.eu\\\/#\\\/schema\\\/person\\\/d56afa5d5569da4029d483da36c0c17d\",\"name\":\"Onur Akpinar\",\"image\":{\"@type\":\"ImageObject\",\"inLanguage\":\"tr\",\"@id\":\"https:\\\/\\\/secure.gravatar.com\\\/avatar\\\/67a1a0bdf34f82da209334e4684b7e7171a58a5a2b0a8f836b61044f5c1f5d6a?s=96&d=mm&r=g\",\"url\":\"https:\\\/\\\/secure.gravatar.com\\\/avatar\\\/67a1a0bdf34f82da209334e4684b7e7171a58a5a2b0a8f836b61044f5c1f5d6a?s=96&d=mm&r=g\",\"contentUrl\":\"https:\\\/\\\/secure.gravatar.com\\\/avatar\\\/67a1a0bdf34f82da209334e4684b7e7171a58a5a2b0a8f836b61044f5c1f5d6a?s=96&d=mm&r=g\",\"caption\":\"Onur Akpinar\"},\"url\":\"https:\\\/\\\/avrupatv.eu\\\/index.php\\\/author\\\/onur-akpinar\\\/\"}]}<\/script>\n<!-- \/ Yoast SEO plugin. -->","yoast_head_json":{"title":"Taraftarlar \u00e7\u0131ld\u0131rd\u0131 \u015fike iddias\u0131 var! - Avrupal\u0131 T\u00fcrklerin en Yeni Haber Portal\u0131","robots":{"index":"index","follow":"follow","max-snippet":"max-snippet:-1","max-image-preview":"max-image-preview:large","max-video-preview":"max-video-preview:-1"},"canonical":"https:\/\/avrupatv.eu\/index.php\/2024\/12\/22\/taraftarlar-cildirdi-sike-iddiasi-var\/","og_locale":"tr_TR","og_type":"article","og_title":"Taraftarlar \u00e7\u0131ld\u0131rd\u0131 \u015fike iddias\u0131 var! - Avrupal\u0131 T\u00fcrklerin en Yeni Haber Portal\u0131","og_description":"Kayserispor-Galatasaray Ma\u00e7\u0131 \u00d6ncesi &#8220;Vefa \u015eikesi&#8221; \u0130ddias\u0131. Galatasaray ile Kayserispor aras\u0131nda oynanacak S\u00fcper Lig ma\u00e7\u0131 \u00f6ncesinde, Erden Timur&#8217;un ge\u00e7mi\u015fte Kayserispor&#8217;a transfer yasa\u011f\u0131n\u0131 kald\u0131rma konusunda sa\u011flad\u0131\u011f\u0131 destek baz\u0131 \u00e7evrelerde tart\u0131\u015fma konusu oldu. Bu durum, \u00f6zellikle sosyal medyada &#8220;vefa \u015fikesi&#8221; iddialar\u0131n\u0131 g\u00fcndeme getirdi. Baz\u0131 taraftarlar, Galatasaray&#8217;\u0131n Kayserispor&#8217;a yard\u0131m etmesinin, ma\u00e7ta Kayserispor\u2019un performans\u0131n\u0131 etkileyebilece\u011fini \u00f6ne s\u00fcrd\u00fc. Ancak hem Galatasaray [&hellip;]","og_url":"https:\/\/avrupatv.eu\/index.php\/2024\/12\/22\/taraftarlar-cildirdi-sike-iddiasi-var\/","og_site_name":"Avrupal\u0131 T\u00fcrklerin en Yeni Haber Portal\u0131","article_published_time":"2024-12-22T14:03:27+00:00","og_image":[{"width":500,"height":300,"url":"https:\/\/avrupatv.eu\/wp-content\/uploads\/2024\/12\/keep-14.png","type":"image\/png"}],"author":"Onur Akpinar","twitter_card":"summary_large_image","twitter_misc":{"Yazan:":"Onur Akpinar","Tahmini okuma s\u00fcresi":"2 dakika"},"schema":{"@context":"https:\/\/schema.org","@graph":[{"@type":"Article","@id":"https:\/\/avrupatv.eu\/index.php\/2024\/12\/22\/taraftarlar-cildirdi-sike-iddiasi-var\/#article","isPartOf":{"@id":"https:\/\/avrupatv.eu\/index.php\/2024\/12\/22\/taraftarlar-cildirdi-sike-iddiasi-var\/"},"author":{"name":"Onur Akpinar","@id":"https:\/\/avrupatv.eu\/#\/schema\/person\/d56afa5d5569da4029d483da36c0c17d"},"headline":"Taraftarlar \u00e7\u0131ld\u0131rd\u0131 \u015fike iddias\u0131 var!","datePublished":"2024-12-22T14:03:27+00:00","mainEntityOfPage":{"@id":"https:\/\/avrupatv.eu\/index.php\/2024\/12\/22\/taraftarlar-cildirdi-sike-iddiasi-var\/"},"wordCount":184,"commentCount":0,"publisher":{"@id":"https:\/\/avrupatv.eu\/#organization"},"image":{"@id":"https:\/\/avrupatv.eu\/index.php\/2024\/12\/22\/taraftarlar-cildirdi-sike-iddiasi-var\/#primaryimage"},"thumbnailUrl":"https:\/\/avrupatv.eu\/wp-content\/uploads\/2024\/12\/keep-14.png","articleSection":["Futbol"],"inLanguage":"tr","potentialAction":[{"@type":"CommentAction","name":"Comment","target":["https:\/\/avrupatv.eu\/index.php\/2024\/12\/22\/taraftarlar-cildirdi-sike-iddiasi-var\/#respond"]}]},{"@type":"WebPage","@id":"https:\/\/avrupatv.eu\/index.php\/2024\/12\/22\/taraftarlar-cildirdi-sike-iddiasi-var\/","url":"https:\/\/avrupatv.eu\/index.php\/2024\/12\/22\/taraftarlar-cildirdi-sike-iddiasi-var\/","name":"Taraftarlar \u00e7\u0131ld\u0131rd\u0131 \u015fike iddias\u0131 var! - Avrupal\u0131 T\u00fcrklerin en Yeni Haber Portal\u0131","isPartOf":{"@id":"https:\/\/avrupatv.eu\/#website"},"primaryImageOfPage":{"@id":"https:\/\/avrupatv.eu\/index.php\/2024\/12\/22\/taraftarlar-cildirdi-sike-iddiasi-var\/#primaryimage"},"image":{"@id":"https:\/\/avrupatv.eu\/index.php\/2024\/12\/22\/taraftarlar-cildirdi-sike-iddiasi-var\/#primaryimage"},"thumbnailUrl":"https:\/\/avrupatv.eu\/wp-content\/uploads\/2024\/12\/keep-14.png","datePublished":"2024-12-22T14:03:27+00:00","breadcrumb":{"@id":"https:\/\/avrupatv.eu\/index.php\/2024\/12\/22\/taraftarlar-cildirdi-sike-iddiasi-var\/#breadcrumb"},"inLanguage":"tr","potentialAction":[{"@type":"ReadAction","target":["https:\/\/avrupatv.eu\/index.php\/2024\/12\/22\/taraftarlar-cildirdi-sike-iddiasi-var\/"]}]},{"@type":"ImageObject","inLanguage":"tr","@id":"https:\/\/avrupatv.eu\/index.php\/2024\/12\/22\/taraftarlar-cildirdi-sike-iddiasi-var\/#primaryimage","url":"https:\/\/avrupatv.eu\/wp-content\/uploads\/2024\/12\/keep-14.png","contentUrl":"https:\/\/avrupatv.eu\/wp-content\/uploads\/2024\/12\/keep-14.png","width":500,"height":300},{"@type":"BreadcrumbList","@id":"https:\/\/avrupatv.eu\/index.php\/2024\/12\/22\/taraftarlar-cildirdi-sike-iddiasi-var\/#breadcrumb","itemListElement":[{"@type":"ListItem","position":1,"name":"Anasayfa","item":"https:\/\/avrupatv.eu\/"},{"@type":"ListItem","position":2,"name":"Taraftarlar \u00e7\u0131ld\u0131rd\u0131 \u015fike iddias\u0131 var!"}]},{"@type":"WebSite","@id":"https:\/\/avrupatv.eu\/#website","url":"https:\/\/avrupatv.eu\/","name":"Avrupal\u0131 T\u00fcrklerin en Yeni Haber Portal\u0131","description":"","publisher":{"@id":"https:\/\/avrupatv.eu\/#organization"},"alternateName":"Avrupa tv","potentialAction":[{"@type":"SearchAction","target":{"@type":"EntryPoint","urlTemplate":"https:\/\/avrupatv.eu\/?s={search_term_string}"},"query-input":{"@type":"PropertyValueSpecification","valueRequired":true,"valueName":"search_term_string"}}],"inLanguage":"tr"},{"@type":"Organization","@id":"https:\/\/avrupatv.eu\/#organization","name":"Avrupa Haber","url":"https:\/\/avrupatv.eu\/","logo":{"@type":"ImageObject","inLanguage":"tr","@id":"https:\/\/avrupatv.eu\/#\/schema\/logo\/image\/","url":"https:\/\/avrupatv.eu\/wp-content\/uploads\/2023\/10\/cropped-thumbnail_logo.png","contentUrl":"https:\/\/avrupatv.eu\/wp-content\/uploads\/2023\/10\/cropped-thumbnail_logo.png","width":1025,"height":302,"caption":"Avrupa Haber"},"image":{"@id":"https:\/\/avrupatv.eu\/#\/schema\/logo\/image\/"}},{"@type":"Person","@id":"https:\/\/avrupatv.eu\/#\/schema\/person\/d56afa5d5569da4029d483da36c0c17d","name":"Onur Akpinar","image":{"@type":"ImageObject","inLanguage":"tr","@id":"https:\/\/secure.gravatar.com\/avatar\/67a1a0bdf34f82da209334e4684b7e7171a58a5a2b0a8f836b61044f5c1f5d6a?s=96&d=mm&r=g","url":"https:\/\/secure.gravatar.com\/avatar\/67a1a0bdf34f82da209334e4684b7e7171a58a5a2b0a8f836b61044f5c1f5d6a?s=96&d=mm&r=g","contentUrl":"https:\/\/secure.gravatar.com\/avatar\/67a1a0bdf34f82da209334e4684b7e7171a58a5a2b0a8f836b61044f5c1f5d6a?s=96&d=mm&r=g","caption":"Onur Akpinar"},"url":"https:\/\/avrupatv.eu\/index.php\/author\/onur-akpinar\/"}]}},"_links":{"self":[{"href":"https:\/\/avrupatv.eu\/index.php\/wp-json\/wp\/v2\/posts\/889","targetHints":{"allow":["GET"]}}],"collection":[{"href":"https:\/\/avrupatv.eu\/index.php\/wp-json\/wp\/v2\/posts"}],"about":[{"href":"https:\/\/avrupatv.eu\/index.php\/wp-json\/wp\/v2\/types\/post"}],"author":[{"embeddable":true,"href":"https:\/\/avrupatv.eu\/index.php\/wp-json\/wp\/v2\/users\/2"}],"replies":[{"embeddable":true,"href":"https:\/\/avrupatv.eu\/index.php\/wp-json\/wp\/v2\/comments?post=889"}],"version-history":[{"count":1,"href":"https:\/\/avrupatv.eu\/index.php\/wp-json\/wp\/v2\/posts\/889\/revisions"}],"predecessor-version":[{"id":891,"href":"https:\/\/avrupatv.eu\/index.php\/wp-json\/wp\/v2\/posts\/889\/revisions\/891"}],"wp:featuredmedia":[{"embeddable":true,"href":"https:\/\/avrupatv.eu\/index.php\/wp-json\/wp\/v2\/media\/890"}],"wp:attachment":[{"href":"https:\/\/avrupatv.eu\/index.php\/wp-json\/wp\/v2\/media?parent=889"}],"wp:term":[{"taxonomy":"category","embeddable":true,"href":"https:\/\/avrupatv.eu\/index.php\/wp-json\/wp\/v2\/categories?post=889"},{"taxonomy":"post_tag","embeddable":true,"href":"https:\/\/avrupatv.eu\/index.php\/wp-json\/wp\/v2\/tags?post=889"}],"curies":[{"name":"wp","href":"https:\/\/api.w.org\/{rel}","templated":true}]}}