{"id":879,"date":"2024-12-21T20:34:01","date_gmt":"2024-12-21T20:34:01","guid":{"rendered":"https:\/\/avrupatv.eu\/?p=879"},"modified":"2024-12-21T20:34:01","modified_gmt":"2024-12-21T20:34:01","slug":"milli-sporcumuz-hayatini-kaybetti-neden-ve-nasil","status":"publish","type":"post","link":"https:\/\/avrupatv.eu\/index.php\/2024\/12\/21\/milli-sporcumuz-hayatini-kaybetti-neden-ve-nasil\/","title":{"rendered":"Milli sporcumuz hayat\u0131n\u0131 kaybetti. Neden ve nas\u0131l?"},"content":{"rendered":"\n<p>T\u00fcrk spor camias\u0131n\u0131n gen\u00e7 ve gelecek vadeden yeteneklerinden biri olan 16 ya\u015f\u0131ndaki milli judocu Emre Yazgan, Erzurum Paland\u00f6ken Da\u011f\u0131&#8217;nda meydana gelen \u00e7\u0131\u011f felaketinde hayat\u0131n\u0131 kaybetti. <\/p>\n\n\n\n<p>T\u00fcrkiye Judo Milli Tak\u0131m\u0131&#8217;n\u0131n y\u00fcksek irtifa kamp\u0131 s\u0131ras\u0131nda antren\u00f6rleriyle birlikte \u00e7\u0131kt\u0131\u011f\u0131 do\u011fa y\u00fcr\u00fcy\u00fc\u015f\u00fcnde \u00e7\u0131\u011f alt\u0131nda kalan Yazgan, yap\u0131lan t\u00fcm m\u00fcdahalelere ra\u011fmen kurtar\u0131lamad\u0131.T\u00fcrkiye Judo Federasyonu&#8217;ndan Ba\u015fsa\u011fl\u0131\u011f\u0131 Mesaj\u0131T\u00fcrkiye Judo Federasyonu, sosyal medya \u00fczerinden yapt\u0131\u011f\u0131 a\u00e7\u0131klamada, &#8220;Judo ailesi olarak merhuma Allah&#8217;tan rahmet, kederli ailesine ve spor camiam\u0131za ba\u015fsa\u011fl\u0131\u011f\u0131 dileriz.&#8221; ifadelerini kulland\u0131.Ba\u015far\u0131l\u0131 Kariyeri Yar\u0131m Kald\u0131Gen\u00e7 ya\u015f\u0131na ra\u011fmen bir\u00e7ok ba\u015far\u0131ya imza atan Emre Yazgan, T\u00fcrk Judo Milli Tak\u0131m\u0131&#8217;n\u0131n gelecek vadeden sporcular\u0131ndan biriydi. Bu ani kay\u0131p, ailesi ve arkada\u015flar\u0131 kadar T\u00fcrk spor camias\u0131nda da derin \u00fcz\u00fcnt\u00fc yaratt\u0131.Olayla \u0130lgili Soru\u015fturma Ba\u015flat\u0131ld\u0131 Erzurum Valisi Mustafa \u00c7ift\u00e7i, sporcular\u0131n do\u011fa y\u00fcr\u00fcy\u00fc\u015f\u00fc i\u00e7in resmi makamlara bildirimde bulunmad\u0131klar\u0131n\u0131 belirterek, \u201cBildirim yap\u0131lm\u0131\u015f olsayd\u0131, g\u00fcvenli bir rota belirleme imkan\u0131 sunabilirdik.\u201d dedi. \u00c7\u0131\u011f felaketiyle ilgili geni\u015f \u00e7apl\u0131 bir soru\u015fturma ba\u015flat\u0131ld\u0131\u011f\u0131 bildirildi.Spor d\u00fcnyas\u0131nda b\u00fcy\u00fck bir bo\u015fluk b\u0131rakan Emre Yazgan\u2019a Allah\u2019tan rahmet, ailesine, sevenlerine ve T\u00fcrk spor camias\u0131na ba\u015fsa\u011fl\u0131\u011f\u0131 diliyoruz.<\/p>\n","protected":false},"excerpt":{"rendered":"<p>T\u00fcrk spor camias\u0131n\u0131n gen\u00e7 ve gelecek vadeden yeteneklerinden biri olan 16 ya\u015f\u0131ndaki milli judocu Emre Yazgan, Erzurum Paland\u00f6ken Da\u011f\u0131&#8217;nda meydana gelen \u00e7\u0131\u011f felaketinde hayat\u0131n\u0131 kaybetti. T\u00fcrkiye Judo Milli Tak\u0131m\u0131&#8217;n\u0131n y\u00fcksek irtifa kamp\u0131 s\u0131ras\u0131nda antren\u00f6rleriyle birlikte \u00e7\u0131kt\u0131\u011f\u0131 do\u011fa y\u00fcr\u00fcy\u00fc\u015f\u00fcnde \u00e7\u0131\u011f alt\u0131nda kalan Yazgan, yap\u0131lan t\u00fcm m\u00fcdahalelere ra\u011fmen kurtar\u0131lamad\u0131.T\u00fcrkiye Judo Federasyonu&#8217;ndan Ba\u015fsa\u011fl\u0131\u011f\u0131 Mesaj\u0131T\u00fcrkiye Judo Federasyonu, sosyal medya [&hellip;]<\/p>\n","protected":false},"author":2,"featured_media":880,"comment_status":"open","ping_status":"open","sticky":false,"template":"","format":"standard","meta":{"footnotes":""},"categories":[11],"tags":[],"class_list":["post-879","post","type-post","status-publish","format-standard","has-post-thumbnail","hentry","category-turkiye"],"yoast_head":"<!-- This site is optimized with the Yoast SEO plugin v27.4 - https:\/\/yoast.com\/product\/yoast-seo-wordpress\/ -->\n<title>Milli sporcumuz hayat\u0131n\u0131 kaybetti. Neden ve nas\u0131l? - Avrupal\u0131 T\u00fcrklerin en Yeni Haber Portal\u0131<\/title>\n<meta name=\"robots\" content=\"index, follow, max-snippet:-1, max-image-preview:large, max-video-preview:-1\" \/>\n<link rel=\"canonical\" href=\"https:\/\/avrupatv.eu\/index.php\/2024\/12\/21\/milli-sporcumuz-hayatini-kaybetti-neden-ve-nasil\/\" \/>\n<meta property=\"og:locale\" content=\"tr_TR\" \/>\n<meta property=\"og:type\" content=\"article\" \/>\n<meta property=\"og:title\" content=\"Milli sporcumuz hayat\u0131n\u0131 kaybetti. Neden ve nas\u0131l? - Avrupal\u0131 T\u00fcrklerin en Yeni Haber Portal\u0131\" \/>\n<meta property=\"og:description\" content=\"T\u00fcrk spor camias\u0131n\u0131n gen\u00e7 ve gelecek vadeden yeteneklerinden biri olan 16 ya\u015f\u0131ndaki milli judocu Emre Yazgan, Erzurum Paland\u00f6ken Da\u011f\u0131&#8217;nda meydana gelen \u00e7\u0131\u011f felaketinde hayat\u0131n\u0131 kaybetti. T\u00fcrkiye Judo Milli Tak\u0131m\u0131&#8217;n\u0131n y\u00fcksek irtifa kamp\u0131 s\u0131ras\u0131nda antren\u00f6rleriyle birlikte \u00e7\u0131kt\u0131\u011f\u0131 do\u011fa y\u00fcr\u00fcy\u00fc\u015f\u00fcnde \u00e7\u0131\u011f alt\u0131nda kalan Yazgan, yap\u0131lan t\u00fcm m\u00fcdahalelere ra\u011fmen kurtar\u0131lamad\u0131.T\u00fcrkiye Judo Federasyonu&#8217;ndan Ba\u015fsa\u011fl\u0131\u011f\u0131 Mesaj\u0131T\u00fcrkiye Judo Federasyonu, sosyal medya [&hellip;]\" \/>\n<meta property=\"og:url\" content=\"https:\/\/avrupatv.eu\/index.php\/2024\/12\/21\/milli-sporcumuz-hayatini-kaybetti-neden-ve-nasil\/\" \/>\n<meta property=\"og:site_name\" content=\"Avrupal\u0131 T\u00fcrklerin en Yeni Haber Portal\u0131\" \/>\n<meta property=\"article:published_time\" content=\"2024-12-21T20:34:01+00:00\" \/>\n<meta property=\"og:image\" content=\"https:\/\/avrupatv.eu\/wp-content\/uploads\/2024\/12\/emre-yazgan-judo.jpg\" \/>\n\t<meta property=\"og:image:width\" content=\"600\" \/>\n\t<meta property=\"og:image:height\" content=\"729\" \/>\n\t<meta property=\"og:image:type\" content=\"image\/jpeg\" \/>\n<meta name=\"author\" content=\"Onur Akpinar\" \/>\n<meta name=\"twitter:card\" content=\"summary_large_image\" \/>\n<meta name=\"twitter:label1\" content=\"Yazan:\" \/>\n\t<meta name=\"twitter:data1\" content=\"Onur Akpinar\" \/>\n\t<meta name=\"twitter:label2\" content=\"Tahmini okuma s\u00fcresi\" \/>\n\t<meta name=\"twitter:data2\" content=\"2 dakika\" \/>\n<script type=\"application\/ld+json\" class=\"yoast-schema-graph\">{\"@context\":\"https:\\\/\\\/schema.org\",\"@graph\":[{\"@type\":\"Article\",\"@id\":\"https:\\\/\\\/avrupatv.eu\\\/index.php\\\/2024\\\/12\\\/21\\\/milli-sporcumuz-hayatini-kaybetti-neden-ve-nasil\\\/#article\",\"isPartOf\":{\"@id\":\"https:\\\/\\\/avrupatv.eu\\\/index.php\\\/2024\\\/12\\\/21\\\/milli-sporcumuz-hayatini-kaybetti-neden-ve-nasil\\\/\"},\"author\":{\"name\":\"Onur Akpinar\",\"@id\":\"https:\\\/\\\/avrupatv.eu\\\/#\\\/schema\\\/person\\\/d56afa5d5569da4029d483da36c0c17d\"},\"headline\":\"Milli sporcumuz hayat\u0131n\u0131 kaybetti. Neden ve nas\u0131l?\",\"datePublished\":\"2024-12-21T20:34:01+00:00\",\"mainEntityOfPage\":{\"@id\":\"https:\\\/\\\/avrupatv.eu\\\/index.php\\\/2024\\\/12\\\/21\\\/milli-sporcumuz-hayatini-kaybetti-neden-ve-nasil\\\/\"},\"wordCount\":250,\"commentCount\":0,\"publisher\":{\"@id\":\"https:\\\/\\\/avrupatv.eu\\\/#organization\"},\"image\":{\"@id\":\"https:\\\/\\\/avrupatv.eu\\\/index.php\\\/2024\\\/12\\\/21\\\/milli-sporcumuz-hayatini-kaybetti-neden-ve-nasil\\\/#primaryimage\"},\"thumbnailUrl\":\"https:\\\/\\\/avrupatv.eu\\\/wp-content\\\/uploads\\\/2024\\\/12\\\/emre-yazgan-judo.jpg\",\"articleSection\":[\"T\u00fcrkiye\"],\"inLanguage\":\"tr\",\"potentialAction\":[{\"@type\":\"CommentAction\",\"name\":\"Comment\",\"target\":[\"https:\\\/\\\/avrupatv.eu\\\/index.php\\\/2024\\\/12\\\/21\\\/milli-sporcumuz-hayatini-kaybetti-neden-ve-nasil\\\/#respond\"]}]},{\"@type\":\"WebPage\",\"@id\":\"https:\\\/\\\/avrupatv.eu\\\/index.php\\\/2024\\\/12\\\/21\\\/milli-sporcumuz-hayatini-kaybetti-neden-ve-nasil\\\/\",\"url\":\"https:\\\/\\\/avrupatv.eu\\\/index.php\\\/2024\\\/12\\\/21\\\/milli-sporcumuz-hayatini-kaybetti-neden-ve-nasil\\\/\",\"name\":\"Milli sporcumuz hayat\u0131n\u0131 kaybetti. Neden ve nas\u0131l? - Avrupal\u0131 T\u00fcrklerin en Yeni Haber Portal\u0131\",\"isPartOf\":{\"@id\":\"https:\\\/\\\/avrupatv.eu\\\/#website\"},\"primaryImageOfPage\":{\"@id\":\"https:\\\/\\\/avrupatv.eu\\\/index.php\\\/2024\\\/12\\\/21\\\/milli-sporcumuz-hayatini-kaybetti-neden-ve-nasil\\\/#primaryimage\"},\"image\":{\"@id\":\"https:\\\/\\\/avrupatv.eu\\\/index.php\\\/2024\\\/12\\\/21\\\/milli-sporcumuz-hayatini-kaybetti-neden-ve-nasil\\\/#primaryimage\"},\"thumbnailUrl\":\"https:\\\/\\\/avrupatv.eu\\\/wp-content\\\/uploads\\\/2024\\\/12\\\/emre-yazgan-judo.jpg\",\"datePublished\":\"2024-12-21T20:34:01+00:00\",\"breadcrumb\":{\"@id\":\"https:\\\/\\\/avrupatv.eu\\\/index.php\\\/2024\\\/12\\\/21\\\/milli-sporcumuz-hayatini-kaybetti-neden-ve-nasil\\\/#breadcrumb\"},\"inLanguage\":\"tr\",\"potentialAction\":[{\"@type\":\"ReadAction\",\"target\":[\"https:\\\/\\\/avrupatv.eu\\\/index.php\\\/2024\\\/12\\\/21\\\/milli-sporcumuz-hayatini-kaybetti-neden-ve-nasil\\\/\"]}]},{\"@type\":\"ImageObject\",\"inLanguage\":\"tr\",\"@id\":\"https:\\\/\\\/avrupatv.eu\\\/index.php\\\/2024\\\/12\\\/21\\\/milli-sporcumuz-hayatini-kaybetti-neden-ve-nasil\\\/#primaryimage\",\"url\":\"https:\\\/\\\/avrupatv.eu\\\/wp-content\\\/uploads\\\/2024\\\/12\\\/emre-yazgan-judo.jpg\",\"contentUrl\":\"https:\\\/\\\/avrupatv.eu\\\/wp-content\\\/uploads\\\/2024\\\/12\\\/emre-yazgan-judo.jpg\",\"width\":600,\"height\":729},{\"@type\":\"BreadcrumbList\",\"@id\":\"https:\\\/\\\/avrupatv.eu\\\/index.php\\\/2024\\\/12\\\/21\\\/milli-sporcumuz-hayatini-kaybetti-neden-ve-nasil\\\/#breadcrumb\",\"itemListElement\":[{\"@type\":\"ListItem\",\"position\":1,\"name\":\"Anasayfa\",\"item\":\"https:\\\/\\\/avrupatv.eu\\\/\"},{\"@type\":\"ListItem\",\"position\":2,\"name\":\"Milli sporcumuz hayat\u0131n\u0131 kaybetti. Neden ve nas\u0131l?\"}]},{\"@type\":\"WebSite\",\"@id\":\"https:\\\/\\\/avrupatv.eu\\\/#website\",\"url\":\"https:\\\/\\\/avrupatv.eu\\\/\",\"name\":\"Avrupal\u0131 T\u00fcrklerin en Yeni Haber Portal\u0131\",\"description\":\"\",\"publisher\":{\"@id\":\"https:\\\/\\\/avrupatv.eu\\\/#organization\"},\"alternateName\":\"Avrupa tv\",\"potentialAction\":[{\"@type\":\"SearchAction\",\"target\":{\"@type\":\"EntryPoint\",\"urlTemplate\":\"https:\\\/\\\/avrupatv.eu\\\/?s={search_term_string}\"},\"query-input\":{\"@type\":\"PropertyValueSpecification\",\"valueRequired\":true,\"valueName\":\"search_term_string\"}}],\"inLanguage\":\"tr\"},{\"@type\":\"Organization\",\"@id\":\"https:\\\/\\\/avrupatv.eu\\\/#organization\",\"name\":\"Avrupa Haber\",\"url\":\"https:\\\/\\\/avrupatv.eu\\\/\",\"logo\":{\"@type\":\"ImageObject\",\"inLanguage\":\"tr\",\"@id\":\"https:\\\/\\\/avrupatv.eu\\\/#\\\/schema\\\/logo\\\/image\\\/\",\"url\":\"https:\\\/\\\/avrupatv.eu\\\/wp-content\\\/uploads\\\/2023\\\/10\\\/cropped-thumbnail_logo.png\",\"contentUrl\":\"https:\\\/\\\/avrupatv.eu\\\/wp-content\\\/uploads\\\/2023\\\/10\\\/cropped-thumbnail_logo.png\",\"width\":1025,\"height\":302,\"caption\":\"Avrupa Haber\"},\"image\":{\"@id\":\"https:\\\/\\\/avrupatv.eu\\\/#\\\/schema\\\/logo\\\/image\\\/\"}},{\"@type\":\"Person\",\"@id\":\"https:\\\/\\\/avrupatv.eu\\\/#\\\/schema\\\/person\\\/d56afa5d5569da4029d483da36c0c17d\",\"name\":\"Onur Akpinar\",\"image\":{\"@type\":\"ImageObject\",\"inLanguage\":\"tr\",\"@id\":\"https:\\\/\\\/secure.gravatar.com\\\/avatar\\\/67a1a0bdf34f82da209334e4684b7e7171a58a5a2b0a8f836b61044f5c1f5d6a?s=96&d=mm&r=g\",\"url\":\"https:\\\/\\\/secure.gravatar.com\\\/avatar\\\/67a1a0bdf34f82da209334e4684b7e7171a58a5a2b0a8f836b61044f5c1f5d6a?s=96&d=mm&r=g\",\"contentUrl\":\"https:\\\/\\\/secure.gravatar.com\\\/avatar\\\/67a1a0bdf34f82da209334e4684b7e7171a58a5a2b0a8f836b61044f5c1f5d6a?s=96&d=mm&r=g\",\"caption\":\"Onur Akpinar\"},\"url\":\"https:\\\/\\\/avrupatv.eu\\\/index.php\\\/author\\\/onur-akpinar\\\/\"}]}<\/script>\n<!-- \/ Yoast SEO plugin. -->","yoast_head_json":{"title":"Milli sporcumuz hayat\u0131n\u0131 kaybetti. Neden ve nas\u0131l? - Avrupal\u0131 T\u00fcrklerin en Yeni Haber Portal\u0131","robots":{"index":"index","follow":"follow","max-snippet":"max-snippet:-1","max-image-preview":"max-image-preview:large","max-video-preview":"max-video-preview:-1"},"canonical":"https:\/\/avrupatv.eu\/index.php\/2024\/12\/21\/milli-sporcumuz-hayatini-kaybetti-neden-ve-nasil\/","og_locale":"tr_TR","og_type":"article","og_title":"Milli sporcumuz hayat\u0131n\u0131 kaybetti. Neden ve nas\u0131l? - Avrupal\u0131 T\u00fcrklerin en Yeni Haber Portal\u0131","og_description":"T\u00fcrk spor camias\u0131n\u0131n gen\u00e7 ve gelecek vadeden yeteneklerinden biri olan 16 ya\u015f\u0131ndaki milli judocu Emre Yazgan, Erzurum Paland\u00f6ken Da\u011f\u0131&#8217;nda meydana gelen \u00e7\u0131\u011f felaketinde hayat\u0131n\u0131 kaybetti. T\u00fcrkiye Judo Milli Tak\u0131m\u0131&#8217;n\u0131n y\u00fcksek irtifa kamp\u0131 s\u0131ras\u0131nda antren\u00f6rleriyle birlikte \u00e7\u0131kt\u0131\u011f\u0131 do\u011fa y\u00fcr\u00fcy\u00fc\u015f\u00fcnde \u00e7\u0131\u011f alt\u0131nda kalan Yazgan, yap\u0131lan t\u00fcm m\u00fcdahalelere ra\u011fmen kurtar\u0131lamad\u0131.T\u00fcrkiye Judo Federasyonu&#8217;ndan Ba\u015fsa\u011fl\u0131\u011f\u0131 Mesaj\u0131T\u00fcrkiye Judo Federasyonu, sosyal medya [&hellip;]","og_url":"https:\/\/avrupatv.eu\/index.php\/2024\/12\/21\/milli-sporcumuz-hayatini-kaybetti-neden-ve-nasil\/","og_site_name":"Avrupal\u0131 T\u00fcrklerin en Yeni Haber Portal\u0131","article_published_time":"2024-12-21T20:34:01+00:00","og_image":[{"width":600,"height":729,"url":"https:\/\/avrupatv.eu\/wp-content\/uploads\/2024\/12\/emre-yazgan-judo.jpg","type":"image\/jpeg"}],"author":"Onur Akpinar","twitter_card":"summary_large_image","twitter_misc":{"Yazan:":"Onur Akpinar","Tahmini okuma s\u00fcresi":"2 dakika"},"schema":{"@context":"https:\/\/schema.org","@graph":[{"@type":"Article","@id":"https:\/\/avrupatv.eu\/index.php\/2024\/12\/21\/milli-sporcumuz-hayatini-kaybetti-neden-ve-nasil\/#article","isPartOf":{"@id":"https:\/\/avrupatv.eu\/index.php\/2024\/12\/21\/milli-sporcumuz-hayatini-kaybetti-neden-ve-nasil\/"},"author":{"name":"Onur Akpinar","@id":"https:\/\/avrupatv.eu\/#\/schema\/person\/d56afa5d5569da4029d483da36c0c17d"},"headline":"Milli sporcumuz hayat\u0131n\u0131 kaybetti. Neden ve nas\u0131l?","datePublished":"2024-12-21T20:34:01+00:00","mainEntityOfPage":{"@id":"https:\/\/avrupatv.eu\/index.php\/2024\/12\/21\/milli-sporcumuz-hayatini-kaybetti-neden-ve-nasil\/"},"wordCount":250,"commentCount":0,"publisher":{"@id":"https:\/\/avrupatv.eu\/#organization"},"image":{"@id":"https:\/\/avrupatv.eu\/index.php\/2024\/12\/21\/milli-sporcumuz-hayatini-kaybetti-neden-ve-nasil\/#primaryimage"},"thumbnailUrl":"https:\/\/avrupatv.eu\/wp-content\/uploads\/2024\/12\/emre-yazgan-judo.jpg","articleSection":["T\u00fcrkiye"],"inLanguage":"tr","potentialAction":[{"@type":"CommentAction","name":"Comment","target":["https:\/\/avrupatv.eu\/index.php\/2024\/12\/21\/milli-sporcumuz-hayatini-kaybetti-neden-ve-nasil\/#respond"]}]},{"@type":"WebPage","@id":"https:\/\/avrupatv.eu\/index.php\/2024\/12\/21\/milli-sporcumuz-hayatini-kaybetti-neden-ve-nasil\/","url":"https:\/\/avrupatv.eu\/index.php\/2024\/12\/21\/milli-sporcumuz-hayatini-kaybetti-neden-ve-nasil\/","name":"Milli sporcumuz hayat\u0131n\u0131 kaybetti. Neden ve nas\u0131l? - Avrupal\u0131 T\u00fcrklerin en Yeni Haber Portal\u0131","isPartOf":{"@id":"https:\/\/avrupatv.eu\/#website"},"primaryImageOfPage":{"@id":"https:\/\/avrupatv.eu\/index.php\/2024\/12\/21\/milli-sporcumuz-hayatini-kaybetti-neden-ve-nasil\/#primaryimage"},"image":{"@id":"https:\/\/avrupatv.eu\/index.php\/2024\/12\/21\/milli-sporcumuz-hayatini-kaybetti-neden-ve-nasil\/#primaryimage"},"thumbnailUrl":"https:\/\/avrupatv.eu\/wp-content\/uploads\/2024\/12\/emre-yazgan-judo.jpg","datePublished":"2024-12-21T20:34:01+00:00","breadcrumb":{"@id":"https:\/\/avrupatv.eu\/index.php\/2024\/12\/21\/milli-sporcumuz-hayatini-kaybetti-neden-ve-nasil\/#breadcrumb"},"inLanguage":"tr","potentialAction":[{"@type":"ReadAction","target":["https:\/\/avrupatv.eu\/index.php\/2024\/12\/21\/milli-sporcumuz-hayatini-kaybetti-neden-ve-nasil\/"]}]},{"@type":"ImageObject","inLanguage":"tr","@id":"https:\/\/avrupatv.eu\/index.php\/2024\/12\/21\/milli-sporcumuz-hayatini-kaybetti-neden-ve-nasil\/#primaryimage","url":"https:\/\/avrupatv.eu\/wp-content\/uploads\/2024\/12\/emre-yazgan-judo.jpg","contentUrl":"https:\/\/avrupatv.eu\/wp-content\/uploads\/2024\/12\/emre-yazgan-judo.jpg","width":600,"height":729},{"@type":"BreadcrumbList","@id":"https:\/\/avrupatv.eu\/index.php\/2024\/12\/21\/milli-sporcumuz-hayatini-kaybetti-neden-ve-nasil\/#breadcrumb","itemListElement":[{"@type":"ListItem","position":1,"name":"Anasayfa","item":"https:\/\/avrupatv.eu\/"},{"@type":"ListItem","position":2,"name":"Milli sporcumuz hayat\u0131n\u0131 kaybetti. Neden ve nas\u0131l?"}]},{"@type":"WebSite","@id":"https:\/\/avrupatv.eu\/#website","url":"https:\/\/avrupatv.eu\/","name":"Avrupal\u0131 T\u00fcrklerin en Yeni Haber Portal\u0131","description":"","publisher":{"@id":"https:\/\/avrupatv.eu\/#organization"},"alternateName":"Avrupa tv","potentialAction":[{"@type":"SearchAction","target":{"@type":"EntryPoint","urlTemplate":"https:\/\/avrupatv.eu\/?s={search_term_string}"},"query-input":{"@type":"PropertyValueSpecification","valueRequired":true,"valueName":"search_term_string"}}],"inLanguage":"tr"},{"@type":"Organization","@id":"https:\/\/avrupatv.eu\/#organization","name":"Avrupa Haber","url":"https:\/\/avrupatv.eu\/","logo":{"@type":"ImageObject","inLanguage":"tr","@id":"https:\/\/avrupatv.eu\/#\/schema\/logo\/image\/","url":"https:\/\/avrupatv.eu\/wp-content\/uploads\/2023\/10\/cropped-thumbnail_logo.png","contentUrl":"https:\/\/avrupatv.eu\/wp-content\/uploads\/2023\/10\/cropped-thumbnail_logo.png","width":1025,"height":302,"caption":"Avrupa Haber"},"image":{"@id":"https:\/\/avrupatv.eu\/#\/schema\/logo\/image\/"}},{"@type":"Person","@id":"https:\/\/avrupatv.eu\/#\/schema\/person\/d56afa5d5569da4029d483da36c0c17d","name":"Onur Akpinar","image":{"@type":"ImageObject","inLanguage":"tr","@id":"https:\/\/secure.gravatar.com\/avatar\/67a1a0bdf34f82da209334e4684b7e7171a58a5a2b0a8f836b61044f5c1f5d6a?s=96&d=mm&r=g","url":"https:\/\/secure.gravatar.com\/avatar\/67a1a0bdf34f82da209334e4684b7e7171a58a5a2b0a8f836b61044f5c1f5d6a?s=96&d=mm&r=g","contentUrl":"https:\/\/secure.gravatar.com\/avatar\/67a1a0bdf34f82da209334e4684b7e7171a58a5a2b0a8f836b61044f5c1f5d6a?s=96&d=mm&r=g","caption":"Onur Akpinar"},"url":"https:\/\/avrupatv.eu\/index.php\/author\/onur-akpinar\/"}]}},"_links":{"self":[{"href":"https:\/\/avrupatv.eu\/index.php\/wp-json\/wp\/v2\/posts\/879","targetHints":{"allow":["GET"]}}],"collection":[{"href":"https:\/\/avrupatv.eu\/index.php\/wp-json\/wp\/v2\/posts"}],"about":[{"href":"https:\/\/avrupatv.eu\/index.php\/wp-json\/wp\/v2\/types\/post"}],"author":[{"embeddable":true,"href":"https:\/\/avrupatv.eu\/index.php\/wp-json\/wp\/v2\/users\/2"}],"replies":[{"embeddable":true,"href":"https:\/\/avrupatv.eu\/index.php\/wp-json\/wp\/v2\/comments?post=879"}],"version-history":[{"count":1,"href":"https:\/\/avrupatv.eu\/index.php\/wp-json\/wp\/v2\/posts\/879\/revisions"}],"predecessor-version":[{"id":881,"href":"https:\/\/avrupatv.eu\/index.php\/wp-json\/wp\/v2\/posts\/879\/revisions\/881"}],"wp:featuredmedia":[{"embeddable":true,"href":"https:\/\/avrupatv.eu\/index.php\/wp-json\/wp\/v2\/media\/880"}],"wp:attachment":[{"href":"https:\/\/avrupatv.eu\/index.php\/wp-json\/wp\/v2\/media?parent=879"}],"wp:term":[{"taxonomy":"category","embeddable":true,"href":"https:\/\/avrupatv.eu\/index.php\/wp-json\/wp\/v2\/categories?post=879"},{"taxonomy":"post_tag","embeddable":true,"href":"https:\/\/avrupatv.eu\/index.php\/wp-json\/wp\/v2\/tags?post=879"}],"curies":[{"name":"wp","href":"https:\/\/api.w.org\/{rel}","templated":true}]}}