{"id":873,"date":"2024-12-20T19:31:12","date_gmt":"2024-12-20T19:31:12","guid":{"rendered":"https:\/\/avrupatv.eu\/?p=873"},"modified":"2024-12-20T19:31:43","modified_gmt":"2024-12-20T19:31:43","slug":"gazeteci-ozlem-gurses-neden-gozaltinda","status":"publish","type":"post","link":"https:\/\/avrupatv.eu\/index.php\/2024\/12\/20\/gazeteci-ozlem-gurses-neden-gozaltinda\/","title":{"rendered":"Gazeteci \u00d6zlem G\u00fcrses neden g\u00f6zalt\u0131nda?"},"content":{"rendered":"\n<p><strong>Gazeteci \u00d6zlem G\u00fcrses Hakk\u0131nda Soru\u015fturma Ba\u015flat\u0131ld\u0131<\/strong><\/p>\n\n\n\n<p>\u0130stanbul Cumhuriyet Ba\u015fsavc\u0131l\u0131\u011f\u0131, gazeteci \u00d6zlem G\u00fcrses hakk\u0131nda T\u00fcrk Silahl\u0131 Kuvvetleri&#8217;ne (TSK) y\u00f6nelik ifadeleri nedeniyle soru\u015fturma ba\u015flatt\u0131. G\u00fcrses&#8217;in YouTube&#8217;daki TV OZ kanal\u0131nda,&nbsp;<strong>\u201cG\u00f6rd\u00fc\u011f\u00fcn\u00fcz \u00fczere I\u015e\u0130D yap\u0131s\u0131, yani TSK-SMO yap\u0131s\u0131 K\u00fcrtlerin oldu\u011fu b\u00f6lgelerde k\u00fc\u00e7\u00fck k\u00fc\u00e7\u00fck kazan\u0131mlar elde etmi\u015f\u201d<\/strong>&nbsp;s\u00f6zleri \u00fczerine, &#8220;Devletin kurum ve organlar\u0131n\u0131 a\u015fa\u011f\u0131lama&#8221; ve &#8220;Halk\u0131 yan\u0131lt\u0131c\u0131 bilgiyi alenen yayma&#8221; su\u00e7lamalar\u0131yla g\u00f6zalt\u0131na al\u0131nd\u0131\u011f\u0131 a\u00e7\u0131kland\u0131.<\/p>\n\n\n\n<h3 class=\"wp-block-heading\">Ba\u015fsavc\u0131l\u0131ktan A\u00e7\u0131klama<\/h3>\n\n\n\n<p>Ba\u015fsavc\u0131l\u0131\u011f\u0131n a\u00e7\u0131klamas\u0131nda \u015fu ifadelere yer verildi:<br><strong>\u201cSamiye \u00d6zlem G\u00fcrses isimli \u015fah\u0131s hakk\u0131nda, Cumhuriyetimizin milli ordusu T\u00fcrk Silahl\u0131 Kuvvetlerimiz hakk\u0131nda ter\u00f6r \u00f6rg\u00fct\u00fc benzetmesi yaparak, i\u015fgalci ve ter\u00f6r \u00f6rg\u00fctleriyle i\u015f birli\u011fi i\u00e7inde g\u00f6sterdi\u011fi tespit edilmi\u015ftir. Bu sebeple re\u2019sen soru\u015fturma ba\u015flat\u0131lm\u0131\u015f ve \u015f\u00fcpheli g\u00f6zalt\u0131na al\u0131nm\u0131\u015ft\u0131r.\u201d<\/strong><\/p>\n\n\n\n<h3 class=\"wp-block-heading\">G\u00fcrses \u0130stanbul\u2019a G\u00f6t\u00fcr\u00fclecek<\/h3>\n\n\n\n<p>Gazeteci \u00d6zlem G\u00fcrses\u2019in, ifadesinin al\u0131nmas\u0131 i\u00e7in bu gece saat 23.00\u2019te Ankara\u2019dan \u0130stanbul\u2019a getirilece\u011fi bildirildi.<\/p>\n\n\n\n<h3 class=\"wp-block-heading\">CHP Genel Ba\u015fkan\u0131 \u00d6zg\u00fcr \u00d6zel\u2019den Tepki<\/h3>\n\n\n\n<p>CHP Genel Ba\u015fkan\u0131 \u00d6zg\u00fcr \u00d6zel, \u00d6zlem G\u00fcrses\u2019in g\u00f6zalt\u0131na al\u0131nmas\u0131na tepki g\u00f6sterdi. \u00d6zel, sosyal medya hesab\u0131ndan yapt\u0131\u011f\u0131 a\u00e7\u0131klamada, G\u00fcrses\u2019in s\u00f6zlerinin canl\u0131 yay\u0131n s\u0131ras\u0131nda anlam kaymas\u0131na u\u011frad\u0131\u011f\u0131n\u0131 belirterek, \u015funlar\u0131 s\u00f6yledi:<br><strong>\u201c\u0130ktidar\u0131n siyasalla\u015ft\u0131rd\u0131\u011f\u0131 yarg\u0131, gazetecilere g\u00f6zalt\u0131larla g\u00f6zda\u011f\u0131 vermeye devam ediyor. \u00d6zlem G\u00fcrses \u00f6nce lin\u00e7 edildi, \u015fimdi de ifadeye \u00e7a\u011fr\u0131labilecekken apar topar g\u00f6zalt\u0131na al\u0131nd\u0131. Bu hukuksuzlu\u011fa son verin.\u201d<\/strong><\/p>\n\n\n\n<p>Soru\u015fturma s\u00fcreciyle ilgili geli\u015fmeler kamuoyu taraf\u0131ndan yak\u0131ndan takip ediliyor.<\/p>\n","protected":false},"excerpt":{"rendered":"<p>Gazeteci \u00d6zlem G\u00fcrses Hakk\u0131nda Soru\u015fturma Ba\u015flat\u0131ld\u0131 \u0130stanbul Cumhuriyet Ba\u015fsavc\u0131l\u0131\u011f\u0131, gazeteci \u00d6zlem G\u00fcrses hakk\u0131nda T\u00fcrk Silahl\u0131 Kuvvetleri&#8217;ne (TSK) y\u00f6nelik ifadeleri nedeniyle soru\u015fturma ba\u015flatt\u0131. G\u00fcrses&#8217;in YouTube&#8217;daki TV OZ kanal\u0131nda,&nbsp;\u201cG\u00f6rd\u00fc\u011f\u00fcn\u00fcz \u00fczere I\u015e\u0130D yap\u0131s\u0131, yani TSK-SMO yap\u0131s\u0131 K\u00fcrtlerin oldu\u011fu b\u00f6lgelerde k\u00fc\u00e7\u00fck k\u00fc\u00e7\u00fck kazan\u0131mlar elde etmi\u015f\u201d&nbsp;s\u00f6zleri \u00fczerine, &#8220;Devletin kurum ve organlar\u0131n\u0131 a\u015fa\u011f\u0131lama&#8221; ve &#8220;Halk\u0131 yan\u0131lt\u0131c\u0131 bilgiyi alenen yayma&#8221; su\u00e7lamalar\u0131yla g\u00f6zalt\u0131na [&hellip;]<\/p>\n","protected":false},"author":2,"featured_media":874,"comment_status":"open","ping_status":"open","sticky":false,"template":"","format":"standard","meta":{"footnotes":""},"categories":[11],"tags":[],"class_list":["post-873","post","type-post","status-publish","format-standard","has-post-thumbnail","hentry","category-turkiye"],"yoast_head":"<!-- This site is optimized with the Yoast SEO plugin v27.4 - https:\/\/yoast.com\/product\/yoast-seo-wordpress\/ -->\n<title>Gazeteci \u00d6zlem G\u00fcrses neden g\u00f6zalt\u0131nda? - Avrupal\u0131 T\u00fcrklerin en Yeni Haber Portal\u0131<\/title>\n<meta name=\"robots\" content=\"index, follow, max-snippet:-1, max-image-preview:large, max-video-preview:-1\" \/>\n<link rel=\"canonical\" href=\"https:\/\/avrupatv.eu\/index.php\/2024\/12\/20\/gazeteci-ozlem-gurses-neden-gozaltinda\/\" \/>\n<meta property=\"og:locale\" content=\"tr_TR\" \/>\n<meta property=\"og:type\" content=\"article\" \/>\n<meta property=\"og:title\" content=\"Gazeteci \u00d6zlem G\u00fcrses neden g\u00f6zalt\u0131nda? - Avrupal\u0131 T\u00fcrklerin en Yeni Haber Portal\u0131\" \/>\n<meta property=\"og:description\" content=\"Gazeteci \u00d6zlem G\u00fcrses Hakk\u0131nda Soru\u015fturma Ba\u015flat\u0131ld\u0131 \u0130stanbul Cumhuriyet Ba\u015fsavc\u0131l\u0131\u011f\u0131, gazeteci \u00d6zlem G\u00fcrses hakk\u0131nda T\u00fcrk Silahl\u0131 Kuvvetleri&#8217;ne (TSK) y\u00f6nelik ifadeleri nedeniyle soru\u015fturma ba\u015flatt\u0131. G\u00fcrses&#8217;in YouTube&#8217;daki TV OZ kanal\u0131nda,&nbsp;\u201cG\u00f6rd\u00fc\u011f\u00fcn\u00fcz \u00fczere I\u015e\u0130D yap\u0131s\u0131, yani TSK-SMO yap\u0131s\u0131 K\u00fcrtlerin oldu\u011fu b\u00f6lgelerde k\u00fc\u00e7\u00fck k\u00fc\u00e7\u00fck kazan\u0131mlar elde etmi\u015f\u201d&nbsp;s\u00f6zleri \u00fczerine, &#8220;Devletin kurum ve organlar\u0131n\u0131 a\u015fa\u011f\u0131lama&#8221; ve &#8220;Halk\u0131 yan\u0131lt\u0131c\u0131 bilgiyi alenen yayma&#8221; su\u00e7lamalar\u0131yla g\u00f6zalt\u0131na [&hellip;]\" \/>\n<meta property=\"og:url\" content=\"https:\/\/avrupatv.eu\/index.php\/2024\/12\/20\/gazeteci-ozlem-gurses-neden-gozaltinda\/\" \/>\n<meta property=\"og:site_name\" content=\"Avrupal\u0131 T\u00fcrklerin en Yeni Haber Portal\u0131\" \/>\n<meta property=\"article:published_time\" content=\"2024-12-20T19:31:12+00:00\" \/>\n<meta property=\"article:modified_time\" content=\"2024-12-20T19:31:43+00:00\" \/>\n<meta property=\"og:image\" content=\"https:\/\/avrupatv.eu\/wp-content\/uploads\/2024\/12\/gazeteci-ozlem-gurses-gozaltina-alindi-ignj.jpg\" \/>\n\t<meta property=\"og:image:width\" content=\"1280\" \/>\n\t<meta property=\"og:image:height\" content=\"720\" \/>\n\t<meta property=\"og:image:type\" content=\"image\/jpeg\" \/>\n<meta name=\"author\" content=\"Onur Akpinar\" \/>\n<meta name=\"twitter:card\" content=\"summary_large_image\" \/>\n<meta name=\"twitter:label1\" content=\"Yazan:\" \/>\n\t<meta name=\"twitter:data1\" content=\"Onur Akpinar\" \/>\n\t<meta name=\"twitter:label2\" content=\"Tahmini okuma s\u00fcresi\" \/>\n\t<meta name=\"twitter:data2\" content=\"2 dakika\" \/>\n<script type=\"application\/ld+json\" class=\"yoast-schema-graph\">{\"@context\":\"https:\\\/\\\/schema.org\",\"@graph\":[{\"@type\":\"Article\",\"@id\":\"https:\\\/\\\/avrupatv.eu\\\/index.php\\\/2024\\\/12\\\/20\\\/gazeteci-ozlem-gurses-neden-gozaltinda\\\/#article\",\"isPartOf\":{\"@id\":\"https:\\\/\\\/avrupatv.eu\\\/index.php\\\/2024\\\/12\\\/20\\\/gazeteci-ozlem-gurses-neden-gozaltinda\\\/\"},\"author\":{\"name\":\"Onur Akpinar\",\"@id\":\"https:\\\/\\\/avrupatv.eu\\\/#\\\/schema\\\/person\\\/d56afa5d5569da4029d483da36c0c17d\"},\"headline\":\"Gazeteci \u00d6zlem G\u00fcrses neden g\u00f6zalt\u0131nda?\",\"datePublished\":\"2024-12-20T19:31:12+00:00\",\"dateModified\":\"2024-12-20T19:31:43+00:00\",\"mainEntityOfPage\":{\"@id\":\"https:\\\/\\\/avrupatv.eu\\\/index.php\\\/2024\\\/12\\\/20\\\/gazeteci-ozlem-gurses-neden-gozaltinda\\\/\"},\"wordCount\":328,\"commentCount\":0,\"publisher\":{\"@id\":\"https:\\\/\\\/avrupatv.eu\\\/#organization\"},\"image\":{\"@id\":\"https:\\\/\\\/avrupatv.eu\\\/index.php\\\/2024\\\/12\\\/20\\\/gazeteci-ozlem-gurses-neden-gozaltinda\\\/#primaryimage\"},\"thumbnailUrl\":\"https:\\\/\\\/avrupatv.eu\\\/wp-content\\\/uploads\\\/2024\\\/12\\\/gazeteci-ozlem-gurses-gozaltina-alindi-ignj.jpg\",\"articleSection\":[\"T\u00fcrkiye\"],\"inLanguage\":\"tr\",\"potentialAction\":[{\"@type\":\"CommentAction\",\"name\":\"Comment\",\"target\":[\"https:\\\/\\\/avrupatv.eu\\\/index.php\\\/2024\\\/12\\\/20\\\/gazeteci-ozlem-gurses-neden-gozaltinda\\\/#respond\"]}]},{\"@type\":\"WebPage\",\"@id\":\"https:\\\/\\\/avrupatv.eu\\\/index.php\\\/2024\\\/12\\\/20\\\/gazeteci-ozlem-gurses-neden-gozaltinda\\\/\",\"url\":\"https:\\\/\\\/avrupatv.eu\\\/index.php\\\/2024\\\/12\\\/20\\\/gazeteci-ozlem-gurses-neden-gozaltinda\\\/\",\"name\":\"Gazeteci \u00d6zlem G\u00fcrses neden g\u00f6zalt\u0131nda? - Avrupal\u0131 T\u00fcrklerin en Yeni Haber Portal\u0131\",\"isPartOf\":{\"@id\":\"https:\\\/\\\/avrupatv.eu\\\/#website\"},\"primaryImageOfPage\":{\"@id\":\"https:\\\/\\\/avrupatv.eu\\\/index.php\\\/2024\\\/12\\\/20\\\/gazeteci-ozlem-gurses-neden-gozaltinda\\\/#primaryimage\"},\"image\":{\"@id\":\"https:\\\/\\\/avrupatv.eu\\\/index.php\\\/2024\\\/12\\\/20\\\/gazeteci-ozlem-gurses-neden-gozaltinda\\\/#primaryimage\"},\"thumbnailUrl\":\"https:\\\/\\\/avrupatv.eu\\\/wp-content\\\/uploads\\\/2024\\\/12\\\/gazeteci-ozlem-gurses-gozaltina-alindi-ignj.jpg\",\"datePublished\":\"2024-12-20T19:31:12+00:00\",\"dateModified\":\"2024-12-20T19:31:43+00:00\",\"breadcrumb\":{\"@id\":\"https:\\\/\\\/avrupatv.eu\\\/index.php\\\/2024\\\/12\\\/20\\\/gazeteci-ozlem-gurses-neden-gozaltinda\\\/#breadcrumb\"},\"inLanguage\":\"tr\",\"potentialAction\":[{\"@type\":\"ReadAction\",\"target\":[\"https:\\\/\\\/avrupatv.eu\\\/index.php\\\/2024\\\/12\\\/20\\\/gazeteci-ozlem-gurses-neden-gozaltinda\\\/\"]}]},{\"@type\":\"ImageObject\",\"inLanguage\":\"tr\",\"@id\":\"https:\\\/\\\/avrupatv.eu\\\/index.php\\\/2024\\\/12\\\/20\\\/gazeteci-ozlem-gurses-neden-gozaltinda\\\/#primaryimage\",\"url\":\"https:\\\/\\\/avrupatv.eu\\\/wp-content\\\/uploads\\\/2024\\\/12\\\/gazeteci-ozlem-gurses-gozaltina-alindi-ignj.jpg\",\"contentUrl\":\"https:\\\/\\\/avrupatv.eu\\\/wp-content\\\/uploads\\\/2024\\\/12\\\/gazeteci-ozlem-gurses-gozaltina-alindi-ignj.jpg\",\"width\":1280,\"height\":720},{\"@type\":\"BreadcrumbList\",\"@id\":\"https:\\\/\\\/avrupatv.eu\\\/index.php\\\/2024\\\/12\\\/20\\\/gazeteci-ozlem-gurses-neden-gozaltinda\\\/#breadcrumb\",\"itemListElement\":[{\"@type\":\"ListItem\",\"position\":1,\"name\":\"Anasayfa\",\"item\":\"https:\\\/\\\/avrupatv.eu\\\/\"},{\"@type\":\"ListItem\",\"position\":2,\"name\":\"Gazeteci \u00d6zlem G\u00fcrses neden g\u00f6zalt\u0131nda?\"}]},{\"@type\":\"WebSite\",\"@id\":\"https:\\\/\\\/avrupatv.eu\\\/#website\",\"url\":\"https:\\\/\\\/avrupatv.eu\\\/\",\"name\":\"Avrupal\u0131 T\u00fcrklerin en Yeni Haber Portal\u0131\",\"description\":\"\",\"publisher\":{\"@id\":\"https:\\\/\\\/avrupatv.eu\\\/#organization\"},\"alternateName\":\"Avrupa tv\",\"potentialAction\":[{\"@type\":\"SearchAction\",\"target\":{\"@type\":\"EntryPoint\",\"urlTemplate\":\"https:\\\/\\\/avrupatv.eu\\\/?s={search_term_string}\"},\"query-input\":{\"@type\":\"PropertyValueSpecification\",\"valueRequired\":true,\"valueName\":\"search_term_string\"}}],\"inLanguage\":\"tr\"},{\"@type\":\"Organization\",\"@id\":\"https:\\\/\\\/avrupatv.eu\\\/#organization\",\"name\":\"Avrupa Haber\",\"url\":\"https:\\\/\\\/avrupatv.eu\\\/\",\"logo\":{\"@type\":\"ImageObject\",\"inLanguage\":\"tr\",\"@id\":\"https:\\\/\\\/avrupatv.eu\\\/#\\\/schema\\\/logo\\\/image\\\/\",\"url\":\"https:\\\/\\\/avrupatv.eu\\\/wp-content\\\/uploads\\\/2023\\\/10\\\/cropped-thumbnail_logo.png\",\"contentUrl\":\"https:\\\/\\\/avrupatv.eu\\\/wp-content\\\/uploads\\\/2023\\\/10\\\/cropped-thumbnail_logo.png\",\"width\":1025,\"height\":302,\"caption\":\"Avrupa Haber\"},\"image\":{\"@id\":\"https:\\\/\\\/avrupatv.eu\\\/#\\\/schema\\\/logo\\\/image\\\/\"}},{\"@type\":\"Person\",\"@id\":\"https:\\\/\\\/avrupatv.eu\\\/#\\\/schema\\\/person\\\/d56afa5d5569da4029d483da36c0c17d\",\"name\":\"Onur Akpinar\",\"image\":{\"@type\":\"ImageObject\",\"inLanguage\":\"tr\",\"@id\":\"https:\\\/\\\/secure.gravatar.com\\\/avatar\\\/67a1a0bdf34f82da209334e4684b7e7171a58a5a2b0a8f836b61044f5c1f5d6a?s=96&d=mm&r=g\",\"url\":\"https:\\\/\\\/secure.gravatar.com\\\/avatar\\\/67a1a0bdf34f82da209334e4684b7e7171a58a5a2b0a8f836b61044f5c1f5d6a?s=96&d=mm&r=g\",\"contentUrl\":\"https:\\\/\\\/secure.gravatar.com\\\/avatar\\\/67a1a0bdf34f82da209334e4684b7e7171a58a5a2b0a8f836b61044f5c1f5d6a?s=96&d=mm&r=g\",\"caption\":\"Onur Akpinar\"},\"url\":\"https:\\\/\\\/avrupatv.eu\\\/index.php\\\/author\\\/onur-akpinar\\\/\"}]}<\/script>\n<!-- \/ Yoast SEO plugin. -->","yoast_head_json":{"title":"Gazeteci \u00d6zlem G\u00fcrses neden g\u00f6zalt\u0131nda? - Avrupal\u0131 T\u00fcrklerin en Yeni Haber Portal\u0131","robots":{"index":"index","follow":"follow","max-snippet":"max-snippet:-1","max-image-preview":"max-image-preview:large","max-video-preview":"max-video-preview:-1"},"canonical":"https:\/\/avrupatv.eu\/index.php\/2024\/12\/20\/gazeteci-ozlem-gurses-neden-gozaltinda\/","og_locale":"tr_TR","og_type":"article","og_title":"Gazeteci \u00d6zlem G\u00fcrses neden g\u00f6zalt\u0131nda? - Avrupal\u0131 T\u00fcrklerin en Yeni Haber Portal\u0131","og_description":"Gazeteci \u00d6zlem G\u00fcrses Hakk\u0131nda Soru\u015fturma Ba\u015flat\u0131ld\u0131 \u0130stanbul Cumhuriyet Ba\u015fsavc\u0131l\u0131\u011f\u0131, gazeteci \u00d6zlem G\u00fcrses hakk\u0131nda T\u00fcrk Silahl\u0131 Kuvvetleri&#8217;ne (TSK) y\u00f6nelik ifadeleri nedeniyle soru\u015fturma ba\u015flatt\u0131. G\u00fcrses&#8217;in YouTube&#8217;daki TV OZ kanal\u0131nda,&nbsp;\u201cG\u00f6rd\u00fc\u011f\u00fcn\u00fcz \u00fczere I\u015e\u0130D yap\u0131s\u0131, yani TSK-SMO yap\u0131s\u0131 K\u00fcrtlerin oldu\u011fu b\u00f6lgelerde k\u00fc\u00e7\u00fck k\u00fc\u00e7\u00fck kazan\u0131mlar elde etmi\u015f\u201d&nbsp;s\u00f6zleri \u00fczerine, &#8220;Devletin kurum ve organlar\u0131n\u0131 a\u015fa\u011f\u0131lama&#8221; ve &#8220;Halk\u0131 yan\u0131lt\u0131c\u0131 bilgiyi alenen yayma&#8221; su\u00e7lamalar\u0131yla g\u00f6zalt\u0131na [&hellip;]","og_url":"https:\/\/avrupatv.eu\/index.php\/2024\/12\/20\/gazeteci-ozlem-gurses-neden-gozaltinda\/","og_site_name":"Avrupal\u0131 T\u00fcrklerin en Yeni Haber Portal\u0131","article_published_time":"2024-12-20T19:31:12+00:00","article_modified_time":"2024-12-20T19:31:43+00:00","og_image":[{"width":1280,"height":720,"url":"https:\/\/avrupatv.eu\/wp-content\/uploads\/2024\/12\/gazeteci-ozlem-gurses-gozaltina-alindi-ignj.jpg","type":"image\/jpeg"}],"author":"Onur Akpinar","twitter_card":"summary_large_image","twitter_misc":{"Yazan:":"Onur Akpinar","Tahmini okuma s\u00fcresi":"2 dakika"},"schema":{"@context":"https:\/\/schema.org","@graph":[{"@type":"Article","@id":"https:\/\/avrupatv.eu\/index.php\/2024\/12\/20\/gazeteci-ozlem-gurses-neden-gozaltinda\/#article","isPartOf":{"@id":"https:\/\/avrupatv.eu\/index.php\/2024\/12\/20\/gazeteci-ozlem-gurses-neden-gozaltinda\/"},"author":{"name":"Onur Akpinar","@id":"https:\/\/avrupatv.eu\/#\/schema\/person\/d56afa5d5569da4029d483da36c0c17d"},"headline":"Gazeteci \u00d6zlem G\u00fcrses neden g\u00f6zalt\u0131nda?","datePublished":"2024-12-20T19:31:12+00:00","dateModified":"2024-12-20T19:31:43+00:00","mainEntityOfPage":{"@id":"https:\/\/avrupatv.eu\/index.php\/2024\/12\/20\/gazeteci-ozlem-gurses-neden-gozaltinda\/"},"wordCount":328,"commentCount":0,"publisher":{"@id":"https:\/\/avrupatv.eu\/#organization"},"image":{"@id":"https:\/\/avrupatv.eu\/index.php\/2024\/12\/20\/gazeteci-ozlem-gurses-neden-gozaltinda\/#primaryimage"},"thumbnailUrl":"https:\/\/avrupatv.eu\/wp-content\/uploads\/2024\/12\/gazeteci-ozlem-gurses-gozaltina-alindi-ignj.jpg","articleSection":["T\u00fcrkiye"],"inLanguage":"tr","potentialAction":[{"@type":"CommentAction","name":"Comment","target":["https:\/\/avrupatv.eu\/index.php\/2024\/12\/20\/gazeteci-ozlem-gurses-neden-gozaltinda\/#respond"]}]},{"@type":"WebPage","@id":"https:\/\/avrupatv.eu\/index.php\/2024\/12\/20\/gazeteci-ozlem-gurses-neden-gozaltinda\/","url":"https:\/\/avrupatv.eu\/index.php\/2024\/12\/20\/gazeteci-ozlem-gurses-neden-gozaltinda\/","name":"Gazeteci \u00d6zlem G\u00fcrses neden g\u00f6zalt\u0131nda? - Avrupal\u0131 T\u00fcrklerin en Yeni Haber Portal\u0131","isPartOf":{"@id":"https:\/\/avrupatv.eu\/#website"},"primaryImageOfPage":{"@id":"https:\/\/avrupatv.eu\/index.php\/2024\/12\/20\/gazeteci-ozlem-gurses-neden-gozaltinda\/#primaryimage"},"image":{"@id":"https:\/\/avrupatv.eu\/index.php\/2024\/12\/20\/gazeteci-ozlem-gurses-neden-gozaltinda\/#primaryimage"},"thumbnailUrl":"https:\/\/avrupatv.eu\/wp-content\/uploads\/2024\/12\/gazeteci-ozlem-gurses-gozaltina-alindi-ignj.jpg","datePublished":"2024-12-20T19:31:12+00:00","dateModified":"2024-12-20T19:31:43+00:00","breadcrumb":{"@id":"https:\/\/avrupatv.eu\/index.php\/2024\/12\/20\/gazeteci-ozlem-gurses-neden-gozaltinda\/#breadcrumb"},"inLanguage":"tr","potentialAction":[{"@type":"ReadAction","target":["https:\/\/avrupatv.eu\/index.php\/2024\/12\/20\/gazeteci-ozlem-gurses-neden-gozaltinda\/"]}]},{"@type":"ImageObject","inLanguage":"tr","@id":"https:\/\/avrupatv.eu\/index.php\/2024\/12\/20\/gazeteci-ozlem-gurses-neden-gozaltinda\/#primaryimage","url":"https:\/\/avrupatv.eu\/wp-content\/uploads\/2024\/12\/gazeteci-ozlem-gurses-gozaltina-alindi-ignj.jpg","contentUrl":"https:\/\/avrupatv.eu\/wp-content\/uploads\/2024\/12\/gazeteci-ozlem-gurses-gozaltina-alindi-ignj.jpg","width":1280,"height":720},{"@type":"BreadcrumbList","@id":"https:\/\/avrupatv.eu\/index.php\/2024\/12\/20\/gazeteci-ozlem-gurses-neden-gozaltinda\/#breadcrumb","itemListElement":[{"@type":"ListItem","position":1,"name":"Anasayfa","item":"https:\/\/avrupatv.eu\/"},{"@type":"ListItem","position":2,"name":"Gazeteci \u00d6zlem G\u00fcrses neden g\u00f6zalt\u0131nda?"}]},{"@type":"WebSite","@id":"https:\/\/avrupatv.eu\/#website","url":"https:\/\/avrupatv.eu\/","name":"Avrupal\u0131 T\u00fcrklerin en Yeni Haber Portal\u0131","description":"","publisher":{"@id":"https:\/\/avrupatv.eu\/#organization"},"alternateName":"Avrupa tv","potentialAction":[{"@type":"SearchAction","target":{"@type":"EntryPoint","urlTemplate":"https:\/\/avrupatv.eu\/?s={search_term_string}"},"query-input":{"@type":"PropertyValueSpecification","valueRequired":true,"valueName":"search_term_string"}}],"inLanguage":"tr"},{"@type":"Organization","@id":"https:\/\/avrupatv.eu\/#organization","name":"Avrupa Haber","url":"https:\/\/avrupatv.eu\/","logo":{"@type":"ImageObject","inLanguage":"tr","@id":"https:\/\/avrupatv.eu\/#\/schema\/logo\/image\/","url":"https:\/\/avrupatv.eu\/wp-content\/uploads\/2023\/10\/cropped-thumbnail_logo.png","contentUrl":"https:\/\/avrupatv.eu\/wp-content\/uploads\/2023\/10\/cropped-thumbnail_logo.png","width":1025,"height":302,"caption":"Avrupa Haber"},"image":{"@id":"https:\/\/avrupatv.eu\/#\/schema\/logo\/image\/"}},{"@type":"Person","@id":"https:\/\/avrupatv.eu\/#\/schema\/person\/d56afa5d5569da4029d483da36c0c17d","name":"Onur Akpinar","image":{"@type":"ImageObject","inLanguage":"tr","@id":"https:\/\/secure.gravatar.com\/avatar\/67a1a0bdf34f82da209334e4684b7e7171a58a5a2b0a8f836b61044f5c1f5d6a?s=96&d=mm&r=g","url":"https:\/\/secure.gravatar.com\/avatar\/67a1a0bdf34f82da209334e4684b7e7171a58a5a2b0a8f836b61044f5c1f5d6a?s=96&d=mm&r=g","contentUrl":"https:\/\/secure.gravatar.com\/avatar\/67a1a0bdf34f82da209334e4684b7e7171a58a5a2b0a8f836b61044f5c1f5d6a?s=96&d=mm&r=g","caption":"Onur Akpinar"},"url":"https:\/\/avrupatv.eu\/index.php\/author\/onur-akpinar\/"}]}},"_links":{"self":[{"href":"https:\/\/avrupatv.eu\/index.php\/wp-json\/wp\/v2\/posts\/873","targetHints":{"allow":["GET"]}}],"collection":[{"href":"https:\/\/avrupatv.eu\/index.php\/wp-json\/wp\/v2\/posts"}],"about":[{"href":"https:\/\/avrupatv.eu\/index.php\/wp-json\/wp\/v2\/types\/post"}],"author":[{"embeddable":true,"href":"https:\/\/avrupatv.eu\/index.php\/wp-json\/wp\/v2\/users\/2"}],"replies":[{"embeddable":true,"href":"https:\/\/avrupatv.eu\/index.php\/wp-json\/wp\/v2\/comments?post=873"}],"version-history":[{"count":1,"href":"https:\/\/avrupatv.eu\/index.php\/wp-json\/wp\/v2\/posts\/873\/revisions"}],"predecessor-version":[{"id":875,"href":"https:\/\/avrupatv.eu\/index.php\/wp-json\/wp\/v2\/posts\/873\/revisions\/875"}],"wp:featuredmedia":[{"embeddable":true,"href":"https:\/\/avrupatv.eu\/index.php\/wp-json\/wp\/v2\/media\/874"}],"wp:attachment":[{"href":"https:\/\/avrupatv.eu\/index.php\/wp-json\/wp\/v2\/media?parent=873"}],"wp:term":[{"taxonomy":"category","embeddable":true,"href":"https:\/\/avrupatv.eu\/index.php\/wp-json\/wp\/v2\/categories?post=873"},{"taxonomy":"post_tag","embeddable":true,"href":"https:\/\/avrupatv.eu\/index.php\/wp-json\/wp\/v2\/tags?post=873"}],"curies":[{"name":"wp","href":"https:\/\/api.w.org\/{rel}","templated":true}]}}