{"id":867,"date":"2024-12-19T16:59:10","date_gmt":"2024-12-19T16:59:10","guid":{"rendered":"https:\/\/avrupatv.eu\/?p=867"},"modified":"2024-12-19T16:59:11","modified_gmt":"2024-12-19T16:59:11","slug":"belcikada-25-bin-multeciye-af-iddiasi-gundemde-mi","status":"publish","type":"post","link":"https:\/\/avrupatv.eu\/index.php\/2024\/12\/19\/belcikada-25-bin-multeciye-af-iddiasi-gundemde-mi\/","title":{"rendered":"Bel\u00e7ika\u2019da 25 Bin M\u00fclteciye Af \u0130ddias\u0131 G\u00fcndemde mi?"},"content":{"rendered":"\n<p>Son g\u00fcnlerde Bel\u00e7ika\u2019da 25 bin m\u00fclteciye af \u00e7\u0131kar\u0131laca\u011f\u0131 y\u00f6n\u00fcnde spek\u00fclasyonlar tart\u0131\u015fma konusu oldu. Ancak, yetkililer taraf\u0131ndan bu konuda herhangi bir resmi a\u00e7\u0131klama yap\u0131lmad\u0131. \u00dclkede s\u0131\u011f\u0131nmac\u0131 bar\u0131nma krizi devam ederken, bu t\u00fcr bir aff\u0131n g\u00fcndemde olup olmad\u0131\u011f\u0131 belirsizli\u011fini koruyor.<\/p>\n\n\n\n<p><strong>2009\u2019daki Af Karar\u0131 Haf\u0131zalarda<\/strong> Bel\u00e7ika\u2019da daha \u00f6nce 2009 y\u0131l\u0131nda benzer bir karar al\u0131nm\u0131\u015f ve \u00fclkede en az be\u015f y\u0131ld\u0131r ya\u015fayan veya 2,5 y\u0131ld\u0131r bir i\u015f sahibi olan yakla\u015f\u0131k 25 bin ka\u00e7ak g\u00f6\u00e7mene oturma izni verilmi\u015fti. O d\u00f6nemde bu karar, hem toplumda hem de siyaset sahnesinde b\u00fcy\u00fck yank\u0131 uyand\u0131rm\u0131\u015ft\u0131.<\/p>\n\n\n\n<p><strong>S\u0131\u011f\u0131nmac\u0131 Krizi Devam Ediyor<\/strong> Bel\u00e7ika\u2019da son y\u0131llarda s\u0131\u011f\u0131nmac\u0131larla ilgili \u00f6nemli sorunlar ya\u015fan\u0131yor. 2022 y\u0131l\u0131nda s\u0131\u011f\u0131nma ba\u015fvurular\u0131n\u0131n say\u0131s\u0131 32 bini ge\u00e7erken, bar\u0131nma merkezlerinde kapasite sorunu nedeniyle \u00e7ok say\u0131da ki\u015fiye uygun \u015fartlar sunulamam\u0131\u015ft\u0131. Uluslararas\u0131 Af \u00d6rg\u00fct\u00fc, Bel\u00e7ika\u2019n\u0131n s\u0131\u011f\u0131nmac\u0131lara yeterli yard\u0131m sa\u011flamad\u0131\u011f\u0131 y\u00f6n\u00fcnde raporlar yay\u0131nlam\u0131\u015ft\u0131.<\/p>\n\n\n\n<p><strong>H\u00fck\u00fcmetin Sessizli\u011fi<\/strong> M\u00fcltecilere af konusundaki iddialarla ilgili olarak Bel\u00e7ika h\u00fck\u00fcmeti taraf\u0131ndan herhangi bir a\u00e7\u0131klama yap\u0131lm\u0131\u015f de\u011fil. Uzmanlar, b\u00f6yle bir karar\u0131n hem toplumsal hem de siyasi etkilerinin \u00e7ok b\u00fcy\u00fck olabilece\u011fine dikkat \u00e7ekiyor. Ancak, mevcut ekonomik ko\u015fullar ve sosyal yard\u0131m sistemine olan bask\u0131 nedeniyle bu t\u00fcr bir karar\u0131n kolayca al\u0131nmas\u0131 beklenmiyor.<\/p>\n\n\n\n<p><strong>Sonu\u00e7<\/strong> \u015eu an i\u00e7in Bel\u00e7ika\u2019da 25 bin m\u00fclteciye af \u00e7\u0131kar\u0131lmas\u0131 y\u00f6n\u00fcnde herhangi bir resmi giri\u015fim bulunmamaktad\u0131r. Bununla birlikte, \u00fclkede devam eden bar\u0131nma ve s\u0131\u011f\u0131nmac\u0131 krizleri, bu t\u00fcr tart\u0131\u015fmalar\u0131n zaman zaman g\u00fcndeme gelmesine neden oluyor.<\/p>\n","protected":false},"excerpt":{"rendered":"<p>Son g\u00fcnlerde Bel\u00e7ika\u2019da 25 bin m\u00fclteciye af \u00e7\u0131kar\u0131laca\u011f\u0131 y\u00f6n\u00fcnde spek\u00fclasyonlar tart\u0131\u015fma konusu oldu. Ancak, yetkililer taraf\u0131ndan bu konuda herhangi bir resmi a\u00e7\u0131klama yap\u0131lmad\u0131. \u00dclkede s\u0131\u011f\u0131nmac\u0131 bar\u0131nma krizi devam ederken, bu t\u00fcr bir aff\u0131n g\u00fcndemde olup olmad\u0131\u011f\u0131 belirsizli\u011fini koruyor. 2009\u2019daki Af Karar\u0131 Haf\u0131zalarda Bel\u00e7ika\u2019da daha \u00f6nce 2009 y\u0131l\u0131nda benzer bir karar al\u0131nm\u0131\u015f ve \u00fclkede en az [&hellip;]<\/p>\n","protected":false},"author":2,"featured_media":868,"comment_status":"open","ping_status":"open","sticky":false,"template":"","format":"standard","meta":{"footnotes":""},"categories":[9,21],"tags":[],"class_list":["post-867","post","type-post","status-publish","format-standard","has-post-thumbnail","hentry","category-avrupa","category-belcika"],"yoast_head":"<!-- This site is optimized with the Yoast SEO plugin v27.4 - https:\/\/yoast.com\/product\/yoast-seo-wordpress\/ -->\n<title>Bel\u00e7ika\u2019da 25 Bin M\u00fclteciye Af \u0130ddias\u0131 G\u00fcndemde mi? - Avrupal\u0131 T\u00fcrklerin en Yeni Haber Portal\u0131<\/title>\n<meta name=\"robots\" content=\"index, follow, max-snippet:-1, max-image-preview:large, max-video-preview:-1\" \/>\n<link rel=\"canonical\" href=\"https:\/\/avrupatv.eu\/index.php\/2024\/12\/19\/belcikada-25-bin-multeciye-af-iddiasi-gundemde-mi\/\" \/>\n<meta property=\"og:locale\" content=\"tr_TR\" \/>\n<meta property=\"og:type\" content=\"article\" \/>\n<meta property=\"og:title\" content=\"Bel\u00e7ika\u2019da 25 Bin M\u00fclteciye Af \u0130ddias\u0131 G\u00fcndemde mi? - Avrupal\u0131 T\u00fcrklerin en Yeni Haber Portal\u0131\" \/>\n<meta property=\"og:description\" content=\"Son g\u00fcnlerde Bel\u00e7ika\u2019da 25 bin m\u00fclteciye af \u00e7\u0131kar\u0131laca\u011f\u0131 y\u00f6n\u00fcnde spek\u00fclasyonlar tart\u0131\u015fma konusu oldu. Ancak, yetkililer taraf\u0131ndan bu konuda herhangi bir resmi a\u00e7\u0131klama yap\u0131lmad\u0131. \u00dclkede s\u0131\u011f\u0131nmac\u0131 bar\u0131nma krizi devam ederken, bu t\u00fcr bir aff\u0131n g\u00fcndemde olup olmad\u0131\u011f\u0131 belirsizli\u011fini koruyor. 2009\u2019daki Af Karar\u0131 Haf\u0131zalarda Bel\u00e7ika\u2019da daha \u00f6nce 2009 y\u0131l\u0131nda benzer bir karar al\u0131nm\u0131\u015f ve \u00fclkede en az [&hellip;]\" \/>\n<meta property=\"og:url\" content=\"https:\/\/avrupatv.eu\/index.php\/2024\/12\/19\/belcikada-25-bin-multeciye-af-iddiasi-gundemde-mi\/\" \/>\n<meta property=\"og:site_name\" content=\"Avrupal\u0131 T\u00fcrklerin en Yeni Haber Portal\u0131\" \/>\n<meta property=\"article:published_time\" content=\"2024-12-19T16:59:10+00:00\" \/>\n<meta property=\"article:modified_time\" content=\"2024-12-19T16:59:11+00:00\" \/>\n<meta property=\"og:image\" content=\"https:\/\/avrupatv.eu\/wp-content\/uploads\/2024\/12\/Belcika-multeciler.jpg\" \/>\n\t<meta property=\"og:image:width\" content=\"864\" \/>\n\t<meta property=\"og:image:height\" content=\"486\" \/>\n\t<meta property=\"og:image:type\" content=\"image\/jpeg\" \/>\n<meta name=\"author\" content=\"Onur Akpinar\" \/>\n<meta name=\"twitter:card\" content=\"summary_large_image\" \/>\n<meta name=\"twitter:label1\" content=\"Yazan:\" \/>\n\t<meta name=\"twitter:data1\" content=\"Onur Akpinar\" \/>\n\t<meta name=\"twitter:label2\" content=\"Tahmini okuma s\u00fcresi\" \/>\n\t<meta name=\"twitter:data2\" content=\"2 dakika\" \/>\n<script type=\"application\/ld+json\" class=\"yoast-schema-graph\">{\"@context\":\"https:\\\/\\\/schema.org\",\"@graph\":[{\"@type\":\"Article\",\"@id\":\"https:\\\/\\\/avrupatv.eu\\\/index.php\\\/2024\\\/12\\\/19\\\/belcikada-25-bin-multeciye-af-iddiasi-gundemde-mi\\\/#article\",\"isPartOf\":{\"@id\":\"https:\\\/\\\/avrupatv.eu\\\/index.php\\\/2024\\\/12\\\/19\\\/belcikada-25-bin-multeciye-af-iddiasi-gundemde-mi\\\/\"},\"author\":{\"name\":\"Onur Akpinar\",\"@id\":\"https:\\\/\\\/avrupatv.eu\\\/#\\\/schema\\\/person\\\/d56afa5d5569da4029d483da36c0c17d\"},\"headline\":\"Bel\u00e7ika\u2019da 25 Bin M\u00fclteciye Af \u0130ddias\u0131 G\u00fcndemde mi?\",\"datePublished\":\"2024-12-19T16:59:10+00:00\",\"dateModified\":\"2024-12-19T16:59:11+00:00\",\"mainEntityOfPage\":{\"@id\":\"https:\\\/\\\/avrupatv.eu\\\/index.php\\\/2024\\\/12\\\/19\\\/belcikada-25-bin-multeciye-af-iddiasi-gundemde-mi\\\/\"},\"wordCount\":321,\"commentCount\":0,\"publisher\":{\"@id\":\"https:\\\/\\\/avrupatv.eu\\\/#organization\"},\"image\":{\"@id\":\"https:\\\/\\\/avrupatv.eu\\\/index.php\\\/2024\\\/12\\\/19\\\/belcikada-25-bin-multeciye-af-iddiasi-gundemde-mi\\\/#primaryimage\"},\"thumbnailUrl\":\"https:\\\/\\\/avrupatv.eu\\\/wp-content\\\/uploads\\\/2024\\\/12\\\/Belcika-multeciler.jpg\",\"articleSection\":[\"Avrupa\",\"Bel\u00e7ika\"],\"inLanguage\":\"tr\",\"potentialAction\":[{\"@type\":\"CommentAction\",\"name\":\"Comment\",\"target\":[\"https:\\\/\\\/avrupatv.eu\\\/index.php\\\/2024\\\/12\\\/19\\\/belcikada-25-bin-multeciye-af-iddiasi-gundemde-mi\\\/#respond\"]}]},{\"@type\":\"WebPage\",\"@id\":\"https:\\\/\\\/avrupatv.eu\\\/index.php\\\/2024\\\/12\\\/19\\\/belcikada-25-bin-multeciye-af-iddiasi-gundemde-mi\\\/\",\"url\":\"https:\\\/\\\/avrupatv.eu\\\/index.php\\\/2024\\\/12\\\/19\\\/belcikada-25-bin-multeciye-af-iddiasi-gundemde-mi\\\/\",\"name\":\"Bel\u00e7ika\u2019da 25 Bin M\u00fclteciye Af \u0130ddias\u0131 G\u00fcndemde mi? - Avrupal\u0131 T\u00fcrklerin en Yeni Haber Portal\u0131\",\"isPartOf\":{\"@id\":\"https:\\\/\\\/avrupatv.eu\\\/#website\"},\"primaryImageOfPage\":{\"@id\":\"https:\\\/\\\/avrupatv.eu\\\/index.php\\\/2024\\\/12\\\/19\\\/belcikada-25-bin-multeciye-af-iddiasi-gundemde-mi\\\/#primaryimage\"},\"image\":{\"@id\":\"https:\\\/\\\/avrupatv.eu\\\/index.php\\\/2024\\\/12\\\/19\\\/belcikada-25-bin-multeciye-af-iddiasi-gundemde-mi\\\/#primaryimage\"},\"thumbnailUrl\":\"https:\\\/\\\/avrupatv.eu\\\/wp-content\\\/uploads\\\/2024\\\/12\\\/Belcika-multeciler.jpg\",\"datePublished\":\"2024-12-19T16:59:10+00:00\",\"dateModified\":\"2024-12-19T16:59:11+00:00\",\"breadcrumb\":{\"@id\":\"https:\\\/\\\/avrupatv.eu\\\/index.php\\\/2024\\\/12\\\/19\\\/belcikada-25-bin-multeciye-af-iddiasi-gundemde-mi\\\/#breadcrumb\"},\"inLanguage\":\"tr\",\"potentialAction\":[{\"@type\":\"ReadAction\",\"target\":[\"https:\\\/\\\/avrupatv.eu\\\/index.php\\\/2024\\\/12\\\/19\\\/belcikada-25-bin-multeciye-af-iddiasi-gundemde-mi\\\/\"]}]},{\"@type\":\"ImageObject\",\"inLanguage\":\"tr\",\"@id\":\"https:\\\/\\\/avrupatv.eu\\\/index.php\\\/2024\\\/12\\\/19\\\/belcikada-25-bin-multeciye-af-iddiasi-gundemde-mi\\\/#primaryimage\",\"url\":\"https:\\\/\\\/avrupatv.eu\\\/wp-content\\\/uploads\\\/2024\\\/12\\\/Belcika-multeciler.jpg\",\"contentUrl\":\"https:\\\/\\\/avrupatv.eu\\\/wp-content\\\/uploads\\\/2024\\\/12\\\/Belcika-multeciler.jpg\",\"width\":864,\"height\":486},{\"@type\":\"BreadcrumbList\",\"@id\":\"https:\\\/\\\/avrupatv.eu\\\/index.php\\\/2024\\\/12\\\/19\\\/belcikada-25-bin-multeciye-af-iddiasi-gundemde-mi\\\/#breadcrumb\",\"itemListElement\":[{\"@type\":\"ListItem\",\"position\":1,\"name\":\"Anasayfa\",\"item\":\"https:\\\/\\\/avrupatv.eu\\\/\"},{\"@type\":\"ListItem\",\"position\":2,\"name\":\"Bel\u00e7ika\u2019da 25 Bin M\u00fclteciye Af \u0130ddias\u0131 G\u00fcndemde mi?\"}]},{\"@type\":\"WebSite\",\"@id\":\"https:\\\/\\\/avrupatv.eu\\\/#website\",\"url\":\"https:\\\/\\\/avrupatv.eu\\\/\",\"name\":\"Avrupal\u0131 T\u00fcrklerin en Yeni Haber Portal\u0131\",\"description\":\"\",\"publisher\":{\"@id\":\"https:\\\/\\\/avrupatv.eu\\\/#organization\"},\"alternateName\":\"Avrupa tv\",\"potentialAction\":[{\"@type\":\"SearchAction\",\"target\":{\"@type\":\"EntryPoint\",\"urlTemplate\":\"https:\\\/\\\/avrupatv.eu\\\/?s={search_term_string}\"},\"query-input\":{\"@type\":\"PropertyValueSpecification\",\"valueRequired\":true,\"valueName\":\"search_term_string\"}}],\"inLanguage\":\"tr\"},{\"@type\":\"Organization\",\"@id\":\"https:\\\/\\\/avrupatv.eu\\\/#organization\",\"name\":\"Avrupa Haber\",\"url\":\"https:\\\/\\\/avrupatv.eu\\\/\",\"logo\":{\"@type\":\"ImageObject\",\"inLanguage\":\"tr\",\"@id\":\"https:\\\/\\\/avrupatv.eu\\\/#\\\/schema\\\/logo\\\/image\\\/\",\"url\":\"https:\\\/\\\/avrupatv.eu\\\/wp-content\\\/uploads\\\/2023\\\/10\\\/cropped-thumbnail_logo.png\",\"contentUrl\":\"https:\\\/\\\/avrupatv.eu\\\/wp-content\\\/uploads\\\/2023\\\/10\\\/cropped-thumbnail_logo.png\",\"width\":1025,\"height\":302,\"caption\":\"Avrupa Haber\"},\"image\":{\"@id\":\"https:\\\/\\\/avrupatv.eu\\\/#\\\/schema\\\/logo\\\/image\\\/\"}},{\"@type\":\"Person\",\"@id\":\"https:\\\/\\\/avrupatv.eu\\\/#\\\/schema\\\/person\\\/d56afa5d5569da4029d483da36c0c17d\",\"name\":\"Onur Akpinar\",\"image\":{\"@type\":\"ImageObject\",\"inLanguage\":\"tr\",\"@id\":\"https:\\\/\\\/secure.gravatar.com\\\/avatar\\\/67a1a0bdf34f82da209334e4684b7e7171a58a5a2b0a8f836b61044f5c1f5d6a?s=96&d=mm&r=g\",\"url\":\"https:\\\/\\\/secure.gravatar.com\\\/avatar\\\/67a1a0bdf34f82da209334e4684b7e7171a58a5a2b0a8f836b61044f5c1f5d6a?s=96&d=mm&r=g\",\"contentUrl\":\"https:\\\/\\\/secure.gravatar.com\\\/avatar\\\/67a1a0bdf34f82da209334e4684b7e7171a58a5a2b0a8f836b61044f5c1f5d6a?s=96&d=mm&r=g\",\"caption\":\"Onur Akpinar\"},\"url\":\"https:\\\/\\\/avrupatv.eu\\\/index.php\\\/author\\\/onur-akpinar\\\/\"}]}<\/script>\n<!-- \/ Yoast SEO plugin. -->","yoast_head_json":{"title":"Bel\u00e7ika\u2019da 25 Bin M\u00fclteciye Af \u0130ddias\u0131 G\u00fcndemde mi? - Avrupal\u0131 T\u00fcrklerin en Yeni Haber Portal\u0131","robots":{"index":"index","follow":"follow","max-snippet":"max-snippet:-1","max-image-preview":"max-image-preview:large","max-video-preview":"max-video-preview:-1"},"canonical":"https:\/\/avrupatv.eu\/index.php\/2024\/12\/19\/belcikada-25-bin-multeciye-af-iddiasi-gundemde-mi\/","og_locale":"tr_TR","og_type":"article","og_title":"Bel\u00e7ika\u2019da 25 Bin M\u00fclteciye Af \u0130ddias\u0131 G\u00fcndemde mi? - Avrupal\u0131 T\u00fcrklerin en Yeni Haber Portal\u0131","og_description":"Son g\u00fcnlerde Bel\u00e7ika\u2019da 25 bin m\u00fclteciye af \u00e7\u0131kar\u0131laca\u011f\u0131 y\u00f6n\u00fcnde spek\u00fclasyonlar tart\u0131\u015fma konusu oldu. Ancak, yetkililer taraf\u0131ndan bu konuda herhangi bir resmi a\u00e7\u0131klama yap\u0131lmad\u0131. \u00dclkede s\u0131\u011f\u0131nmac\u0131 bar\u0131nma krizi devam ederken, bu t\u00fcr bir aff\u0131n g\u00fcndemde olup olmad\u0131\u011f\u0131 belirsizli\u011fini koruyor. 2009\u2019daki Af Karar\u0131 Haf\u0131zalarda Bel\u00e7ika\u2019da daha \u00f6nce 2009 y\u0131l\u0131nda benzer bir karar al\u0131nm\u0131\u015f ve \u00fclkede en az [&hellip;]","og_url":"https:\/\/avrupatv.eu\/index.php\/2024\/12\/19\/belcikada-25-bin-multeciye-af-iddiasi-gundemde-mi\/","og_site_name":"Avrupal\u0131 T\u00fcrklerin en Yeni Haber Portal\u0131","article_published_time":"2024-12-19T16:59:10+00:00","article_modified_time":"2024-12-19T16:59:11+00:00","og_image":[{"width":864,"height":486,"url":"https:\/\/avrupatv.eu\/wp-content\/uploads\/2024\/12\/Belcika-multeciler.jpg","type":"image\/jpeg"}],"author":"Onur Akpinar","twitter_card":"summary_large_image","twitter_misc":{"Yazan:":"Onur Akpinar","Tahmini okuma s\u00fcresi":"2 dakika"},"schema":{"@context":"https:\/\/schema.org","@graph":[{"@type":"Article","@id":"https:\/\/avrupatv.eu\/index.php\/2024\/12\/19\/belcikada-25-bin-multeciye-af-iddiasi-gundemde-mi\/#article","isPartOf":{"@id":"https:\/\/avrupatv.eu\/index.php\/2024\/12\/19\/belcikada-25-bin-multeciye-af-iddiasi-gundemde-mi\/"},"author":{"name":"Onur Akpinar","@id":"https:\/\/avrupatv.eu\/#\/schema\/person\/d56afa5d5569da4029d483da36c0c17d"},"headline":"Bel\u00e7ika\u2019da 25 Bin M\u00fclteciye Af \u0130ddias\u0131 G\u00fcndemde mi?","datePublished":"2024-12-19T16:59:10+00:00","dateModified":"2024-12-19T16:59:11+00:00","mainEntityOfPage":{"@id":"https:\/\/avrupatv.eu\/index.php\/2024\/12\/19\/belcikada-25-bin-multeciye-af-iddiasi-gundemde-mi\/"},"wordCount":321,"commentCount":0,"publisher":{"@id":"https:\/\/avrupatv.eu\/#organization"},"image":{"@id":"https:\/\/avrupatv.eu\/index.php\/2024\/12\/19\/belcikada-25-bin-multeciye-af-iddiasi-gundemde-mi\/#primaryimage"},"thumbnailUrl":"https:\/\/avrupatv.eu\/wp-content\/uploads\/2024\/12\/Belcika-multeciler.jpg","articleSection":["Avrupa","Bel\u00e7ika"],"inLanguage":"tr","potentialAction":[{"@type":"CommentAction","name":"Comment","target":["https:\/\/avrupatv.eu\/index.php\/2024\/12\/19\/belcikada-25-bin-multeciye-af-iddiasi-gundemde-mi\/#respond"]}]},{"@type":"WebPage","@id":"https:\/\/avrupatv.eu\/index.php\/2024\/12\/19\/belcikada-25-bin-multeciye-af-iddiasi-gundemde-mi\/","url":"https:\/\/avrupatv.eu\/index.php\/2024\/12\/19\/belcikada-25-bin-multeciye-af-iddiasi-gundemde-mi\/","name":"Bel\u00e7ika\u2019da 25 Bin M\u00fclteciye Af \u0130ddias\u0131 G\u00fcndemde mi? - Avrupal\u0131 T\u00fcrklerin en Yeni Haber Portal\u0131","isPartOf":{"@id":"https:\/\/avrupatv.eu\/#website"},"primaryImageOfPage":{"@id":"https:\/\/avrupatv.eu\/index.php\/2024\/12\/19\/belcikada-25-bin-multeciye-af-iddiasi-gundemde-mi\/#primaryimage"},"image":{"@id":"https:\/\/avrupatv.eu\/index.php\/2024\/12\/19\/belcikada-25-bin-multeciye-af-iddiasi-gundemde-mi\/#primaryimage"},"thumbnailUrl":"https:\/\/avrupatv.eu\/wp-content\/uploads\/2024\/12\/Belcika-multeciler.jpg","datePublished":"2024-12-19T16:59:10+00:00","dateModified":"2024-12-19T16:59:11+00:00","breadcrumb":{"@id":"https:\/\/avrupatv.eu\/index.php\/2024\/12\/19\/belcikada-25-bin-multeciye-af-iddiasi-gundemde-mi\/#breadcrumb"},"inLanguage":"tr","potentialAction":[{"@type":"ReadAction","target":["https:\/\/avrupatv.eu\/index.php\/2024\/12\/19\/belcikada-25-bin-multeciye-af-iddiasi-gundemde-mi\/"]}]},{"@type":"ImageObject","inLanguage":"tr","@id":"https:\/\/avrupatv.eu\/index.php\/2024\/12\/19\/belcikada-25-bin-multeciye-af-iddiasi-gundemde-mi\/#primaryimage","url":"https:\/\/avrupatv.eu\/wp-content\/uploads\/2024\/12\/Belcika-multeciler.jpg","contentUrl":"https:\/\/avrupatv.eu\/wp-content\/uploads\/2024\/12\/Belcika-multeciler.jpg","width":864,"height":486},{"@type":"BreadcrumbList","@id":"https:\/\/avrupatv.eu\/index.php\/2024\/12\/19\/belcikada-25-bin-multeciye-af-iddiasi-gundemde-mi\/#breadcrumb","itemListElement":[{"@type":"ListItem","position":1,"name":"Anasayfa","item":"https:\/\/avrupatv.eu\/"},{"@type":"ListItem","position":2,"name":"Bel\u00e7ika\u2019da 25 Bin M\u00fclteciye Af \u0130ddias\u0131 G\u00fcndemde mi?"}]},{"@type":"WebSite","@id":"https:\/\/avrupatv.eu\/#website","url":"https:\/\/avrupatv.eu\/","name":"Avrupal\u0131 T\u00fcrklerin en Yeni Haber Portal\u0131","description":"","publisher":{"@id":"https:\/\/avrupatv.eu\/#organization"},"alternateName":"Avrupa tv","potentialAction":[{"@type":"SearchAction","target":{"@type":"EntryPoint","urlTemplate":"https:\/\/avrupatv.eu\/?s={search_term_string}"},"query-input":{"@type":"PropertyValueSpecification","valueRequired":true,"valueName":"search_term_string"}}],"inLanguage":"tr"},{"@type":"Organization","@id":"https:\/\/avrupatv.eu\/#organization","name":"Avrupa Haber","url":"https:\/\/avrupatv.eu\/","logo":{"@type":"ImageObject","inLanguage":"tr","@id":"https:\/\/avrupatv.eu\/#\/schema\/logo\/image\/","url":"https:\/\/avrupatv.eu\/wp-content\/uploads\/2023\/10\/cropped-thumbnail_logo.png","contentUrl":"https:\/\/avrupatv.eu\/wp-content\/uploads\/2023\/10\/cropped-thumbnail_logo.png","width":1025,"height":302,"caption":"Avrupa Haber"},"image":{"@id":"https:\/\/avrupatv.eu\/#\/schema\/logo\/image\/"}},{"@type":"Person","@id":"https:\/\/avrupatv.eu\/#\/schema\/person\/d56afa5d5569da4029d483da36c0c17d","name":"Onur Akpinar","image":{"@type":"ImageObject","inLanguage":"tr","@id":"https:\/\/secure.gravatar.com\/avatar\/67a1a0bdf34f82da209334e4684b7e7171a58a5a2b0a8f836b61044f5c1f5d6a?s=96&d=mm&r=g","url":"https:\/\/secure.gravatar.com\/avatar\/67a1a0bdf34f82da209334e4684b7e7171a58a5a2b0a8f836b61044f5c1f5d6a?s=96&d=mm&r=g","contentUrl":"https:\/\/secure.gravatar.com\/avatar\/67a1a0bdf34f82da209334e4684b7e7171a58a5a2b0a8f836b61044f5c1f5d6a?s=96&d=mm&r=g","caption":"Onur Akpinar"},"url":"https:\/\/avrupatv.eu\/index.php\/author\/onur-akpinar\/"}]}},"_links":{"self":[{"href":"https:\/\/avrupatv.eu\/index.php\/wp-json\/wp\/v2\/posts\/867","targetHints":{"allow":["GET"]}}],"collection":[{"href":"https:\/\/avrupatv.eu\/index.php\/wp-json\/wp\/v2\/posts"}],"about":[{"href":"https:\/\/avrupatv.eu\/index.php\/wp-json\/wp\/v2\/types\/post"}],"author":[{"embeddable":true,"href":"https:\/\/avrupatv.eu\/index.php\/wp-json\/wp\/v2\/users\/2"}],"replies":[{"embeddable":true,"href":"https:\/\/avrupatv.eu\/index.php\/wp-json\/wp\/v2\/comments?post=867"}],"version-history":[{"count":1,"href":"https:\/\/avrupatv.eu\/index.php\/wp-json\/wp\/v2\/posts\/867\/revisions"}],"predecessor-version":[{"id":869,"href":"https:\/\/avrupatv.eu\/index.php\/wp-json\/wp\/v2\/posts\/867\/revisions\/869"}],"wp:featuredmedia":[{"embeddable":true,"href":"https:\/\/avrupatv.eu\/index.php\/wp-json\/wp\/v2\/media\/868"}],"wp:attachment":[{"href":"https:\/\/avrupatv.eu\/index.php\/wp-json\/wp\/v2\/media?parent=867"}],"wp:term":[{"taxonomy":"category","embeddable":true,"href":"https:\/\/avrupatv.eu\/index.php\/wp-json\/wp\/v2\/categories?post=867"},{"taxonomy":"post_tag","embeddable":true,"href":"https:\/\/avrupatv.eu\/index.php\/wp-json\/wp\/v2\/tags?post=867"}],"curies":[{"name":"wp","href":"https:\/\/api.w.org\/{rel}","templated":true}]}}