{"id":864,"date":"2024-12-19T16:39:16","date_gmt":"2024-12-19T16:39:16","guid":{"rendered":"https:\/\/avrupatv.eu\/?p=864"},"modified":"2024-12-19T16:39:16","modified_gmt":"2024-12-19T16:39:16","slug":"ferdi-tayfurun-ameliyat-durumu-ve-saglik-sureci","status":"publish","type":"post","link":"https:\/\/avrupatv.eu\/index.php\/2024\/12\/19\/ferdi-tayfurun-ameliyat-durumu-ve-saglik-sureci\/","title":{"rendered":"Ferdi Tayfur&#8217;un ameliyat durumu ve sa\u011fl\u0131k s\u00fcreci"},"content":{"rendered":"\n<p><strong>Ferdi Tayfur&#8217;dan Ameliyat Sonras\u0131 \u0130lk G\u00f6r\u00fcnt\u00fc: Sa\u011fl\u0131k Durumu \u0130yi<\/strong><\/p>\n\n\n\n<p>Arabesk m\u00fczi\u011fin efsanevi ismi Ferdi Tayfur, Antalya\u2019da tedavi g\u00f6rd\u00fc\u011f\u00fc hastanede ameliyat sonras\u0131 ilk kez g\u00f6r\u00fcnt\u00fclendi. Sanat\u00e7\u0131n\u0131n sa\u011fl\u0131k durumuna ili\u015fkin a\u00e7\u0131klamalarda bulunan doktoru Prof. Dr. Havva Asuman Yavuz, &#8220;Ferdi Tayfur&#8217;un sa\u011fl\u0131k durumu iyi&#8221; diyerek sevenlerini rahatlatt\u0131.<\/p>\n\n\n\n<p><strong>Ameliyat S\u00fcreci ve Sa\u011fl\u0131k Durumu<\/strong><br>Ge\u00e7ti\u011fimiz hafta Marmaris&#8217;teki evinde rahats\u0131zlanan Ferdi Tayfur, \u00e7al\u0131\u015fanlar\u0131 taraf\u0131ndan Mu\u011fla\u2019daki \u00f6zel bir hastaneye kald\u0131r\u0131ld\u0131. Nab\u0131z d\u00fc\u015f\u00fckl\u00fc\u011f\u00fc \u015fikayetiyle hastaneye ba\u015fvuran sanat\u00e7\u0131, durumunun ciddiyeti nedeniyle 2 g\u00fcn \u00f6nce ambulans u\u00e7akla Antalya\u2019daki \u00f6zel bir hastaneye sevk edildi ve burada ameliyata al\u0131nd\u0131.<\/p>\n\n\n\n<p>Ameliyat\u0131n ard\u0131ndan Ferdi Tayfur ile birlikte bas\u0131na a\u00e7\u0131klama yapan Prof. Dr. Havva Asuman Yavuz, s\u00fcrece dair \u00f6nemli detaylar payla\u015ft\u0131. Yavuz, \u201cGe\u00e7en hafta Ferdi Bey&#8217;in nabz\u0131nda ciddi bir d\u00fc\u015f\u00fckl\u00fck tespit edildi. Mu\u011fla\u2019daki hastanede kendisine m\u00fcdahale eden Ba\u015fhekim Sumur Bey ve Kardiyoloji Uzman\u0131 B\u00fclent Bey&#8217;e te\u015fekk\u00fcr ediyorum. Pazartesi g\u00fcn\u00fc e-Nab\u0131z sayesinde t\u00fcm tetkiklerini inceledik ve sin\u00fcslerde ho\u015fumuza gitmeyen bir g\u00f6r\u00fcnt\u00fc fark ettik. H\u0131zl\u0131 bir m\u00fcdahale gerekiyordu ve devletimizin deste\u011fiyle askeri u\u00e7akla Antalya\u2019ya getirildi. Burada Kulak Burun Bo\u011faz uzmanlar\u0131m\u0131z taraf\u0131ndan m\u00fcdahale edildi ve sorunu tamamen \u00e7\u00f6zd\u00fck&#8221; dedi.<\/p>\n\n\n\n<p><strong>&#8220;Beyinle \u0130lgili Hi\u00e7bir Sorun Yok&#8221;<\/strong><br>Sanat\u00e7\u0131n\u0131n durumunun iyi oldu\u011funu vurgulayan Yavuz, \u201cFerdi Bey\u2019in beyniyle ilgili herhangi bir s\u0131k\u0131nt\u0131 yok. \u015eu anda genel durumu gayet iyi. Allah daha da sa\u011fl\u0131k versin\u201d ifadelerini kulland\u0131.<\/p>\n\n\n\n<p>Ferdi Tayfur\u2019un sevenleri, sanat\u00e7\u0131n\u0131n iyile\u015fme s\u00fcrecindeki bu sevindirici haberi memnuniyetle kar\u015f\u0131lad\u0131. Tayfur\u2019un sa\u011fl\u0131k durumundaki geli\u015fmeler yak\u0131ndan takip ediliyor.<\/p>\n","protected":false},"excerpt":{"rendered":"<p>Ferdi Tayfur&#8217;dan Ameliyat Sonras\u0131 \u0130lk G\u00f6r\u00fcnt\u00fc: Sa\u011fl\u0131k Durumu \u0130yi Arabesk m\u00fczi\u011fin efsanevi ismi Ferdi Tayfur, Antalya\u2019da tedavi g\u00f6rd\u00fc\u011f\u00fc hastanede ameliyat sonras\u0131 ilk kez g\u00f6r\u00fcnt\u00fclendi. Sanat\u00e7\u0131n\u0131n sa\u011fl\u0131k durumuna ili\u015fkin a\u00e7\u0131klamalarda bulunan doktoru Prof. Dr. Havva Asuman Yavuz, &#8220;Ferdi Tayfur&#8217;un sa\u011fl\u0131k durumu iyi&#8221; diyerek sevenlerini rahatlatt\u0131. Ameliyat S\u00fcreci ve Sa\u011fl\u0131k DurumuGe\u00e7ti\u011fimiz hafta Marmaris&#8217;teki evinde rahats\u0131zlanan Ferdi Tayfur, [&hellip;]<\/p>\n","protected":false},"author":2,"featured_media":865,"comment_status":"open","ping_status":"open","sticky":false,"template":"","format":"standard","meta":{"footnotes":""},"categories":[20],"tags":[],"class_list":["post-864","post","type-post","status-publish","format-standard","has-post-thumbnail","hentry","category-magazin-turkiye"],"yoast_head":"<!-- This site is optimized with the Yoast SEO plugin v27.4 - https:\/\/yoast.com\/product\/yoast-seo-wordpress\/ -->\n<title>Ferdi Tayfur&#039;un ameliyat durumu ve sa\u011fl\u0131k s\u00fcreci - Avrupal\u0131 T\u00fcrklerin en Yeni Haber Portal\u0131<\/title>\n<meta name=\"robots\" content=\"index, follow, max-snippet:-1, max-image-preview:large, max-video-preview:-1\" \/>\n<link rel=\"canonical\" href=\"https:\/\/avrupatv.eu\/index.php\/2024\/12\/19\/ferdi-tayfurun-ameliyat-durumu-ve-saglik-sureci\/\" \/>\n<meta property=\"og:locale\" content=\"tr_TR\" \/>\n<meta property=\"og:type\" content=\"article\" \/>\n<meta property=\"og:title\" content=\"Ferdi Tayfur&#039;un ameliyat durumu ve sa\u011fl\u0131k s\u00fcreci - Avrupal\u0131 T\u00fcrklerin en Yeni Haber Portal\u0131\" \/>\n<meta property=\"og:description\" content=\"Ferdi Tayfur&#8217;dan Ameliyat Sonras\u0131 \u0130lk G\u00f6r\u00fcnt\u00fc: Sa\u011fl\u0131k Durumu \u0130yi Arabesk m\u00fczi\u011fin efsanevi ismi Ferdi Tayfur, Antalya\u2019da tedavi g\u00f6rd\u00fc\u011f\u00fc hastanede ameliyat sonras\u0131 ilk kez g\u00f6r\u00fcnt\u00fclendi. Sanat\u00e7\u0131n\u0131n sa\u011fl\u0131k durumuna ili\u015fkin a\u00e7\u0131klamalarda bulunan doktoru Prof. Dr. Havva Asuman Yavuz, &#8220;Ferdi Tayfur&#8217;un sa\u011fl\u0131k durumu iyi&#8221; diyerek sevenlerini rahatlatt\u0131. Ameliyat S\u00fcreci ve Sa\u011fl\u0131k DurumuGe\u00e7ti\u011fimiz hafta Marmaris&#8217;teki evinde rahats\u0131zlanan Ferdi Tayfur, [&hellip;]\" \/>\n<meta property=\"og:url\" content=\"https:\/\/avrupatv.eu\/index.php\/2024\/12\/19\/ferdi-tayfurun-ameliyat-durumu-ve-saglik-sureci\/\" \/>\n<meta property=\"og:site_name\" content=\"Avrupal\u0131 T\u00fcrklerin en Yeni Haber Portal\u0131\" \/>\n<meta property=\"article:published_time\" content=\"2024-12-19T16:39:16+00:00\" \/>\n<meta property=\"og:image\" content=\"https:\/\/avrupatv.eu\/wp-content\/uploads\/2024\/12\/ferdiyatfur.webp\" \/>\n\t<meta property=\"og:image:width\" content=\"952\" \/>\n\t<meta property=\"og:image:height\" content=\"540\" \/>\n\t<meta property=\"og:image:type\" content=\"image\/webp\" \/>\n<meta name=\"author\" content=\"Onur Akpinar\" \/>\n<meta name=\"twitter:card\" content=\"summary_large_image\" \/>\n<meta name=\"twitter:label1\" content=\"Yazan:\" \/>\n\t<meta name=\"twitter:data1\" content=\"Onur Akpinar\" \/>\n\t<meta name=\"twitter:label2\" content=\"Tahmini okuma s\u00fcresi\" \/>\n\t<meta name=\"twitter:data2\" content=\"2 dakika\" \/>\n<script type=\"application\/ld+json\" class=\"yoast-schema-graph\">{\"@context\":\"https:\\\/\\\/schema.org\",\"@graph\":[{\"@type\":\"Article\",\"@id\":\"https:\\\/\\\/avrupatv.eu\\\/index.php\\\/2024\\\/12\\\/19\\\/ferdi-tayfurun-ameliyat-durumu-ve-saglik-sureci\\\/#article\",\"isPartOf\":{\"@id\":\"https:\\\/\\\/avrupatv.eu\\\/index.php\\\/2024\\\/12\\\/19\\\/ferdi-tayfurun-ameliyat-durumu-ve-saglik-sureci\\\/\"},\"author\":{\"name\":\"Onur Akpinar\",\"@id\":\"https:\\\/\\\/avrupatv.eu\\\/#\\\/schema\\\/person\\\/d56afa5d5569da4029d483da36c0c17d\"},\"headline\":\"Ferdi Tayfur&#8217;un ameliyat durumu ve sa\u011fl\u0131k s\u00fcreci\",\"datePublished\":\"2024-12-19T16:39:16+00:00\",\"mainEntityOfPage\":{\"@id\":\"https:\\\/\\\/avrupatv.eu\\\/index.php\\\/2024\\\/12\\\/19\\\/ferdi-tayfurun-ameliyat-durumu-ve-saglik-sureci\\\/\"},\"wordCount\":329,\"commentCount\":0,\"publisher\":{\"@id\":\"https:\\\/\\\/avrupatv.eu\\\/#organization\"},\"image\":{\"@id\":\"https:\\\/\\\/avrupatv.eu\\\/index.php\\\/2024\\\/12\\\/19\\\/ferdi-tayfurun-ameliyat-durumu-ve-saglik-sureci\\\/#primaryimage\"},\"thumbnailUrl\":\"https:\\\/\\\/avrupatv.eu\\\/wp-content\\\/uploads\\\/2024\\\/12\\\/ferdiyatfur.webp\",\"articleSection\":[\"Magazin T\u00fcrkiye\"],\"inLanguage\":\"tr\",\"potentialAction\":[{\"@type\":\"CommentAction\",\"name\":\"Comment\",\"target\":[\"https:\\\/\\\/avrupatv.eu\\\/index.php\\\/2024\\\/12\\\/19\\\/ferdi-tayfurun-ameliyat-durumu-ve-saglik-sureci\\\/#respond\"]}]},{\"@type\":\"WebPage\",\"@id\":\"https:\\\/\\\/avrupatv.eu\\\/index.php\\\/2024\\\/12\\\/19\\\/ferdi-tayfurun-ameliyat-durumu-ve-saglik-sureci\\\/\",\"url\":\"https:\\\/\\\/avrupatv.eu\\\/index.php\\\/2024\\\/12\\\/19\\\/ferdi-tayfurun-ameliyat-durumu-ve-saglik-sureci\\\/\",\"name\":\"Ferdi Tayfur'un ameliyat durumu ve sa\u011fl\u0131k s\u00fcreci - Avrupal\u0131 T\u00fcrklerin en Yeni Haber Portal\u0131\",\"isPartOf\":{\"@id\":\"https:\\\/\\\/avrupatv.eu\\\/#website\"},\"primaryImageOfPage\":{\"@id\":\"https:\\\/\\\/avrupatv.eu\\\/index.php\\\/2024\\\/12\\\/19\\\/ferdi-tayfurun-ameliyat-durumu-ve-saglik-sureci\\\/#primaryimage\"},\"image\":{\"@id\":\"https:\\\/\\\/avrupatv.eu\\\/index.php\\\/2024\\\/12\\\/19\\\/ferdi-tayfurun-ameliyat-durumu-ve-saglik-sureci\\\/#primaryimage\"},\"thumbnailUrl\":\"https:\\\/\\\/avrupatv.eu\\\/wp-content\\\/uploads\\\/2024\\\/12\\\/ferdiyatfur.webp\",\"datePublished\":\"2024-12-19T16:39:16+00:00\",\"breadcrumb\":{\"@id\":\"https:\\\/\\\/avrupatv.eu\\\/index.php\\\/2024\\\/12\\\/19\\\/ferdi-tayfurun-ameliyat-durumu-ve-saglik-sureci\\\/#breadcrumb\"},\"inLanguage\":\"tr\",\"potentialAction\":[{\"@type\":\"ReadAction\",\"target\":[\"https:\\\/\\\/avrupatv.eu\\\/index.php\\\/2024\\\/12\\\/19\\\/ferdi-tayfurun-ameliyat-durumu-ve-saglik-sureci\\\/\"]}]},{\"@type\":\"ImageObject\",\"inLanguage\":\"tr\",\"@id\":\"https:\\\/\\\/avrupatv.eu\\\/index.php\\\/2024\\\/12\\\/19\\\/ferdi-tayfurun-ameliyat-durumu-ve-saglik-sureci\\\/#primaryimage\",\"url\":\"https:\\\/\\\/avrupatv.eu\\\/wp-content\\\/uploads\\\/2024\\\/12\\\/ferdiyatfur.webp\",\"contentUrl\":\"https:\\\/\\\/avrupatv.eu\\\/wp-content\\\/uploads\\\/2024\\\/12\\\/ferdiyatfur.webp\",\"width\":952,\"height\":540},{\"@type\":\"BreadcrumbList\",\"@id\":\"https:\\\/\\\/avrupatv.eu\\\/index.php\\\/2024\\\/12\\\/19\\\/ferdi-tayfurun-ameliyat-durumu-ve-saglik-sureci\\\/#breadcrumb\",\"itemListElement\":[{\"@type\":\"ListItem\",\"position\":1,\"name\":\"Anasayfa\",\"item\":\"https:\\\/\\\/avrupatv.eu\\\/\"},{\"@type\":\"ListItem\",\"position\":2,\"name\":\"Ferdi Tayfur&#8217;un ameliyat durumu ve sa\u011fl\u0131k s\u00fcreci\"}]},{\"@type\":\"WebSite\",\"@id\":\"https:\\\/\\\/avrupatv.eu\\\/#website\",\"url\":\"https:\\\/\\\/avrupatv.eu\\\/\",\"name\":\"Avrupal\u0131 T\u00fcrklerin en Yeni Haber Portal\u0131\",\"description\":\"\",\"publisher\":{\"@id\":\"https:\\\/\\\/avrupatv.eu\\\/#organization\"},\"alternateName\":\"Avrupa tv\",\"potentialAction\":[{\"@type\":\"SearchAction\",\"target\":{\"@type\":\"EntryPoint\",\"urlTemplate\":\"https:\\\/\\\/avrupatv.eu\\\/?s={search_term_string}\"},\"query-input\":{\"@type\":\"PropertyValueSpecification\",\"valueRequired\":true,\"valueName\":\"search_term_string\"}}],\"inLanguage\":\"tr\"},{\"@type\":\"Organization\",\"@id\":\"https:\\\/\\\/avrupatv.eu\\\/#organization\",\"name\":\"Avrupa Haber\",\"url\":\"https:\\\/\\\/avrupatv.eu\\\/\",\"logo\":{\"@type\":\"ImageObject\",\"inLanguage\":\"tr\",\"@id\":\"https:\\\/\\\/avrupatv.eu\\\/#\\\/schema\\\/logo\\\/image\\\/\",\"url\":\"https:\\\/\\\/avrupatv.eu\\\/wp-content\\\/uploads\\\/2023\\\/10\\\/cropped-thumbnail_logo.png\",\"contentUrl\":\"https:\\\/\\\/avrupatv.eu\\\/wp-content\\\/uploads\\\/2023\\\/10\\\/cropped-thumbnail_logo.png\",\"width\":1025,\"height\":302,\"caption\":\"Avrupa Haber\"},\"image\":{\"@id\":\"https:\\\/\\\/avrupatv.eu\\\/#\\\/schema\\\/logo\\\/image\\\/\"}},{\"@type\":\"Person\",\"@id\":\"https:\\\/\\\/avrupatv.eu\\\/#\\\/schema\\\/person\\\/d56afa5d5569da4029d483da36c0c17d\",\"name\":\"Onur Akpinar\",\"image\":{\"@type\":\"ImageObject\",\"inLanguage\":\"tr\",\"@id\":\"https:\\\/\\\/secure.gravatar.com\\\/avatar\\\/67a1a0bdf34f82da209334e4684b7e7171a58a5a2b0a8f836b61044f5c1f5d6a?s=96&d=mm&r=g\",\"url\":\"https:\\\/\\\/secure.gravatar.com\\\/avatar\\\/67a1a0bdf34f82da209334e4684b7e7171a58a5a2b0a8f836b61044f5c1f5d6a?s=96&d=mm&r=g\",\"contentUrl\":\"https:\\\/\\\/secure.gravatar.com\\\/avatar\\\/67a1a0bdf34f82da209334e4684b7e7171a58a5a2b0a8f836b61044f5c1f5d6a?s=96&d=mm&r=g\",\"caption\":\"Onur Akpinar\"},\"url\":\"https:\\\/\\\/avrupatv.eu\\\/index.php\\\/author\\\/onur-akpinar\\\/\"}]}<\/script>\n<!-- \/ Yoast SEO plugin. -->","yoast_head_json":{"title":"Ferdi Tayfur'un ameliyat durumu ve sa\u011fl\u0131k s\u00fcreci - Avrupal\u0131 T\u00fcrklerin en Yeni Haber Portal\u0131","robots":{"index":"index","follow":"follow","max-snippet":"max-snippet:-1","max-image-preview":"max-image-preview:large","max-video-preview":"max-video-preview:-1"},"canonical":"https:\/\/avrupatv.eu\/index.php\/2024\/12\/19\/ferdi-tayfurun-ameliyat-durumu-ve-saglik-sureci\/","og_locale":"tr_TR","og_type":"article","og_title":"Ferdi Tayfur'un ameliyat durumu ve sa\u011fl\u0131k s\u00fcreci - Avrupal\u0131 T\u00fcrklerin en Yeni Haber Portal\u0131","og_description":"Ferdi Tayfur&#8217;dan Ameliyat Sonras\u0131 \u0130lk G\u00f6r\u00fcnt\u00fc: Sa\u011fl\u0131k Durumu \u0130yi Arabesk m\u00fczi\u011fin efsanevi ismi Ferdi Tayfur, Antalya\u2019da tedavi g\u00f6rd\u00fc\u011f\u00fc hastanede ameliyat sonras\u0131 ilk kez g\u00f6r\u00fcnt\u00fclendi. Sanat\u00e7\u0131n\u0131n sa\u011fl\u0131k durumuna ili\u015fkin a\u00e7\u0131klamalarda bulunan doktoru Prof. Dr. Havva Asuman Yavuz, &#8220;Ferdi Tayfur&#8217;un sa\u011fl\u0131k durumu iyi&#8221; diyerek sevenlerini rahatlatt\u0131. Ameliyat S\u00fcreci ve Sa\u011fl\u0131k DurumuGe\u00e7ti\u011fimiz hafta Marmaris&#8217;teki evinde rahats\u0131zlanan Ferdi Tayfur, [&hellip;]","og_url":"https:\/\/avrupatv.eu\/index.php\/2024\/12\/19\/ferdi-tayfurun-ameliyat-durumu-ve-saglik-sureci\/","og_site_name":"Avrupal\u0131 T\u00fcrklerin en Yeni Haber Portal\u0131","article_published_time":"2024-12-19T16:39:16+00:00","og_image":[{"width":952,"height":540,"url":"https:\/\/avrupatv.eu\/wp-content\/uploads\/2024\/12\/ferdiyatfur.webp","type":"image\/webp"}],"author":"Onur Akpinar","twitter_card":"summary_large_image","twitter_misc":{"Yazan:":"Onur Akpinar","Tahmini okuma s\u00fcresi":"2 dakika"},"schema":{"@context":"https:\/\/schema.org","@graph":[{"@type":"Article","@id":"https:\/\/avrupatv.eu\/index.php\/2024\/12\/19\/ferdi-tayfurun-ameliyat-durumu-ve-saglik-sureci\/#article","isPartOf":{"@id":"https:\/\/avrupatv.eu\/index.php\/2024\/12\/19\/ferdi-tayfurun-ameliyat-durumu-ve-saglik-sureci\/"},"author":{"name":"Onur Akpinar","@id":"https:\/\/avrupatv.eu\/#\/schema\/person\/d56afa5d5569da4029d483da36c0c17d"},"headline":"Ferdi Tayfur&#8217;un ameliyat durumu ve sa\u011fl\u0131k s\u00fcreci","datePublished":"2024-12-19T16:39:16+00:00","mainEntityOfPage":{"@id":"https:\/\/avrupatv.eu\/index.php\/2024\/12\/19\/ferdi-tayfurun-ameliyat-durumu-ve-saglik-sureci\/"},"wordCount":329,"commentCount":0,"publisher":{"@id":"https:\/\/avrupatv.eu\/#organization"},"image":{"@id":"https:\/\/avrupatv.eu\/index.php\/2024\/12\/19\/ferdi-tayfurun-ameliyat-durumu-ve-saglik-sureci\/#primaryimage"},"thumbnailUrl":"https:\/\/avrupatv.eu\/wp-content\/uploads\/2024\/12\/ferdiyatfur.webp","articleSection":["Magazin T\u00fcrkiye"],"inLanguage":"tr","potentialAction":[{"@type":"CommentAction","name":"Comment","target":["https:\/\/avrupatv.eu\/index.php\/2024\/12\/19\/ferdi-tayfurun-ameliyat-durumu-ve-saglik-sureci\/#respond"]}]},{"@type":"WebPage","@id":"https:\/\/avrupatv.eu\/index.php\/2024\/12\/19\/ferdi-tayfurun-ameliyat-durumu-ve-saglik-sureci\/","url":"https:\/\/avrupatv.eu\/index.php\/2024\/12\/19\/ferdi-tayfurun-ameliyat-durumu-ve-saglik-sureci\/","name":"Ferdi Tayfur'un ameliyat durumu ve sa\u011fl\u0131k s\u00fcreci - Avrupal\u0131 T\u00fcrklerin en Yeni Haber Portal\u0131","isPartOf":{"@id":"https:\/\/avrupatv.eu\/#website"},"primaryImageOfPage":{"@id":"https:\/\/avrupatv.eu\/index.php\/2024\/12\/19\/ferdi-tayfurun-ameliyat-durumu-ve-saglik-sureci\/#primaryimage"},"image":{"@id":"https:\/\/avrupatv.eu\/index.php\/2024\/12\/19\/ferdi-tayfurun-ameliyat-durumu-ve-saglik-sureci\/#primaryimage"},"thumbnailUrl":"https:\/\/avrupatv.eu\/wp-content\/uploads\/2024\/12\/ferdiyatfur.webp","datePublished":"2024-12-19T16:39:16+00:00","breadcrumb":{"@id":"https:\/\/avrupatv.eu\/index.php\/2024\/12\/19\/ferdi-tayfurun-ameliyat-durumu-ve-saglik-sureci\/#breadcrumb"},"inLanguage":"tr","potentialAction":[{"@type":"ReadAction","target":["https:\/\/avrupatv.eu\/index.php\/2024\/12\/19\/ferdi-tayfurun-ameliyat-durumu-ve-saglik-sureci\/"]}]},{"@type":"ImageObject","inLanguage":"tr","@id":"https:\/\/avrupatv.eu\/index.php\/2024\/12\/19\/ferdi-tayfurun-ameliyat-durumu-ve-saglik-sureci\/#primaryimage","url":"https:\/\/avrupatv.eu\/wp-content\/uploads\/2024\/12\/ferdiyatfur.webp","contentUrl":"https:\/\/avrupatv.eu\/wp-content\/uploads\/2024\/12\/ferdiyatfur.webp","width":952,"height":540},{"@type":"BreadcrumbList","@id":"https:\/\/avrupatv.eu\/index.php\/2024\/12\/19\/ferdi-tayfurun-ameliyat-durumu-ve-saglik-sureci\/#breadcrumb","itemListElement":[{"@type":"ListItem","position":1,"name":"Anasayfa","item":"https:\/\/avrupatv.eu\/"},{"@type":"ListItem","position":2,"name":"Ferdi Tayfur&#8217;un ameliyat durumu ve sa\u011fl\u0131k s\u00fcreci"}]},{"@type":"WebSite","@id":"https:\/\/avrupatv.eu\/#website","url":"https:\/\/avrupatv.eu\/","name":"Avrupal\u0131 T\u00fcrklerin en Yeni Haber Portal\u0131","description":"","publisher":{"@id":"https:\/\/avrupatv.eu\/#organization"},"alternateName":"Avrupa tv","potentialAction":[{"@type":"SearchAction","target":{"@type":"EntryPoint","urlTemplate":"https:\/\/avrupatv.eu\/?s={search_term_string}"},"query-input":{"@type":"PropertyValueSpecification","valueRequired":true,"valueName":"search_term_string"}}],"inLanguage":"tr"},{"@type":"Organization","@id":"https:\/\/avrupatv.eu\/#organization","name":"Avrupa Haber","url":"https:\/\/avrupatv.eu\/","logo":{"@type":"ImageObject","inLanguage":"tr","@id":"https:\/\/avrupatv.eu\/#\/schema\/logo\/image\/","url":"https:\/\/avrupatv.eu\/wp-content\/uploads\/2023\/10\/cropped-thumbnail_logo.png","contentUrl":"https:\/\/avrupatv.eu\/wp-content\/uploads\/2023\/10\/cropped-thumbnail_logo.png","width":1025,"height":302,"caption":"Avrupa Haber"},"image":{"@id":"https:\/\/avrupatv.eu\/#\/schema\/logo\/image\/"}},{"@type":"Person","@id":"https:\/\/avrupatv.eu\/#\/schema\/person\/d56afa5d5569da4029d483da36c0c17d","name":"Onur Akpinar","image":{"@type":"ImageObject","inLanguage":"tr","@id":"https:\/\/secure.gravatar.com\/avatar\/67a1a0bdf34f82da209334e4684b7e7171a58a5a2b0a8f836b61044f5c1f5d6a?s=96&d=mm&r=g","url":"https:\/\/secure.gravatar.com\/avatar\/67a1a0bdf34f82da209334e4684b7e7171a58a5a2b0a8f836b61044f5c1f5d6a?s=96&d=mm&r=g","contentUrl":"https:\/\/secure.gravatar.com\/avatar\/67a1a0bdf34f82da209334e4684b7e7171a58a5a2b0a8f836b61044f5c1f5d6a?s=96&d=mm&r=g","caption":"Onur Akpinar"},"url":"https:\/\/avrupatv.eu\/index.php\/author\/onur-akpinar\/"}]}},"_links":{"self":[{"href":"https:\/\/avrupatv.eu\/index.php\/wp-json\/wp\/v2\/posts\/864","targetHints":{"allow":["GET"]}}],"collection":[{"href":"https:\/\/avrupatv.eu\/index.php\/wp-json\/wp\/v2\/posts"}],"about":[{"href":"https:\/\/avrupatv.eu\/index.php\/wp-json\/wp\/v2\/types\/post"}],"author":[{"embeddable":true,"href":"https:\/\/avrupatv.eu\/index.php\/wp-json\/wp\/v2\/users\/2"}],"replies":[{"embeddable":true,"href":"https:\/\/avrupatv.eu\/index.php\/wp-json\/wp\/v2\/comments?post=864"}],"version-history":[{"count":1,"href":"https:\/\/avrupatv.eu\/index.php\/wp-json\/wp\/v2\/posts\/864\/revisions"}],"predecessor-version":[{"id":866,"href":"https:\/\/avrupatv.eu\/index.php\/wp-json\/wp\/v2\/posts\/864\/revisions\/866"}],"wp:featuredmedia":[{"embeddable":true,"href":"https:\/\/avrupatv.eu\/index.php\/wp-json\/wp\/v2\/media\/865"}],"wp:attachment":[{"href":"https:\/\/avrupatv.eu\/index.php\/wp-json\/wp\/v2\/media?parent=864"}],"wp:term":[{"taxonomy":"category","embeddable":true,"href":"https:\/\/avrupatv.eu\/index.php\/wp-json\/wp\/v2\/categories?post=864"},{"taxonomy":"post_tag","embeddable":true,"href":"https:\/\/avrupatv.eu\/index.php\/wp-json\/wp\/v2\/tags?post=864"}],"curies":[{"name":"wp","href":"https:\/\/api.w.org\/{rel}","templated":true}]}}