{"id":858,"date":"2024-12-19T15:42:04","date_gmt":"2024-12-19T15:42:04","guid":{"rendered":"https:\/\/avrupatv.eu\/?p=858"},"modified":"2024-12-19T15:42:04","modified_gmt":"2024-12-19T15:42:04","slug":"engin-ve-dilan-polat-cifti-icin-yargilama-sureci-devam-ediyor-ara-karar-aciklandi","status":"publish","type":"post","link":"https:\/\/avrupatv.eu\/index.php\/2024\/12\/19\/engin-ve-dilan-polat-cifti-icin-yargilama-sureci-devam-ediyor-ara-karar-aciklandi\/","title":{"rendered":"ENG\u0130N VE D\u0130LAN POLAT \u00c7\u0130FT\u0130 \u0130\u00c7\u0130N YARGILAMA S\u00dcREC\u0130 DEVAM ED\u0130YOR: ARA KARAR A\u00c7IKLANDI"},"content":{"rendered":"\n<p>Kara para aklama ve vergi ka\u00e7\u0131rma su\u00e7lamalar\u0131yla 40 y\u0131la kadar hapis cezas\u0131 istemiyle yarg\u0131lanan Engin ve Dilan Polat \u00e7ifti, bug\u00fcn ikinci kez hakim kar\u015f\u0131s\u0131na \u00e7\u0131kt\u0131. Polatlar\u2019\u0131n da aralar\u0131nda bulundu\u011fu 28 san\u0131\u011f\u0131n yarg\u0131land\u0131\u011f\u0131 davada mahkeme, tedbirler ve el koyma kararlar\u0131n\u0131n kald\u0131r\u0131lmas\u0131 taleplerini reddetti. Duru\u015fma 8 Nisan 2025 tarihine ertelendi.<\/p>\n\n\n\n<p><strong>D\u0130LAN POLAT: &#8220;KUMPAS OLDU\u011eUNU D\u00dc\u015e\u00dcN\u00dcYORUM&#8221;<\/strong><br>Tutuklu yarg\u0131land\u0131\u011f\u0131 9,5 ayl\u0131k cezaevi s\u00fcrecini 19 A\u011fustos\u2019ta tamamlayan Dilan Polat, tan\u0131klar\u0131 tan\u0131mad\u0131\u011f\u0131n\u0131 ve hakk\u0131ndaki su\u00e7lamalar\u0131n iftira oldu\u011funu ifade etti. Polat, savunmas\u0131nda \u015fu ifadeleri kulland\u0131:<br><strong>&#8220;Tamamen iftira at\u0131yorlar. Bu bir kumpas. \u015eerefim, namusum ve \u00e7ocuklar\u0131m \u00fczerine yemin ediyorum ki hayat\u0131m boyunca bu insanlar\u0131 bir kez bile g\u00f6rmedim. \u015eubelerimden ekmek yiyen insanlar var.&#8221;<\/strong><br>Mahkemeden, hakk\u0131nda uygulanan tedbir kararlar\u0131n\u0131n kald\u0131r\u0131lmas\u0131n\u0131 talep eden Polat\u2019\u0131n bu iste\u011fi reddedildi.<\/p>\n\n\n\n<p><strong>E\u015e\u0130 ENG\u0130N POLAT DA TAHL\u0130YE OLMU\u015eTU<\/strong><br>Dilan Polat\u2019\u0131n ard\u0131ndan e\u015fi Engin Polat, 4 Eyl\u00fcl 2024\u2019te \u00e7\u0131kan ara kararla tahliye edilmi\u015fti. Ancak dava kapsam\u0131nda \u00e7ift hakk\u0131ndaki su\u00e7lamalar ve mal varl\u0131klar\u0131na y\u00f6nelik tedbirler devam ediyor.<\/p>\n\n\n\n<p><strong>ARA KARAR: TALEPLER REDDED\u0130LD\u0130<\/strong><br>Kartal\u2019daki Anadolu Adliyesi 2. Asliye Ceza Mahkemesi\u2019nde g\u00f6r\u00fclen davada, 28 san\u0131\u011f\u0131n tamam\u0131 yarg\u0131lanmaya devam ediyor. Bug\u00fcn a\u00e7\u0131klanan ara kararda, tedbirlerin ve el koyma kararlar\u0131n\u0131n kald\u0131r\u0131lmas\u0131 y\u00f6n\u00fcndeki talepler mahkemece reddedildi.<br>Bir sonraki duru\u015fma <strong>8 Nisan 2025 saat 10.00\u2019da<\/strong> yap\u0131lacak.<\/p>\n","protected":false},"excerpt":{"rendered":"<p>Kara para aklama ve vergi ka\u00e7\u0131rma su\u00e7lamalar\u0131yla 40 y\u0131la kadar hapis cezas\u0131 istemiyle yarg\u0131lanan Engin ve Dilan Polat \u00e7ifti, bug\u00fcn ikinci kez hakim kar\u015f\u0131s\u0131na \u00e7\u0131kt\u0131. Polatlar\u2019\u0131n da aralar\u0131nda bulundu\u011fu 28 san\u0131\u011f\u0131n yarg\u0131land\u0131\u011f\u0131 davada mahkeme, tedbirler ve el koyma kararlar\u0131n\u0131n kald\u0131r\u0131lmas\u0131 taleplerini reddetti. Duru\u015fma 8 Nisan 2025 tarihine ertelendi. D\u0130LAN POLAT: &#8220;KUMPAS OLDU\u011eUNU D\u00dc\u015e\u00dcN\u00dcYORUM&#8221;Tutuklu yarg\u0131land\u0131\u011f\u0131 9,5 [&hellip;]<\/p>\n","protected":false},"author":2,"featured_media":859,"comment_status":"open","ping_status":"open","sticky":false,"template":"","format":"standard","meta":{"footnotes":""},"categories":[20],"tags":[],"class_list":["post-858","post","type-post","status-publish","format-standard","has-post-thumbnail","hentry","category-magazin-turkiye"],"yoast_head":"<!-- This site is optimized with the Yoast SEO plugin v27.4 - https:\/\/yoast.com\/product\/yoast-seo-wordpress\/ -->\n<title>ENG\u0130N VE D\u0130LAN POLAT \u00c7\u0130FT\u0130 \u0130\u00c7\u0130N YARGILAMA S\u00dcREC\u0130 DEVAM ED\u0130YOR: ARA KARAR A\u00c7IKLANDI - Avrupal\u0131 T\u00fcrklerin en Yeni Haber Portal\u0131<\/title>\n<meta name=\"robots\" content=\"index, follow, max-snippet:-1, max-image-preview:large, max-video-preview:-1\" \/>\n<link rel=\"canonical\" href=\"https:\/\/avrupatv.eu\/index.php\/2024\/12\/19\/engin-ve-dilan-polat-cifti-icin-yargilama-sureci-devam-ediyor-ara-karar-aciklandi\/\" \/>\n<meta property=\"og:locale\" content=\"tr_TR\" \/>\n<meta property=\"og:type\" content=\"article\" \/>\n<meta property=\"og:title\" content=\"ENG\u0130N VE D\u0130LAN POLAT \u00c7\u0130FT\u0130 \u0130\u00c7\u0130N YARGILAMA S\u00dcREC\u0130 DEVAM ED\u0130YOR: ARA KARAR A\u00c7IKLANDI - Avrupal\u0131 T\u00fcrklerin en Yeni Haber Portal\u0131\" \/>\n<meta property=\"og:description\" content=\"Kara para aklama ve vergi ka\u00e7\u0131rma su\u00e7lamalar\u0131yla 40 y\u0131la kadar hapis cezas\u0131 istemiyle yarg\u0131lanan Engin ve Dilan Polat \u00e7ifti, bug\u00fcn ikinci kez hakim kar\u015f\u0131s\u0131na \u00e7\u0131kt\u0131. Polatlar\u2019\u0131n da aralar\u0131nda bulundu\u011fu 28 san\u0131\u011f\u0131n yarg\u0131land\u0131\u011f\u0131 davada mahkeme, tedbirler ve el koyma kararlar\u0131n\u0131n kald\u0131r\u0131lmas\u0131 taleplerini reddetti. Duru\u015fma 8 Nisan 2025 tarihine ertelendi. D\u0130LAN POLAT: &#8220;KUMPAS OLDU\u011eUNU D\u00dc\u015e\u00dcN\u00dcYORUM&#8221;Tutuklu yarg\u0131land\u0131\u011f\u0131 9,5 [&hellip;]\" \/>\n<meta property=\"og:url\" content=\"https:\/\/avrupatv.eu\/index.php\/2024\/12\/19\/engin-ve-dilan-polat-cifti-icin-yargilama-sureci-devam-ediyor-ara-karar-aciklandi\/\" \/>\n<meta property=\"og:site_name\" content=\"Avrupal\u0131 T\u00fcrklerin en Yeni Haber Portal\u0131\" \/>\n<meta property=\"article:published_time\" content=\"2024-12-19T15:42:04+00:00\" \/>\n<meta property=\"og:image\" content=\"https:\/\/avrupatv.eu\/wp-content\/uploads\/2024\/12\/1200x675_cmsv2_ae55d21b-7c18-595c-a580-4cbedc37fa9a-8708532.webp\" \/>\n\t<meta property=\"og:image:width\" content=\"1200\" \/>\n\t<meta property=\"og:image:height\" content=\"675\" \/>\n\t<meta property=\"og:image:type\" content=\"image\/webp\" \/>\n<meta name=\"author\" content=\"Onur Akpinar\" \/>\n<meta name=\"twitter:card\" content=\"summary_large_image\" \/>\n<meta name=\"twitter:label1\" content=\"Yazan:\" \/>\n\t<meta name=\"twitter:data1\" content=\"Onur Akpinar\" \/>\n\t<meta name=\"twitter:label2\" content=\"Tahmini okuma s\u00fcresi\" \/>\n\t<meta name=\"twitter:data2\" content=\"2 dakika\" \/>\n<script type=\"application\/ld+json\" class=\"yoast-schema-graph\">{\"@context\":\"https:\\\/\\\/schema.org\",\"@graph\":[{\"@type\":\"Article\",\"@id\":\"https:\\\/\\\/avrupatv.eu\\\/index.php\\\/2024\\\/12\\\/19\\\/engin-ve-dilan-polat-cifti-icin-yargilama-sureci-devam-ediyor-ara-karar-aciklandi\\\/#article\",\"isPartOf\":{\"@id\":\"https:\\\/\\\/avrupatv.eu\\\/index.php\\\/2024\\\/12\\\/19\\\/engin-ve-dilan-polat-cifti-icin-yargilama-sureci-devam-ediyor-ara-karar-aciklandi\\\/\"},\"author\":{\"name\":\"Onur Akpinar\",\"@id\":\"https:\\\/\\\/avrupatv.eu\\\/#\\\/schema\\\/person\\\/d56afa5d5569da4029d483da36c0c17d\"},\"headline\":\"ENG\u0130N VE D\u0130LAN POLAT \u00c7\u0130FT\u0130 \u0130\u00c7\u0130N YARGILAMA S\u00dcREC\u0130 DEVAM ED\u0130YOR: ARA KARAR A\u00c7IKLANDI\",\"datePublished\":\"2024-12-19T15:42:04+00:00\",\"mainEntityOfPage\":{\"@id\":\"https:\\\/\\\/avrupatv.eu\\\/index.php\\\/2024\\\/12\\\/19\\\/engin-ve-dilan-polat-cifti-icin-yargilama-sureci-devam-ediyor-ara-karar-aciklandi\\\/\"},\"wordCount\":277,\"commentCount\":0,\"publisher\":{\"@id\":\"https:\\\/\\\/avrupatv.eu\\\/#organization\"},\"image\":{\"@id\":\"https:\\\/\\\/avrupatv.eu\\\/index.php\\\/2024\\\/12\\\/19\\\/engin-ve-dilan-polat-cifti-icin-yargilama-sureci-devam-ediyor-ara-karar-aciklandi\\\/#primaryimage\"},\"thumbnailUrl\":\"https:\\\/\\\/avrupatv.eu\\\/wp-content\\\/uploads\\\/2024\\\/12\\\/1200x675_cmsv2_ae55d21b-7c18-595c-a580-4cbedc37fa9a-8708532.webp\",\"articleSection\":[\"Magazin T\u00fcrkiye\"],\"inLanguage\":\"tr\",\"potentialAction\":[{\"@type\":\"CommentAction\",\"name\":\"Comment\",\"target\":[\"https:\\\/\\\/avrupatv.eu\\\/index.php\\\/2024\\\/12\\\/19\\\/engin-ve-dilan-polat-cifti-icin-yargilama-sureci-devam-ediyor-ara-karar-aciklandi\\\/#respond\"]}]},{\"@type\":\"WebPage\",\"@id\":\"https:\\\/\\\/avrupatv.eu\\\/index.php\\\/2024\\\/12\\\/19\\\/engin-ve-dilan-polat-cifti-icin-yargilama-sureci-devam-ediyor-ara-karar-aciklandi\\\/\",\"url\":\"https:\\\/\\\/avrupatv.eu\\\/index.php\\\/2024\\\/12\\\/19\\\/engin-ve-dilan-polat-cifti-icin-yargilama-sureci-devam-ediyor-ara-karar-aciklandi\\\/\",\"name\":\"ENG\u0130N VE D\u0130LAN POLAT \u00c7\u0130FT\u0130 \u0130\u00c7\u0130N YARGILAMA S\u00dcREC\u0130 DEVAM ED\u0130YOR: ARA KARAR A\u00c7IKLANDI - Avrupal\u0131 T\u00fcrklerin en Yeni Haber Portal\u0131\",\"isPartOf\":{\"@id\":\"https:\\\/\\\/avrupatv.eu\\\/#website\"},\"primaryImageOfPage\":{\"@id\":\"https:\\\/\\\/avrupatv.eu\\\/index.php\\\/2024\\\/12\\\/19\\\/engin-ve-dilan-polat-cifti-icin-yargilama-sureci-devam-ediyor-ara-karar-aciklandi\\\/#primaryimage\"},\"image\":{\"@id\":\"https:\\\/\\\/avrupatv.eu\\\/index.php\\\/2024\\\/12\\\/19\\\/engin-ve-dilan-polat-cifti-icin-yargilama-sureci-devam-ediyor-ara-karar-aciklandi\\\/#primaryimage\"},\"thumbnailUrl\":\"https:\\\/\\\/avrupatv.eu\\\/wp-content\\\/uploads\\\/2024\\\/12\\\/1200x675_cmsv2_ae55d21b-7c18-595c-a580-4cbedc37fa9a-8708532.webp\",\"datePublished\":\"2024-12-19T15:42:04+00:00\",\"breadcrumb\":{\"@id\":\"https:\\\/\\\/avrupatv.eu\\\/index.php\\\/2024\\\/12\\\/19\\\/engin-ve-dilan-polat-cifti-icin-yargilama-sureci-devam-ediyor-ara-karar-aciklandi\\\/#breadcrumb\"},\"inLanguage\":\"tr\",\"potentialAction\":[{\"@type\":\"ReadAction\",\"target\":[\"https:\\\/\\\/avrupatv.eu\\\/index.php\\\/2024\\\/12\\\/19\\\/engin-ve-dilan-polat-cifti-icin-yargilama-sureci-devam-ediyor-ara-karar-aciklandi\\\/\"]}]},{\"@type\":\"ImageObject\",\"inLanguage\":\"tr\",\"@id\":\"https:\\\/\\\/avrupatv.eu\\\/index.php\\\/2024\\\/12\\\/19\\\/engin-ve-dilan-polat-cifti-icin-yargilama-sureci-devam-ediyor-ara-karar-aciklandi\\\/#primaryimage\",\"url\":\"https:\\\/\\\/avrupatv.eu\\\/wp-content\\\/uploads\\\/2024\\\/12\\\/1200x675_cmsv2_ae55d21b-7c18-595c-a580-4cbedc37fa9a-8708532.webp\",\"contentUrl\":\"https:\\\/\\\/avrupatv.eu\\\/wp-content\\\/uploads\\\/2024\\\/12\\\/1200x675_cmsv2_ae55d21b-7c18-595c-a580-4cbedc37fa9a-8708532.webp\",\"width\":1200,\"height\":675},{\"@type\":\"BreadcrumbList\",\"@id\":\"https:\\\/\\\/avrupatv.eu\\\/index.php\\\/2024\\\/12\\\/19\\\/engin-ve-dilan-polat-cifti-icin-yargilama-sureci-devam-ediyor-ara-karar-aciklandi\\\/#breadcrumb\",\"itemListElement\":[{\"@type\":\"ListItem\",\"position\":1,\"name\":\"Anasayfa\",\"item\":\"https:\\\/\\\/avrupatv.eu\\\/\"},{\"@type\":\"ListItem\",\"position\":2,\"name\":\"ENG\u0130N VE D\u0130LAN POLAT \u00c7\u0130FT\u0130 \u0130\u00c7\u0130N YARGILAMA S\u00dcREC\u0130 DEVAM ED\u0130YOR: ARA KARAR A\u00c7IKLANDI\"}]},{\"@type\":\"WebSite\",\"@id\":\"https:\\\/\\\/avrupatv.eu\\\/#website\",\"url\":\"https:\\\/\\\/avrupatv.eu\\\/\",\"name\":\"Avrupal\u0131 T\u00fcrklerin en Yeni Haber Portal\u0131\",\"description\":\"\",\"publisher\":{\"@id\":\"https:\\\/\\\/avrupatv.eu\\\/#organization\"},\"alternateName\":\"Avrupa tv\",\"potentialAction\":[{\"@type\":\"SearchAction\",\"target\":{\"@type\":\"EntryPoint\",\"urlTemplate\":\"https:\\\/\\\/avrupatv.eu\\\/?s={search_term_string}\"},\"query-input\":{\"@type\":\"PropertyValueSpecification\",\"valueRequired\":true,\"valueName\":\"search_term_string\"}}],\"inLanguage\":\"tr\"},{\"@type\":\"Organization\",\"@id\":\"https:\\\/\\\/avrupatv.eu\\\/#organization\",\"name\":\"Avrupa Haber\",\"url\":\"https:\\\/\\\/avrupatv.eu\\\/\",\"logo\":{\"@type\":\"ImageObject\",\"inLanguage\":\"tr\",\"@id\":\"https:\\\/\\\/avrupatv.eu\\\/#\\\/schema\\\/logo\\\/image\\\/\",\"url\":\"https:\\\/\\\/avrupatv.eu\\\/wp-content\\\/uploads\\\/2023\\\/10\\\/cropped-thumbnail_logo.png\",\"contentUrl\":\"https:\\\/\\\/avrupatv.eu\\\/wp-content\\\/uploads\\\/2023\\\/10\\\/cropped-thumbnail_logo.png\",\"width\":1025,\"height\":302,\"caption\":\"Avrupa Haber\"},\"image\":{\"@id\":\"https:\\\/\\\/avrupatv.eu\\\/#\\\/schema\\\/logo\\\/image\\\/\"}},{\"@type\":\"Person\",\"@id\":\"https:\\\/\\\/avrupatv.eu\\\/#\\\/schema\\\/person\\\/d56afa5d5569da4029d483da36c0c17d\",\"name\":\"Onur Akpinar\",\"image\":{\"@type\":\"ImageObject\",\"inLanguage\":\"tr\",\"@id\":\"https:\\\/\\\/secure.gravatar.com\\\/avatar\\\/67a1a0bdf34f82da209334e4684b7e7171a58a5a2b0a8f836b61044f5c1f5d6a?s=96&d=mm&r=g\",\"url\":\"https:\\\/\\\/secure.gravatar.com\\\/avatar\\\/67a1a0bdf34f82da209334e4684b7e7171a58a5a2b0a8f836b61044f5c1f5d6a?s=96&d=mm&r=g\",\"contentUrl\":\"https:\\\/\\\/secure.gravatar.com\\\/avatar\\\/67a1a0bdf34f82da209334e4684b7e7171a58a5a2b0a8f836b61044f5c1f5d6a?s=96&d=mm&r=g\",\"caption\":\"Onur Akpinar\"},\"url\":\"https:\\\/\\\/avrupatv.eu\\\/index.php\\\/author\\\/onur-akpinar\\\/\"}]}<\/script>\n<!-- \/ Yoast SEO plugin. -->","yoast_head_json":{"title":"ENG\u0130N VE D\u0130LAN POLAT \u00c7\u0130FT\u0130 \u0130\u00c7\u0130N YARGILAMA S\u00dcREC\u0130 DEVAM ED\u0130YOR: ARA KARAR A\u00c7IKLANDI - Avrupal\u0131 T\u00fcrklerin en Yeni Haber Portal\u0131","robots":{"index":"index","follow":"follow","max-snippet":"max-snippet:-1","max-image-preview":"max-image-preview:large","max-video-preview":"max-video-preview:-1"},"canonical":"https:\/\/avrupatv.eu\/index.php\/2024\/12\/19\/engin-ve-dilan-polat-cifti-icin-yargilama-sureci-devam-ediyor-ara-karar-aciklandi\/","og_locale":"tr_TR","og_type":"article","og_title":"ENG\u0130N VE D\u0130LAN POLAT \u00c7\u0130FT\u0130 \u0130\u00c7\u0130N YARGILAMA S\u00dcREC\u0130 DEVAM ED\u0130YOR: ARA KARAR A\u00c7IKLANDI - Avrupal\u0131 T\u00fcrklerin en Yeni Haber Portal\u0131","og_description":"Kara para aklama ve vergi ka\u00e7\u0131rma su\u00e7lamalar\u0131yla 40 y\u0131la kadar hapis cezas\u0131 istemiyle yarg\u0131lanan Engin ve Dilan Polat \u00e7ifti, bug\u00fcn ikinci kez hakim kar\u015f\u0131s\u0131na \u00e7\u0131kt\u0131. Polatlar\u2019\u0131n da aralar\u0131nda bulundu\u011fu 28 san\u0131\u011f\u0131n yarg\u0131land\u0131\u011f\u0131 davada mahkeme, tedbirler ve el koyma kararlar\u0131n\u0131n kald\u0131r\u0131lmas\u0131 taleplerini reddetti. Duru\u015fma 8 Nisan 2025 tarihine ertelendi. D\u0130LAN POLAT: &#8220;KUMPAS OLDU\u011eUNU D\u00dc\u015e\u00dcN\u00dcYORUM&#8221;Tutuklu yarg\u0131land\u0131\u011f\u0131 9,5 [&hellip;]","og_url":"https:\/\/avrupatv.eu\/index.php\/2024\/12\/19\/engin-ve-dilan-polat-cifti-icin-yargilama-sureci-devam-ediyor-ara-karar-aciklandi\/","og_site_name":"Avrupal\u0131 T\u00fcrklerin en Yeni Haber Portal\u0131","article_published_time":"2024-12-19T15:42:04+00:00","og_image":[{"width":1200,"height":675,"url":"https:\/\/avrupatv.eu\/wp-content\/uploads\/2024\/12\/1200x675_cmsv2_ae55d21b-7c18-595c-a580-4cbedc37fa9a-8708532.webp","type":"image\/webp"}],"author":"Onur Akpinar","twitter_card":"summary_large_image","twitter_misc":{"Yazan:":"Onur Akpinar","Tahmini okuma s\u00fcresi":"2 dakika"},"schema":{"@context":"https:\/\/schema.org","@graph":[{"@type":"Article","@id":"https:\/\/avrupatv.eu\/index.php\/2024\/12\/19\/engin-ve-dilan-polat-cifti-icin-yargilama-sureci-devam-ediyor-ara-karar-aciklandi\/#article","isPartOf":{"@id":"https:\/\/avrupatv.eu\/index.php\/2024\/12\/19\/engin-ve-dilan-polat-cifti-icin-yargilama-sureci-devam-ediyor-ara-karar-aciklandi\/"},"author":{"name":"Onur Akpinar","@id":"https:\/\/avrupatv.eu\/#\/schema\/person\/d56afa5d5569da4029d483da36c0c17d"},"headline":"ENG\u0130N VE D\u0130LAN POLAT \u00c7\u0130FT\u0130 \u0130\u00c7\u0130N YARGILAMA S\u00dcREC\u0130 DEVAM ED\u0130YOR: ARA KARAR A\u00c7IKLANDI","datePublished":"2024-12-19T15:42:04+00:00","mainEntityOfPage":{"@id":"https:\/\/avrupatv.eu\/index.php\/2024\/12\/19\/engin-ve-dilan-polat-cifti-icin-yargilama-sureci-devam-ediyor-ara-karar-aciklandi\/"},"wordCount":277,"commentCount":0,"publisher":{"@id":"https:\/\/avrupatv.eu\/#organization"},"image":{"@id":"https:\/\/avrupatv.eu\/index.php\/2024\/12\/19\/engin-ve-dilan-polat-cifti-icin-yargilama-sureci-devam-ediyor-ara-karar-aciklandi\/#primaryimage"},"thumbnailUrl":"https:\/\/avrupatv.eu\/wp-content\/uploads\/2024\/12\/1200x675_cmsv2_ae55d21b-7c18-595c-a580-4cbedc37fa9a-8708532.webp","articleSection":["Magazin T\u00fcrkiye"],"inLanguage":"tr","potentialAction":[{"@type":"CommentAction","name":"Comment","target":["https:\/\/avrupatv.eu\/index.php\/2024\/12\/19\/engin-ve-dilan-polat-cifti-icin-yargilama-sureci-devam-ediyor-ara-karar-aciklandi\/#respond"]}]},{"@type":"WebPage","@id":"https:\/\/avrupatv.eu\/index.php\/2024\/12\/19\/engin-ve-dilan-polat-cifti-icin-yargilama-sureci-devam-ediyor-ara-karar-aciklandi\/","url":"https:\/\/avrupatv.eu\/index.php\/2024\/12\/19\/engin-ve-dilan-polat-cifti-icin-yargilama-sureci-devam-ediyor-ara-karar-aciklandi\/","name":"ENG\u0130N VE D\u0130LAN POLAT \u00c7\u0130FT\u0130 \u0130\u00c7\u0130N YARGILAMA S\u00dcREC\u0130 DEVAM ED\u0130YOR: ARA KARAR A\u00c7IKLANDI - Avrupal\u0131 T\u00fcrklerin en Yeni Haber Portal\u0131","isPartOf":{"@id":"https:\/\/avrupatv.eu\/#website"},"primaryImageOfPage":{"@id":"https:\/\/avrupatv.eu\/index.php\/2024\/12\/19\/engin-ve-dilan-polat-cifti-icin-yargilama-sureci-devam-ediyor-ara-karar-aciklandi\/#primaryimage"},"image":{"@id":"https:\/\/avrupatv.eu\/index.php\/2024\/12\/19\/engin-ve-dilan-polat-cifti-icin-yargilama-sureci-devam-ediyor-ara-karar-aciklandi\/#primaryimage"},"thumbnailUrl":"https:\/\/avrupatv.eu\/wp-content\/uploads\/2024\/12\/1200x675_cmsv2_ae55d21b-7c18-595c-a580-4cbedc37fa9a-8708532.webp","datePublished":"2024-12-19T15:42:04+00:00","breadcrumb":{"@id":"https:\/\/avrupatv.eu\/index.php\/2024\/12\/19\/engin-ve-dilan-polat-cifti-icin-yargilama-sureci-devam-ediyor-ara-karar-aciklandi\/#breadcrumb"},"inLanguage":"tr","potentialAction":[{"@type":"ReadAction","target":["https:\/\/avrupatv.eu\/index.php\/2024\/12\/19\/engin-ve-dilan-polat-cifti-icin-yargilama-sureci-devam-ediyor-ara-karar-aciklandi\/"]}]},{"@type":"ImageObject","inLanguage":"tr","@id":"https:\/\/avrupatv.eu\/index.php\/2024\/12\/19\/engin-ve-dilan-polat-cifti-icin-yargilama-sureci-devam-ediyor-ara-karar-aciklandi\/#primaryimage","url":"https:\/\/avrupatv.eu\/wp-content\/uploads\/2024\/12\/1200x675_cmsv2_ae55d21b-7c18-595c-a580-4cbedc37fa9a-8708532.webp","contentUrl":"https:\/\/avrupatv.eu\/wp-content\/uploads\/2024\/12\/1200x675_cmsv2_ae55d21b-7c18-595c-a580-4cbedc37fa9a-8708532.webp","width":1200,"height":675},{"@type":"BreadcrumbList","@id":"https:\/\/avrupatv.eu\/index.php\/2024\/12\/19\/engin-ve-dilan-polat-cifti-icin-yargilama-sureci-devam-ediyor-ara-karar-aciklandi\/#breadcrumb","itemListElement":[{"@type":"ListItem","position":1,"name":"Anasayfa","item":"https:\/\/avrupatv.eu\/"},{"@type":"ListItem","position":2,"name":"ENG\u0130N VE D\u0130LAN POLAT \u00c7\u0130FT\u0130 \u0130\u00c7\u0130N YARGILAMA S\u00dcREC\u0130 DEVAM ED\u0130YOR: ARA KARAR A\u00c7IKLANDI"}]},{"@type":"WebSite","@id":"https:\/\/avrupatv.eu\/#website","url":"https:\/\/avrupatv.eu\/","name":"Avrupal\u0131 T\u00fcrklerin en Yeni Haber Portal\u0131","description":"","publisher":{"@id":"https:\/\/avrupatv.eu\/#organization"},"alternateName":"Avrupa tv","potentialAction":[{"@type":"SearchAction","target":{"@type":"EntryPoint","urlTemplate":"https:\/\/avrupatv.eu\/?s={search_term_string}"},"query-input":{"@type":"PropertyValueSpecification","valueRequired":true,"valueName":"search_term_string"}}],"inLanguage":"tr"},{"@type":"Organization","@id":"https:\/\/avrupatv.eu\/#organization","name":"Avrupa Haber","url":"https:\/\/avrupatv.eu\/","logo":{"@type":"ImageObject","inLanguage":"tr","@id":"https:\/\/avrupatv.eu\/#\/schema\/logo\/image\/","url":"https:\/\/avrupatv.eu\/wp-content\/uploads\/2023\/10\/cropped-thumbnail_logo.png","contentUrl":"https:\/\/avrupatv.eu\/wp-content\/uploads\/2023\/10\/cropped-thumbnail_logo.png","width":1025,"height":302,"caption":"Avrupa Haber"},"image":{"@id":"https:\/\/avrupatv.eu\/#\/schema\/logo\/image\/"}},{"@type":"Person","@id":"https:\/\/avrupatv.eu\/#\/schema\/person\/d56afa5d5569da4029d483da36c0c17d","name":"Onur Akpinar","image":{"@type":"ImageObject","inLanguage":"tr","@id":"https:\/\/secure.gravatar.com\/avatar\/67a1a0bdf34f82da209334e4684b7e7171a58a5a2b0a8f836b61044f5c1f5d6a?s=96&d=mm&r=g","url":"https:\/\/secure.gravatar.com\/avatar\/67a1a0bdf34f82da209334e4684b7e7171a58a5a2b0a8f836b61044f5c1f5d6a?s=96&d=mm&r=g","contentUrl":"https:\/\/secure.gravatar.com\/avatar\/67a1a0bdf34f82da209334e4684b7e7171a58a5a2b0a8f836b61044f5c1f5d6a?s=96&d=mm&r=g","caption":"Onur Akpinar"},"url":"https:\/\/avrupatv.eu\/index.php\/author\/onur-akpinar\/"}]}},"_links":{"self":[{"href":"https:\/\/avrupatv.eu\/index.php\/wp-json\/wp\/v2\/posts\/858","targetHints":{"allow":["GET"]}}],"collection":[{"href":"https:\/\/avrupatv.eu\/index.php\/wp-json\/wp\/v2\/posts"}],"about":[{"href":"https:\/\/avrupatv.eu\/index.php\/wp-json\/wp\/v2\/types\/post"}],"author":[{"embeddable":true,"href":"https:\/\/avrupatv.eu\/index.php\/wp-json\/wp\/v2\/users\/2"}],"replies":[{"embeddable":true,"href":"https:\/\/avrupatv.eu\/index.php\/wp-json\/wp\/v2\/comments?post=858"}],"version-history":[{"count":1,"href":"https:\/\/avrupatv.eu\/index.php\/wp-json\/wp\/v2\/posts\/858\/revisions"}],"predecessor-version":[{"id":860,"href":"https:\/\/avrupatv.eu\/index.php\/wp-json\/wp\/v2\/posts\/858\/revisions\/860"}],"wp:featuredmedia":[{"embeddable":true,"href":"https:\/\/avrupatv.eu\/index.php\/wp-json\/wp\/v2\/media\/859"}],"wp:attachment":[{"href":"https:\/\/avrupatv.eu\/index.php\/wp-json\/wp\/v2\/media?parent=858"}],"wp:term":[{"taxonomy":"category","embeddable":true,"href":"https:\/\/avrupatv.eu\/index.php\/wp-json\/wp\/v2\/categories?post=858"},{"taxonomy":"post_tag","embeddable":true,"href":"https:\/\/avrupatv.eu\/index.php\/wp-json\/wp\/v2\/tags?post=858"}],"curies":[{"name":"wp","href":"https:\/\/api.w.org\/{rel}","templated":true}]}}