{"id":855,"date":"2024-12-19T15:29:21","date_gmt":"2024-12-19T15:29:21","guid":{"rendered":"https:\/\/avrupatv.eu\/?p=855"},"modified":"2024-12-19T15:29:21","modified_gmt":"2024-12-19T15:29:21","slug":"dilan-polat-ve-ablasi-sinem-silaya-hapis-cezasi","status":"publish","type":"post","link":"https:\/\/avrupatv.eu\/index.php\/2024\/12\/19\/dilan-polat-ve-ablasi-sinem-silaya-hapis-cezasi\/","title":{"rendered":"Dilan Polat ve ablas\u0131 Sinem S\u0131la&#8217;ya hapis cezas\u0131"},"content":{"rendered":"\n<p>Be\u015fikta\u015f&#8217;taki bir e\u011flence mekan\u0131nda dudak duda\u011fa \u00f6p\u00fc\u015fen Dilan Polat ve ablas\u0131 Sinem S\u0131la Do\u011fu hakk\u0131nda ba\u015flat\u0131lan soru\u015fturma tamamland\u0131. \u0130stanbul Cumhuriyet Ba\u015fsavc\u0131l\u0131\u011f\u0131&#8217;nca haz\u0131rlanan iddianamede, gece kul\u00fcb\u00fcndeki eylemin &#8220;hayas\u0131zca hareketler&#8221; su\u00e7unu olu\u015fturdu\u011fu belirtilerek, her iki isim i\u00e7in 6 aydan 1 y\u0131la kadar hapis cezas\u0131 talep edildi.<\/p>\n\n\n\n<p><strong>17 EK\u0130M&#8217;DE SOSYAL MEDYADA G\u00dcNDEM OLDU<\/strong><br>Olay, 17 Ekim 2024&#8217;te Be\u015fikta\u015f&#8217;ta bir e\u011flence mekan\u0131nda meydana geldi. Polat ve Do\u011fu\u2019nun dans ederken dudak duda\u011fa \u00f6p\u00fc\u015ft\u00fc\u011f\u00fc anlar\u0131n sosyal medyada payla\u015f\u0131lmas\u0131 \u00fczerine geni\u015f yank\u0131 uyand\u0131ran g\u00f6r\u00fcnt\u00fclerle ilgili soru\u015fturma ba\u015flat\u0131lm\u0131\u015ft\u0131.<\/p>\n\n\n\n<p><strong>&#8220;YANLI\u015eLIKLA OLDU&#8221; DED\u0130LER<\/strong><br>\u0130ddianamede, Dilan Polat ve Sinem S\u0131la Do\u011fu \u201c\u015f\u00fcpheli\u201d s\u0131fat\u0131yla yer ald\u0131. Polat ifadesinde, olay g\u00fcn\u00fc bir arkada\u015flar\u0131n\u0131n do\u011fum g\u00fcn\u00fcn\u00fc kutlad\u0131klar\u0131n\u0131 belirterek \u015funlar\u0131 s\u00f6yledi:<br><strong>&#8220;Ablam S\u0131la, bana annelik ve babal\u0131k yapt\u0131. O s\u0131rada yana\u011f\u0131ndan \u00f6pmek istedim ama bir anda d\u00f6n\u00fcnce b\u00f6yle bir durum olu\u015ftu. Aram\u0131zda abla-karde\u015f ili\u015fkisinden ba\u015fka bir \u015fey s\u00f6z konusu olamaz.&#8221;<\/strong><br>Ya\u015fananlardan dolay\u0131 herkesten \u00f6z\u00fcr dileyen Polat, payla\u015f\u0131lan videonun yava\u015flat\u0131larak farkl\u0131 anlamlara gelecek \u015fekilde servis edildi\u011fini savundu.<\/p>\n\n\n\n<p>Sinem S\u0131la Do\u011fu ise ifadesinde, olay\u0131n 2 saniye s\u00fcrd\u00fc\u011f\u00fcn\u00fc ve masum bir sevin\u00e7 an\u0131 oldu\u011funu s\u00f6yledi:<br><strong>&#8220;Bu durum tamamen refleksle oldu. Atlatt\u0131\u011f\u0131m\u0131z zor s\u00fcre\u00e7lerden sonra birbirimize destek oldu\u011fumuz bir and\u0131. B\u00f6yle bir su\u00e7tan dolay\u0131 ifade vermek zorunda kald\u0131\u011f\u0131m i\u00e7in \u00e7ok utan\u0131yorum.&#8221;<\/strong><\/p>\n\n\n\n<p><strong>&#8216;HAYASIZCA HAREKETLER&#8217; SU\u00c7LAMASI<\/strong><br>Ba\u015fsavc\u0131l\u0131k, haz\u0131rlad\u0131\u011f\u0131 iddianamede \u015f\u00fcphelilerin &#8220;hayas\u0131zca hareketler&#8221; su\u00e7undan cezaland\u0131r\u0131lmas\u0131n\u0131 talep etti. \u0130ddianame, \u0130stanbul Asliye Ceza Mahkemesi&#8217;ne g\u00f6nderildi. Kabul edilmesi durumunda Polat ve Do\u011fu\u2019nun yarg\u0131lanmas\u0131na \u00f6n\u00fcm\u00fczdeki g\u00fcnlerde ba\u015flanacak.<\/p>\n","protected":false},"excerpt":{"rendered":"<p>Be\u015fikta\u015f&#8217;taki bir e\u011flence mekan\u0131nda dudak duda\u011fa \u00f6p\u00fc\u015fen Dilan Polat ve ablas\u0131 Sinem S\u0131la Do\u011fu hakk\u0131nda ba\u015flat\u0131lan soru\u015fturma tamamland\u0131. \u0130stanbul Cumhuriyet Ba\u015fsavc\u0131l\u0131\u011f\u0131&#8217;nca haz\u0131rlanan iddianamede, gece kul\u00fcb\u00fcndeki eylemin &#8220;hayas\u0131zca hareketler&#8221; su\u00e7unu olu\u015fturdu\u011fu belirtilerek, her iki isim i\u00e7in 6 aydan 1 y\u0131la kadar hapis cezas\u0131 talep edildi. 17 EK\u0130M&#8217;DE SOSYAL MEDYADA G\u00dcNDEM OLDUOlay, 17 Ekim 2024&#8217;te Be\u015fikta\u015f&#8217;ta bir [&hellip;]<\/p>\n","protected":false},"author":2,"featured_media":856,"comment_status":"open","ping_status":"open","sticky":false,"template":"","format":"standard","meta":{"footnotes":""},"categories":[20],"tags":[],"class_list":["post-855","post","type-post","status-publish","format-standard","has-post-thumbnail","hentry","category-magazin-turkiye"],"yoast_head":"<!-- This site is optimized with the Yoast SEO plugin v27.4 - https:\/\/yoast.com\/product\/yoast-seo-wordpress\/ -->\n<title>Dilan Polat ve ablas\u0131 Sinem S\u0131la&#039;ya hapis cezas\u0131 - Avrupal\u0131 T\u00fcrklerin en Yeni Haber Portal\u0131<\/title>\n<meta name=\"robots\" content=\"index, follow, max-snippet:-1, max-image-preview:large, max-video-preview:-1\" \/>\n<link rel=\"canonical\" href=\"https:\/\/avrupatv.eu\/index.php\/2024\/12\/19\/dilan-polat-ve-ablasi-sinem-silaya-hapis-cezasi\/\" \/>\n<meta property=\"og:locale\" content=\"tr_TR\" \/>\n<meta property=\"og:type\" content=\"article\" \/>\n<meta property=\"og:title\" content=\"Dilan Polat ve ablas\u0131 Sinem S\u0131la&#039;ya hapis cezas\u0131 - Avrupal\u0131 T\u00fcrklerin en Yeni Haber Portal\u0131\" \/>\n<meta property=\"og:description\" content=\"Be\u015fikta\u015f&#8217;taki bir e\u011flence mekan\u0131nda dudak duda\u011fa \u00f6p\u00fc\u015fen Dilan Polat ve ablas\u0131 Sinem S\u0131la Do\u011fu hakk\u0131nda ba\u015flat\u0131lan soru\u015fturma tamamland\u0131. \u0130stanbul Cumhuriyet Ba\u015fsavc\u0131l\u0131\u011f\u0131&#8217;nca haz\u0131rlanan iddianamede, gece kul\u00fcb\u00fcndeki eylemin &#8220;hayas\u0131zca hareketler&#8221; su\u00e7unu olu\u015fturdu\u011fu belirtilerek, her iki isim i\u00e7in 6 aydan 1 y\u0131la kadar hapis cezas\u0131 talep edildi. 17 EK\u0130M&#8217;DE SOSYAL MEDYADA G\u00dcNDEM OLDUOlay, 17 Ekim 2024&#8217;te Be\u015fikta\u015f&#8217;ta bir [&hellip;]\" \/>\n<meta property=\"og:url\" content=\"https:\/\/avrupatv.eu\/index.php\/2024\/12\/19\/dilan-polat-ve-ablasi-sinem-silaya-hapis-cezasi\/\" \/>\n<meta property=\"og:site_name\" content=\"Avrupal\u0131 T\u00fcrklerin en Yeni Haber Portal\u0131\" \/>\n<meta property=\"article:published_time\" content=\"2024-12-19T15:29:21+00:00\" \/>\n<meta property=\"og:image\" content=\"https:\/\/avrupatv.eu\/wp-content\/uploads\/2024\/12\/MeTbpistI066S3zpDFQU_Q.webp\" \/>\n\t<meta property=\"og:image:width\" content=\"991\" \/>\n\t<meta property=\"og:image:height\" content=\"885\" \/>\n\t<meta property=\"og:image:type\" content=\"image\/webp\" \/>\n<meta name=\"author\" content=\"Onur Akpinar\" \/>\n<meta name=\"twitter:card\" content=\"summary_large_image\" \/>\n<meta name=\"twitter:label1\" content=\"Yazan:\" \/>\n\t<meta name=\"twitter:data1\" content=\"Onur Akpinar\" \/>\n\t<meta name=\"twitter:label2\" content=\"Tahmini okuma s\u00fcresi\" \/>\n\t<meta name=\"twitter:data2\" content=\"2 dakika\" \/>\n<script type=\"application\/ld+json\" class=\"yoast-schema-graph\">{\"@context\":\"https:\\\/\\\/schema.org\",\"@graph\":[{\"@type\":\"Article\",\"@id\":\"https:\\\/\\\/avrupatv.eu\\\/index.php\\\/2024\\\/12\\\/19\\\/dilan-polat-ve-ablasi-sinem-silaya-hapis-cezasi\\\/#article\",\"isPartOf\":{\"@id\":\"https:\\\/\\\/avrupatv.eu\\\/index.php\\\/2024\\\/12\\\/19\\\/dilan-polat-ve-ablasi-sinem-silaya-hapis-cezasi\\\/\"},\"author\":{\"name\":\"Onur Akpinar\",\"@id\":\"https:\\\/\\\/avrupatv.eu\\\/#\\\/schema\\\/person\\\/d56afa5d5569da4029d483da36c0c17d\"},\"headline\":\"Dilan Polat ve ablas\u0131 Sinem S\u0131la&#8217;ya hapis cezas\u0131\",\"datePublished\":\"2024-12-19T15:29:21+00:00\",\"mainEntityOfPage\":{\"@id\":\"https:\\\/\\\/avrupatv.eu\\\/index.php\\\/2024\\\/12\\\/19\\\/dilan-polat-ve-ablasi-sinem-silaya-hapis-cezasi\\\/\"},\"wordCount\":342,\"commentCount\":0,\"publisher\":{\"@id\":\"https:\\\/\\\/avrupatv.eu\\\/#organization\"},\"image\":{\"@id\":\"https:\\\/\\\/avrupatv.eu\\\/index.php\\\/2024\\\/12\\\/19\\\/dilan-polat-ve-ablasi-sinem-silaya-hapis-cezasi\\\/#primaryimage\"},\"thumbnailUrl\":\"https:\\\/\\\/avrupatv.eu\\\/wp-content\\\/uploads\\\/2024\\\/12\\\/MeTbpistI066S3zpDFQU_Q.webp\",\"articleSection\":[\"Magazin T\u00fcrkiye\"],\"inLanguage\":\"tr\",\"potentialAction\":[{\"@type\":\"CommentAction\",\"name\":\"Comment\",\"target\":[\"https:\\\/\\\/avrupatv.eu\\\/index.php\\\/2024\\\/12\\\/19\\\/dilan-polat-ve-ablasi-sinem-silaya-hapis-cezasi\\\/#respond\"]}]},{\"@type\":\"WebPage\",\"@id\":\"https:\\\/\\\/avrupatv.eu\\\/index.php\\\/2024\\\/12\\\/19\\\/dilan-polat-ve-ablasi-sinem-silaya-hapis-cezasi\\\/\",\"url\":\"https:\\\/\\\/avrupatv.eu\\\/index.php\\\/2024\\\/12\\\/19\\\/dilan-polat-ve-ablasi-sinem-silaya-hapis-cezasi\\\/\",\"name\":\"Dilan Polat ve ablas\u0131 Sinem S\u0131la'ya hapis cezas\u0131 - Avrupal\u0131 T\u00fcrklerin en Yeni Haber Portal\u0131\",\"isPartOf\":{\"@id\":\"https:\\\/\\\/avrupatv.eu\\\/#website\"},\"primaryImageOfPage\":{\"@id\":\"https:\\\/\\\/avrupatv.eu\\\/index.php\\\/2024\\\/12\\\/19\\\/dilan-polat-ve-ablasi-sinem-silaya-hapis-cezasi\\\/#primaryimage\"},\"image\":{\"@id\":\"https:\\\/\\\/avrupatv.eu\\\/index.php\\\/2024\\\/12\\\/19\\\/dilan-polat-ve-ablasi-sinem-silaya-hapis-cezasi\\\/#primaryimage\"},\"thumbnailUrl\":\"https:\\\/\\\/avrupatv.eu\\\/wp-content\\\/uploads\\\/2024\\\/12\\\/MeTbpistI066S3zpDFQU_Q.webp\",\"datePublished\":\"2024-12-19T15:29:21+00:00\",\"breadcrumb\":{\"@id\":\"https:\\\/\\\/avrupatv.eu\\\/index.php\\\/2024\\\/12\\\/19\\\/dilan-polat-ve-ablasi-sinem-silaya-hapis-cezasi\\\/#breadcrumb\"},\"inLanguage\":\"tr\",\"potentialAction\":[{\"@type\":\"ReadAction\",\"target\":[\"https:\\\/\\\/avrupatv.eu\\\/index.php\\\/2024\\\/12\\\/19\\\/dilan-polat-ve-ablasi-sinem-silaya-hapis-cezasi\\\/\"]}]},{\"@type\":\"ImageObject\",\"inLanguage\":\"tr\",\"@id\":\"https:\\\/\\\/avrupatv.eu\\\/index.php\\\/2024\\\/12\\\/19\\\/dilan-polat-ve-ablasi-sinem-silaya-hapis-cezasi\\\/#primaryimage\",\"url\":\"https:\\\/\\\/avrupatv.eu\\\/wp-content\\\/uploads\\\/2024\\\/12\\\/MeTbpistI066S3zpDFQU_Q.webp\",\"contentUrl\":\"https:\\\/\\\/avrupatv.eu\\\/wp-content\\\/uploads\\\/2024\\\/12\\\/MeTbpistI066S3zpDFQU_Q.webp\",\"width\":991,\"height\":885},{\"@type\":\"BreadcrumbList\",\"@id\":\"https:\\\/\\\/avrupatv.eu\\\/index.php\\\/2024\\\/12\\\/19\\\/dilan-polat-ve-ablasi-sinem-silaya-hapis-cezasi\\\/#breadcrumb\",\"itemListElement\":[{\"@type\":\"ListItem\",\"position\":1,\"name\":\"Anasayfa\",\"item\":\"https:\\\/\\\/avrupatv.eu\\\/\"},{\"@type\":\"ListItem\",\"position\":2,\"name\":\"Dilan Polat ve ablas\u0131 Sinem S\u0131la&#8217;ya hapis cezas\u0131\"}]},{\"@type\":\"WebSite\",\"@id\":\"https:\\\/\\\/avrupatv.eu\\\/#website\",\"url\":\"https:\\\/\\\/avrupatv.eu\\\/\",\"name\":\"Avrupal\u0131 T\u00fcrklerin en Yeni Haber Portal\u0131\",\"description\":\"\",\"publisher\":{\"@id\":\"https:\\\/\\\/avrupatv.eu\\\/#organization\"},\"alternateName\":\"Avrupa tv\",\"potentialAction\":[{\"@type\":\"SearchAction\",\"target\":{\"@type\":\"EntryPoint\",\"urlTemplate\":\"https:\\\/\\\/avrupatv.eu\\\/?s={search_term_string}\"},\"query-input\":{\"@type\":\"PropertyValueSpecification\",\"valueRequired\":true,\"valueName\":\"search_term_string\"}}],\"inLanguage\":\"tr\"},{\"@type\":\"Organization\",\"@id\":\"https:\\\/\\\/avrupatv.eu\\\/#organization\",\"name\":\"Avrupa Haber\",\"url\":\"https:\\\/\\\/avrupatv.eu\\\/\",\"logo\":{\"@type\":\"ImageObject\",\"inLanguage\":\"tr\",\"@id\":\"https:\\\/\\\/avrupatv.eu\\\/#\\\/schema\\\/logo\\\/image\\\/\",\"url\":\"https:\\\/\\\/avrupatv.eu\\\/wp-content\\\/uploads\\\/2023\\\/10\\\/cropped-thumbnail_logo.png\",\"contentUrl\":\"https:\\\/\\\/avrupatv.eu\\\/wp-content\\\/uploads\\\/2023\\\/10\\\/cropped-thumbnail_logo.png\",\"width\":1025,\"height\":302,\"caption\":\"Avrupa Haber\"},\"image\":{\"@id\":\"https:\\\/\\\/avrupatv.eu\\\/#\\\/schema\\\/logo\\\/image\\\/\"}},{\"@type\":\"Person\",\"@id\":\"https:\\\/\\\/avrupatv.eu\\\/#\\\/schema\\\/person\\\/d56afa5d5569da4029d483da36c0c17d\",\"name\":\"Onur Akpinar\",\"image\":{\"@type\":\"ImageObject\",\"inLanguage\":\"tr\",\"@id\":\"https:\\\/\\\/secure.gravatar.com\\\/avatar\\\/67a1a0bdf34f82da209334e4684b7e7171a58a5a2b0a8f836b61044f5c1f5d6a?s=96&d=mm&r=g\",\"url\":\"https:\\\/\\\/secure.gravatar.com\\\/avatar\\\/67a1a0bdf34f82da209334e4684b7e7171a58a5a2b0a8f836b61044f5c1f5d6a?s=96&d=mm&r=g\",\"contentUrl\":\"https:\\\/\\\/secure.gravatar.com\\\/avatar\\\/67a1a0bdf34f82da209334e4684b7e7171a58a5a2b0a8f836b61044f5c1f5d6a?s=96&d=mm&r=g\",\"caption\":\"Onur Akpinar\"},\"url\":\"https:\\\/\\\/avrupatv.eu\\\/index.php\\\/author\\\/onur-akpinar\\\/\"}]}<\/script>\n<!-- \/ Yoast SEO plugin. -->","yoast_head_json":{"title":"Dilan Polat ve ablas\u0131 Sinem S\u0131la'ya hapis cezas\u0131 - Avrupal\u0131 T\u00fcrklerin en Yeni Haber Portal\u0131","robots":{"index":"index","follow":"follow","max-snippet":"max-snippet:-1","max-image-preview":"max-image-preview:large","max-video-preview":"max-video-preview:-1"},"canonical":"https:\/\/avrupatv.eu\/index.php\/2024\/12\/19\/dilan-polat-ve-ablasi-sinem-silaya-hapis-cezasi\/","og_locale":"tr_TR","og_type":"article","og_title":"Dilan Polat ve ablas\u0131 Sinem S\u0131la'ya hapis cezas\u0131 - Avrupal\u0131 T\u00fcrklerin en Yeni Haber Portal\u0131","og_description":"Be\u015fikta\u015f&#8217;taki bir e\u011flence mekan\u0131nda dudak duda\u011fa \u00f6p\u00fc\u015fen Dilan Polat ve ablas\u0131 Sinem S\u0131la Do\u011fu hakk\u0131nda ba\u015flat\u0131lan soru\u015fturma tamamland\u0131. \u0130stanbul Cumhuriyet Ba\u015fsavc\u0131l\u0131\u011f\u0131&#8217;nca haz\u0131rlanan iddianamede, gece kul\u00fcb\u00fcndeki eylemin &#8220;hayas\u0131zca hareketler&#8221; su\u00e7unu olu\u015fturdu\u011fu belirtilerek, her iki isim i\u00e7in 6 aydan 1 y\u0131la kadar hapis cezas\u0131 talep edildi. 17 EK\u0130M&#8217;DE SOSYAL MEDYADA G\u00dcNDEM OLDUOlay, 17 Ekim 2024&#8217;te Be\u015fikta\u015f&#8217;ta bir [&hellip;]","og_url":"https:\/\/avrupatv.eu\/index.php\/2024\/12\/19\/dilan-polat-ve-ablasi-sinem-silaya-hapis-cezasi\/","og_site_name":"Avrupal\u0131 T\u00fcrklerin en Yeni Haber Portal\u0131","article_published_time":"2024-12-19T15:29:21+00:00","og_image":[{"width":991,"height":885,"url":"https:\/\/avrupatv.eu\/wp-content\/uploads\/2024\/12\/MeTbpistI066S3zpDFQU_Q.webp","type":"image\/webp"}],"author":"Onur Akpinar","twitter_card":"summary_large_image","twitter_misc":{"Yazan:":"Onur Akpinar","Tahmini okuma s\u00fcresi":"2 dakika"},"schema":{"@context":"https:\/\/schema.org","@graph":[{"@type":"Article","@id":"https:\/\/avrupatv.eu\/index.php\/2024\/12\/19\/dilan-polat-ve-ablasi-sinem-silaya-hapis-cezasi\/#article","isPartOf":{"@id":"https:\/\/avrupatv.eu\/index.php\/2024\/12\/19\/dilan-polat-ve-ablasi-sinem-silaya-hapis-cezasi\/"},"author":{"name":"Onur Akpinar","@id":"https:\/\/avrupatv.eu\/#\/schema\/person\/d56afa5d5569da4029d483da36c0c17d"},"headline":"Dilan Polat ve ablas\u0131 Sinem S\u0131la&#8217;ya hapis cezas\u0131","datePublished":"2024-12-19T15:29:21+00:00","mainEntityOfPage":{"@id":"https:\/\/avrupatv.eu\/index.php\/2024\/12\/19\/dilan-polat-ve-ablasi-sinem-silaya-hapis-cezasi\/"},"wordCount":342,"commentCount":0,"publisher":{"@id":"https:\/\/avrupatv.eu\/#organization"},"image":{"@id":"https:\/\/avrupatv.eu\/index.php\/2024\/12\/19\/dilan-polat-ve-ablasi-sinem-silaya-hapis-cezasi\/#primaryimage"},"thumbnailUrl":"https:\/\/avrupatv.eu\/wp-content\/uploads\/2024\/12\/MeTbpistI066S3zpDFQU_Q.webp","articleSection":["Magazin T\u00fcrkiye"],"inLanguage":"tr","potentialAction":[{"@type":"CommentAction","name":"Comment","target":["https:\/\/avrupatv.eu\/index.php\/2024\/12\/19\/dilan-polat-ve-ablasi-sinem-silaya-hapis-cezasi\/#respond"]}]},{"@type":"WebPage","@id":"https:\/\/avrupatv.eu\/index.php\/2024\/12\/19\/dilan-polat-ve-ablasi-sinem-silaya-hapis-cezasi\/","url":"https:\/\/avrupatv.eu\/index.php\/2024\/12\/19\/dilan-polat-ve-ablasi-sinem-silaya-hapis-cezasi\/","name":"Dilan Polat ve ablas\u0131 Sinem S\u0131la'ya hapis cezas\u0131 - Avrupal\u0131 T\u00fcrklerin en Yeni Haber Portal\u0131","isPartOf":{"@id":"https:\/\/avrupatv.eu\/#website"},"primaryImageOfPage":{"@id":"https:\/\/avrupatv.eu\/index.php\/2024\/12\/19\/dilan-polat-ve-ablasi-sinem-silaya-hapis-cezasi\/#primaryimage"},"image":{"@id":"https:\/\/avrupatv.eu\/index.php\/2024\/12\/19\/dilan-polat-ve-ablasi-sinem-silaya-hapis-cezasi\/#primaryimage"},"thumbnailUrl":"https:\/\/avrupatv.eu\/wp-content\/uploads\/2024\/12\/MeTbpistI066S3zpDFQU_Q.webp","datePublished":"2024-12-19T15:29:21+00:00","breadcrumb":{"@id":"https:\/\/avrupatv.eu\/index.php\/2024\/12\/19\/dilan-polat-ve-ablasi-sinem-silaya-hapis-cezasi\/#breadcrumb"},"inLanguage":"tr","potentialAction":[{"@type":"ReadAction","target":["https:\/\/avrupatv.eu\/index.php\/2024\/12\/19\/dilan-polat-ve-ablasi-sinem-silaya-hapis-cezasi\/"]}]},{"@type":"ImageObject","inLanguage":"tr","@id":"https:\/\/avrupatv.eu\/index.php\/2024\/12\/19\/dilan-polat-ve-ablasi-sinem-silaya-hapis-cezasi\/#primaryimage","url":"https:\/\/avrupatv.eu\/wp-content\/uploads\/2024\/12\/MeTbpistI066S3zpDFQU_Q.webp","contentUrl":"https:\/\/avrupatv.eu\/wp-content\/uploads\/2024\/12\/MeTbpistI066S3zpDFQU_Q.webp","width":991,"height":885},{"@type":"BreadcrumbList","@id":"https:\/\/avrupatv.eu\/index.php\/2024\/12\/19\/dilan-polat-ve-ablasi-sinem-silaya-hapis-cezasi\/#breadcrumb","itemListElement":[{"@type":"ListItem","position":1,"name":"Anasayfa","item":"https:\/\/avrupatv.eu\/"},{"@type":"ListItem","position":2,"name":"Dilan Polat ve ablas\u0131 Sinem S\u0131la&#8217;ya hapis cezas\u0131"}]},{"@type":"WebSite","@id":"https:\/\/avrupatv.eu\/#website","url":"https:\/\/avrupatv.eu\/","name":"Avrupal\u0131 T\u00fcrklerin en Yeni Haber Portal\u0131","description":"","publisher":{"@id":"https:\/\/avrupatv.eu\/#organization"},"alternateName":"Avrupa tv","potentialAction":[{"@type":"SearchAction","target":{"@type":"EntryPoint","urlTemplate":"https:\/\/avrupatv.eu\/?s={search_term_string}"},"query-input":{"@type":"PropertyValueSpecification","valueRequired":true,"valueName":"search_term_string"}}],"inLanguage":"tr"},{"@type":"Organization","@id":"https:\/\/avrupatv.eu\/#organization","name":"Avrupa Haber","url":"https:\/\/avrupatv.eu\/","logo":{"@type":"ImageObject","inLanguage":"tr","@id":"https:\/\/avrupatv.eu\/#\/schema\/logo\/image\/","url":"https:\/\/avrupatv.eu\/wp-content\/uploads\/2023\/10\/cropped-thumbnail_logo.png","contentUrl":"https:\/\/avrupatv.eu\/wp-content\/uploads\/2023\/10\/cropped-thumbnail_logo.png","width":1025,"height":302,"caption":"Avrupa Haber"},"image":{"@id":"https:\/\/avrupatv.eu\/#\/schema\/logo\/image\/"}},{"@type":"Person","@id":"https:\/\/avrupatv.eu\/#\/schema\/person\/d56afa5d5569da4029d483da36c0c17d","name":"Onur Akpinar","image":{"@type":"ImageObject","inLanguage":"tr","@id":"https:\/\/secure.gravatar.com\/avatar\/67a1a0bdf34f82da209334e4684b7e7171a58a5a2b0a8f836b61044f5c1f5d6a?s=96&d=mm&r=g","url":"https:\/\/secure.gravatar.com\/avatar\/67a1a0bdf34f82da209334e4684b7e7171a58a5a2b0a8f836b61044f5c1f5d6a?s=96&d=mm&r=g","contentUrl":"https:\/\/secure.gravatar.com\/avatar\/67a1a0bdf34f82da209334e4684b7e7171a58a5a2b0a8f836b61044f5c1f5d6a?s=96&d=mm&r=g","caption":"Onur Akpinar"},"url":"https:\/\/avrupatv.eu\/index.php\/author\/onur-akpinar\/"}]}},"_links":{"self":[{"href":"https:\/\/avrupatv.eu\/index.php\/wp-json\/wp\/v2\/posts\/855","targetHints":{"allow":["GET"]}}],"collection":[{"href":"https:\/\/avrupatv.eu\/index.php\/wp-json\/wp\/v2\/posts"}],"about":[{"href":"https:\/\/avrupatv.eu\/index.php\/wp-json\/wp\/v2\/types\/post"}],"author":[{"embeddable":true,"href":"https:\/\/avrupatv.eu\/index.php\/wp-json\/wp\/v2\/users\/2"}],"replies":[{"embeddable":true,"href":"https:\/\/avrupatv.eu\/index.php\/wp-json\/wp\/v2\/comments?post=855"}],"version-history":[{"count":1,"href":"https:\/\/avrupatv.eu\/index.php\/wp-json\/wp\/v2\/posts\/855\/revisions"}],"predecessor-version":[{"id":857,"href":"https:\/\/avrupatv.eu\/index.php\/wp-json\/wp\/v2\/posts\/855\/revisions\/857"}],"wp:featuredmedia":[{"embeddable":true,"href":"https:\/\/avrupatv.eu\/index.php\/wp-json\/wp\/v2\/media\/856"}],"wp:attachment":[{"href":"https:\/\/avrupatv.eu\/index.php\/wp-json\/wp\/v2\/media?parent=855"}],"wp:term":[{"taxonomy":"category","embeddable":true,"href":"https:\/\/avrupatv.eu\/index.php\/wp-json\/wp\/v2\/categories?post=855"},{"taxonomy":"post_tag","embeddable":true,"href":"https:\/\/avrupatv.eu\/index.php\/wp-json\/wp\/v2\/tags?post=855"}],"curies":[{"name":"wp","href":"https:\/\/api.w.org\/{rel}","templated":true}]}}