{"id":852,"date":"2024-12-19T15:20:41","date_gmt":"2024-12-19T15:20:41","guid":{"rendered":"https:\/\/avrupatv.eu\/?p=852"},"modified":"2024-12-19T15:20:41","modified_gmt":"2024-12-19T15:20:41","slug":"asgari-ucret-talebini-acikladi-bunu-getirirlerse-masada-oluruz","status":"publish","type":"post","link":"https:\/\/avrupatv.eu\/index.php\/2024\/12\/19\/asgari-ucret-talebini-acikladi-bunu-getirirlerse-masada-oluruz\/","title":{"rendered":"ASGAR\u0130 \u00dcCRET TALEB\u0130N\u0130 A\u00c7IKLADI: &#8220;BUNU GET\u0130R\u0130RLERSE MASADA OLURUZ&#8221;"},"content":{"rendered":"\n<p>2025&#8217;te ge\u00e7erli olacak asgari \u00fccreti belirleme \u00e7al\u0131\u015fmalar\u0131 s\u00fcrerken, T\u00dcRK-\u0130\u015e uzun s\u00fcre rakam telaffuz etmemesi nedeniyle ele\u015ftirilmi\u015fti. Kamuoyundan gelen tepkilerin ard\u0131ndan T\u00dcRK-\u0130\u015e, nihayet asgari \u00fccret talebini duyurdu. T\u00fcrk-\u0130\u015f Genel Ba\u015fkan\u0131 Erg\u00fcn Atalay, taleplerini \u015fu s\u00f6zlerle a\u00e7\u0131klad\u0131:<br><strong>&#8220;Talebimiz bu, bunu getirirlerse burada oluruz, getirmezlerse masada olmay\u0131z.&#8221;<\/strong><\/p>\n\n\n\n<p><strong>\u00dc\u00c7\u00dcNC\u00dc TOPLANTIDA DA RAKAM KONU\u015eULMADI<\/strong><br>Asgari \u00dccret Tespit Komisyonu, 2025 y\u0131l\u0131 i\u00e7in asgari \u00fccreti belirleme \u00e7al\u0131\u015fmalar\u0131 kapsam\u0131nda \u00fc\u00e7\u00fcnc\u00fc toplant\u0131s\u0131n\u0131 bug\u00fcn ger\u00e7ekle\u015ftirdi. Ancak bu toplant\u0131da da herhangi bir rakam telaffuz edilmedi. T\u00dcRK-\u0130\u015e Genel Sekreteri Ramazan A\u011far, toplant\u0131 sonras\u0131 yapt\u0131\u011f\u0131 a\u00e7\u0131klamada, &#8220;Rakam\u0131 gidin i\u015fverene ya da h\u00fck\u00fcmete sorun&#8221; demi\u015fti.<\/p>\n\n\n\n<p>Bunun ard\u0131ndan T\u00dcRK-\u0130\u015e, kendi talebini a\u00e7\u0131klama karar\u0131 ald\u0131. Komisyona T\u00dcRK-\u0130\u015e ad\u0131na kat\u0131lan d\u00f6rt i\u015f\u00e7iye, bireysel olarak birer rakam belirlemeleri ve bu rakamlar\u0131 T\u00dcRK-\u0130\u015e Ba\u015fkanlar Kurulu&#8217;na sunmalar\u0131 talimat\u0131 verildi. \u0130\u015f\u00e7ilerin taleplerine g\u00f6re T\u00dcRK-\u0130\u015e\u2019in asgari \u00fccret \u00f6nerisi <strong>enflasyon art\u0131 %20 refah pay\u0131yla 29 bin 583 lira<\/strong> olarak belirlendi.<\/p>\n\n\n\n<p><strong>ATALAY: &#8220;RAKAMI B\u0130Z DE\u011e\u0130L, \u00d6NCE \u0130\u015eVEREN A\u00c7IKLAMALIYDI&#8221;<\/strong><br>T\u00fcrk-\u0130\u015f Genel Ba\u015fkan\u0131 Erg\u00fcn Atalay, d\u00fczenlenen bas\u0131n toplant\u0131s\u0131nda a\u00e7\u0131klamalarda bulunarak s\u00fcrece dair \u015fu ifadeleri kulland\u0131:<br><strong>&#8220;20 g\u00fcnd\u00fcr T\u00fcrk-\u0130\u015f neden rakam a\u00e7\u0131klam\u0131yor diyorlar. Oysa \u00f6nce i\u015fverenin teklifini a\u00e7\u0131klamas\u0131 gerekirdi. Hazine ve Maliye Bakanl\u0131\u011f\u0131&#8217;ndan T\u00dc\u0130K&#8217;e kadar herkes bu masada. Biz ise i\u015f\u00e7inin ge\u00e7inemedi\u011fini toplant\u0131larda defalarca dile getirdik. \u015eu anda asgari \u00fccretin al\u0131m g\u00fcc\u00fc 11 bin liraya kadar d\u00fc\u015ft\u00fc. Bununla ge\u00e7inmek m\u00fcmk\u00fcn de\u011fil.&#8221;<\/strong><\/p>\n\n\n\n<p>Atalay, h\u00fck\u00fcmete de \u00e7a\u011fr\u0131da bulunarak, &#8220;Say\u0131n Mehmet \u015eim\u015fek, \u00fclkenin ekonomik durumunun iyiye gitti\u011fini s\u00f6yl\u00fcyor. Madem \u00f6yle, asgari \u00fccretliye nefes ald\u0131racak bir \u00fccret a\u00e7\u0131klans\u0131n,&#8221; dedi.<\/p>\n\n\n\n<p><strong>&#8220;BU \u00dcCRET GELMEZSE MASADA OLMAYIZ&#8221;<\/strong><br>Atalay, T\u00dcRK-\u0130\u015e\u2019in asgari \u00fccret talebini net bir \u015fekilde a\u00e7\u0131klad\u0131:<br><strong>&#8220;Talebimiz enflasyon art\u0131 %20 refah pay\u0131yla 29 bin 583 lira. Kamuoyu bizden rakam bekliyordu. Biz bunu a\u00e7\u0131klamak zorunda kald\u0131k. E\u011fer bu rakam getirilmezse masada olmay\u0131z.&#8221;<\/strong><\/p>\n\n\n\n<p><strong>S\u00d6ZC\u00dc DAHA \u00d6NCE DUYURMU\u015eTU<\/strong><br>S\u00f6zc\u00fc Gazetesi, T\u00dcRK-\u0130\u015e\u2019in resmi a\u00e7\u0131klamas\u0131ndan \u00f6nce, edinilen bilgilere dayanarak taleplerin 29 bin 500 lira civar\u0131nda olaca\u011f\u0131n\u0131 duyurmu\u015ftu. Ayr\u0131ca, rakam\u0131n yukar\u0131 yuvarlanarak 30 bin lira olarak a\u00e7\u0131klanma ihtimali \u00fczerinde duruluyordu.<\/p>\n","protected":false},"excerpt":{"rendered":"<p>2025&#8217;te ge\u00e7erli olacak asgari \u00fccreti belirleme \u00e7al\u0131\u015fmalar\u0131 s\u00fcrerken, T\u00dcRK-\u0130\u015e uzun s\u00fcre rakam telaffuz etmemesi nedeniyle ele\u015ftirilmi\u015fti. Kamuoyundan gelen tepkilerin ard\u0131ndan T\u00dcRK-\u0130\u015e, nihayet asgari \u00fccret talebini duyurdu. T\u00fcrk-\u0130\u015f Genel Ba\u015fkan\u0131 Erg\u00fcn Atalay, taleplerini \u015fu s\u00f6zlerle a\u00e7\u0131klad\u0131:&#8220;Talebimiz bu, bunu getirirlerse burada oluruz, getirmezlerse masada olmay\u0131z.&#8221; \u00dc\u00c7\u00dcNC\u00dc TOPLANTIDA DA RAKAM KONU\u015eULMADIAsgari \u00dccret Tespit Komisyonu, 2025 y\u0131l\u0131 i\u00e7in asgari [&hellip;]<\/p>\n","protected":false},"author":2,"featured_media":853,"comment_status":"open","ping_status":"open","sticky":false,"template":"","format":"standard","meta":{"footnotes":""},"categories":[11],"tags":[],"class_list":["post-852","post","type-post","status-publish","format-standard","has-post-thumbnail","hentry","category-turkiye"],"yoast_head":"<!-- This site is optimized with the Yoast SEO plugin v27.4 - https:\/\/yoast.com\/product\/yoast-seo-wordpress\/ -->\n<title>ASGAR\u0130 \u00dcCRET TALEB\u0130N\u0130 A\u00c7IKLADI: &quot;BUNU GET\u0130R\u0130RLERSE MASADA OLURUZ&quot; - Avrupal\u0131 T\u00fcrklerin en Yeni Haber Portal\u0131<\/title>\n<meta name=\"robots\" content=\"index, follow, max-snippet:-1, max-image-preview:large, max-video-preview:-1\" \/>\n<link rel=\"canonical\" href=\"https:\/\/avrupatv.eu\/index.php\/2024\/12\/19\/asgari-ucret-talebini-acikladi-bunu-getirirlerse-masada-oluruz\/\" \/>\n<meta property=\"og:locale\" content=\"tr_TR\" \/>\n<meta property=\"og:type\" content=\"article\" \/>\n<meta property=\"og:title\" content=\"ASGAR\u0130 \u00dcCRET TALEB\u0130N\u0130 A\u00c7IKLADI: &quot;BUNU GET\u0130R\u0130RLERSE MASADA OLURUZ&quot; - Avrupal\u0131 T\u00fcrklerin en Yeni Haber Portal\u0131\" \/>\n<meta property=\"og:description\" content=\"2025&#8217;te ge\u00e7erli olacak asgari \u00fccreti belirleme \u00e7al\u0131\u015fmalar\u0131 s\u00fcrerken, T\u00dcRK-\u0130\u015e uzun s\u00fcre rakam telaffuz etmemesi nedeniyle ele\u015ftirilmi\u015fti. Kamuoyundan gelen tepkilerin ard\u0131ndan T\u00dcRK-\u0130\u015e, nihayet asgari \u00fccret talebini duyurdu. T\u00fcrk-\u0130\u015f Genel Ba\u015fkan\u0131 Erg\u00fcn Atalay, taleplerini \u015fu s\u00f6zlerle a\u00e7\u0131klad\u0131:&#8220;Talebimiz bu, bunu getirirlerse burada oluruz, getirmezlerse masada olmay\u0131z.&#8221; \u00dc\u00c7\u00dcNC\u00dc TOPLANTIDA DA RAKAM KONU\u015eULMADIAsgari \u00dccret Tespit Komisyonu, 2025 y\u0131l\u0131 i\u00e7in asgari [&hellip;]\" \/>\n<meta property=\"og:url\" content=\"https:\/\/avrupatv.eu\/index.php\/2024\/12\/19\/asgari-ucret-talebini-acikladi-bunu-getirirlerse-masada-oluruz\/\" \/>\n<meta property=\"og:site_name\" content=\"Avrupal\u0131 T\u00fcrklerin en Yeni Haber Portal\u0131\" \/>\n<meta property=\"article:published_time\" content=\"2024-12-19T15:20:41+00:00\" \/>\n<meta property=\"og:image\" content=\"https:\/\/avrupatv.eu\/wp-content\/uploads\/2024\/12\/istockphoto-1063289558-612x612-2.jpg\" \/>\n\t<meta property=\"og:image:width\" content=\"612\" \/>\n\t<meta property=\"og:image:height\" content=\"408\" \/>\n\t<meta property=\"og:image:type\" content=\"image\/jpeg\" \/>\n<meta name=\"author\" content=\"Onur Akpinar\" \/>\n<meta name=\"twitter:card\" content=\"summary_large_image\" \/>\n<meta name=\"twitter:label1\" content=\"Yazan:\" \/>\n\t<meta name=\"twitter:data1\" content=\"Onur Akpinar\" \/>\n\t<meta name=\"twitter:label2\" content=\"Tahmini okuma s\u00fcresi\" \/>\n\t<meta name=\"twitter:data2\" content=\"3 dakika\" \/>\n<script type=\"application\/ld+json\" class=\"yoast-schema-graph\">{\"@context\":\"https:\\\/\\\/schema.org\",\"@graph\":[{\"@type\":\"Article\",\"@id\":\"https:\\\/\\\/avrupatv.eu\\\/index.php\\\/2024\\\/12\\\/19\\\/asgari-ucret-talebini-acikladi-bunu-getirirlerse-masada-oluruz\\\/#article\",\"isPartOf\":{\"@id\":\"https:\\\/\\\/avrupatv.eu\\\/index.php\\\/2024\\\/12\\\/19\\\/asgari-ucret-talebini-acikladi-bunu-getirirlerse-masada-oluruz\\\/\"},\"author\":{\"name\":\"Onur Akpinar\",\"@id\":\"https:\\\/\\\/avrupatv.eu\\\/#\\\/schema\\\/person\\\/d56afa5d5569da4029d483da36c0c17d\"},\"headline\":\"ASGAR\u0130 \u00dcCRET TALEB\u0130N\u0130 A\u00c7IKLADI: &#8220;BUNU GET\u0130R\u0130RLERSE MASADA OLURUZ&#8221;\",\"datePublished\":\"2024-12-19T15:20:41+00:00\",\"mainEntityOfPage\":{\"@id\":\"https:\\\/\\\/avrupatv.eu\\\/index.php\\\/2024\\\/12\\\/19\\\/asgari-ucret-talebini-acikladi-bunu-getirirlerse-masada-oluruz\\\/\"},\"wordCount\":414,\"commentCount\":0,\"publisher\":{\"@id\":\"https:\\\/\\\/avrupatv.eu\\\/#organization\"},\"image\":{\"@id\":\"https:\\\/\\\/avrupatv.eu\\\/index.php\\\/2024\\\/12\\\/19\\\/asgari-ucret-talebini-acikladi-bunu-getirirlerse-masada-oluruz\\\/#primaryimage\"},\"thumbnailUrl\":\"https:\\\/\\\/avrupatv.eu\\\/wp-content\\\/uploads\\\/2024\\\/12\\\/istockphoto-1063289558-612x612-2.jpg\",\"articleSection\":[\"T\u00fcrkiye\"],\"inLanguage\":\"tr\",\"potentialAction\":[{\"@type\":\"CommentAction\",\"name\":\"Comment\",\"target\":[\"https:\\\/\\\/avrupatv.eu\\\/index.php\\\/2024\\\/12\\\/19\\\/asgari-ucret-talebini-acikladi-bunu-getirirlerse-masada-oluruz\\\/#respond\"]}]},{\"@type\":\"WebPage\",\"@id\":\"https:\\\/\\\/avrupatv.eu\\\/index.php\\\/2024\\\/12\\\/19\\\/asgari-ucret-talebini-acikladi-bunu-getirirlerse-masada-oluruz\\\/\",\"url\":\"https:\\\/\\\/avrupatv.eu\\\/index.php\\\/2024\\\/12\\\/19\\\/asgari-ucret-talebini-acikladi-bunu-getirirlerse-masada-oluruz\\\/\",\"name\":\"ASGAR\u0130 \u00dcCRET TALEB\u0130N\u0130 A\u00c7IKLADI: \\\"BUNU GET\u0130R\u0130RLERSE MASADA OLURUZ\\\" - Avrupal\u0131 T\u00fcrklerin en Yeni Haber Portal\u0131\",\"isPartOf\":{\"@id\":\"https:\\\/\\\/avrupatv.eu\\\/#website\"},\"primaryImageOfPage\":{\"@id\":\"https:\\\/\\\/avrupatv.eu\\\/index.php\\\/2024\\\/12\\\/19\\\/asgari-ucret-talebini-acikladi-bunu-getirirlerse-masada-oluruz\\\/#primaryimage\"},\"image\":{\"@id\":\"https:\\\/\\\/avrupatv.eu\\\/index.php\\\/2024\\\/12\\\/19\\\/asgari-ucret-talebini-acikladi-bunu-getirirlerse-masada-oluruz\\\/#primaryimage\"},\"thumbnailUrl\":\"https:\\\/\\\/avrupatv.eu\\\/wp-content\\\/uploads\\\/2024\\\/12\\\/istockphoto-1063289558-612x612-2.jpg\",\"datePublished\":\"2024-12-19T15:20:41+00:00\",\"breadcrumb\":{\"@id\":\"https:\\\/\\\/avrupatv.eu\\\/index.php\\\/2024\\\/12\\\/19\\\/asgari-ucret-talebini-acikladi-bunu-getirirlerse-masada-oluruz\\\/#breadcrumb\"},\"inLanguage\":\"tr\",\"potentialAction\":[{\"@type\":\"ReadAction\",\"target\":[\"https:\\\/\\\/avrupatv.eu\\\/index.php\\\/2024\\\/12\\\/19\\\/asgari-ucret-talebini-acikladi-bunu-getirirlerse-masada-oluruz\\\/\"]}]},{\"@type\":\"ImageObject\",\"inLanguage\":\"tr\",\"@id\":\"https:\\\/\\\/avrupatv.eu\\\/index.php\\\/2024\\\/12\\\/19\\\/asgari-ucret-talebini-acikladi-bunu-getirirlerse-masada-oluruz\\\/#primaryimage\",\"url\":\"https:\\\/\\\/avrupatv.eu\\\/wp-content\\\/uploads\\\/2024\\\/12\\\/istockphoto-1063289558-612x612-2.jpg\",\"contentUrl\":\"https:\\\/\\\/avrupatv.eu\\\/wp-content\\\/uploads\\\/2024\\\/12\\\/istockphoto-1063289558-612x612-2.jpg\",\"width\":612,\"height\":408,\"caption\":\"Young man holding some one hundred and two hundred cash banknotes, Close up\"},{\"@type\":\"BreadcrumbList\",\"@id\":\"https:\\\/\\\/avrupatv.eu\\\/index.php\\\/2024\\\/12\\\/19\\\/asgari-ucret-talebini-acikladi-bunu-getirirlerse-masada-oluruz\\\/#breadcrumb\",\"itemListElement\":[{\"@type\":\"ListItem\",\"position\":1,\"name\":\"Anasayfa\",\"item\":\"https:\\\/\\\/avrupatv.eu\\\/\"},{\"@type\":\"ListItem\",\"position\":2,\"name\":\"ASGAR\u0130 \u00dcCRET TALEB\u0130N\u0130 A\u00c7IKLADI: &#8220;BUNU GET\u0130R\u0130RLERSE MASADA OLURUZ&#8221;\"}]},{\"@type\":\"WebSite\",\"@id\":\"https:\\\/\\\/avrupatv.eu\\\/#website\",\"url\":\"https:\\\/\\\/avrupatv.eu\\\/\",\"name\":\"Avrupal\u0131 T\u00fcrklerin en Yeni Haber Portal\u0131\",\"description\":\"\",\"publisher\":{\"@id\":\"https:\\\/\\\/avrupatv.eu\\\/#organization\"},\"alternateName\":\"Avrupa tv\",\"potentialAction\":[{\"@type\":\"SearchAction\",\"target\":{\"@type\":\"EntryPoint\",\"urlTemplate\":\"https:\\\/\\\/avrupatv.eu\\\/?s={search_term_string}\"},\"query-input\":{\"@type\":\"PropertyValueSpecification\",\"valueRequired\":true,\"valueName\":\"search_term_string\"}}],\"inLanguage\":\"tr\"},{\"@type\":\"Organization\",\"@id\":\"https:\\\/\\\/avrupatv.eu\\\/#organization\",\"name\":\"Avrupa Haber\",\"url\":\"https:\\\/\\\/avrupatv.eu\\\/\",\"logo\":{\"@type\":\"ImageObject\",\"inLanguage\":\"tr\",\"@id\":\"https:\\\/\\\/avrupatv.eu\\\/#\\\/schema\\\/logo\\\/image\\\/\",\"url\":\"https:\\\/\\\/avrupatv.eu\\\/wp-content\\\/uploads\\\/2023\\\/10\\\/cropped-thumbnail_logo.png\",\"contentUrl\":\"https:\\\/\\\/avrupatv.eu\\\/wp-content\\\/uploads\\\/2023\\\/10\\\/cropped-thumbnail_logo.png\",\"width\":1025,\"height\":302,\"caption\":\"Avrupa Haber\"},\"image\":{\"@id\":\"https:\\\/\\\/avrupatv.eu\\\/#\\\/schema\\\/logo\\\/image\\\/\"}},{\"@type\":\"Person\",\"@id\":\"https:\\\/\\\/avrupatv.eu\\\/#\\\/schema\\\/person\\\/d56afa5d5569da4029d483da36c0c17d\",\"name\":\"Onur Akpinar\",\"image\":{\"@type\":\"ImageObject\",\"inLanguage\":\"tr\",\"@id\":\"https:\\\/\\\/secure.gravatar.com\\\/avatar\\\/67a1a0bdf34f82da209334e4684b7e7171a58a5a2b0a8f836b61044f5c1f5d6a?s=96&d=mm&r=g\",\"url\":\"https:\\\/\\\/secure.gravatar.com\\\/avatar\\\/67a1a0bdf34f82da209334e4684b7e7171a58a5a2b0a8f836b61044f5c1f5d6a?s=96&d=mm&r=g\",\"contentUrl\":\"https:\\\/\\\/secure.gravatar.com\\\/avatar\\\/67a1a0bdf34f82da209334e4684b7e7171a58a5a2b0a8f836b61044f5c1f5d6a?s=96&d=mm&r=g\",\"caption\":\"Onur Akpinar\"},\"url\":\"https:\\\/\\\/avrupatv.eu\\\/index.php\\\/author\\\/onur-akpinar\\\/\"}]}<\/script>\n<!-- \/ Yoast SEO plugin. -->","yoast_head_json":{"title":"ASGAR\u0130 \u00dcCRET TALEB\u0130N\u0130 A\u00c7IKLADI: \"BUNU GET\u0130R\u0130RLERSE MASADA OLURUZ\" - Avrupal\u0131 T\u00fcrklerin en Yeni Haber Portal\u0131","robots":{"index":"index","follow":"follow","max-snippet":"max-snippet:-1","max-image-preview":"max-image-preview:large","max-video-preview":"max-video-preview:-1"},"canonical":"https:\/\/avrupatv.eu\/index.php\/2024\/12\/19\/asgari-ucret-talebini-acikladi-bunu-getirirlerse-masada-oluruz\/","og_locale":"tr_TR","og_type":"article","og_title":"ASGAR\u0130 \u00dcCRET TALEB\u0130N\u0130 A\u00c7IKLADI: \"BUNU GET\u0130R\u0130RLERSE MASADA OLURUZ\" - Avrupal\u0131 T\u00fcrklerin en Yeni Haber Portal\u0131","og_description":"2025&#8217;te ge\u00e7erli olacak asgari \u00fccreti belirleme \u00e7al\u0131\u015fmalar\u0131 s\u00fcrerken, T\u00dcRK-\u0130\u015e uzun s\u00fcre rakam telaffuz etmemesi nedeniyle ele\u015ftirilmi\u015fti. Kamuoyundan gelen tepkilerin ard\u0131ndan T\u00dcRK-\u0130\u015e, nihayet asgari \u00fccret talebini duyurdu. T\u00fcrk-\u0130\u015f Genel Ba\u015fkan\u0131 Erg\u00fcn Atalay, taleplerini \u015fu s\u00f6zlerle a\u00e7\u0131klad\u0131:&#8220;Talebimiz bu, bunu getirirlerse burada oluruz, getirmezlerse masada olmay\u0131z.&#8221; \u00dc\u00c7\u00dcNC\u00dc TOPLANTIDA DA RAKAM KONU\u015eULMADIAsgari \u00dccret Tespit Komisyonu, 2025 y\u0131l\u0131 i\u00e7in asgari [&hellip;]","og_url":"https:\/\/avrupatv.eu\/index.php\/2024\/12\/19\/asgari-ucret-talebini-acikladi-bunu-getirirlerse-masada-oluruz\/","og_site_name":"Avrupal\u0131 T\u00fcrklerin en Yeni Haber Portal\u0131","article_published_time":"2024-12-19T15:20:41+00:00","og_image":[{"width":612,"height":408,"url":"https:\/\/avrupatv.eu\/wp-content\/uploads\/2024\/12\/istockphoto-1063289558-612x612-2.jpg","type":"image\/jpeg"}],"author":"Onur Akpinar","twitter_card":"summary_large_image","twitter_misc":{"Yazan:":"Onur Akpinar","Tahmini okuma s\u00fcresi":"3 dakika"},"schema":{"@context":"https:\/\/schema.org","@graph":[{"@type":"Article","@id":"https:\/\/avrupatv.eu\/index.php\/2024\/12\/19\/asgari-ucret-talebini-acikladi-bunu-getirirlerse-masada-oluruz\/#article","isPartOf":{"@id":"https:\/\/avrupatv.eu\/index.php\/2024\/12\/19\/asgari-ucret-talebini-acikladi-bunu-getirirlerse-masada-oluruz\/"},"author":{"name":"Onur Akpinar","@id":"https:\/\/avrupatv.eu\/#\/schema\/person\/d56afa5d5569da4029d483da36c0c17d"},"headline":"ASGAR\u0130 \u00dcCRET TALEB\u0130N\u0130 A\u00c7IKLADI: &#8220;BUNU GET\u0130R\u0130RLERSE MASADA OLURUZ&#8221;","datePublished":"2024-12-19T15:20:41+00:00","mainEntityOfPage":{"@id":"https:\/\/avrupatv.eu\/index.php\/2024\/12\/19\/asgari-ucret-talebini-acikladi-bunu-getirirlerse-masada-oluruz\/"},"wordCount":414,"commentCount":0,"publisher":{"@id":"https:\/\/avrupatv.eu\/#organization"},"image":{"@id":"https:\/\/avrupatv.eu\/index.php\/2024\/12\/19\/asgari-ucret-talebini-acikladi-bunu-getirirlerse-masada-oluruz\/#primaryimage"},"thumbnailUrl":"https:\/\/avrupatv.eu\/wp-content\/uploads\/2024\/12\/istockphoto-1063289558-612x612-2.jpg","articleSection":["T\u00fcrkiye"],"inLanguage":"tr","potentialAction":[{"@type":"CommentAction","name":"Comment","target":["https:\/\/avrupatv.eu\/index.php\/2024\/12\/19\/asgari-ucret-talebini-acikladi-bunu-getirirlerse-masada-oluruz\/#respond"]}]},{"@type":"WebPage","@id":"https:\/\/avrupatv.eu\/index.php\/2024\/12\/19\/asgari-ucret-talebini-acikladi-bunu-getirirlerse-masada-oluruz\/","url":"https:\/\/avrupatv.eu\/index.php\/2024\/12\/19\/asgari-ucret-talebini-acikladi-bunu-getirirlerse-masada-oluruz\/","name":"ASGAR\u0130 \u00dcCRET TALEB\u0130N\u0130 A\u00c7IKLADI: \"BUNU GET\u0130R\u0130RLERSE MASADA OLURUZ\" - Avrupal\u0131 T\u00fcrklerin en Yeni Haber Portal\u0131","isPartOf":{"@id":"https:\/\/avrupatv.eu\/#website"},"primaryImageOfPage":{"@id":"https:\/\/avrupatv.eu\/index.php\/2024\/12\/19\/asgari-ucret-talebini-acikladi-bunu-getirirlerse-masada-oluruz\/#primaryimage"},"image":{"@id":"https:\/\/avrupatv.eu\/index.php\/2024\/12\/19\/asgari-ucret-talebini-acikladi-bunu-getirirlerse-masada-oluruz\/#primaryimage"},"thumbnailUrl":"https:\/\/avrupatv.eu\/wp-content\/uploads\/2024\/12\/istockphoto-1063289558-612x612-2.jpg","datePublished":"2024-12-19T15:20:41+00:00","breadcrumb":{"@id":"https:\/\/avrupatv.eu\/index.php\/2024\/12\/19\/asgari-ucret-talebini-acikladi-bunu-getirirlerse-masada-oluruz\/#breadcrumb"},"inLanguage":"tr","potentialAction":[{"@type":"ReadAction","target":["https:\/\/avrupatv.eu\/index.php\/2024\/12\/19\/asgari-ucret-talebini-acikladi-bunu-getirirlerse-masada-oluruz\/"]}]},{"@type":"ImageObject","inLanguage":"tr","@id":"https:\/\/avrupatv.eu\/index.php\/2024\/12\/19\/asgari-ucret-talebini-acikladi-bunu-getirirlerse-masada-oluruz\/#primaryimage","url":"https:\/\/avrupatv.eu\/wp-content\/uploads\/2024\/12\/istockphoto-1063289558-612x612-2.jpg","contentUrl":"https:\/\/avrupatv.eu\/wp-content\/uploads\/2024\/12\/istockphoto-1063289558-612x612-2.jpg","width":612,"height":408,"caption":"Young man holding some one hundred and two hundred cash banknotes, Close up"},{"@type":"BreadcrumbList","@id":"https:\/\/avrupatv.eu\/index.php\/2024\/12\/19\/asgari-ucret-talebini-acikladi-bunu-getirirlerse-masada-oluruz\/#breadcrumb","itemListElement":[{"@type":"ListItem","position":1,"name":"Anasayfa","item":"https:\/\/avrupatv.eu\/"},{"@type":"ListItem","position":2,"name":"ASGAR\u0130 \u00dcCRET TALEB\u0130N\u0130 A\u00c7IKLADI: &#8220;BUNU GET\u0130R\u0130RLERSE MASADA OLURUZ&#8221;"}]},{"@type":"WebSite","@id":"https:\/\/avrupatv.eu\/#website","url":"https:\/\/avrupatv.eu\/","name":"Avrupal\u0131 T\u00fcrklerin en Yeni Haber Portal\u0131","description":"","publisher":{"@id":"https:\/\/avrupatv.eu\/#organization"},"alternateName":"Avrupa tv","potentialAction":[{"@type":"SearchAction","target":{"@type":"EntryPoint","urlTemplate":"https:\/\/avrupatv.eu\/?s={search_term_string}"},"query-input":{"@type":"PropertyValueSpecification","valueRequired":true,"valueName":"search_term_string"}}],"inLanguage":"tr"},{"@type":"Organization","@id":"https:\/\/avrupatv.eu\/#organization","name":"Avrupa Haber","url":"https:\/\/avrupatv.eu\/","logo":{"@type":"ImageObject","inLanguage":"tr","@id":"https:\/\/avrupatv.eu\/#\/schema\/logo\/image\/","url":"https:\/\/avrupatv.eu\/wp-content\/uploads\/2023\/10\/cropped-thumbnail_logo.png","contentUrl":"https:\/\/avrupatv.eu\/wp-content\/uploads\/2023\/10\/cropped-thumbnail_logo.png","width":1025,"height":302,"caption":"Avrupa Haber"},"image":{"@id":"https:\/\/avrupatv.eu\/#\/schema\/logo\/image\/"}},{"@type":"Person","@id":"https:\/\/avrupatv.eu\/#\/schema\/person\/d56afa5d5569da4029d483da36c0c17d","name":"Onur Akpinar","image":{"@type":"ImageObject","inLanguage":"tr","@id":"https:\/\/secure.gravatar.com\/avatar\/67a1a0bdf34f82da209334e4684b7e7171a58a5a2b0a8f836b61044f5c1f5d6a?s=96&d=mm&r=g","url":"https:\/\/secure.gravatar.com\/avatar\/67a1a0bdf34f82da209334e4684b7e7171a58a5a2b0a8f836b61044f5c1f5d6a?s=96&d=mm&r=g","contentUrl":"https:\/\/secure.gravatar.com\/avatar\/67a1a0bdf34f82da209334e4684b7e7171a58a5a2b0a8f836b61044f5c1f5d6a?s=96&d=mm&r=g","caption":"Onur Akpinar"},"url":"https:\/\/avrupatv.eu\/index.php\/author\/onur-akpinar\/"}]}},"_links":{"self":[{"href":"https:\/\/avrupatv.eu\/index.php\/wp-json\/wp\/v2\/posts\/852","targetHints":{"allow":["GET"]}}],"collection":[{"href":"https:\/\/avrupatv.eu\/index.php\/wp-json\/wp\/v2\/posts"}],"about":[{"href":"https:\/\/avrupatv.eu\/index.php\/wp-json\/wp\/v2\/types\/post"}],"author":[{"embeddable":true,"href":"https:\/\/avrupatv.eu\/index.php\/wp-json\/wp\/v2\/users\/2"}],"replies":[{"embeddable":true,"href":"https:\/\/avrupatv.eu\/index.php\/wp-json\/wp\/v2\/comments?post=852"}],"version-history":[{"count":1,"href":"https:\/\/avrupatv.eu\/index.php\/wp-json\/wp\/v2\/posts\/852\/revisions"}],"predecessor-version":[{"id":854,"href":"https:\/\/avrupatv.eu\/index.php\/wp-json\/wp\/v2\/posts\/852\/revisions\/854"}],"wp:featuredmedia":[{"embeddable":true,"href":"https:\/\/avrupatv.eu\/index.php\/wp-json\/wp\/v2\/media\/853"}],"wp:attachment":[{"href":"https:\/\/avrupatv.eu\/index.php\/wp-json\/wp\/v2\/media?parent=852"}],"wp:term":[{"taxonomy":"category","embeddable":true,"href":"https:\/\/avrupatv.eu\/index.php\/wp-json\/wp\/v2\/categories?post=852"},{"taxonomy":"post_tag","embeddable":true,"href":"https:\/\/avrupatv.eu\/index.php\/wp-json\/wp\/v2\/tags?post=852"}],"curies":[{"name":"wp","href":"https:\/\/api.w.org\/{rel}","templated":true}]}}