{"id":84,"date":"2023-10-25T21:47:51","date_gmt":"2023-10-25T21:47:51","guid":{"rendered":"https:\/\/avrupatv.eu\/?p=84"},"modified":"2023-10-25T21:47:51","modified_gmt":"2023-10-25T21:47:51","slug":"msb-irakin-kuzeyinde-19-hedef-imha-edildi-cok-sayida-terorist-etkisiz-hale-getirildi","status":"publish","type":"post","link":"https:\/\/avrupatv.eu\/index.php\/2023\/10\/25\/msb-irakin-kuzeyinde-19-hedef-imha-edildi-cok-sayida-terorist-etkisiz-hale-getirildi\/","title":{"rendered":"MSB:\u00a0Irak&#8217;\u0131n kuzeyinde 19 hedef imha edildi, \u00e7ok say\u0131da ter\u00f6rist etkisiz hale getirildi"},"content":{"rendered":"\n<p>Milli Savunma Bakanl\u0131\u011f\u0131 (<a href=\"https:\/\/www.dha.com.tr\/haberleri\/msb\" target=\"_blank\" rel=\"noreferrer noopener\">MSB<\/a>),\u00a0Irak&#8217;\u0131n kuzeyindeki\u00a0<a href=\"https:\/\/www.dha.com.tr\/haberleri\/teror\" target=\"_blank\" rel=\"noreferrer noopener\">ter\u00f6r<\/a>\u00a0noktalar\u0131na\u00a0y\u00f6nelik d\u00fczenlenen hava harekat\u0131nda 19 hedefin\u00a0<a href=\"https:\/\/www.dha.com.tr\/haberleri\/imha\" target=\"_blank\" rel=\"noreferrer noopener\">imha<\/a>\u00a0edildi\u011fini, \u00e7ok say\u0131da ter\u00f6ristin etkisiz hale getirildi\u011fini duyurdu.<\/p>\n\n\n\n<p><a href=\"https:\/\/www.dha.com.tr\/haberleri\/msb\" target=\"_blank\" rel=\"noreferrer noopener\">MSB<\/a>&nbsp;taraf\u0131ndan yap\u0131lan yaz\u0131l\u0131 a\u00e7\u0131klamada,&nbsp;Irak&#8217;\u0131n kuzeyindeki Metina, Gara, Ava\u015fin, Hakurk ve Kandil b\u00f6lgelerinde b\u00f6l\u00fcc\u00fc&nbsp;<a href=\"https:\/\/www.dha.com.tr\/haberleri\/teror\" target=\"_blank\" rel=\"noreferrer noopener\">ter\u00f6r<\/a>&nbsp;\u00f6rg\u00fct\u00fcne y\u00f6nelik&nbsp;hava harekatlar\u0131 d\u00fczenlendi\u011fi,&nbsp;icra edilen hava harekatlar\u0131yla b\u00f6l\u00fcc\u00fc ter\u00f6r \u00f6rg\u00fct\u00fc taraf\u0131ndan kullan\u0131lan ve&nbsp;i\u00e7erisinde sorumlu d\u00fczeyde ter\u00f6ristlerin de bulundu\u011fu de\u011ferlendirilen ma\u011fara, s\u0131\u011f\u0131nak, bar\u0131nak ve depolardan olu\u015fan toplam 19 hedefin&nbsp;<a href=\"https:\/\/www.dha.com.tr\/haberleri\/imha\" target=\"_blank\" rel=\"noreferrer noopener\">imha<\/a>&nbsp;edildi\u011fi belirtildi.<\/p>\n\n\n\n<p>Harekat\u0131n,&nbsp;PKK\/KCK ve di\u011fer ter\u00f6rist unsurlar\u0131 etkisiz hale getirerek Suriye&#8217;nin kuzeyinden halklara&nbsp;ve g\u00fcvenlik g\u00fc\u00e7lerine y\u00f6nelik ter\u00f6r sald\u0131r\u0131lar\u0131n\u0131 bertaraf etmek ve hudut g\u00fcvenli\u011fini sa\u011flamak amac\u0131yla; Birle\u015fmi\u015f Milletler Anla\u015fmas\u0131&#8217;n\u0131n 51&#8217;inci maddesinden do\u011fan me\u015fru m\u00fcdafaa hakk\u0131 do\u011frultusunda d\u00fczenlendi\u011fi bildirildi.<\/p>\n\n\n\n<p>\u0130cra edilen harekatlarda azami oranda yerli ve milli&nbsp;m\u00fchimmat kullan\u0131larak \u00e7ok say\u0131da ter\u00f6ristin etkisiz hale getirildi\u011fi belirtilerek, &#8220;Asil milletimizin ba\u011fr\u0131ndan \u00e7\u0131kan T\u00fcrk Silahl\u0131 Kuvvetleri, ge\u00e7mi\u015fte oldu\u011fu gibi bug\u00fcn de \u00fclkemizin ve milletimizin beka ve g\u00fcvenli\u011fi i\u00e7in ter\u00f6rle m\u00fccadeleye tek bir ter\u00f6rist kalmay\u0131ncaya kadar azim ve kararl\u0131l\u0131kla devam edecektir. Bu harekat s\u0131ras\u0131nda; masum sivillerin, dost unsurlar\u0131n, tarihi&nbsp;ve k\u00fclt\u00fcrel varl\u0131klar ile \u00e7evrenin zarar g\u00f6rmemesi i\u00e7in her t\u00fcrl\u00fc tedbir al\u0131nm\u0131\u015ft\u0131r&#8221; denildi.<\/p>\n","protected":false},"excerpt":{"rendered":"<p>Milli Savunma Bakanl\u0131\u011f\u0131 (MSB),\u00a0Irak&#8217;\u0131n kuzeyindeki\u00a0ter\u00f6r\u00a0noktalar\u0131na\u00a0y\u00f6nelik d\u00fczenlenen hava harekat\u0131nda 19 hedefin\u00a0imha\u00a0edildi\u011fini, \u00e7ok say\u0131da ter\u00f6ristin etkisiz hale getirildi\u011fini duyurdu. MSB&nbsp;taraf\u0131ndan yap\u0131lan yaz\u0131l\u0131 a\u00e7\u0131klamada,&nbsp;Irak&#8217;\u0131n kuzeyindeki Metina, Gara, Ava\u015fin, Hakurk ve Kandil b\u00f6lgelerinde b\u00f6l\u00fcc\u00fc&nbsp;ter\u00f6r&nbsp;\u00f6rg\u00fct\u00fcne y\u00f6nelik&nbsp;hava harekatlar\u0131 d\u00fczenlendi\u011fi,&nbsp;icra edilen hava harekatlar\u0131yla b\u00f6l\u00fcc\u00fc ter\u00f6r \u00f6rg\u00fct\u00fc taraf\u0131ndan kullan\u0131lan ve&nbsp;i\u00e7erisinde sorumlu d\u00fczeyde ter\u00f6ristlerin de bulundu\u011fu de\u011ferlendirilen ma\u011fara, s\u0131\u011f\u0131nak, bar\u0131nak ve depolardan olu\u015fan toplam [&hellip;]<\/p>\n","protected":false},"author":2,"featured_media":0,"comment_status":"open","ping_status":"open","sticky":false,"template":"","format":"standard","meta":{"footnotes":""},"categories":[1,11],"tags":[],"class_list":["post-84","post","type-post","status-publish","format-standard","hentry","category-blog","category-turkiye"],"yoast_head":"<!-- This site is optimized with the Yoast SEO plugin v27.4 - https:\/\/yoast.com\/product\/yoast-seo-wordpress\/ -->\n<title>MSB:\u00a0Irak&#039;\u0131n kuzeyinde 19 hedef imha edildi, \u00e7ok say\u0131da ter\u00f6rist etkisiz hale getirildi - Avrupal\u0131 T\u00fcrklerin en Yeni Haber Portal\u0131<\/title>\n<meta name=\"robots\" content=\"index, follow, max-snippet:-1, max-image-preview:large, max-video-preview:-1\" \/>\n<link rel=\"canonical\" href=\"https:\/\/avrupatv.eu\/index.php\/2023\/10\/25\/msb-irakin-kuzeyinde-19-hedef-imha-edildi-cok-sayida-terorist-etkisiz-hale-getirildi\/\" \/>\n<meta property=\"og:locale\" content=\"tr_TR\" \/>\n<meta property=\"og:type\" content=\"article\" \/>\n<meta property=\"og:title\" content=\"MSB:\u00a0Irak&#039;\u0131n kuzeyinde 19 hedef imha edildi, \u00e7ok say\u0131da ter\u00f6rist etkisiz hale getirildi - Avrupal\u0131 T\u00fcrklerin en Yeni Haber Portal\u0131\" \/>\n<meta property=\"og:description\" content=\"Milli Savunma Bakanl\u0131\u011f\u0131 (MSB),\u00a0Irak&#8217;\u0131n kuzeyindeki\u00a0ter\u00f6r\u00a0noktalar\u0131na\u00a0y\u00f6nelik d\u00fczenlenen hava harekat\u0131nda 19 hedefin\u00a0imha\u00a0edildi\u011fini, \u00e7ok say\u0131da ter\u00f6ristin etkisiz hale getirildi\u011fini duyurdu. MSB&nbsp;taraf\u0131ndan yap\u0131lan yaz\u0131l\u0131 a\u00e7\u0131klamada,&nbsp;Irak&#8217;\u0131n kuzeyindeki Metina, Gara, Ava\u015fin, Hakurk ve Kandil b\u00f6lgelerinde b\u00f6l\u00fcc\u00fc&nbsp;ter\u00f6r&nbsp;\u00f6rg\u00fct\u00fcne y\u00f6nelik&nbsp;hava harekatlar\u0131 d\u00fczenlendi\u011fi,&nbsp;icra edilen hava harekatlar\u0131yla b\u00f6l\u00fcc\u00fc ter\u00f6r \u00f6rg\u00fct\u00fc taraf\u0131ndan kullan\u0131lan ve&nbsp;i\u00e7erisinde sorumlu d\u00fczeyde ter\u00f6ristlerin de bulundu\u011fu de\u011ferlendirilen ma\u011fara, s\u0131\u011f\u0131nak, bar\u0131nak ve depolardan olu\u015fan toplam [&hellip;]\" \/>\n<meta property=\"og:url\" content=\"https:\/\/avrupatv.eu\/index.php\/2023\/10\/25\/msb-irakin-kuzeyinde-19-hedef-imha-edildi-cok-sayida-terorist-etkisiz-hale-getirildi\/\" \/>\n<meta property=\"og:site_name\" content=\"Avrupal\u0131 T\u00fcrklerin en Yeni Haber Portal\u0131\" \/>\n<meta property=\"article:published_time\" content=\"2023-10-25T21:47:51+00:00\" \/>\n<meta property=\"og:image\" content=\"https:\/\/avrupatv.eu\/wp-content\/uploads\/2023\/10\/cropped-cropped-thumbnail_logo.png\" \/>\n\t<meta property=\"og:image:width\" content=\"512\" \/>\n\t<meta property=\"og:image:height\" content=\"512\" \/>\n\t<meta property=\"og:image:type\" content=\"image\/png\" \/>\n<meta name=\"author\" content=\"Onur Akpinar\" \/>\n<meta name=\"twitter:card\" content=\"summary_large_image\" \/>\n<meta name=\"twitter:label1\" content=\"Yazan:\" \/>\n\t<meta name=\"twitter:data1\" content=\"Onur Akpinar\" \/>\n\t<meta name=\"twitter:label2\" content=\"Tahmini okuma s\u00fcresi\" \/>\n\t<meta name=\"twitter:data2\" content=\"1 dakika\" \/>\n<script type=\"application\/ld+json\" class=\"yoast-schema-graph\">{\"@context\":\"https:\\\/\\\/schema.org\",\"@graph\":[{\"@type\":\"Article\",\"@id\":\"https:\\\/\\\/avrupatv.eu\\\/index.php\\\/2023\\\/10\\\/25\\\/msb-irakin-kuzeyinde-19-hedef-imha-edildi-cok-sayida-terorist-etkisiz-hale-getirildi\\\/#article\",\"isPartOf\":{\"@id\":\"https:\\\/\\\/avrupatv.eu\\\/index.php\\\/2023\\\/10\\\/25\\\/msb-irakin-kuzeyinde-19-hedef-imha-edildi-cok-sayida-terorist-etkisiz-hale-getirildi\\\/\"},\"author\":{\"name\":\"Onur Akpinar\",\"@id\":\"https:\\\/\\\/avrupatv.eu\\\/#\\\/schema\\\/person\\\/d56afa5d5569da4029d483da36c0c17d\"},\"headline\":\"MSB:\u00a0Irak&#8217;\u0131n kuzeyinde 19 hedef imha edildi, \u00e7ok say\u0131da ter\u00f6rist etkisiz hale getirildi\",\"datePublished\":\"2023-10-25T21:47:51+00:00\",\"mainEntityOfPage\":{\"@id\":\"https:\\\/\\\/avrupatv.eu\\\/index.php\\\/2023\\\/10\\\/25\\\/msb-irakin-kuzeyinde-19-hedef-imha-edildi-cok-sayida-terorist-etkisiz-hale-getirildi\\\/\"},\"wordCount\":306,\"commentCount\":0,\"publisher\":{\"@id\":\"https:\\\/\\\/avrupatv.eu\\\/#organization\"},\"articleSection\":[\"Blog\",\"T\u00fcrkiye\"],\"inLanguage\":\"tr\",\"potentialAction\":[{\"@type\":\"CommentAction\",\"name\":\"Comment\",\"target\":[\"https:\\\/\\\/avrupatv.eu\\\/index.php\\\/2023\\\/10\\\/25\\\/msb-irakin-kuzeyinde-19-hedef-imha-edildi-cok-sayida-terorist-etkisiz-hale-getirildi\\\/#respond\"]}]},{\"@type\":\"WebPage\",\"@id\":\"https:\\\/\\\/avrupatv.eu\\\/index.php\\\/2023\\\/10\\\/25\\\/msb-irakin-kuzeyinde-19-hedef-imha-edildi-cok-sayida-terorist-etkisiz-hale-getirildi\\\/\",\"url\":\"https:\\\/\\\/avrupatv.eu\\\/index.php\\\/2023\\\/10\\\/25\\\/msb-irakin-kuzeyinde-19-hedef-imha-edildi-cok-sayida-terorist-etkisiz-hale-getirildi\\\/\",\"name\":\"MSB:\u00a0Irak'\u0131n kuzeyinde 19 hedef imha edildi, \u00e7ok say\u0131da ter\u00f6rist etkisiz hale getirildi - Avrupal\u0131 T\u00fcrklerin en Yeni Haber Portal\u0131\",\"isPartOf\":{\"@id\":\"https:\\\/\\\/avrupatv.eu\\\/#website\"},\"datePublished\":\"2023-10-25T21:47:51+00:00\",\"breadcrumb\":{\"@id\":\"https:\\\/\\\/avrupatv.eu\\\/index.php\\\/2023\\\/10\\\/25\\\/msb-irakin-kuzeyinde-19-hedef-imha-edildi-cok-sayida-terorist-etkisiz-hale-getirildi\\\/#breadcrumb\"},\"inLanguage\":\"tr\",\"potentialAction\":[{\"@type\":\"ReadAction\",\"target\":[\"https:\\\/\\\/avrupatv.eu\\\/index.php\\\/2023\\\/10\\\/25\\\/msb-irakin-kuzeyinde-19-hedef-imha-edildi-cok-sayida-terorist-etkisiz-hale-getirildi\\\/\"]}]},{\"@type\":\"BreadcrumbList\",\"@id\":\"https:\\\/\\\/avrupatv.eu\\\/index.php\\\/2023\\\/10\\\/25\\\/msb-irakin-kuzeyinde-19-hedef-imha-edildi-cok-sayida-terorist-etkisiz-hale-getirildi\\\/#breadcrumb\",\"itemListElement\":[{\"@type\":\"ListItem\",\"position\":1,\"name\":\"Anasayfa\",\"item\":\"https:\\\/\\\/avrupatv.eu\\\/\"},{\"@type\":\"ListItem\",\"position\":2,\"name\":\"MSB:\u00a0Irak&#8217;\u0131n kuzeyinde 19 hedef imha edildi, \u00e7ok say\u0131da ter\u00f6rist etkisiz hale getirildi\"}]},{\"@type\":\"WebSite\",\"@id\":\"https:\\\/\\\/avrupatv.eu\\\/#website\",\"url\":\"https:\\\/\\\/avrupatv.eu\\\/\",\"name\":\"Avrupal\u0131 T\u00fcrklerin en Yeni Haber Portal\u0131\",\"description\":\"\",\"publisher\":{\"@id\":\"https:\\\/\\\/avrupatv.eu\\\/#organization\"},\"alternateName\":\"Avrupa tv\",\"potentialAction\":[{\"@type\":\"SearchAction\",\"target\":{\"@type\":\"EntryPoint\",\"urlTemplate\":\"https:\\\/\\\/avrupatv.eu\\\/?s={search_term_string}\"},\"query-input\":{\"@type\":\"PropertyValueSpecification\",\"valueRequired\":true,\"valueName\":\"search_term_string\"}}],\"inLanguage\":\"tr\"},{\"@type\":\"Organization\",\"@id\":\"https:\\\/\\\/avrupatv.eu\\\/#organization\",\"name\":\"Avrupa Haber\",\"url\":\"https:\\\/\\\/avrupatv.eu\\\/\",\"logo\":{\"@type\":\"ImageObject\",\"inLanguage\":\"tr\",\"@id\":\"https:\\\/\\\/avrupatv.eu\\\/#\\\/schema\\\/logo\\\/image\\\/\",\"url\":\"https:\\\/\\\/avrupatv.eu\\\/wp-content\\\/uploads\\\/2023\\\/10\\\/cropped-thumbnail_logo.png\",\"contentUrl\":\"https:\\\/\\\/avrupatv.eu\\\/wp-content\\\/uploads\\\/2023\\\/10\\\/cropped-thumbnail_logo.png\",\"width\":1025,\"height\":302,\"caption\":\"Avrupa Haber\"},\"image\":{\"@id\":\"https:\\\/\\\/avrupatv.eu\\\/#\\\/schema\\\/logo\\\/image\\\/\"}},{\"@type\":\"Person\",\"@id\":\"https:\\\/\\\/avrupatv.eu\\\/#\\\/schema\\\/person\\\/d56afa5d5569da4029d483da36c0c17d\",\"name\":\"Onur Akpinar\",\"image\":{\"@type\":\"ImageObject\",\"inLanguage\":\"tr\",\"@id\":\"https:\\\/\\\/secure.gravatar.com\\\/avatar\\\/67a1a0bdf34f82da209334e4684b7e7171a58a5a2b0a8f836b61044f5c1f5d6a?s=96&d=mm&r=g\",\"url\":\"https:\\\/\\\/secure.gravatar.com\\\/avatar\\\/67a1a0bdf34f82da209334e4684b7e7171a58a5a2b0a8f836b61044f5c1f5d6a?s=96&d=mm&r=g\",\"contentUrl\":\"https:\\\/\\\/secure.gravatar.com\\\/avatar\\\/67a1a0bdf34f82da209334e4684b7e7171a58a5a2b0a8f836b61044f5c1f5d6a?s=96&d=mm&r=g\",\"caption\":\"Onur Akpinar\"},\"url\":\"https:\\\/\\\/avrupatv.eu\\\/index.php\\\/author\\\/onur-akpinar\\\/\"}]}<\/script>\n<!-- \/ Yoast SEO plugin. -->","yoast_head_json":{"title":"MSB:\u00a0Irak'\u0131n kuzeyinde 19 hedef imha edildi, \u00e7ok say\u0131da ter\u00f6rist etkisiz hale getirildi - Avrupal\u0131 T\u00fcrklerin en Yeni Haber Portal\u0131","robots":{"index":"index","follow":"follow","max-snippet":"max-snippet:-1","max-image-preview":"max-image-preview:large","max-video-preview":"max-video-preview:-1"},"canonical":"https:\/\/avrupatv.eu\/index.php\/2023\/10\/25\/msb-irakin-kuzeyinde-19-hedef-imha-edildi-cok-sayida-terorist-etkisiz-hale-getirildi\/","og_locale":"tr_TR","og_type":"article","og_title":"MSB:\u00a0Irak'\u0131n kuzeyinde 19 hedef imha edildi, \u00e7ok say\u0131da ter\u00f6rist etkisiz hale getirildi - Avrupal\u0131 T\u00fcrklerin en Yeni Haber Portal\u0131","og_description":"Milli Savunma Bakanl\u0131\u011f\u0131 (MSB),\u00a0Irak&#8217;\u0131n kuzeyindeki\u00a0ter\u00f6r\u00a0noktalar\u0131na\u00a0y\u00f6nelik d\u00fczenlenen hava harekat\u0131nda 19 hedefin\u00a0imha\u00a0edildi\u011fini, \u00e7ok say\u0131da ter\u00f6ristin etkisiz hale getirildi\u011fini duyurdu. MSB&nbsp;taraf\u0131ndan yap\u0131lan yaz\u0131l\u0131 a\u00e7\u0131klamada,&nbsp;Irak&#8217;\u0131n kuzeyindeki Metina, Gara, Ava\u015fin, Hakurk ve Kandil b\u00f6lgelerinde b\u00f6l\u00fcc\u00fc&nbsp;ter\u00f6r&nbsp;\u00f6rg\u00fct\u00fcne y\u00f6nelik&nbsp;hava harekatlar\u0131 d\u00fczenlendi\u011fi,&nbsp;icra edilen hava harekatlar\u0131yla b\u00f6l\u00fcc\u00fc ter\u00f6r \u00f6rg\u00fct\u00fc taraf\u0131ndan kullan\u0131lan ve&nbsp;i\u00e7erisinde sorumlu d\u00fczeyde ter\u00f6ristlerin de bulundu\u011fu de\u011ferlendirilen ma\u011fara, s\u0131\u011f\u0131nak, bar\u0131nak ve depolardan olu\u015fan toplam [&hellip;]","og_url":"https:\/\/avrupatv.eu\/index.php\/2023\/10\/25\/msb-irakin-kuzeyinde-19-hedef-imha-edildi-cok-sayida-terorist-etkisiz-hale-getirildi\/","og_site_name":"Avrupal\u0131 T\u00fcrklerin en Yeni Haber Portal\u0131","article_published_time":"2023-10-25T21:47:51+00:00","og_image":[{"width":512,"height":512,"url":"https:\/\/avrupatv.eu\/wp-content\/uploads\/2023\/10\/cropped-cropped-thumbnail_logo.png","type":"image\/png"}],"author":"Onur Akpinar","twitter_card":"summary_large_image","twitter_misc":{"Yazan:":"Onur Akpinar","Tahmini okuma s\u00fcresi":"1 dakika"},"schema":{"@context":"https:\/\/schema.org","@graph":[{"@type":"Article","@id":"https:\/\/avrupatv.eu\/index.php\/2023\/10\/25\/msb-irakin-kuzeyinde-19-hedef-imha-edildi-cok-sayida-terorist-etkisiz-hale-getirildi\/#article","isPartOf":{"@id":"https:\/\/avrupatv.eu\/index.php\/2023\/10\/25\/msb-irakin-kuzeyinde-19-hedef-imha-edildi-cok-sayida-terorist-etkisiz-hale-getirildi\/"},"author":{"name":"Onur Akpinar","@id":"https:\/\/avrupatv.eu\/#\/schema\/person\/d56afa5d5569da4029d483da36c0c17d"},"headline":"MSB:\u00a0Irak&#8217;\u0131n kuzeyinde 19 hedef imha edildi, \u00e7ok say\u0131da ter\u00f6rist etkisiz hale getirildi","datePublished":"2023-10-25T21:47:51+00:00","mainEntityOfPage":{"@id":"https:\/\/avrupatv.eu\/index.php\/2023\/10\/25\/msb-irakin-kuzeyinde-19-hedef-imha-edildi-cok-sayida-terorist-etkisiz-hale-getirildi\/"},"wordCount":306,"commentCount":0,"publisher":{"@id":"https:\/\/avrupatv.eu\/#organization"},"articleSection":["Blog","T\u00fcrkiye"],"inLanguage":"tr","potentialAction":[{"@type":"CommentAction","name":"Comment","target":["https:\/\/avrupatv.eu\/index.php\/2023\/10\/25\/msb-irakin-kuzeyinde-19-hedef-imha-edildi-cok-sayida-terorist-etkisiz-hale-getirildi\/#respond"]}]},{"@type":"WebPage","@id":"https:\/\/avrupatv.eu\/index.php\/2023\/10\/25\/msb-irakin-kuzeyinde-19-hedef-imha-edildi-cok-sayida-terorist-etkisiz-hale-getirildi\/","url":"https:\/\/avrupatv.eu\/index.php\/2023\/10\/25\/msb-irakin-kuzeyinde-19-hedef-imha-edildi-cok-sayida-terorist-etkisiz-hale-getirildi\/","name":"MSB:\u00a0Irak'\u0131n kuzeyinde 19 hedef imha edildi, \u00e7ok say\u0131da ter\u00f6rist etkisiz hale getirildi - Avrupal\u0131 T\u00fcrklerin en Yeni Haber Portal\u0131","isPartOf":{"@id":"https:\/\/avrupatv.eu\/#website"},"datePublished":"2023-10-25T21:47:51+00:00","breadcrumb":{"@id":"https:\/\/avrupatv.eu\/index.php\/2023\/10\/25\/msb-irakin-kuzeyinde-19-hedef-imha-edildi-cok-sayida-terorist-etkisiz-hale-getirildi\/#breadcrumb"},"inLanguage":"tr","potentialAction":[{"@type":"ReadAction","target":["https:\/\/avrupatv.eu\/index.php\/2023\/10\/25\/msb-irakin-kuzeyinde-19-hedef-imha-edildi-cok-sayida-terorist-etkisiz-hale-getirildi\/"]}]},{"@type":"BreadcrumbList","@id":"https:\/\/avrupatv.eu\/index.php\/2023\/10\/25\/msb-irakin-kuzeyinde-19-hedef-imha-edildi-cok-sayida-terorist-etkisiz-hale-getirildi\/#breadcrumb","itemListElement":[{"@type":"ListItem","position":1,"name":"Anasayfa","item":"https:\/\/avrupatv.eu\/"},{"@type":"ListItem","position":2,"name":"MSB:\u00a0Irak&#8217;\u0131n kuzeyinde 19 hedef imha edildi, \u00e7ok say\u0131da ter\u00f6rist etkisiz hale getirildi"}]},{"@type":"WebSite","@id":"https:\/\/avrupatv.eu\/#website","url":"https:\/\/avrupatv.eu\/","name":"Avrupal\u0131 T\u00fcrklerin en Yeni Haber Portal\u0131","description":"","publisher":{"@id":"https:\/\/avrupatv.eu\/#organization"},"alternateName":"Avrupa tv","potentialAction":[{"@type":"SearchAction","target":{"@type":"EntryPoint","urlTemplate":"https:\/\/avrupatv.eu\/?s={search_term_string}"},"query-input":{"@type":"PropertyValueSpecification","valueRequired":true,"valueName":"search_term_string"}}],"inLanguage":"tr"},{"@type":"Organization","@id":"https:\/\/avrupatv.eu\/#organization","name":"Avrupa Haber","url":"https:\/\/avrupatv.eu\/","logo":{"@type":"ImageObject","inLanguage":"tr","@id":"https:\/\/avrupatv.eu\/#\/schema\/logo\/image\/","url":"https:\/\/avrupatv.eu\/wp-content\/uploads\/2023\/10\/cropped-thumbnail_logo.png","contentUrl":"https:\/\/avrupatv.eu\/wp-content\/uploads\/2023\/10\/cropped-thumbnail_logo.png","width":1025,"height":302,"caption":"Avrupa Haber"},"image":{"@id":"https:\/\/avrupatv.eu\/#\/schema\/logo\/image\/"}},{"@type":"Person","@id":"https:\/\/avrupatv.eu\/#\/schema\/person\/d56afa5d5569da4029d483da36c0c17d","name":"Onur Akpinar","image":{"@type":"ImageObject","inLanguage":"tr","@id":"https:\/\/secure.gravatar.com\/avatar\/67a1a0bdf34f82da209334e4684b7e7171a58a5a2b0a8f836b61044f5c1f5d6a?s=96&d=mm&r=g","url":"https:\/\/secure.gravatar.com\/avatar\/67a1a0bdf34f82da209334e4684b7e7171a58a5a2b0a8f836b61044f5c1f5d6a?s=96&d=mm&r=g","contentUrl":"https:\/\/secure.gravatar.com\/avatar\/67a1a0bdf34f82da209334e4684b7e7171a58a5a2b0a8f836b61044f5c1f5d6a?s=96&d=mm&r=g","caption":"Onur Akpinar"},"url":"https:\/\/avrupatv.eu\/index.php\/author\/onur-akpinar\/"}]}},"_links":{"self":[{"href":"https:\/\/avrupatv.eu\/index.php\/wp-json\/wp\/v2\/posts\/84","targetHints":{"allow":["GET"]}}],"collection":[{"href":"https:\/\/avrupatv.eu\/index.php\/wp-json\/wp\/v2\/posts"}],"about":[{"href":"https:\/\/avrupatv.eu\/index.php\/wp-json\/wp\/v2\/types\/post"}],"author":[{"embeddable":true,"href":"https:\/\/avrupatv.eu\/index.php\/wp-json\/wp\/v2\/users\/2"}],"replies":[{"embeddable":true,"href":"https:\/\/avrupatv.eu\/index.php\/wp-json\/wp\/v2\/comments?post=84"}],"version-history":[{"count":0,"href":"https:\/\/avrupatv.eu\/index.php\/wp-json\/wp\/v2\/posts\/84\/revisions"}],"wp:attachment":[{"href":"https:\/\/avrupatv.eu\/index.php\/wp-json\/wp\/v2\/media?parent=84"}],"wp:term":[{"taxonomy":"category","embeddable":true,"href":"https:\/\/avrupatv.eu\/index.php\/wp-json\/wp\/v2\/categories?post=84"},{"taxonomy":"post_tag","embeddable":true,"href":"https:\/\/avrupatv.eu\/index.php\/wp-json\/wp\/v2\/tags?post=84"}],"curies":[{"name":"wp","href":"https:\/\/api.w.org\/{rel}","templated":true}]}}