{"id":833,"date":"2024-12-05T14:35:46","date_gmt":"2024-12-05T14:35:46","guid":{"rendered":"https:\/\/avrupatv.eu\/?p=833"},"modified":"2024-12-05T14:35:46","modified_gmt":"2024-12-05T14:35:46","slug":"ibrahim-haciosmanoglu-canli-yayini-ne-zaman-ve-nerede","status":"publish","type":"post","link":"https:\/\/avrupatv.eu\/index.php\/2024\/12\/05\/ibrahim-haciosmanoglu-canli-yayini-ne-zaman-ve-nerede\/","title":{"rendered":"\u0130brahim Hac\u0131osmano\u011flu Canl\u0131 Yay\u0131n\u0131 Ne Zaman ve Nerede?"},"content":{"rendered":"\n<p>TFF Ba\u015fkan\u0131 \u0130brahim Hac\u0131osmano\u011flu, futbol g\u00fcndemine dair a\u00e7\u0131klamalarda bulunmak \u00fczere 5 Aral\u0131k Per\u015fembe g\u00fcn\u00fc saat 20.00&#8217;de <strong>TRT Spor<\/strong> ekranlar\u0131nda canl\u0131 yay\u0131nda olacak. Bu programda, Galatasaray Ba\u015fkan\u0131 Dursun \u00d6zbek\u2019in A Spor\u2019da yapt\u0131\u011f\u0131 a\u00e7\u0131klamalara yan\u0131t vermesi ve g\u00fcndeme ili\u015fkin de\u011ferlendirmelerde bulunmas\u0131 bekleniyor.<\/p>\n\n\n\n<hr class=\"wp-block-separator has-alpha-channel-opacity\"\/>\n\n\n\n<p><strong>\u0130brahim Hac\u0131osmano\u011flu Kimdir?<\/strong><\/p>\n\n\n\n<ul class=\"wp-block-list\">\n<li><strong>Do\u011fum:<\/strong> 21 \u015eubat 1966, Trabzon.<\/li>\n\n\n\n<li><strong>Aile ve E\u011fitim:<\/strong> 12 \u00e7ocuklu bir ailenin 11. \u00e7ocu\u011fu olarak Trabzon\u2019un Hayrat beldesinde d\u00fcnyaya geldi. Babas\u0131 \u0130stanbul\u2019da ticaretle u\u011fra\u015f\u0131yordu.<\/li>\n\n\n\n<li><strong>Kariyer:<\/strong> Ticaret ve in\u015faat sekt\u00f6r\u00fcnde faaliyet g\u00f6steren Hac\u0131osmano\u011flu, petrol i\u015fleriyle de ilgilendi.<\/li>\n\n\n\n<li><strong>Trabzonspor Ba\u015fkanl\u0131\u011f\u0131:<\/strong> 6 May\u0131s 2013&#8217;te Trabzonspor\u2019un 15. ba\u015fkan\u0131 se\u00e7ildi. Ancak, 5-6 Aral\u0131k 2015\u2019te yap\u0131lan se\u00e7imde Muharrem Usta\u2019ya kar\u015f\u0131 ba\u015fkanl\u0131k yar\u0131\u015f\u0131n\u0131 kaybetti.<\/li>\n\n\n\n<li><strong>TFF Ba\u015fkanl\u0131\u011f\u0131:<\/strong> 2012 y\u0131l\u0131nda T\u00fcrkiye Futbol Federasyonu ba\u015fkanl\u0131\u011f\u0131 i\u00e7in aday oldu, ancak se\u00e7ilemedi.<\/li>\n<\/ul>\n\n\n\n<p>Yay\u0131n\u0131 izlemek i\u00e7in <strong>TRT Spor<\/strong> kanal\u0131n\u0131 takip edebilir ya da kanal\u0131n resmi internet sitesine g\u00f6z atabilirsiniz.<\/p>\n","protected":false},"excerpt":{"rendered":"<p>TFF Ba\u015fkan\u0131 \u0130brahim Hac\u0131osmano\u011flu, futbol g\u00fcndemine dair a\u00e7\u0131klamalarda bulunmak \u00fczere 5 Aral\u0131k Per\u015fembe g\u00fcn\u00fc saat 20.00&#8217;de TRT Spor ekranlar\u0131nda canl\u0131 yay\u0131nda olacak. Bu programda, Galatasaray Ba\u015fkan\u0131 Dursun \u00d6zbek\u2019in A Spor\u2019da yapt\u0131\u011f\u0131 a\u00e7\u0131klamalara yan\u0131t vermesi ve g\u00fcndeme ili\u015fkin de\u011ferlendirmelerde bulunmas\u0131 bekleniyor. \u0130brahim Hac\u0131osmano\u011flu Kimdir? Yay\u0131n\u0131 izlemek i\u00e7in TRT Spor kanal\u0131n\u0131 takip edebilir ya da kanal\u0131n resmi [&hellip;]<\/p>\n","protected":false},"author":2,"featured_media":834,"comment_status":"open","ping_status":"open","sticky":false,"template":"","format":"standard","meta":{"footnotes":""},"categories":[10],"tags":[],"class_list":["post-833","post","type-post","status-publish","format-standard","has-post-thumbnail","hentry","category-futbol"],"yoast_head":"<!-- This site is optimized with the Yoast SEO plugin v27.4 - https:\/\/yoast.com\/product\/yoast-seo-wordpress\/ -->\n<title>\u0130brahim Hac\u0131osmano\u011flu Canl\u0131 Yay\u0131n\u0131 Ne Zaman ve Nerede? - Avrupal\u0131 T\u00fcrklerin en Yeni Haber Portal\u0131<\/title>\n<meta name=\"robots\" content=\"index, follow, max-snippet:-1, max-image-preview:large, max-video-preview:-1\" \/>\n<link rel=\"canonical\" href=\"https:\/\/avrupatv.eu\/index.php\/2024\/12\/05\/ibrahim-haciosmanoglu-canli-yayini-ne-zaman-ve-nerede\/\" \/>\n<meta property=\"og:locale\" content=\"tr_TR\" \/>\n<meta property=\"og:type\" content=\"article\" \/>\n<meta property=\"og:title\" content=\"\u0130brahim Hac\u0131osmano\u011flu Canl\u0131 Yay\u0131n\u0131 Ne Zaman ve Nerede? - Avrupal\u0131 T\u00fcrklerin en Yeni Haber Portal\u0131\" \/>\n<meta property=\"og:description\" content=\"TFF Ba\u015fkan\u0131 \u0130brahim Hac\u0131osmano\u011flu, futbol g\u00fcndemine dair a\u00e7\u0131klamalarda bulunmak \u00fczere 5 Aral\u0131k Per\u015fembe g\u00fcn\u00fc saat 20.00&#8217;de TRT Spor ekranlar\u0131nda canl\u0131 yay\u0131nda olacak. Bu programda, Galatasaray Ba\u015fkan\u0131 Dursun \u00d6zbek\u2019in A Spor\u2019da yapt\u0131\u011f\u0131 a\u00e7\u0131klamalara yan\u0131t vermesi ve g\u00fcndeme ili\u015fkin de\u011ferlendirmelerde bulunmas\u0131 bekleniyor. \u0130brahim Hac\u0131osmano\u011flu Kimdir? Yay\u0131n\u0131 izlemek i\u00e7in TRT Spor kanal\u0131n\u0131 takip edebilir ya da kanal\u0131n resmi [&hellip;]\" \/>\n<meta property=\"og:url\" content=\"https:\/\/avrupatv.eu\/index.php\/2024\/12\/05\/ibrahim-haciosmanoglu-canli-yayini-ne-zaman-ve-nerede\/\" \/>\n<meta property=\"og:site_name\" content=\"Avrupal\u0131 T\u00fcrklerin en Yeni Haber Portal\u0131\" \/>\n<meta property=\"article:published_time\" content=\"2024-12-05T14:35:46+00:00\" \/>\n<meta property=\"og:image\" content=\"https:\/\/avrupatv.eu\/wp-content\/uploads\/2024\/12\/1.webp\" \/>\n\t<meta property=\"og:image:width\" content=\"750\" \/>\n\t<meta property=\"og:image:height\" content=\"422\" \/>\n\t<meta property=\"og:image:type\" content=\"image\/webp\" \/>\n<meta name=\"author\" content=\"Onur Akpinar\" \/>\n<meta name=\"twitter:card\" content=\"summary_large_image\" \/>\n<meta name=\"twitter:label1\" content=\"Yazan:\" \/>\n\t<meta name=\"twitter:data1\" content=\"Onur Akpinar\" \/>\n\t<meta name=\"twitter:label2\" content=\"Tahmini okuma s\u00fcresi\" \/>\n\t<meta name=\"twitter:data2\" content=\"1 dakika\" \/>\n<script type=\"application\/ld+json\" class=\"yoast-schema-graph\">{\"@context\":\"https:\\\/\\\/schema.org\",\"@graph\":[{\"@type\":\"Article\",\"@id\":\"https:\\\/\\\/avrupatv.eu\\\/index.php\\\/2024\\\/12\\\/05\\\/ibrahim-haciosmanoglu-canli-yayini-ne-zaman-ve-nerede\\\/#article\",\"isPartOf\":{\"@id\":\"https:\\\/\\\/avrupatv.eu\\\/index.php\\\/2024\\\/12\\\/05\\\/ibrahim-haciosmanoglu-canli-yayini-ne-zaman-ve-nerede\\\/\"},\"author\":{\"name\":\"Onur Akpinar\",\"@id\":\"https:\\\/\\\/avrupatv.eu\\\/#\\\/schema\\\/person\\\/d56afa5d5569da4029d483da36c0c17d\"},\"headline\":\"\u0130brahim Hac\u0131osmano\u011flu Canl\u0131 Yay\u0131n\u0131 Ne Zaman ve Nerede?\",\"datePublished\":\"2024-12-05T14:35:46+00:00\",\"mainEntityOfPage\":{\"@id\":\"https:\\\/\\\/avrupatv.eu\\\/index.php\\\/2024\\\/12\\\/05\\\/ibrahim-haciosmanoglu-canli-yayini-ne-zaman-ve-nerede\\\/\"},\"wordCount\":191,\"commentCount\":0,\"publisher\":{\"@id\":\"https:\\\/\\\/avrupatv.eu\\\/#organization\"},\"image\":{\"@id\":\"https:\\\/\\\/avrupatv.eu\\\/index.php\\\/2024\\\/12\\\/05\\\/ibrahim-haciosmanoglu-canli-yayini-ne-zaman-ve-nerede\\\/#primaryimage\"},\"thumbnailUrl\":\"https:\\\/\\\/avrupatv.eu\\\/wp-content\\\/uploads\\\/2024\\\/12\\\/1.webp\",\"articleSection\":[\"Futbol\"],\"inLanguage\":\"tr\",\"potentialAction\":[{\"@type\":\"CommentAction\",\"name\":\"Comment\",\"target\":[\"https:\\\/\\\/avrupatv.eu\\\/index.php\\\/2024\\\/12\\\/05\\\/ibrahim-haciosmanoglu-canli-yayini-ne-zaman-ve-nerede\\\/#respond\"]}]},{\"@type\":\"WebPage\",\"@id\":\"https:\\\/\\\/avrupatv.eu\\\/index.php\\\/2024\\\/12\\\/05\\\/ibrahim-haciosmanoglu-canli-yayini-ne-zaman-ve-nerede\\\/\",\"url\":\"https:\\\/\\\/avrupatv.eu\\\/index.php\\\/2024\\\/12\\\/05\\\/ibrahim-haciosmanoglu-canli-yayini-ne-zaman-ve-nerede\\\/\",\"name\":\"\u0130brahim Hac\u0131osmano\u011flu Canl\u0131 Yay\u0131n\u0131 Ne Zaman ve Nerede? - Avrupal\u0131 T\u00fcrklerin en Yeni Haber Portal\u0131\",\"isPartOf\":{\"@id\":\"https:\\\/\\\/avrupatv.eu\\\/#website\"},\"primaryImageOfPage\":{\"@id\":\"https:\\\/\\\/avrupatv.eu\\\/index.php\\\/2024\\\/12\\\/05\\\/ibrahim-haciosmanoglu-canli-yayini-ne-zaman-ve-nerede\\\/#primaryimage\"},\"image\":{\"@id\":\"https:\\\/\\\/avrupatv.eu\\\/index.php\\\/2024\\\/12\\\/05\\\/ibrahim-haciosmanoglu-canli-yayini-ne-zaman-ve-nerede\\\/#primaryimage\"},\"thumbnailUrl\":\"https:\\\/\\\/avrupatv.eu\\\/wp-content\\\/uploads\\\/2024\\\/12\\\/1.webp\",\"datePublished\":\"2024-12-05T14:35:46+00:00\",\"breadcrumb\":{\"@id\":\"https:\\\/\\\/avrupatv.eu\\\/index.php\\\/2024\\\/12\\\/05\\\/ibrahim-haciosmanoglu-canli-yayini-ne-zaman-ve-nerede\\\/#breadcrumb\"},\"inLanguage\":\"tr\",\"potentialAction\":[{\"@type\":\"ReadAction\",\"target\":[\"https:\\\/\\\/avrupatv.eu\\\/index.php\\\/2024\\\/12\\\/05\\\/ibrahim-haciosmanoglu-canli-yayini-ne-zaman-ve-nerede\\\/\"]}]},{\"@type\":\"ImageObject\",\"inLanguage\":\"tr\",\"@id\":\"https:\\\/\\\/avrupatv.eu\\\/index.php\\\/2024\\\/12\\\/05\\\/ibrahim-haciosmanoglu-canli-yayini-ne-zaman-ve-nerede\\\/#primaryimage\",\"url\":\"https:\\\/\\\/avrupatv.eu\\\/wp-content\\\/uploads\\\/2024\\\/12\\\/1.webp\",\"contentUrl\":\"https:\\\/\\\/avrupatv.eu\\\/wp-content\\\/uploads\\\/2024\\\/12\\\/1.webp\",\"width\":750,\"height\":422},{\"@type\":\"BreadcrumbList\",\"@id\":\"https:\\\/\\\/avrupatv.eu\\\/index.php\\\/2024\\\/12\\\/05\\\/ibrahim-haciosmanoglu-canli-yayini-ne-zaman-ve-nerede\\\/#breadcrumb\",\"itemListElement\":[{\"@type\":\"ListItem\",\"position\":1,\"name\":\"Anasayfa\",\"item\":\"https:\\\/\\\/avrupatv.eu\\\/\"},{\"@type\":\"ListItem\",\"position\":2,\"name\":\"\u0130brahim Hac\u0131osmano\u011flu Canl\u0131 Yay\u0131n\u0131 Ne Zaman ve Nerede?\"}]},{\"@type\":\"WebSite\",\"@id\":\"https:\\\/\\\/avrupatv.eu\\\/#website\",\"url\":\"https:\\\/\\\/avrupatv.eu\\\/\",\"name\":\"Avrupal\u0131 T\u00fcrklerin en Yeni Haber Portal\u0131\",\"description\":\"\",\"publisher\":{\"@id\":\"https:\\\/\\\/avrupatv.eu\\\/#organization\"},\"alternateName\":\"Avrupa tv\",\"potentialAction\":[{\"@type\":\"SearchAction\",\"target\":{\"@type\":\"EntryPoint\",\"urlTemplate\":\"https:\\\/\\\/avrupatv.eu\\\/?s={search_term_string}\"},\"query-input\":{\"@type\":\"PropertyValueSpecification\",\"valueRequired\":true,\"valueName\":\"search_term_string\"}}],\"inLanguage\":\"tr\"},{\"@type\":\"Organization\",\"@id\":\"https:\\\/\\\/avrupatv.eu\\\/#organization\",\"name\":\"Avrupa Haber\",\"url\":\"https:\\\/\\\/avrupatv.eu\\\/\",\"logo\":{\"@type\":\"ImageObject\",\"inLanguage\":\"tr\",\"@id\":\"https:\\\/\\\/avrupatv.eu\\\/#\\\/schema\\\/logo\\\/image\\\/\",\"url\":\"https:\\\/\\\/avrupatv.eu\\\/wp-content\\\/uploads\\\/2023\\\/10\\\/cropped-thumbnail_logo.png\",\"contentUrl\":\"https:\\\/\\\/avrupatv.eu\\\/wp-content\\\/uploads\\\/2023\\\/10\\\/cropped-thumbnail_logo.png\",\"width\":1025,\"height\":302,\"caption\":\"Avrupa Haber\"},\"image\":{\"@id\":\"https:\\\/\\\/avrupatv.eu\\\/#\\\/schema\\\/logo\\\/image\\\/\"}},{\"@type\":\"Person\",\"@id\":\"https:\\\/\\\/avrupatv.eu\\\/#\\\/schema\\\/person\\\/d56afa5d5569da4029d483da36c0c17d\",\"name\":\"Onur Akpinar\",\"image\":{\"@type\":\"ImageObject\",\"inLanguage\":\"tr\",\"@id\":\"https:\\\/\\\/secure.gravatar.com\\\/avatar\\\/67a1a0bdf34f82da209334e4684b7e7171a58a5a2b0a8f836b61044f5c1f5d6a?s=96&d=mm&r=g\",\"url\":\"https:\\\/\\\/secure.gravatar.com\\\/avatar\\\/67a1a0bdf34f82da209334e4684b7e7171a58a5a2b0a8f836b61044f5c1f5d6a?s=96&d=mm&r=g\",\"contentUrl\":\"https:\\\/\\\/secure.gravatar.com\\\/avatar\\\/67a1a0bdf34f82da209334e4684b7e7171a58a5a2b0a8f836b61044f5c1f5d6a?s=96&d=mm&r=g\",\"caption\":\"Onur Akpinar\"},\"url\":\"https:\\\/\\\/avrupatv.eu\\\/index.php\\\/author\\\/onur-akpinar\\\/\"}]}<\/script>\n<!-- \/ Yoast SEO plugin. -->","yoast_head_json":{"title":"\u0130brahim Hac\u0131osmano\u011flu Canl\u0131 Yay\u0131n\u0131 Ne Zaman ve Nerede? - Avrupal\u0131 T\u00fcrklerin en Yeni Haber Portal\u0131","robots":{"index":"index","follow":"follow","max-snippet":"max-snippet:-1","max-image-preview":"max-image-preview:large","max-video-preview":"max-video-preview:-1"},"canonical":"https:\/\/avrupatv.eu\/index.php\/2024\/12\/05\/ibrahim-haciosmanoglu-canli-yayini-ne-zaman-ve-nerede\/","og_locale":"tr_TR","og_type":"article","og_title":"\u0130brahim Hac\u0131osmano\u011flu Canl\u0131 Yay\u0131n\u0131 Ne Zaman ve Nerede? - Avrupal\u0131 T\u00fcrklerin en Yeni Haber Portal\u0131","og_description":"TFF Ba\u015fkan\u0131 \u0130brahim Hac\u0131osmano\u011flu, futbol g\u00fcndemine dair a\u00e7\u0131klamalarda bulunmak \u00fczere 5 Aral\u0131k Per\u015fembe g\u00fcn\u00fc saat 20.00&#8217;de TRT Spor ekranlar\u0131nda canl\u0131 yay\u0131nda olacak. Bu programda, Galatasaray Ba\u015fkan\u0131 Dursun \u00d6zbek\u2019in A Spor\u2019da yapt\u0131\u011f\u0131 a\u00e7\u0131klamalara yan\u0131t vermesi ve g\u00fcndeme ili\u015fkin de\u011ferlendirmelerde bulunmas\u0131 bekleniyor. \u0130brahim Hac\u0131osmano\u011flu Kimdir? Yay\u0131n\u0131 izlemek i\u00e7in TRT Spor kanal\u0131n\u0131 takip edebilir ya da kanal\u0131n resmi [&hellip;]","og_url":"https:\/\/avrupatv.eu\/index.php\/2024\/12\/05\/ibrahim-haciosmanoglu-canli-yayini-ne-zaman-ve-nerede\/","og_site_name":"Avrupal\u0131 T\u00fcrklerin en Yeni Haber Portal\u0131","article_published_time":"2024-12-05T14:35:46+00:00","og_image":[{"width":750,"height":422,"url":"https:\/\/avrupatv.eu\/wp-content\/uploads\/2024\/12\/1.webp","type":"image\/webp"}],"author":"Onur Akpinar","twitter_card":"summary_large_image","twitter_misc":{"Yazan:":"Onur Akpinar","Tahmini okuma s\u00fcresi":"1 dakika"},"schema":{"@context":"https:\/\/schema.org","@graph":[{"@type":"Article","@id":"https:\/\/avrupatv.eu\/index.php\/2024\/12\/05\/ibrahim-haciosmanoglu-canli-yayini-ne-zaman-ve-nerede\/#article","isPartOf":{"@id":"https:\/\/avrupatv.eu\/index.php\/2024\/12\/05\/ibrahim-haciosmanoglu-canli-yayini-ne-zaman-ve-nerede\/"},"author":{"name":"Onur Akpinar","@id":"https:\/\/avrupatv.eu\/#\/schema\/person\/d56afa5d5569da4029d483da36c0c17d"},"headline":"\u0130brahim Hac\u0131osmano\u011flu Canl\u0131 Yay\u0131n\u0131 Ne Zaman ve Nerede?","datePublished":"2024-12-05T14:35:46+00:00","mainEntityOfPage":{"@id":"https:\/\/avrupatv.eu\/index.php\/2024\/12\/05\/ibrahim-haciosmanoglu-canli-yayini-ne-zaman-ve-nerede\/"},"wordCount":191,"commentCount":0,"publisher":{"@id":"https:\/\/avrupatv.eu\/#organization"},"image":{"@id":"https:\/\/avrupatv.eu\/index.php\/2024\/12\/05\/ibrahim-haciosmanoglu-canli-yayini-ne-zaman-ve-nerede\/#primaryimage"},"thumbnailUrl":"https:\/\/avrupatv.eu\/wp-content\/uploads\/2024\/12\/1.webp","articleSection":["Futbol"],"inLanguage":"tr","potentialAction":[{"@type":"CommentAction","name":"Comment","target":["https:\/\/avrupatv.eu\/index.php\/2024\/12\/05\/ibrahim-haciosmanoglu-canli-yayini-ne-zaman-ve-nerede\/#respond"]}]},{"@type":"WebPage","@id":"https:\/\/avrupatv.eu\/index.php\/2024\/12\/05\/ibrahim-haciosmanoglu-canli-yayini-ne-zaman-ve-nerede\/","url":"https:\/\/avrupatv.eu\/index.php\/2024\/12\/05\/ibrahim-haciosmanoglu-canli-yayini-ne-zaman-ve-nerede\/","name":"\u0130brahim Hac\u0131osmano\u011flu Canl\u0131 Yay\u0131n\u0131 Ne Zaman ve Nerede? - Avrupal\u0131 T\u00fcrklerin en Yeni Haber Portal\u0131","isPartOf":{"@id":"https:\/\/avrupatv.eu\/#website"},"primaryImageOfPage":{"@id":"https:\/\/avrupatv.eu\/index.php\/2024\/12\/05\/ibrahim-haciosmanoglu-canli-yayini-ne-zaman-ve-nerede\/#primaryimage"},"image":{"@id":"https:\/\/avrupatv.eu\/index.php\/2024\/12\/05\/ibrahim-haciosmanoglu-canli-yayini-ne-zaman-ve-nerede\/#primaryimage"},"thumbnailUrl":"https:\/\/avrupatv.eu\/wp-content\/uploads\/2024\/12\/1.webp","datePublished":"2024-12-05T14:35:46+00:00","breadcrumb":{"@id":"https:\/\/avrupatv.eu\/index.php\/2024\/12\/05\/ibrahim-haciosmanoglu-canli-yayini-ne-zaman-ve-nerede\/#breadcrumb"},"inLanguage":"tr","potentialAction":[{"@type":"ReadAction","target":["https:\/\/avrupatv.eu\/index.php\/2024\/12\/05\/ibrahim-haciosmanoglu-canli-yayini-ne-zaman-ve-nerede\/"]}]},{"@type":"ImageObject","inLanguage":"tr","@id":"https:\/\/avrupatv.eu\/index.php\/2024\/12\/05\/ibrahim-haciosmanoglu-canli-yayini-ne-zaman-ve-nerede\/#primaryimage","url":"https:\/\/avrupatv.eu\/wp-content\/uploads\/2024\/12\/1.webp","contentUrl":"https:\/\/avrupatv.eu\/wp-content\/uploads\/2024\/12\/1.webp","width":750,"height":422},{"@type":"BreadcrumbList","@id":"https:\/\/avrupatv.eu\/index.php\/2024\/12\/05\/ibrahim-haciosmanoglu-canli-yayini-ne-zaman-ve-nerede\/#breadcrumb","itemListElement":[{"@type":"ListItem","position":1,"name":"Anasayfa","item":"https:\/\/avrupatv.eu\/"},{"@type":"ListItem","position":2,"name":"\u0130brahim Hac\u0131osmano\u011flu Canl\u0131 Yay\u0131n\u0131 Ne Zaman ve Nerede?"}]},{"@type":"WebSite","@id":"https:\/\/avrupatv.eu\/#website","url":"https:\/\/avrupatv.eu\/","name":"Avrupal\u0131 T\u00fcrklerin en Yeni Haber Portal\u0131","description":"","publisher":{"@id":"https:\/\/avrupatv.eu\/#organization"},"alternateName":"Avrupa tv","potentialAction":[{"@type":"SearchAction","target":{"@type":"EntryPoint","urlTemplate":"https:\/\/avrupatv.eu\/?s={search_term_string}"},"query-input":{"@type":"PropertyValueSpecification","valueRequired":true,"valueName":"search_term_string"}}],"inLanguage":"tr"},{"@type":"Organization","@id":"https:\/\/avrupatv.eu\/#organization","name":"Avrupa Haber","url":"https:\/\/avrupatv.eu\/","logo":{"@type":"ImageObject","inLanguage":"tr","@id":"https:\/\/avrupatv.eu\/#\/schema\/logo\/image\/","url":"https:\/\/avrupatv.eu\/wp-content\/uploads\/2023\/10\/cropped-thumbnail_logo.png","contentUrl":"https:\/\/avrupatv.eu\/wp-content\/uploads\/2023\/10\/cropped-thumbnail_logo.png","width":1025,"height":302,"caption":"Avrupa Haber"},"image":{"@id":"https:\/\/avrupatv.eu\/#\/schema\/logo\/image\/"}},{"@type":"Person","@id":"https:\/\/avrupatv.eu\/#\/schema\/person\/d56afa5d5569da4029d483da36c0c17d","name":"Onur Akpinar","image":{"@type":"ImageObject","inLanguage":"tr","@id":"https:\/\/secure.gravatar.com\/avatar\/67a1a0bdf34f82da209334e4684b7e7171a58a5a2b0a8f836b61044f5c1f5d6a?s=96&d=mm&r=g","url":"https:\/\/secure.gravatar.com\/avatar\/67a1a0bdf34f82da209334e4684b7e7171a58a5a2b0a8f836b61044f5c1f5d6a?s=96&d=mm&r=g","contentUrl":"https:\/\/secure.gravatar.com\/avatar\/67a1a0bdf34f82da209334e4684b7e7171a58a5a2b0a8f836b61044f5c1f5d6a?s=96&d=mm&r=g","caption":"Onur Akpinar"},"url":"https:\/\/avrupatv.eu\/index.php\/author\/onur-akpinar\/"}]}},"_links":{"self":[{"href":"https:\/\/avrupatv.eu\/index.php\/wp-json\/wp\/v2\/posts\/833","targetHints":{"allow":["GET"]}}],"collection":[{"href":"https:\/\/avrupatv.eu\/index.php\/wp-json\/wp\/v2\/posts"}],"about":[{"href":"https:\/\/avrupatv.eu\/index.php\/wp-json\/wp\/v2\/types\/post"}],"author":[{"embeddable":true,"href":"https:\/\/avrupatv.eu\/index.php\/wp-json\/wp\/v2\/users\/2"}],"replies":[{"embeddable":true,"href":"https:\/\/avrupatv.eu\/index.php\/wp-json\/wp\/v2\/comments?post=833"}],"version-history":[{"count":1,"href":"https:\/\/avrupatv.eu\/index.php\/wp-json\/wp\/v2\/posts\/833\/revisions"}],"predecessor-version":[{"id":835,"href":"https:\/\/avrupatv.eu\/index.php\/wp-json\/wp\/v2\/posts\/833\/revisions\/835"}],"wp:featuredmedia":[{"embeddable":true,"href":"https:\/\/avrupatv.eu\/index.php\/wp-json\/wp\/v2\/media\/834"}],"wp:attachment":[{"href":"https:\/\/avrupatv.eu\/index.php\/wp-json\/wp\/v2\/media?parent=833"}],"wp:term":[{"taxonomy":"category","embeddable":true,"href":"https:\/\/avrupatv.eu\/index.php\/wp-json\/wp\/v2\/categories?post=833"},{"taxonomy":"post_tag","embeddable":true,"href":"https:\/\/avrupatv.eu\/index.php\/wp-json\/wp\/v2\/tags?post=833"}],"curies":[{"name":"wp","href":"https:\/\/api.w.org\/{rel}","templated":true}]}}