{"id":824,"date":"2024-12-04T22:31:45","date_gmt":"2024-12-04T22:31:45","guid":{"rendered":"https:\/\/avrupatv.eu\/?p=824"},"modified":"2024-12-04T22:31:45","modified_gmt":"2024-12-04T22:31:45","slug":"galatasaraydan-cildirtan-paylasim","status":"publish","type":"post","link":"https:\/\/avrupatv.eu\/index.php\/2024\/12\/04\/galatasaraydan-cildirtan-paylasim\/","title":{"rendered":"Galatasaray&#8217;dan \u00e7\u0131ld\u0131rtan payla\u015f\u0131m"},"content":{"rendered":"\n<h3 class=\"wp-block-heading\">Galatasaray&#8217;\u0131n Sosyal Medya Payla\u015f\u0131m\u0131<\/h3>\n\n\n\n<p>Acun Il\u0131cal\u0131&#8217;n\u0131n a\u00e7\u0131klamalar\u0131 s\u00fcrerken Galatasaray, resmi sosyal medya hesaplar\u0131ndan dikkat \u00e7eken bir payla\u015f\u0131m yapt\u0131. &#8220;\u015eampiyon Cimbom Yazd\u0131raca\u011f\u0131z!&#8221; mesaj\u0131yla yap\u0131lan payla\u015f\u0131m, Fenerbah\u00e7e camias\u0131nda tepkiyle kar\u015f\u0131land\u0131 ve programda bu payla\u015f\u0131ma y\u00f6nelik ele\u015ftiriler dile getirildi.<\/p>\n\n\n\n<p>Bu a\u00e7\u0131klamalar, iki kul\u00fcp aras\u0131ndaki gerginliklerin \u00f6n\u00fcm\u00fczdeki g\u00fcnlerde de s\u00fcrece\u011finin sinyalini verdi. Il\u0131cal\u0131&#8217;n\u0131n a\u00e7\u0131klamalar\u0131n\u0131n ard\u0131ndan Galatasaray cephesinden gelecek olas\u0131 yan\u0131tlar futbol g\u00fcndemini bir s\u00fcre daha me\u015fgul edecek gibi g\u00f6r\u00fcn\u00fcyor.<\/p>\n","protected":false},"excerpt":{"rendered":"<p>Galatasaray&#8217;\u0131n Sosyal Medya Payla\u015f\u0131m\u0131 Acun Il\u0131cal\u0131&#8217;n\u0131n a\u00e7\u0131klamalar\u0131 s\u00fcrerken Galatasaray, resmi sosyal medya hesaplar\u0131ndan dikkat \u00e7eken bir payla\u015f\u0131m yapt\u0131. &#8220;\u015eampiyon Cimbom Yazd\u0131raca\u011f\u0131z!&#8221; mesaj\u0131yla yap\u0131lan payla\u015f\u0131m, Fenerbah\u00e7e camias\u0131nda tepkiyle kar\u015f\u0131land\u0131 ve programda bu payla\u015f\u0131ma y\u00f6nelik ele\u015ftiriler dile getirildi. Bu a\u00e7\u0131klamalar, iki kul\u00fcp aras\u0131ndaki gerginliklerin \u00f6n\u00fcm\u00fczdeki g\u00fcnlerde de s\u00fcrece\u011finin sinyalini verdi. Il\u0131cal\u0131&#8217;n\u0131n a\u00e7\u0131klamalar\u0131n\u0131n ard\u0131ndan Galatasaray cephesinden gelecek olas\u0131 [&hellip;]<\/p>\n","protected":false},"author":2,"featured_media":825,"comment_status":"open","ping_status":"open","sticky":false,"template":"","format":"standard","meta":{"footnotes":""},"categories":[10],"tags":[],"class_list":["post-824","post","type-post","status-publish","format-standard","has-post-thumbnail","hentry","category-futbol"],"yoast_head":"<!-- This site is optimized with the Yoast SEO plugin v27.4 - https:\/\/yoast.com\/product\/yoast-seo-wordpress\/ -->\n<title>Galatasaray&#039;dan \u00e7\u0131ld\u0131rtan payla\u015f\u0131m - Avrupal\u0131 T\u00fcrklerin en Yeni Haber Portal\u0131<\/title>\n<meta name=\"robots\" content=\"index, follow, max-snippet:-1, max-image-preview:large, max-video-preview:-1\" \/>\n<link rel=\"canonical\" href=\"https:\/\/avrupatv.eu\/index.php\/2024\/12\/04\/galatasaraydan-cildirtan-paylasim\/\" \/>\n<meta property=\"og:locale\" content=\"tr_TR\" \/>\n<meta property=\"og:type\" content=\"article\" \/>\n<meta property=\"og:title\" content=\"Galatasaray&#039;dan \u00e7\u0131ld\u0131rtan payla\u015f\u0131m - Avrupal\u0131 T\u00fcrklerin en Yeni Haber Portal\u0131\" \/>\n<meta property=\"og:description\" content=\"Galatasaray&#8217;\u0131n Sosyal Medya Payla\u015f\u0131m\u0131 Acun Il\u0131cal\u0131&#8217;n\u0131n a\u00e7\u0131klamalar\u0131 s\u00fcrerken Galatasaray, resmi sosyal medya hesaplar\u0131ndan dikkat \u00e7eken bir payla\u015f\u0131m yapt\u0131. &#8220;\u015eampiyon Cimbom Yazd\u0131raca\u011f\u0131z!&#8221; mesaj\u0131yla yap\u0131lan payla\u015f\u0131m, Fenerbah\u00e7e camias\u0131nda tepkiyle kar\u015f\u0131land\u0131 ve programda bu payla\u015f\u0131ma y\u00f6nelik ele\u015ftiriler dile getirildi. Bu a\u00e7\u0131klamalar, iki kul\u00fcp aras\u0131ndaki gerginliklerin \u00f6n\u00fcm\u00fczdeki g\u00fcnlerde de s\u00fcrece\u011finin sinyalini verdi. Il\u0131cal\u0131&#8217;n\u0131n a\u00e7\u0131klamalar\u0131n\u0131n ard\u0131ndan Galatasaray cephesinden gelecek olas\u0131 [&hellip;]\" \/>\n<meta property=\"og:url\" content=\"https:\/\/avrupatv.eu\/index.php\/2024\/12\/04\/galatasaraydan-cildirtan-paylasim\/\" \/>\n<meta property=\"og:site_name\" content=\"Avrupal\u0131 T\u00fcrklerin en Yeni Haber Portal\u0131\" \/>\n<meta property=\"article:published_time\" content=\"2024-12-04T22:31:45+00:00\" \/>\n<meta property=\"og:image\" content=\"https:\/\/avrupatv.eu\/wp-content\/uploads\/2024\/12\/galatasaray-yayin-geliri-scaled-1.jpg\" \/>\n\t<meta property=\"og:image:width\" content=\"2560\" \/>\n\t<meta property=\"og:image:height\" content=\"1600\" \/>\n\t<meta property=\"og:image:type\" content=\"image\/jpeg\" \/>\n<meta name=\"author\" content=\"Onur Akpinar\" \/>\n<meta name=\"twitter:card\" content=\"summary_large_image\" \/>\n<meta name=\"twitter:label1\" content=\"Yazan:\" \/>\n\t<meta name=\"twitter:data1\" content=\"Onur Akpinar\" \/>\n\t<meta name=\"twitter:label2\" content=\"Tahmini okuma s\u00fcresi\" \/>\n\t<meta name=\"twitter:data2\" content=\"1 dakika\" \/>\n<script type=\"application\/ld+json\" class=\"yoast-schema-graph\">{\"@context\":\"https:\\\/\\\/schema.org\",\"@graph\":[{\"@type\":\"Article\",\"@id\":\"https:\\\/\\\/avrupatv.eu\\\/index.php\\\/2024\\\/12\\\/04\\\/galatasaraydan-cildirtan-paylasim\\\/#article\",\"isPartOf\":{\"@id\":\"https:\\\/\\\/avrupatv.eu\\\/index.php\\\/2024\\\/12\\\/04\\\/galatasaraydan-cildirtan-paylasim\\\/\"},\"author\":{\"name\":\"Onur Akpinar\",\"@id\":\"https:\\\/\\\/avrupatv.eu\\\/#\\\/schema\\\/person\\\/d56afa5d5569da4029d483da36c0c17d\"},\"headline\":\"Galatasaray&#8217;dan \u00e7\u0131ld\u0131rtan payla\u015f\u0131m\",\"datePublished\":\"2024-12-04T22:31:45+00:00\",\"mainEntityOfPage\":{\"@id\":\"https:\\\/\\\/avrupatv.eu\\\/index.php\\\/2024\\\/12\\\/04\\\/galatasaraydan-cildirtan-paylasim\\\/\"},\"wordCount\":113,\"commentCount\":0,\"publisher\":{\"@id\":\"https:\\\/\\\/avrupatv.eu\\\/#organization\"},\"image\":{\"@id\":\"https:\\\/\\\/avrupatv.eu\\\/index.php\\\/2024\\\/12\\\/04\\\/galatasaraydan-cildirtan-paylasim\\\/#primaryimage\"},\"thumbnailUrl\":\"https:\\\/\\\/avrupatv.eu\\\/wp-content\\\/uploads\\\/2024\\\/12\\\/galatasaray-yayin-geliri-scaled-1.jpg\",\"articleSection\":[\"Futbol\"],\"inLanguage\":\"tr\",\"potentialAction\":[{\"@type\":\"CommentAction\",\"name\":\"Comment\",\"target\":[\"https:\\\/\\\/avrupatv.eu\\\/index.php\\\/2024\\\/12\\\/04\\\/galatasaraydan-cildirtan-paylasim\\\/#respond\"]}]},{\"@type\":\"WebPage\",\"@id\":\"https:\\\/\\\/avrupatv.eu\\\/index.php\\\/2024\\\/12\\\/04\\\/galatasaraydan-cildirtan-paylasim\\\/\",\"url\":\"https:\\\/\\\/avrupatv.eu\\\/index.php\\\/2024\\\/12\\\/04\\\/galatasaraydan-cildirtan-paylasim\\\/\",\"name\":\"Galatasaray'dan \u00e7\u0131ld\u0131rtan payla\u015f\u0131m - Avrupal\u0131 T\u00fcrklerin en Yeni Haber Portal\u0131\",\"isPartOf\":{\"@id\":\"https:\\\/\\\/avrupatv.eu\\\/#website\"},\"primaryImageOfPage\":{\"@id\":\"https:\\\/\\\/avrupatv.eu\\\/index.php\\\/2024\\\/12\\\/04\\\/galatasaraydan-cildirtan-paylasim\\\/#primaryimage\"},\"image\":{\"@id\":\"https:\\\/\\\/avrupatv.eu\\\/index.php\\\/2024\\\/12\\\/04\\\/galatasaraydan-cildirtan-paylasim\\\/#primaryimage\"},\"thumbnailUrl\":\"https:\\\/\\\/avrupatv.eu\\\/wp-content\\\/uploads\\\/2024\\\/12\\\/galatasaray-yayin-geliri-scaled-1.jpg\",\"datePublished\":\"2024-12-04T22:31:45+00:00\",\"breadcrumb\":{\"@id\":\"https:\\\/\\\/avrupatv.eu\\\/index.php\\\/2024\\\/12\\\/04\\\/galatasaraydan-cildirtan-paylasim\\\/#breadcrumb\"},\"inLanguage\":\"tr\",\"potentialAction\":[{\"@type\":\"ReadAction\",\"target\":[\"https:\\\/\\\/avrupatv.eu\\\/index.php\\\/2024\\\/12\\\/04\\\/galatasaraydan-cildirtan-paylasim\\\/\"]}]},{\"@type\":\"ImageObject\",\"inLanguage\":\"tr\",\"@id\":\"https:\\\/\\\/avrupatv.eu\\\/index.php\\\/2024\\\/12\\\/04\\\/galatasaraydan-cildirtan-paylasim\\\/#primaryimage\",\"url\":\"https:\\\/\\\/avrupatv.eu\\\/wp-content\\\/uploads\\\/2024\\\/12\\\/galatasaray-yayin-geliri-scaled-1.jpg\",\"contentUrl\":\"https:\\\/\\\/avrupatv.eu\\\/wp-content\\\/uploads\\\/2024\\\/12\\\/galatasaray-yayin-geliri-scaled-1.jpg\",\"width\":2560,\"height\":1600},{\"@type\":\"BreadcrumbList\",\"@id\":\"https:\\\/\\\/avrupatv.eu\\\/index.php\\\/2024\\\/12\\\/04\\\/galatasaraydan-cildirtan-paylasim\\\/#breadcrumb\",\"itemListElement\":[{\"@type\":\"ListItem\",\"position\":1,\"name\":\"Anasayfa\",\"item\":\"https:\\\/\\\/avrupatv.eu\\\/\"},{\"@type\":\"ListItem\",\"position\":2,\"name\":\"Galatasaray&#8217;dan \u00e7\u0131ld\u0131rtan payla\u015f\u0131m\"}]},{\"@type\":\"WebSite\",\"@id\":\"https:\\\/\\\/avrupatv.eu\\\/#website\",\"url\":\"https:\\\/\\\/avrupatv.eu\\\/\",\"name\":\"Avrupal\u0131 T\u00fcrklerin en Yeni Haber Portal\u0131\",\"description\":\"\",\"publisher\":{\"@id\":\"https:\\\/\\\/avrupatv.eu\\\/#organization\"},\"alternateName\":\"Avrupa tv\",\"potentialAction\":[{\"@type\":\"SearchAction\",\"target\":{\"@type\":\"EntryPoint\",\"urlTemplate\":\"https:\\\/\\\/avrupatv.eu\\\/?s={search_term_string}\"},\"query-input\":{\"@type\":\"PropertyValueSpecification\",\"valueRequired\":true,\"valueName\":\"search_term_string\"}}],\"inLanguage\":\"tr\"},{\"@type\":\"Organization\",\"@id\":\"https:\\\/\\\/avrupatv.eu\\\/#organization\",\"name\":\"Avrupa Haber\",\"url\":\"https:\\\/\\\/avrupatv.eu\\\/\",\"logo\":{\"@type\":\"ImageObject\",\"inLanguage\":\"tr\",\"@id\":\"https:\\\/\\\/avrupatv.eu\\\/#\\\/schema\\\/logo\\\/image\\\/\",\"url\":\"https:\\\/\\\/avrupatv.eu\\\/wp-content\\\/uploads\\\/2023\\\/10\\\/cropped-thumbnail_logo.png\",\"contentUrl\":\"https:\\\/\\\/avrupatv.eu\\\/wp-content\\\/uploads\\\/2023\\\/10\\\/cropped-thumbnail_logo.png\",\"width\":1025,\"height\":302,\"caption\":\"Avrupa Haber\"},\"image\":{\"@id\":\"https:\\\/\\\/avrupatv.eu\\\/#\\\/schema\\\/logo\\\/image\\\/\"}},{\"@type\":\"Person\",\"@id\":\"https:\\\/\\\/avrupatv.eu\\\/#\\\/schema\\\/person\\\/d56afa5d5569da4029d483da36c0c17d\",\"name\":\"Onur Akpinar\",\"image\":{\"@type\":\"ImageObject\",\"inLanguage\":\"tr\",\"@id\":\"https:\\\/\\\/secure.gravatar.com\\\/avatar\\\/67a1a0bdf34f82da209334e4684b7e7171a58a5a2b0a8f836b61044f5c1f5d6a?s=96&d=mm&r=g\",\"url\":\"https:\\\/\\\/secure.gravatar.com\\\/avatar\\\/67a1a0bdf34f82da209334e4684b7e7171a58a5a2b0a8f836b61044f5c1f5d6a?s=96&d=mm&r=g\",\"contentUrl\":\"https:\\\/\\\/secure.gravatar.com\\\/avatar\\\/67a1a0bdf34f82da209334e4684b7e7171a58a5a2b0a8f836b61044f5c1f5d6a?s=96&d=mm&r=g\",\"caption\":\"Onur Akpinar\"},\"url\":\"https:\\\/\\\/avrupatv.eu\\\/index.php\\\/author\\\/onur-akpinar\\\/\"}]}<\/script>\n<!-- \/ Yoast SEO plugin. -->","yoast_head_json":{"title":"Galatasaray'dan \u00e7\u0131ld\u0131rtan payla\u015f\u0131m - Avrupal\u0131 T\u00fcrklerin en Yeni Haber Portal\u0131","robots":{"index":"index","follow":"follow","max-snippet":"max-snippet:-1","max-image-preview":"max-image-preview:large","max-video-preview":"max-video-preview:-1"},"canonical":"https:\/\/avrupatv.eu\/index.php\/2024\/12\/04\/galatasaraydan-cildirtan-paylasim\/","og_locale":"tr_TR","og_type":"article","og_title":"Galatasaray'dan \u00e7\u0131ld\u0131rtan payla\u015f\u0131m - Avrupal\u0131 T\u00fcrklerin en Yeni Haber Portal\u0131","og_description":"Galatasaray&#8217;\u0131n Sosyal Medya Payla\u015f\u0131m\u0131 Acun Il\u0131cal\u0131&#8217;n\u0131n a\u00e7\u0131klamalar\u0131 s\u00fcrerken Galatasaray, resmi sosyal medya hesaplar\u0131ndan dikkat \u00e7eken bir payla\u015f\u0131m yapt\u0131. &#8220;\u015eampiyon Cimbom Yazd\u0131raca\u011f\u0131z!&#8221; mesaj\u0131yla yap\u0131lan payla\u015f\u0131m, Fenerbah\u00e7e camias\u0131nda tepkiyle kar\u015f\u0131land\u0131 ve programda bu payla\u015f\u0131ma y\u00f6nelik ele\u015ftiriler dile getirildi. Bu a\u00e7\u0131klamalar, iki kul\u00fcp aras\u0131ndaki gerginliklerin \u00f6n\u00fcm\u00fczdeki g\u00fcnlerde de s\u00fcrece\u011finin sinyalini verdi. Il\u0131cal\u0131&#8217;n\u0131n a\u00e7\u0131klamalar\u0131n\u0131n ard\u0131ndan Galatasaray cephesinden gelecek olas\u0131 [&hellip;]","og_url":"https:\/\/avrupatv.eu\/index.php\/2024\/12\/04\/galatasaraydan-cildirtan-paylasim\/","og_site_name":"Avrupal\u0131 T\u00fcrklerin en Yeni Haber Portal\u0131","article_published_time":"2024-12-04T22:31:45+00:00","og_image":[{"width":2560,"height":1600,"url":"https:\/\/avrupatv.eu\/wp-content\/uploads\/2024\/12\/galatasaray-yayin-geliri-scaled-1.jpg","type":"image\/jpeg"}],"author":"Onur Akpinar","twitter_card":"summary_large_image","twitter_misc":{"Yazan:":"Onur Akpinar","Tahmini okuma s\u00fcresi":"1 dakika"},"schema":{"@context":"https:\/\/schema.org","@graph":[{"@type":"Article","@id":"https:\/\/avrupatv.eu\/index.php\/2024\/12\/04\/galatasaraydan-cildirtan-paylasim\/#article","isPartOf":{"@id":"https:\/\/avrupatv.eu\/index.php\/2024\/12\/04\/galatasaraydan-cildirtan-paylasim\/"},"author":{"name":"Onur Akpinar","@id":"https:\/\/avrupatv.eu\/#\/schema\/person\/d56afa5d5569da4029d483da36c0c17d"},"headline":"Galatasaray&#8217;dan \u00e7\u0131ld\u0131rtan payla\u015f\u0131m","datePublished":"2024-12-04T22:31:45+00:00","mainEntityOfPage":{"@id":"https:\/\/avrupatv.eu\/index.php\/2024\/12\/04\/galatasaraydan-cildirtan-paylasim\/"},"wordCount":113,"commentCount":0,"publisher":{"@id":"https:\/\/avrupatv.eu\/#organization"},"image":{"@id":"https:\/\/avrupatv.eu\/index.php\/2024\/12\/04\/galatasaraydan-cildirtan-paylasim\/#primaryimage"},"thumbnailUrl":"https:\/\/avrupatv.eu\/wp-content\/uploads\/2024\/12\/galatasaray-yayin-geliri-scaled-1.jpg","articleSection":["Futbol"],"inLanguage":"tr","potentialAction":[{"@type":"CommentAction","name":"Comment","target":["https:\/\/avrupatv.eu\/index.php\/2024\/12\/04\/galatasaraydan-cildirtan-paylasim\/#respond"]}]},{"@type":"WebPage","@id":"https:\/\/avrupatv.eu\/index.php\/2024\/12\/04\/galatasaraydan-cildirtan-paylasim\/","url":"https:\/\/avrupatv.eu\/index.php\/2024\/12\/04\/galatasaraydan-cildirtan-paylasim\/","name":"Galatasaray'dan \u00e7\u0131ld\u0131rtan payla\u015f\u0131m - Avrupal\u0131 T\u00fcrklerin en Yeni Haber Portal\u0131","isPartOf":{"@id":"https:\/\/avrupatv.eu\/#website"},"primaryImageOfPage":{"@id":"https:\/\/avrupatv.eu\/index.php\/2024\/12\/04\/galatasaraydan-cildirtan-paylasim\/#primaryimage"},"image":{"@id":"https:\/\/avrupatv.eu\/index.php\/2024\/12\/04\/galatasaraydan-cildirtan-paylasim\/#primaryimage"},"thumbnailUrl":"https:\/\/avrupatv.eu\/wp-content\/uploads\/2024\/12\/galatasaray-yayin-geliri-scaled-1.jpg","datePublished":"2024-12-04T22:31:45+00:00","breadcrumb":{"@id":"https:\/\/avrupatv.eu\/index.php\/2024\/12\/04\/galatasaraydan-cildirtan-paylasim\/#breadcrumb"},"inLanguage":"tr","potentialAction":[{"@type":"ReadAction","target":["https:\/\/avrupatv.eu\/index.php\/2024\/12\/04\/galatasaraydan-cildirtan-paylasim\/"]}]},{"@type":"ImageObject","inLanguage":"tr","@id":"https:\/\/avrupatv.eu\/index.php\/2024\/12\/04\/galatasaraydan-cildirtan-paylasim\/#primaryimage","url":"https:\/\/avrupatv.eu\/wp-content\/uploads\/2024\/12\/galatasaray-yayin-geliri-scaled-1.jpg","contentUrl":"https:\/\/avrupatv.eu\/wp-content\/uploads\/2024\/12\/galatasaray-yayin-geliri-scaled-1.jpg","width":2560,"height":1600},{"@type":"BreadcrumbList","@id":"https:\/\/avrupatv.eu\/index.php\/2024\/12\/04\/galatasaraydan-cildirtan-paylasim\/#breadcrumb","itemListElement":[{"@type":"ListItem","position":1,"name":"Anasayfa","item":"https:\/\/avrupatv.eu\/"},{"@type":"ListItem","position":2,"name":"Galatasaray&#8217;dan \u00e7\u0131ld\u0131rtan payla\u015f\u0131m"}]},{"@type":"WebSite","@id":"https:\/\/avrupatv.eu\/#website","url":"https:\/\/avrupatv.eu\/","name":"Avrupal\u0131 T\u00fcrklerin en Yeni Haber Portal\u0131","description":"","publisher":{"@id":"https:\/\/avrupatv.eu\/#organization"},"alternateName":"Avrupa tv","potentialAction":[{"@type":"SearchAction","target":{"@type":"EntryPoint","urlTemplate":"https:\/\/avrupatv.eu\/?s={search_term_string}"},"query-input":{"@type":"PropertyValueSpecification","valueRequired":true,"valueName":"search_term_string"}}],"inLanguage":"tr"},{"@type":"Organization","@id":"https:\/\/avrupatv.eu\/#organization","name":"Avrupa Haber","url":"https:\/\/avrupatv.eu\/","logo":{"@type":"ImageObject","inLanguage":"tr","@id":"https:\/\/avrupatv.eu\/#\/schema\/logo\/image\/","url":"https:\/\/avrupatv.eu\/wp-content\/uploads\/2023\/10\/cropped-thumbnail_logo.png","contentUrl":"https:\/\/avrupatv.eu\/wp-content\/uploads\/2023\/10\/cropped-thumbnail_logo.png","width":1025,"height":302,"caption":"Avrupa Haber"},"image":{"@id":"https:\/\/avrupatv.eu\/#\/schema\/logo\/image\/"}},{"@type":"Person","@id":"https:\/\/avrupatv.eu\/#\/schema\/person\/d56afa5d5569da4029d483da36c0c17d","name":"Onur Akpinar","image":{"@type":"ImageObject","inLanguage":"tr","@id":"https:\/\/secure.gravatar.com\/avatar\/67a1a0bdf34f82da209334e4684b7e7171a58a5a2b0a8f836b61044f5c1f5d6a?s=96&d=mm&r=g","url":"https:\/\/secure.gravatar.com\/avatar\/67a1a0bdf34f82da209334e4684b7e7171a58a5a2b0a8f836b61044f5c1f5d6a?s=96&d=mm&r=g","contentUrl":"https:\/\/secure.gravatar.com\/avatar\/67a1a0bdf34f82da209334e4684b7e7171a58a5a2b0a8f836b61044f5c1f5d6a?s=96&d=mm&r=g","caption":"Onur Akpinar"},"url":"https:\/\/avrupatv.eu\/index.php\/author\/onur-akpinar\/"}]}},"_links":{"self":[{"href":"https:\/\/avrupatv.eu\/index.php\/wp-json\/wp\/v2\/posts\/824","targetHints":{"allow":["GET"]}}],"collection":[{"href":"https:\/\/avrupatv.eu\/index.php\/wp-json\/wp\/v2\/posts"}],"about":[{"href":"https:\/\/avrupatv.eu\/index.php\/wp-json\/wp\/v2\/types\/post"}],"author":[{"embeddable":true,"href":"https:\/\/avrupatv.eu\/index.php\/wp-json\/wp\/v2\/users\/2"}],"replies":[{"embeddable":true,"href":"https:\/\/avrupatv.eu\/index.php\/wp-json\/wp\/v2\/comments?post=824"}],"version-history":[{"count":1,"href":"https:\/\/avrupatv.eu\/index.php\/wp-json\/wp\/v2\/posts\/824\/revisions"}],"predecessor-version":[{"id":826,"href":"https:\/\/avrupatv.eu\/index.php\/wp-json\/wp\/v2\/posts\/824\/revisions\/826"}],"wp:featuredmedia":[{"embeddable":true,"href":"https:\/\/avrupatv.eu\/index.php\/wp-json\/wp\/v2\/media\/825"}],"wp:attachment":[{"href":"https:\/\/avrupatv.eu\/index.php\/wp-json\/wp\/v2\/media?parent=824"}],"wp:term":[{"taxonomy":"category","embeddable":true,"href":"https:\/\/avrupatv.eu\/index.php\/wp-json\/wp\/v2\/categories?post=824"},{"taxonomy":"post_tag","embeddable":true,"href":"https:\/\/avrupatv.eu\/index.php\/wp-json\/wp\/v2\/tags?post=824"}],"curies":[{"name":"wp","href":"https:\/\/api.w.org\/{rel}","templated":true}]}}