{"id":820,"date":"2024-12-04T16:17:19","date_gmt":"2024-12-04T16:17:19","guid":{"rendered":"https:\/\/avrupatv.eu\/?p=820"},"modified":"2024-12-04T16:17:19","modified_gmt":"2024-12-04T16:17:19","slug":"aydin-polisi-gecit-vermedi","status":"publish","type":"post","link":"https:\/\/avrupatv.eu\/index.php\/2024\/12\/04\/aydin-polisi-gecit-vermedi\/","title":{"rendered":"Aydin Polisi Ge\u00e7it Vermedi"},"content":{"rendered":"\n<p><strong>Ayd\u0131n Emniyet M\u00fcd\u00fcrl\u00fc\u011f\u00fc&#8217;nden Ka\u00e7ak \u0130\u00e7ki Operasyonu: 361 Litre Sahte \u015earap ve 13 Litre Ev Yap\u0131m\u0131 Rak\u0131 Ele Ge\u00e7irildi<\/strong><\/p>\n\n\n\n<p>Ayd\u0131n \u0130l Emniyet M\u00fcd\u00fcrl\u00fc\u011f\u00fc Ka\u00e7ak\u00e7\u0131l\u0131k ve Organize Su\u00e7larla M\u00fccadele \u015eube M\u00fcd\u00fcrl\u00fc\u011f\u00fc ekipleri, sahte i\u00e7ki \u00fcretimi ve ka\u00e7ak\u00e7\u0131l\u0131\u011f\u0131na kar\u015f\u0131 b\u00fcy\u00fck bir operasyon ger\u00e7ekle\u015ftirdi. Efeler, Ku\u015fadas\u0131 ve Nazilli il\u00e7elerinde bulunan \u00e7e\u015fitli adreslere y\u00f6nelik yap\u0131lan operasyonda 361 litre kurma \u015farap ile 13 litre ev yap\u0131m\u0131 rak\u0131 ele ge\u00e7irildi.<\/p>\n\n\n\n<p>Polis ekipleri, alkoll\u00fc i\u00e7ki ka\u00e7ak\u00e7\u0131l\u0131\u011f\u0131na y\u00f6nelik sahtecili\u011fi engellemek amac\u0131yla bu operasyonu ba\u015flatt\u0131. Yap\u0131lan incelemelerde, sahte i\u00e7kilerin sat\u0131\u015fa sunulmak \u00fczere haz\u0131rland\u0131\u011f\u0131 ve piyasaya s\u00fcr\u00fclmesi i\u00e7in \u00e7e\u015fitli planlar\u0131n yap\u0131ld\u0131\u011f\u0131 belirlendi.<\/p>\n\n\n\n<p>Operasyonda g\u00f6zalt\u0131na al\u0131nan M.B., M.K. ve \u00dc.K. isimli \u015fah\u0131slar hakk\u0131nda yasal i\u015flem ba\u015flat\u0131ld\u0131. Ayd\u0131n \u0130l Emniyet M\u00fcd\u00fcrl\u00fc\u011f\u00fc, ka\u00e7ak\u00e7\u0131l\u0131kla m\u00fccadelede kararl\u0131 bir \u015fekilde \u00e7al\u0131\u015fmalar\u0131n\u0131 s\u00fcrd\u00fcreceklerini ve bu t\u00fcr su\u00e7lar\u0131n \u00f6n\u00fcne ge\u00e7mek i\u00e7in \u00e7al\u0131\u015fmalar\u0131n\u0131 art\u0131rarak devam edeceklerini belirtti.<\/p>\n","protected":false},"excerpt":{"rendered":"<p>Ayd\u0131n Emniyet M\u00fcd\u00fcrl\u00fc\u011f\u00fc&#8217;nden Ka\u00e7ak \u0130\u00e7ki Operasyonu: 361 Litre Sahte \u015earap ve 13 Litre Ev Yap\u0131m\u0131 Rak\u0131 Ele Ge\u00e7irildi Ayd\u0131n \u0130l Emniyet M\u00fcd\u00fcrl\u00fc\u011f\u00fc Ka\u00e7ak\u00e7\u0131l\u0131k ve Organize Su\u00e7larla M\u00fccadele \u015eube M\u00fcd\u00fcrl\u00fc\u011f\u00fc ekipleri, sahte i\u00e7ki \u00fcretimi ve ka\u00e7ak\u00e7\u0131l\u0131\u011f\u0131na kar\u015f\u0131 b\u00fcy\u00fck bir operasyon ger\u00e7ekle\u015ftirdi. Efeler, Ku\u015fadas\u0131 ve Nazilli il\u00e7elerinde bulunan \u00e7e\u015fitli adreslere y\u00f6nelik yap\u0131lan operasyonda 361 litre kurma \u015farap [&hellip;]<\/p>\n","protected":false},"author":2,"featured_media":821,"comment_status":"open","ping_status":"open","sticky":false,"template":"","format":"standard","meta":{"footnotes":""},"categories":[8],"tags":[],"class_list":["post-820","post","type-post","status-publish","format-standard","has-post-thumbnail","hentry","category-gundem"],"yoast_head":"<!-- This site is optimized with the Yoast SEO plugin v27.4 - https:\/\/yoast.com\/product\/yoast-seo-wordpress\/ -->\n<title>Aydin Polisi Ge\u00e7it Vermedi - Avrupal\u0131 T\u00fcrklerin en Yeni Haber Portal\u0131<\/title>\n<meta name=\"robots\" content=\"index, follow, max-snippet:-1, max-image-preview:large, max-video-preview:-1\" \/>\n<link rel=\"canonical\" href=\"https:\/\/avrupatv.eu\/index.php\/2024\/12\/04\/aydin-polisi-gecit-vermedi\/\" \/>\n<meta property=\"og:locale\" content=\"tr_TR\" \/>\n<meta property=\"og:type\" content=\"article\" \/>\n<meta property=\"og:title\" content=\"Aydin Polisi Ge\u00e7it Vermedi - Avrupal\u0131 T\u00fcrklerin en Yeni Haber Portal\u0131\" \/>\n<meta property=\"og:description\" content=\"Ayd\u0131n Emniyet M\u00fcd\u00fcrl\u00fc\u011f\u00fc&#8217;nden Ka\u00e7ak \u0130\u00e7ki Operasyonu: 361 Litre Sahte \u015earap ve 13 Litre Ev Yap\u0131m\u0131 Rak\u0131 Ele Ge\u00e7irildi Ayd\u0131n \u0130l Emniyet M\u00fcd\u00fcrl\u00fc\u011f\u00fc Ka\u00e7ak\u00e7\u0131l\u0131k ve Organize Su\u00e7larla M\u00fccadele \u015eube M\u00fcd\u00fcrl\u00fc\u011f\u00fc ekipleri, sahte i\u00e7ki \u00fcretimi ve ka\u00e7ak\u00e7\u0131l\u0131\u011f\u0131na kar\u015f\u0131 b\u00fcy\u00fck bir operasyon ger\u00e7ekle\u015ftirdi. Efeler, Ku\u015fadas\u0131 ve Nazilli il\u00e7elerinde bulunan \u00e7e\u015fitli adreslere y\u00f6nelik yap\u0131lan operasyonda 361 litre kurma \u015farap [&hellip;]\" \/>\n<meta property=\"og:url\" content=\"https:\/\/avrupatv.eu\/index.php\/2024\/12\/04\/aydin-polisi-gecit-vermedi\/\" \/>\n<meta property=\"og:site_name\" content=\"Avrupal\u0131 T\u00fcrklerin en Yeni Haber Portal\u0131\" \/>\n<meta property=\"article:published_time\" content=\"2024-12-04T16:17:19+00:00\" \/>\n<meta property=\"og:image\" content=\"https:\/\/avrupatv.eu\/wp-content\/uploads\/2024\/12\/13001552-640x380-1.webp\" \/>\n\t<meta property=\"og:image:width\" content=\"640\" \/>\n\t<meta property=\"og:image:height\" content=\"380\" \/>\n\t<meta property=\"og:image:type\" content=\"image\/webp\" \/>\n<meta name=\"author\" content=\"Onur Akpinar\" \/>\n<meta name=\"twitter:card\" content=\"summary_large_image\" \/>\n<meta name=\"twitter:label1\" content=\"Yazan:\" \/>\n\t<meta name=\"twitter:data1\" content=\"Onur Akpinar\" \/>\n\t<meta name=\"twitter:label2\" content=\"Tahmini okuma s\u00fcresi\" \/>\n\t<meta name=\"twitter:data2\" content=\"1 dakika\" \/>\n<script type=\"application\/ld+json\" class=\"yoast-schema-graph\">{\"@context\":\"https:\\\/\\\/schema.org\",\"@graph\":[{\"@type\":\"Article\",\"@id\":\"https:\\\/\\\/avrupatv.eu\\\/index.php\\\/2024\\\/12\\\/04\\\/aydin-polisi-gecit-vermedi\\\/#article\",\"isPartOf\":{\"@id\":\"https:\\\/\\\/avrupatv.eu\\\/index.php\\\/2024\\\/12\\\/04\\\/aydin-polisi-gecit-vermedi\\\/\"},\"author\":{\"name\":\"Onur Akpinar\",\"@id\":\"https:\\\/\\\/avrupatv.eu\\\/#\\\/schema\\\/person\\\/d56afa5d5569da4029d483da36c0c17d\"},\"headline\":\"Aydin Polisi Ge\u00e7it Vermedi\",\"datePublished\":\"2024-12-04T16:17:19+00:00\",\"mainEntityOfPage\":{\"@id\":\"https:\\\/\\\/avrupatv.eu\\\/index.php\\\/2024\\\/12\\\/04\\\/aydin-polisi-gecit-vermedi\\\/\"},\"wordCount\":208,\"commentCount\":0,\"publisher\":{\"@id\":\"https:\\\/\\\/avrupatv.eu\\\/#organization\"},\"image\":{\"@id\":\"https:\\\/\\\/avrupatv.eu\\\/index.php\\\/2024\\\/12\\\/04\\\/aydin-polisi-gecit-vermedi\\\/#primaryimage\"},\"thumbnailUrl\":\"https:\\\/\\\/avrupatv.eu\\\/wp-content\\\/uploads\\\/2024\\\/12\\\/13001552-640x380-1.webp\",\"articleSection\":[\"G\u00fcndem\"],\"inLanguage\":\"tr\",\"potentialAction\":[{\"@type\":\"CommentAction\",\"name\":\"Comment\",\"target\":[\"https:\\\/\\\/avrupatv.eu\\\/index.php\\\/2024\\\/12\\\/04\\\/aydin-polisi-gecit-vermedi\\\/#respond\"]}]},{\"@type\":\"WebPage\",\"@id\":\"https:\\\/\\\/avrupatv.eu\\\/index.php\\\/2024\\\/12\\\/04\\\/aydin-polisi-gecit-vermedi\\\/\",\"url\":\"https:\\\/\\\/avrupatv.eu\\\/index.php\\\/2024\\\/12\\\/04\\\/aydin-polisi-gecit-vermedi\\\/\",\"name\":\"Aydin Polisi Ge\u00e7it Vermedi - Avrupal\u0131 T\u00fcrklerin en Yeni Haber Portal\u0131\",\"isPartOf\":{\"@id\":\"https:\\\/\\\/avrupatv.eu\\\/#website\"},\"primaryImageOfPage\":{\"@id\":\"https:\\\/\\\/avrupatv.eu\\\/index.php\\\/2024\\\/12\\\/04\\\/aydin-polisi-gecit-vermedi\\\/#primaryimage\"},\"image\":{\"@id\":\"https:\\\/\\\/avrupatv.eu\\\/index.php\\\/2024\\\/12\\\/04\\\/aydin-polisi-gecit-vermedi\\\/#primaryimage\"},\"thumbnailUrl\":\"https:\\\/\\\/avrupatv.eu\\\/wp-content\\\/uploads\\\/2024\\\/12\\\/13001552-640x380-1.webp\",\"datePublished\":\"2024-12-04T16:17:19+00:00\",\"breadcrumb\":{\"@id\":\"https:\\\/\\\/avrupatv.eu\\\/index.php\\\/2024\\\/12\\\/04\\\/aydin-polisi-gecit-vermedi\\\/#breadcrumb\"},\"inLanguage\":\"tr\",\"potentialAction\":[{\"@type\":\"ReadAction\",\"target\":[\"https:\\\/\\\/avrupatv.eu\\\/index.php\\\/2024\\\/12\\\/04\\\/aydin-polisi-gecit-vermedi\\\/\"]}]},{\"@type\":\"ImageObject\",\"inLanguage\":\"tr\",\"@id\":\"https:\\\/\\\/avrupatv.eu\\\/index.php\\\/2024\\\/12\\\/04\\\/aydin-polisi-gecit-vermedi\\\/#primaryimage\",\"url\":\"https:\\\/\\\/avrupatv.eu\\\/wp-content\\\/uploads\\\/2024\\\/12\\\/13001552-640x380-1.webp\",\"contentUrl\":\"https:\\\/\\\/avrupatv.eu\\\/wp-content\\\/uploads\\\/2024\\\/12\\\/13001552-640x380-1.webp\",\"width\":640,\"height\":380},{\"@type\":\"BreadcrumbList\",\"@id\":\"https:\\\/\\\/avrupatv.eu\\\/index.php\\\/2024\\\/12\\\/04\\\/aydin-polisi-gecit-vermedi\\\/#breadcrumb\",\"itemListElement\":[{\"@type\":\"ListItem\",\"position\":1,\"name\":\"Anasayfa\",\"item\":\"https:\\\/\\\/avrupatv.eu\\\/\"},{\"@type\":\"ListItem\",\"position\":2,\"name\":\"Aydin Polisi Ge\u00e7it Vermedi\"}]},{\"@type\":\"WebSite\",\"@id\":\"https:\\\/\\\/avrupatv.eu\\\/#website\",\"url\":\"https:\\\/\\\/avrupatv.eu\\\/\",\"name\":\"Avrupal\u0131 T\u00fcrklerin en Yeni Haber Portal\u0131\",\"description\":\"\",\"publisher\":{\"@id\":\"https:\\\/\\\/avrupatv.eu\\\/#organization\"},\"alternateName\":\"Avrupa tv\",\"potentialAction\":[{\"@type\":\"SearchAction\",\"target\":{\"@type\":\"EntryPoint\",\"urlTemplate\":\"https:\\\/\\\/avrupatv.eu\\\/?s={search_term_string}\"},\"query-input\":{\"@type\":\"PropertyValueSpecification\",\"valueRequired\":true,\"valueName\":\"search_term_string\"}}],\"inLanguage\":\"tr\"},{\"@type\":\"Organization\",\"@id\":\"https:\\\/\\\/avrupatv.eu\\\/#organization\",\"name\":\"Avrupa Haber\",\"url\":\"https:\\\/\\\/avrupatv.eu\\\/\",\"logo\":{\"@type\":\"ImageObject\",\"inLanguage\":\"tr\",\"@id\":\"https:\\\/\\\/avrupatv.eu\\\/#\\\/schema\\\/logo\\\/image\\\/\",\"url\":\"https:\\\/\\\/avrupatv.eu\\\/wp-content\\\/uploads\\\/2023\\\/10\\\/cropped-thumbnail_logo.png\",\"contentUrl\":\"https:\\\/\\\/avrupatv.eu\\\/wp-content\\\/uploads\\\/2023\\\/10\\\/cropped-thumbnail_logo.png\",\"width\":1025,\"height\":302,\"caption\":\"Avrupa Haber\"},\"image\":{\"@id\":\"https:\\\/\\\/avrupatv.eu\\\/#\\\/schema\\\/logo\\\/image\\\/\"}},{\"@type\":\"Person\",\"@id\":\"https:\\\/\\\/avrupatv.eu\\\/#\\\/schema\\\/person\\\/d56afa5d5569da4029d483da36c0c17d\",\"name\":\"Onur Akpinar\",\"image\":{\"@type\":\"ImageObject\",\"inLanguage\":\"tr\",\"@id\":\"https:\\\/\\\/secure.gravatar.com\\\/avatar\\\/67a1a0bdf34f82da209334e4684b7e7171a58a5a2b0a8f836b61044f5c1f5d6a?s=96&d=mm&r=g\",\"url\":\"https:\\\/\\\/secure.gravatar.com\\\/avatar\\\/67a1a0bdf34f82da209334e4684b7e7171a58a5a2b0a8f836b61044f5c1f5d6a?s=96&d=mm&r=g\",\"contentUrl\":\"https:\\\/\\\/secure.gravatar.com\\\/avatar\\\/67a1a0bdf34f82da209334e4684b7e7171a58a5a2b0a8f836b61044f5c1f5d6a?s=96&d=mm&r=g\",\"caption\":\"Onur Akpinar\"},\"url\":\"https:\\\/\\\/avrupatv.eu\\\/index.php\\\/author\\\/onur-akpinar\\\/\"}]}<\/script>\n<!-- \/ Yoast SEO plugin. -->","yoast_head_json":{"title":"Aydin Polisi Ge\u00e7it Vermedi - Avrupal\u0131 T\u00fcrklerin en Yeni Haber Portal\u0131","robots":{"index":"index","follow":"follow","max-snippet":"max-snippet:-1","max-image-preview":"max-image-preview:large","max-video-preview":"max-video-preview:-1"},"canonical":"https:\/\/avrupatv.eu\/index.php\/2024\/12\/04\/aydin-polisi-gecit-vermedi\/","og_locale":"tr_TR","og_type":"article","og_title":"Aydin Polisi Ge\u00e7it Vermedi - Avrupal\u0131 T\u00fcrklerin en Yeni Haber Portal\u0131","og_description":"Ayd\u0131n Emniyet M\u00fcd\u00fcrl\u00fc\u011f\u00fc&#8217;nden Ka\u00e7ak \u0130\u00e7ki Operasyonu: 361 Litre Sahte \u015earap ve 13 Litre Ev Yap\u0131m\u0131 Rak\u0131 Ele Ge\u00e7irildi Ayd\u0131n \u0130l Emniyet M\u00fcd\u00fcrl\u00fc\u011f\u00fc Ka\u00e7ak\u00e7\u0131l\u0131k ve Organize Su\u00e7larla M\u00fccadele \u015eube M\u00fcd\u00fcrl\u00fc\u011f\u00fc ekipleri, sahte i\u00e7ki \u00fcretimi ve ka\u00e7ak\u00e7\u0131l\u0131\u011f\u0131na kar\u015f\u0131 b\u00fcy\u00fck bir operasyon ger\u00e7ekle\u015ftirdi. Efeler, Ku\u015fadas\u0131 ve Nazilli il\u00e7elerinde bulunan \u00e7e\u015fitli adreslere y\u00f6nelik yap\u0131lan operasyonda 361 litre kurma \u015farap [&hellip;]","og_url":"https:\/\/avrupatv.eu\/index.php\/2024\/12\/04\/aydin-polisi-gecit-vermedi\/","og_site_name":"Avrupal\u0131 T\u00fcrklerin en Yeni Haber Portal\u0131","article_published_time":"2024-12-04T16:17:19+00:00","og_image":[{"width":640,"height":380,"url":"https:\/\/avrupatv.eu\/wp-content\/uploads\/2024\/12\/13001552-640x380-1.webp","type":"image\/webp"}],"author":"Onur Akpinar","twitter_card":"summary_large_image","twitter_misc":{"Yazan:":"Onur Akpinar","Tahmini okuma s\u00fcresi":"1 dakika"},"schema":{"@context":"https:\/\/schema.org","@graph":[{"@type":"Article","@id":"https:\/\/avrupatv.eu\/index.php\/2024\/12\/04\/aydin-polisi-gecit-vermedi\/#article","isPartOf":{"@id":"https:\/\/avrupatv.eu\/index.php\/2024\/12\/04\/aydin-polisi-gecit-vermedi\/"},"author":{"name":"Onur Akpinar","@id":"https:\/\/avrupatv.eu\/#\/schema\/person\/d56afa5d5569da4029d483da36c0c17d"},"headline":"Aydin Polisi Ge\u00e7it Vermedi","datePublished":"2024-12-04T16:17:19+00:00","mainEntityOfPage":{"@id":"https:\/\/avrupatv.eu\/index.php\/2024\/12\/04\/aydin-polisi-gecit-vermedi\/"},"wordCount":208,"commentCount":0,"publisher":{"@id":"https:\/\/avrupatv.eu\/#organization"},"image":{"@id":"https:\/\/avrupatv.eu\/index.php\/2024\/12\/04\/aydin-polisi-gecit-vermedi\/#primaryimage"},"thumbnailUrl":"https:\/\/avrupatv.eu\/wp-content\/uploads\/2024\/12\/13001552-640x380-1.webp","articleSection":["G\u00fcndem"],"inLanguage":"tr","potentialAction":[{"@type":"CommentAction","name":"Comment","target":["https:\/\/avrupatv.eu\/index.php\/2024\/12\/04\/aydin-polisi-gecit-vermedi\/#respond"]}]},{"@type":"WebPage","@id":"https:\/\/avrupatv.eu\/index.php\/2024\/12\/04\/aydin-polisi-gecit-vermedi\/","url":"https:\/\/avrupatv.eu\/index.php\/2024\/12\/04\/aydin-polisi-gecit-vermedi\/","name":"Aydin Polisi Ge\u00e7it Vermedi - Avrupal\u0131 T\u00fcrklerin en Yeni Haber Portal\u0131","isPartOf":{"@id":"https:\/\/avrupatv.eu\/#website"},"primaryImageOfPage":{"@id":"https:\/\/avrupatv.eu\/index.php\/2024\/12\/04\/aydin-polisi-gecit-vermedi\/#primaryimage"},"image":{"@id":"https:\/\/avrupatv.eu\/index.php\/2024\/12\/04\/aydin-polisi-gecit-vermedi\/#primaryimage"},"thumbnailUrl":"https:\/\/avrupatv.eu\/wp-content\/uploads\/2024\/12\/13001552-640x380-1.webp","datePublished":"2024-12-04T16:17:19+00:00","breadcrumb":{"@id":"https:\/\/avrupatv.eu\/index.php\/2024\/12\/04\/aydin-polisi-gecit-vermedi\/#breadcrumb"},"inLanguage":"tr","potentialAction":[{"@type":"ReadAction","target":["https:\/\/avrupatv.eu\/index.php\/2024\/12\/04\/aydin-polisi-gecit-vermedi\/"]}]},{"@type":"ImageObject","inLanguage":"tr","@id":"https:\/\/avrupatv.eu\/index.php\/2024\/12\/04\/aydin-polisi-gecit-vermedi\/#primaryimage","url":"https:\/\/avrupatv.eu\/wp-content\/uploads\/2024\/12\/13001552-640x380-1.webp","contentUrl":"https:\/\/avrupatv.eu\/wp-content\/uploads\/2024\/12\/13001552-640x380-1.webp","width":640,"height":380},{"@type":"BreadcrumbList","@id":"https:\/\/avrupatv.eu\/index.php\/2024\/12\/04\/aydin-polisi-gecit-vermedi\/#breadcrumb","itemListElement":[{"@type":"ListItem","position":1,"name":"Anasayfa","item":"https:\/\/avrupatv.eu\/"},{"@type":"ListItem","position":2,"name":"Aydin Polisi Ge\u00e7it Vermedi"}]},{"@type":"WebSite","@id":"https:\/\/avrupatv.eu\/#website","url":"https:\/\/avrupatv.eu\/","name":"Avrupal\u0131 T\u00fcrklerin en Yeni Haber Portal\u0131","description":"","publisher":{"@id":"https:\/\/avrupatv.eu\/#organization"},"alternateName":"Avrupa tv","potentialAction":[{"@type":"SearchAction","target":{"@type":"EntryPoint","urlTemplate":"https:\/\/avrupatv.eu\/?s={search_term_string}"},"query-input":{"@type":"PropertyValueSpecification","valueRequired":true,"valueName":"search_term_string"}}],"inLanguage":"tr"},{"@type":"Organization","@id":"https:\/\/avrupatv.eu\/#organization","name":"Avrupa Haber","url":"https:\/\/avrupatv.eu\/","logo":{"@type":"ImageObject","inLanguage":"tr","@id":"https:\/\/avrupatv.eu\/#\/schema\/logo\/image\/","url":"https:\/\/avrupatv.eu\/wp-content\/uploads\/2023\/10\/cropped-thumbnail_logo.png","contentUrl":"https:\/\/avrupatv.eu\/wp-content\/uploads\/2023\/10\/cropped-thumbnail_logo.png","width":1025,"height":302,"caption":"Avrupa Haber"},"image":{"@id":"https:\/\/avrupatv.eu\/#\/schema\/logo\/image\/"}},{"@type":"Person","@id":"https:\/\/avrupatv.eu\/#\/schema\/person\/d56afa5d5569da4029d483da36c0c17d","name":"Onur Akpinar","image":{"@type":"ImageObject","inLanguage":"tr","@id":"https:\/\/secure.gravatar.com\/avatar\/67a1a0bdf34f82da209334e4684b7e7171a58a5a2b0a8f836b61044f5c1f5d6a?s=96&d=mm&r=g","url":"https:\/\/secure.gravatar.com\/avatar\/67a1a0bdf34f82da209334e4684b7e7171a58a5a2b0a8f836b61044f5c1f5d6a?s=96&d=mm&r=g","contentUrl":"https:\/\/secure.gravatar.com\/avatar\/67a1a0bdf34f82da209334e4684b7e7171a58a5a2b0a8f836b61044f5c1f5d6a?s=96&d=mm&r=g","caption":"Onur Akpinar"},"url":"https:\/\/avrupatv.eu\/index.php\/author\/onur-akpinar\/"}]}},"_links":{"self":[{"href":"https:\/\/avrupatv.eu\/index.php\/wp-json\/wp\/v2\/posts\/820","targetHints":{"allow":["GET"]}}],"collection":[{"href":"https:\/\/avrupatv.eu\/index.php\/wp-json\/wp\/v2\/posts"}],"about":[{"href":"https:\/\/avrupatv.eu\/index.php\/wp-json\/wp\/v2\/types\/post"}],"author":[{"embeddable":true,"href":"https:\/\/avrupatv.eu\/index.php\/wp-json\/wp\/v2\/users\/2"}],"replies":[{"embeddable":true,"href":"https:\/\/avrupatv.eu\/index.php\/wp-json\/wp\/v2\/comments?post=820"}],"version-history":[{"count":1,"href":"https:\/\/avrupatv.eu\/index.php\/wp-json\/wp\/v2\/posts\/820\/revisions"}],"predecessor-version":[{"id":822,"href":"https:\/\/avrupatv.eu\/index.php\/wp-json\/wp\/v2\/posts\/820\/revisions\/822"}],"wp:featuredmedia":[{"embeddable":true,"href":"https:\/\/avrupatv.eu\/index.php\/wp-json\/wp\/v2\/media\/821"}],"wp:attachment":[{"href":"https:\/\/avrupatv.eu\/index.php\/wp-json\/wp\/v2\/media?parent=820"}],"wp:term":[{"taxonomy":"category","embeddable":true,"href":"https:\/\/avrupatv.eu\/index.php\/wp-json\/wp\/v2\/categories?post=820"},{"taxonomy":"post_tag","embeddable":true,"href":"https:\/\/avrupatv.eu\/index.php\/wp-json\/wp\/v2\/tags?post=820"}],"curies":[{"name":"wp","href":"https:\/\/api.w.org\/{rel}","templated":true}]}}