{"id":817,"date":"2024-12-04T16:00:17","date_gmt":"2024-12-04T16:00:17","guid":{"rendered":"https:\/\/avrupatv.eu\/?p=817"},"modified":"2024-12-04T16:00:18","modified_gmt":"2024-12-04T16:00:18","slug":"meral-aksener-bakan-olacak-iddialari","status":"publish","type":"post","link":"https:\/\/avrupatv.eu\/index.php\/2024\/12\/04\/meral-aksener-bakan-olacak-iddialari\/","title":{"rendered":"Meral Ak\u015fener Bakan Olacak \u0130ddialar\u0131"},"content":{"rendered":"\n<h3 class=\"wp-block-heading\">MERAL AK\u015eENER BAKAN MI OLACAK?<\/h3>\n\n\n\n<p>Gazeteci Enver Aysever, son d\u00f6nemde siyasi kulislerde konu\u015fulan \u00f6nemli bir iddiay\u0131 g\u00fcndeme ta\u015f\u0131d\u0131. Aysever, YouTube \u00fczerinden yapt\u0131\u011f\u0131 yay\u0131nda, Meral Ak\u015fener\u2019in AK Parti\u2019nin yeni kabinesinde bakanl\u0131k g\u00f6revini \u00fcstlenece\u011fini \u00f6ne s\u00fcrd\u00fc. Aysever, bu konuda \u201cAk\u015fener, %90 ihtimalle AK Parti&#8217;nin yeni kabinesinde bakan olarak yer alacak\u201d diyerek, iddias\u0131n\u0131n olduk\u00e7a g\u00fc\u00e7l\u00fc bir temele dayand\u0131\u011f\u0131n\u0131 belirtti.<\/p>\n\n\n\n<p>Aysever, bu bilgiyi Ankara&#8217;daki birka\u00e7 kayna\u011f\u0131ndan teyit etti\u011fini ve Meral Ak\u015fener\u2019in AK Parti ile bakanl\u0131k konusunda uzla\u015fmaya vard\u0131\u011f\u0131n\u0131 ifade etti. Ancak hangi bakanl\u0131k g\u00f6revine getirilece\u011fiyle ilgili net bir bilgi bulunmad\u0131\u011f\u0131n\u0131 da s\u00f6zlerine ekledi. Aysever, &#8220;\u0130\u00e7i\u015fleri Bakan\u0131 olursa, \u00e7ok e\u011flenceli g\u00fcnler ya\u015fan\u0131r&#8221; \u015feklinde bir yorumda bulunarak, Ak\u015fener&#8217;in siyasetteki etkili rol\u00fcne dikkat \u00e7ekti.<\/p>\n\n\n\n<p>Enver Aysever, a\u00e7\u0131klamalar\u0131nda Meral Ak\u015fener\u2019in AK Parti ile olan ili\u015fkilerinin de \u00f6nemine vurgu yapt\u0131. &#8220;Saraya gidip gelmeler bo\u015funa de\u011filmi\u015f&#8221; diyerek, Ak\u015fener\u2019in siyasi arenada yapt\u0131\u011f\u0131 g\u00f6r\u00fc\u015fmelerin ve hareketlerinin arkas\u0131ndaki ger\u00e7ekleri ima etti.<\/p>\n\n\n\n<p>Aysever ayr\u0131ca, Ak\u015fener\u2019in bu bakanl\u0131k g\u00f6revini kabul etmesinin erken payla\u015f\u0131lmas\u0131n\u0131n riskli olabilece\u011fini belirterek, bu t\u00fcr haberlerin hen\u00fcz kesinle\u015fmeden duyurulmas\u0131n\u0131n yanl\u0131\u015f anla\u015f\u0131lmalara yol a\u00e7abilece\u011fine dikkat \u00e7ekti.<\/p>\n\n\n\n<p>Bu iddia, T\u00fcrkiye&#8217;deki siyasi g\u00fcndemi daha da \u0131s\u0131taca\u011fa benziyor. Meral Ak\u015fener\u2019in AK Parti\u2019nin yeni kabinesinde yer almas\u0131, T\u00fcrk siyasetinde yeni bir d\u00f6nemin ba\u015flang\u0131c\u0131n\u0131 i\u015faret edebilir.<\/p>\n","protected":false},"excerpt":{"rendered":"<p>MERAL AK\u015eENER BAKAN MI OLACAK? Gazeteci Enver Aysever, son d\u00f6nemde siyasi kulislerde konu\u015fulan \u00f6nemli bir iddiay\u0131 g\u00fcndeme ta\u015f\u0131d\u0131. Aysever, YouTube \u00fczerinden yapt\u0131\u011f\u0131 yay\u0131nda, Meral Ak\u015fener\u2019in AK Parti\u2019nin yeni kabinesinde bakanl\u0131k g\u00f6revini \u00fcstlenece\u011fini \u00f6ne s\u00fcrd\u00fc. Aysever, bu konuda \u201cAk\u015fener, %90 ihtimalle AK Parti&#8217;nin yeni kabinesinde bakan olarak yer alacak\u201d diyerek, iddias\u0131n\u0131n olduk\u00e7a g\u00fc\u00e7l\u00fc bir temele dayand\u0131\u011f\u0131n\u0131 [&hellip;]<\/p>\n","protected":false},"author":2,"featured_media":818,"comment_status":"open","ping_status":"open","sticky":false,"template":"","format":"standard","meta":{"footnotes":""},"categories":[18],"tags":[],"class_list":["post-817","post","type-post","status-publish","format-standard","has-post-thumbnail","hentry","category-siyaset"],"yoast_head":"<!-- This site is optimized with the Yoast SEO plugin v27.4 - https:\/\/yoast.com\/product\/yoast-seo-wordpress\/ -->\n<title>Meral Ak\u015fener Bakan Olacak \u0130ddialar\u0131 - Avrupal\u0131 T\u00fcrklerin en Yeni Haber Portal\u0131<\/title>\n<meta name=\"robots\" content=\"index, follow, max-snippet:-1, max-image-preview:large, max-video-preview:-1\" \/>\n<link rel=\"canonical\" href=\"https:\/\/avrupatv.eu\/index.php\/2024\/12\/04\/meral-aksener-bakan-olacak-iddialari\/\" \/>\n<meta property=\"og:locale\" content=\"tr_TR\" \/>\n<meta property=\"og:type\" content=\"article\" \/>\n<meta property=\"og:title\" content=\"Meral Ak\u015fener Bakan Olacak \u0130ddialar\u0131 - Avrupal\u0131 T\u00fcrklerin en Yeni Haber Portal\u0131\" \/>\n<meta property=\"og:description\" content=\"MERAL AK\u015eENER BAKAN MI OLACAK? Gazeteci Enver Aysever, son d\u00f6nemde siyasi kulislerde konu\u015fulan \u00f6nemli bir iddiay\u0131 g\u00fcndeme ta\u015f\u0131d\u0131. Aysever, YouTube \u00fczerinden yapt\u0131\u011f\u0131 yay\u0131nda, Meral Ak\u015fener\u2019in AK Parti\u2019nin yeni kabinesinde bakanl\u0131k g\u00f6revini \u00fcstlenece\u011fini \u00f6ne s\u00fcrd\u00fc. Aysever, bu konuda \u201cAk\u015fener, %90 ihtimalle AK Parti&#8217;nin yeni kabinesinde bakan olarak yer alacak\u201d diyerek, iddias\u0131n\u0131n olduk\u00e7a g\u00fc\u00e7l\u00fc bir temele dayand\u0131\u011f\u0131n\u0131 [&hellip;]\" \/>\n<meta property=\"og:url\" content=\"https:\/\/avrupatv.eu\/index.php\/2024\/12\/04\/meral-aksener-bakan-olacak-iddialari\/\" \/>\n<meta property=\"og:site_name\" content=\"Avrupal\u0131 T\u00fcrklerin en Yeni Haber Portal\u0131\" \/>\n<meta property=\"article:published_time\" content=\"2024-12-04T16:00:17+00:00\" \/>\n<meta property=\"article:modified_time\" content=\"2024-12-04T16:00:18+00:00\" \/>\n<meta property=\"og:image\" content=\"https:\/\/avrupatv.eu\/wp-content\/uploads\/2024\/12\/enver-aysver-meral-aksenerin-bakan-olacagini-iddia-etti-aksener-bakan-mi-olacak-aksener-su-anda-ne-yapiyor-jbxn.webp\" \/>\n\t<meta property=\"og:image:width\" content=\"1280\" \/>\n\t<meta property=\"og:image:height\" content=\"720\" \/>\n\t<meta property=\"og:image:type\" content=\"image\/webp\" \/>\n<meta name=\"author\" content=\"Onur Akpinar\" \/>\n<meta name=\"twitter:card\" content=\"summary_large_image\" \/>\n<meta name=\"twitter:label1\" content=\"Yazan:\" \/>\n\t<meta name=\"twitter:data1\" content=\"Onur Akpinar\" \/>\n\t<meta name=\"twitter:label2\" content=\"Tahmini okuma s\u00fcresi\" \/>\n\t<meta name=\"twitter:data2\" content=\"2 dakika\" \/>\n<script type=\"application\/ld+json\" class=\"yoast-schema-graph\">{\"@context\":\"https:\\\/\\\/schema.org\",\"@graph\":[{\"@type\":\"Article\",\"@id\":\"https:\\\/\\\/avrupatv.eu\\\/index.php\\\/2024\\\/12\\\/04\\\/meral-aksener-bakan-olacak-iddialari\\\/#article\",\"isPartOf\":{\"@id\":\"https:\\\/\\\/avrupatv.eu\\\/index.php\\\/2024\\\/12\\\/04\\\/meral-aksener-bakan-olacak-iddialari\\\/\"},\"author\":{\"name\":\"Onur Akpinar\",\"@id\":\"https:\\\/\\\/avrupatv.eu\\\/#\\\/schema\\\/person\\\/d56afa5d5569da4029d483da36c0c17d\"},\"headline\":\"Meral Ak\u015fener Bakan Olacak \u0130ddialar\u0131\",\"datePublished\":\"2024-12-04T16:00:17+00:00\",\"dateModified\":\"2024-12-04T16:00:18+00:00\",\"mainEntityOfPage\":{\"@id\":\"https:\\\/\\\/avrupatv.eu\\\/index.php\\\/2024\\\/12\\\/04\\\/meral-aksener-bakan-olacak-iddialari\\\/\"},\"wordCount\":278,\"commentCount\":0,\"publisher\":{\"@id\":\"https:\\\/\\\/avrupatv.eu\\\/#organization\"},\"image\":{\"@id\":\"https:\\\/\\\/avrupatv.eu\\\/index.php\\\/2024\\\/12\\\/04\\\/meral-aksener-bakan-olacak-iddialari\\\/#primaryimage\"},\"thumbnailUrl\":\"https:\\\/\\\/avrupatv.eu\\\/wp-content\\\/uploads\\\/2024\\\/12\\\/enver-aysver-meral-aksenerin-bakan-olacagini-iddia-etti-aksener-bakan-mi-olacak-aksener-su-anda-ne-yapiyor-jbxn.webp\",\"articleSection\":[\"Siyaset\"],\"inLanguage\":\"tr\",\"potentialAction\":[{\"@type\":\"CommentAction\",\"name\":\"Comment\",\"target\":[\"https:\\\/\\\/avrupatv.eu\\\/index.php\\\/2024\\\/12\\\/04\\\/meral-aksener-bakan-olacak-iddialari\\\/#respond\"]}]},{\"@type\":\"WebPage\",\"@id\":\"https:\\\/\\\/avrupatv.eu\\\/index.php\\\/2024\\\/12\\\/04\\\/meral-aksener-bakan-olacak-iddialari\\\/\",\"url\":\"https:\\\/\\\/avrupatv.eu\\\/index.php\\\/2024\\\/12\\\/04\\\/meral-aksener-bakan-olacak-iddialari\\\/\",\"name\":\"Meral Ak\u015fener Bakan Olacak \u0130ddialar\u0131 - Avrupal\u0131 T\u00fcrklerin en Yeni Haber Portal\u0131\",\"isPartOf\":{\"@id\":\"https:\\\/\\\/avrupatv.eu\\\/#website\"},\"primaryImageOfPage\":{\"@id\":\"https:\\\/\\\/avrupatv.eu\\\/index.php\\\/2024\\\/12\\\/04\\\/meral-aksener-bakan-olacak-iddialari\\\/#primaryimage\"},\"image\":{\"@id\":\"https:\\\/\\\/avrupatv.eu\\\/index.php\\\/2024\\\/12\\\/04\\\/meral-aksener-bakan-olacak-iddialari\\\/#primaryimage\"},\"thumbnailUrl\":\"https:\\\/\\\/avrupatv.eu\\\/wp-content\\\/uploads\\\/2024\\\/12\\\/enver-aysver-meral-aksenerin-bakan-olacagini-iddia-etti-aksener-bakan-mi-olacak-aksener-su-anda-ne-yapiyor-jbxn.webp\",\"datePublished\":\"2024-12-04T16:00:17+00:00\",\"dateModified\":\"2024-12-04T16:00:18+00:00\",\"breadcrumb\":{\"@id\":\"https:\\\/\\\/avrupatv.eu\\\/index.php\\\/2024\\\/12\\\/04\\\/meral-aksener-bakan-olacak-iddialari\\\/#breadcrumb\"},\"inLanguage\":\"tr\",\"potentialAction\":[{\"@type\":\"ReadAction\",\"target\":[\"https:\\\/\\\/avrupatv.eu\\\/index.php\\\/2024\\\/12\\\/04\\\/meral-aksener-bakan-olacak-iddialari\\\/\"]}]},{\"@type\":\"ImageObject\",\"inLanguage\":\"tr\",\"@id\":\"https:\\\/\\\/avrupatv.eu\\\/index.php\\\/2024\\\/12\\\/04\\\/meral-aksener-bakan-olacak-iddialari\\\/#primaryimage\",\"url\":\"https:\\\/\\\/avrupatv.eu\\\/wp-content\\\/uploads\\\/2024\\\/12\\\/enver-aysver-meral-aksenerin-bakan-olacagini-iddia-etti-aksener-bakan-mi-olacak-aksener-su-anda-ne-yapiyor-jbxn.webp\",\"contentUrl\":\"https:\\\/\\\/avrupatv.eu\\\/wp-content\\\/uploads\\\/2024\\\/12\\\/enver-aysver-meral-aksenerin-bakan-olacagini-iddia-etti-aksener-bakan-mi-olacak-aksener-su-anda-ne-yapiyor-jbxn.webp\",\"width\":1280,\"height\":720},{\"@type\":\"BreadcrumbList\",\"@id\":\"https:\\\/\\\/avrupatv.eu\\\/index.php\\\/2024\\\/12\\\/04\\\/meral-aksener-bakan-olacak-iddialari\\\/#breadcrumb\",\"itemListElement\":[{\"@type\":\"ListItem\",\"position\":1,\"name\":\"Anasayfa\",\"item\":\"https:\\\/\\\/avrupatv.eu\\\/\"},{\"@type\":\"ListItem\",\"position\":2,\"name\":\"Meral Ak\u015fener Bakan Olacak \u0130ddialar\u0131\"}]},{\"@type\":\"WebSite\",\"@id\":\"https:\\\/\\\/avrupatv.eu\\\/#website\",\"url\":\"https:\\\/\\\/avrupatv.eu\\\/\",\"name\":\"Avrupal\u0131 T\u00fcrklerin en Yeni Haber Portal\u0131\",\"description\":\"\",\"publisher\":{\"@id\":\"https:\\\/\\\/avrupatv.eu\\\/#organization\"},\"alternateName\":\"Avrupa tv\",\"potentialAction\":[{\"@type\":\"SearchAction\",\"target\":{\"@type\":\"EntryPoint\",\"urlTemplate\":\"https:\\\/\\\/avrupatv.eu\\\/?s={search_term_string}\"},\"query-input\":{\"@type\":\"PropertyValueSpecification\",\"valueRequired\":true,\"valueName\":\"search_term_string\"}}],\"inLanguage\":\"tr\"},{\"@type\":\"Organization\",\"@id\":\"https:\\\/\\\/avrupatv.eu\\\/#organization\",\"name\":\"Avrupa Haber\",\"url\":\"https:\\\/\\\/avrupatv.eu\\\/\",\"logo\":{\"@type\":\"ImageObject\",\"inLanguage\":\"tr\",\"@id\":\"https:\\\/\\\/avrupatv.eu\\\/#\\\/schema\\\/logo\\\/image\\\/\",\"url\":\"https:\\\/\\\/avrupatv.eu\\\/wp-content\\\/uploads\\\/2023\\\/10\\\/cropped-thumbnail_logo.png\",\"contentUrl\":\"https:\\\/\\\/avrupatv.eu\\\/wp-content\\\/uploads\\\/2023\\\/10\\\/cropped-thumbnail_logo.png\",\"width\":1025,\"height\":302,\"caption\":\"Avrupa Haber\"},\"image\":{\"@id\":\"https:\\\/\\\/avrupatv.eu\\\/#\\\/schema\\\/logo\\\/image\\\/\"}},{\"@type\":\"Person\",\"@id\":\"https:\\\/\\\/avrupatv.eu\\\/#\\\/schema\\\/person\\\/d56afa5d5569da4029d483da36c0c17d\",\"name\":\"Onur Akpinar\",\"image\":{\"@type\":\"ImageObject\",\"inLanguage\":\"tr\",\"@id\":\"https:\\\/\\\/secure.gravatar.com\\\/avatar\\\/67a1a0bdf34f82da209334e4684b7e7171a58a5a2b0a8f836b61044f5c1f5d6a?s=96&d=mm&r=g\",\"url\":\"https:\\\/\\\/secure.gravatar.com\\\/avatar\\\/67a1a0bdf34f82da209334e4684b7e7171a58a5a2b0a8f836b61044f5c1f5d6a?s=96&d=mm&r=g\",\"contentUrl\":\"https:\\\/\\\/secure.gravatar.com\\\/avatar\\\/67a1a0bdf34f82da209334e4684b7e7171a58a5a2b0a8f836b61044f5c1f5d6a?s=96&d=mm&r=g\",\"caption\":\"Onur Akpinar\"},\"url\":\"https:\\\/\\\/avrupatv.eu\\\/index.php\\\/author\\\/onur-akpinar\\\/\"}]}<\/script>\n<!-- \/ Yoast SEO plugin. -->","yoast_head_json":{"title":"Meral Ak\u015fener Bakan Olacak \u0130ddialar\u0131 - Avrupal\u0131 T\u00fcrklerin en Yeni Haber Portal\u0131","robots":{"index":"index","follow":"follow","max-snippet":"max-snippet:-1","max-image-preview":"max-image-preview:large","max-video-preview":"max-video-preview:-1"},"canonical":"https:\/\/avrupatv.eu\/index.php\/2024\/12\/04\/meral-aksener-bakan-olacak-iddialari\/","og_locale":"tr_TR","og_type":"article","og_title":"Meral Ak\u015fener Bakan Olacak \u0130ddialar\u0131 - Avrupal\u0131 T\u00fcrklerin en Yeni Haber Portal\u0131","og_description":"MERAL AK\u015eENER BAKAN MI OLACAK? Gazeteci Enver Aysever, son d\u00f6nemde siyasi kulislerde konu\u015fulan \u00f6nemli bir iddiay\u0131 g\u00fcndeme ta\u015f\u0131d\u0131. Aysever, YouTube \u00fczerinden yapt\u0131\u011f\u0131 yay\u0131nda, Meral Ak\u015fener\u2019in AK Parti\u2019nin yeni kabinesinde bakanl\u0131k g\u00f6revini \u00fcstlenece\u011fini \u00f6ne s\u00fcrd\u00fc. Aysever, bu konuda \u201cAk\u015fener, %90 ihtimalle AK Parti&#8217;nin yeni kabinesinde bakan olarak yer alacak\u201d diyerek, iddias\u0131n\u0131n olduk\u00e7a g\u00fc\u00e7l\u00fc bir temele dayand\u0131\u011f\u0131n\u0131 [&hellip;]","og_url":"https:\/\/avrupatv.eu\/index.php\/2024\/12\/04\/meral-aksener-bakan-olacak-iddialari\/","og_site_name":"Avrupal\u0131 T\u00fcrklerin en Yeni Haber Portal\u0131","article_published_time":"2024-12-04T16:00:17+00:00","article_modified_time":"2024-12-04T16:00:18+00:00","og_image":[{"width":1280,"height":720,"url":"https:\/\/avrupatv.eu\/wp-content\/uploads\/2024\/12\/enver-aysver-meral-aksenerin-bakan-olacagini-iddia-etti-aksener-bakan-mi-olacak-aksener-su-anda-ne-yapiyor-jbxn.webp","type":"image\/webp"}],"author":"Onur Akpinar","twitter_card":"summary_large_image","twitter_misc":{"Yazan:":"Onur Akpinar","Tahmini okuma s\u00fcresi":"2 dakika"},"schema":{"@context":"https:\/\/schema.org","@graph":[{"@type":"Article","@id":"https:\/\/avrupatv.eu\/index.php\/2024\/12\/04\/meral-aksener-bakan-olacak-iddialari\/#article","isPartOf":{"@id":"https:\/\/avrupatv.eu\/index.php\/2024\/12\/04\/meral-aksener-bakan-olacak-iddialari\/"},"author":{"name":"Onur Akpinar","@id":"https:\/\/avrupatv.eu\/#\/schema\/person\/d56afa5d5569da4029d483da36c0c17d"},"headline":"Meral Ak\u015fener Bakan Olacak \u0130ddialar\u0131","datePublished":"2024-12-04T16:00:17+00:00","dateModified":"2024-12-04T16:00:18+00:00","mainEntityOfPage":{"@id":"https:\/\/avrupatv.eu\/index.php\/2024\/12\/04\/meral-aksener-bakan-olacak-iddialari\/"},"wordCount":278,"commentCount":0,"publisher":{"@id":"https:\/\/avrupatv.eu\/#organization"},"image":{"@id":"https:\/\/avrupatv.eu\/index.php\/2024\/12\/04\/meral-aksener-bakan-olacak-iddialari\/#primaryimage"},"thumbnailUrl":"https:\/\/avrupatv.eu\/wp-content\/uploads\/2024\/12\/enver-aysver-meral-aksenerin-bakan-olacagini-iddia-etti-aksener-bakan-mi-olacak-aksener-su-anda-ne-yapiyor-jbxn.webp","articleSection":["Siyaset"],"inLanguage":"tr","potentialAction":[{"@type":"CommentAction","name":"Comment","target":["https:\/\/avrupatv.eu\/index.php\/2024\/12\/04\/meral-aksener-bakan-olacak-iddialari\/#respond"]}]},{"@type":"WebPage","@id":"https:\/\/avrupatv.eu\/index.php\/2024\/12\/04\/meral-aksener-bakan-olacak-iddialari\/","url":"https:\/\/avrupatv.eu\/index.php\/2024\/12\/04\/meral-aksener-bakan-olacak-iddialari\/","name":"Meral Ak\u015fener Bakan Olacak \u0130ddialar\u0131 - Avrupal\u0131 T\u00fcrklerin en Yeni Haber Portal\u0131","isPartOf":{"@id":"https:\/\/avrupatv.eu\/#website"},"primaryImageOfPage":{"@id":"https:\/\/avrupatv.eu\/index.php\/2024\/12\/04\/meral-aksener-bakan-olacak-iddialari\/#primaryimage"},"image":{"@id":"https:\/\/avrupatv.eu\/index.php\/2024\/12\/04\/meral-aksener-bakan-olacak-iddialari\/#primaryimage"},"thumbnailUrl":"https:\/\/avrupatv.eu\/wp-content\/uploads\/2024\/12\/enver-aysver-meral-aksenerin-bakan-olacagini-iddia-etti-aksener-bakan-mi-olacak-aksener-su-anda-ne-yapiyor-jbxn.webp","datePublished":"2024-12-04T16:00:17+00:00","dateModified":"2024-12-04T16:00:18+00:00","breadcrumb":{"@id":"https:\/\/avrupatv.eu\/index.php\/2024\/12\/04\/meral-aksener-bakan-olacak-iddialari\/#breadcrumb"},"inLanguage":"tr","potentialAction":[{"@type":"ReadAction","target":["https:\/\/avrupatv.eu\/index.php\/2024\/12\/04\/meral-aksener-bakan-olacak-iddialari\/"]}]},{"@type":"ImageObject","inLanguage":"tr","@id":"https:\/\/avrupatv.eu\/index.php\/2024\/12\/04\/meral-aksener-bakan-olacak-iddialari\/#primaryimage","url":"https:\/\/avrupatv.eu\/wp-content\/uploads\/2024\/12\/enver-aysver-meral-aksenerin-bakan-olacagini-iddia-etti-aksener-bakan-mi-olacak-aksener-su-anda-ne-yapiyor-jbxn.webp","contentUrl":"https:\/\/avrupatv.eu\/wp-content\/uploads\/2024\/12\/enver-aysver-meral-aksenerin-bakan-olacagini-iddia-etti-aksener-bakan-mi-olacak-aksener-su-anda-ne-yapiyor-jbxn.webp","width":1280,"height":720},{"@type":"BreadcrumbList","@id":"https:\/\/avrupatv.eu\/index.php\/2024\/12\/04\/meral-aksener-bakan-olacak-iddialari\/#breadcrumb","itemListElement":[{"@type":"ListItem","position":1,"name":"Anasayfa","item":"https:\/\/avrupatv.eu\/"},{"@type":"ListItem","position":2,"name":"Meral Ak\u015fener Bakan Olacak \u0130ddialar\u0131"}]},{"@type":"WebSite","@id":"https:\/\/avrupatv.eu\/#website","url":"https:\/\/avrupatv.eu\/","name":"Avrupal\u0131 T\u00fcrklerin en Yeni Haber Portal\u0131","description":"","publisher":{"@id":"https:\/\/avrupatv.eu\/#organization"},"alternateName":"Avrupa tv","potentialAction":[{"@type":"SearchAction","target":{"@type":"EntryPoint","urlTemplate":"https:\/\/avrupatv.eu\/?s={search_term_string}"},"query-input":{"@type":"PropertyValueSpecification","valueRequired":true,"valueName":"search_term_string"}}],"inLanguage":"tr"},{"@type":"Organization","@id":"https:\/\/avrupatv.eu\/#organization","name":"Avrupa Haber","url":"https:\/\/avrupatv.eu\/","logo":{"@type":"ImageObject","inLanguage":"tr","@id":"https:\/\/avrupatv.eu\/#\/schema\/logo\/image\/","url":"https:\/\/avrupatv.eu\/wp-content\/uploads\/2023\/10\/cropped-thumbnail_logo.png","contentUrl":"https:\/\/avrupatv.eu\/wp-content\/uploads\/2023\/10\/cropped-thumbnail_logo.png","width":1025,"height":302,"caption":"Avrupa Haber"},"image":{"@id":"https:\/\/avrupatv.eu\/#\/schema\/logo\/image\/"}},{"@type":"Person","@id":"https:\/\/avrupatv.eu\/#\/schema\/person\/d56afa5d5569da4029d483da36c0c17d","name":"Onur Akpinar","image":{"@type":"ImageObject","inLanguage":"tr","@id":"https:\/\/secure.gravatar.com\/avatar\/67a1a0bdf34f82da209334e4684b7e7171a58a5a2b0a8f836b61044f5c1f5d6a?s=96&d=mm&r=g","url":"https:\/\/secure.gravatar.com\/avatar\/67a1a0bdf34f82da209334e4684b7e7171a58a5a2b0a8f836b61044f5c1f5d6a?s=96&d=mm&r=g","contentUrl":"https:\/\/secure.gravatar.com\/avatar\/67a1a0bdf34f82da209334e4684b7e7171a58a5a2b0a8f836b61044f5c1f5d6a?s=96&d=mm&r=g","caption":"Onur Akpinar"},"url":"https:\/\/avrupatv.eu\/index.php\/author\/onur-akpinar\/"}]}},"_links":{"self":[{"href":"https:\/\/avrupatv.eu\/index.php\/wp-json\/wp\/v2\/posts\/817","targetHints":{"allow":["GET"]}}],"collection":[{"href":"https:\/\/avrupatv.eu\/index.php\/wp-json\/wp\/v2\/posts"}],"about":[{"href":"https:\/\/avrupatv.eu\/index.php\/wp-json\/wp\/v2\/types\/post"}],"author":[{"embeddable":true,"href":"https:\/\/avrupatv.eu\/index.php\/wp-json\/wp\/v2\/users\/2"}],"replies":[{"embeddable":true,"href":"https:\/\/avrupatv.eu\/index.php\/wp-json\/wp\/v2\/comments?post=817"}],"version-history":[{"count":1,"href":"https:\/\/avrupatv.eu\/index.php\/wp-json\/wp\/v2\/posts\/817\/revisions"}],"predecessor-version":[{"id":819,"href":"https:\/\/avrupatv.eu\/index.php\/wp-json\/wp\/v2\/posts\/817\/revisions\/819"}],"wp:featuredmedia":[{"embeddable":true,"href":"https:\/\/avrupatv.eu\/index.php\/wp-json\/wp\/v2\/media\/818"}],"wp:attachment":[{"href":"https:\/\/avrupatv.eu\/index.php\/wp-json\/wp\/v2\/media?parent=817"}],"wp:term":[{"taxonomy":"category","embeddable":true,"href":"https:\/\/avrupatv.eu\/index.php\/wp-json\/wp\/v2\/categories?post=817"},{"taxonomy":"post_tag","embeddable":true,"href":"https:\/\/avrupatv.eu\/index.php\/wp-json\/wp\/v2\/tags?post=817"}],"curies":[{"name":"wp","href":"https:\/\/api.w.org\/{rel}","templated":true}]}}