{"id":810,"date":"2024-12-04T15:30:02","date_gmt":"2024-12-04T15:30:02","guid":{"rendered":"https:\/\/avrupatv.eu\/?p=810"},"modified":"2024-12-04T15:30:03","modified_gmt":"2024-12-04T15:30:03","slug":"acun-ilicali-saat-22-30da-bu-aksam-hangi-kanalda-cikacak","status":"publish","type":"post","link":"https:\/\/avrupatv.eu\/index.php\/2024\/12\/04\/acun-ilicali-saat-22-30da-bu-aksam-hangi-kanalda-cikacak\/","title":{"rendered":"Acun Il\u0131cal\u0131 saat 22.30&#8217;da bu ak\u015fam hangi kanal&#8217;da \u00e7\u0131kacak"},"content":{"rendered":"\n<p>D\u00fcn ak\u015fam Galatasaray Ba\u015fkan\u0131 <strong>Dursun \u00d6zbek<\/strong>&#8216;i a\u011f\u0131rlayan <strong>A Spor<\/strong>, bug\u00fcn de Fenerbah\u00e7e Asba\u015fkan\u0131 <strong>Acun Il\u0131cal\u0131<\/strong>&#8216;y\u0131 konuk edecek. Spor g\u00fcndemine dair \u00f6nemli konular\u0131n ele al\u0131naca\u011f\u0131 ve Il\u0131cal\u0131\u2019n\u0131n sorular\u0131 yan\u0131tlayaca\u011f\u0131 <strong>G\u00fcndem \u00d6zel<\/strong> program\u0131, bu ak\u015fam saat <strong>22:30<\/strong>&#8216;da ekranlara gelecek.<\/p>\n\n\n\n<p>Acun Il\u0131cal\u0131&#8217;n\u0131n, Fenerbah\u00e7e&#8217;nin son durumu, transfer planlar\u0131 ve T\u00fcrk futbolundaki geli\u015fmelere dair \u00e7arp\u0131c\u0131 a\u00e7\u0131klamalar yapmas\u0131 bekleniyor. Sporseverler i\u00e7in ka\u00e7\u0131r\u0131lmayacak bir program olacak gibi g\u00f6r\u00fcn\u00fcyor!<\/p>\n","protected":false},"excerpt":{"rendered":"<p>D\u00fcn ak\u015fam Galatasaray Ba\u015fkan\u0131 Dursun \u00d6zbek&#8216;i a\u011f\u0131rlayan A Spor, bug\u00fcn de Fenerbah\u00e7e Asba\u015fkan\u0131 Acun Il\u0131cal\u0131&#8216;y\u0131 konuk edecek. Spor g\u00fcndemine dair \u00f6nemli konular\u0131n ele al\u0131naca\u011f\u0131 ve Il\u0131cal\u0131\u2019n\u0131n sorular\u0131 yan\u0131tlayaca\u011f\u0131 G\u00fcndem \u00d6zel program\u0131, bu ak\u015fam saat 22:30&#8216;da ekranlara gelecek. Acun Il\u0131cal\u0131&#8217;n\u0131n, Fenerbah\u00e7e&#8217;nin son durumu, transfer planlar\u0131 ve T\u00fcrk futbolundaki geli\u015fmelere dair \u00e7arp\u0131c\u0131 a\u00e7\u0131klamalar yapmas\u0131 bekleniyor. Sporseverler i\u00e7in [&hellip;]<\/p>\n","protected":false},"author":2,"featured_media":811,"comment_status":"open","ping_status":"open","sticky":false,"template":"","format":"standard","meta":{"footnotes":""},"categories":[10],"tags":[],"class_list":["post-810","post","type-post","status-publish","format-standard","has-post-thumbnail","hentry","category-futbol"],"yoast_head":"<!-- This site is optimized with the Yoast SEO plugin v27.4 - https:\/\/yoast.com\/product\/yoast-seo-wordpress\/ -->\n<title>Acun Il\u0131cal\u0131 saat 22.30&#039;da bu ak\u015fam hangi kanal&#039;da \u00e7\u0131kacak - Avrupal\u0131 T\u00fcrklerin en Yeni Haber Portal\u0131<\/title>\n<meta name=\"robots\" content=\"index, follow, max-snippet:-1, max-image-preview:large, max-video-preview:-1\" \/>\n<link rel=\"canonical\" href=\"https:\/\/avrupatv.eu\/index.php\/2024\/12\/04\/acun-ilicali-saat-22-30da-bu-aksam-hangi-kanalda-cikacak\/\" \/>\n<meta property=\"og:locale\" content=\"tr_TR\" \/>\n<meta property=\"og:type\" content=\"article\" \/>\n<meta property=\"og:title\" content=\"Acun Il\u0131cal\u0131 saat 22.30&#039;da bu ak\u015fam hangi kanal&#039;da \u00e7\u0131kacak - Avrupal\u0131 T\u00fcrklerin en Yeni Haber Portal\u0131\" \/>\n<meta property=\"og:description\" content=\"D\u00fcn ak\u015fam Galatasaray Ba\u015fkan\u0131 Dursun \u00d6zbek&#8216;i a\u011f\u0131rlayan A Spor, bug\u00fcn de Fenerbah\u00e7e Asba\u015fkan\u0131 Acun Il\u0131cal\u0131&#8216;y\u0131 konuk edecek. Spor g\u00fcndemine dair \u00f6nemli konular\u0131n ele al\u0131naca\u011f\u0131 ve Il\u0131cal\u0131\u2019n\u0131n sorular\u0131 yan\u0131tlayaca\u011f\u0131 G\u00fcndem \u00d6zel program\u0131, bu ak\u015fam saat 22:30&#8216;da ekranlara gelecek. Acun Il\u0131cal\u0131&#8217;n\u0131n, Fenerbah\u00e7e&#8217;nin son durumu, transfer planlar\u0131 ve T\u00fcrk futbolundaki geli\u015fmelere dair \u00e7arp\u0131c\u0131 a\u00e7\u0131klamalar yapmas\u0131 bekleniyor. Sporseverler i\u00e7in [&hellip;]\" \/>\n<meta property=\"og:url\" content=\"https:\/\/avrupatv.eu\/index.php\/2024\/12\/04\/acun-ilicali-saat-22-30da-bu-aksam-hangi-kanalda-cikacak\/\" \/>\n<meta property=\"og:site_name\" content=\"Avrupal\u0131 T\u00fcrklerin en Yeni Haber Portal\u0131\" \/>\n<meta property=\"article:published_time\" content=\"2024-12-04T15:30:02+00:00\" \/>\n<meta property=\"article:modified_time\" content=\"2024-12-04T15:30:03+00:00\" \/>\n<meta property=\"og:image\" content=\"https:\/\/avrupatv.eu\/wp-content\/uploads\/2024\/12\/acun-ilicali-medya-agini-buyutuyor-hedef-avru-16886549_amp.webp\" \/>\n\t<meta property=\"og:image:width\" content=\"1285\" \/>\n\t<meta property=\"og:image:height\" content=\"675\" \/>\n\t<meta property=\"og:image:type\" content=\"image\/webp\" \/>\n<meta name=\"author\" content=\"Onur Akpinar\" \/>\n<meta name=\"twitter:card\" content=\"summary_large_image\" \/>\n<meta name=\"twitter:label1\" content=\"Yazan:\" \/>\n\t<meta name=\"twitter:data1\" content=\"Onur Akpinar\" \/>\n\t<meta name=\"twitter:label2\" content=\"Tahmini okuma s\u00fcresi\" \/>\n\t<meta name=\"twitter:data2\" content=\"1 dakika\" \/>\n<script type=\"application\/ld+json\" class=\"yoast-schema-graph\">{\"@context\":\"https:\\\/\\\/schema.org\",\"@graph\":[{\"@type\":\"Article\",\"@id\":\"https:\\\/\\\/avrupatv.eu\\\/index.php\\\/2024\\\/12\\\/04\\\/acun-ilicali-saat-22-30da-bu-aksam-hangi-kanalda-cikacak\\\/#article\",\"isPartOf\":{\"@id\":\"https:\\\/\\\/avrupatv.eu\\\/index.php\\\/2024\\\/12\\\/04\\\/acun-ilicali-saat-22-30da-bu-aksam-hangi-kanalda-cikacak\\\/\"},\"author\":{\"name\":\"Onur Akpinar\",\"@id\":\"https:\\\/\\\/avrupatv.eu\\\/#\\\/schema\\\/person\\\/d56afa5d5569da4029d483da36c0c17d\"},\"headline\":\"Acun Il\u0131cal\u0131 saat 22.30&#8217;da bu ak\u015fam hangi kanal&#8217;da \u00e7\u0131kacak\",\"datePublished\":\"2024-12-04T15:30:02+00:00\",\"dateModified\":\"2024-12-04T15:30:03+00:00\",\"mainEntityOfPage\":{\"@id\":\"https:\\\/\\\/avrupatv.eu\\\/index.php\\\/2024\\\/12\\\/04\\\/acun-ilicali-saat-22-30da-bu-aksam-hangi-kanalda-cikacak\\\/\"},\"wordCount\":107,\"commentCount\":0,\"publisher\":{\"@id\":\"https:\\\/\\\/avrupatv.eu\\\/#organization\"},\"image\":{\"@id\":\"https:\\\/\\\/avrupatv.eu\\\/index.php\\\/2024\\\/12\\\/04\\\/acun-ilicali-saat-22-30da-bu-aksam-hangi-kanalda-cikacak\\\/#primaryimage\"},\"thumbnailUrl\":\"https:\\\/\\\/avrupatv.eu\\\/wp-content\\\/uploads\\\/2024\\\/12\\\/acun-ilicali-medya-agini-buyutuyor-hedef-avru-16886549_amp.webp\",\"articleSection\":[\"Futbol\"],\"inLanguage\":\"tr\",\"potentialAction\":[{\"@type\":\"CommentAction\",\"name\":\"Comment\",\"target\":[\"https:\\\/\\\/avrupatv.eu\\\/index.php\\\/2024\\\/12\\\/04\\\/acun-ilicali-saat-22-30da-bu-aksam-hangi-kanalda-cikacak\\\/#respond\"]}]},{\"@type\":\"WebPage\",\"@id\":\"https:\\\/\\\/avrupatv.eu\\\/index.php\\\/2024\\\/12\\\/04\\\/acun-ilicali-saat-22-30da-bu-aksam-hangi-kanalda-cikacak\\\/\",\"url\":\"https:\\\/\\\/avrupatv.eu\\\/index.php\\\/2024\\\/12\\\/04\\\/acun-ilicali-saat-22-30da-bu-aksam-hangi-kanalda-cikacak\\\/\",\"name\":\"Acun Il\u0131cal\u0131 saat 22.30'da bu ak\u015fam hangi kanal'da \u00e7\u0131kacak - Avrupal\u0131 T\u00fcrklerin en Yeni Haber Portal\u0131\",\"isPartOf\":{\"@id\":\"https:\\\/\\\/avrupatv.eu\\\/#website\"},\"primaryImageOfPage\":{\"@id\":\"https:\\\/\\\/avrupatv.eu\\\/index.php\\\/2024\\\/12\\\/04\\\/acun-ilicali-saat-22-30da-bu-aksam-hangi-kanalda-cikacak\\\/#primaryimage\"},\"image\":{\"@id\":\"https:\\\/\\\/avrupatv.eu\\\/index.php\\\/2024\\\/12\\\/04\\\/acun-ilicali-saat-22-30da-bu-aksam-hangi-kanalda-cikacak\\\/#primaryimage\"},\"thumbnailUrl\":\"https:\\\/\\\/avrupatv.eu\\\/wp-content\\\/uploads\\\/2024\\\/12\\\/acun-ilicali-medya-agini-buyutuyor-hedef-avru-16886549_amp.webp\",\"datePublished\":\"2024-12-04T15:30:02+00:00\",\"dateModified\":\"2024-12-04T15:30:03+00:00\",\"breadcrumb\":{\"@id\":\"https:\\\/\\\/avrupatv.eu\\\/index.php\\\/2024\\\/12\\\/04\\\/acun-ilicali-saat-22-30da-bu-aksam-hangi-kanalda-cikacak\\\/#breadcrumb\"},\"inLanguage\":\"tr\",\"potentialAction\":[{\"@type\":\"ReadAction\",\"target\":[\"https:\\\/\\\/avrupatv.eu\\\/index.php\\\/2024\\\/12\\\/04\\\/acun-ilicali-saat-22-30da-bu-aksam-hangi-kanalda-cikacak\\\/\"]}]},{\"@type\":\"ImageObject\",\"inLanguage\":\"tr\",\"@id\":\"https:\\\/\\\/avrupatv.eu\\\/index.php\\\/2024\\\/12\\\/04\\\/acun-ilicali-saat-22-30da-bu-aksam-hangi-kanalda-cikacak\\\/#primaryimage\",\"url\":\"https:\\\/\\\/avrupatv.eu\\\/wp-content\\\/uploads\\\/2024\\\/12\\\/acun-ilicali-medya-agini-buyutuyor-hedef-avru-16886549_amp.webp\",\"contentUrl\":\"https:\\\/\\\/avrupatv.eu\\\/wp-content\\\/uploads\\\/2024\\\/12\\\/acun-ilicali-medya-agini-buyutuyor-hedef-avru-16886549_amp.webp\",\"width\":1285,\"height\":675},{\"@type\":\"BreadcrumbList\",\"@id\":\"https:\\\/\\\/avrupatv.eu\\\/index.php\\\/2024\\\/12\\\/04\\\/acun-ilicali-saat-22-30da-bu-aksam-hangi-kanalda-cikacak\\\/#breadcrumb\",\"itemListElement\":[{\"@type\":\"ListItem\",\"position\":1,\"name\":\"Anasayfa\",\"item\":\"https:\\\/\\\/avrupatv.eu\\\/\"},{\"@type\":\"ListItem\",\"position\":2,\"name\":\"Acun Il\u0131cal\u0131 saat 22.30&#8217;da bu ak\u015fam hangi kanal&#8217;da \u00e7\u0131kacak\"}]},{\"@type\":\"WebSite\",\"@id\":\"https:\\\/\\\/avrupatv.eu\\\/#website\",\"url\":\"https:\\\/\\\/avrupatv.eu\\\/\",\"name\":\"Avrupal\u0131 T\u00fcrklerin en Yeni Haber Portal\u0131\",\"description\":\"\",\"publisher\":{\"@id\":\"https:\\\/\\\/avrupatv.eu\\\/#organization\"},\"alternateName\":\"Avrupa tv\",\"potentialAction\":[{\"@type\":\"SearchAction\",\"target\":{\"@type\":\"EntryPoint\",\"urlTemplate\":\"https:\\\/\\\/avrupatv.eu\\\/?s={search_term_string}\"},\"query-input\":{\"@type\":\"PropertyValueSpecification\",\"valueRequired\":true,\"valueName\":\"search_term_string\"}}],\"inLanguage\":\"tr\"},{\"@type\":\"Organization\",\"@id\":\"https:\\\/\\\/avrupatv.eu\\\/#organization\",\"name\":\"Avrupa Haber\",\"url\":\"https:\\\/\\\/avrupatv.eu\\\/\",\"logo\":{\"@type\":\"ImageObject\",\"inLanguage\":\"tr\",\"@id\":\"https:\\\/\\\/avrupatv.eu\\\/#\\\/schema\\\/logo\\\/image\\\/\",\"url\":\"https:\\\/\\\/avrupatv.eu\\\/wp-content\\\/uploads\\\/2023\\\/10\\\/cropped-thumbnail_logo.png\",\"contentUrl\":\"https:\\\/\\\/avrupatv.eu\\\/wp-content\\\/uploads\\\/2023\\\/10\\\/cropped-thumbnail_logo.png\",\"width\":1025,\"height\":302,\"caption\":\"Avrupa Haber\"},\"image\":{\"@id\":\"https:\\\/\\\/avrupatv.eu\\\/#\\\/schema\\\/logo\\\/image\\\/\"}},{\"@type\":\"Person\",\"@id\":\"https:\\\/\\\/avrupatv.eu\\\/#\\\/schema\\\/person\\\/d56afa5d5569da4029d483da36c0c17d\",\"name\":\"Onur Akpinar\",\"image\":{\"@type\":\"ImageObject\",\"inLanguage\":\"tr\",\"@id\":\"https:\\\/\\\/secure.gravatar.com\\\/avatar\\\/67a1a0bdf34f82da209334e4684b7e7171a58a5a2b0a8f836b61044f5c1f5d6a?s=96&d=mm&r=g\",\"url\":\"https:\\\/\\\/secure.gravatar.com\\\/avatar\\\/67a1a0bdf34f82da209334e4684b7e7171a58a5a2b0a8f836b61044f5c1f5d6a?s=96&d=mm&r=g\",\"contentUrl\":\"https:\\\/\\\/secure.gravatar.com\\\/avatar\\\/67a1a0bdf34f82da209334e4684b7e7171a58a5a2b0a8f836b61044f5c1f5d6a?s=96&d=mm&r=g\",\"caption\":\"Onur Akpinar\"},\"url\":\"https:\\\/\\\/avrupatv.eu\\\/index.php\\\/author\\\/onur-akpinar\\\/\"}]}<\/script>\n<!-- \/ Yoast SEO plugin. -->","yoast_head_json":{"title":"Acun Il\u0131cal\u0131 saat 22.30'da bu ak\u015fam hangi kanal'da \u00e7\u0131kacak - Avrupal\u0131 T\u00fcrklerin en Yeni Haber Portal\u0131","robots":{"index":"index","follow":"follow","max-snippet":"max-snippet:-1","max-image-preview":"max-image-preview:large","max-video-preview":"max-video-preview:-1"},"canonical":"https:\/\/avrupatv.eu\/index.php\/2024\/12\/04\/acun-ilicali-saat-22-30da-bu-aksam-hangi-kanalda-cikacak\/","og_locale":"tr_TR","og_type":"article","og_title":"Acun Il\u0131cal\u0131 saat 22.30'da bu ak\u015fam hangi kanal'da \u00e7\u0131kacak - Avrupal\u0131 T\u00fcrklerin en Yeni Haber Portal\u0131","og_description":"D\u00fcn ak\u015fam Galatasaray Ba\u015fkan\u0131 Dursun \u00d6zbek&#8216;i a\u011f\u0131rlayan A Spor, bug\u00fcn de Fenerbah\u00e7e Asba\u015fkan\u0131 Acun Il\u0131cal\u0131&#8216;y\u0131 konuk edecek. Spor g\u00fcndemine dair \u00f6nemli konular\u0131n ele al\u0131naca\u011f\u0131 ve Il\u0131cal\u0131\u2019n\u0131n sorular\u0131 yan\u0131tlayaca\u011f\u0131 G\u00fcndem \u00d6zel program\u0131, bu ak\u015fam saat 22:30&#8216;da ekranlara gelecek. Acun Il\u0131cal\u0131&#8217;n\u0131n, Fenerbah\u00e7e&#8217;nin son durumu, transfer planlar\u0131 ve T\u00fcrk futbolundaki geli\u015fmelere dair \u00e7arp\u0131c\u0131 a\u00e7\u0131klamalar yapmas\u0131 bekleniyor. Sporseverler i\u00e7in [&hellip;]","og_url":"https:\/\/avrupatv.eu\/index.php\/2024\/12\/04\/acun-ilicali-saat-22-30da-bu-aksam-hangi-kanalda-cikacak\/","og_site_name":"Avrupal\u0131 T\u00fcrklerin en Yeni Haber Portal\u0131","article_published_time":"2024-12-04T15:30:02+00:00","article_modified_time":"2024-12-04T15:30:03+00:00","og_image":[{"width":1285,"height":675,"url":"https:\/\/avrupatv.eu\/wp-content\/uploads\/2024\/12\/acun-ilicali-medya-agini-buyutuyor-hedef-avru-16886549_amp.webp","type":"image\/webp"}],"author":"Onur Akpinar","twitter_card":"summary_large_image","twitter_misc":{"Yazan:":"Onur Akpinar","Tahmini okuma s\u00fcresi":"1 dakika"},"schema":{"@context":"https:\/\/schema.org","@graph":[{"@type":"Article","@id":"https:\/\/avrupatv.eu\/index.php\/2024\/12\/04\/acun-ilicali-saat-22-30da-bu-aksam-hangi-kanalda-cikacak\/#article","isPartOf":{"@id":"https:\/\/avrupatv.eu\/index.php\/2024\/12\/04\/acun-ilicali-saat-22-30da-bu-aksam-hangi-kanalda-cikacak\/"},"author":{"name":"Onur Akpinar","@id":"https:\/\/avrupatv.eu\/#\/schema\/person\/d56afa5d5569da4029d483da36c0c17d"},"headline":"Acun Il\u0131cal\u0131 saat 22.30&#8217;da bu ak\u015fam hangi kanal&#8217;da \u00e7\u0131kacak","datePublished":"2024-12-04T15:30:02+00:00","dateModified":"2024-12-04T15:30:03+00:00","mainEntityOfPage":{"@id":"https:\/\/avrupatv.eu\/index.php\/2024\/12\/04\/acun-ilicali-saat-22-30da-bu-aksam-hangi-kanalda-cikacak\/"},"wordCount":107,"commentCount":0,"publisher":{"@id":"https:\/\/avrupatv.eu\/#organization"},"image":{"@id":"https:\/\/avrupatv.eu\/index.php\/2024\/12\/04\/acun-ilicali-saat-22-30da-bu-aksam-hangi-kanalda-cikacak\/#primaryimage"},"thumbnailUrl":"https:\/\/avrupatv.eu\/wp-content\/uploads\/2024\/12\/acun-ilicali-medya-agini-buyutuyor-hedef-avru-16886549_amp.webp","articleSection":["Futbol"],"inLanguage":"tr","potentialAction":[{"@type":"CommentAction","name":"Comment","target":["https:\/\/avrupatv.eu\/index.php\/2024\/12\/04\/acun-ilicali-saat-22-30da-bu-aksam-hangi-kanalda-cikacak\/#respond"]}]},{"@type":"WebPage","@id":"https:\/\/avrupatv.eu\/index.php\/2024\/12\/04\/acun-ilicali-saat-22-30da-bu-aksam-hangi-kanalda-cikacak\/","url":"https:\/\/avrupatv.eu\/index.php\/2024\/12\/04\/acun-ilicali-saat-22-30da-bu-aksam-hangi-kanalda-cikacak\/","name":"Acun Il\u0131cal\u0131 saat 22.30'da bu ak\u015fam hangi kanal'da \u00e7\u0131kacak - Avrupal\u0131 T\u00fcrklerin en Yeni Haber Portal\u0131","isPartOf":{"@id":"https:\/\/avrupatv.eu\/#website"},"primaryImageOfPage":{"@id":"https:\/\/avrupatv.eu\/index.php\/2024\/12\/04\/acun-ilicali-saat-22-30da-bu-aksam-hangi-kanalda-cikacak\/#primaryimage"},"image":{"@id":"https:\/\/avrupatv.eu\/index.php\/2024\/12\/04\/acun-ilicali-saat-22-30da-bu-aksam-hangi-kanalda-cikacak\/#primaryimage"},"thumbnailUrl":"https:\/\/avrupatv.eu\/wp-content\/uploads\/2024\/12\/acun-ilicali-medya-agini-buyutuyor-hedef-avru-16886549_amp.webp","datePublished":"2024-12-04T15:30:02+00:00","dateModified":"2024-12-04T15:30:03+00:00","breadcrumb":{"@id":"https:\/\/avrupatv.eu\/index.php\/2024\/12\/04\/acun-ilicali-saat-22-30da-bu-aksam-hangi-kanalda-cikacak\/#breadcrumb"},"inLanguage":"tr","potentialAction":[{"@type":"ReadAction","target":["https:\/\/avrupatv.eu\/index.php\/2024\/12\/04\/acun-ilicali-saat-22-30da-bu-aksam-hangi-kanalda-cikacak\/"]}]},{"@type":"ImageObject","inLanguage":"tr","@id":"https:\/\/avrupatv.eu\/index.php\/2024\/12\/04\/acun-ilicali-saat-22-30da-bu-aksam-hangi-kanalda-cikacak\/#primaryimage","url":"https:\/\/avrupatv.eu\/wp-content\/uploads\/2024\/12\/acun-ilicali-medya-agini-buyutuyor-hedef-avru-16886549_amp.webp","contentUrl":"https:\/\/avrupatv.eu\/wp-content\/uploads\/2024\/12\/acun-ilicali-medya-agini-buyutuyor-hedef-avru-16886549_amp.webp","width":1285,"height":675},{"@type":"BreadcrumbList","@id":"https:\/\/avrupatv.eu\/index.php\/2024\/12\/04\/acun-ilicali-saat-22-30da-bu-aksam-hangi-kanalda-cikacak\/#breadcrumb","itemListElement":[{"@type":"ListItem","position":1,"name":"Anasayfa","item":"https:\/\/avrupatv.eu\/"},{"@type":"ListItem","position":2,"name":"Acun Il\u0131cal\u0131 saat 22.30&#8217;da bu ak\u015fam hangi kanal&#8217;da \u00e7\u0131kacak"}]},{"@type":"WebSite","@id":"https:\/\/avrupatv.eu\/#website","url":"https:\/\/avrupatv.eu\/","name":"Avrupal\u0131 T\u00fcrklerin en Yeni Haber Portal\u0131","description":"","publisher":{"@id":"https:\/\/avrupatv.eu\/#organization"},"alternateName":"Avrupa tv","potentialAction":[{"@type":"SearchAction","target":{"@type":"EntryPoint","urlTemplate":"https:\/\/avrupatv.eu\/?s={search_term_string}"},"query-input":{"@type":"PropertyValueSpecification","valueRequired":true,"valueName":"search_term_string"}}],"inLanguage":"tr"},{"@type":"Organization","@id":"https:\/\/avrupatv.eu\/#organization","name":"Avrupa Haber","url":"https:\/\/avrupatv.eu\/","logo":{"@type":"ImageObject","inLanguage":"tr","@id":"https:\/\/avrupatv.eu\/#\/schema\/logo\/image\/","url":"https:\/\/avrupatv.eu\/wp-content\/uploads\/2023\/10\/cropped-thumbnail_logo.png","contentUrl":"https:\/\/avrupatv.eu\/wp-content\/uploads\/2023\/10\/cropped-thumbnail_logo.png","width":1025,"height":302,"caption":"Avrupa Haber"},"image":{"@id":"https:\/\/avrupatv.eu\/#\/schema\/logo\/image\/"}},{"@type":"Person","@id":"https:\/\/avrupatv.eu\/#\/schema\/person\/d56afa5d5569da4029d483da36c0c17d","name":"Onur Akpinar","image":{"@type":"ImageObject","inLanguage":"tr","@id":"https:\/\/secure.gravatar.com\/avatar\/67a1a0bdf34f82da209334e4684b7e7171a58a5a2b0a8f836b61044f5c1f5d6a?s=96&d=mm&r=g","url":"https:\/\/secure.gravatar.com\/avatar\/67a1a0bdf34f82da209334e4684b7e7171a58a5a2b0a8f836b61044f5c1f5d6a?s=96&d=mm&r=g","contentUrl":"https:\/\/secure.gravatar.com\/avatar\/67a1a0bdf34f82da209334e4684b7e7171a58a5a2b0a8f836b61044f5c1f5d6a?s=96&d=mm&r=g","caption":"Onur Akpinar"},"url":"https:\/\/avrupatv.eu\/index.php\/author\/onur-akpinar\/"}]}},"_links":{"self":[{"href":"https:\/\/avrupatv.eu\/index.php\/wp-json\/wp\/v2\/posts\/810","targetHints":{"allow":["GET"]}}],"collection":[{"href":"https:\/\/avrupatv.eu\/index.php\/wp-json\/wp\/v2\/posts"}],"about":[{"href":"https:\/\/avrupatv.eu\/index.php\/wp-json\/wp\/v2\/types\/post"}],"author":[{"embeddable":true,"href":"https:\/\/avrupatv.eu\/index.php\/wp-json\/wp\/v2\/users\/2"}],"replies":[{"embeddable":true,"href":"https:\/\/avrupatv.eu\/index.php\/wp-json\/wp\/v2\/comments?post=810"}],"version-history":[{"count":1,"href":"https:\/\/avrupatv.eu\/index.php\/wp-json\/wp\/v2\/posts\/810\/revisions"}],"predecessor-version":[{"id":812,"href":"https:\/\/avrupatv.eu\/index.php\/wp-json\/wp\/v2\/posts\/810\/revisions\/812"}],"wp:featuredmedia":[{"embeddable":true,"href":"https:\/\/avrupatv.eu\/index.php\/wp-json\/wp\/v2\/media\/811"}],"wp:attachment":[{"href":"https:\/\/avrupatv.eu\/index.php\/wp-json\/wp\/v2\/media?parent=810"}],"wp:term":[{"taxonomy":"category","embeddable":true,"href":"https:\/\/avrupatv.eu\/index.php\/wp-json\/wp\/v2\/categories?post=810"},{"taxonomy":"post_tag","embeddable":true,"href":"https:\/\/avrupatv.eu\/index.php\/wp-json\/wp\/v2\/tags?post=810"}],"curies":[{"name":"wp","href":"https:\/\/api.w.org\/{rel}","templated":true}]}}