{"id":81,"date":"2023-10-25T21:45:48","date_gmt":"2023-10-25T21:45:48","guid":{"rendered":"https:\/\/avrupatv.eu\/?p=81"},"modified":"2023-10-25T21:45:48","modified_gmt":"2023-10-25T21:45:48","slug":"fenerbahce-avrupada-263-mucadelesine-cikacak","status":"publish","type":"post","link":"https:\/\/avrupatv.eu\/index.php\/2023\/10\/25\/fenerbahce-avrupada-263-mucadelesine-cikacak\/","title":{"rendered":"Fenerbah\u00e7e, Avrupa&#8217;da 263. m\u00fccadelesine \u00e7\u0131kacak"},"content":{"rendered":"\n<p>UEFA Avrupa Konferans Ligi H Grubu \u00fc\u00e7\u00fcnc\u00fc ma\u00e7\u0131nda Bulgaristan&#8217;\u0131n Ludogorets tak\u0131m\u0131n\u0131 konuk edecek sar\u0131-lacivertliler, Avrupa kupalar\u0131nda \u00e7\u0131kt\u0131\u011f\u0131 262 ma\u00e7ta 103 galibiyet ve 104 ma\u011flubiyet ya\u015fad\u0131.<\/p>\n\n\n\n<p>UEFA Avrupa Konferans Ligi H Grubu \u00fc\u00e7\u00fcnc\u00fc ma\u00e7\u0131nda Bulgaristan&#8217;\u0131n Ludogorets tak\u0131m\u0131n\u0131 konuk edecek Fenerbah\u00e7e, Avrupa kupalar\u0131ndaki 263. ma\u00e7\u0131na \u00e7\u0131kacak.<\/p>\n\n\n\n<p>Sar\u0131-lacivertli tak\u0131m, Avrupa kupalar\u0131nda \u00e7\u0131kt\u0131\u011f\u0131 262 m\u00fcsabakada 103 galibiyet al\u0131rken, 55 beraberlik ve 104 ma\u011flubiyet ya\u015fad\u0131.<\/p>\n\n\n\n<p>Fenerbah\u00e7e, s\u00f6z konusu m\u00fcsabakalarda rakip fileleri 352 kez havaland\u0131r\u0131rken, kalesinde ise 371 gol g\u00f6rd\u00fc.<\/p>\n\n\n\n<h3 class=\"wp-block-heading\">Sahas\u0131nda \u00e7ok golc\u00fc<\/h3>\n\n\n\n<p>Fenerbah\u00e7e, seyircisi \u00f6n\u00fcnde \u00e7ok golc\u00fc bir sezon ge\u00e7iriyor.<\/p>\n\n\n\n<p>S\u00fcper Lig&#8217;de sahas\u0131nda oynad\u0131\u011f\u0131 5 m\u00fcsabakada 18 gol atan sar\u0131-lacivertliler, 3,6 gol ortalamas\u0131na ula\u015ft\u0131.<\/p>\n\n\n\n<p>Fenerbah\u00e7e, bu sezon Avrupa&#8217;da da gol yollar\u0131nda benzer bir performans ortaya koydu.<\/p>\n\n\n\n<p>Avrupa&#8217;da i\u00e7 sahada 4 ma\u00e7a \u00e7\u0131kan ve s\u00f6z konusu kar\u015f\u0131la\u015fmalarda rakip fileleri 16 kez havaland\u0131ran \u0130smail Kartal&#8217;\u0131n \u00f6\u011frencileri, 4 gol ortalamaya sahip oldu.<\/p>\n\n\n\n<h3 class=\"wp-block-heading\">Son 20 Avrupa ma\u00e7\u0131nda tek ma\u011flubiyet<\/h3>\n\n\n\n<p>Fenerbah\u00e7e, son d\u00f6nemde Avrupa ma\u00e7lar\u0131nda \u00e7ok etkili bir performansa imza att\u0131.<\/p>\n\n\n\n<p>Sar\u0131-lacivertli ekip, ge\u00e7en sezondan bu yana Avrupa&#8217;da yapt\u0131\u011f\u0131 20 ma\u00e7ta sadece 1 kez ma\u011flubiyet ya\u015fad\u0131.<\/p>\n\n\n\n<p>S\u00f6z konusu s\u00fcre\u00e7te 16 galibiyet alan sar\u0131-lacivertli ekip, 3 kez sahadan beraberlikle ayr\u0131ld\u0131.<\/p>\n\n\n\n<h3 class=\"wp-block-heading\">Konferans Ligi&#8217;nde 11. s\u0131nav<\/h3>\n\n\n\n<p>Sar\u0131-lacivertli ekip, Avrupa futbolunun 3 numaral\u0131 organizasyonunda 11. ma\u00e7\u0131n\u0131 yapacak.<\/p>\n\n\n\n<p>Fenerbah\u00e7e, UEFA Avrupa Konferans Ligi&#8217;nde daha \u00f6nce yapt\u0131\u011f\u0131 10 ma\u00e7ta 8 galibiyet ve 2 yenilgi ya\u015fad\u0131. S\u00f6z konusu m\u00fcsabakalarda 30 gol atan Fenerbah\u00e7e, kalesindeki 10 gole engel olamad\u0131.<\/p>\n","protected":false},"excerpt":{"rendered":"<p>UEFA Avrupa Konferans Ligi H Grubu \u00fc\u00e7\u00fcnc\u00fc ma\u00e7\u0131nda Bulgaristan&#8217;\u0131n Ludogorets tak\u0131m\u0131n\u0131 konuk edecek sar\u0131-lacivertliler, Avrupa kupalar\u0131nda \u00e7\u0131kt\u0131\u011f\u0131 262 ma\u00e7ta 103 galibiyet ve 104 ma\u011flubiyet ya\u015fad\u0131. UEFA Avrupa Konferans Ligi H Grubu \u00fc\u00e7\u00fcnc\u00fc ma\u00e7\u0131nda Bulgaristan&#8217;\u0131n Ludogorets tak\u0131m\u0131n\u0131 konuk edecek Fenerbah\u00e7e, Avrupa kupalar\u0131ndaki 263. ma\u00e7\u0131na \u00e7\u0131kacak. Sar\u0131-lacivertli tak\u0131m, Avrupa kupalar\u0131nda \u00e7\u0131kt\u0131\u011f\u0131 262 m\u00fcsabakada 103 galibiyet al\u0131rken, 55 [&hellip;]<\/p>\n","protected":false},"author":2,"featured_media":82,"comment_status":"open","ping_status":"open","sticky":false,"template":"","format":"standard","meta":{"footnotes":""},"categories":[1,10,11],"tags":[],"class_list":["post-81","post","type-post","status-publish","format-standard","has-post-thumbnail","hentry","category-blog","category-futbol","category-turkiye"],"yoast_head":"<!-- This site is optimized with the Yoast SEO plugin v27.4 - https:\/\/yoast.com\/product\/yoast-seo-wordpress\/ -->\n<title>Fenerbah\u00e7e, Avrupa&#039;da 263. m\u00fccadelesine \u00e7\u0131kacak - Avrupal\u0131 T\u00fcrklerin en Yeni Haber Portal\u0131<\/title>\n<meta name=\"robots\" content=\"index, follow, max-snippet:-1, max-image-preview:large, max-video-preview:-1\" \/>\n<link rel=\"canonical\" href=\"https:\/\/avrupatv.eu\/index.php\/2023\/10\/25\/fenerbahce-avrupada-263-mucadelesine-cikacak\/\" \/>\n<meta property=\"og:locale\" content=\"tr_TR\" \/>\n<meta property=\"og:type\" content=\"article\" \/>\n<meta property=\"og:title\" content=\"Fenerbah\u00e7e, Avrupa&#039;da 263. m\u00fccadelesine \u00e7\u0131kacak - Avrupal\u0131 T\u00fcrklerin en Yeni Haber Portal\u0131\" \/>\n<meta property=\"og:description\" content=\"UEFA Avrupa Konferans Ligi H Grubu \u00fc\u00e7\u00fcnc\u00fc ma\u00e7\u0131nda Bulgaristan&#8217;\u0131n Ludogorets tak\u0131m\u0131n\u0131 konuk edecek sar\u0131-lacivertliler, Avrupa kupalar\u0131nda \u00e7\u0131kt\u0131\u011f\u0131 262 ma\u00e7ta 103 galibiyet ve 104 ma\u011flubiyet ya\u015fad\u0131. UEFA Avrupa Konferans Ligi H Grubu \u00fc\u00e7\u00fcnc\u00fc ma\u00e7\u0131nda Bulgaristan&#8217;\u0131n Ludogorets tak\u0131m\u0131n\u0131 konuk edecek Fenerbah\u00e7e, Avrupa kupalar\u0131ndaki 263. ma\u00e7\u0131na \u00e7\u0131kacak. Sar\u0131-lacivertli tak\u0131m, Avrupa kupalar\u0131nda \u00e7\u0131kt\u0131\u011f\u0131 262 m\u00fcsabakada 103 galibiyet al\u0131rken, 55 [&hellip;]\" \/>\n<meta property=\"og:url\" content=\"https:\/\/avrupatv.eu\/index.php\/2023\/10\/25\/fenerbahce-avrupada-263-mucadelesine-cikacak\/\" \/>\n<meta property=\"og:site_name\" content=\"Avrupal\u0131 T\u00fcrklerin en Yeni Haber Portal\u0131\" \/>\n<meta property=\"article:published_time\" content=\"2023-10-25T21:45:48+00:00\" \/>\n<meta property=\"og:image\" content=\"https:\/\/avrupatv.eu\/wp-content\/uploads\/2023\/10\/thumbs_b_c_40ac43b1e3437e78c7363895851dd69d.jpg\" \/>\n\t<meta property=\"og:image:width\" content=\"864\" \/>\n\t<meta property=\"og:image:height\" content=\"486\" \/>\n\t<meta property=\"og:image:type\" content=\"image\/jpeg\" \/>\n<meta name=\"author\" content=\"Onur Akpinar\" \/>\n<meta name=\"twitter:card\" content=\"summary_large_image\" \/>\n<meta name=\"twitter:label1\" content=\"Yazan:\" \/>\n\t<meta name=\"twitter:data1\" content=\"Onur Akpinar\" \/>\n\t<meta name=\"twitter:label2\" content=\"Tahmini okuma s\u00fcresi\" \/>\n\t<meta name=\"twitter:data2\" content=\"1 dakika\" \/>\n<script type=\"application\/ld+json\" class=\"yoast-schema-graph\">{\"@context\":\"https:\\\/\\\/schema.org\",\"@graph\":[{\"@type\":\"Article\",\"@id\":\"https:\\\/\\\/avrupatv.eu\\\/index.php\\\/2023\\\/10\\\/25\\\/fenerbahce-avrupada-263-mucadelesine-cikacak\\\/#article\",\"isPartOf\":{\"@id\":\"https:\\\/\\\/avrupatv.eu\\\/index.php\\\/2023\\\/10\\\/25\\\/fenerbahce-avrupada-263-mucadelesine-cikacak\\\/\"},\"author\":{\"name\":\"Onur Akpinar\",\"@id\":\"https:\\\/\\\/avrupatv.eu\\\/#\\\/schema\\\/person\\\/d56afa5d5569da4029d483da36c0c17d\"},\"headline\":\"Fenerbah\u00e7e, Avrupa&#8217;da 263. m\u00fccadelesine \u00e7\u0131kacak\",\"datePublished\":\"2023-10-25T21:45:48+00:00\",\"mainEntityOfPage\":{\"@id\":\"https:\\\/\\\/avrupatv.eu\\\/index.php\\\/2023\\\/10\\\/25\\\/fenerbahce-avrupada-263-mucadelesine-cikacak\\\/\"},\"wordCount\":277,\"commentCount\":1,\"publisher\":{\"@id\":\"https:\\\/\\\/avrupatv.eu\\\/#organization\"},\"image\":{\"@id\":\"https:\\\/\\\/avrupatv.eu\\\/index.php\\\/2023\\\/10\\\/25\\\/fenerbahce-avrupada-263-mucadelesine-cikacak\\\/#primaryimage\"},\"thumbnailUrl\":\"https:\\\/\\\/avrupatv.eu\\\/wp-content\\\/uploads\\\/2023\\\/10\\\/thumbs_b_c_40ac43b1e3437e78c7363895851dd69d.jpg\",\"articleSection\":[\"Blog\",\"Futbol\",\"T\u00fcrkiye\"],\"inLanguage\":\"tr\",\"potentialAction\":[{\"@type\":\"CommentAction\",\"name\":\"Comment\",\"target\":[\"https:\\\/\\\/avrupatv.eu\\\/index.php\\\/2023\\\/10\\\/25\\\/fenerbahce-avrupada-263-mucadelesine-cikacak\\\/#respond\"]}]},{\"@type\":\"WebPage\",\"@id\":\"https:\\\/\\\/avrupatv.eu\\\/index.php\\\/2023\\\/10\\\/25\\\/fenerbahce-avrupada-263-mucadelesine-cikacak\\\/\",\"url\":\"https:\\\/\\\/avrupatv.eu\\\/index.php\\\/2023\\\/10\\\/25\\\/fenerbahce-avrupada-263-mucadelesine-cikacak\\\/\",\"name\":\"Fenerbah\u00e7e, Avrupa'da 263. m\u00fccadelesine \u00e7\u0131kacak - Avrupal\u0131 T\u00fcrklerin en Yeni Haber Portal\u0131\",\"isPartOf\":{\"@id\":\"https:\\\/\\\/avrupatv.eu\\\/#website\"},\"primaryImageOfPage\":{\"@id\":\"https:\\\/\\\/avrupatv.eu\\\/index.php\\\/2023\\\/10\\\/25\\\/fenerbahce-avrupada-263-mucadelesine-cikacak\\\/#primaryimage\"},\"image\":{\"@id\":\"https:\\\/\\\/avrupatv.eu\\\/index.php\\\/2023\\\/10\\\/25\\\/fenerbahce-avrupada-263-mucadelesine-cikacak\\\/#primaryimage\"},\"thumbnailUrl\":\"https:\\\/\\\/avrupatv.eu\\\/wp-content\\\/uploads\\\/2023\\\/10\\\/thumbs_b_c_40ac43b1e3437e78c7363895851dd69d.jpg\",\"datePublished\":\"2023-10-25T21:45:48+00:00\",\"breadcrumb\":{\"@id\":\"https:\\\/\\\/avrupatv.eu\\\/index.php\\\/2023\\\/10\\\/25\\\/fenerbahce-avrupada-263-mucadelesine-cikacak\\\/#breadcrumb\"},\"inLanguage\":\"tr\",\"potentialAction\":[{\"@type\":\"ReadAction\",\"target\":[\"https:\\\/\\\/avrupatv.eu\\\/index.php\\\/2023\\\/10\\\/25\\\/fenerbahce-avrupada-263-mucadelesine-cikacak\\\/\"]}]},{\"@type\":\"ImageObject\",\"inLanguage\":\"tr\",\"@id\":\"https:\\\/\\\/avrupatv.eu\\\/index.php\\\/2023\\\/10\\\/25\\\/fenerbahce-avrupada-263-mucadelesine-cikacak\\\/#primaryimage\",\"url\":\"https:\\\/\\\/avrupatv.eu\\\/wp-content\\\/uploads\\\/2023\\\/10\\\/thumbs_b_c_40ac43b1e3437e78c7363895851dd69d.jpg\",\"contentUrl\":\"https:\\\/\\\/avrupatv.eu\\\/wp-content\\\/uploads\\\/2023\\\/10\\\/thumbs_b_c_40ac43b1e3437e78c7363895851dd69d.jpg\",\"width\":864,\"height\":486},{\"@type\":\"BreadcrumbList\",\"@id\":\"https:\\\/\\\/avrupatv.eu\\\/index.php\\\/2023\\\/10\\\/25\\\/fenerbahce-avrupada-263-mucadelesine-cikacak\\\/#breadcrumb\",\"itemListElement\":[{\"@type\":\"ListItem\",\"position\":1,\"name\":\"Anasayfa\",\"item\":\"https:\\\/\\\/avrupatv.eu\\\/\"},{\"@type\":\"ListItem\",\"position\":2,\"name\":\"Fenerbah\u00e7e, Avrupa&#8217;da 263. m\u00fccadelesine \u00e7\u0131kacak\"}]},{\"@type\":\"WebSite\",\"@id\":\"https:\\\/\\\/avrupatv.eu\\\/#website\",\"url\":\"https:\\\/\\\/avrupatv.eu\\\/\",\"name\":\"Avrupal\u0131 T\u00fcrklerin en Yeni Haber Portal\u0131\",\"description\":\"\",\"publisher\":{\"@id\":\"https:\\\/\\\/avrupatv.eu\\\/#organization\"},\"alternateName\":\"Avrupa tv\",\"potentialAction\":[{\"@type\":\"SearchAction\",\"target\":{\"@type\":\"EntryPoint\",\"urlTemplate\":\"https:\\\/\\\/avrupatv.eu\\\/?s={search_term_string}\"},\"query-input\":{\"@type\":\"PropertyValueSpecification\",\"valueRequired\":true,\"valueName\":\"search_term_string\"}}],\"inLanguage\":\"tr\"},{\"@type\":\"Organization\",\"@id\":\"https:\\\/\\\/avrupatv.eu\\\/#organization\",\"name\":\"Avrupa Haber\",\"url\":\"https:\\\/\\\/avrupatv.eu\\\/\",\"logo\":{\"@type\":\"ImageObject\",\"inLanguage\":\"tr\",\"@id\":\"https:\\\/\\\/avrupatv.eu\\\/#\\\/schema\\\/logo\\\/image\\\/\",\"url\":\"https:\\\/\\\/avrupatv.eu\\\/wp-content\\\/uploads\\\/2023\\\/10\\\/cropped-thumbnail_logo.png\",\"contentUrl\":\"https:\\\/\\\/avrupatv.eu\\\/wp-content\\\/uploads\\\/2023\\\/10\\\/cropped-thumbnail_logo.png\",\"width\":1025,\"height\":302,\"caption\":\"Avrupa Haber\"},\"image\":{\"@id\":\"https:\\\/\\\/avrupatv.eu\\\/#\\\/schema\\\/logo\\\/image\\\/\"}},{\"@type\":\"Person\",\"@id\":\"https:\\\/\\\/avrupatv.eu\\\/#\\\/schema\\\/person\\\/d56afa5d5569da4029d483da36c0c17d\",\"name\":\"Onur Akpinar\",\"image\":{\"@type\":\"ImageObject\",\"inLanguage\":\"tr\",\"@id\":\"https:\\\/\\\/secure.gravatar.com\\\/avatar\\\/67a1a0bdf34f82da209334e4684b7e7171a58a5a2b0a8f836b61044f5c1f5d6a?s=96&d=mm&r=g\",\"url\":\"https:\\\/\\\/secure.gravatar.com\\\/avatar\\\/67a1a0bdf34f82da209334e4684b7e7171a58a5a2b0a8f836b61044f5c1f5d6a?s=96&d=mm&r=g\",\"contentUrl\":\"https:\\\/\\\/secure.gravatar.com\\\/avatar\\\/67a1a0bdf34f82da209334e4684b7e7171a58a5a2b0a8f836b61044f5c1f5d6a?s=96&d=mm&r=g\",\"caption\":\"Onur Akpinar\"},\"url\":\"https:\\\/\\\/avrupatv.eu\\\/index.php\\\/author\\\/onur-akpinar\\\/\"}]}<\/script>\n<!-- \/ Yoast SEO plugin. -->","yoast_head_json":{"title":"Fenerbah\u00e7e, Avrupa'da 263. m\u00fccadelesine \u00e7\u0131kacak - Avrupal\u0131 T\u00fcrklerin en Yeni Haber Portal\u0131","robots":{"index":"index","follow":"follow","max-snippet":"max-snippet:-1","max-image-preview":"max-image-preview:large","max-video-preview":"max-video-preview:-1"},"canonical":"https:\/\/avrupatv.eu\/index.php\/2023\/10\/25\/fenerbahce-avrupada-263-mucadelesine-cikacak\/","og_locale":"tr_TR","og_type":"article","og_title":"Fenerbah\u00e7e, Avrupa'da 263. m\u00fccadelesine \u00e7\u0131kacak - Avrupal\u0131 T\u00fcrklerin en Yeni Haber Portal\u0131","og_description":"UEFA Avrupa Konferans Ligi H Grubu \u00fc\u00e7\u00fcnc\u00fc ma\u00e7\u0131nda Bulgaristan&#8217;\u0131n Ludogorets tak\u0131m\u0131n\u0131 konuk edecek sar\u0131-lacivertliler, Avrupa kupalar\u0131nda \u00e7\u0131kt\u0131\u011f\u0131 262 ma\u00e7ta 103 galibiyet ve 104 ma\u011flubiyet ya\u015fad\u0131. UEFA Avrupa Konferans Ligi H Grubu \u00fc\u00e7\u00fcnc\u00fc ma\u00e7\u0131nda Bulgaristan&#8217;\u0131n Ludogorets tak\u0131m\u0131n\u0131 konuk edecek Fenerbah\u00e7e, Avrupa kupalar\u0131ndaki 263. ma\u00e7\u0131na \u00e7\u0131kacak. Sar\u0131-lacivertli tak\u0131m, Avrupa kupalar\u0131nda \u00e7\u0131kt\u0131\u011f\u0131 262 m\u00fcsabakada 103 galibiyet al\u0131rken, 55 [&hellip;]","og_url":"https:\/\/avrupatv.eu\/index.php\/2023\/10\/25\/fenerbahce-avrupada-263-mucadelesine-cikacak\/","og_site_name":"Avrupal\u0131 T\u00fcrklerin en Yeni Haber Portal\u0131","article_published_time":"2023-10-25T21:45:48+00:00","og_image":[{"width":864,"height":486,"url":"https:\/\/avrupatv.eu\/wp-content\/uploads\/2023\/10\/thumbs_b_c_40ac43b1e3437e78c7363895851dd69d.jpg","type":"image\/jpeg"}],"author":"Onur Akpinar","twitter_card":"summary_large_image","twitter_misc":{"Yazan:":"Onur Akpinar","Tahmini okuma s\u00fcresi":"1 dakika"},"schema":{"@context":"https:\/\/schema.org","@graph":[{"@type":"Article","@id":"https:\/\/avrupatv.eu\/index.php\/2023\/10\/25\/fenerbahce-avrupada-263-mucadelesine-cikacak\/#article","isPartOf":{"@id":"https:\/\/avrupatv.eu\/index.php\/2023\/10\/25\/fenerbahce-avrupada-263-mucadelesine-cikacak\/"},"author":{"name":"Onur Akpinar","@id":"https:\/\/avrupatv.eu\/#\/schema\/person\/d56afa5d5569da4029d483da36c0c17d"},"headline":"Fenerbah\u00e7e, Avrupa&#8217;da 263. m\u00fccadelesine \u00e7\u0131kacak","datePublished":"2023-10-25T21:45:48+00:00","mainEntityOfPage":{"@id":"https:\/\/avrupatv.eu\/index.php\/2023\/10\/25\/fenerbahce-avrupada-263-mucadelesine-cikacak\/"},"wordCount":277,"commentCount":1,"publisher":{"@id":"https:\/\/avrupatv.eu\/#organization"},"image":{"@id":"https:\/\/avrupatv.eu\/index.php\/2023\/10\/25\/fenerbahce-avrupada-263-mucadelesine-cikacak\/#primaryimage"},"thumbnailUrl":"https:\/\/avrupatv.eu\/wp-content\/uploads\/2023\/10\/thumbs_b_c_40ac43b1e3437e78c7363895851dd69d.jpg","articleSection":["Blog","Futbol","T\u00fcrkiye"],"inLanguage":"tr","potentialAction":[{"@type":"CommentAction","name":"Comment","target":["https:\/\/avrupatv.eu\/index.php\/2023\/10\/25\/fenerbahce-avrupada-263-mucadelesine-cikacak\/#respond"]}]},{"@type":"WebPage","@id":"https:\/\/avrupatv.eu\/index.php\/2023\/10\/25\/fenerbahce-avrupada-263-mucadelesine-cikacak\/","url":"https:\/\/avrupatv.eu\/index.php\/2023\/10\/25\/fenerbahce-avrupada-263-mucadelesine-cikacak\/","name":"Fenerbah\u00e7e, Avrupa'da 263. m\u00fccadelesine \u00e7\u0131kacak - Avrupal\u0131 T\u00fcrklerin en Yeni Haber Portal\u0131","isPartOf":{"@id":"https:\/\/avrupatv.eu\/#website"},"primaryImageOfPage":{"@id":"https:\/\/avrupatv.eu\/index.php\/2023\/10\/25\/fenerbahce-avrupada-263-mucadelesine-cikacak\/#primaryimage"},"image":{"@id":"https:\/\/avrupatv.eu\/index.php\/2023\/10\/25\/fenerbahce-avrupada-263-mucadelesine-cikacak\/#primaryimage"},"thumbnailUrl":"https:\/\/avrupatv.eu\/wp-content\/uploads\/2023\/10\/thumbs_b_c_40ac43b1e3437e78c7363895851dd69d.jpg","datePublished":"2023-10-25T21:45:48+00:00","breadcrumb":{"@id":"https:\/\/avrupatv.eu\/index.php\/2023\/10\/25\/fenerbahce-avrupada-263-mucadelesine-cikacak\/#breadcrumb"},"inLanguage":"tr","potentialAction":[{"@type":"ReadAction","target":["https:\/\/avrupatv.eu\/index.php\/2023\/10\/25\/fenerbahce-avrupada-263-mucadelesine-cikacak\/"]}]},{"@type":"ImageObject","inLanguage":"tr","@id":"https:\/\/avrupatv.eu\/index.php\/2023\/10\/25\/fenerbahce-avrupada-263-mucadelesine-cikacak\/#primaryimage","url":"https:\/\/avrupatv.eu\/wp-content\/uploads\/2023\/10\/thumbs_b_c_40ac43b1e3437e78c7363895851dd69d.jpg","contentUrl":"https:\/\/avrupatv.eu\/wp-content\/uploads\/2023\/10\/thumbs_b_c_40ac43b1e3437e78c7363895851dd69d.jpg","width":864,"height":486},{"@type":"BreadcrumbList","@id":"https:\/\/avrupatv.eu\/index.php\/2023\/10\/25\/fenerbahce-avrupada-263-mucadelesine-cikacak\/#breadcrumb","itemListElement":[{"@type":"ListItem","position":1,"name":"Anasayfa","item":"https:\/\/avrupatv.eu\/"},{"@type":"ListItem","position":2,"name":"Fenerbah\u00e7e, Avrupa&#8217;da 263. m\u00fccadelesine \u00e7\u0131kacak"}]},{"@type":"WebSite","@id":"https:\/\/avrupatv.eu\/#website","url":"https:\/\/avrupatv.eu\/","name":"Avrupal\u0131 T\u00fcrklerin en Yeni Haber Portal\u0131","description":"","publisher":{"@id":"https:\/\/avrupatv.eu\/#organization"},"alternateName":"Avrupa tv","potentialAction":[{"@type":"SearchAction","target":{"@type":"EntryPoint","urlTemplate":"https:\/\/avrupatv.eu\/?s={search_term_string}"},"query-input":{"@type":"PropertyValueSpecification","valueRequired":true,"valueName":"search_term_string"}}],"inLanguage":"tr"},{"@type":"Organization","@id":"https:\/\/avrupatv.eu\/#organization","name":"Avrupa Haber","url":"https:\/\/avrupatv.eu\/","logo":{"@type":"ImageObject","inLanguage":"tr","@id":"https:\/\/avrupatv.eu\/#\/schema\/logo\/image\/","url":"https:\/\/avrupatv.eu\/wp-content\/uploads\/2023\/10\/cropped-thumbnail_logo.png","contentUrl":"https:\/\/avrupatv.eu\/wp-content\/uploads\/2023\/10\/cropped-thumbnail_logo.png","width":1025,"height":302,"caption":"Avrupa Haber"},"image":{"@id":"https:\/\/avrupatv.eu\/#\/schema\/logo\/image\/"}},{"@type":"Person","@id":"https:\/\/avrupatv.eu\/#\/schema\/person\/d56afa5d5569da4029d483da36c0c17d","name":"Onur Akpinar","image":{"@type":"ImageObject","inLanguage":"tr","@id":"https:\/\/secure.gravatar.com\/avatar\/67a1a0bdf34f82da209334e4684b7e7171a58a5a2b0a8f836b61044f5c1f5d6a?s=96&d=mm&r=g","url":"https:\/\/secure.gravatar.com\/avatar\/67a1a0bdf34f82da209334e4684b7e7171a58a5a2b0a8f836b61044f5c1f5d6a?s=96&d=mm&r=g","contentUrl":"https:\/\/secure.gravatar.com\/avatar\/67a1a0bdf34f82da209334e4684b7e7171a58a5a2b0a8f836b61044f5c1f5d6a?s=96&d=mm&r=g","caption":"Onur Akpinar"},"url":"https:\/\/avrupatv.eu\/index.php\/author\/onur-akpinar\/"}]}},"_links":{"self":[{"href":"https:\/\/avrupatv.eu\/index.php\/wp-json\/wp\/v2\/posts\/81","targetHints":{"allow":["GET"]}}],"collection":[{"href":"https:\/\/avrupatv.eu\/index.php\/wp-json\/wp\/v2\/posts"}],"about":[{"href":"https:\/\/avrupatv.eu\/index.php\/wp-json\/wp\/v2\/types\/post"}],"author":[{"embeddable":true,"href":"https:\/\/avrupatv.eu\/index.php\/wp-json\/wp\/v2\/users\/2"}],"replies":[{"embeddable":true,"href":"https:\/\/avrupatv.eu\/index.php\/wp-json\/wp\/v2\/comments?post=81"}],"version-history":[{"count":0,"href":"https:\/\/avrupatv.eu\/index.php\/wp-json\/wp\/v2\/posts\/81\/revisions"}],"wp:featuredmedia":[{"embeddable":true,"href":"https:\/\/avrupatv.eu\/index.php\/wp-json\/wp\/v2\/media\/82"}],"wp:attachment":[{"href":"https:\/\/avrupatv.eu\/index.php\/wp-json\/wp\/v2\/media?parent=81"}],"wp:term":[{"taxonomy":"category","embeddable":true,"href":"https:\/\/avrupatv.eu\/index.php\/wp-json\/wp\/v2\/categories?post=81"},{"taxonomy":"post_tag","embeddable":true,"href":"https:\/\/avrupatv.eu\/index.php\/wp-json\/wp\/v2\/tags?post=81"}],"curies":[{"name":"wp","href":"https:\/\/api.w.org\/{rel}","templated":true}]}}