{"id":801,"date":"2024-12-04T14:57:53","date_gmt":"2024-12-04T14:57:53","guid":{"rendered":"https:\/\/avrupatv.eu\/?p=801"},"modified":"2024-12-04T15:00:23","modified_gmt":"2024-12-04T15:00:23","slug":"galatasaray-baskani-dursun-ozbekten-tffye-yonelik-aciklamalar","status":"publish","type":"post","link":"https:\/\/avrupatv.eu\/index.php\/2024\/12\/04\/galatasaray-baskani-dursun-ozbekten-tffye-yonelik-aciklamalar\/","title":{"rendered":"GALATASARAY BA\u015eKANI DURSUN \u00d6ZBEK\u2019TEN TFF&#8217;YE Y\u00d6NEL\u0130K A\u00c7IKLAMALAR"},"content":{"rendered":"\n<p>Galatasaray Ba\u015fkan\u0131 Dursun \u00d6zbek, g\u00fcndeme dair sert a\u00e7\u0131klamalarda bulundu. TFF Ba\u015fkan\u0131 \u0130brahim Hac\u0131osmano\u011flu&#8217;nu ele\u015ftiren \u00d6zbek, Galatasaray\u2019a y\u00f6nelik tav\u0131rlardan duydu\u011fu rahats\u0131zl\u0131\u011f\u0131 dile getirdi. \u00d6zbek, &#8220;Galatasaray\u2019\u0131n hakk\u0131na ve ba\u015far\u0131s\u0131na kim el s\u00fcrerse, gereken kar\u015f\u0131l\u0131\u011f\u0131 al\u0131r,&#8221; dedi.<\/p>\n\n\n\n<h4 class=\"wp-block-heading\"><strong>TFF Se\u00e7imleri ve Memnuniyetsizlik<\/strong><\/h4>\n\n\n\n<p>\u00d6zbek, TFF se\u00e7imleriyle ilgili memnuniyetsizliklerini a\u00e7\u0131k\u00e7a ifade etti. Mehmet B\u00fcy\u00fckek\u015fi&#8217;nin \u00f6nceki y\u00f6netiminden rahats\u0131z olduklar\u0131n\u0131 belirten \u00d6zbek, \u201cSadece biz de\u011fil, di\u011fer kul\u00fcpler de bu memnuniyetsizli\u011fi payla\u015f\u0131yordu,\u201d dedi. Hac\u0131osmano\u011flu\u2019nu destekleme kararlar\u0131n\u0131 bu rahats\u0131zl\u0131k \u00fczerine ald\u0131klar\u0131n\u0131 vurgulad\u0131.<\/p>\n\n\n\n<h4 class=\"wp-block-heading\"><strong>Tart\u0131\u015fmal\u0131 Sponsorluk Anla\u015fmas\u0131<\/strong><\/h4>\n\n\n\n<p>Galatasaray\u2019\u0131n forma sponsorluk anla\u015fmas\u0131 hakk\u0131nda konu\u015fan \u00d6zbek, TFF\u2019nin bu konuda \u00e7eli\u015fkili tav\u0131rlar sergiledi\u011fini belirtti. \u201cTFF\u2019ye yaz\u0131 yazd\u0131k, sponsorlu\u011fa onay verdiler ama sorumlulu\u011fun bizde oldu\u011funu s\u00f6ylediler,\u201d dedi. \u00d6zbek, bu s\u00fcre\u00e7te TFF&#8217;nin rakip kul\u00fcplerin bask\u0131s\u0131yla hareket etti\u011fini d\u00fc\u015f\u00fcnd\u00fc\u011f\u00fcn\u00fc ifade etti.<\/p>\n\n\n\n<h4 class=\"wp-block-heading\"><strong>Hakem Kararlar\u0131 ve Adalet Ele\u015ftirisi<\/strong><\/h4>\n\n\n\n<p>Dursun \u00d6zbek, hakem kararlar\u0131n\u0131n Galatasaray\u2019\u0131 olumsuz etkiledi\u011fini s\u00f6yleyerek, &#8220;Adalet aray\u0131\u015f\u0131m\u0131z d\u0131\u015f\u0131nda bir talebimiz yok,&#8221; dedi. \u00d6zellikle teknik direkt\u00f6r Okan Buruk\u2019a verilen cezay\u0131 ele\u015ftirerek, TFF Ba\u015fkan\u0131\u2019n\u0131n rakip kul\u00fcplerin s\u00f6ylemleriyle hareket etti\u011fini iddia etti.<\/p>\n\n\n\n<h4 class=\"wp-block-heading\"><strong>Ma\u00e7 Program\u0131na Ele\u015ftiri<\/strong><\/h4>\n\n\n\n<p>Galatasaray\u2019\u0131n ma\u00e7 program\u0131 hakk\u0131nda da konu\u015fan \u00d6zbek, tak\u0131m\u0131n dinlenme s\u00fcresinin k\u0131s\u0131tland\u0131\u011f\u0131n\u0131 belirtti. \u201cRakiplerimizle ayn\u0131 g\u00fcn oynama talebimize ra\u011fmen, TFF bu konuda adil davranm\u0131yor,\u201d diyerek durumu ele\u015ftirdi.<\/p>\n\n\n\n<h4 class=\"wp-block-heading\"><strong>T\u00fcrk Futbolundaki Yap\u0131lar ve Belirsizlik<\/strong><\/h4>\n\n\n\n<p>T\u00fcrk futbolundaki yap\u0131lar\u0131n sorgulanmas\u0131 gerekti\u011fini s\u00f6yleyen \u00d6zbek, &#8220;Google\u2019a girip ara\u015ft\u0131rd\u0131\u011f\u0131n\u0131zda her \u015feyin anlam\u0131n\u0131 g\u00f6rebilirsiniz,&#8221; diyerek bu belirsizli\u011fe dikkat \u00e7ekti. T\u00fcrk futbolunda adalet ve e\u015fitlik i\u00e7in m\u00fccadelesine devam edece\u011fini vurgulad\u0131.<\/p>\n\n\n\n<p>Dursun \u00d6zbek\u2019in bu a\u00e7\u0131klamalar\u0131, futbol camias\u0131nda geni\u015f yank\u0131 uyand\u0131rd\u0131 ve Galatasaray\u2019\u0131n haklar\u0131n\u0131 savunma konusundaki kararl\u0131l\u0131\u011f\u0131n\u0131 bir kez daha g\u00f6zler \u00f6n\u00fcne serdi.<\/p>\n","protected":false},"excerpt":{"rendered":"<p>Galatasaray Ba\u015fkan\u0131 Dursun \u00d6zbek, g\u00fcndeme dair sert a\u00e7\u0131klamalarda bulundu. TFF Ba\u015fkan\u0131 \u0130brahim Hac\u0131osmano\u011flu&#8217;nu ele\u015ftiren \u00d6zbek, Galatasaray\u2019a y\u00f6nelik tav\u0131rlardan duydu\u011fu rahats\u0131zl\u0131\u011f\u0131 dile getirdi. \u00d6zbek, &#8220;Galatasaray\u2019\u0131n hakk\u0131na ve ba\u015far\u0131s\u0131na kim el s\u00fcrerse, gereken kar\u015f\u0131l\u0131\u011f\u0131 al\u0131r,&#8221; dedi. TFF Se\u00e7imleri ve Memnuniyetsizlik \u00d6zbek, TFF se\u00e7imleriyle ilgili memnuniyetsizliklerini a\u00e7\u0131k\u00e7a ifade etti. Mehmet B\u00fcy\u00fckek\u015fi&#8217;nin \u00f6nceki y\u00f6netiminden rahats\u0131z olduklar\u0131n\u0131 belirten \u00d6zbek, \u201cSadece [&hellip;]<\/p>\n","protected":false},"author":2,"featured_media":802,"comment_status":"open","ping_status":"open","sticky":false,"template":"","format":"standard","meta":{"footnotes":""},"categories":[10],"tags":[],"class_list":["post-801","post","type-post","status-publish","format-standard","has-post-thumbnail","hentry","category-futbol"],"yoast_head":"<!-- This site is optimized with the Yoast SEO plugin v27.4 - https:\/\/yoast.com\/product\/yoast-seo-wordpress\/ -->\n<title>GALATASARAY BA\u015eKANI DURSUN \u00d6ZBEK\u2019TEN TFF&#039;YE Y\u00d6NEL\u0130K A\u00c7IKLAMALAR - Avrupal\u0131 T\u00fcrklerin en Yeni Haber Portal\u0131<\/title>\n<meta name=\"robots\" content=\"index, follow, max-snippet:-1, max-image-preview:large, max-video-preview:-1\" \/>\n<link rel=\"canonical\" href=\"https:\/\/avrupatv.eu\/index.php\/2024\/12\/04\/galatasaray-baskani-dursun-ozbekten-tffye-yonelik-aciklamalar\/\" \/>\n<meta property=\"og:locale\" content=\"tr_TR\" \/>\n<meta property=\"og:type\" content=\"article\" \/>\n<meta property=\"og:title\" content=\"GALATASARAY BA\u015eKANI DURSUN \u00d6ZBEK\u2019TEN TFF&#039;YE Y\u00d6NEL\u0130K A\u00c7IKLAMALAR - Avrupal\u0131 T\u00fcrklerin en Yeni Haber Portal\u0131\" \/>\n<meta property=\"og:description\" content=\"Galatasaray Ba\u015fkan\u0131 Dursun \u00d6zbek, g\u00fcndeme dair sert a\u00e7\u0131klamalarda bulundu. TFF Ba\u015fkan\u0131 \u0130brahim Hac\u0131osmano\u011flu&#8217;nu ele\u015ftiren \u00d6zbek, Galatasaray\u2019a y\u00f6nelik tav\u0131rlardan duydu\u011fu rahats\u0131zl\u0131\u011f\u0131 dile getirdi. \u00d6zbek, &#8220;Galatasaray\u2019\u0131n hakk\u0131na ve ba\u015far\u0131s\u0131na kim el s\u00fcrerse, gereken kar\u015f\u0131l\u0131\u011f\u0131 al\u0131r,&#8221; dedi. TFF Se\u00e7imleri ve Memnuniyetsizlik \u00d6zbek, TFF se\u00e7imleriyle ilgili memnuniyetsizliklerini a\u00e7\u0131k\u00e7a ifade etti. Mehmet B\u00fcy\u00fckek\u015fi&#8217;nin \u00f6nceki y\u00f6netiminden rahats\u0131z olduklar\u0131n\u0131 belirten \u00d6zbek, \u201cSadece [&hellip;]\" \/>\n<meta property=\"og:url\" content=\"https:\/\/avrupatv.eu\/index.php\/2024\/12\/04\/galatasaray-baskani-dursun-ozbekten-tffye-yonelik-aciklamalar\/\" \/>\n<meta property=\"og:site_name\" content=\"Avrupal\u0131 T\u00fcrklerin en Yeni Haber Portal\u0131\" \/>\n<meta property=\"article:published_time\" content=\"2024-12-04T14:57:53+00:00\" \/>\n<meta property=\"article:modified_time\" content=\"2024-12-04T15:00:23+00:00\" \/>\n<meta property=\"og:image\" content=\"https:\/\/avrupatv.eu\/wp-content\/uploads\/2024\/12\/674f68d0c41ff7d32fca4d13.webp\" \/>\n\t<meta property=\"og:image:width\" content=\"725\" \/>\n\t<meta property=\"og:image:height\" content=\"410\" \/>\n\t<meta property=\"og:image:type\" content=\"image\/webp\" \/>\n<meta name=\"author\" content=\"Onur Akpinar\" \/>\n<meta name=\"twitter:card\" content=\"summary_large_image\" \/>\n<meta name=\"twitter:label1\" content=\"Yazan:\" \/>\n\t<meta name=\"twitter:data1\" content=\"Onur Akpinar\" \/>\n\t<meta name=\"twitter:label2\" content=\"Tahmini okuma s\u00fcresi\" \/>\n\t<meta name=\"twitter:data2\" content=\"2 dakika\" \/>\n<script type=\"application\/ld+json\" class=\"yoast-schema-graph\">{\"@context\":\"https:\\\/\\\/schema.org\",\"@graph\":[{\"@type\":\"Article\",\"@id\":\"https:\\\/\\\/avrupatv.eu\\\/index.php\\\/2024\\\/12\\\/04\\\/galatasaray-baskani-dursun-ozbekten-tffye-yonelik-aciklamalar\\\/#article\",\"isPartOf\":{\"@id\":\"https:\\\/\\\/avrupatv.eu\\\/index.php\\\/2024\\\/12\\\/04\\\/galatasaray-baskani-dursun-ozbekten-tffye-yonelik-aciklamalar\\\/\"},\"author\":{\"name\":\"Onur Akpinar\",\"@id\":\"https:\\\/\\\/avrupatv.eu\\\/#\\\/schema\\\/person\\\/d56afa5d5569da4029d483da36c0c17d\"},\"headline\":\"GALATASARAY BA\u015eKANI DURSUN \u00d6ZBEK\u2019TEN TFF&#8217;YE Y\u00d6NEL\u0130K A\u00c7IKLAMALAR\",\"datePublished\":\"2024-12-04T14:57:53+00:00\",\"dateModified\":\"2024-12-04T15:00:23+00:00\",\"mainEntityOfPage\":{\"@id\":\"https:\\\/\\\/avrupatv.eu\\\/index.php\\\/2024\\\/12\\\/04\\\/galatasaray-baskani-dursun-ozbekten-tffye-yonelik-aciklamalar\\\/\"},\"wordCount\":379,\"commentCount\":0,\"publisher\":{\"@id\":\"https:\\\/\\\/avrupatv.eu\\\/#organization\"},\"image\":{\"@id\":\"https:\\\/\\\/avrupatv.eu\\\/index.php\\\/2024\\\/12\\\/04\\\/galatasaray-baskani-dursun-ozbekten-tffye-yonelik-aciklamalar\\\/#primaryimage\"},\"thumbnailUrl\":\"https:\\\/\\\/avrupatv.eu\\\/wp-content\\\/uploads\\\/2024\\\/12\\\/674f68d0c41ff7d32fca4d13.webp\",\"articleSection\":[\"Futbol\"],\"inLanguage\":\"tr\",\"potentialAction\":[{\"@type\":\"CommentAction\",\"name\":\"Comment\",\"target\":[\"https:\\\/\\\/avrupatv.eu\\\/index.php\\\/2024\\\/12\\\/04\\\/galatasaray-baskani-dursun-ozbekten-tffye-yonelik-aciklamalar\\\/#respond\"]}]},{\"@type\":\"WebPage\",\"@id\":\"https:\\\/\\\/avrupatv.eu\\\/index.php\\\/2024\\\/12\\\/04\\\/galatasaray-baskani-dursun-ozbekten-tffye-yonelik-aciklamalar\\\/\",\"url\":\"https:\\\/\\\/avrupatv.eu\\\/index.php\\\/2024\\\/12\\\/04\\\/galatasaray-baskani-dursun-ozbekten-tffye-yonelik-aciklamalar\\\/\",\"name\":\"GALATASARAY BA\u015eKANI DURSUN \u00d6ZBEK\u2019TEN TFF'YE Y\u00d6NEL\u0130K A\u00c7IKLAMALAR - Avrupal\u0131 T\u00fcrklerin en Yeni Haber Portal\u0131\",\"isPartOf\":{\"@id\":\"https:\\\/\\\/avrupatv.eu\\\/#website\"},\"primaryImageOfPage\":{\"@id\":\"https:\\\/\\\/avrupatv.eu\\\/index.php\\\/2024\\\/12\\\/04\\\/galatasaray-baskani-dursun-ozbekten-tffye-yonelik-aciklamalar\\\/#primaryimage\"},\"image\":{\"@id\":\"https:\\\/\\\/avrupatv.eu\\\/index.php\\\/2024\\\/12\\\/04\\\/galatasaray-baskani-dursun-ozbekten-tffye-yonelik-aciklamalar\\\/#primaryimage\"},\"thumbnailUrl\":\"https:\\\/\\\/avrupatv.eu\\\/wp-content\\\/uploads\\\/2024\\\/12\\\/674f68d0c41ff7d32fca4d13.webp\",\"datePublished\":\"2024-12-04T14:57:53+00:00\",\"dateModified\":\"2024-12-04T15:00:23+00:00\",\"breadcrumb\":{\"@id\":\"https:\\\/\\\/avrupatv.eu\\\/index.php\\\/2024\\\/12\\\/04\\\/galatasaray-baskani-dursun-ozbekten-tffye-yonelik-aciklamalar\\\/#breadcrumb\"},\"inLanguage\":\"tr\",\"potentialAction\":[{\"@type\":\"ReadAction\",\"target\":[\"https:\\\/\\\/avrupatv.eu\\\/index.php\\\/2024\\\/12\\\/04\\\/galatasaray-baskani-dursun-ozbekten-tffye-yonelik-aciklamalar\\\/\"]}]},{\"@type\":\"ImageObject\",\"inLanguage\":\"tr\",\"@id\":\"https:\\\/\\\/avrupatv.eu\\\/index.php\\\/2024\\\/12\\\/04\\\/galatasaray-baskani-dursun-ozbekten-tffye-yonelik-aciklamalar\\\/#primaryimage\",\"url\":\"https:\\\/\\\/avrupatv.eu\\\/wp-content\\\/uploads\\\/2024\\\/12\\\/674f68d0c41ff7d32fca4d13.webp\",\"contentUrl\":\"https:\\\/\\\/avrupatv.eu\\\/wp-content\\\/uploads\\\/2024\\\/12\\\/674f68d0c41ff7d32fca4d13.webp\",\"width\":725,\"height\":410},{\"@type\":\"BreadcrumbList\",\"@id\":\"https:\\\/\\\/avrupatv.eu\\\/index.php\\\/2024\\\/12\\\/04\\\/galatasaray-baskani-dursun-ozbekten-tffye-yonelik-aciklamalar\\\/#breadcrumb\",\"itemListElement\":[{\"@type\":\"ListItem\",\"position\":1,\"name\":\"Anasayfa\",\"item\":\"https:\\\/\\\/avrupatv.eu\\\/\"},{\"@type\":\"ListItem\",\"position\":2,\"name\":\"GALATASARAY BA\u015eKANI DURSUN \u00d6ZBEK\u2019TEN TFF&#8217;YE Y\u00d6NEL\u0130K A\u00c7IKLAMALAR\"}]},{\"@type\":\"WebSite\",\"@id\":\"https:\\\/\\\/avrupatv.eu\\\/#website\",\"url\":\"https:\\\/\\\/avrupatv.eu\\\/\",\"name\":\"Avrupal\u0131 T\u00fcrklerin en Yeni Haber Portal\u0131\",\"description\":\"\",\"publisher\":{\"@id\":\"https:\\\/\\\/avrupatv.eu\\\/#organization\"},\"alternateName\":\"Avrupa tv\",\"potentialAction\":[{\"@type\":\"SearchAction\",\"target\":{\"@type\":\"EntryPoint\",\"urlTemplate\":\"https:\\\/\\\/avrupatv.eu\\\/?s={search_term_string}\"},\"query-input\":{\"@type\":\"PropertyValueSpecification\",\"valueRequired\":true,\"valueName\":\"search_term_string\"}}],\"inLanguage\":\"tr\"},{\"@type\":\"Organization\",\"@id\":\"https:\\\/\\\/avrupatv.eu\\\/#organization\",\"name\":\"Avrupa Haber\",\"url\":\"https:\\\/\\\/avrupatv.eu\\\/\",\"logo\":{\"@type\":\"ImageObject\",\"inLanguage\":\"tr\",\"@id\":\"https:\\\/\\\/avrupatv.eu\\\/#\\\/schema\\\/logo\\\/image\\\/\",\"url\":\"https:\\\/\\\/avrupatv.eu\\\/wp-content\\\/uploads\\\/2023\\\/10\\\/cropped-thumbnail_logo.png\",\"contentUrl\":\"https:\\\/\\\/avrupatv.eu\\\/wp-content\\\/uploads\\\/2023\\\/10\\\/cropped-thumbnail_logo.png\",\"width\":1025,\"height\":302,\"caption\":\"Avrupa Haber\"},\"image\":{\"@id\":\"https:\\\/\\\/avrupatv.eu\\\/#\\\/schema\\\/logo\\\/image\\\/\"}},{\"@type\":\"Person\",\"@id\":\"https:\\\/\\\/avrupatv.eu\\\/#\\\/schema\\\/person\\\/d56afa5d5569da4029d483da36c0c17d\",\"name\":\"Onur Akpinar\",\"image\":{\"@type\":\"ImageObject\",\"inLanguage\":\"tr\",\"@id\":\"https:\\\/\\\/secure.gravatar.com\\\/avatar\\\/67a1a0bdf34f82da209334e4684b7e7171a58a5a2b0a8f836b61044f5c1f5d6a?s=96&d=mm&r=g\",\"url\":\"https:\\\/\\\/secure.gravatar.com\\\/avatar\\\/67a1a0bdf34f82da209334e4684b7e7171a58a5a2b0a8f836b61044f5c1f5d6a?s=96&d=mm&r=g\",\"contentUrl\":\"https:\\\/\\\/secure.gravatar.com\\\/avatar\\\/67a1a0bdf34f82da209334e4684b7e7171a58a5a2b0a8f836b61044f5c1f5d6a?s=96&d=mm&r=g\",\"caption\":\"Onur Akpinar\"},\"url\":\"https:\\\/\\\/avrupatv.eu\\\/index.php\\\/author\\\/onur-akpinar\\\/\"}]}<\/script>\n<!-- \/ Yoast SEO plugin. -->","yoast_head_json":{"title":"GALATASARAY BA\u015eKANI DURSUN \u00d6ZBEK\u2019TEN TFF'YE Y\u00d6NEL\u0130K A\u00c7IKLAMALAR - Avrupal\u0131 T\u00fcrklerin en Yeni Haber Portal\u0131","robots":{"index":"index","follow":"follow","max-snippet":"max-snippet:-1","max-image-preview":"max-image-preview:large","max-video-preview":"max-video-preview:-1"},"canonical":"https:\/\/avrupatv.eu\/index.php\/2024\/12\/04\/galatasaray-baskani-dursun-ozbekten-tffye-yonelik-aciklamalar\/","og_locale":"tr_TR","og_type":"article","og_title":"GALATASARAY BA\u015eKANI DURSUN \u00d6ZBEK\u2019TEN TFF'YE Y\u00d6NEL\u0130K A\u00c7IKLAMALAR - Avrupal\u0131 T\u00fcrklerin en Yeni Haber Portal\u0131","og_description":"Galatasaray Ba\u015fkan\u0131 Dursun \u00d6zbek, g\u00fcndeme dair sert a\u00e7\u0131klamalarda bulundu. TFF Ba\u015fkan\u0131 \u0130brahim Hac\u0131osmano\u011flu&#8217;nu ele\u015ftiren \u00d6zbek, Galatasaray\u2019a y\u00f6nelik tav\u0131rlardan duydu\u011fu rahats\u0131zl\u0131\u011f\u0131 dile getirdi. \u00d6zbek, &#8220;Galatasaray\u2019\u0131n hakk\u0131na ve ba\u015far\u0131s\u0131na kim el s\u00fcrerse, gereken kar\u015f\u0131l\u0131\u011f\u0131 al\u0131r,&#8221; dedi. TFF Se\u00e7imleri ve Memnuniyetsizlik \u00d6zbek, TFF se\u00e7imleriyle ilgili memnuniyetsizliklerini a\u00e7\u0131k\u00e7a ifade etti. Mehmet B\u00fcy\u00fckek\u015fi&#8217;nin \u00f6nceki y\u00f6netiminden rahats\u0131z olduklar\u0131n\u0131 belirten \u00d6zbek, \u201cSadece [&hellip;]","og_url":"https:\/\/avrupatv.eu\/index.php\/2024\/12\/04\/galatasaray-baskani-dursun-ozbekten-tffye-yonelik-aciklamalar\/","og_site_name":"Avrupal\u0131 T\u00fcrklerin en Yeni Haber Portal\u0131","article_published_time":"2024-12-04T14:57:53+00:00","article_modified_time":"2024-12-04T15:00:23+00:00","og_image":[{"width":725,"height":410,"url":"https:\/\/avrupatv.eu\/wp-content\/uploads\/2024\/12\/674f68d0c41ff7d32fca4d13.webp","type":"image\/webp"}],"author":"Onur Akpinar","twitter_card":"summary_large_image","twitter_misc":{"Yazan:":"Onur Akpinar","Tahmini okuma s\u00fcresi":"2 dakika"},"schema":{"@context":"https:\/\/schema.org","@graph":[{"@type":"Article","@id":"https:\/\/avrupatv.eu\/index.php\/2024\/12\/04\/galatasaray-baskani-dursun-ozbekten-tffye-yonelik-aciklamalar\/#article","isPartOf":{"@id":"https:\/\/avrupatv.eu\/index.php\/2024\/12\/04\/galatasaray-baskani-dursun-ozbekten-tffye-yonelik-aciklamalar\/"},"author":{"name":"Onur Akpinar","@id":"https:\/\/avrupatv.eu\/#\/schema\/person\/d56afa5d5569da4029d483da36c0c17d"},"headline":"GALATASARAY BA\u015eKANI DURSUN \u00d6ZBEK\u2019TEN TFF&#8217;YE Y\u00d6NEL\u0130K A\u00c7IKLAMALAR","datePublished":"2024-12-04T14:57:53+00:00","dateModified":"2024-12-04T15:00:23+00:00","mainEntityOfPage":{"@id":"https:\/\/avrupatv.eu\/index.php\/2024\/12\/04\/galatasaray-baskani-dursun-ozbekten-tffye-yonelik-aciklamalar\/"},"wordCount":379,"commentCount":0,"publisher":{"@id":"https:\/\/avrupatv.eu\/#organization"},"image":{"@id":"https:\/\/avrupatv.eu\/index.php\/2024\/12\/04\/galatasaray-baskani-dursun-ozbekten-tffye-yonelik-aciklamalar\/#primaryimage"},"thumbnailUrl":"https:\/\/avrupatv.eu\/wp-content\/uploads\/2024\/12\/674f68d0c41ff7d32fca4d13.webp","articleSection":["Futbol"],"inLanguage":"tr","potentialAction":[{"@type":"CommentAction","name":"Comment","target":["https:\/\/avrupatv.eu\/index.php\/2024\/12\/04\/galatasaray-baskani-dursun-ozbekten-tffye-yonelik-aciklamalar\/#respond"]}]},{"@type":"WebPage","@id":"https:\/\/avrupatv.eu\/index.php\/2024\/12\/04\/galatasaray-baskani-dursun-ozbekten-tffye-yonelik-aciklamalar\/","url":"https:\/\/avrupatv.eu\/index.php\/2024\/12\/04\/galatasaray-baskani-dursun-ozbekten-tffye-yonelik-aciklamalar\/","name":"GALATASARAY BA\u015eKANI DURSUN \u00d6ZBEK\u2019TEN TFF'YE Y\u00d6NEL\u0130K A\u00c7IKLAMALAR - Avrupal\u0131 T\u00fcrklerin en Yeni Haber Portal\u0131","isPartOf":{"@id":"https:\/\/avrupatv.eu\/#website"},"primaryImageOfPage":{"@id":"https:\/\/avrupatv.eu\/index.php\/2024\/12\/04\/galatasaray-baskani-dursun-ozbekten-tffye-yonelik-aciklamalar\/#primaryimage"},"image":{"@id":"https:\/\/avrupatv.eu\/index.php\/2024\/12\/04\/galatasaray-baskani-dursun-ozbekten-tffye-yonelik-aciklamalar\/#primaryimage"},"thumbnailUrl":"https:\/\/avrupatv.eu\/wp-content\/uploads\/2024\/12\/674f68d0c41ff7d32fca4d13.webp","datePublished":"2024-12-04T14:57:53+00:00","dateModified":"2024-12-04T15:00:23+00:00","breadcrumb":{"@id":"https:\/\/avrupatv.eu\/index.php\/2024\/12\/04\/galatasaray-baskani-dursun-ozbekten-tffye-yonelik-aciklamalar\/#breadcrumb"},"inLanguage":"tr","potentialAction":[{"@type":"ReadAction","target":["https:\/\/avrupatv.eu\/index.php\/2024\/12\/04\/galatasaray-baskani-dursun-ozbekten-tffye-yonelik-aciklamalar\/"]}]},{"@type":"ImageObject","inLanguage":"tr","@id":"https:\/\/avrupatv.eu\/index.php\/2024\/12\/04\/galatasaray-baskani-dursun-ozbekten-tffye-yonelik-aciklamalar\/#primaryimage","url":"https:\/\/avrupatv.eu\/wp-content\/uploads\/2024\/12\/674f68d0c41ff7d32fca4d13.webp","contentUrl":"https:\/\/avrupatv.eu\/wp-content\/uploads\/2024\/12\/674f68d0c41ff7d32fca4d13.webp","width":725,"height":410},{"@type":"BreadcrumbList","@id":"https:\/\/avrupatv.eu\/index.php\/2024\/12\/04\/galatasaray-baskani-dursun-ozbekten-tffye-yonelik-aciklamalar\/#breadcrumb","itemListElement":[{"@type":"ListItem","position":1,"name":"Anasayfa","item":"https:\/\/avrupatv.eu\/"},{"@type":"ListItem","position":2,"name":"GALATASARAY BA\u015eKANI DURSUN \u00d6ZBEK\u2019TEN TFF&#8217;YE Y\u00d6NEL\u0130K A\u00c7IKLAMALAR"}]},{"@type":"WebSite","@id":"https:\/\/avrupatv.eu\/#website","url":"https:\/\/avrupatv.eu\/","name":"Avrupal\u0131 T\u00fcrklerin en Yeni Haber Portal\u0131","description":"","publisher":{"@id":"https:\/\/avrupatv.eu\/#organization"},"alternateName":"Avrupa tv","potentialAction":[{"@type":"SearchAction","target":{"@type":"EntryPoint","urlTemplate":"https:\/\/avrupatv.eu\/?s={search_term_string}"},"query-input":{"@type":"PropertyValueSpecification","valueRequired":true,"valueName":"search_term_string"}}],"inLanguage":"tr"},{"@type":"Organization","@id":"https:\/\/avrupatv.eu\/#organization","name":"Avrupa Haber","url":"https:\/\/avrupatv.eu\/","logo":{"@type":"ImageObject","inLanguage":"tr","@id":"https:\/\/avrupatv.eu\/#\/schema\/logo\/image\/","url":"https:\/\/avrupatv.eu\/wp-content\/uploads\/2023\/10\/cropped-thumbnail_logo.png","contentUrl":"https:\/\/avrupatv.eu\/wp-content\/uploads\/2023\/10\/cropped-thumbnail_logo.png","width":1025,"height":302,"caption":"Avrupa Haber"},"image":{"@id":"https:\/\/avrupatv.eu\/#\/schema\/logo\/image\/"}},{"@type":"Person","@id":"https:\/\/avrupatv.eu\/#\/schema\/person\/d56afa5d5569da4029d483da36c0c17d","name":"Onur Akpinar","image":{"@type":"ImageObject","inLanguage":"tr","@id":"https:\/\/secure.gravatar.com\/avatar\/67a1a0bdf34f82da209334e4684b7e7171a58a5a2b0a8f836b61044f5c1f5d6a?s=96&d=mm&r=g","url":"https:\/\/secure.gravatar.com\/avatar\/67a1a0bdf34f82da209334e4684b7e7171a58a5a2b0a8f836b61044f5c1f5d6a?s=96&d=mm&r=g","contentUrl":"https:\/\/secure.gravatar.com\/avatar\/67a1a0bdf34f82da209334e4684b7e7171a58a5a2b0a8f836b61044f5c1f5d6a?s=96&d=mm&r=g","caption":"Onur Akpinar"},"url":"https:\/\/avrupatv.eu\/index.php\/author\/onur-akpinar\/"}]}},"_links":{"self":[{"href":"https:\/\/avrupatv.eu\/index.php\/wp-json\/wp\/v2\/posts\/801","targetHints":{"allow":["GET"]}}],"collection":[{"href":"https:\/\/avrupatv.eu\/index.php\/wp-json\/wp\/v2\/posts"}],"about":[{"href":"https:\/\/avrupatv.eu\/index.php\/wp-json\/wp\/v2\/types\/post"}],"author":[{"embeddable":true,"href":"https:\/\/avrupatv.eu\/index.php\/wp-json\/wp\/v2\/users\/2"}],"replies":[{"embeddable":true,"href":"https:\/\/avrupatv.eu\/index.php\/wp-json\/wp\/v2\/comments?post=801"}],"version-history":[{"count":1,"href":"https:\/\/avrupatv.eu\/index.php\/wp-json\/wp\/v2\/posts\/801\/revisions"}],"predecessor-version":[{"id":803,"href":"https:\/\/avrupatv.eu\/index.php\/wp-json\/wp\/v2\/posts\/801\/revisions\/803"}],"wp:featuredmedia":[{"embeddable":true,"href":"https:\/\/avrupatv.eu\/index.php\/wp-json\/wp\/v2\/media\/802"}],"wp:attachment":[{"href":"https:\/\/avrupatv.eu\/index.php\/wp-json\/wp\/v2\/media?parent=801"}],"wp:term":[{"taxonomy":"category","embeddable":true,"href":"https:\/\/avrupatv.eu\/index.php\/wp-json\/wp\/v2\/categories?post=801"},{"taxonomy":"post_tag","embeddable":true,"href":"https:\/\/avrupatv.eu\/index.php\/wp-json\/wp\/v2\/tags?post=801"}],"curies":[{"name":"wp","href":"https:\/\/api.w.org\/{rel}","templated":true}]}}