{"id":78,"date":"2023-10-25T21:35:05","date_gmt":"2023-10-25T21:35:05","guid":{"rendered":"https:\/\/avrupatv.eu\/?p=78"},"modified":"2023-10-25T21:46:14","modified_gmt":"2023-10-25T21:46:14","slug":"cumhurbaskani-erdogan-gerekirse-askeri-tum-yollari-devreye-sokmaya-devam-edecegiz","status":"publish","type":"post","link":"https:\/\/avrupatv.eu\/index.php\/2023\/10\/25\/cumhurbaskani-erdogan-gerekirse-askeri-tum-yollari-devreye-sokmaya-devam-edecegiz\/","title":{"rendered":"Cumhurba\u015fkan\u0131 Erdo\u011fan: Gerekirse askeri t\u00fcm yollar\u0131 devreye sokmaya devam edece\u011fiz"},"content":{"rendered":"\n<p><strong>Cumhurba\u015fkan\u0131 ve AK Parti Genel Ba\u015fkan\u0131 Recep Tayyip Erdo\u011fan<\/strong>, partisinin TBMM Grup Toplant\u0131s\u0131&#8217;nda yapt\u0131\u011f\u0131 konu\u015fmada, Meclisin 28. D\u00f6nem 2&#8217;nci Yasama Y\u0131l\u0131&#8217;ndaki \u00e7al\u0131\u015fmalar\u0131nda milletvekillerine kolayl\u0131klar diledi.<\/p>\n\n\n\n<p>TBMM komisyonlar\u0131nda ve Genel Kurulunda gelecek d\u00f6nemde T\u00fcrkiye&#8217;ye \u00f6nemli katk\u0131lar\u0131 olacak \u00e7ok say\u0131da d\u00fczenlemenin g\u00f6r\u00fc\u015f\u00fcld\u00fc\u011f\u00fcn\u00fc veya g\u00f6r\u00fc\u015f\u00fclmeyi bekledi\u011fini belirten Erdo\u011fan, bunlardan birinin de \u00f6nceki g\u00fcnlerde Meclis&#8217;e sunduklar\u0131 2024-2028 y\u0131llar\u0131n\u0131 kapsayan 12. Kalk\u0131nma Plan\u0131 oldu\u011funu ifade etti.<\/p>\n\n\n\n<h3 class=\"wp-block-heading\">&#8220;Bat\u0131&#8217;n\u0131n sana borcu \u00e7ok T\u00fcrkiye&#8217;nin sana borcu yok&#8221;<\/h3>\n\n\n\n<p>T\u00fcrkiye&#8217;nin, Filistin&#8217;in davas\u0131na sahip \u00e7\u0131kt\u0131\u011f\u0131 s\u00fcreci konu alan video g\u00f6steriminin ard\u0131ndan konu\u015fmas\u0131na devam eden Erdo\u011fan, Filistin meselesine \u00f6ncelikle insan penceresinden bakt\u0131klar\u0131n\u0131, di\u011fer b\u00f6lgelerde oldu\u011fu gibi burada da insan\u0131, insan hayat\u0131n\u0131 ve insan\u0131 insan yapan kadim de\u011ferleri savunduklar\u0131n\u0131 s\u00f6yledi.<\/p>\n\n\n\n<p>7 Ekim&#8217;den bu yana krizin daha fazla b\u00fcy\u00fcmemesi i\u00e7in ellerinden gelen her t\u00fcrl\u00fc \u00e7abay\u0131 g\u00f6sterdiklerini belirten Erdo\u011fan, \u015funlar\u0131 kaydetti:<\/p>\n\n\n\n<p>&#8220;Gazze halk\u0131n\u0131n ihtiya\u00e7lar\u0131n\u0131n bir nebze de olsa giderilmesi i\u00e7in, M\u0131s\u0131r&#8217;daki El Ari\u015f Havaliman\u0131&#8217;na \u015fimdiye kadar toplam 8 u\u00e7ak dolusu t\u0131bbi ve insani yard\u0131m malzemesi g\u00f6nderdik. Yaral\u0131lar\u0131n tedavisi i\u00e7in 25 sa\u011fl\u0131k personelimizi ilk etapta yine M\u0131s\u0131r&#8217;a sevk ettik. Ayn\u0131 \u015fekilde, kim yaparsa yaps\u0131n, \u0130srailli siviller dahil, sivilleri hedef alan eylemleri asla mazur g\u00f6rmedi\u011fimizi a\u00e7\u0131k\u00e7a ifade ettik. Bu ilkeli duru\u015fumuzu d\u00fcn oldu\u011fu gibi bug\u00fcn de s\u00fcrd\u00fcr\u00fcyoruz. \u0130srail devletiyle bir sorunumuz yok ama \u0130srail&#8217;in uygulad\u0131\u011f\u0131 mezalimi devlet yerine \u00f6rg\u00fct gibi hareket etme tarz\u0131n\u0131 asla tasvip etmedik, etmeyece\u011fiz. \u0130srail, 7 Ekim&#8217;den beri Gazze&#8217;deki masum insanlara kar\u015f\u0131, tarihin en kanl\u0131, en i\u011fren\u00e7, en vah\u015fi sald\u0131r\u0131lar\u0131ndan birini ger\u00e7ekle\u015ftiriyor.<\/p>\n\n\n\n<p>\u0130srail&#8217;in Gazze&#8217;ye y\u00f6nelik sald\u0131r\u0131lar\u0131nda \u00f6lenlerin neredeyse yar\u0131s\u0131 \u00e7ocuklardan, kalan yar\u0131s\u0131 da onlar\u0131n anneleri ve aile b\u00fcy\u00fcklerinden olu\u015fuyor. Tek ba\u015f\u0131na bu tablo bile, amac\u0131n kendini savunma de\u011fil, taamm\u00fcden insanl\u0131k su\u00e7u i\u015flemeye y\u00f6nelik bir vah\u015fet oldu\u011funu g\u00f6stermeye yeterlidir. D\u00fcnyada, sadece \u00e7ocuklar\u0131 \u00f6ld\u00fcrmek i\u00e7in sava\u015f u\u00e7aklar\u0131yla gece g\u00fcnd\u00fcz \u015fehirleri bombalayan, hastaneleri, ibadethaneleri, okullar\u0131, pazar yerlerini, binalar\u0131, sokaklar\u0131 ate\u015fe bo\u011fan; tanklar\u0131yla, toplar\u0131yla, silahlar\u0131yla bu insanl\u0131k d\u0131\u015f\u0131 eylemi s\u00fcrd\u00fcren ba\u015fka bir devlet ve ordu bulamazs\u0131n\u0131z. \u0130srail&#8217;e ve d\u00fcnyaya sesleniyorum; toplant\u0131lar yap\u0131yorlar. Son yapt\u0131klar\u0131 toplant\u0131da yine bir araya geldiler t\u00fcm Bat\u0131, Hamas&#8217;\u0131 bir ter\u00f6r \u00f6rg\u00fct\u00fc olarak g\u00f6r\u00fcyor. Ey \u0130srail, sen bir \u00f6rg\u00fct olabilirsin. \u00c7\u00fcnk\u00fc bu Bat\u0131&#8217;n\u0131n sana borcu \u00e7ok ama T\u00fcrkiye&#8217;nin sana borcu yok. Hamas bir ter\u00f6r \u00f6rg\u00fct\u00fc de\u011fil topraklar\u0131n\u0131 ve vatanda\u015flar\u0131n\u0131 koruma m\u00fccadelesi veren bir kurtulu\u015f ve m\u00fccahitler grubudur.&#8221;<\/p>\n\n\n\n<p>Naz\u0131m Hikmet&#8217;in \u015fiirinden &#8220;Ko\u015fuyor alt\u0131 ya\u015f\u0131nda bir o\u011flan, u\u00e7urtmas\u0131 ge\u00e7iyor a\u011fa\u00e7lardan, siz de b\u00f6yle ko\u015fmu\u015ftunuz bir zaman, \u00e7ocuklara k\u0131ymay\u0131n efendiler, bulutlar adam \u00f6ld\u00fcrmesin.&#8221; dizelerini okuyan Erdo\u011fan, \u015f\u00f6yle konu\u015ftu:<\/p>\n\n\n\n<p>&#8220;Bu \u0130srail ne yap\u0131yor? \u00c7ocuklar\u0131 \u00f6ld\u00fcr\u00fcyor. O \u00e7ocuklar\u0131n halini g\u00f6rd\u00fck. Neler yapt\u0131klar\u0131n\u0131 g\u00f6rd\u00fck. Biz bu \u00e7ocuklar\u0131n \u00f6ld\u00fcr\u00fclmesine, bunlar\u0131n parampar\u00e7a edilmesine asla m\u00fcsaade edemeyiz. \u00c7\u00fcnk\u00fc biz insanl\u0131ktan nasibimizi ald\u0131k. Ben bunu Davos&#8217;ta o zamanki ba\u015fbakanlar\u0131na s\u00f6ylemi\u015ftim. Siz \u00f6ld\u00fcrmeyi \u00e7ok iyi bilirsiniz demi\u015ftim. Zira, babas\u0131n\u0131n b\u00f6\u011fr\u00fcne s\u0131\u011f\u0131nm\u0131\u015f o \u00e7ocu\u011fu nas\u0131l kur\u015funlad\u0131klar\u0131n\u0131 biliyoruz. O g\u00fcnden bu yana Davos&#8217;a bir daha gitmedim. Ve o g\u00fcn benimle beraber olan iki arkada\u015f; bir tanesi de bug\u00fcn bir siyasi partinin ba\u015f\u0131nda bir di\u011feri de di\u011fer siyasi partinin ba\u015f\u0131nda. Onlar da arkamdan geliyorlar. Onlar\u0131n arkas\u0131nda da yine bizim arkada\u015flar; ne diyorlar biliyor musun? &#8216;\u0130\u015fte \u015fimdi yand\u0131k&#8217;. Ben \u00f6yle dedim ya. \u0130\u015fte \u015fimdi yanm\u0131\u015f\u0131z. Ne oldu? Yand\u0131k m\u0131? Biz dimdik ayaktay\u0131z ama siz yand\u0131n\u0131z. Siz hi\u00e7bir \u015feye yar olmad\u0131n\u0131z ve olmayacaks\u0131n\u0131z da. CHP&#8217;nin koltu\u011funa s\u0131\u011f\u0131nmak size hi\u00e7bir \u015fey katmayacak ve katmad\u0131. Biz ise bu yolda evelallah dimdik y\u00fcr\u00fcyoruz.&#8221;<\/p>\n\n\n\n<p>Erdo\u011fan, bulutlar \u00fczerinden \u00f6l\u00fcm kusan sava\u015f u\u00e7aklar\u0131yla \u00e7ocuklar\u0131 \u00f6ld\u00fcrenlere, &#8220;Siz de b\u00f6yle ko\u015fmu\u015ftunuz bir zaman, \u00e7ocuklara k\u0131ymay\u0131n efendiler.&#8221; dediklerini s\u00f6yledi.<\/p>\n\n\n\n<p>\u00c7ocuklar\u0131n anne-babalar\u0131n\u0131n, anne-babalar\u0131n \u00e7ocuklar\u0131n\u0131n naa\u015flar\u0131na sar\u0131ld\u0131\u011f\u0131 bir d\u00fcnyada hi\u00e7 kimsenin huzurla uyuyamayaca\u011f\u0131n\u0131 ifade eden Erdo\u011fan, b\u00f6yle bir d\u00fcnyada hi\u00e7 kimsenin kendi gelece\u011fini g\u00fcvende g\u00f6remeyece\u011fini vurgulad\u0131.<\/p>\n\n\n\n<p>Hayat\u0131nda bir kere, Amerika&#8217;daki T\u00fcrk Evi&#8217;nde, \u0130srail Ba\u015fbakan\u0131 Binyamin Netanyahu&#8217;nun elini s\u0131kt\u0131\u011f\u0131n\u0131 belirten Erdo\u011fan, &#8220;\u0130yi niyetimiz vard\u0131 ama iyi niyetimizi suiistimal etti. \u0130srail&#8217;e gitme projemiz vard\u0131, iptal, gitmeyece\u011fiz. E\u011fer iyi niyetle devam etmi\u015f olsayd\u0131 m\u00fcnasebetlerimiz farkl\u0131 olabilirdi ama \u015fimdi maalesef o da olmayacak \u00e7\u00fcnk\u00fc iyi niyetimizi de bunlar suiistimal ettiler.&#8221; diye konu\u015ftu.<\/p>\n\n\n\n<p>Gazze&#8217;deki anne ve babalar\u0131n, \u00e7ocuklar\u0131n\u0131n v\u00fccutlar\u0131na isimlerini yazd\u0131\u011f\u0131n\u0131 anlatan Erdo\u011fan, &#8220;Ey \u0130srail bu kafayla bir yere gidemezsin. Yan\u0131na ister Amerika&#8217;y\u0131 al ister ba\u015fkalar\u0131n\u0131, istersen Bat\u0131&#8217;y\u0131 al, bir yere gidemezsin. Amerika d\u00fcnyada adaletle h\u00fckmedilmesini sa\u011flamad\u0131\u011f\u0131, istemedi\u011fi i\u00e7in o da kaybedecek. B\u00fct\u00fcn mesele adil bir d\u00fcnyan\u0131n kurulmas\u0131ndan ge\u00e7er. Bu \u0130srail i\u00e7in oldu\u011fu kadar, onun katliamlar\u0131na destek veren, cesaret veren, engel olmayarak te\u015fvik eden her \u00fclke, her toplum, her birey i\u00e7in de ge\u00e7erlidir.&#8221; ifadelerini kulland\u0131.<\/p>\n\n\n\n<p>Gazze&#8217;de her g\u00fcn al\u00e7ak\u00e7a \u00f6ld\u00fcr\u00fclen y\u00fczlerce \u00e7ocuk, kad\u0131n, masum ger\u00e7e\u011fine s\u0131rt\u0131n\u0131 d\u00f6nenlerin durumunu a\u00e7\u0131k\u00e7a konu\u015fma vaktinin geldi\u011fini dile getiren Erdo\u011fan, \u015f\u00f6yle devam etti:<\/p>\n\n\n\n<p>&#8220;Hakikate s\u0131rt d\u00f6nmek veya par\u00e7alanan \u00e7ocuk bedenleri kar\u015f\u0131s\u0131nda g\u00f6z\u00fcn\u00fc kapat\u0131p ya\u015fanan insanl\u0131k d\u0131\u015f\u0131 sald\u0131r\u0131lara bahane \u00fcretmek, Bat\u0131&#8217;n\u0131n kendi kanl\u0131 tarihinden devrald\u0131\u011f\u0131 bir mirast\u0131r. Amerika k\u0131tas\u0131ndan Afrika k\u0131tas\u0131na, d\u00fcnyan\u0131n \u00f6nemli bir k\u0131sm\u0131n\u0131n haf\u0131zas\u0131nda, bu tavra dair pek \u00e7ok kanl\u0131 iz, ac\u0131 hat\u0131ra, telafisi m\u00fcmk\u00fcn olmayan k\u0131y\u0131m vard\u0131r. \u00dclkemizin \u00f6nemli bilim adamlar\u0131ndan merhum Prof. Dr. Erol G\u00fcng\u00f6r, \u0130srail\u2019in kurulu\u015fundan beri izledi\u011fi hastal\u0131kl\u0131 politikay\u0131 ve ona destek verenleri, 1982 y\u0131l\u0131ndaki bir yaz\u0131s\u0131nda \u015f\u00f6yle tan\u0131ml\u0131yor: &#8216;Hasm\u0131n\u0131n kanl\u0131 cesedi \u00fczerine basarak insan hayat\u0131n\u0131n de\u011feri ve cinayetin k\u00f6t\u00fcl\u00fc\u011f\u00fc hakk\u0131nda nutuk \u00e7eken bir katil tarihte yoktur. Ba\u015fkalar\u0131n\u0131n kendisine zul\u00fcm yapt\u0131\u011f\u0131n\u0131 vehmederek ayn\u0131 \u015feyi onlara yapmaya kalmak, en a\u011f\u0131r ak\u0131l hastal\u0131\u011f\u0131 arazlar\u0131ndan biridir.&#8217; Ger\u00e7ekten de \u0130srail\u2019in Gazze\u2019ye y\u00f6nelik sald\u0131r\u0131lar\u0131, hem yapanlar hem onu destekleyenler a\u00e7\u0131s\u0131ndan hem katilli\u011fe hem ak\u0131l hastal\u0131\u011f\u0131na delalet eden bir haldir.&#8221;<\/p>\n\n\n\n<h3 class=\"wp-block-heading\">&#8220;Kalbimizle, dilimizle, elimizle ne yapabiliyorsak yapaca\u011f\u0131z&#8221;<\/h3>\n\n\n\n<p>Konu\u015fmas\u0131na okudu\u011fu bir \u015fiirle devam eden Erdo\u011fan, &#8220;Canl\u0131 kalm\u0131\u015f \u00f6l\u00fclerle dolu bir d\u00fcnyada, biz \u00fclke ve millet olarak hakikati hayk\u0131rmaya, bunun i\u00e7in siyasi, diplomatik, gerekirse askeri t\u00fcm yollar\u0131 devreye sokmaya devam edece\u011fiz. Kalbimizle, dilimizle, elimizle ne yapabiliyorsak yapaca\u011f\u0131z. Medeniyetimizin, inanc\u0131m\u0131z\u0131n ve k\u00fclt\u00fcr\u00fcm\u00fcz\u00fcn gere\u011fi olan duru\u015fumuzdan taviz vermeyece\u011fiz.&#8221; ifadelerini kulland\u0131.<\/p>\n\n\n\n<p>Kuru hamasete, T\u00fcrkiye ve Filistin halk\u0131na fayda getirmeyecek ad\u0131mlara, stratejisiz hamlelere de tevess\u00fcl etmeyeceklerinin alt\u0131n\u0131 \u00e7izen Erdo\u011fan, \u015funlar\u0131 kaydetti:<\/p>\n\n\n\n<p>&#8220;\u00c7\u00fcnk\u00fc biz, gerisinde binlerce y\u0131ll\u0131k bir devlet gelene\u011fi ve devlet akl\u0131 olan T\u00fcrkiye Cumhuriyetiyiz. \u00c7\u00fcnk\u00fc biz, bin y\u0131ld\u0131r Bizans ordular\u0131ndan Ha\u00e7l\u0131 seferlerine, Mo\u011fol sald\u0131r\u0131lar\u0131ndan Milli M\u00fccadele&#8217;ye nice s\u0131namalardan ge\u00e7erek insanl\u0131\u011f\u0131n kadim yurdu Anadolu&#8217;yu vatan\u0131m\u0131z yapm\u0131\u015f bir milletiz. Devlet ve millet olarak s\u00f6yledi\u011fimizi yapmakla, ba\u015flad\u0131\u011f\u0131m\u0131z\u0131 bitirmekle, hedefledi\u011fimize ula\u015fmakla m\u00fckellefiz. Aksi takdirde, kendine de millete de \u00fcmmete de insanl\u0131\u011fa da hayr\u0131 olmayan nice devletten, nice topluluktan fark\u0131m\u0131z kalmaz. \u0130srail&#8217;in Gazze&#8217;ye y\u00f6nelik sald\u0131r\u0131lar\u0131na kar\u015f\u0131 y\u00fcr\u00fctt\u00fc\u011f\u00fcm\u00fcz politikay\u0131 da i\u015fte bu anlay\u0131\u015fla \u015fekillendiriyor, b\u00fcy\u00fck bir titizlikle uyguluyoruz.&#8221;&nbsp;<\/p>\n\n\n\n<h3 class=\"wp-block-heading\">&#8220;Gazze&#8217;de masumlar \u00f6lmeye devam ettik\u00e7e,&nbsp;yap\u0131lan hi\u00e7bir siyasi \u015fov bar\u0131\u015f getirmeyecektir&#8221;<\/h3>\n\n\n\n<p>Erdo\u011fan<strong><\/strong>, Gazze&#8217;de ya\u015fanan katliam\u0131n ve y\u0131k\u0131m\u0131n gerisindeki faillerin, \u0130srail&#8217;e s\u0131n\u0131rs\u0131z destek verenler oldu\u011funu belirtti.<\/p>\n\n\n\n<p>\u0130srail&#8217;e ve \u0130srail&#8217;i destekleyip te\u015fvik edenlere seslenen Erdo\u011fan, &#8220;Gazze&#8217;de masumlar \u00f6lmeye devam ettik\u00e7e, b\u00f6lgemize g\u00f6nderilen hi\u00e7bir gemi, hi\u00e7bir u\u00e7ak, yap\u0131lan hi\u00e7bir siyasi \u015fov bar\u0131\u015f getirmeyecektir.&#8221; diye konu\u015ftu.<\/p>\n\n\n\n<p>Cumhurba\u015fkan\u0131 Erdo\u011fan, \u0130srail y\u00f6netiminin g\u00fcvenli\u011fi 10 bin kilometre \u00f6tede de\u011fil, T\u00fcrkiye ba\u015fta olmak \u00fczere b\u00f6lgesindeki kom\u015fular\u0131nda aramas\u0131 gerekti\u011fini vurgulad\u0131.<\/p>\n","protected":false},"excerpt":{"rendered":"<p>Cumhurba\u015fkan\u0131 ve AK Parti Genel Ba\u015fkan\u0131 Recep Tayyip Erdo\u011fan, partisinin TBMM Grup Toplant\u0131s\u0131&#8217;nda yapt\u0131\u011f\u0131 konu\u015fmada, Meclisin 28. D\u00f6nem 2&#8217;nci Yasama Y\u0131l\u0131&#8217;ndaki \u00e7al\u0131\u015fmalar\u0131nda milletvekillerine kolayl\u0131klar diledi. TBMM komisyonlar\u0131nda ve Genel Kurulunda gelecek d\u00f6nemde T\u00fcrkiye&#8217;ye \u00f6nemli katk\u0131lar\u0131 olacak \u00e7ok say\u0131da d\u00fczenlemenin g\u00f6r\u00fc\u015f\u00fcld\u00fc\u011f\u00fcn\u00fc veya g\u00f6r\u00fc\u015f\u00fclmeyi bekledi\u011fini belirten Erdo\u011fan, bunlardan birinin de \u00f6nceki g\u00fcnlerde Meclis&#8217;e sunduklar\u0131 2024-2028 y\u0131llar\u0131n\u0131 kapsayan [&hellip;]<\/p>\n","protected":false},"author":2,"featured_media":79,"comment_status":"open","ping_status":"open","sticky":false,"template":"","format":"standard","meta":{"footnotes":""},"categories":[1,6,7],"tags":[],"class_list":["post-78","post","type-post","status-publish","format-standard","has-post-thumbnail","hentry","category-blog","category-dunya","category-savas"],"yoast_head":"<!-- This site is optimized with the Yoast SEO plugin v27.4 - https:\/\/yoast.com\/product\/yoast-seo-wordpress\/ -->\n<title>Cumhurba\u015fkan\u0131 Erdo\u011fan: Gerekirse askeri t\u00fcm yollar\u0131 devreye sokmaya devam edece\u011fiz - Avrupal\u0131 T\u00fcrklerin en Yeni Haber Portal\u0131<\/title>\n<meta name=\"robots\" content=\"index, follow, max-snippet:-1, max-image-preview:large, max-video-preview:-1\" \/>\n<link rel=\"canonical\" href=\"https:\/\/avrupatv.eu\/index.php\/2023\/10\/25\/cumhurbaskani-erdogan-gerekirse-askeri-tum-yollari-devreye-sokmaya-devam-edecegiz\/\" \/>\n<meta property=\"og:locale\" content=\"tr_TR\" \/>\n<meta property=\"og:type\" content=\"article\" \/>\n<meta property=\"og:title\" content=\"Cumhurba\u015fkan\u0131 Erdo\u011fan: Gerekirse askeri t\u00fcm yollar\u0131 devreye sokmaya devam edece\u011fiz - Avrupal\u0131 T\u00fcrklerin en Yeni Haber Portal\u0131\" \/>\n<meta property=\"og:description\" content=\"Cumhurba\u015fkan\u0131 ve AK Parti Genel Ba\u015fkan\u0131 Recep Tayyip Erdo\u011fan, partisinin TBMM Grup Toplant\u0131s\u0131&#8217;nda yapt\u0131\u011f\u0131 konu\u015fmada, Meclisin 28. D\u00f6nem 2&#8217;nci Yasama Y\u0131l\u0131&#8217;ndaki \u00e7al\u0131\u015fmalar\u0131nda milletvekillerine kolayl\u0131klar diledi. TBMM komisyonlar\u0131nda ve Genel Kurulunda gelecek d\u00f6nemde T\u00fcrkiye&#8217;ye \u00f6nemli katk\u0131lar\u0131 olacak \u00e7ok say\u0131da d\u00fczenlemenin g\u00f6r\u00fc\u015f\u00fcld\u00fc\u011f\u00fcn\u00fc veya g\u00f6r\u00fc\u015f\u00fclmeyi bekledi\u011fini belirten Erdo\u011fan, bunlardan birinin de \u00f6nceki g\u00fcnlerde Meclis&#8217;e sunduklar\u0131 2024-2028 y\u0131llar\u0131n\u0131 kapsayan [&hellip;]\" \/>\n<meta property=\"og:url\" content=\"https:\/\/avrupatv.eu\/index.php\/2023\/10\/25\/cumhurbaskani-erdogan-gerekirse-askeri-tum-yollari-devreye-sokmaya-devam-edecegiz\/\" \/>\n<meta property=\"og:site_name\" content=\"Avrupal\u0131 T\u00fcrklerin en Yeni Haber Portal\u0131\" \/>\n<meta property=\"article:published_time\" content=\"2023-10-25T21:35:05+00:00\" \/>\n<meta property=\"article:modified_time\" content=\"2023-10-25T21:46:14+00:00\" \/>\n<meta property=\"og:image\" content=\"https:\/\/avrupatv.eu\/wp-content\/uploads\/2023\/10\/thumbs_b_c_7bba76711694971ed8a97fa0f8a755bc.jpg\" \/>\n\t<meta property=\"og:image:width\" content=\"864\" \/>\n\t<meta property=\"og:image:height\" content=\"486\" \/>\n\t<meta property=\"og:image:type\" content=\"image\/jpeg\" \/>\n<meta name=\"author\" content=\"Onur Akpinar\" \/>\n<meta name=\"twitter:card\" content=\"summary_large_image\" \/>\n<meta name=\"twitter:label1\" content=\"Yazan:\" \/>\n\t<meta name=\"twitter:data1\" content=\"Onur Akpinar\" \/>\n\t<meta name=\"twitter:label2\" content=\"Tahmini okuma s\u00fcresi\" \/>\n\t<meta name=\"twitter:data2\" content=\"5 dakika\" \/>\n<script type=\"application\/ld+json\" class=\"yoast-schema-graph\">{\"@context\":\"https:\\\/\\\/schema.org\",\"@graph\":[{\"@type\":\"Article\",\"@id\":\"https:\\\/\\\/avrupatv.eu\\\/index.php\\\/2023\\\/10\\\/25\\\/cumhurbaskani-erdogan-gerekirse-askeri-tum-yollari-devreye-sokmaya-devam-edecegiz\\\/#article\",\"isPartOf\":{\"@id\":\"https:\\\/\\\/avrupatv.eu\\\/index.php\\\/2023\\\/10\\\/25\\\/cumhurbaskani-erdogan-gerekirse-askeri-tum-yollari-devreye-sokmaya-devam-edecegiz\\\/\"},\"author\":{\"name\":\"Onur Akpinar\",\"@id\":\"https:\\\/\\\/avrupatv.eu\\\/#\\\/schema\\\/person\\\/d56afa5d5569da4029d483da36c0c17d\"},\"headline\":\"Cumhurba\u015fkan\u0131 Erdo\u011fan: Gerekirse askeri t\u00fcm yollar\u0131 devreye sokmaya devam edece\u011fiz\",\"datePublished\":\"2023-10-25T21:35:05+00:00\",\"dateModified\":\"2023-10-25T21:46:14+00:00\",\"mainEntityOfPage\":{\"@id\":\"https:\\\/\\\/avrupatv.eu\\\/index.php\\\/2023\\\/10\\\/25\\\/cumhurbaskani-erdogan-gerekirse-askeri-tum-yollari-devreye-sokmaya-devam-edecegiz\\\/\"},\"wordCount\":1605,\"commentCount\":0,\"publisher\":{\"@id\":\"https:\\\/\\\/avrupatv.eu\\\/#organization\"},\"image\":{\"@id\":\"https:\\\/\\\/avrupatv.eu\\\/index.php\\\/2023\\\/10\\\/25\\\/cumhurbaskani-erdogan-gerekirse-askeri-tum-yollari-devreye-sokmaya-devam-edecegiz\\\/#primaryimage\"},\"thumbnailUrl\":\"https:\\\/\\\/avrupatv.eu\\\/wp-content\\\/uploads\\\/2023\\\/10\\\/thumbs_b_c_7bba76711694971ed8a97fa0f8a755bc.jpg\",\"articleSection\":[\"Blog\",\"D\u00fcnya\",\"Sava\u015f\"],\"inLanguage\":\"tr\",\"potentialAction\":[{\"@type\":\"CommentAction\",\"name\":\"Comment\",\"target\":[\"https:\\\/\\\/avrupatv.eu\\\/index.php\\\/2023\\\/10\\\/25\\\/cumhurbaskani-erdogan-gerekirse-askeri-tum-yollari-devreye-sokmaya-devam-edecegiz\\\/#respond\"]}]},{\"@type\":\"WebPage\",\"@id\":\"https:\\\/\\\/avrupatv.eu\\\/index.php\\\/2023\\\/10\\\/25\\\/cumhurbaskani-erdogan-gerekirse-askeri-tum-yollari-devreye-sokmaya-devam-edecegiz\\\/\",\"url\":\"https:\\\/\\\/avrupatv.eu\\\/index.php\\\/2023\\\/10\\\/25\\\/cumhurbaskani-erdogan-gerekirse-askeri-tum-yollari-devreye-sokmaya-devam-edecegiz\\\/\",\"name\":\"Cumhurba\u015fkan\u0131 Erdo\u011fan: Gerekirse askeri t\u00fcm yollar\u0131 devreye sokmaya devam edece\u011fiz - Avrupal\u0131 T\u00fcrklerin en Yeni Haber Portal\u0131\",\"isPartOf\":{\"@id\":\"https:\\\/\\\/avrupatv.eu\\\/#website\"},\"primaryImageOfPage\":{\"@id\":\"https:\\\/\\\/avrupatv.eu\\\/index.php\\\/2023\\\/10\\\/25\\\/cumhurbaskani-erdogan-gerekirse-askeri-tum-yollari-devreye-sokmaya-devam-edecegiz\\\/#primaryimage\"},\"image\":{\"@id\":\"https:\\\/\\\/avrupatv.eu\\\/index.php\\\/2023\\\/10\\\/25\\\/cumhurbaskani-erdogan-gerekirse-askeri-tum-yollari-devreye-sokmaya-devam-edecegiz\\\/#primaryimage\"},\"thumbnailUrl\":\"https:\\\/\\\/avrupatv.eu\\\/wp-content\\\/uploads\\\/2023\\\/10\\\/thumbs_b_c_7bba76711694971ed8a97fa0f8a755bc.jpg\",\"datePublished\":\"2023-10-25T21:35:05+00:00\",\"dateModified\":\"2023-10-25T21:46:14+00:00\",\"breadcrumb\":{\"@id\":\"https:\\\/\\\/avrupatv.eu\\\/index.php\\\/2023\\\/10\\\/25\\\/cumhurbaskani-erdogan-gerekirse-askeri-tum-yollari-devreye-sokmaya-devam-edecegiz\\\/#breadcrumb\"},\"inLanguage\":\"tr\",\"potentialAction\":[{\"@type\":\"ReadAction\",\"target\":[\"https:\\\/\\\/avrupatv.eu\\\/index.php\\\/2023\\\/10\\\/25\\\/cumhurbaskani-erdogan-gerekirse-askeri-tum-yollari-devreye-sokmaya-devam-edecegiz\\\/\"]}]},{\"@type\":\"ImageObject\",\"inLanguage\":\"tr\",\"@id\":\"https:\\\/\\\/avrupatv.eu\\\/index.php\\\/2023\\\/10\\\/25\\\/cumhurbaskani-erdogan-gerekirse-askeri-tum-yollari-devreye-sokmaya-devam-edecegiz\\\/#primaryimage\",\"url\":\"https:\\\/\\\/avrupatv.eu\\\/wp-content\\\/uploads\\\/2023\\\/10\\\/thumbs_b_c_7bba76711694971ed8a97fa0f8a755bc.jpg\",\"contentUrl\":\"https:\\\/\\\/avrupatv.eu\\\/wp-content\\\/uploads\\\/2023\\\/10\\\/thumbs_b_c_7bba76711694971ed8a97fa0f8a755bc.jpg\",\"width\":864,\"height\":486},{\"@type\":\"BreadcrumbList\",\"@id\":\"https:\\\/\\\/avrupatv.eu\\\/index.php\\\/2023\\\/10\\\/25\\\/cumhurbaskani-erdogan-gerekirse-askeri-tum-yollari-devreye-sokmaya-devam-edecegiz\\\/#breadcrumb\",\"itemListElement\":[{\"@type\":\"ListItem\",\"position\":1,\"name\":\"Anasayfa\",\"item\":\"https:\\\/\\\/avrupatv.eu\\\/\"},{\"@type\":\"ListItem\",\"position\":2,\"name\":\"Cumhurba\u015fkan\u0131 Erdo\u011fan: Gerekirse askeri t\u00fcm yollar\u0131 devreye sokmaya devam edece\u011fiz\"}]},{\"@type\":\"WebSite\",\"@id\":\"https:\\\/\\\/avrupatv.eu\\\/#website\",\"url\":\"https:\\\/\\\/avrupatv.eu\\\/\",\"name\":\"Avrupal\u0131 T\u00fcrklerin en Yeni Haber Portal\u0131\",\"description\":\"\",\"publisher\":{\"@id\":\"https:\\\/\\\/avrupatv.eu\\\/#organization\"},\"alternateName\":\"Avrupa tv\",\"potentialAction\":[{\"@type\":\"SearchAction\",\"target\":{\"@type\":\"EntryPoint\",\"urlTemplate\":\"https:\\\/\\\/avrupatv.eu\\\/?s={search_term_string}\"},\"query-input\":{\"@type\":\"PropertyValueSpecification\",\"valueRequired\":true,\"valueName\":\"search_term_string\"}}],\"inLanguage\":\"tr\"},{\"@type\":\"Organization\",\"@id\":\"https:\\\/\\\/avrupatv.eu\\\/#organization\",\"name\":\"Avrupa Haber\",\"url\":\"https:\\\/\\\/avrupatv.eu\\\/\",\"logo\":{\"@type\":\"ImageObject\",\"inLanguage\":\"tr\",\"@id\":\"https:\\\/\\\/avrupatv.eu\\\/#\\\/schema\\\/logo\\\/image\\\/\",\"url\":\"https:\\\/\\\/avrupatv.eu\\\/wp-content\\\/uploads\\\/2023\\\/10\\\/cropped-thumbnail_logo.png\",\"contentUrl\":\"https:\\\/\\\/avrupatv.eu\\\/wp-content\\\/uploads\\\/2023\\\/10\\\/cropped-thumbnail_logo.png\",\"width\":1025,\"height\":302,\"caption\":\"Avrupa Haber\"},\"image\":{\"@id\":\"https:\\\/\\\/avrupatv.eu\\\/#\\\/schema\\\/logo\\\/image\\\/\"}},{\"@type\":\"Person\",\"@id\":\"https:\\\/\\\/avrupatv.eu\\\/#\\\/schema\\\/person\\\/d56afa5d5569da4029d483da36c0c17d\",\"name\":\"Onur Akpinar\",\"image\":{\"@type\":\"ImageObject\",\"inLanguage\":\"tr\",\"@id\":\"https:\\\/\\\/secure.gravatar.com\\\/avatar\\\/67a1a0bdf34f82da209334e4684b7e7171a58a5a2b0a8f836b61044f5c1f5d6a?s=96&d=mm&r=g\",\"url\":\"https:\\\/\\\/secure.gravatar.com\\\/avatar\\\/67a1a0bdf34f82da209334e4684b7e7171a58a5a2b0a8f836b61044f5c1f5d6a?s=96&d=mm&r=g\",\"contentUrl\":\"https:\\\/\\\/secure.gravatar.com\\\/avatar\\\/67a1a0bdf34f82da209334e4684b7e7171a58a5a2b0a8f836b61044f5c1f5d6a?s=96&d=mm&r=g\",\"caption\":\"Onur Akpinar\"},\"url\":\"https:\\\/\\\/avrupatv.eu\\\/index.php\\\/author\\\/onur-akpinar\\\/\"}]}<\/script>\n<!-- \/ Yoast SEO plugin. -->","yoast_head_json":{"title":"Cumhurba\u015fkan\u0131 Erdo\u011fan: Gerekirse askeri t\u00fcm yollar\u0131 devreye sokmaya devam edece\u011fiz - Avrupal\u0131 T\u00fcrklerin en Yeni Haber Portal\u0131","robots":{"index":"index","follow":"follow","max-snippet":"max-snippet:-1","max-image-preview":"max-image-preview:large","max-video-preview":"max-video-preview:-1"},"canonical":"https:\/\/avrupatv.eu\/index.php\/2023\/10\/25\/cumhurbaskani-erdogan-gerekirse-askeri-tum-yollari-devreye-sokmaya-devam-edecegiz\/","og_locale":"tr_TR","og_type":"article","og_title":"Cumhurba\u015fkan\u0131 Erdo\u011fan: Gerekirse askeri t\u00fcm yollar\u0131 devreye sokmaya devam edece\u011fiz - Avrupal\u0131 T\u00fcrklerin en Yeni Haber Portal\u0131","og_description":"Cumhurba\u015fkan\u0131 ve AK Parti Genel Ba\u015fkan\u0131 Recep Tayyip Erdo\u011fan, partisinin TBMM Grup Toplant\u0131s\u0131&#8217;nda yapt\u0131\u011f\u0131 konu\u015fmada, Meclisin 28. D\u00f6nem 2&#8217;nci Yasama Y\u0131l\u0131&#8217;ndaki \u00e7al\u0131\u015fmalar\u0131nda milletvekillerine kolayl\u0131klar diledi. TBMM komisyonlar\u0131nda ve Genel Kurulunda gelecek d\u00f6nemde T\u00fcrkiye&#8217;ye \u00f6nemli katk\u0131lar\u0131 olacak \u00e7ok say\u0131da d\u00fczenlemenin g\u00f6r\u00fc\u015f\u00fcld\u00fc\u011f\u00fcn\u00fc veya g\u00f6r\u00fc\u015f\u00fclmeyi bekledi\u011fini belirten Erdo\u011fan, bunlardan birinin de \u00f6nceki g\u00fcnlerde Meclis&#8217;e sunduklar\u0131 2024-2028 y\u0131llar\u0131n\u0131 kapsayan [&hellip;]","og_url":"https:\/\/avrupatv.eu\/index.php\/2023\/10\/25\/cumhurbaskani-erdogan-gerekirse-askeri-tum-yollari-devreye-sokmaya-devam-edecegiz\/","og_site_name":"Avrupal\u0131 T\u00fcrklerin en Yeni Haber Portal\u0131","article_published_time":"2023-10-25T21:35:05+00:00","article_modified_time":"2023-10-25T21:46:14+00:00","og_image":[{"width":864,"height":486,"url":"https:\/\/avrupatv.eu\/wp-content\/uploads\/2023\/10\/thumbs_b_c_7bba76711694971ed8a97fa0f8a755bc.jpg","type":"image\/jpeg"}],"author":"Onur Akpinar","twitter_card":"summary_large_image","twitter_misc":{"Yazan:":"Onur Akpinar","Tahmini okuma s\u00fcresi":"5 dakika"},"schema":{"@context":"https:\/\/schema.org","@graph":[{"@type":"Article","@id":"https:\/\/avrupatv.eu\/index.php\/2023\/10\/25\/cumhurbaskani-erdogan-gerekirse-askeri-tum-yollari-devreye-sokmaya-devam-edecegiz\/#article","isPartOf":{"@id":"https:\/\/avrupatv.eu\/index.php\/2023\/10\/25\/cumhurbaskani-erdogan-gerekirse-askeri-tum-yollari-devreye-sokmaya-devam-edecegiz\/"},"author":{"name":"Onur Akpinar","@id":"https:\/\/avrupatv.eu\/#\/schema\/person\/d56afa5d5569da4029d483da36c0c17d"},"headline":"Cumhurba\u015fkan\u0131 Erdo\u011fan: Gerekirse askeri t\u00fcm yollar\u0131 devreye sokmaya devam edece\u011fiz","datePublished":"2023-10-25T21:35:05+00:00","dateModified":"2023-10-25T21:46:14+00:00","mainEntityOfPage":{"@id":"https:\/\/avrupatv.eu\/index.php\/2023\/10\/25\/cumhurbaskani-erdogan-gerekirse-askeri-tum-yollari-devreye-sokmaya-devam-edecegiz\/"},"wordCount":1605,"commentCount":0,"publisher":{"@id":"https:\/\/avrupatv.eu\/#organization"},"image":{"@id":"https:\/\/avrupatv.eu\/index.php\/2023\/10\/25\/cumhurbaskani-erdogan-gerekirse-askeri-tum-yollari-devreye-sokmaya-devam-edecegiz\/#primaryimage"},"thumbnailUrl":"https:\/\/avrupatv.eu\/wp-content\/uploads\/2023\/10\/thumbs_b_c_7bba76711694971ed8a97fa0f8a755bc.jpg","articleSection":["Blog","D\u00fcnya","Sava\u015f"],"inLanguage":"tr","potentialAction":[{"@type":"CommentAction","name":"Comment","target":["https:\/\/avrupatv.eu\/index.php\/2023\/10\/25\/cumhurbaskani-erdogan-gerekirse-askeri-tum-yollari-devreye-sokmaya-devam-edecegiz\/#respond"]}]},{"@type":"WebPage","@id":"https:\/\/avrupatv.eu\/index.php\/2023\/10\/25\/cumhurbaskani-erdogan-gerekirse-askeri-tum-yollari-devreye-sokmaya-devam-edecegiz\/","url":"https:\/\/avrupatv.eu\/index.php\/2023\/10\/25\/cumhurbaskani-erdogan-gerekirse-askeri-tum-yollari-devreye-sokmaya-devam-edecegiz\/","name":"Cumhurba\u015fkan\u0131 Erdo\u011fan: Gerekirse askeri t\u00fcm yollar\u0131 devreye sokmaya devam edece\u011fiz - Avrupal\u0131 T\u00fcrklerin en Yeni Haber Portal\u0131","isPartOf":{"@id":"https:\/\/avrupatv.eu\/#website"},"primaryImageOfPage":{"@id":"https:\/\/avrupatv.eu\/index.php\/2023\/10\/25\/cumhurbaskani-erdogan-gerekirse-askeri-tum-yollari-devreye-sokmaya-devam-edecegiz\/#primaryimage"},"image":{"@id":"https:\/\/avrupatv.eu\/index.php\/2023\/10\/25\/cumhurbaskani-erdogan-gerekirse-askeri-tum-yollari-devreye-sokmaya-devam-edecegiz\/#primaryimage"},"thumbnailUrl":"https:\/\/avrupatv.eu\/wp-content\/uploads\/2023\/10\/thumbs_b_c_7bba76711694971ed8a97fa0f8a755bc.jpg","datePublished":"2023-10-25T21:35:05+00:00","dateModified":"2023-10-25T21:46:14+00:00","breadcrumb":{"@id":"https:\/\/avrupatv.eu\/index.php\/2023\/10\/25\/cumhurbaskani-erdogan-gerekirse-askeri-tum-yollari-devreye-sokmaya-devam-edecegiz\/#breadcrumb"},"inLanguage":"tr","potentialAction":[{"@type":"ReadAction","target":["https:\/\/avrupatv.eu\/index.php\/2023\/10\/25\/cumhurbaskani-erdogan-gerekirse-askeri-tum-yollari-devreye-sokmaya-devam-edecegiz\/"]}]},{"@type":"ImageObject","inLanguage":"tr","@id":"https:\/\/avrupatv.eu\/index.php\/2023\/10\/25\/cumhurbaskani-erdogan-gerekirse-askeri-tum-yollari-devreye-sokmaya-devam-edecegiz\/#primaryimage","url":"https:\/\/avrupatv.eu\/wp-content\/uploads\/2023\/10\/thumbs_b_c_7bba76711694971ed8a97fa0f8a755bc.jpg","contentUrl":"https:\/\/avrupatv.eu\/wp-content\/uploads\/2023\/10\/thumbs_b_c_7bba76711694971ed8a97fa0f8a755bc.jpg","width":864,"height":486},{"@type":"BreadcrumbList","@id":"https:\/\/avrupatv.eu\/index.php\/2023\/10\/25\/cumhurbaskani-erdogan-gerekirse-askeri-tum-yollari-devreye-sokmaya-devam-edecegiz\/#breadcrumb","itemListElement":[{"@type":"ListItem","position":1,"name":"Anasayfa","item":"https:\/\/avrupatv.eu\/"},{"@type":"ListItem","position":2,"name":"Cumhurba\u015fkan\u0131 Erdo\u011fan: Gerekirse askeri t\u00fcm yollar\u0131 devreye sokmaya devam edece\u011fiz"}]},{"@type":"WebSite","@id":"https:\/\/avrupatv.eu\/#website","url":"https:\/\/avrupatv.eu\/","name":"Avrupal\u0131 T\u00fcrklerin en Yeni Haber Portal\u0131","description":"","publisher":{"@id":"https:\/\/avrupatv.eu\/#organization"},"alternateName":"Avrupa tv","potentialAction":[{"@type":"SearchAction","target":{"@type":"EntryPoint","urlTemplate":"https:\/\/avrupatv.eu\/?s={search_term_string}"},"query-input":{"@type":"PropertyValueSpecification","valueRequired":true,"valueName":"search_term_string"}}],"inLanguage":"tr"},{"@type":"Organization","@id":"https:\/\/avrupatv.eu\/#organization","name":"Avrupa Haber","url":"https:\/\/avrupatv.eu\/","logo":{"@type":"ImageObject","inLanguage":"tr","@id":"https:\/\/avrupatv.eu\/#\/schema\/logo\/image\/","url":"https:\/\/avrupatv.eu\/wp-content\/uploads\/2023\/10\/cropped-thumbnail_logo.png","contentUrl":"https:\/\/avrupatv.eu\/wp-content\/uploads\/2023\/10\/cropped-thumbnail_logo.png","width":1025,"height":302,"caption":"Avrupa Haber"},"image":{"@id":"https:\/\/avrupatv.eu\/#\/schema\/logo\/image\/"}},{"@type":"Person","@id":"https:\/\/avrupatv.eu\/#\/schema\/person\/d56afa5d5569da4029d483da36c0c17d","name":"Onur Akpinar","image":{"@type":"ImageObject","inLanguage":"tr","@id":"https:\/\/secure.gravatar.com\/avatar\/67a1a0bdf34f82da209334e4684b7e7171a58a5a2b0a8f836b61044f5c1f5d6a?s=96&d=mm&r=g","url":"https:\/\/secure.gravatar.com\/avatar\/67a1a0bdf34f82da209334e4684b7e7171a58a5a2b0a8f836b61044f5c1f5d6a?s=96&d=mm&r=g","contentUrl":"https:\/\/secure.gravatar.com\/avatar\/67a1a0bdf34f82da209334e4684b7e7171a58a5a2b0a8f836b61044f5c1f5d6a?s=96&d=mm&r=g","caption":"Onur Akpinar"},"url":"https:\/\/avrupatv.eu\/index.php\/author\/onur-akpinar\/"}]}},"_links":{"self":[{"href":"https:\/\/avrupatv.eu\/index.php\/wp-json\/wp\/v2\/posts\/78","targetHints":{"allow":["GET"]}}],"collection":[{"href":"https:\/\/avrupatv.eu\/index.php\/wp-json\/wp\/v2\/posts"}],"about":[{"href":"https:\/\/avrupatv.eu\/index.php\/wp-json\/wp\/v2\/types\/post"}],"author":[{"embeddable":true,"href":"https:\/\/avrupatv.eu\/index.php\/wp-json\/wp\/v2\/users\/2"}],"replies":[{"embeddable":true,"href":"https:\/\/avrupatv.eu\/index.php\/wp-json\/wp\/v2\/comments?post=78"}],"version-history":[{"count":0,"href":"https:\/\/avrupatv.eu\/index.php\/wp-json\/wp\/v2\/posts\/78\/revisions"}],"wp:featuredmedia":[{"embeddable":true,"href":"https:\/\/avrupatv.eu\/index.php\/wp-json\/wp\/v2\/media\/79"}],"wp:attachment":[{"href":"https:\/\/avrupatv.eu\/index.php\/wp-json\/wp\/v2\/media?parent=78"}],"wp:term":[{"taxonomy":"category","embeddable":true,"href":"https:\/\/avrupatv.eu\/index.php\/wp-json\/wp\/v2\/categories?post=78"},{"taxonomy":"post_tag","embeddable":true,"href":"https:\/\/avrupatv.eu\/index.php\/wp-json\/wp\/v2\/tags?post=78"}],"curies":[{"name":"wp","href":"https:\/\/api.w.org\/{rel}","templated":true}]}}