{"id":765,"date":"2024-11-28T15:03:49","date_gmt":"2024-11-28T15:03:49","guid":{"rendered":"https:\/\/avrupatv.eu\/?p=765"},"modified":"2024-11-28T15:03:50","modified_gmt":"2024-11-28T15:03:50","slug":"besiktasgalatasaray-ve-fenerbahce-maclari-hangi-kanalda-yayinlanacak","status":"publish","type":"post","link":"https:\/\/avrupatv.eu\/index.php\/2024\/11\/28\/besiktasgalatasaray-ve-fenerbahce-maclari-hangi-kanalda-yayinlanacak\/","title":{"rendered":"Be\u015fikta\u015f,Galatasaray ve Fenerbah\u00e7e ma\u00e7lar\u0131 hangi kanalda yay\u0131nlanacak?"},"content":{"rendered":"\n<p><strong>Avrupa&#8217;da Kritik Ma\u00e7lar: T\u00fcrk Tak\u0131mlar\u0131 Sahada<\/strong><\/p>\n\n\n\n<p>Bug\u00fcn temsilcilerimiz, UEFA Avrupa kupalar\u0131nda \u00f6nemli kar\u015f\u0131la\u015fmalara \u00e7\u0131k\u0131yor. \u0130\u015fte ma\u00e7 program\u0131 ve yay\u0131n detaylar\u0131:<\/p>\n\n\n\n<ul class=\"wp-block-list\">\n<li><strong>AZ Alkmaar &#8211; Galatasaray<\/strong>: TS\u0130 20.45&#8217;te ba\u015flayacak olan m\u00fccadele, TRT 1 ekranlar\u0131ndan naklen yay\u0131nlanacak.<\/li>\n\n\n\n<li><strong>Be\u015fikta\u015f &#8211; Tel Aviv<\/strong>: Siyah-beyazl\u0131lar, TS\u0130 20.45&#8217;te deplasmanda \u0130srail temsilcisiyle kar\u015f\u0131 kar\u015f\u0131ya gelecek. Kar\u015f\u0131la\u015fma TRT Spor&#8217;da canl\u0131 yay\u0131nlanacak.<\/li>\n\n\n\n<li><strong>Fenerbah\u00e7e &#8211; Slavia Prag<\/strong>: Sar\u0131-lacivertli ekip, TS\u0130 21.00\u2019de \u00c7ekya temsilcisiyle Kad\u0131k\u00f6y\u2019de kar\u015f\u0131la\u015facak. Bu m\u00fccadele de TRT 1 ekranlar\u0131ndan \u015fifresiz olarak futbolseverlerle bulu\u015facak.<\/li>\n<\/ul>\n\n\n\n<p>Futbol kul\u00fcplerimize bu zorlu m\u00fccadelelerde ba\u015far\u0131lar diliyoruz. Be\u015fikta\u015f\u2019\u0131n, Tel Aviv kar\u015f\u0131s\u0131nda sergileyece\u011fi performansla t\u00fcm taraftarlar\u0131n\u0131 gururland\u0131rmas\u0131n\u0131 temenni ediyoruz. Bu m\u00fccadele ayn\u0131 zamanda tarihi bir anlam ta\u015f\u0131yor; Be\u015fikta\u015f\u2019\u0131n soyk\u0131r\u0131mc\u0131lara kar\u015f\u0131 sahada g\u00f6sterece\u011fi performansla rakibine g\u00fc\u00e7l\u00fc bir duru\u015f sergilemesi bekleniyor.<\/p>\n","protected":false},"excerpt":{"rendered":"<p>Avrupa&#8217;da Kritik Ma\u00e7lar: T\u00fcrk Tak\u0131mlar\u0131 Sahada Bug\u00fcn temsilcilerimiz, UEFA Avrupa kupalar\u0131nda \u00f6nemli kar\u015f\u0131la\u015fmalara \u00e7\u0131k\u0131yor. \u0130\u015fte ma\u00e7 program\u0131 ve yay\u0131n detaylar\u0131: Futbol kul\u00fcplerimize bu zorlu m\u00fccadelelerde ba\u015far\u0131lar diliyoruz. Be\u015fikta\u015f\u2019\u0131n, Tel Aviv kar\u015f\u0131s\u0131nda sergileyece\u011fi performansla t\u00fcm taraftarlar\u0131n\u0131 gururland\u0131rmas\u0131n\u0131 temenni ediyoruz. Bu m\u00fccadele ayn\u0131 zamanda tarihi bir anlam ta\u015f\u0131yor; Be\u015fikta\u015f\u2019\u0131n soyk\u0131r\u0131mc\u0131lara kar\u015f\u0131 sahada g\u00f6sterece\u011fi performansla rakibine g\u00fc\u00e7l\u00fc bir [&hellip;]<\/p>\n","protected":false},"author":2,"featured_media":766,"comment_status":"open","ping_status":"open","sticky":false,"template":"","format":"standard","meta":{"footnotes":""},"categories":[10],"tags":[],"class_list":["post-765","post","type-post","status-publish","format-standard","has-post-thumbnail","hentry","category-futbol"],"yoast_head":"<!-- This site is optimized with the Yoast SEO plugin v27.5 - https:\/\/yoast.com\/product\/yoast-seo-wordpress\/ -->\n<title>Be\u015fikta\u015f,Galatasaray ve Fenerbah\u00e7e ma\u00e7lar\u0131 hangi kanalda yay\u0131nlanacak? - Avrupal\u0131 T\u00fcrklerin en Yeni Haber Portal\u0131<\/title>\n<meta name=\"robots\" content=\"index, follow, max-snippet:-1, max-image-preview:large, max-video-preview:-1\" \/>\n<link rel=\"canonical\" href=\"https:\/\/avrupatv.eu\/index.php\/2024\/11\/28\/besiktasgalatasaray-ve-fenerbahce-maclari-hangi-kanalda-yayinlanacak\/\" \/>\n<meta property=\"og:locale\" content=\"tr_TR\" \/>\n<meta property=\"og:type\" content=\"article\" \/>\n<meta property=\"og:title\" content=\"Be\u015fikta\u015f,Galatasaray ve Fenerbah\u00e7e ma\u00e7lar\u0131 hangi kanalda yay\u0131nlanacak? - Avrupal\u0131 T\u00fcrklerin en Yeni Haber Portal\u0131\" \/>\n<meta property=\"og:description\" content=\"Avrupa&#8217;da Kritik Ma\u00e7lar: T\u00fcrk Tak\u0131mlar\u0131 Sahada Bug\u00fcn temsilcilerimiz, UEFA Avrupa kupalar\u0131nda \u00f6nemli kar\u015f\u0131la\u015fmalara \u00e7\u0131k\u0131yor. \u0130\u015fte ma\u00e7 program\u0131 ve yay\u0131n detaylar\u0131: Futbol kul\u00fcplerimize bu zorlu m\u00fccadelelerde ba\u015far\u0131lar diliyoruz. Be\u015fikta\u015f\u2019\u0131n, Tel Aviv kar\u015f\u0131s\u0131nda sergileyece\u011fi performansla t\u00fcm taraftarlar\u0131n\u0131 gururland\u0131rmas\u0131n\u0131 temenni ediyoruz. Bu m\u00fccadele ayn\u0131 zamanda tarihi bir anlam ta\u015f\u0131yor; Be\u015fikta\u015f\u2019\u0131n soyk\u0131r\u0131mc\u0131lara kar\u015f\u0131 sahada g\u00f6sterece\u011fi performansla rakibine g\u00fc\u00e7l\u00fc bir [&hellip;]\" \/>\n<meta property=\"og:url\" content=\"https:\/\/avrupatv.eu\/index.php\/2024\/11\/28\/besiktasgalatasaray-ve-fenerbahce-maclari-hangi-kanalda-yayinlanacak\/\" \/>\n<meta property=\"og:site_name\" content=\"Avrupal\u0131 T\u00fcrklerin en Yeni Haber Portal\u0131\" \/>\n<meta property=\"article:published_time\" content=\"2024-11-28T15:03:49+00:00\" \/>\n<meta property=\"article:modified_time\" content=\"2024-11-28T15:03:50+00:00\" \/>\n<meta property=\"og:image\" content=\"https:\/\/avrupatv.eu\/wp-content\/uploads\/2024\/11\/Ucbuyuklerulke-siralamasi.jpg\" \/>\n\t<meta property=\"og:image:width\" content=\"750\" \/>\n\t<meta property=\"og:image:height\" content=\"464\" \/>\n\t<meta property=\"og:image:type\" content=\"image\/jpeg\" \/>\n<meta name=\"author\" content=\"Onur Akpinar\" \/>\n<meta name=\"twitter:card\" content=\"summary_large_image\" \/>\n<meta name=\"twitter:label1\" content=\"Yazan:\" \/>\n\t<meta name=\"twitter:data1\" content=\"Onur Akpinar\" \/>\n\t<meta name=\"twitter:label2\" content=\"Tahmini okuma s\u00fcresi\" \/>\n\t<meta name=\"twitter:data2\" content=\"1 dakika\" \/>\n<script type=\"application\/ld+json\" class=\"yoast-schema-graph\">{\"@context\":\"https:\\\/\\\/schema.org\",\"@graph\":[{\"@type\":\"Article\",\"@id\":\"https:\\\/\\\/avrupatv.eu\\\/index.php\\\/2024\\\/11\\\/28\\\/besiktasgalatasaray-ve-fenerbahce-maclari-hangi-kanalda-yayinlanacak\\\/#article\",\"isPartOf\":{\"@id\":\"https:\\\/\\\/avrupatv.eu\\\/index.php\\\/2024\\\/11\\\/28\\\/besiktasgalatasaray-ve-fenerbahce-maclari-hangi-kanalda-yayinlanacak\\\/\"},\"author\":{\"name\":\"Onur Akpinar\",\"@id\":\"https:\\\/\\\/avrupatv.eu\\\/#\\\/schema\\\/person\\\/d56afa5d5569da4029d483da36c0c17d\"},\"headline\":\"Be\u015fikta\u015f,Galatasaray ve Fenerbah\u00e7e ma\u00e7lar\u0131 hangi kanalda yay\u0131nlanacak?\",\"datePublished\":\"2024-11-28T15:03:49+00:00\",\"dateModified\":\"2024-11-28T15:03:50+00:00\",\"mainEntityOfPage\":{\"@id\":\"https:\\\/\\\/avrupatv.eu\\\/index.php\\\/2024\\\/11\\\/28\\\/besiktasgalatasaray-ve-fenerbahce-maclari-hangi-kanalda-yayinlanacak\\\/\"},\"wordCount\":176,\"commentCount\":0,\"publisher\":{\"@id\":\"https:\\\/\\\/avrupatv.eu\\\/#organization\"},\"image\":{\"@id\":\"https:\\\/\\\/avrupatv.eu\\\/index.php\\\/2024\\\/11\\\/28\\\/besiktasgalatasaray-ve-fenerbahce-maclari-hangi-kanalda-yayinlanacak\\\/#primaryimage\"},\"thumbnailUrl\":\"https:\\\/\\\/avrupatv.eu\\\/wp-content\\\/uploads\\\/2024\\\/11\\\/Ucbuyuklerulke-siralamasi.jpg\",\"articleSection\":[\"Futbol\"],\"inLanguage\":\"tr\",\"potentialAction\":[{\"@type\":\"CommentAction\",\"name\":\"Comment\",\"target\":[\"https:\\\/\\\/avrupatv.eu\\\/index.php\\\/2024\\\/11\\\/28\\\/besiktasgalatasaray-ve-fenerbahce-maclari-hangi-kanalda-yayinlanacak\\\/#respond\"]}]},{\"@type\":\"WebPage\",\"@id\":\"https:\\\/\\\/avrupatv.eu\\\/index.php\\\/2024\\\/11\\\/28\\\/besiktasgalatasaray-ve-fenerbahce-maclari-hangi-kanalda-yayinlanacak\\\/\",\"url\":\"https:\\\/\\\/avrupatv.eu\\\/index.php\\\/2024\\\/11\\\/28\\\/besiktasgalatasaray-ve-fenerbahce-maclari-hangi-kanalda-yayinlanacak\\\/\",\"name\":\"Be\u015fikta\u015f,Galatasaray ve Fenerbah\u00e7e ma\u00e7lar\u0131 hangi kanalda yay\u0131nlanacak? - Avrupal\u0131 T\u00fcrklerin en Yeni Haber Portal\u0131\",\"isPartOf\":{\"@id\":\"https:\\\/\\\/avrupatv.eu\\\/#website\"},\"primaryImageOfPage\":{\"@id\":\"https:\\\/\\\/avrupatv.eu\\\/index.php\\\/2024\\\/11\\\/28\\\/besiktasgalatasaray-ve-fenerbahce-maclari-hangi-kanalda-yayinlanacak\\\/#primaryimage\"},\"image\":{\"@id\":\"https:\\\/\\\/avrupatv.eu\\\/index.php\\\/2024\\\/11\\\/28\\\/besiktasgalatasaray-ve-fenerbahce-maclari-hangi-kanalda-yayinlanacak\\\/#primaryimage\"},\"thumbnailUrl\":\"https:\\\/\\\/avrupatv.eu\\\/wp-content\\\/uploads\\\/2024\\\/11\\\/Ucbuyuklerulke-siralamasi.jpg\",\"datePublished\":\"2024-11-28T15:03:49+00:00\",\"dateModified\":\"2024-11-28T15:03:50+00:00\",\"breadcrumb\":{\"@id\":\"https:\\\/\\\/avrupatv.eu\\\/index.php\\\/2024\\\/11\\\/28\\\/besiktasgalatasaray-ve-fenerbahce-maclari-hangi-kanalda-yayinlanacak\\\/#breadcrumb\"},\"inLanguage\":\"tr\",\"potentialAction\":[{\"@type\":\"ReadAction\",\"target\":[\"https:\\\/\\\/avrupatv.eu\\\/index.php\\\/2024\\\/11\\\/28\\\/besiktasgalatasaray-ve-fenerbahce-maclari-hangi-kanalda-yayinlanacak\\\/\"]}]},{\"@type\":\"ImageObject\",\"inLanguage\":\"tr\",\"@id\":\"https:\\\/\\\/avrupatv.eu\\\/index.php\\\/2024\\\/11\\\/28\\\/besiktasgalatasaray-ve-fenerbahce-maclari-hangi-kanalda-yayinlanacak\\\/#primaryimage\",\"url\":\"https:\\\/\\\/avrupatv.eu\\\/wp-content\\\/uploads\\\/2024\\\/11\\\/Ucbuyuklerulke-siralamasi.jpg\",\"contentUrl\":\"https:\\\/\\\/avrupatv.eu\\\/wp-content\\\/uploads\\\/2024\\\/11\\\/Ucbuyuklerulke-siralamasi.jpg\",\"width\":750,\"height\":464},{\"@type\":\"BreadcrumbList\",\"@id\":\"https:\\\/\\\/avrupatv.eu\\\/index.php\\\/2024\\\/11\\\/28\\\/besiktasgalatasaray-ve-fenerbahce-maclari-hangi-kanalda-yayinlanacak\\\/#breadcrumb\",\"itemListElement\":[{\"@type\":\"ListItem\",\"position\":1,\"name\":\"Anasayfa\",\"item\":\"https:\\\/\\\/avrupatv.eu\\\/\"},{\"@type\":\"ListItem\",\"position\":2,\"name\":\"Be\u015fikta\u015f,Galatasaray ve Fenerbah\u00e7e ma\u00e7lar\u0131 hangi kanalda yay\u0131nlanacak?\"}]},{\"@type\":\"WebSite\",\"@id\":\"https:\\\/\\\/avrupatv.eu\\\/#website\",\"url\":\"https:\\\/\\\/avrupatv.eu\\\/\",\"name\":\"Avrupal\u0131 T\u00fcrklerin en Yeni Haber Portal\u0131\",\"description\":\"\",\"publisher\":{\"@id\":\"https:\\\/\\\/avrupatv.eu\\\/#organization\"},\"alternateName\":\"Avrupa tv\",\"potentialAction\":[{\"@type\":\"SearchAction\",\"target\":{\"@type\":\"EntryPoint\",\"urlTemplate\":\"https:\\\/\\\/avrupatv.eu\\\/?s={search_term_string}\"},\"query-input\":{\"@type\":\"PropertyValueSpecification\",\"valueRequired\":true,\"valueName\":\"search_term_string\"}}],\"inLanguage\":\"tr\"},{\"@type\":\"Organization\",\"@id\":\"https:\\\/\\\/avrupatv.eu\\\/#organization\",\"name\":\"Avrupa Haber\",\"url\":\"https:\\\/\\\/avrupatv.eu\\\/\",\"logo\":{\"@type\":\"ImageObject\",\"inLanguage\":\"tr\",\"@id\":\"https:\\\/\\\/avrupatv.eu\\\/#\\\/schema\\\/logo\\\/image\\\/\",\"url\":\"https:\\\/\\\/avrupatv.eu\\\/wp-content\\\/uploads\\\/2023\\\/10\\\/cropped-thumbnail_logo.png\",\"contentUrl\":\"https:\\\/\\\/avrupatv.eu\\\/wp-content\\\/uploads\\\/2023\\\/10\\\/cropped-thumbnail_logo.png\",\"width\":1025,\"height\":302,\"caption\":\"Avrupa Haber\"},\"image\":{\"@id\":\"https:\\\/\\\/avrupatv.eu\\\/#\\\/schema\\\/logo\\\/image\\\/\"}},{\"@type\":\"Person\",\"@id\":\"https:\\\/\\\/avrupatv.eu\\\/#\\\/schema\\\/person\\\/d56afa5d5569da4029d483da36c0c17d\",\"name\":\"Onur Akpinar\",\"image\":{\"@type\":\"ImageObject\",\"inLanguage\":\"tr\",\"@id\":\"https:\\\/\\\/secure.gravatar.com\\\/avatar\\\/67a1a0bdf34f82da209334e4684b7e7171a58a5a2b0a8f836b61044f5c1f5d6a?s=96&d=mm&r=g\",\"url\":\"https:\\\/\\\/secure.gravatar.com\\\/avatar\\\/67a1a0bdf34f82da209334e4684b7e7171a58a5a2b0a8f836b61044f5c1f5d6a?s=96&d=mm&r=g\",\"contentUrl\":\"https:\\\/\\\/secure.gravatar.com\\\/avatar\\\/67a1a0bdf34f82da209334e4684b7e7171a58a5a2b0a8f836b61044f5c1f5d6a?s=96&d=mm&r=g\",\"caption\":\"Onur Akpinar\"},\"url\":\"https:\\\/\\\/avrupatv.eu\\\/index.php\\\/author\\\/onur-akpinar\\\/\"}]}<\/script>\n<!-- \/ Yoast SEO plugin. -->","yoast_head_json":{"title":"Be\u015fikta\u015f,Galatasaray ve Fenerbah\u00e7e ma\u00e7lar\u0131 hangi kanalda yay\u0131nlanacak? - Avrupal\u0131 T\u00fcrklerin en Yeni Haber Portal\u0131","robots":{"index":"index","follow":"follow","max-snippet":"max-snippet:-1","max-image-preview":"max-image-preview:large","max-video-preview":"max-video-preview:-1"},"canonical":"https:\/\/avrupatv.eu\/index.php\/2024\/11\/28\/besiktasgalatasaray-ve-fenerbahce-maclari-hangi-kanalda-yayinlanacak\/","og_locale":"tr_TR","og_type":"article","og_title":"Be\u015fikta\u015f,Galatasaray ve Fenerbah\u00e7e ma\u00e7lar\u0131 hangi kanalda yay\u0131nlanacak? - Avrupal\u0131 T\u00fcrklerin en Yeni Haber Portal\u0131","og_description":"Avrupa&#8217;da Kritik Ma\u00e7lar: T\u00fcrk Tak\u0131mlar\u0131 Sahada Bug\u00fcn temsilcilerimiz, UEFA Avrupa kupalar\u0131nda \u00f6nemli kar\u015f\u0131la\u015fmalara \u00e7\u0131k\u0131yor. \u0130\u015fte ma\u00e7 program\u0131 ve yay\u0131n detaylar\u0131: Futbol kul\u00fcplerimize bu zorlu m\u00fccadelelerde ba\u015far\u0131lar diliyoruz. Be\u015fikta\u015f\u2019\u0131n, Tel Aviv kar\u015f\u0131s\u0131nda sergileyece\u011fi performansla t\u00fcm taraftarlar\u0131n\u0131 gururland\u0131rmas\u0131n\u0131 temenni ediyoruz. Bu m\u00fccadele ayn\u0131 zamanda tarihi bir anlam ta\u015f\u0131yor; Be\u015fikta\u015f\u2019\u0131n soyk\u0131r\u0131mc\u0131lara kar\u015f\u0131 sahada g\u00f6sterece\u011fi performansla rakibine g\u00fc\u00e7l\u00fc bir [&hellip;]","og_url":"https:\/\/avrupatv.eu\/index.php\/2024\/11\/28\/besiktasgalatasaray-ve-fenerbahce-maclari-hangi-kanalda-yayinlanacak\/","og_site_name":"Avrupal\u0131 T\u00fcrklerin en Yeni Haber Portal\u0131","article_published_time":"2024-11-28T15:03:49+00:00","article_modified_time":"2024-11-28T15:03:50+00:00","og_image":[{"width":750,"height":464,"url":"https:\/\/avrupatv.eu\/wp-content\/uploads\/2024\/11\/Ucbuyuklerulke-siralamasi.jpg","type":"image\/jpeg"}],"author":"Onur Akpinar","twitter_card":"summary_large_image","twitter_misc":{"Yazan:":"Onur Akpinar","Tahmini okuma s\u00fcresi":"1 dakika"},"schema":{"@context":"https:\/\/schema.org","@graph":[{"@type":"Article","@id":"https:\/\/avrupatv.eu\/index.php\/2024\/11\/28\/besiktasgalatasaray-ve-fenerbahce-maclari-hangi-kanalda-yayinlanacak\/#article","isPartOf":{"@id":"https:\/\/avrupatv.eu\/index.php\/2024\/11\/28\/besiktasgalatasaray-ve-fenerbahce-maclari-hangi-kanalda-yayinlanacak\/"},"author":{"name":"Onur Akpinar","@id":"https:\/\/avrupatv.eu\/#\/schema\/person\/d56afa5d5569da4029d483da36c0c17d"},"headline":"Be\u015fikta\u015f,Galatasaray ve Fenerbah\u00e7e ma\u00e7lar\u0131 hangi kanalda yay\u0131nlanacak?","datePublished":"2024-11-28T15:03:49+00:00","dateModified":"2024-11-28T15:03:50+00:00","mainEntityOfPage":{"@id":"https:\/\/avrupatv.eu\/index.php\/2024\/11\/28\/besiktasgalatasaray-ve-fenerbahce-maclari-hangi-kanalda-yayinlanacak\/"},"wordCount":176,"commentCount":0,"publisher":{"@id":"https:\/\/avrupatv.eu\/#organization"},"image":{"@id":"https:\/\/avrupatv.eu\/index.php\/2024\/11\/28\/besiktasgalatasaray-ve-fenerbahce-maclari-hangi-kanalda-yayinlanacak\/#primaryimage"},"thumbnailUrl":"https:\/\/avrupatv.eu\/wp-content\/uploads\/2024\/11\/Ucbuyuklerulke-siralamasi.jpg","articleSection":["Futbol"],"inLanguage":"tr","potentialAction":[{"@type":"CommentAction","name":"Comment","target":["https:\/\/avrupatv.eu\/index.php\/2024\/11\/28\/besiktasgalatasaray-ve-fenerbahce-maclari-hangi-kanalda-yayinlanacak\/#respond"]}]},{"@type":"WebPage","@id":"https:\/\/avrupatv.eu\/index.php\/2024\/11\/28\/besiktasgalatasaray-ve-fenerbahce-maclari-hangi-kanalda-yayinlanacak\/","url":"https:\/\/avrupatv.eu\/index.php\/2024\/11\/28\/besiktasgalatasaray-ve-fenerbahce-maclari-hangi-kanalda-yayinlanacak\/","name":"Be\u015fikta\u015f,Galatasaray ve Fenerbah\u00e7e ma\u00e7lar\u0131 hangi kanalda yay\u0131nlanacak? - Avrupal\u0131 T\u00fcrklerin en Yeni Haber Portal\u0131","isPartOf":{"@id":"https:\/\/avrupatv.eu\/#website"},"primaryImageOfPage":{"@id":"https:\/\/avrupatv.eu\/index.php\/2024\/11\/28\/besiktasgalatasaray-ve-fenerbahce-maclari-hangi-kanalda-yayinlanacak\/#primaryimage"},"image":{"@id":"https:\/\/avrupatv.eu\/index.php\/2024\/11\/28\/besiktasgalatasaray-ve-fenerbahce-maclari-hangi-kanalda-yayinlanacak\/#primaryimage"},"thumbnailUrl":"https:\/\/avrupatv.eu\/wp-content\/uploads\/2024\/11\/Ucbuyuklerulke-siralamasi.jpg","datePublished":"2024-11-28T15:03:49+00:00","dateModified":"2024-11-28T15:03:50+00:00","breadcrumb":{"@id":"https:\/\/avrupatv.eu\/index.php\/2024\/11\/28\/besiktasgalatasaray-ve-fenerbahce-maclari-hangi-kanalda-yayinlanacak\/#breadcrumb"},"inLanguage":"tr","potentialAction":[{"@type":"ReadAction","target":["https:\/\/avrupatv.eu\/index.php\/2024\/11\/28\/besiktasgalatasaray-ve-fenerbahce-maclari-hangi-kanalda-yayinlanacak\/"]}]},{"@type":"ImageObject","inLanguage":"tr","@id":"https:\/\/avrupatv.eu\/index.php\/2024\/11\/28\/besiktasgalatasaray-ve-fenerbahce-maclari-hangi-kanalda-yayinlanacak\/#primaryimage","url":"https:\/\/avrupatv.eu\/wp-content\/uploads\/2024\/11\/Ucbuyuklerulke-siralamasi.jpg","contentUrl":"https:\/\/avrupatv.eu\/wp-content\/uploads\/2024\/11\/Ucbuyuklerulke-siralamasi.jpg","width":750,"height":464},{"@type":"BreadcrumbList","@id":"https:\/\/avrupatv.eu\/index.php\/2024\/11\/28\/besiktasgalatasaray-ve-fenerbahce-maclari-hangi-kanalda-yayinlanacak\/#breadcrumb","itemListElement":[{"@type":"ListItem","position":1,"name":"Anasayfa","item":"https:\/\/avrupatv.eu\/"},{"@type":"ListItem","position":2,"name":"Be\u015fikta\u015f,Galatasaray ve Fenerbah\u00e7e ma\u00e7lar\u0131 hangi kanalda yay\u0131nlanacak?"}]},{"@type":"WebSite","@id":"https:\/\/avrupatv.eu\/#website","url":"https:\/\/avrupatv.eu\/","name":"Avrupal\u0131 T\u00fcrklerin en Yeni Haber Portal\u0131","description":"","publisher":{"@id":"https:\/\/avrupatv.eu\/#organization"},"alternateName":"Avrupa tv","potentialAction":[{"@type":"SearchAction","target":{"@type":"EntryPoint","urlTemplate":"https:\/\/avrupatv.eu\/?s={search_term_string}"},"query-input":{"@type":"PropertyValueSpecification","valueRequired":true,"valueName":"search_term_string"}}],"inLanguage":"tr"},{"@type":"Organization","@id":"https:\/\/avrupatv.eu\/#organization","name":"Avrupa Haber","url":"https:\/\/avrupatv.eu\/","logo":{"@type":"ImageObject","inLanguage":"tr","@id":"https:\/\/avrupatv.eu\/#\/schema\/logo\/image\/","url":"https:\/\/avrupatv.eu\/wp-content\/uploads\/2023\/10\/cropped-thumbnail_logo.png","contentUrl":"https:\/\/avrupatv.eu\/wp-content\/uploads\/2023\/10\/cropped-thumbnail_logo.png","width":1025,"height":302,"caption":"Avrupa Haber"},"image":{"@id":"https:\/\/avrupatv.eu\/#\/schema\/logo\/image\/"}},{"@type":"Person","@id":"https:\/\/avrupatv.eu\/#\/schema\/person\/d56afa5d5569da4029d483da36c0c17d","name":"Onur Akpinar","image":{"@type":"ImageObject","inLanguage":"tr","@id":"https:\/\/secure.gravatar.com\/avatar\/67a1a0bdf34f82da209334e4684b7e7171a58a5a2b0a8f836b61044f5c1f5d6a?s=96&d=mm&r=g","url":"https:\/\/secure.gravatar.com\/avatar\/67a1a0bdf34f82da209334e4684b7e7171a58a5a2b0a8f836b61044f5c1f5d6a?s=96&d=mm&r=g","contentUrl":"https:\/\/secure.gravatar.com\/avatar\/67a1a0bdf34f82da209334e4684b7e7171a58a5a2b0a8f836b61044f5c1f5d6a?s=96&d=mm&r=g","caption":"Onur Akpinar"},"url":"https:\/\/avrupatv.eu\/index.php\/author\/onur-akpinar\/"}]}},"_links":{"self":[{"href":"https:\/\/avrupatv.eu\/index.php\/wp-json\/wp\/v2\/posts\/765","targetHints":{"allow":["GET"]}}],"collection":[{"href":"https:\/\/avrupatv.eu\/index.php\/wp-json\/wp\/v2\/posts"}],"about":[{"href":"https:\/\/avrupatv.eu\/index.php\/wp-json\/wp\/v2\/types\/post"}],"author":[{"embeddable":true,"href":"https:\/\/avrupatv.eu\/index.php\/wp-json\/wp\/v2\/users\/2"}],"replies":[{"embeddable":true,"href":"https:\/\/avrupatv.eu\/index.php\/wp-json\/wp\/v2\/comments?post=765"}],"version-history":[{"count":1,"href":"https:\/\/avrupatv.eu\/index.php\/wp-json\/wp\/v2\/posts\/765\/revisions"}],"predecessor-version":[{"id":767,"href":"https:\/\/avrupatv.eu\/index.php\/wp-json\/wp\/v2\/posts\/765\/revisions\/767"}],"wp:featuredmedia":[{"embeddable":true,"href":"https:\/\/avrupatv.eu\/index.php\/wp-json\/wp\/v2\/media\/766"}],"wp:attachment":[{"href":"https:\/\/avrupatv.eu\/index.php\/wp-json\/wp\/v2\/media?parent=765"}],"wp:term":[{"taxonomy":"category","embeddable":true,"href":"https:\/\/avrupatv.eu\/index.php\/wp-json\/wp\/v2\/categories?post=765"},{"taxonomy":"post_tag","embeddable":true,"href":"https:\/\/avrupatv.eu\/index.php\/wp-json\/wp\/v2\/tags?post=765"}],"curies":[{"name":"wp","href":"https:\/\/api.w.org\/{rel}","templated":true}]}}