{"id":75,"date":"2023-10-24T21:42:38","date_gmt":"2023-10-24T21:42:38","guid":{"rendered":"https:\/\/avrupatv.eu\/?p=75"},"modified":"2023-10-24T21:42:38","modified_gmt":"2023-10-24T21:42:38","slug":"parkta-uyusturucu-satisini-engellemeye-calisirken-olduruldu","status":"publish","type":"post","link":"https:\/\/avrupatv.eu\/index.php\/2023\/10\/24\/parkta-uyusturucu-satisini-engellemeye-calisirken-olduruldu\/","title":{"rendered":"Parkta uyu\u015fturucu sat\u0131\u015f\u0131n\u0131 engellemeye \u00e7al\u0131\u015f\u0131rken \u00f6ld\u00fcr\u00fcld\u00fc"},"content":{"rendered":"\n<p>Olay, 23 Ekim g\u00fcn\u00fc saat 21.40 s\u0131ralar\u0131nda Kutlu Mahallesi&#8217;nde meydana geldi.&nbsp;Do\u011fukan K., E.G., ve M.Y.&nbsp;isimli arkada\u015flar birlikte alkol ald\u0131ktan sonra&nbsp;\u015eahin Park\u0131&#8217;na gidip otomobil i\u00e7erisinde zaman ge\u00e7irmeye ba\u015flad\u0131. Bu s\u0131rada&nbsp;park\u0131n kenar\u0131nda bir ara\u00e7 i\u00e7erinde bulunan 3 ki\u015finin, motosikletle gelen birine paket i\u00e7erisinde bir \u015fey verip, para ald\u0131\u011f\u0131n\u0131 g\u00f6r\u00fcnce gruptan E.G.,&nbsp;motosikletin yan\u0131na giderek ara\u00e7ta ne yapt\u0131\u011f\u0131n\u0131 ve oraya neden geldi\u011fini sordu. Motosikletlinin&nbsp;<a href=\"https:\/\/www.dha.com.tr\/haberleri\/uyusturucu\" target=\"_blank\" rel=\"noreferrer noopener\">uyu\u015fturucu<\/a>&nbsp;madde ald\u0131\u011f\u0131n\u0131 s\u00f6ylemesi \u00fczerine E.G., ara\u00e7takilerin foto\u011fraflar\u0131n\u0131 \u00e7ekerek &#8216;sizi polise ihbar edece\u011fim&#8217; dedi. Ara\u00e7takiler bunun \u00fczerine olay yerinden uzakla\u015ft\u0131.<\/p>\n\n\n\n<p>Bir s\u00fcre sonra&nbsp;A.G.A.,&nbsp;\u00d6.B.T., S.\u00dc., U.\u00dc., M.E., Y.A.,&nbsp;E.B. ve k\u00fc\u00e7\u00fck ya\u015ftaki&nbsp;E.S.&nbsp;isimli \u015f\u00fcpheliler bir minib\u00fcsle parka gelerek, E.G.&nbsp;ve M.Y. ile tart\u0131\u015f\u0131p, Do\u011fukan K.&#8217;y\u0131&nbsp;darbetti.&nbsp;Do\u011fukan K.,&nbsp;olay yerinden ka\u00e7maya \u00e7al\u0131\u015ft\u0131\u011f\u0131&nbsp;s\u0131rada U.\u00dc., belinden \u00e7\u0131kartt\u0131\u011f\u0131 tabanca ile iki el ate\u015f etti. Do\u011fukan K., ba\u015f\u0131na isabet eden kur\u015funlarla kanlar i\u00e7erisinde yere y\u0131\u011f\u0131l\u0131rken, \u015f\u00fcpheliler geldikleri minib\u00fcsle olay yerinden ka\u00e7t\u0131.<\/p>\n\n\n\n<p>Silah seslerini duyan \u00e7evredekilerin ihbar\u0131 \u00fczerine olay yerine polis ve sa\u011fl\u0131k ekipleri sevk edildi. Sa\u011fl\u0131k ekiplerince ilk m\u00fcdahalesi yap\u0131lan&nbsp;Do\u011fukan K., Ankara E\u011fitim ve Ara\u015ft\u0131rma Hastanesi&#8217;ne kald\u0131r\u0131ld\u0131. Tedavi alt\u0131na al\u0131nan Do\u011fukan K., yap\u0131lan t\u00fcm m\u00fcdahalelere ra\u011fmen kurtar\u0131lamad\u0131.&nbsp;<\/p>\n\n\n\n<p>Ankara Emniyet M\u00fcd\u00fcrl\u00fc\u011f\u00fc Asayi\u015f \u015eube M\u00fcd\u00fcrl\u00fc\u011f\u00fc Cinayet B\u00fcro ekipleri, olaya kar\u0131\u015fan \u015f\u00fcphelileri tespit etmek \u00fczere \u00e7al\u0131\u015fma&nbsp;ba\u015flatt\u0131.&nbsp;Polis ekiplerinin \u00e7al\u0131\u015fmalar\u0131 sonucu&nbsp;firari \u015f\u00fcpheli U.\u00dc., gizlendi\u011fi arkada\u015f\u0131 Y.A.&#8217;n\u0131n evinde&nbsp;yakaland\u0131. Olaya kar\u0131\u015fan Y.A. ile isim benzerli\u011fi olan Y.A. ifadesi al\u0131nd\u0131ktan sonra serbest b\u0131rak\u0131ld\u0131. Daha sonra y\u00fcr\u00fct\u00fclen soru\u015fturma kapsam\u0131nda su\u00e7a s\u00fcr\u00fcklenen \u00e7ocuk E.S., \u00c7ocuk \u015eube M\u00fcd\u00fcrl\u00fc\u011f\u00fc&#8217;ne teslim edildi. G\u00f6zalt\u0131na al\u0131nan di\u011fer \u015f\u00fcpheliler&nbsp;E.B., M.E., S.\u00dc., \u00d6.B.T., Y.A., A.G.A. ve U.\u00dc.&#8217;n\u00fcn emniyetteki i\u015flemlerin tamamlanmas\u0131n\u0131n ard\u0131ndan mahkemeye sevk edilece\u011fi \u00f6\u011frenildi.<\/p>\n","protected":false},"excerpt":{"rendered":"<p>Olay, 23 Ekim g\u00fcn\u00fc saat 21.40 s\u0131ralar\u0131nda Kutlu Mahallesi&#8217;nde meydana geldi.&nbsp;Do\u011fukan K., E.G., ve M.Y.&nbsp;isimli arkada\u015flar birlikte alkol ald\u0131ktan sonra&nbsp;\u015eahin Park\u0131&#8217;na gidip otomobil i\u00e7erisinde zaman ge\u00e7irmeye ba\u015flad\u0131. Bu s\u0131rada&nbsp;park\u0131n kenar\u0131nda bir ara\u00e7 i\u00e7erinde bulunan 3 ki\u015finin, motosikletle gelen birine paket i\u00e7erisinde bir \u015fey verip, para ald\u0131\u011f\u0131n\u0131 g\u00f6r\u00fcnce gruptan E.G.,&nbsp;motosikletin yan\u0131na giderek ara\u00e7ta ne yapt\u0131\u011f\u0131n\u0131 ve [&hellip;]<\/p>\n","protected":false},"author":2,"featured_media":76,"comment_status":"open","ping_status":"open","sticky":false,"template":"","format":"standard","meta":{"footnotes":""},"categories":[11],"tags":[],"class_list":["post-75","post","type-post","status-publish","format-standard","has-post-thumbnail","hentry","category-turkiye"],"yoast_head":"<!-- This site is optimized with the Yoast SEO plugin v27.4 - https:\/\/yoast.com\/product\/yoast-seo-wordpress\/ -->\n<title>Parkta uyu\u015fturucu sat\u0131\u015f\u0131n\u0131 engellemeye \u00e7al\u0131\u015f\u0131rken \u00f6ld\u00fcr\u00fcld\u00fc - Avrupal\u0131 T\u00fcrklerin en Yeni Haber Portal\u0131<\/title>\n<meta name=\"robots\" content=\"index, follow, max-snippet:-1, max-image-preview:large, max-video-preview:-1\" \/>\n<link rel=\"canonical\" href=\"https:\/\/avrupatv.eu\/index.php\/2023\/10\/24\/parkta-uyusturucu-satisini-engellemeye-calisirken-olduruldu\/\" \/>\n<meta property=\"og:locale\" content=\"tr_TR\" \/>\n<meta property=\"og:type\" content=\"article\" \/>\n<meta property=\"og:title\" content=\"Parkta uyu\u015fturucu sat\u0131\u015f\u0131n\u0131 engellemeye \u00e7al\u0131\u015f\u0131rken \u00f6ld\u00fcr\u00fcld\u00fc - Avrupal\u0131 T\u00fcrklerin en Yeni Haber Portal\u0131\" \/>\n<meta property=\"og:description\" content=\"Olay, 23 Ekim g\u00fcn\u00fc saat 21.40 s\u0131ralar\u0131nda Kutlu Mahallesi&#8217;nde meydana geldi.&nbsp;Do\u011fukan K., E.G., ve M.Y.&nbsp;isimli arkada\u015flar birlikte alkol ald\u0131ktan sonra&nbsp;\u015eahin Park\u0131&#8217;na gidip otomobil i\u00e7erisinde zaman ge\u00e7irmeye ba\u015flad\u0131. Bu s\u0131rada&nbsp;park\u0131n kenar\u0131nda bir ara\u00e7 i\u00e7erinde bulunan 3 ki\u015finin, motosikletle gelen birine paket i\u00e7erisinde bir \u015fey verip, para ald\u0131\u011f\u0131n\u0131 g\u00f6r\u00fcnce gruptan E.G.,&nbsp;motosikletin yan\u0131na giderek ara\u00e7ta ne yapt\u0131\u011f\u0131n\u0131 ve [&hellip;]\" \/>\n<meta property=\"og:url\" content=\"https:\/\/avrupatv.eu\/index.php\/2023\/10\/24\/parkta-uyusturucu-satisini-engellemeye-calisirken-olduruldu\/\" \/>\n<meta property=\"og:site_name\" content=\"Avrupal\u0131 T\u00fcrklerin en Yeni Haber Portal\u0131\" \/>\n<meta property=\"article:published_time\" content=\"2023-10-24T21:42:38+00:00\" \/>\n<meta property=\"og:image\" content=\"https:\/\/avrupatv.eu\/wp-content\/uploads\/2023\/10\/65382d8350acca79982fc307.jpg\" \/>\n\t<meta property=\"og:image:width\" content=\"729\" \/>\n\t<meta property=\"og:image:height\" content=\"410\" \/>\n\t<meta property=\"og:image:type\" content=\"image\/jpeg\" \/>\n<meta name=\"author\" content=\"Onur Akpinar\" \/>\n<meta name=\"twitter:card\" content=\"summary_large_image\" \/>\n<meta name=\"twitter:label1\" content=\"Yazan:\" \/>\n\t<meta name=\"twitter:data1\" content=\"Onur Akpinar\" \/>\n\t<meta name=\"twitter:label2\" content=\"Tahmini okuma s\u00fcresi\" \/>\n\t<meta name=\"twitter:data2\" content=\"2 dakika\" \/>\n<script type=\"application\/ld+json\" class=\"yoast-schema-graph\">{\"@context\":\"https:\\\/\\\/schema.org\",\"@graph\":[{\"@type\":\"Article\",\"@id\":\"https:\\\/\\\/avrupatv.eu\\\/index.php\\\/2023\\\/10\\\/24\\\/parkta-uyusturucu-satisini-engellemeye-calisirken-olduruldu\\\/#article\",\"isPartOf\":{\"@id\":\"https:\\\/\\\/avrupatv.eu\\\/index.php\\\/2023\\\/10\\\/24\\\/parkta-uyusturucu-satisini-engellemeye-calisirken-olduruldu\\\/\"},\"author\":{\"name\":\"Onur Akpinar\",\"@id\":\"https:\\\/\\\/avrupatv.eu\\\/#\\\/schema\\\/person\\\/d56afa5d5569da4029d483da36c0c17d\"},\"headline\":\"Parkta uyu\u015fturucu sat\u0131\u015f\u0131n\u0131 engellemeye \u00e7al\u0131\u015f\u0131rken \u00f6ld\u00fcr\u00fcld\u00fc\",\"datePublished\":\"2023-10-24T21:42:38+00:00\",\"mainEntityOfPage\":{\"@id\":\"https:\\\/\\\/avrupatv.eu\\\/index.php\\\/2023\\\/10\\\/24\\\/parkta-uyusturucu-satisini-engellemeye-calisirken-olduruldu\\\/\"},\"wordCount\":426,\"commentCount\":0,\"publisher\":{\"@id\":\"https:\\\/\\\/avrupatv.eu\\\/#organization\"},\"image\":{\"@id\":\"https:\\\/\\\/avrupatv.eu\\\/index.php\\\/2023\\\/10\\\/24\\\/parkta-uyusturucu-satisini-engellemeye-calisirken-olduruldu\\\/#primaryimage\"},\"thumbnailUrl\":\"https:\\\/\\\/avrupatv.eu\\\/wp-content\\\/uploads\\\/2023\\\/10\\\/65382d8350acca79982fc307.jpg\",\"articleSection\":[\"T\u00fcrkiye\"],\"inLanguage\":\"tr\",\"potentialAction\":[{\"@type\":\"CommentAction\",\"name\":\"Comment\",\"target\":[\"https:\\\/\\\/avrupatv.eu\\\/index.php\\\/2023\\\/10\\\/24\\\/parkta-uyusturucu-satisini-engellemeye-calisirken-olduruldu\\\/#respond\"]}]},{\"@type\":\"WebPage\",\"@id\":\"https:\\\/\\\/avrupatv.eu\\\/index.php\\\/2023\\\/10\\\/24\\\/parkta-uyusturucu-satisini-engellemeye-calisirken-olduruldu\\\/\",\"url\":\"https:\\\/\\\/avrupatv.eu\\\/index.php\\\/2023\\\/10\\\/24\\\/parkta-uyusturucu-satisini-engellemeye-calisirken-olduruldu\\\/\",\"name\":\"Parkta uyu\u015fturucu sat\u0131\u015f\u0131n\u0131 engellemeye \u00e7al\u0131\u015f\u0131rken \u00f6ld\u00fcr\u00fcld\u00fc - Avrupal\u0131 T\u00fcrklerin en Yeni Haber Portal\u0131\",\"isPartOf\":{\"@id\":\"https:\\\/\\\/avrupatv.eu\\\/#website\"},\"primaryImageOfPage\":{\"@id\":\"https:\\\/\\\/avrupatv.eu\\\/index.php\\\/2023\\\/10\\\/24\\\/parkta-uyusturucu-satisini-engellemeye-calisirken-olduruldu\\\/#primaryimage\"},\"image\":{\"@id\":\"https:\\\/\\\/avrupatv.eu\\\/index.php\\\/2023\\\/10\\\/24\\\/parkta-uyusturucu-satisini-engellemeye-calisirken-olduruldu\\\/#primaryimage\"},\"thumbnailUrl\":\"https:\\\/\\\/avrupatv.eu\\\/wp-content\\\/uploads\\\/2023\\\/10\\\/65382d8350acca79982fc307.jpg\",\"datePublished\":\"2023-10-24T21:42:38+00:00\",\"breadcrumb\":{\"@id\":\"https:\\\/\\\/avrupatv.eu\\\/index.php\\\/2023\\\/10\\\/24\\\/parkta-uyusturucu-satisini-engellemeye-calisirken-olduruldu\\\/#breadcrumb\"},\"inLanguage\":\"tr\",\"potentialAction\":[{\"@type\":\"ReadAction\",\"target\":[\"https:\\\/\\\/avrupatv.eu\\\/index.php\\\/2023\\\/10\\\/24\\\/parkta-uyusturucu-satisini-engellemeye-calisirken-olduruldu\\\/\"]}]},{\"@type\":\"ImageObject\",\"inLanguage\":\"tr\",\"@id\":\"https:\\\/\\\/avrupatv.eu\\\/index.php\\\/2023\\\/10\\\/24\\\/parkta-uyusturucu-satisini-engellemeye-calisirken-olduruldu\\\/#primaryimage\",\"url\":\"https:\\\/\\\/avrupatv.eu\\\/wp-content\\\/uploads\\\/2023\\\/10\\\/65382d8350acca79982fc307.jpg\",\"contentUrl\":\"https:\\\/\\\/avrupatv.eu\\\/wp-content\\\/uploads\\\/2023\\\/10\\\/65382d8350acca79982fc307.jpg\",\"width\":729,\"height\":410},{\"@type\":\"BreadcrumbList\",\"@id\":\"https:\\\/\\\/avrupatv.eu\\\/index.php\\\/2023\\\/10\\\/24\\\/parkta-uyusturucu-satisini-engellemeye-calisirken-olduruldu\\\/#breadcrumb\",\"itemListElement\":[{\"@type\":\"ListItem\",\"position\":1,\"name\":\"Anasayfa\",\"item\":\"https:\\\/\\\/avrupatv.eu\\\/\"},{\"@type\":\"ListItem\",\"position\":2,\"name\":\"Parkta uyu\u015fturucu sat\u0131\u015f\u0131n\u0131 engellemeye \u00e7al\u0131\u015f\u0131rken \u00f6ld\u00fcr\u00fcld\u00fc\"}]},{\"@type\":\"WebSite\",\"@id\":\"https:\\\/\\\/avrupatv.eu\\\/#website\",\"url\":\"https:\\\/\\\/avrupatv.eu\\\/\",\"name\":\"Avrupal\u0131 T\u00fcrklerin en Yeni Haber Portal\u0131\",\"description\":\"\",\"publisher\":{\"@id\":\"https:\\\/\\\/avrupatv.eu\\\/#organization\"},\"alternateName\":\"Avrupa tv\",\"potentialAction\":[{\"@type\":\"SearchAction\",\"target\":{\"@type\":\"EntryPoint\",\"urlTemplate\":\"https:\\\/\\\/avrupatv.eu\\\/?s={search_term_string}\"},\"query-input\":{\"@type\":\"PropertyValueSpecification\",\"valueRequired\":true,\"valueName\":\"search_term_string\"}}],\"inLanguage\":\"tr\"},{\"@type\":\"Organization\",\"@id\":\"https:\\\/\\\/avrupatv.eu\\\/#organization\",\"name\":\"Avrupa Haber\",\"url\":\"https:\\\/\\\/avrupatv.eu\\\/\",\"logo\":{\"@type\":\"ImageObject\",\"inLanguage\":\"tr\",\"@id\":\"https:\\\/\\\/avrupatv.eu\\\/#\\\/schema\\\/logo\\\/image\\\/\",\"url\":\"https:\\\/\\\/avrupatv.eu\\\/wp-content\\\/uploads\\\/2023\\\/10\\\/cropped-thumbnail_logo.png\",\"contentUrl\":\"https:\\\/\\\/avrupatv.eu\\\/wp-content\\\/uploads\\\/2023\\\/10\\\/cropped-thumbnail_logo.png\",\"width\":1025,\"height\":302,\"caption\":\"Avrupa Haber\"},\"image\":{\"@id\":\"https:\\\/\\\/avrupatv.eu\\\/#\\\/schema\\\/logo\\\/image\\\/\"}},{\"@type\":\"Person\",\"@id\":\"https:\\\/\\\/avrupatv.eu\\\/#\\\/schema\\\/person\\\/d56afa5d5569da4029d483da36c0c17d\",\"name\":\"Onur Akpinar\",\"image\":{\"@type\":\"ImageObject\",\"inLanguage\":\"tr\",\"@id\":\"https:\\\/\\\/secure.gravatar.com\\\/avatar\\\/67a1a0bdf34f82da209334e4684b7e7171a58a5a2b0a8f836b61044f5c1f5d6a?s=96&d=mm&r=g\",\"url\":\"https:\\\/\\\/secure.gravatar.com\\\/avatar\\\/67a1a0bdf34f82da209334e4684b7e7171a58a5a2b0a8f836b61044f5c1f5d6a?s=96&d=mm&r=g\",\"contentUrl\":\"https:\\\/\\\/secure.gravatar.com\\\/avatar\\\/67a1a0bdf34f82da209334e4684b7e7171a58a5a2b0a8f836b61044f5c1f5d6a?s=96&d=mm&r=g\",\"caption\":\"Onur Akpinar\"},\"url\":\"https:\\\/\\\/avrupatv.eu\\\/index.php\\\/author\\\/onur-akpinar\\\/\"}]}<\/script>\n<!-- \/ Yoast SEO plugin. -->","yoast_head_json":{"title":"Parkta uyu\u015fturucu sat\u0131\u015f\u0131n\u0131 engellemeye \u00e7al\u0131\u015f\u0131rken \u00f6ld\u00fcr\u00fcld\u00fc - Avrupal\u0131 T\u00fcrklerin en Yeni Haber Portal\u0131","robots":{"index":"index","follow":"follow","max-snippet":"max-snippet:-1","max-image-preview":"max-image-preview:large","max-video-preview":"max-video-preview:-1"},"canonical":"https:\/\/avrupatv.eu\/index.php\/2023\/10\/24\/parkta-uyusturucu-satisini-engellemeye-calisirken-olduruldu\/","og_locale":"tr_TR","og_type":"article","og_title":"Parkta uyu\u015fturucu sat\u0131\u015f\u0131n\u0131 engellemeye \u00e7al\u0131\u015f\u0131rken \u00f6ld\u00fcr\u00fcld\u00fc - Avrupal\u0131 T\u00fcrklerin en Yeni Haber Portal\u0131","og_description":"Olay, 23 Ekim g\u00fcn\u00fc saat 21.40 s\u0131ralar\u0131nda Kutlu Mahallesi&#8217;nde meydana geldi.&nbsp;Do\u011fukan K., E.G., ve M.Y.&nbsp;isimli arkada\u015flar birlikte alkol ald\u0131ktan sonra&nbsp;\u015eahin Park\u0131&#8217;na gidip otomobil i\u00e7erisinde zaman ge\u00e7irmeye ba\u015flad\u0131. Bu s\u0131rada&nbsp;park\u0131n kenar\u0131nda bir ara\u00e7 i\u00e7erinde bulunan 3 ki\u015finin, motosikletle gelen birine paket i\u00e7erisinde bir \u015fey verip, para ald\u0131\u011f\u0131n\u0131 g\u00f6r\u00fcnce gruptan E.G.,&nbsp;motosikletin yan\u0131na giderek ara\u00e7ta ne yapt\u0131\u011f\u0131n\u0131 ve [&hellip;]","og_url":"https:\/\/avrupatv.eu\/index.php\/2023\/10\/24\/parkta-uyusturucu-satisini-engellemeye-calisirken-olduruldu\/","og_site_name":"Avrupal\u0131 T\u00fcrklerin en Yeni Haber Portal\u0131","article_published_time":"2023-10-24T21:42:38+00:00","og_image":[{"width":729,"height":410,"url":"https:\/\/avrupatv.eu\/wp-content\/uploads\/2023\/10\/65382d8350acca79982fc307.jpg","type":"image\/jpeg"}],"author":"Onur Akpinar","twitter_card":"summary_large_image","twitter_misc":{"Yazan:":"Onur Akpinar","Tahmini okuma s\u00fcresi":"2 dakika"},"schema":{"@context":"https:\/\/schema.org","@graph":[{"@type":"Article","@id":"https:\/\/avrupatv.eu\/index.php\/2023\/10\/24\/parkta-uyusturucu-satisini-engellemeye-calisirken-olduruldu\/#article","isPartOf":{"@id":"https:\/\/avrupatv.eu\/index.php\/2023\/10\/24\/parkta-uyusturucu-satisini-engellemeye-calisirken-olduruldu\/"},"author":{"name":"Onur Akpinar","@id":"https:\/\/avrupatv.eu\/#\/schema\/person\/d56afa5d5569da4029d483da36c0c17d"},"headline":"Parkta uyu\u015fturucu sat\u0131\u015f\u0131n\u0131 engellemeye \u00e7al\u0131\u015f\u0131rken \u00f6ld\u00fcr\u00fcld\u00fc","datePublished":"2023-10-24T21:42:38+00:00","mainEntityOfPage":{"@id":"https:\/\/avrupatv.eu\/index.php\/2023\/10\/24\/parkta-uyusturucu-satisini-engellemeye-calisirken-olduruldu\/"},"wordCount":426,"commentCount":0,"publisher":{"@id":"https:\/\/avrupatv.eu\/#organization"},"image":{"@id":"https:\/\/avrupatv.eu\/index.php\/2023\/10\/24\/parkta-uyusturucu-satisini-engellemeye-calisirken-olduruldu\/#primaryimage"},"thumbnailUrl":"https:\/\/avrupatv.eu\/wp-content\/uploads\/2023\/10\/65382d8350acca79982fc307.jpg","articleSection":["T\u00fcrkiye"],"inLanguage":"tr","potentialAction":[{"@type":"CommentAction","name":"Comment","target":["https:\/\/avrupatv.eu\/index.php\/2023\/10\/24\/parkta-uyusturucu-satisini-engellemeye-calisirken-olduruldu\/#respond"]}]},{"@type":"WebPage","@id":"https:\/\/avrupatv.eu\/index.php\/2023\/10\/24\/parkta-uyusturucu-satisini-engellemeye-calisirken-olduruldu\/","url":"https:\/\/avrupatv.eu\/index.php\/2023\/10\/24\/parkta-uyusturucu-satisini-engellemeye-calisirken-olduruldu\/","name":"Parkta uyu\u015fturucu sat\u0131\u015f\u0131n\u0131 engellemeye \u00e7al\u0131\u015f\u0131rken \u00f6ld\u00fcr\u00fcld\u00fc - Avrupal\u0131 T\u00fcrklerin en Yeni Haber Portal\u0131","isPartOf":{"@id":"https:\/\/avrupatv.eu\/#website"},"primaryImageOfPage":{"@id":"https:\/\/avrupatv.eu\/index.php\/2023\/10\/24\/parkta-uyusturucu-satisini-engellemeye-calisirken-olduruldu\/#primaryimage"},"image":{"@id":"https:\/\/avrupatv.eu\/index.php\/2023\/10\/24\/parkta-uyusturucu-satisini-engellemeye-calisirken-olduruldu\/#primaryimage"},"thumbnailUrl":"https:\/\/avrupatv.eu\/wp-content\/uploads\/2023\/10\/65382d8350acca79982fc307.jpg","datePublished":"2023-10-24T21:42:38+00:00","breadcrumb":{"@id":"https:\/\/avrupatv.eu\/index.php\/2023\/10\/24\/parkta-uyusturucu-satisini-engellemeye-calisirken-olduruldu\/#breadcrumb"},"inLanguage":"tr","potentialAction":[{"@type":"ReadAction","target":["https:\/\/avrupatv.eu\/index.php\/2023\/10\/24\/parkta-uyusturucu-satisini-engellemeye-calisirken-olduruldu\/"]}]},{"@type":"ImageObject","inLanguage":"tr","@id":"https:\/\/avrupatv.eu\/index.php\/2023\/10\/24\/parkta-uyusturucu-satisini-engellemeye-calisirken-olduruldu\/#primaryimage","url":"https:\/\/avrupatv.eu\/wp-content\/uploads\/2023\/10\/65382d8350acca79982fc307.jpg","contentUrl":"https:\/\/avrupatv.eu\/wp-content\/uploads\/2023\/10\/65382d8350acca79982fc307.jpg","width":729,"height":410},{"@type":"BreadcrumbList","@id":"https:\/\/avrupatv.eu\/index.php\/2023\/10\/24\/parkta-uyusturucu-satisini-engellemeye-calisirken-olduruldu\/#breadcrumb","itemListElement":[{"@type":"ListItem","position":1,"name":"Anasayfa","item":"https:\/\/avrupatv.eu\/"},{"@type":"ListItem","position":2,"name":"Parkta uyu\u015fturucu sat\u0131\u015f\u0131n\u0131 engellemeye \u00e7al\u0131\u015f\u0131rken \u00f6ld\u00fcr\u00fcld\u00fc"}]},{"@type":"WebSite","@id":"https:\/\/avrupatv.eu\/#website","url":"https:\/\/avrupatv.eu\/","name":"Avrupal\u0131 T\u00fcrklerin en Yeni Haber Portal\u0131","description":"","publisher":{"@id":"https:\/\/avrupatv.eu\/#organization"},"alternateName":"Avrupa tv","potentialAction":[{"@type":"SearchAction","target":{"@type":"EntryPoint","urlTemplate":"https:\/\/avrupatv.eu\/?s={search_term_string}"},"query-input":{"@type":"PropertyValueSpecification","valueRequired":true,"valueName":"search_term_string"}}],"inLanguage":"tr"},{"@type":"Organization","@id":"https:\/\/avrupatv.eu\/#organization","name":"Avrupa Haber","url":"https:\/\/avrupatv.eu\/","logo":{"@type":"ImageObject","inLanguage":"tr","@id":"https:\/\/avrupatv.eu\/#\/schema\/logo\/image\/","url":"https:\/\/avrupatv.eu\/wp-content\/uploads\/2023\/10\/cropped-thumbnail_logo.png","contentUrl":"https:\/\/avrupatv.eu\/wp-content\/uploads\/2023\/10\/cropped-thumbnail_logo.png","width":1025,"height":302,"caption":"Avrupa Haber"},"image":{"@id":"https:\/\/avrupatv.eu\/#\/schema\/logo\/image\/"}},{"@type":"Person","@id":"https:\/\/avrupatv.eu\/#\/schema\/person\/d56afa5d5569da4029d483da36c0c17d","name":"Onur Akpinar","image":{"@type":"ImageObject","inLanguage":"tr","@id":"https:\/\/secure.gravatar.com\/avatar\/67a1a0bdf34f82da209334e4684b7e7171a58a5a2b0a8f836b61044f5c1f5d6a?s=96&d=mm&r=g","url":"https:\/\/secure.gravatar.com\/avatar\/67a1a0bdf34f82da209334e4684b7e7171a58a5a2b0a8f836b61044f5c1f5d6a?s=96&d=mm&r=g","contentUrl":"https:\/\/secure.gravatar.com\/avatar\/67a1a0bdf34f82da209334e4684b7e7171a58a5a2b0a8f836b61044f5c1f5d6a?s=96&d=mm&r=g","caption":"Onur Akpinar"},"url":"https:\/\/avrupatv.eu\/index.php\/author\/onur-akpinar\/"}]}},"_links":{"self":[{"href":"https:\/\/avrupatv.eu\/index.php\/wp-json\/wp\/v2\/posts\/75","targetHints":{"allow":["GET"]}}],"collection":[{"href":"https:\/\/avrupatv.eu\/index.php\/wp-json\/wp\/v2\/posts"}],"about":[{"href":"https:\/\/avrupatv.eu\/index.php\/wp-json\/wp\/v2\/types\/post"}],"author":[{"embeddable":true,"href":"https:\/\/avrupatv.eu\/index.php\/wp-json\/wp\/v2\/users\/2"}],"replies":[{"embeddable":true,"href":"https:\/\/avrupatv.eu\/index.php\/wp-json\/wp\/v2\/comments?post=75"}],"version-history":[{"count":0,"href":"https:\/\/avrupatv.eu\/index.php\/wp-json\/wp\/v2\/posts\/75\/revisions"}],"wp:featuredmedia":[{"embeddable":true,"href":"https:\/\/avrupatv.eu\/index.php\/wp-json\/wp\/v2\/media\/76"}],"wp:attachment":[{"href":"https:\/\/avrupatv.eu\/index.php\/wp-json\/wp\/v2\/media?parent=75"}],"wp:term":[{"taxonomy":"category","embeddable":true,"href":"https:\/\/avrupatv.eu\/index.php\/wp-json\/wp\/v2\/categories?post=75"},{"taxonomy":"post_tag","embeddable":true,"href":"https:\/\/avrupatv.eu\/index.php\/wp-json\/wp\/v2\/tags?post=75"}],"curies":[{"name":"wp","href":"https:\/\/api.w.org\/{rel}","templated":true}]}}