{"id":694,"date":"2024-11-21T15:18:22","date_gmt":"2024-11-21T15:18:22","guid":{"rendered":"https:\/\/avrupatv.eu\/?p=694"},"modified":"2024-11-21T15:18:23","modified_gmt":"2024-11-21T15:18:23","slug":"bayraktar-tb3-kisa-pistli-gemilerden-kalkis-ve-inis-yapan-ilk-siha-oldu","status":"publish","type":"post","link":"https:\/\/avrupatv.eu\/index.php\/2024\/11\/21\/bayraktar-tb3-kisa-pistli-gemilerden-kalkis-ve-inis-yapan-ilk-siha-oldu\/","title":{"rendered":"Bayraktar TB3, K\u0131sa Pistli Gemilerden Kalk\u0131\u015f ve \u0130ni\u015f Yapan \u0130lk S\u0130HA Oldu"},"content":{"rendered":"\n<p>Baykar Y\u00f6netim Kurulu Ba\u015fkan\u0131 <strong>Sel\u00e7uk Bayraktar<\/strong>, Bayraktar TB3 silahl\u0131 insans\u0131z hava arac\u0131n\u0131n tarihi u\u00e7u\u015funu sosyal medya hesab\u0131ndan payla\u015ft\u0131. Bayraktar TB3, k\u0131sa pistli gemilerden kalk\u0131\u015f ve ini\u015f yapabilen d\u00fcnyadaki ilk silahl\u0131 insans\u0131z hava arac\u0131 (S\u0130HA) olarak havac\u0131l\u0131k tarihinde bir ilke imza att\u0131. TCG Anadolu gemisinden yap\u0131lan bu tarihi u\u00e7u\u015f, Baykar\u2019\u0131n savunma sanayisindeki g\u00fcc\u00fcn\u00fc bir kez daha g\u00f6zler \u00f6n\u00fcne serdi.<\/p>\n\n\n\n<p>Bayraktar TB3\u2019\u00fcn ba\u015far\u0131l\u0131 u\u00e7u\u015fu, yaln\u0131zca T\u00fcrk savunma sanayi i\u00e7in de\u011fil, d\u00fcnya genelindeki askeri hava ara\u00e7lar\u0131 i\u00e7in de \u00f6nemli bir ad\u0131m oldu. Bayraktar TB3, k\u0131sa pistli gemilerde kullan\u0131labilen ilk S\u0130HA olma \u00f6zelli\u011fiyle, denizcilik ve havac\u0131l\u0131kta yeni bir d\u00f6nemi ba\u015flatm\u0131\u015f oldu. Bu ba\u015far\u0131, ayn\u0131 zamanda T\u00fcrkiye&#8217;nin insans\u0131z hava arac\u0131 teknolojisindeki ileri d\u00fczeydeki yetkinli\u011fini bir kez daha ortaya koydu.<\/p>\n\n\n\n<p><strong>Sel\u00e7uk Bayraktar<\/strong> sosyal medya \u00fczerinden yapt\u0131\u011f\u0131 payla\u015f\u0131mda, tarihi u\u00e7u\u015fu co\u015fku ve gurur i\u00e7inde duyurdu. Bayraktar, TCG Anadolu gemisindeki Baykar personeli ve m\u00fcrettebata te\u015fekk\u00fcrlerini ileterek, &#8220;Bayraktar TB3 vatan\u0131m\u0131za milletimize hay\u0131rl\u0131 u\u011furlu olsun. Harika bir kalk\u0131\u015f oldu, harika bir ini\u015f oldu. Gemi komutan\u0131m\u0131za, oradaki m\u00fcrettebata da \u015f\u00fckranlar\u0131m\u0131z\u0131 iletiyorum. \u0130n\u015fallah bundan sonra da ayn\u0131 \u015fekilde artan bir ivmeyle u\u00e7u\u015flar\u0131m\u0131z devam edecek. Eme\u011finize, y\u00fcre\u011finize sa\u011fl\u0131k&#8221; ifadelerini kulland\u0131.<\/p>\n\n\n\n<p>Bu tarihi an, Baykar&#8217;\u0131n savunma sanayisindeki \u00f6nemli ba\u015far\u0131s\u0131n\u0131n yan\u0131 s\u0131ra, <strong>Sel\u00e7uk Bayraktar<\/strong>&#8216;\u0131n liderli\u011finde T\u00fcrkiye&#8217;nin milli teknolojilerini savunma alan\u0131nda nas\u0131l en ileri seviyeye ta\u015f\u0131d\u0131\u011f\u0131na dair de g\u00fc\u00e7l\u00fc bir \u00f6rnek te\u015fkil ediyor. Bayraktar TB3&#8217;\u00fcn ba\u015far\u0131s\u0131, sadece T\u00fcrk m\u00fchendisli\u011finin g\u00fcc\u00fcn\u00fc simgelemekle kalmay\u0131p, T\u00fcrkiye&#8217;nin savunma sanayinde global anlamda ne kadar g\u00fc\u00e7l\u00fc bir oyuncu haline geldi\u011fini de g\u00f6zler \u00f6n\u00fcne seriyor.<\/p>\n","protected":false},"excerpt":{"rendered":"<p>Baykar Y\u00f6netim Kurulu Ba\u015fkan\u0131 Sel\u00e7uk Bayraktar, Bayraktar TB3 silahl\u0131 insans\u0131z hava arac\u0131n\u0131n tarihi u\u00e7u\u015funu sosyal medya hesab\u0131ndan payla\u015ft\u0131. Bayraktar TB3, k\u0131sa pistli gemilerden kalk\u0131\u015f ve ini\u015f yapabilen d\u00fcnyadaki ilk silahl\u0131 insans\u0131z hava arac\u0131 (S\u0130HA) olarak havac\u0131l\u0131k tarihinde bir ilke imza att\u0131. TCG Anadolu gemisinden yap\u0131lan bu tarihi u\u00e7u\u015f, Baykar\u2019\u0131n savunma sanayisindeki g\u00fcc\u00fcn\u00fc bir kez daha [&hellip;]<\/p>\n","protected":false},"author":2,"featured_media":695,"comment_status":"open","ping_status":"open","sticky":false,"template":"","format":"standard","meta":{"footnotes":""},"categories":[8,11],"tags":[],"class_list":["post-694","post","type-post","status-publish","format-standard","has-post-thumbnail","hentry","category-gundem","category-turkiye"],"yoast_head":"<!-- This site is optimized with the Yoast SEO plugin v27.4 - https:\/\/yoast.com\/product\/yoast-seo-wordpress\/ -->\n<title>Bayraktar TB3, K\u0131sa Pistli Gemilerden Kalk\u0131\u015f ve \u0130ni\u015f Yapan \u0130lk S\u0130HA Oldu - Avrupal\u0131 T\u00fcrklerin en Yeni Haber Portal\u0131<\/title>\n<meta name=\"robots\" content=\"index, follow, max-snippet:-1, max-image-preview:large, max-video-preview:-1\" \/>\n<link rel=\"canonical\" href=\"https:\/\/avrupatv.eu\/index.php\/2024\/11\/21\/bayraktar-tb3-kisa-pistli-gemilerden-kalkis-ve-inis-yapan-ilk-siha-oldu\/\" \/>\n<meta property=\"og:locale\" content=\"tr_TR\" \/>\n<meta property=\"og:type\" content=\"article\" \/>\n<meta property=\"og:title\" content=\"Bayraktar TB3, K\u0131sa Pistli Gemilerden Kalk\u0131\u015f ve \u0130ni\u015f Yapan \u0130lk S\u0130HA Oldu - Avrupal\u0131 T\u00fcrklerin en Yeni Haber Portal\u0131\" \/>\n<meta property=\"og:description\" content=\"Baykar Y\u00f6netim Kurulu Ba\u015fkan\u0131 Sel\u00e7uk Bayraktar, Bayraktar TB3 silahl\u0131 insans\u0131z hava arac\u0131n\u0131n tarihi u\u00e7u\u015funu sosyal medya hesab\u0131ndan payla\u015ft\u0131. Bayraktar TB3, k\u0131sa pistli gemilerden kalk\u0131\u015f ve ini\u015f yapabilen d\u00fcnyadaki ilk silahl\u0131 insans\u0131z hava arac\u0131 (S\u0130HA) olarak havac\u0131l\u0131k tarihinde bir ilke imza att\u0131. TCG Anadolu gemisinden yap\u0131lan bu tarihi u\u00e7u\u015f, Baykar\u2019\u0131n savunma sanayisindeki g\u00fcc\u00fcn\u00fc bir kez daha [&hellip;]\" \/>\n<meta property=\"og:url\" content=\"https:\/\/avrupatv.eu\/index.php\/2024\/11\/21\/bayraktar-tb3-kisa-pistli-gemilerden-kalkis-ve-inis-yapan-ilk-siha-oldu\/\" \/>\n<meta property=\"og:site_name\" content=\"Avrupal\u0131 T\u00fcrklerin en Yeni Haber Portal\u0131\" \/>\n<meta property=\"article:published_time\" content=\"2024-11-21T15:18:22+00:00\" \/>\n<meta property=\"article:modified_time\" content=\"2024-11-21T15:18:23+00:00\" \/>\n<meta property=\"og:image\" content=\"https:\/\/avrupatv.eu\/wp-content\/uploads\/2024\/11\/selcuk-bayraktar-aa-2294438.jpg\" \/>\n\t<meta property=\"og:image:width\" content=\"1280\" \/>\n\t<meta property=\"og:image:height\" content=\"720\" \/>\n\t<meta property=\"og:image:type\" content=\"image\/jpeg\" \/>\n<meta name=\"author\" content=\"Onur Akpinar\" \/>\n<meta name=\"twitter:card\" content=\"summary_large_image\" \/>\n<meta name=\"twitter:label1\" content=\"Yazan:\" \/>\n\t<meta name=\"twitter:data1\" content=\"Onur Akpinar\" \/>\n\t<meta name=\"twitter:label2\" content=\"Tahmini okuma s\u00fcresi\" \/>\n\t<meta name=\"twitter:data2\" content=\"2 dakika\" \/>\n<script type=\"application\/ld+json\" class=\"yoast-schema-graph\">{\"@context\":\"https:\\\/\\\/schema.org\",\"@graph\":[{\"@type\":\"Article\",\"@id\":\"https:\\\/\\\/avrupatv.eu\\\/index.php\\\/2024\\\/11\\\/21\\\/bayraktar-tb3-kisa-pistli-gemilerden-kalkis-ve-inis-yapan-ilk-siha-oldu\\\/#article\",\"isPartOf\":{\"@id\":\"https:\\\/\\\/avrupatv.eu\\\/index.php\\\/2024\\\/11\\\/21\\\/bayraktar-tb3-kisa-pistli-gemilerden-kalkis-ve-inis-yapan-ilk-siha-oldu\\\/\"},\"author\":{\"name\":\"Onur Akpinar\",\"@id\":\"https:\\\/\\\/avrupatv.eu\\\/#\\\/schema\\\/person\\\/d56afa5d5569da4029d483da36c0c17d\"},\"headline\":\"Bayraktar TB3, K\u0131sa Pistli Gemilerden Kalk\u0131\u015f ve \u0130ni\u015f Yapan \u0130lk S\u0130HA Oldu\",\"datePublished\":\"2024-11-21T15:18:22+00:00\",\"dateModified\":\"2024-11-21T15:18:23+00:00\",\"mainEntityOfPage\":{\"@id\":\"https:\\\/\\\/avrupatv.eu\\\/index.php\\\/2024\\\/11\\\/21\\\/bayraktar-tb3-kisa-pistli-gemilerden-kalkis-ve-inis-yapan-ilk-siha-oldu\\\/\"},\"wordCount\":356,\"commentCount\":0,\"publisher\":{\"@id\":\"https:\\\/\\\/avrupatv.eu\\\/#organization\"},\"image\":{\"@id\":\"https:\\\/\\\/avrupatv.eu\\\/index.php\\\/2024\\\/11\\\/21\\\/bayraktar-tb3-kisa-pistli-gemilerden-kalkis-ve-inis-yapan-ilk-siha-oldu\\\/#primaryimage\"},\"thumbnailUrl\":\"https:\\\/\\\/avrupatv.eu\\\/wp-content\\\/uploads\\\/2024\\\/11\\\/selcuk-bayraktar-aa-2294438.jpg\",\"articleSection\":[\"G\u00fcndem\",\"T\u00fcrkiye\"],\"inLanguage\":\"tr\",\"potentialAction\":[{\"@type\":\"CommentAction\",\"name\":\"Comment\",\"target\":[\"https:\\\/\\\/avrupatv.eu\\\/index.php\\\/2024\\\/11\\\/21\\\/bayraktar-tb3-kisa-pistli-gemilerden-kalkis-ve-inis-yapan-ilk-siha-oldu\\\/#respond\"]}]},{\"@type\":\"WebPage\",\"@id\":\"https:\\\/\\\/avrupatv.eu\\\/index.php\\\/2024\\\/11\\\/21\\\/bayraktar-tb3-kisa-pistli-gemilerden-kalkis-ve-inis-yapan-ilk-siha-oldu\\\/\",\"url\":\"https:\\\/\\\/avrupatv.eu\\\/index.php\\\/2024\\\/11\\\/21\\\/bayraktar-tb3-kisa-pistli-gemilerden-kalkis-ve-inis-yapan-ilk-siha-oldu\\\/\",\"name\":\"Bayraktar TB3, K\u0131sa Pistli Gemilerden Kalk\u0131\u015f ve \u0130ni\u015f Yapan \u0130lk S\u0130HA Oldu - Avrupal\u0131 T\u00fcrklerin en Yeni Haber Portal\u0131\",\"isPartOf\":{\"@id\":\"https:\\\/\\\/avrupatv.eu\\\/#website\"},\"primaryImageOfPage\":{\"@id\":\"https:\\\/\\\/avrupatv.eu\\\/index.php\\\/2024\\\/11\\\/21\\\/bayraktar-tb3-kisa-pistli-gemilerden-kalkis-ve-inis-yapan-ilk-siha-oldu\\\/#primaryimage\"},\"image\":{\"@id\":\"https:\\\/\\\/avrupatv.eu\\\/index.php\\\/2024\\\/11\\\/21\\\/bayraktar-tb3-kisa-pistli-gemilerden-kalkis-ve-inis-yapan-ilk-siha-oldu\\\/#primaryimage\"},\"thumbnailUrl\":\"https:\\\/\\\/avrupatv.eu\\\/wp-content\\\/uploads\\\/2024\\\/11\\\/selcuk-bayraktar-aa-2294438.jpg\",\"datePublished\":\"2024-11-21T15:18:22+00:00\",\"dateModified\":\"2024-11-21T15:18:23+00:00\",\"breadcrumb\":{\"@id\":\"https:\\\/\\\/avrupatv.eu\\\/index.php\\\/2024\\\/11\\\/21\\\/bayraktar-tb3-kisa-pistli-gemilerden-kalkis-ve-inis-yapan-ilk-siha-oldu\\\/#breadcrumb\"},\"inLanguage\":\"tr\",\"potentialAction\":[{\"@type\":\"ReadAction\",\"target\":[\"https:\\\/\\\/avrupatv.eu\\\/index.php\\\/2024\\\/11\\\/21\\\/bayraktar-tb3-kisa-pistli-gemilerden-kalkis-ve-inis-yapan-ilk-siha-oldu\\\/\"]}]},{\"@type\":\"ImageObject\",\"inLanguage\":\"tr\",\"@id\":\"https:\\\/\\\/avrupatv.eu\\\/index.php\\\/2024\\\/11\\\/21\\\/bayraktar-tb3-kisa-pistli-gemilerden-kalkis-ve-inis-yapan-ilk-siha-oldu\\\/#primaryimage\",\"url\":\"https:\\\/\\\/avrupatv.eu\\\/wp-content\\\/uploads\\\/2024\\\/11\\\/selcuk-bayraktar-aa-2294438.jpg\",\"contentUrl\":\"https:\\\/\\\/avrupatv.eu\\\/wp-content\\\/uploads\\\/2024\\\/11\\\/selcuk-bayraktar-aa-2294438.jpg\",\"width\":1280,\"height\":720},{\"@type\":\"BreadcrumbList\",\"@id\":\"https:\\\/\\\/avrupatv.eu\\\/index.php\\\/2024\\\/11\\\/21\\\/bayraktar-tb3-kisa-pistli-gemilerden-kalkis-ve-inis-yapan-ilk-siha-oldu\\\/#breadcrumb\",\"itemListElement\":[{\"@type\":\"ListItem\",\"position\":1,\"name\":\"Anasayfa\",\"item\":\"https:\\\/\\\/avrupatv.eu\\\/\"},{\"@type\":\"ListItem\",\"position\":2,\"name\":\"Bayraktar TB3, K\u0131sa Pistli Gemilerden Kalk\u0131\u015f ve \u0130ni\u015f Yapan \u0130lk S\u0130HA Oldu\"}]},{\"@type\":\"WebSite\",\"@id\":\"https:\\\/\\\/avrupatv.eu\\\/#website\",\"url\":\"https:\\\/\\\/avrupatv.eu\\\/\",\"name\":\"Avrupal\u0131 T\u00fcrklerin en Yeni Haber Portal\u0131\",\"description\":\"\",\"publisher\":{\"@id\":\"https:\\\/\\\/avrupatv.eu\\\/#organization\"},\"alternateName\":\"Avrupa tv\",\"potentialAction\":[{\"@type\":\"SearchAction\",\"target\":{\"@type\":\"EntryPoint\",\"urlTemplate\":\"https:\\\/\\\/avrupatv.eu\\\/?s={search_term_string}\"},\"query-input\":{\"@type\":\"PropertyValueSpecification\",\"valueRequired\":true,\"valueName\":\"search_term_string\"}}],\"inLanguage\":\"tr\"},{\"@type\":\"Organization\",\"@id\":\"https:\\\/\\\/avrupatv.eu\\\/#organization\",\"name\":\"Avrupa Haber\",\"url\":\"https:\\\/\\\/avrupatv.eu\\\/\",\"logo\":{\"@type\":\"ImageObject\",\"inLanguage\":\"tr\",\"@id\":\"https:\\\/\\\/avrupatv.eu\\\/#\\\/schema\\\/logo\\\/image\\\/\",\"url\":\"https:\\\/\\\/avrupatv.eu\\\/wp-content\\\/uploads\\\/2023\\\/10\\\/cropped-thumbnail_logo.png\",\"contentUrl\":\"https:\\\/\\\/avrupatv.eu\\\/wp-content\\\/uploads\\\/2023\\\/10\\\/cropped-thumbnail_logo.png\",\"width\":1025,\"height\":302,\"caption\":\"Avrupa Haber\"},\"image\":{\"@id\":\"https:\\\/\\\/avrupatv.eu\\\/#\\\/schema\\\/logo\\\/image\\\/\"}},{\"@type\":\"Person\",\"@id\":\"https:\\\/\\\/avrupatv.eu\\\/#\\\/schema\\\/person\\\/d56afa5d5569da4029d483da36c0c17d\",\"name\":\"Onur Akpinar\",\"image\":{\"@type\":\"ImageObject\",\"inLanguage\":\"tr\",\"@id\":\"https:\\\/\\\/secure.gravatar.com\\\/avatar\\\/67a1a0bdf34f82da209334e4684b7e7171a58a5a2b0a8f836b61044f5c1f5d6a?s=96&d=mm&r=g\",\"url\":\"https:\\\/\\\/secure.gravatar.com\\\/avatar\\\/67a1a0bdf34f82da209334e4684b7e7171a58a5a2b0a8f836b61044f5c1f5d6a?s=96&d=mm&r=g\",\"contentUrl\":\"https:\\\/\\\/secure.gravatar.com\\\/avatar\\\/67a1a0bdf34f82da209334e4684b7e7171a58a5a2b0a8f836b61044f5c1f5d6a?s=96&d=mm&r=g\",\"caption\":\"Onur Akpinar\"},\"url\":\"https:\\\/\\\/avrupatv.eu\\\/index.php\\\/author\\\/onur-akpinar\\\/\"}]}<\/script>\n<!-- \/ Yoast SEO plugin. -->","yoast_head_json":{"title":"Bayraktar TB3, K\u0131sa Pistli Gemilerden Kalk\u0131\u015f ve \u0130ni\u015f Yapan \u0130lk S\u0130HA Oldu - Avrupal\u0131 T\u00fcrklerin en Yeni Haber Portal\u0131","robots":{"index":"index","follow":"follow","max-snippet":"max-snippet:-1","max-image-preview":"max-image-preview:large","max-video-preview":"max-video-preview:-1"},"canonical":"https:\/\/avrupatv.eu\/index.php\/2024\/11\/21\/bayraktar-tb3-kisa-pistli-gemilerden-kalkis-ve-inis-yapan-ilk-siha-oldu\/","og_locale":"tr_TR","og_type":"article","og_title":"Bayraktar TB3, K\u0131sa Pistli Gemilerden Kalk\u0131\u015f ve \u0130ni\u015f Yapan \u0130lk S\u0130HA Oldu - Avrupal\u0131 T\u00fcrklerin en Yeni Haber Portal\u0131","og_description":"Baykar Y\u00f6netim Kurulu Ba\u015fkan\u0131 Sel\u00e7uk Bayraktar, Bayraktar TB3 silahl\u0131 insans\u0131z hava arac\u0131n\u0131n tarihi u\u00e7u\u015funu sosyal medya hesab\u0131ndan payla\u015ft\u0131. Bayraktar TB3, k\u0131sa pistli gemilerden kalk\u0131\u015f ve ini\u015f yapabilen d\u00fcnyadaki ilk silahl\u0131 insans\u0131z hava arac\u0131 (S\u0130HA) olarak havac\u0131l\u0131k tarihinde bir ilke imza att\u0131. TCG Anadolu gemisinden yap\u0131lan bu tarihi u\u00e7u\u015f, Baykar\u2019\u0131n savunma sanayisindeki g\u00fcc\u00fcn\u00fc bir kez daha [&hellip;]","og_url":"https:\/\/avrupatv.eu\/index.php\/2024\/11\/21\/bayraktar-tb3-kisa-pistli-gemilerden-kalkis-ve-inis-yapan-ilk-siha-oldu\/","og_site_name":"Avrupal\u0131 T\u00fcrklerin en Yeni Haber Portal\u0131","article_published_time":"2024-11-21T15:18:22+00:00","article_modified_time":"2024-11-21T15:18:23+00:00","og_image":[{"width":1280,"height":720,"url":"https:\/\/avrupatv.eu\/wp-content\/uploads\/2024\/11\/selcuk-bayraktar-aa-2294438.jpg","type":"image\/jpeg"}],"author":"Onur Akpinar","twitter_card":"summary_large_image","twitter_misc":{"Yazan:":"Onur Akpinar","Tahmini okuma s\u00fcresi":"2 dakika"},"schema":{"@context":"https:\/\/schema.org","@graph":[{"@type":"Article","@id":"https:\/\/avrupatv.eu\/index.php\/2024\/11\/21\/bayraktar-tb3-kisa-pistli-gemilerden-kalkis-ve-inis-yapan-ilk-siha-oldu\/#article","isPartOf":{"@id":"https:\/\/avrupatv.eu\/index.php\/2024\/11\/21\/bayraktar-tb3-kisa-pistli-gemilerden-kalkis-ve-inis-yapan-ilk-siha-oldu\/"},"author":{"name":"Onur Akpinar","@id":"https:\/\/avrupatv.eu\/#\/schema\/person\/d56afa5d5569da4029d483da36c0c17d"},"headline":"Bayraktar TB3, K\u0131sa Pistli Gemilerden Kalk\u0131\u015f ve \u0130ni\u015f Yapan \u0130lk S\u0130HA Oldu","datePublished":"2024-11-21T15:18:22+00:00","dateModified":"2024-11-21T15:18:23+00:00","mainEntityOfPage":{"@id":"https:\/\/avrupatv.eu\/index.php\/2024\/11\/21\/bayraktar-tb3-kisa-pistli-gemilerden-kalkis-ve-inis-yapan-ilk-siha-oldu\/"},"wordCount":356,"commentCount":0,"publisher":{"@id":"https:\/\/avrupatv.eu\/#organization"},"image":{"@id":"https:\/\/avrupatv.eu\/index.php\/2024\/11\/21\/bayraktar-tb3-kisa-pistli-gemilerden-kalkis-ve-inis-yapan-ilk-siha-oldu\/#primaryimage"},"thumbnailUrl":"https:\/\/avrupatv.eu\/wp-content\/uploads\/2024\/11\/selcuk-bayraktar-aa-2294438.jpg","articleSection":["G\u00fcndem","T\u00fcrkiye"],"inLanguage":"tr","potentialAction":[{"@type":"CommentAction","name":"Comment","target":["https:\/\/avrupatv.eu\/index.php\/2024\/11\/21\/bayraktar-tb3-kisa-pistli-gemilerden-kalkis-ve-inis-yapan-ilk-siha-oldu\/#respond"]}]},{"@type":"WebPage","@id":"https:\/\/avrupatv.eu\/index.php\/2024\/11\/21\/bayraktar-tb3-kisa-pistli-gemilerden-kalkis-ve-inis-yapan-ilk-siha-oldu\/","url":"https:\/\/avrupatv.eu\/index.php\/2024\/11\/21\/bayraktar-tb3-kisa-pistli-gemilerden-kalkis-ve-inis-yapan-ilk-siha-oldu\/","name":"Bayraktar TB3, K\u0131sa Pistli Gemilerden Kalk\u0131\u015f ve \u0130ni\u015f Yapan \u0130lk S\u0130HA Oldu - Avrupal\u0131 T\u00fcrklerin en Yeni Haber Portal\u0131","isPartOf":{"@id":"https:\/\/avrupatv.eu\/#website"},"primaryImageOfPage":{"@id":"https:\/\/avrupatv.eu\/index.php\/2024\/11\/21\/bayraktar-tb3-kisa-pistli-gemilerden-kalkis-ve-inis-yapan-ilk-siha-oldu\/#primaryimage"},"image":{"@id":"https:\/\/avrupatv.eu\/index.php\/2024\/11\/21\/bayraktar-tb3-kisa-pistli-gemilerden-kalkis-ve-inis-yapan-ilk-siha-oldu\/#primaryimage"},"thumbnailUrl":"https:\/\/avrupatv.eu\/wp-content\/uploads\/2024\/11\/selcuk-bayraktar-aa-2294438.jpg","datePublished":"2024-11-21T15:18:22+00:00","dateModified":"2024-11-21T15:18:23+00:00","breadcrumb":{"@id":"https:\/\/avrupatv.eu\/index.php\/2024\/11\/21\/bayraktar-tb3-kisa-pistli-gemilerden-kalkis-ve-inis-yapan-ilk-siha-oldu\/#breadcrumb"},"inLanguage":"tr","potentialAction":[{"@type":"ReadAction","target":["https:\/\/avrupatv.eu\/index.php\/2024\/11\/21\/bayraktar-tb3-kisa-pistli-gemilerden-kalkis-ve-inis-yapan-ilk-siha-oldu\/"]}]},{"@type":"ImageObject","inLanguage":"tr","@id":"https:\/\/avrupatv.eu\/index.php\/2024\/11\/21\/bayraktar-tb3-kisa-pistli-gemilerden-kalkis-ve-inis-yapan-ilk-siha-oldu\/#primaryimage","url":"https:\/\/avrupatv.eu\/wp-content\/uploads\/2024\/11\/selcuk-bayraktar-aa-2294438.jpg","contentUrl":"https:\/\/avrupatv.eu\/wp-content\/uploads\/2024\/11\/selcuk-bayraktar-aa-2294438.jpg","width":1280,"height":720},{"@type":"BreadcrumbList","@id":"https:\/\/avrupatv.eu\/index.php\/2024\/11\/21\/bayraktar-tb3-kisa-pistli-gemilerden-kalkis-ve-inis-yapan-ilk-siha-oldu\/#breadcrumb","itemListElement":[{"@type":"ListItem","position":1,"name":"Anasayfa","item":"https:\/\/avrupatv.eu\/"},{"@type":"ListItem","position":2,"name":"Bayraktar TB3, K\u0131sa Pistli Gemilerden Kalk\u0131\u015f ve \u0130ni\u015f Yapan \u0130lk S\u0130HA Oldu"}]},{"@type":"WebSite","@id":"https:\/\/avrupatv.eu\/#website","url":"https:\/\/avrupatv.eu\/","name":"Avrupal\u0131 T\u00fcrklerin en Yeni Haber Portal\u0131","description":"","publisher":{"@id":"https:\/\/avrupatv.eu\/#organization"},"alternateName":"Avrupa tv","potentialAction":[{"@type":"SearchAction","target":{"@type":"EntryPoint","urlTemplate":"https:\/\/avrupatv.eu\/?s={search_term_string}"},"query-input":{"@type":"PropertyValueSpecification","valueRequired":true,"valueName":"search_term_string"}}],"inLanguage":"tr"},{"@type":"Organization","@id":"https:\/\/avrupatv.eu\/#organization","name":"Avrupa Haber","url":"https:\/\/avrupatv.eu\/","logo":{"@type":"ImageObject","inLanguage":"tr","@id":"https:\/\/avrupatv.eu\/#\/schema\/logo\/image\/","url":"https:\/\/avrupatv.eu\/wp-content\/uploads\/2023\/10\/cropped-thumbnail_logo.png","contentUrl":"https:\/\/avrupatv.eu\/wp-content\/uploads\/2023\/10\/cropped-thumbnail_logo.png","width":1025,"height":302,"caption":"Avrupa Haber"},"image":{"@id":"https:\/\/avrupatv.eu\/#\/schema\/logo\/image\/"}},{"@type":"Person","@id":"https:\/\/avrupatv.eu\/#\/schema\/person\/d56afa5d5569da4029d483da36c0c17d","name":"Onur Akpinar","image":{"@type":"ImageObject","inLanguage":"tr","@id":"https:\/\/secure.gravatar.com\/avatar\/67a1a0bdf34f82da209334e4684b7e7171a58a5a2b0a8f836b61044f5c1f5d6a?s=96&d=mm&r=g","url":"https:\/\/secure.gravatar.com\/avatar\/67a1a0bdf34f82da209334e4684b7e7171a58a5a2b0a8f836b61044f5c1f5d6a?s=96&d=mm&r=g","contentUrl":"https:\/\/secure.gravatar.com\/avatar\/67a1a0bdf34f82da209334e4684b7e7171a58a5a2b0a8f836b61044f5c1f5d6a?s=96&d=mm&r=g","caption":"Onur Akpinar"},"url":"https:\/\/avrupatv.eu\/index.php\/author\/onur-akpinar\/"}]}},"_links":{"self":[{"href":"https:\/\/avrupatv.eu\/index.php\/wp-json\/wp\/v2\/posts\/694","targetHints":{"allow":["GET"]}}],"collection":[{"href":"https:\/\/avrupatv.eu\/index.php\/wp-json\/wp\/v2\/posts"}],"about":[{"href":"https:\/\/avrupatv.eu\/index.php\/wp-json\/wp\/v2\/types\/post"}],"author":[{"embeddable":true,"href":"https:\/\/avrupatv.eu\/index.php\/wp-json\/wp\/v2\/users\/2"}],"replies":[{"embeddable":true,"href":"https:\/\/avrupatv.eu\/index.php\/wp-json\/wp\/v2\/comments?post=694"}],"version-history":[{"count":1,"href":"https:\/\/avrupatv.eu\/index.php\/wp-json\/wp\/v2\/posts\/694\/revisions"}],"predecessor-version":[{"id":696,"href":"https:\/\/avrupatv.eu\/index.php\/wp-json\/wp\/v2\/posts\/694\/revisions\/696"}],"wp:featuredmedia":[{"embeddable":true,"href":"https:\/\/avrupatv.eu\/index.php\/wp-json\/wp\/v2\/media\/695"}],"wp:attachment":[{"href":"https:\/\/avrupatv.eu\/index.php\/wp-json\/wp\/v2\/media?parent=694"}],"wp:term":[{"taxonomy":"category","embeddable":true,"href":"https:\/\/avrupatv.eu\/index.php\/wp-json\/wp\/v2\/categories?post=694"},{"taxonomy":"post_tag","embeddable":true,"href":"https:\/\/avrupatv.eu\/index.php\/wp-json\/wp\/v2\/tags?post=694"}],"curies":[{"name":"wp","href":"https:\/\/api.w.org\/{rel}","templated":true}]}}