{"id":690,"date":"2024-11-21T15:08:52","date_gmt":"2024-11-21T15:08:52","guid":{"rendered":"https:\/\/avrupatv.eu\/?p=690"},"modified":"2024-11-21T15:08:52","modified_gmt":"2024-11-21T15:08:52","slug":"iki-teroriste-tutuklama-karari-netanyahu-ve-gallant-hakkinda-ucmden-tarihi-adim","status":"publish","type":"post","link":"https:\/\/avrupatv.eu\/index.php\/2024\/11\/21\/iki-teroriste-tutuklama-karari-netanyahu-ve-gallant-hakkinda-ucmden-tarihi-adim\/","title":{"rendered":"\u0130ki Ter\u00f6riste Tutuklama Karar\u0131: Netanyahu ve Gallant Hakk\u0131nda UCM&#8217;den Tarihi Ad\u0131m"},"content":{"rendered":"\n<h3 class=\"wp-block-heading\">UCM&#8217;den Netanyahu ve Gallant\u2019a Tutuklama Karar\u0131<\/h3>\n\n\n\n<p>Uluslararas\u0131 Ceza Mahkemesi (UCM), \u0130srail Ba\u015fbakan\u0131 Binyamin Netanyahu ve Savunma Bakan\u0131 Yoav Gallant hakk\u0131nda, Gazze\u2019de i\u015flenen sava\u015f su\u00e7lar\u0131 ve insanl\u0131\u011fa kar\u015f\u0131 su\u00e7lar nedeniyle tutuklama emri \u00e7\u0131kard\u0131. Kararda, Gazze\u2019deki sivil halka y\u00f6nelik g\u0131da, su ve t\u0131bbi malzemelerin kas\u0131tl\u0131 olarak engellendi\u011fi ve bunun \u00e7ocuklar dahil sivillerin \u00f6l\u00fcm\u00fcne yol a\u00e7t\u0131\u011f\u0131 vurguland\u0131.<\/p>\n\n\n\n<p>UCM&#8217;ye \u00fcye \u00fclkelerin tutuklama emrini uygulamas\u0131 gerekiyor. Hollanda, Netanyahu\u2019yu \u00fclkeye giri\u015f yapt\u0131\u011f\u0131 takdirde tutuklayaca\u011f\u0131n\u0131 a\u00e7\u0131klad\u0131. T\u00fcrkiye ve AB, karar\u0131 olumlu bir geli\u015fme olarak de\u011ferlendirdi.<\/p>\n\n\n\n<p>Bu karar, Netanyahu ve Gallant&#8217;\u0131n UCM&#8217;ye taraf 124 \u00fclkeye seyahatini b\u00fcy\u00fck \u00f6l\u00e7\u00fcde k\u0131s\u0131tlayabilir.<\/p>\n","protected":false},"excerpt":{"rendered":"<p>UCM&#8217;den Netanyahu ve Gallant\u2019a Tutuklama Karar\u0131 Uluslararas\u0131 Ceza Mahkemesi (UCM), \u0130srail Ba\u015fbakan\u0131 Binyamin Netanyahu ve Savunma Bakan\u0131 Yoav Gallant hakk\u0131nda, Gazze\u2019de i\u015flenen sava\u015f su\u00e7lar\u0131 ve insanl\u0131\u011fa kar\u015f\u0131 su\u00e7lar nedeniyle tutuklama emri \u00e7\u0131kard\u0131. Kararda, Gazze\u2019deki sivil halka y\u00f6nelik g\u0131da, su ve t\u0131bbi malzemelerin kas\u0131tl\u0131 olarak engellendi\u011fi ve bunun \u00e7ocuklar dahil sivillerin \u00f6l\u00fcm\u00fcne yol a\u00e7t\u0131\u011f\u0131 vurguland\u0131. UCM&#8217;ye [&hellip;]<\/p>\n","protected":false},"author":2,"featured_media":692,"comment_status":"open","ping_status":"open","sticky":false,"template":"","format":"standard","meta":{"footnotes":""},"categories":[6],"tags":[],"class_list":["post-690","post","type-post","status-publish","format-standard","has-post-thumbnail","hentry","category-dunya"],"yoast_head":"<!-- This site is optimized with the Yoast SEO plugin v27.4 - https:\/\/yoast.com\/product\/yoast-seo-wordpress\/ -->\n<title>\u0130ki Ter\u00f6riste Tutuklama Karar\u0131: Netanyahu ve Gallant Hakk\u0131nda UCM&#039;den Tarihi Ad\u0131m - Avrupal\u0131 T\u00fcrklerin en Yeni Haber Portal\u0131<\/title>\n<meta name=\"robots\" content=\"index, follow, max-snippet:-1, max-image-preview:large, max-video-preview:-1\" \/>\n<link rel=\"canonical\" href=\"https:\/\/avrupatv.eu\/index.php\/2024\/11\/21\/iki-teroriste-tutuklama-karari-netanyahu-ve-gallant-hakkinda-ucmden-tarihi-adim\/\" \/>\n<meta property=\"og:locale\" content=\"tr_TR\" \/>\n<meta property=\"og:type\" content=\"article\" \/>\n<meta property=\"og:title\" content=\"\u0130ki Ter\u00f6riste Tutuklama Karar\u0131: Netanyahu ve Gallant Hakk\u0131nda UCM&#039;den Tarihi Ad\u0131m - Avrupal\u0131 T\u00fcrklerin en Yeni Haber Portal\u0131\" \/>\n<meta property=\"og:description\" content=\"UCM&#8217;den Netanyahu ve Gallant\u2019a Tutuklama Karar\u0131 Uluslararas\u0131 Ceza Mahkemesi (UCM), \u0130srail Ba\u015fbakan\u0131 Binyamin Netanyahu ve Savunma Bakan\u0131 Yoav Gallant hakk\u0131nda, Gazze\u2019de i\u015flenen sava\u015f su\u00e7lar\u0131 ve insanl\u0131\u011fa kar\u015f\u0131 su\u00e7lar nedeniyle tutuklama emri \u00e7\u0131kard\u0131. Kararda, Gazze\u2019deki sivil halka y\u00f6nelik g\u0131da, su ve t\u0131bbi malzemelerin kas\u0131tl\u0131 olarak engellendi\u011fi ve bunun \u00e7ocuklar dahil sivillerin \u00f6l\u00fcm\u00fcne yol a\u00e7t\u0131\u011f\u0131 vurguland\u0131. UCM&#8217;ye [&hellip;]\" \/>\n<meta property=\"og:url\" content=\"https:\/\/avrupatv.eu\/index.php\/2024\/11\/21\/iki-teroriste-tutuklama-karari-netanyahu-ve-gallant-hakkinda-ucmden-tarihi-adim\/\" \/>\n<meta property=\"og:site_name\" content=\"Avrupal\u0131 T\u00fcrklerin en Yeni Haber Portal\u0131\" \/>\n<meta property=\"article:published_time\" content=\"2024-11-21T15:08:52+00:00\" \/>\n<meta property=\"og:image\" content=\"https:\/\/avrupatv.eu\/wp-content\/uploads\/2024\/11\/netanyahu-gallant-scaled.webp\" \/>\n\t<meta property=\"og:image:width\" content=\"2560\" \/>\n\t<meta property=\"og:image:height\" content=\"1535\" \/>\n\t<meta property=\"og:image:type\" content=\"image\/webp\" \/>\n<meta name=\"author\" content=\"Onur Akpinar\" \/>\n<meta name=\"twitter:card\" content=\"summary_large_image\" \/>\n<meta name=\"twitter:label1\" content=\"Yazan:\" \/>\n\t<meta name=\"twitter:data1\" content=\"Onur Akpinar\" \/>\n\t<meta name=\"twitter:label2\" content=\"Tahmini okuma s\u00fcresi\" \/>\n\t<meta name=\"twitter:data2\" content=\"1 dakika\" \/>\n<script type=\"application\/ld+json\" class=\"yoast-schema-graph\">{\"@context\":\"https:\\\/\\\/schema.org\",\"@graph\":[{\"@type\":\"Article\",\"@id\":\"https:\\\/\\\/avrupatv.eu\\\/index.php\\\/2024\\\/11\\\/21\\\/iki-teroriste-tutuklama-karari-netanyahu-ve-gallant-hakkinda-ucmden-tarihi-adim\\\/#article\",\"isPartOf\":{\"@id\":\"https:\\\/\\\/avrupatv.eu\\\/index.php\\\/2024\\\/11\\\/21\\\/iki-teroriste-tutuklama-karari-netanyahu-ve-gallant-hakkinda-ucmden-tarihi-adim\\\/\"},\"author\":{\"name\":\"Onur Akpinar\",\"@id\":\"https:\\\/\\\/avrupatv.eu\\\/#\\\/schema\\\/person\\\/d56afa5d5569da4029d483da36c0c17d\"},\"headline\":\"\u0130ki Ter\u00f6riste Tutuklama Karar\u0131: Netanyahu ve Gallant Hakk\u0131nda UCM&#8217;den Tarihi Ad\u0131m\",\"datePublished\":\"2024-11-21T15:08:52+00:00\",\"mainEntityOfPage\":{\"@id\":\"https:\\\/\\\/avrupatv.eu\\\/index.php\\\/2024\\\/11\\\/21\\\/iki-teroriste-tutuklama-karari-netanyahu-ve-gallant-hakkinda-ucmden-tarihi-adim\\\/\"},\"wordCount\":137,\"commentCount\":0,\"publisher\":{\"@id\":\"https:\\\/\\\/avrupatv.eu\\\/#organization\"},\"image\":{\"@id\":\"https:\\\/\\\/avrupatv.eu\\\/index.php\\\/2024\\\/11\\\/21\\\/iki-teroriste-tutuklama-karari-netanyahu-ve-gallant-hakkinda-ucmden-tarihi-adim\\\/#primaryimage\"},\"thumbnailUrl\":\"https:\\\/\\\/avrupatv.eu\\\/wp-content\\\/uploads\\\/2024\\\/11\\\/netanyahu-gallant-scaled.webp\",\"articleSection\":[\"D\u00fcnya\"],\"inLanguage\":\"tr\",\"potentialAction\":[{\"@type\":\"CommentAction\",\"name\":\"Comment\",\"target\":[\"https:\\\/\\\/avrupatv.eu\\\/index.php\\\/2024\\\/11\\\/21\\\/iki-teroriste-tutuklama-karari-netanyahu-ve-gallant-hakkinda-ucmden-tarihi-adim\\\/#respond\"]}]},{\"@type\":\"WebPage\",\"@id\":\"https:\\\/\\\/avrupatv.eu\\\/index.php\\\/2024\\\/11\\\/21\\\/iki-teroriste-tutuklama-karari-netanyahu-ve-gallant-hakkinda-ucmden-tarihi-adim\\\/\",\"url\":\"https:\\\/\\\/avrupatv.eu\\\/index.php\\\/2024\\\/11\\\/21\\\/iki-teroriste-tutuklama-karari-netanyahu-ve-gallant-hakkinda-ucmden-tarihi-adim\\\/\",\"name\":\"\u0130ki Ter\u00f6riste Tutuklama Karar\u0131: Netanyahu ve Gallant Hakk\u0131nda UCM'den Tarihi Ad\u0131m - Avrupal\u0131 T\u00fcrklerin en Yeni Haber Portal\u0131\",\"isPartOf\":{\"@id\":\"https:\\\/\\\/avrupatv.eu\\\/#website\"},\"primaryImageOfPage\":{\"@id\":\"https:\\\/\\\/avrupatv.eu\\\/index.php\\\/2024\\\/11\\\/21\\\/iki-teroriste-tutuklama-karari-netanyahu-ve-gallant-hakkinda-ucmden-tarihi-adim\\\/#primaryimage\"},\"image\":{\"@id\":\"https:\\\/\\\/avrupatv.eu\\\/index.php\\\/2024\\\/11\\\/21\\\/iki-teroriste-tutuklama-karari-netanyahu-ve-gallant-hakkinda-ucmden-tarihi-adim\\\/#primaryimage\"},\"thumbnailUrl\":\"https:\\\/\\\/avrupatv.eu\\\/wp-content\\\/uploads\\\/2024\\\/11\\\/netanyahu-gallant-scaled.webp\",\"datePublished\":\"2024-11-21T15:08:52+00:00\",\"breadcrumb\":{\"@id\":\"https:\\\/\\\/avrupatv.eu\\\/index.php\\\/2024\\\/11\\\/21\\\/iki-teroriste-tutuklama-karari-netanyahu-ve-gallant-hakkinda-ucmden-tarihi-adim\\\/#breadcrumb\"},\"inLanguage\":\"tr\",\"potentialAction\":[{\"@type\":\"ReadAction\",\"target\":[\"https:\\\/\\\/avrupatv.eu\\\/index.php\\\/2024\\\/11\\\/21\\\/iki-teroriste-tutuklama-karari-netanyahu-ve-gallant-hakkinda-ucmden-tarihi-adim\\\/\"]}]},{\"@type\":\"ImageObject\",\"inLanguage\":\"tr\",\"@id\":\"https:\\\/\\\/avrupatv.eu\\\/index.php\\\/2024\\\/11\\\/21\\\/iki-teroriste-tutuklama-karari-netanyahu-ve-gallant-hakkinda-ucmden-tarihi-adim\\\/#primaryimage\",\"url\":\"https:\\\/\\\/avrupatv.eu\\\/wp-content\\\/uploads\\\/2024\\\/11\\\/netanyahu-gallant-scaled.webp\",\"contentUrl\":\"https:\\\/\\\/avrupatv.eu\\\/wp-content\\\/uploads\\\/2024\\\/11\\\/netanyahu-gallant-scaled.webp\",\"width\":2560,\"height\":1535},{\"@type\":\"BreadcrumbList\",\"@id\":\"https:\\\/\\\/avrupatv.eu\\\/index.php\\\/2024\\\/11\\\/21\\\/iki-teroriste-tutuklama-karari-netanyahu-ve-gallant-hakkinda-ucmden-tarihi-adim\\\/#breadcrumb\",\"itemListElement\":[{\"@type\":\"ListItem\",\"position\":1,\"name\":\"Anasayfa\",\"item\":\"https:\\\/\\\/avrupatv.eu\\\/\"},{\"@type\":\"ListItem\",\"position\":2,\"name\":\"\u0130ki Ter\u00f6riste Tutuklama Karar\u0131: Netanyahu ve Gallant Hakk\u0131nda UCM&#8217;den Tarihi Ad\u0131m\"}]},{\"@type\":\"WebSite\",\"@id\":\"https:\\\/\\\/avrupatv.eu\\\/#website\",\"url\":\"https:\\\/\\\/avrupatv.eu\\\/\",\"name\":\"Avrupal\u0131 T\u00fcrklerin en Yeni Haber Portal\u0131\",\"description\":\"\",\"publisher\":{\"@id\":\"https:\\\/\\\/avrupatv.eu\\\/#organization\"},\"alternateName\":\"Avrupa tv\",\"potentialAction\":[{\"@type\":\"SearchAction\",\"target\":{\"@type\":\"EntryPoint\",\"urlTemplate\":\"https:\\\/\\\/avrupatv.eu\\\/?s={search_term_string}\"},\"query-input\":{\"@type\":\"PropertyValueSpecification\",\"valueRequired\":true,\"valueName\":\"search_term_string\"}}],\"inLanguage\":\"tr\"},{\"@type\":\"Organization\",\"@id\":\"https:\\\/\\\/avrupatv.eu\\\/#organization\",\"name\":\"Avrupa Haber\",\"url\":\"https:\\\/\\\/avrupatv.eu\\\/\",\"logo\":{\"@type\":\"ImageObject\",\"inLanguage\":\"tr\",\"@id\":\"https:\\\/\\\/avrupatv.eu\\\/#\\\/schema\\\/logo\\\/image\\\/\",\"url\":\"https:\\\/\\\/avrupatv.eu\\\/wp-content\\\/uploads\\\/2023\\\/10\\\/cropped-thumbnail_logo.png\",\"contentUrl\":\"https:\\\/\\\/avrupatv.eu\\\/wp-content\\\/uploads\\\/2023\\\/10\\\/cropped-thumbnail_logo.png\",\"width\":1025,\"height\":302,\"caption\":\"Avrupa Haber\"},\"image\":{\"@id\":\"https:\\\/\\\/avrupatv.eu\\\/#\\\/schema\\\/logo\\\/image\\\/\"}},{\"@type\":\"Person\",\"@id\":\"https:\\\/\\\/avrupatv.eu\\\/#\\\/schema\\\/person\\\/d56afa5d5569da4029d483da36c0c17d\",\"name\":\"Onur Akpinar\",\"image\":{\"@type\":\"ImageObject\",\"inLanguage\":\"tr\",\"@id\":\"https:\\\/\\\/secure.gravatar.com\\\/avatar\\\/67a1a0bdf34f82da209334e4684b7e7171a58a5a2b0a8f836b61044f5c1f5d6a?s=96&d=mm&r=g\",\"url\":\"https:\\\/\\\/secure.gravatar.com\\\/avatar\\\/67a1a0bdf34f82da209334e4684b7e7171a58a5a2b0a8f836b61044f5c1f5d6a?s=96&d=mm&r=g\",\"contentUrl\":\"https:\\\/\\\/secure.gravatar.com\\\/avatar\\\/67a1a0bdf34f82da209334e4684b7e7171a58a5a2b0a8f836b61044f5c1f5d6a?s=96&d=mm&r=g\",\"caption\":\"Onur Akpinar\"},\"url\":\"https:\\\/\\\/avrupatv.eu\\\/index.php\\\/author\\\/onur-akpinar\\\/\"}]}<\/script>\n<!-- \/ Yoast SEO plugin. -->","yoast_head_json":{"title":"\u0130ki Ter\u00f6riste Tutuklama Karar\u0131: Netanyahu ve Gallant Hakk\u0131nda UCM'den Tarihi Ad\u0131m - Avrupal\u0131 T\u00fcrklerin en Yeni Haber Portal\u0131","robots":{"index":"index","follow":"follow","max-snippet":"max-snippet:-1","max-image-preview":"max-image-preview:large","max-video-preview":"max-video-preview:-1"},"canonical":"https:\/\/avrupatv.eu\/index.php\/2024\/11\/21\/iki-teroriste-tutuklama-karari-netanyahu-ve-gallant-hakkinda-ucmden-tarihi-adim\/","og_locale":"tr_TR","og_type":"article","og_title":"\u0130ki Ter\u00f6riste Tutuklama Karar\u0131: Netanyahu ve Gallant Hakk\u0131nda UCM'den Tarihi Ad\u0131m - Avrupal\u0131 T\u00fcrklerin en Yeni Haber Portal\u0131","og_description":"UCM&#8217;den Netanyahu ve Gallant\u2019a Tutuklama Karar\u0131 Uluslararas\u0131 Ceza Mahkemesi (UCM), \u0130srail Ba\u015fbakan\u0131 Binyamin Netanyahu ve Savunma Bakan\u0131 Yoav Gallant hakk\u0131nda, Gazze\u2019de i\u015flenen sava\u015f su\u00e7lar\u0131 ve insanl\u0131\u011fa kar\u015f\u0131 su\u00e7lar nedeniyle tutuklama emri \u00e7\u0131kard\u0131. Kararda, Gazze\u2019deki sivil halka y\u00f6nelik g\u0131da, su ve t\u0131bbi malzemelerin kas\u0131tl\u0131 olarak engellendi\u011fi ve bunun \u00e7ocuklar dahil sivillerin \u00f6l\u00fcm\u00fcne yol a\u00e7t\u0131\u011f\u0131 vurguland\u0131. UCM&#8217;ye [&hellip;]","og_url":"https:\/\/avrupatv.eu\/index.php\/2024\/11\/21\/iki-teroriste-tutuklama-karari-netanyahu-ve-gallant-hakkinda-ucmden-tarihi-adim\/","og_site_name":"Avrupal\u0131 T\u00fcrklerin en Yeni Haber Portal\u0131","article_published_time":"2024-11-21T15:08:52+00:00","og_image":[{"width":2560,"height":1535,"url":"https:\/\/avrupatv.eu\/wp-content\/uploads\/2024\/11\/netanyahu-gallant-scaled.webp","type":"image\/webp"}],"author":"Onur Akpinar","twitter_card":"summary_large_image","twitter_misc":{"Yazan:":"Onur Akpinar","Tahmini okuma s\u00fcresi":"1 dakika"},"schema":{"@context":"https:\/\/schema.org","@graph":[{"@type":"Article","@id":"https:\/\/avrupatv.eu\/index.php\/2024\/11\/21\/iki-teroriste-tutuklama-karari-netanyahu-ve-gallant-hakkinda-ucmden-tarihi-adim\/#article","isPartOf":{"@id":"https:\/\/avrupatv.eu\/index.php\/2024\/11\/21\/iki-teroriste-tutuklama-karari-netanyahu-ve-gallant-hakkinda-ucmden-tarihi-adim\/"},"author":{"name":"Onur Akpinar","@id":"https:\/\/avrupatv.eu\/#\/schema\/person\/d56afa5d5569da4029d483da36c0c17d"},"headline":"\u0130ki Ter\u00f6riste Tutuklama Karar\u0131: Netanyahu ve Gallant Hakk\u0131nda UCM&#8217;den Tarihi Ad\u0131m","datePublished":"2024-11-21T15:08:52+00:00","mainEntityOfPage":{"@id":"https:\/\/avrupatv.eu\/index.php\/2024\/11\/21\/iki-teroriste-tutuklama-karari-netanyahu-ve-gallant-hakkinda-ucmden-tarihi-adim\/"},"wordCount":137,"commentCount":0,"publisher":{"@id":"https:\/\/avrupatv.eu\/#organization"},"image":{"@id":"https:\/\/avrupatv.eu\/index.php\/2024\/11\/21\/iki-teroriste-tutuklama-karari-netanyahu-ve-gallant-hakkinda-ucmden-tarihi-adim\/#primaryimage"},"thumbnailUrl":"https:\/\/avrupatv.eu\/wp-content\/uploads\/2024\/11\/netanyahu-gallant-scaled.webp","articleSection":["D\u00fcnya"],"inLanguage":"tr","potentialAction":[{"@type":"CommentAction","name":"Comment","target":["https:\/\/avrupatv.eu\/index.php\/2024\/11\/21\/iki-teroriste-tutuklama-karari-netanyahu-ve-gallant-hakkinda-ucmden-tarihi-adim\/#respond"]}]},{"@type":"WebPage","@id":"https:\/\/avrupatv.eu\/index.php\/2024\/11\/21\/iki-teroriste-tutuklama-karari-netanyahu-ve-gallant-hakkinda-ucmden-tarihi-adim\/","url":"https:\/\/avrupatv.eu\/index.php\/2024\/11\/21\/iki-teroriste-tutuklama-karari-netanyahu-ve-gallant-hakkinda-ucmden-tarihi-adim\/","name":"\u0130ki Ter\u00f6riste Tutuklama Karar\u0131: Netanyahu ve Gallant Hakk\u0131nda UCM'den Tarihi Ad\u0131m - Avrupal\u0131 T\u00fcrklerin en Yeni Haber Portal\u0131","isPartOf":{"@id":"https:\/\/avrupatv.eu\/#website"},"primaryImageOfPage":{"@id":"https:\/\/avrupatv.eu\/index.php\/2024\/11\/21\/iki-teroriste-tutuklama-karari-netanyahu-ve-gallant-hakkinda-ucmden-tarihi-adim\/#primaryimage"},"image":{"@id":"https:\/\/avrupatv.eu\/index.php\/2024\/11\/21\/iki-teroriste-tutuklama-karari-netanyahu-ve-gallant-hakkinda-ucmden-tarihi-adim\/#primaryimage"},"thumbnailUrl":"https:\/\/avrupatv.eu\/wp-content\/uploads\/2024\/11\/netanyahu-gallant-scaled.webp","datePublished":"2024-11-21T15:08:52+00:00","breadcrumb":{"@id":"https:\/\/avrupatv.eu\/index.php\/2024\/11\/21\/iki-teroriste-tutuklama-karari-netanyahu-ve-gallant-hakkinda-ucmden-tarihi-adim\/#breadcrumb"},"inLanguage":"tr","potentialAction":[{"@type":"ReadAction","target":["https:\/\/avrupatv.eu\/index.php\/2024\/11\/21\/iki-teroriste-tutuklama-karari-netanyahu-ve-gallant-hakkinda-ucmden-tarihi-adim\/"]}]},{"@type":"ImageObject","inLanguage":"tr","@id":"https:\/\/avrupatv.eu\/index.php\/2024\/11\/21\/iki-teroriste-tutuklama-karari-netanyahu-ve-gallant-hakkinda-ucmden-tarihi-adim\/#primaryimage","url":"https:\/\/avrupatv.eu\/wp-content\/uploads\/2024\/11\/netanyahu-gallant-scaled.webp","contentUrl":"https:\/\/avrupatv.eu\/wp-content\/uploads\/2024\/11\/netanyahu-gallant-scaled.webp","width":2560,"height":1535},{"@type":"BreadcrumbList","@id":"https:\/\/avrupatv.eu\/index.php\/2024\/11\/21\/iki-teroriste-tutuklama-karari-netanyahu-ve-gallant-hakkinda-ucmden-tarihi-adim\/#breadcrumb","itemListElement":[{"@type":"ListItem","position":1,"name":"Anasayfa","item":"https:\/\/avrupatv.eu\/"},{"@type":"ListItem","position":2,"name":"\u0130ki Ter\u00f6riste Tutuklama Karar\u0131: Netanyahu ve Gallant Hakk\u0131nda UCM&#8217;den Tarihi Ad\u0131m"}]},{"@type":"WebSite","@id":"https:\/\/avrupatv.eu\/#website","url":"https:\/\/avrupatv.eu\/","name":"Avrupal\u0131 T\u00fcrklerin en Yeni Haber Portal\u0131","description":"","publisher":{"@id":"https:\/\/avrupatv.eu\/#organization"},"alternateName":"Avrupa tv","potentialAction":[{"@type":"SearchAction","target":{"@type":"EntryPoint","urlTemplate":"https:\/\/avrupatv.eu\/?s={search_term_string}"},"query-input":{"@type":"PropertyValueSpecification","valueRequired":true,"valueName":"search_term_string"}}],"inLanguage":"tr"},{"@type":"Organization","@id":"https:\/\/avrupatv.eu\/#organization","name":"Avrupa Haber","url":"https:\/\/avrupatv.eu\/","logo":{"@type":"ImageObject","inLanguage":"tr","@id":"https:\/\/avrupatv.eu\/#\/schema\/logo\/image\/","url":"https:\/\/avrupatv.eu\/wp-content\/uploads\/2023\/10\/cropped-thumbnail_logo.png","contentUrl":"https:\/\/avrupatv.eu\/wp-content\/uploads\/2023\/10\/cropped-thumbnail_logo.png","width":1025,"height":302,"caption":"Avrupa Haber"},"image":{"@id":"https:\/\/avrupatv.eu\/#\/schema\/logo\/image\/"}},{"@type":"Person","@id":"https:\/\/avrupatv.eu\/#\/schema\/person\/d56afa5d5569da4029d483da36c0c17d","name":"Onur Akpinar","image":{"@type":"ImageObject","inLanguage":"tr","@id":"https:\/\/secure.gravatar.com\/avatar\/67a1a0bdf34f82da209334e4684b7e7171a58a5a2b0a8f836b61044f5c1f5d6a?s=96&d=mm&r=g","url":"https:\/\/secure.gravatar.com\/avatar\/67a1a0bdf34f82da209334e4684b7e7171a58a5a2b0a8f836b61044f5c1f5d6a?s=96&d=mm&r=g","contentUrl":"https:\/\/secure.gravatar.com\/avatar\/67a1a0bdf34f82da209334e4684b7e7171a58a5a2b0a8f836b61044f5c1f5d6a?s=96&d=mm&r=g","caption":"Onur Akpinar"},"url":"https:\/\/avrupatv.eu\/index.php\/author\/onur-akpinar\/"}]}},"_links":{"self":[{"href":"https:\/\/avrupatv.eu\/index.php\/wp-json\/wp\/v2\/posts\/690","targetHints":{"allow":["GET"]}}],"collection":[{"href":"https:\/\/avrupatv.eu\/index.php\/wp-json\/wp\/v2\/posts"}],"about":[{"href":"https:\/\/avrupatv.eu\/index.php\/wp-json\/wp\/v2\/types\/post"}],"author":[{"embeddable":true,"href":"https:\/\/avrupatv.eu\/index.php\/wp-json\/wp\/v2\/users\/2"}],"replies":[{"embeddable":true,"href":"https:\/\/avrupatv.eu\/index.php\/wp-json\/wp\/v2\/comments?post=690"}],"version-history":[{"count":1,"href":"https:\/\/avrupatv.eu\/index.php\/wp-json\/wp\/v2\/posts\/690\/revisions"}],"predecessor-version":[{"id":693,"href":"https:\/\/avrupatv.eu\/index.php\/wp-json\/wp\/v2\/posts\/690\/revisions\/693"}],"wp:featuredmedia":[{"embeddable":true,"href":"https:\/\/avrupatv.eu\/index.php\/wp-json\/wp\/v2\/media\/692"}],"wp:attachment":[{"href":"https:\/\/avrupatv.eu\/index.php\/wp-json\/wp\/v2\/media?parent=690"}],"wp:term":[{"taxonomy":"category","embeddable":true,"href":"https:\/\/avrupatv.eu\/index.php\/wp-json\/wp\/v2\/categories?post=690"},{"taxonomy":"post_tag","embeddable":true,"href":"https:\/\/avrupatv.eu\/index.php\/wp-json\/wp\/v2\/tags?post=690"}],"curies":[{"name":"wp","href":"https:\/\/api.w.org\/{rel}","templated":true}]}}