{"id":685,"date":"2024-11-20T16:28:21","date_gmt":"2024-11-20T16:28:21","guid":{"rendered":"https:\/\/avrupatv.eu\/?p=685"},"modified":"2024-11-20T16:28:21","modified_gmt":"2024-11-20T16:28:21","slug":"emir-kirden-secim-sonuclarinin-iptaline-tepki-halkin-iradesine-saygi-en-onemli-ilkemiz","status":"publish","type":"post","link":"https:\/\/avrupatv.eu\/index.php\/2024\/11\/20\/emir-kirden-secim-sonuclarinin-iptaline-tepki-halkin-iradesine-saygi-en-onemli-ilkemiz\/","title":{"rendered":"Emir Kir&#8217;den Se\u00e7im Sonu\u00e7lar\u0131n\u0131n \u0130ptaline Tepki: &#8220;Halk\u0131n \u0130radesine Sayg\u0131, En \u00d6nemli \u0130lkemiz&#8221;"},"content":{"rendered":"\n<h3 class=\"wp-block-heading\"><strong>Emir Kir&#8217;den Se\u00e7im Sonu\u00e7lar\u0131n\u0131n \u0130ptaline Tepki: &#8220;Halk\u0131n \u0130radesine Sayg\u0131, En \u00d6nemli \u0130lkemiz&#8221;<\/strong><\/h3>\n\n\n\n<p>Bel\u00e7ika\u2019n\u0131n Saint-Josse-ten-Noode Belediye Ba\u015fkan\u0131 Emir Kir, se\u00e7im sonu\u00e7lar\u0131n\u0131n Br\u00fcksel B\u00f6lge Hukuk Mahkemesi taraf\u0131ndan iptal edilmesinin ard\u0131ndan, Houwaert Meydan\u0131\u2019nda toplanan yakla\u015f\u0131k 200 destek\u00e7isine hitap etti. Karara tepki g\u00f6steren Kir, &#8220;Halk\u0131n iradesine sayg\u0131, bizim i\u00e7in en \u00f6nemli ilke&#8221; diyerek durumu ele\u015ftirdi.<\/p>\n\n\n\n<p>Kir konu\u015fmas\u0131nda, &#8220;Halk\u0131n iradesinden nas\u0131l \u015f\u00fcphe edilebilir? Biz a\u00e7\u0131k bir \u015fekilde mutlak \u00e7o\u011funluk elde ettik. Bu neticeyi sorgulamak, demokrasiye ayk\u0131r\u0131d\u0131r&#8221; ifadelerini kulland\u0131.<\/p>\n\n\n\n<h3 class=\"wp-block-heading\"><strong>&#8220;Karar\u0131 \u0130ncelemeden Ad\u0131m Atmayaca\u011f\u0131z&#8221;<\/strong><\/h3>\n\n\n\n<p>Se\u00e7im sonu\u00e7lar\u0131n\u0131n iptaline neden olan mahkeme karar\u0131n\u0131 hen\u00fcz resmi olarak almad\u0131klar\u0131n\u0131 belirten Kir, &#8220;Karar\u0131 derinlemesine incelemeden herhangi bir ad\u0131m atmam\u0131z m\u00fcmk\u00fcn de\u011fil. Ancak karar\u0131n detaylar\u0131n\u0131 \u00f6\u011frendikten sonra Dan\u0131\u015ftay\u2019a ba\u015fvurup ba\u015fvurmamaya karar verece\u011fiz&#8221; dedi.<\/p>\n\n\n\n<h3 class=\"wp-block-heading\"><strong>&#8220;Yeniden Se\u00e7im Olursa Haz\u0131r\u0131z&#8221;<\/strong><\/h3>\n\n\n\n<p>Kir, olas\u0131 bir ikinci se\u00e7ime haz\u0131r olduklar\u0131n\u0131 da belirtti. &#8220;E\u011fer bir ikinci se\u00e7im yap\u0131lmas\u0131 karar\u0131 al\u0131n\u0131rsa, bu senaryoyu da kabul edece\u011fim. Halk\u0131n deste\u011fine olan inanc\u0131m\u0131z tam&#8221; diye konu\u015ftu.<\/p>\n\n\n\n<p>Karar, Saint-Josse-ten-Noode&#8217;deki siyasi atmosferi daha da hareketlendirdi. Emir Kir ve ekibinin ataca\u011f\u0131 ad\u0131mlar, hem belediye sakinleri hem de Bel\u00e7ika siyasetinde yak\u0131ndan takip ediliyor.<\/p>\n","protected":false},"excerpt":{"rendered":"<p>Emir Kir&#8217;den Se\u00e7im Sonu\u00e7lar\u0131n\u0131n \u0130ptaline Tepki: &#8220;Halk\u0131n \u0130radesine Sayg\u0131, En \u00d6nemli \u0130lkemiz&#8221; Bel\u00e7ika\u2019n\u0131n Saint-Josse-ten-Noode Belediye Ba\u015fkan\u0131 Emir Kir, se\u00e7im sonu\u00e7lar\u0131n\u0131n Br\u00fcksel B\u00f6lge Hukuk Mahkemesi taraf\u0131ndan iptal edilmesinin ard\u0131ndan, Houwaert Meydan\u0131\u2019nda toplanan yakla\u015f\u0131k 200 destek\u00e7isine hitap etti. Karara tepki g\u00f6steren Kir, &#8220;Halk\u0131n iradesine sayg\u0131, bizim i\u00e7in en \u00f6nemli ilke&#8221; diyerek durumu ele\u015ftirdi. Kir konu\u015fmas\u0131nda, &#8220;Halk\u0131n iradesinden [&hellip;]<\/p>\n","protected":false},"author":2,"featured_media":686,"comment_status":"open","ping_status":"open","sticky":false,"template":"","format":"standard","meta":{"footnotes":""},"categories":[21,8],"tags":[],"class_list":["post-685","post","type-post","status-publish","format-standard","has-post-thumbnail","hentry","category-belcika","category-gundem"],"yoast_head":"<!-- This site is optimized with the Yoast SEO plugin v27.4 - https:\/\/yoast.com\/product\/yoast-seo-wordpress\/ -->\n<title>Emir Kir&#039;den Se\u00e7im Sonu\u00e7lar\u0131n\u0131n \u0130ptaline Tepki: &quot;Halk\u0131n \u0130radesine Sayg\u0131, En \u00d6nemli \u0130lkemiz&quot; - Avrupal\u0131 T\u00fcrklerin en Yeni Haber Portal\u0131<\/title>\n<meta name=\"robots\" content=\"index, follow, max-snippet:-1, max-image-preview:large, max-video-preview:-1\" \/>\n<link rel=\"canonical\" href=\"https:\/\/avrupatv.eu\/index.php\/2024\/11\/20\/emir-kirden-secim-sonuclarinin-iptaline-tepki-halkin-iradesine-saygi-en-onemli-ilkemiz\/\" \/>\n<meta property=\"og:locale\" content=\"tr_TR\" \/>\n<meta property=\"og:type\" content=\"article\" \/>\n<meta property=\"og:title\" content=\"Emir Kir&#039;den Se\u00e7im Sonu\u00e7lar\u0131n\u0131n \u0130ptaline Tepki: &quot;Halk\u0131n \u0130radesine Sayg\u0131, En \u00d6nemli \u0130lkemiz&quot; - Avrupal\u0131 T\u00fcrklerin en Yeni Haber Portal\u0131\" \/>\n<meta property=\"og:description\" content=\"Emir Kir&#8217;den Se\u00e7im Sonu\u00e7lar\u0131n\u0131n \u0130ptaline Tepki: &#8220;Halk\u0131n \u0130radesine Sayg\u0131, En \u00d6nemli \u0130lkemiz&#8221; Bel\u00e7ika\u2019n\u0131n Saint-Josse-ten-Noode Belediye Ba\u015fkan\u0131 Emir Kir, se\u00e7im sonu\u00e7lar\u0131n\u0131n Br\u00fcksel B\u00f6lge Hukuk Mahkemesi taraf\u0131ndan iptal edilmesinin ard\u0131ndan, Houwaert Meydan\u0131\u2019nda toplanan yakla\u015f\u0131k 200 destek\u00e7isine hitap etti. Karara tepki g\u00f6steren Kir, &#8220;Halk\u0131n iradesine sayg\u0131, bizim i\u00e7in en \u00f6nemli ilke&#8221; diyerek durumu ele\u015ftirdi. Kir konu\u015fmas\u0131nda, &#8220;Halk\u0131n iradesinden [&hellip;]\" \/>\n<meta property=\"og:url\" content=\"https:\/\/avrupatv.eu\/index.php\/2024\/11\/20\/emir-kirden-secim-sonuclarinin-iptaline-tepki-halkin-iradesine-saygi-en-onemli-ilkemiz\/\" \/>\n<meta property=\"og:site_name\" content=\"Avrupal\u0131 T\u00fcrklerin en Yeni Haber Portal\u0131\" \/>\n<meta property=\"article:published_time\" content=\"2024-11-20T16:28:21+00:00\" \/>\n<meta property=\"og:image\" content=\"https:\/\/avrupatv.eu\/wp-content\/uploads\/2024\/11\/https___static.webp\" \/>\n\t<meta property=\"og:image:width\" content=\"960\" \/>\n\t<meta property=\"og:image:height\" content=\"640\" \/>\n\t<meta property=\"og:image:type\" content=\"image\/webp\" \/>\n<meta name=\"author\" content=\"Onur Akpinar\" \/>\n<meta name=\"twitter:card\" content=\"summary_large_image\" \/>\n<meta name=\"twitter:label1\" content=\"Yazan:\" \/>\n\t<meta name=\"twitter:data1\" content=\"Onur Akpinar\" \/>\n\t<meta name=\"twitter:label2\" content=\"Tahmini okuma s\u00fcresi\" \/>\n\t<meta name=\"twitter:data2\" content=\"2 dakika\" \/>\n<script type=\"application\/ld+json\" class=\"yoast-schema-graph\">{\"@context\":\"https:\\\/\\\/schema.org\",\"@graph\":[{\"@type\":\"Article\",\"@id\":\"https:\\\/\\\/avrupatv.eu\\\/index.php\\\/2024\\\/11\\\/20\\\/emir-kirden-secim-sonuclarinin-iptaline-tepki-halkin-iradesine-saygi-en-onemli-ilkemiz\\\/#article\",\"isPartOf\":{\"@id\":\"https:\\\/\\\/avrupatv.eu\\\/index.php\\\/2024\\\/11\\\/20\\\/emir-kirden-secim-sonuclarinin-iptaline-tepki-halkin-iradesine-saygi-en-onemli-ilkemiz\\\/\"},\"author\":{\"name\":\"Onur Akpinar\",\"@id\":\"https:\\\/\\\/avrupatv.eu\\\/#\\\/schema\\\/person\\\/d56afa5d5569da4029d483da36c0c17d\"},\"headline\":\"Emir Kir&#8217;den Se\u00e7im Sonu\u00e7lar\u0131n\u0131n \u0130ptaline Tepki: &#8220;Halk\u0131n \u0130radesine Sayg\u0131, En \u00d6nemli \u0130lkemiz&#8221;\",\"datePublished\":\"2024-11-20T16:28:21+00:00\",\"mainEntityOfPage\":{\"@id\":\"https:\\\/\\\/avrupatv.eu\\\/index.php\\\/2024\\\/11\\\/20\\\/emir-kirden-secim-sonuclarinin-iptaline-tepki-halkin-iradesine-saygi-en-onemli-ilkemiz\\\/\"},\"wordCount\":259,\"commentCount\":0,\"publisher\":{\"@id\":\"https:\\\/\\\/avrupatv.eu\\\/#organization\"},\"image\":{\"@id\":\"https:\\\/\\\/avrupatv.eu\\\/index.php\\\/2024\\\/11\\\/20\\\/emir-kirden-secim-sonuclarinin-iptaline-tepki-halkin-iradesine-saygi-en-onemli-ilkemiz\\\/#primaryimage\"},\"thumbnailUrl\":\"https:\\\/\\\/avrupatv.eu\\\/wp-content\\\/uploads\\\/2024\\\/11\\\/https___static.webp\",\"articleSection\":[\"Bel\u00e7ika\",\"G\u00fcndem\"],\"inLanguage\":\"tr\",\"potentialAction\":[{\"@type\":\"CommentAction\",\"name\":\"Comment\",\"target\":[\"https:\\\/\\\/avrupatv.eu\\\/index.php\\\/2024\\\/11\\\/20\\\/emir-kirden-secim-sonuclarinin-iptaline-tepki-halkin-iradesine-saygi-en-onemli-ilkemiz\\\/#respond\"]}]},{\"@type\":\"WebPage\",\"@id\":\"https:\\\/\\\/avrupatv.eu\\\/index.php\\\/2024\\\/11\\\/20\\\/emir-kirden-secim-sonuclarinin-iptaline-tepki-halkin-iradesine-saygi-en-onemli-ilkemiz\\\/\",\"url\":\"https:\\\/\\\/avrupatv.eu\\\/index.php\\\/2024\\\/11\\\/20\\\/emir-kirden-secim-sonuclarinin-iptaline-tepki-halkin-iradesine-saygi-en-onemli-ilkemiz\\\/\",\"name\":\"Emir Kir'den Se\u00e7im Sonu\u00e7lar\u0131n\u0131n \u0130ptaline Tepki: \\\"Halk\u0131n \u0130radesine Sayg\u0131, En \u00d6nemli \u0130lkemiz\\\" - Avrupal\u0131 T\u00fcrklerin en Yeni Haber Portal\u0131\",\"isPartOf\":{\"@id\":\"https:\\\/\\\/avrupatv.eu\\\/#website\"},\"primaryImageOfPage\":{\"@id\":\"https:\\\/\\\/avrupatv.eu\\\/index.php\\\/2024\\\/11\\\/20\\\/emir-kirden-secim-sonuclarinin-iptaline-tepki-halkin-iradesine-saygi-en-onemli-ilkemiz\\\/#primaryimage\"},\"image\":{\"@id\":\"https:\\\/\\\/avrupatv.eu\\\/index.php\\\/2024\\\/11\\\/20\\\/emir-kirden-secim-sonuclarinin-iptaline-tepki-halkin-iradesine-saygi-en-onemli-ilkemiz\\\/#primaryimage\"},\"thumbnailUrl\":\"https:\\\/\\\/avrupatv.eu\\\/wp-content\\\/uploads\\\/2024\\\/11\\\/https___static.webp\",\"datePublished\":\"2024-11-20T16:28:21+00:00\",\"breadcrumb\":{\"@id\":\"https:\\\/\\\/avrupatv.eu\\\/index.php\\\/2024\\\/11\\\/20\\\/emir-kirden-secim-sonuclarinin-iptaline-tepki-halkin-iradesine-saygi-en-onemli-ilkemiz\\\/#breadcrumb\"},\"inLanguage\":\"tr\",\"potentialAction\":[{\"@type\":\"ReadAction\",\"target\":[\"https:\\\/\\\/avrupatv.eu\\\/index.php\\\/2024\\\/11\\\/20\\\/emir-kirden-secim-sonuclarinin-iptaline-tepki-halkin-iradesine-saygi-en-onemli-ilkemiz\\\/\"]}]},{\"@type\":\"ImageObject\",\"inLanguage\":\"tr\",\"@id\":\"https:\\\/\\\/avrupatv.eu\\\/index.php\\\/2024\\\/11\\\/20\\\/emir-kirden-secim-sonuclarinin-iptaline-tepki-halkin-iradesine-saygi-en-onemli-ilkemiz\\\/#primaryimage\",\"url\":\"https:\\\/\\\/avrupatv.eu\\\/wp-content\\\/uploads\\\/2024\\\/11\\\/https___static.webp\",\"contentUrl\":\"https:\\\/\\\/avrupatv.eu\\\/wp-content\\\/uploads\\\/2024\\\/11\\\/https___static.webp\",\"width\":960,\"height\":640},{\"@type\":\"BreadcrumbList\",\"@id\":\"https:\\\/\\\/avrupatv.eu\\\/index.php\\\/2024\\\/11\\\/20\\\/emir-kirden-secim-sonuclarinin-iptaline-tepki-halkin-iradesine-saygi-en-onemli-ilkemiz\\\/#breadcrumb\",\"itemListElement\":[{\"@type\":\"ListItem\",\"position\":1,\"name\":\"Anasayfa\",\"item\":\"https:\\\/\\\/avrupatv.eu\\\/\"},{\"@type\":\"ListItem\",\"position\":2,\"name\":\"Emir Kir&#8217;den Se\u00e7im Sonu\u00e7lar\u0131n\u0131n \u0130ptaline Tepki: &#8220;Halk\u0131n \u0130radesine Sayg\u0131, En \u00d6nemli \u0130lkemiz&#8221;\"}]},{\"@type\":\"WebSite\",\"@id\":\"https:\\\/\\\/avrupatv.eu\\\/#website\",\"url\":\"https:\\\/\\\/avrupatv.eu\\\/\",\"name\":\"Avrupal\u0131 T\u00fcrklerin en Yeni Haber Portal\u0131\",\"description\":\"\",\"publisher\":{\"@id\":\"https:\\\/\\\/avrupatv.eu\\\/#organization\"},\"alternateName\":\"Avrupa tv\",\"potentialAction\":[{\"@type\":\"SearchAction\",\"target\":{\"@type\":\"EntryPoint\",\"urlTemplate\":\"https:\\\/\\\/avrupatv.eu\\\/?s={search_term_string}\"},\"query-input\":{\"@type\":\"PropertyValueSpecification\",\"valueRequired\":true,\"valueName\":\"search_term_string\"}}],\"inLanguage\":\"tr\"},{\"@type\":\"Organization\",\"@id\":\"https:\\\/\\\/avrupatv.eu\\\/#organization\",\"name\":\"Avrupa Haber\",\"url\":\"https:\\\/\\\/avrupatv.eu\\\/\",\"logo\":{\"@type\":\"ImageObject\",\"inLanguage\":\"tr\",\"@id\":\"https:\\\/\\\/avrupatv.eu\\\/#\\\/schema\\\/logo\\\/image\\\/\",\"url\":\"https:\\\/\\\/avrupatv.eu\\\/wp-content\\\/uploads\\\/2023\\\/10\\\/cropped-thumbnail_logo.png\",\"contentUrl\":\"https:\\\/\\\/avrupatv.eu\\\/wp-content\\\/uploads\\\/2023\\\/10\\\/cropped-thumbnail_logo.png\",\"width\":1025,\"height\":302,\"caption\":\"Avrupa Haber\"},\"image\":{\"@id\":\"https:\\\/\\\/avrupatv.eu\\\/#\\\/schema\\\/logo\\\/image\\\/\"}},{\"@type\":\"Person\",\"@id\":\"https:\\\/\\\/avrupatv.eu\\\/#\\\/schema\\\/person\\\/d56afa5d5569da4029d483da36c0c17d\",\"name\":\"Onur Akpinar\",\"image\":{\"@type\":\"ImageObject\",\"inLanguage\":\"tr\",\"@id\":\"https:\\\/\\\/secure.gravatar.com\\\/avatar\\\/67a1a0bdf34f82da209334e4684b7e7171a58a5a2b0a8f836b61044f5c1f5d6a?s=96&d=mm&r=g\",\"url\":\"https:\\\/\\\/secure.gravatar.com\\\/avatar\\\/67a1a0bdf34f82da209334e4684b7e7171a58a5a2b0a8f836b61044f5c1f5d6a?s=96&d=mm&r=g\",\"contentUrl\":\"https:\\\/\\\/secure.gravatar.com\\\/avatar\\\/67a1a0bdf34f82da209334e4684b7e7171a58a5a2b0a8f836b61044f5c1f5d6a?s=96&d=mm&r=g\",\"caption\":\"Onur Akpinar\"},\"url\":\"https:\\\/\\\/avrupatv.eu\\\/index.php\\\/author\\\/onur-akpinar\\\/\"}]}<\/script>\n<!-- \/ Yoast SEO plugin. -->","yoast_head_json":{"title":"Emir Kir'den Se\u00e7im Sonu\u00e7lar\u0131n\u0131n \u0130ptaline Tepki: \"Halk\u0131n \u0130radesine Sayg\u0131, En \u00d6nemli \u0130lkemiz\" - Avrupal\u0131 T\u00fcrklerin en Yeni Haber Portal\u0131","robots":{"index":"index","follow":"follow","max-snippet":"max-snippet:-1","max-image-preview":"max-image-preview:large","max-video-preview":"max-video-preview:-1"},"canonical":"https:\/\/avrupatv.eu\/index.php\/2024\/11\/20\/emir-kirden-secim-sonuclarinin-iptaline-tepki-halkin-iradesine-saygi-en-onemli-ilkemiz\/","og_locale":"tr_TR","og_type":"article","og_title":"Emir Kir'den Se\u00e7im Sonu\u00e7lar\u0131n\u0131n \u0130ptaline Tepki: \"Halk\u0131n \u0130radesine Sayg\u0131, En \u00d6nemli \u0130lkemiz\" - Avrupal\u0131 T\u00fcrklerin en Yeni Haber Portal\u0131","og_description":"Emir Kir&#8217;den Se\u00e7im Sonu\u00e7lar\u0131n\u0131n \u0130ptaline Tepki: &#8220;Halk\u0131n \u0130radesine Sayg\u0131, En \u00d6nemli \u0130lkemiz&#8221; Bel\u00e7ika\u2019n\u0131n Saint-Josse-ten-Noode Belediye Ba\u015fkan\u0131 Emir Kir, se\u00e7im sonu\u00e7lar\u0131n\u0131n Br\u00fcksel B\u00f6lge Hukuk Mahkemesi taraf\u0131ndan iptal edilmesinin ard\u0131ndan, Houwaert Meydan\u0131\u2019nda toplanan yakla\u015f\u0131k 200 destek\u00e7isine hitap etti. Karara tepki g\u00f6steren Kir, &#8220;Halk\u0131n iradesine sayg\u0131, bizim i\u00e7in en \u00f6nemli ilke&#8221; diyerek durumu ele\u015ftirdi. Kir konu\u015fmas\u0131nda, &#8220;Halk\u0131n iradesinden [&hellip;]","og_url":"https:\/\/avrupatv.eu\/index.php\/2024\/11\/20\/emir-kirden-secim-sonuclarinin-iptaline-tepki-halkin-iradesine-saygi-en-onemli-ilkemiz\/","og_site_name":"Avrupal\u0131 T\u00fcrklerin en Yeni Haber Portal\u0131","article_published_time":"2024-11-20T16:28:21+00:00","og_image":[{"width":960,"height":640,"url":"https:\/\/avrupatv.eu\/wp-content\/uploads\/2024\/11\/https___static.webp","type":"image\/webp"}],"author":"Onur Akpinar","twitter_card":"summary_large_image","twitter_misc":{"Yazan:":"Onur Akpinar","Tahmini okuma s\u00fcresi":"2 dakika"},"schema":{"@context":"https:\/\/schema.org","@graph":[{"@type":"Article","@id":"https:\/\/avrupatv.eu\/index.php\/2024\/11\/20\/emir-kirden-secim-sonuclarinin-iptaline-tepki-halkin-iradesine-saygi-en-onemli-ilkemiz\/#article","isPartOf":{"@id":"https:\/\/avrupatv.eu\/index.php\/2024\/11\/20\/emir-kirden-secim-sonuclarinin-iptaline-tepki-halkin-iradesine-saygi-en-onemli-ilkemiz\/"},"author":{"name":"Onur Akpinar","@id":"https:\/\/avrupatv.eu\/#\/schema\/person\/d56afa5d5569da4029d483da36c0c17d"},"headline":"Emir Kir&#8217;den Se\u00e7im Sonu\u00e7lar\u0131n\u0131n \u0130ptaline Tepki: &#8220;Halk\u0131n \u0130radesine Sayg\u0131, En \u00d6nemli \u0130lkemiz&#8221;","datePublished":"2024-11-20T16:28:21+00:00","mainEntityOfPage":{"@id":"https:\/\/avrupatv.eu\/index.php\/2024\/11\/20\/emir-kirden-secim-sonuclarinin-iptaline-tepki-halkin-iradesine-saygi-en-onemli-ilkemiz\/"},"wordCount":259,"commentCount":0,"publisher":{"@id":"https:\/\/avrupatv.eu\/#organization"},"image":{"@id":"https:\/\/avrupatv.eu\/index.php\/2024\/11\/20\/emir-kirden-secim-sonuclarinin-iptaline-tepki-halkin-iradesine-saygi-en-onemli-ilkemiz\/#primaryimage"},"thumbnailUrl":"https:\/\/avrupatv.eu\/wp-content\/uploads\/2024\/11\/https___static.webp","articleSection":["Bel\u00e7ika","G\u00fcndem"],"inLanguage":"tr","potentialAction":[{"@type":"CommentAction","name":"Comment","target":["https:\/\/avrupatv.eu\/index.php\/2024\/11\/20\/emir-kirden-secim-sonuclarinin-iptaline-tepki-halkin-iradesine-saygi-en-onemli-ilkemiz\/#respond"]}]},{"@type":"WebPage","@id":"https:\/\/avrupatv.eu\/index.php\/2024\/11\/20\/emir-kirden-secim-sonuclarinin-iptaline-tepki-halkin-iradesine-saygi-en-onemli-ilkemiz\/","url":"https:\/\/avrupatv.eu\/index.php\/2024\/11\/20\/emir-kirden-secim-sonuclarinin-iptaline-tepki-halkin-iradesine-saygi-en-onemli-ilkemiz\/","name":"Emir Kir'den Se\u00e7im Sonu\u00e7lar\u0131n\u0131n \u0130ptaline Tepki: \"Halk\u0131n \u0130radesine Sayg\u0131, En \u00d6nemli \u0130lkemiz\" - Avrupal\u0131 T\u00fcrklerin en Yeni Haber Portal\u0131","isPartOf":{"@id":"https:\/\/avrupatv.eu\/#website"},"primaryImageOfPage":{"@id":"https:\/\/avrupatv.eu\/index.php\/2024\/11\/20\/emir-kirden-secim-sonuclarinin-iptaline-tepki-halkin-iradesine-saygi-en-onemli-ilkemiz\/#primaryimage"},"image":{"@id":"https:\/\/avrupatv.eu\/index.php\/2024\/11\/20\/emir-kirden-secim-sonuclarinin-iptaline-tepki-halkin-iradesine-saygi-en-onemli-ilkemiz\/#primaryimage"},"thumbnailUrl":"https:\/\/avrupatv.eu\/wp-content\/uploads\/2024\/11\/https___static.webp","datePublished":"2024-11-20T16:28:21+00:00","breadcrumb":{"@id":"https:\/\/avrupatv.eu\/index.php\/2024\/11\/20\/emir-kirden-secim-sonuclarinin-iptaline-tepki-halkin-iradesine-saygi-en-onemli-ilkemiz\/#breadcrumb"},"inLanguage":"tr","potentialAction":[{"@type":"ReadAction","target":["https:\/\/avrupatv.eu\/index.php\/2024\/11\/20\/emir-kirden-secim-sonuclarinin-iptaline-tepki-halkin-iradesine-saygi-en-onemli-ilkemiz\/"]}]},{"@type":"ImageObject","inLanguage":"tr","@id":"https:\/\/avrupatv.eu\/index.php\/2024\/11\/20\/emir-kirden-secim-sonuclarinin-iptaline-tepki-halkin-iradesine-saygi-en-onemli-ilkemiz\/#primaryimage","url":"https:\/\/avrupatv.eu\/wp-content\/uploads\/2024\/11\/https___static.webp","contentUrl":"https:\/\/avrupatv.eu\/wp-content\/uploads\/2024\/11\/https___static.webp","width":960,"height":640},{"@type":"BreadcrumbList","@id":"https:\/\/avrupatv.eu\/index.php\/2024\/11\/20\/emir-kirden-secim-sonuclarinin-iptaline-tepki-halkin-iradesine-saygi-en-onemli-ilkemiz\/#breadcrumb","itemListElement":[{"@type":"ListItem","position":1,"name":"Anasayfa","item":"https:\/\/avrupatv.eu\/"},{"@type":"ListItem","position":2,"name":"Emir Kir&#8217;den Se\u00e7im Sonu\u00e7lar\u0131n\u0131n \u0130ptaline Tepki: &#8220;Halk\u0131n \u0130radesine Sayg\u0131, En \u00d6nemli \u0130lkemiz&#8221;"}]},{"@type":"WebSite","@id":"https:\/\/avrupatv.eu\/#website","url":"https:\/\/avrupatv.eu\/","name":"Avrupal\u0131 T\u00fcrklerin en Yeni Haber Portal\u0131","description":"","publisher":{"@id":"https:\/\/avrupatv.eu\/#organization"},"alternateName":"Avrupa tv","potentialAction":[{"@type":"SearchAction","target":{"@type":"EntryPoint","urlTemplate":"https:\/\/avrupatv.eu\/?s={search_term_string}"},"query-input":{"@type":"PropertyValueSpecification","valueRequired":true,"valueName":"search_term_string"}}],"inLanguage":"tr"},{"@type":"Organization","@id":"https:\/\/avrupatv.eu\/#organization","name":"Avrupa Haber","url":"https:\/\/avrupatv.eu\/","logo":{"@type":"ImageObject","inLanguage":"tr","@id":"https:\/\/avrupatv.eu\/#\/schema\/logo\/image\/","url":"https:\/\/avrupatv.eu\/wp-content\/uploads\/2023\/10\/cropped-thumbnail_logo.png","contentUrl":"https:\/\/avrupatv.eu\/wp-content\/uploads\/2023\/10\/cropped-thumbnail_logo.png","width":1025,"height":302,"caption":"Avrupa Haber"},"image":{"@id":"https:\/\/avrupatv.eu\/#\/schema\/logo\/image\/"}},{"@type":"Person","@id":"https:\/\/avrupatv.eu\/#\/schema\/person\/d56afa5d5569da4029d483da36c0c17d","name":"Onur Akpinar","image":{"@type":"ImageObject","inLanguage":"tr","@id":"https:\/\/secure.gravatar.com\/avatar\/67a1a0bdf34f82da209334e4684b7e7171a58a5a2b0a8f836b61044f5c1f5d6a?s=96&d=mm&r=g","url":"https:\/\/secure.gravatar.com\/avatar\/67a1a0bdf34f82da209334e4684b7e7171a58a5a2b0a8f836b61044f5c1f5d6a?s=96&d=mm&r=g","contentUrl":"https:\/\/secure.gravatar.com\/avatar\/67a1a0bdf34f82da209334e4684b7e7171a58a5a2b0a8f836b61044f5c1f5d6a?s=96&d=mm&r=g","caption":"Onur Akpinar"},"url":"https:\/\/avrupatv.eu\/index.php\/author\/onur-akpinar\/"}]}},"_links":{"self":[{"href":"https:\/\/avrupatv.eu\/index.php\/wp-json\/wp\/v2\/posts\/685","targetHints":{"allow":["GET"]}}],"collection":[{"href":"https:\/\/avrupatv.eu\/index.php\/wp-json\/wp\/v2\/posts"}],"about":[{"href":"https:\/\/avrupatv.eu\/index.php\/wp-json\/wp\/v2\/types\/post"}],"author":[{"embeddable":true,"href":"https:\/\/avrupatv.eu\/index.php\/wp-json\/wp\/v2\/users\/2"}],"replies":[{"embeddable":true,"href":"https:\/\/avrupatv.eu\/index.php\/wp-json\/wp\/v2\/comments?post=685"}],"version-history":[{"count":1,"href":"https:\/\/avrupatv.eu\/index.php\/wp-json\/wp\/v2\/posts\/685\/revisions"}],"predecessor-version":[{"id":687,"href":"https:\/\/avrupatv.eu\/index.php\/wp-json\/wp\/v2\/posts\/685\/revisions\/687"}],"wp:featuredmedia":[{"embeddable":true,"href":"https:\/\/avrupatv.eu\/index.php\/wp-json\/wp\/v2\/media\/686"}],"wp:attachment":[{"href":"https:\/\/avrupatv.eu\/index.php\/wp-json\/wp\/v2\/media?parent=685"}],"wp:term":[{"taxonomy":"category","embeddable":true,"href":"https:\/\/avrupatv.eu\/index.php\/wp-json\/wp\/v2\/categories?post=685"},{"taxonomy":"post_tag","embeddable":true,"href":"https:\/\/avrupatv.eu\/index.php\/wp-json\/wp\/v2\/tags?post=685"}],"curies":[{"name":"wp","href":"https:\/\/api.w.org\/{rel}","templated":true}]}}