{"id":676,"date":"2024-11-20T15:59:43","date_gmt":"2024-11-20T15:59:43","guid":{"rendered":"https:\/\/avrupatv.eu\/?p=676"},"modified":"2024-11-20T15:59:43","modified_gmt":"2024-11-20T15:59:43","slug":"acun-ilicali-ve-tv8-hakkinda-sacma-yasa-disi-bahis-sorusturmasi","status":"publish","type":"post","link":"https:\/\/avrupatv.eu\/index.php\/2024\/11\/20\/acun-ilicali-ve-tv8-hakkinda-sacma-yasa-disi-bahis-sorusturmasi\/","title":{"rendered":"Acun Il\u0131cal\u0131 ve TV8 Hakk\u0131nda sa\u00e7ma &#8216;Yasa D\u0131\u015f\u0131 Bahis&#8217; Soru\u015fturmas\u0131"},"content":{"rendered":"\n<p><strong>Acun Il\u0131cal\u0131 ve TV8 Hakk\u0131nda &#8216;Yasa D\u0131\u015f\u0131 Bahis&#8217; Soru\u015fturmas\u0131<\/strong><\/p>\n\n\n\n<p>\u0130stanbul Cumhuriyet Ba\u015fsavc\u0131l\u0131\u011f\u0131 Bili\u015fim Su\u00e7lar Soru\u015fturma B\u00fcrosu, Acun Il\u0131cal\u0131, TV8 kanal\u0131 ve Exxen dijital platform yetkilileri hakk\u0131nda &#8220;yasa d\u0131\u015f\u0131 bahse te\u015fvik ve reklam&#8221; iddias\u0131yla soru\u015fturma ba\u015flatt\u0131. Soru\u015fturman\u0131n, UEFA Uluslar Ligi ma\u00e7lar\u0131nda g\u00f6sterilen yasa d\u0131\u015f\u0131 bahis reklamlar\u0131yla ilgili oldu\u011fu bildirildi.<\/p>\n\n\n\n<h3 class=\"wp-block-heading\"><strong>Acun Il\u0131cal\u0131&#8217;dan Yan\u0131t: &#8220;TV8&#8217;in Alakas\u0131 Yok&#8221;<\/strong><\/h3>\n\n\n\n<p>Acun Il\u0131cal\u0131, sosyal medya hesab\u0131ndan yapt\u0131\u011f\u0131 a\u00e7\u0131klamada, iddialara yan\u0131t verdi:<\/p>\n\n\n\n<blockquote class=\"wp-block-quote is-layout-flow wp-block-quote-is-layout-flow\">\n<p>&#8220;Israrla anlamayanlar, anlamak istemeyenler ya da alg\u0131 yaratmak isteyenler i\u00e7in bir kez daha s\u00f6yleyelim. Yurt d\u0131\u015f\u0131nda oynanan ma\u00e7lar\u0131n reklam panolar\u0131n\u0131n sat\u0131\u015f\u0131, ev sahibi \u00fclkenin federasyonuna aittir. Nas\u0131l T\u00fcrkiye\u2019de oynanan milli ma\u00e7lar\u0131n reklam panolar\u0131n\u0131n sat\u0131\u015f\u0131 T\u00fcrkiye Futbol Federasyonu\u2019na aitse, Karada\u011f-T\u00fcrkiye ma\u00e7\u0131n\u0131n saha i\u00e7i reklam panolar\u0131n\u0131n sat\u0131\u015f\u0131n\u0131 da Karada\u011f Futbol Federasyonu yapm\u0131\u015ft\u0131r. TV8&#8217;in bu olay\u0131n herhangi bir taraf\u0131yla ilgisi ya da alakas\u0131 yoktur.&#8221;<\/p>\n<\/blockquote>\n\n\n\n<p>Acun Il\u0131cal\u0131\u2019n\u0131n a\u00e7\u0131klamas\u0131, reklam panolar\u0131n\u0131n kontrol\u00fcn\u00fcn yay\u0131nc\u0131 kurulu\u015flardan ba\u011f\u0131ms\u0131z oldu\u011funu vurgulasa da soru\u015fturman\u0131n nas\u0131l sonu\u00e7lanaca\u011f\u0131 merak ediliyor.<\/p>\n\n\n\n<p>Avrupa TV Ekibi olarak, hem insanl\u0131\u011f\u0131 hem de televizyonculuk anlay\u0131\u015f\u0131yla \u00fclkemizde fark\u0131ndal\u0131k yaratan Say\u0131n <strong>Acun Il\u0131cal\u0131<\/strong>&#8216;ya deste\u011fimizi iletmek isteriz.<\/p>\n\n\n\n<p>Televizyonculuk sekt\u00f6r\u00fcne getirdi\u011fi yenilikler ve uluslararas\u0131 alandaki ba\u015far\u0131lar\u0131yla her zaman \u00fclkemizin gururu olan Il\u0131cal\u0131\u2019n\u0131n, kar\u015f\u0131 kar\u015f\u0131ya kald\u0131\u011f\u0131 bu s\u00fcre\u00e7te hakl\u0131l\u0131\u011f\u0131na inan\u0131yor ve yan\u0131nda oldu\u011fumuzu ifade ediyoruz.<\/p>\n\n\n\n<p>Bu olay\u0131n k\u0131sa s\u00fcrede a\u00e7\u0131kl\u0131\u011fa kavu\u015fmas\u0131n\u0131 temenni ediyoruz.<\/p>\n","protected":false},"excerpt":{"rendered":"<p>Acun Il\u0131cal\u0131 ve TV8 Hakk\u0131nda &#8216;Yasa D\u0131\u015f\u0131 Bahis&#8217; Soru\u015fturmas\u0131 \u0130stanbul Cumhuriyet Ba\u015fsavc\u0131l\u0131\u011f\u0131 Bili\u015fim Su\u00e7lar Soru\u015fturma B\u00fcrosu, Acun Il\u0131cal\u0131, TV8 kanal\u0131 ve Exxen dijital platform yetkilileri hakk\u0131nda &#8220;yasa d\u0131\u015f\u0131 bahse te\u015fvik ve reklam&#8221; iddias\u0131yla soru\u015fturma ba\u015flatt\u0131. Soru\u015fturman\u0131n, UEFA Uluslar Ligi ma\u00e7lar\u0131nda g\u00f6sterilen yasa d\u0131\u015f\u0131 bahis reklamlar\u0131yla ilgili oldu\u011fu bildirildi. Acun Il\u0131cal\u0131&#8217;dan Yan\u0131t: &#8220;TV8&#8217;in Alakas\u0131 Yok&#8221; Acun [&hellip;]<\/p>\n","protected":false},"author":2,"featured_media":677,"comment_status":"open","ping_status":"open","sticky":false,"template":"","format":"standard","meta":{"footnotes":""},"categories":[8,11],"tags":[],"class_list":["post-676","post","type-post","status-publish","format-standard","has-post-thumbnail","hentry","category-gundem","category-turkiye"],"yoast_head":"<!-- This site is optimized with the Yoast SEO plugin v27.4 - https:\/\/yoast.com\/product\/yoast-seo-wordpress\/ -->\n<title>Acun Il\u0131cal\u0131 ve TV8 Hakk\u0131nda sa\u00e7ma &#039;Yasa D\u0131\u015f\u0131 Bahis&#039; Soru\u015fturmas\u0131 - Avrupal\u0131 T\u00fcrklerin en Yeni Haber Portal\u0131<\/title>\n<meta name=\"robots\" content=\"index, follow, max-snippet:-1, max-image-preview:large, max-video-preview:-1\" \/>\n<link rel=\"canonical\" href=\"https:\/\/avrupatv.eu\/index.php\/2024\/11\/20\/acun-ilicali-ve-tv8-hakkinda-sacma-yasa-disi-bahis-sorusturmasi\/\" \/>\n<meta property=\"og:locale\" content=\"tr_TR\" \/>\n<meta property=\"og:type\" content=\"article\" \/>\n<meta property=\"og:title\" content=\"Acun Il\u0131cal\u0131 ve TV8 Hakk\u0131nda sa\u00e7ma &#039;Yasa D\u0131\u015f\u0131 Bahis&#039; Soru\u015fturmas\u0131 - Avrupal\u0131 T\u00fcrklerin en Yeni Haber Portal\u0131\" \/>\n<meta property=\"og:description\" content=\"Acun Il\u0131cal\u0131 ve TV8 Hakk\u0131nda &#8216;Yasa D\u0131\u015f\u0131 Bahis&#8217; Soru\u015fturmas\u0131 \u0130stanbul Cumhuriyet Ba\u015fsavc\u0131l\u0131\u011f\u0131 Bili\u015fim Su\u00e7lar Soru\u015fturma B\u00fcrosu, Acun Il\u0131cal\u0131, TV8 kanal\u0131 ve Exxen dijital platform yetkilileri hakk\u0131nda &#8220;yasa d\u0131\u015f\u0131 bahse te\u015fvik ve reklam&#8221; iddias\u0131yla soru\u015fturma ba\u015flatt\u0131. Soru\u015fturman\u0131n, UEFA Uluslar Ligi ma\u00e7lar\u0131nda g\u00f6sterilen yasa d\u0131\u015f\u0131 bahis reklamlar\u0131yla ilgili oldu\u011fu bildirildi. Acun Il\u0131cal\u0131&#8217;dan Yan\u0131t: &#8220;TV8&#8217;in Alakas\u0131 Yok&#8221; Acun [&hellip;]\" \/>\n<meta property=\"og:url\" content=\"https:\/\/avrupatv.eu\/index.php\/2024\/11\/20\/acun-ilicali-ve-tv8-hakkinda-sacma-yasa-disi-bahis-sorusturmasi\/\" \/>\n<meta property=\"og:site_name\" content=\"Avrupal\u0131 T\u00fcrklerin en Yeni Haber Portal\u0131\" \/>\n<meta property=\"article:published_time\" content=\"2024-11-20T15:59:43+00:00\" \/>\n<meta property=\"og:image\" content=\"https:\/\/avrupatv.eu\/wp-content\/uploads\/2024\/11\/acun-ilicali-hakkinda-sorusturma-baslatildi.webp\" \/>\n\t<meta property=\"og:image:width\" content=\"1280\" \/>\n\t<meta property=\"og:image:height\" content=\"720\" \/>\n\t<meta property=\"og:image:type\" content=\"image\/webp\" \/>\n<meta name=\"author\" content=\"Onur Akpinar\" \/>\n<meta name=\"twitter:card\" content=\"summary_large_image\" \/>\n<meta name=\"twitter:label1\" content=\"Yazan:\" \/>\n\t<meta name=\"twitter:data1\" content=\"Onur Akpinar\" \/>\n\t<meta name=\"twitter:label2\" content=\"Tahmini okuma s\u00fcresi\" \/>\n\t<meta name=\"twitter:data2\" content=\"2 dakika\" \/>\n<script type=\"application\/ld+json\" class=\"yoast-schema-graph\">{\"@context\":\"https:\\\/\\\/schema.org\",\"@graph\":[{\"@type\":\"Article\",\"@id\":\"https:\\\/\\\/avrupatv.eu\\\/index.php\\\/2024\\\/11\\\/20\\\/acun-ilicali-ve-tv8-hakkinda-sacma-yasa-disi-bahis-sorusturmasi\\\/#article\",\"isPartOf\":{\"@id\":\"https:\\\/\\\/avrupatv.eu\\\/index.php\\\/2024\\\/11\\\/20\\\/acun-ilicali-ve-tv8-hakkinda-sacma-yasa-disi-bahis-sorusturmasi\\\/\"},\"author\":{\"name\":\"Onur Akpinar\",\"@id\":\"https:\\\/\\\/avrupatv.eu\\\/#\\\/schema\\\/person\\\/d56afa5d5569da4029d483da36c0c17d\"},\"headline\":\"Acun Il\u0131cal\u0131 ve TV8 Hakk\u0131nda sa\u00e7ma &#8216;Yasa D\u0131\u015f\u0131 Bahis&#8217; Soru\u015fturmas\u0131\",\"datePublished\":\"2024-11-20T15:59:43+00:00\",\"mainEntityOfPage\":{\"@id\":\"https:\\\/\\\/avrupatv.eu\\\/index.php\\\/2024\\\/11\\\/20\\\/acun-ilicali-ve-tv8-hakkinda-sacma-yasa-disi-bahis-sorusturmasi\\\/\"},\"wordCount\":316,\"commentCount\":0,\"publisher\":{\"@id\":\"https:\\\/\\\/avrupatv.eu\\\/#organization\"},\"image\":{\"@id\":\"https:\\\/\\\/avrupatv.eu\\\/index.php\\\/2024\\\/11\\\/20\\\/acun-ilicali-ve-tv8-hakkinda-sacma-yasa-disi-bahis-sorusturmasi\\\/#primaryimage\"},\"thumbnailUrl\":\"https:\\\/\\\/avrupatv.eu\\\/wp-content\\\/uploads\\\/2024\\\/11\\\/acun-ilicali-hakkinda-sorusturma-baslatildi.webp\",\"articleSection\":[\"G\u00fcndem\",\"T\u00fcrkiye\"],\"inLanguage\":\"tr\",\"potentialAction\":[{\"@type\":\"CommentAction\",\"name\":\"Comment\",\"target\":[\"https:\\\/\\\/avrupatv.eu\\\/index.php\\\/2024\\\/11\\\/20\\\/acun-ilicali-ve-tv8-hakkinda-sacma-yasa-disi-bahis-sorusturmasi\\\/#respond\"]}]},{\"@type\":\"WebPage\",\"@id\":\"https:\\\/\\\/avrupatv.eu\\\/index.php\\\/2024\\\/11\\\/20\\\/acun-ilicali-ve-tv8-hakkinda-sacma-yasa-disi-bahis-sorusturmasi\\\/\",\"url\":\"https:\\\/\\\/avrupatv.eu\\\/index.php\\\/2024\\\/11\\\/20\\\/acun-ilicali-ve-tv8-hakkinda-sacma-yasa-disi-bahis-sorusturmasi\\\/\",\"name\":\"Acun Il\u0131cal\u0131 ve TV8 Hakk\u0131nda sa\u00e7ma 'Yasa D\u0131\u015f\u0131 Bahis' Soru\u015fturmas\u0131 - Avrupal\u0131 T\u00fcrklerin en Yeni Haber Portal\u0131\",\"isPartOf\":{\"@id\":\"https:\\\/\\\/avrupatv.eu\\\/#website\"},\"primaryImageOfPage\":{\"@id\":\"https:\\\/\\\/avrupatv.eu\\\/index.php\\\/2024\\\/11\\\/20\\\/acun-ilicali-ve-tv8-hakkinda-sacma-yasa-disi-bahis-sorusturmasi\\\/#primaryimage\"},\"image\":{\"@id\":\"https:\\\/\\\/avrupatv.eu\\\/index.php\\\/2024\\\/11\\\/20\\\/acun-ilicali-ve-tv8-hakkinda-sacma-yasa-disi-bahis-sorusturmasi\\\/#primaryimage\"},\"thumbnailUrl\":\"https:\\\/\\\/avrupatv.eu\\\/wp-content\\\/uploads\\\/2024\\\/11\\\/acun-ilicali-hakkinda-sorusturma-baslatildi.webp\",\"datePublished\":\"2024-11-20T15:59:43+00:00\",\"breadcrumb\":{\"@id\":\"https:\\\/\\\/avrupatv.eu\\\/index.php\\\/2024\\\/11\\\/20\\\/acun-ilicali-ve-tv8-hakkinda-sacma-yasa-disi-bahis-sorusturmasi\\\/#breadcrumb\"},\"inLanguage\":\"tr\",\"potentialAction\":[{\"@type\":\"ReadAction\",\"target\":[\"https:\\\/\\\/avrupatv.eu\\\/index.php\\\/2024\\\/11\\\/20\\\/acun-ilicali-ve-tv8-hakkinda-sacma-yasa-disi-bahis-sorusturmasi\\\/\"]}]},{\"@type\":\"ImageObject\",\"inLanguage\":\"tr\",\"@id\":\"https:\\\/\\\/avrupatv.eu\\\/index.php\\\/2024\\\/11\\\/20\\\/acun-ilicali-ve-tv8-hakkinda-sacma-yasa-disi-bahis-sorusturmasi\\\/#primaryimage\",\"url\":\"https:\\\/\\\/avrupatv.eu\\\/wp-content\\\/uploads\\\/2024\\\/11\\\/acun-ilicali-hakkinda-sorusturma-baslatildi.webp\",\"contentUrl\":\"https:\\\/\\\/avrupatv.eu\\\/wp-content\\\/uploads\\\/2024\\\/11\\\/acun-ilicali-hakkinda-sorusturma-baslatildi.webp\",\"width\":1280,\"height\":720},{\"@type\":\"BreadcrumbList\",\"@id\":\"https:\\\/\\\/avrupatv.eu\\\/index.php\\\/2024\\\/11\\\/20\\\/acun-ilicali-ve-tv8-hakkinda-sacma-yasa-disi-bahis-sorusturmasi\\\/#breadcrumb\",\"itemListElement\":[{\"@type\":\"ListItem\",\"position\":1,\"name\":\"Anasayfa\",\"item\":\"https:\\\/\\\/avrupatv.eu\\\/\"},{\"@type\":\"ListItem\",\"position\":2,\"name\":\"Acun Il\u0131cal\u0131 ve TV8 Hakk\u0131nda sa\u00e7ma &#8216;Yasa D\u0131\u015f\u0131 Bahis&#8217; Soru\u015fturmas\u0131\"}]},{\"@type\":\"WebSite\",\"@id\":\"https:\\\/\\\/avrupatv.eu\\\/#website\",\"url\":\"https:\\\/\\\/avrupatv.eu\\\/\",\"name\":\"Avrupal\u0131 T\u00fcrklerin en Yeni Haber Portal\u0131\",\"description\":\"\",\"publisher\":{\"@id\":\"https:\\\/\\\/avrupatv.eu\\\/#organization\"},\"alternateName\":\"Avrupa tv\",\"potentialAction\":[{\"@type\":\"SearchAction\",\"target\":{\"@type\":\"EntryPoint\",\"urlTemplate\":\"https:\\\/\\\/avrupatv.eu\\\/?s={search_term_string}\"},\"query-input\":{\"@type\":\"PropertyValueSpecification\",\"valueRequired\":true,\"valueName\":\"search_term_string\"}}],\"inLanguage\":\"tr\"},{\"@type\":\"Organization\",\"@id\":\"https:\\\/\\\/avrupatv.eu\\\/#organization\",\"name\":\"Avrupa Haber\",\"url\":\"https:\\\/\\\/avrupatv.eu\\\/\",\"logo\":{\"@type\":\"ImageObject\",\"inLanguage\":\"tr\",\"@id\":\"https:\\\/\\\/avrupatv.eu\\\/#\\\/schema\\\/logo\\\/image\\\/\",\"url\":\"https:\\\/\\\/avrupatv.eu\\\/wp-content\\\/uploads\\\/2023\\\/10\\\/cropped-thumbnail_logo.png\",\"contentUrl\":\"https:\\\/\\\/avrupatv.eu\\\/wp-content\\\/uploads\\\/2023\\\/10\\\/cropped-thumbnail_logo.png\",\"width\":1025,\"height\":302,\"caption\":\"Avrupa Haber\"},\"image\":{\"@id\":\"https:\\\/\\\/avrupatv.eu\\\/#\\\/schema\\\/logo\\\/image\\\/\"}},{\"@type\":\"Person\",\"@id\":\"https:\\\/\\\/avrupatv.eu\\\/#\\\/schema\\\/person\\\/d56afa5d5569da4029d483da36c0c17d\",\"name\":\"Onur Akpinar\",\"image\":{\"@type\":\"ImageObject\",\"inLanguage\":\"tr\",\"@id\":\"https:\\\/\\\/secure.gravatar.com\\\/avatar\\\/67a1a0bdf34f82da209334e4684b7e7171a58a5a2b0a8f836b61044f5c1f5d6a?s=96&d=mm&r=g\",\"url\":\"https:\\\/\\\/secure.gravatar.com\\\/avatar\\\/67a1a0bdf34f82da209334e4684b7e7171a58a5a2b0a8f836b61044f5c1f5d6a?s=96&d=mm&r=g\",\"contentUrl\":\"https:\\\/\\\/secure.gravatar.com\\\/avatar\\\/67a1a0bdf34f82da209334e4684b7e7171a58a5a2b0a8f836b61044f5c1f5d6a?s=96&d=mm&r=g\",\"caption\":\"Onur Akpinar\"},\"url\":\"https:\\\/\\\/avrupatv.eu\\\/index.php\\\/author\\\/onur-akpinar\\\/\"}]}<\/script>\n<!-- \/ Yoast SEO plugin. -->","yoast_head_json":{"title":"Acun Il\u0131cal\u0131 ve TV8 Hakk\u0131nda sa\u00e7ma 'Yasa D\u0131\u015f\u0131 Bahis' Soru\u015fturmas\u0131 - Avrupal\u0131 T\u00fcrklerin en Yeni Haber Portal\u0131","robots":{"index":"index","follow":"follow","max-snippet":"max-snippet:-1","max-image-preview":"max-image-preview:large","max-video-preview":"max-video-preview:-1"},"canonical":"https:\/\/avrupatv.eu\/index.php\/2024\/11\/20\/acun-ilicali-ve-tv8-hakkinda-sacma-yasa-disi-bahis-sorusturmasi\/","og_locale":"tr_TR","og_type":"article","og_title":"Acun Il\u0131cal\u0131 ve TV8 Hakk\u0131nda sa\u00e7ma 'Yasa D\u0131\u015f\u0131 Bahis' Soru\u015fturmas\u0131 - Avrupal\u0131 T\u00fcrklerin en Yeni Haber Portal\u0131","og_description":"Acun Il\u0131cal\u0131 ve TV8 Hakk\u0131nda &#8216;Yasa D\u0131\u015f\u0131 Bahis&#8217; Soru\u015fturmas\u0131 \u0130stanbul Cumhuriyet Ba\u015fsavc\u0131l\u0131\u011f\u0131 Bili\u015fim Su\u00e7lar Soru\u015fturma B\u00fcrosu, Acun Il\u0131cal\u0131, TV8 kanal\u0131 ve Exxen dijital platform yetkilileri hakk\u0131nda &#8220;yasa d\u0131\u015f\u0131 bahse te\u015fvik ve reklam&#8221; iddias\u0131yla soru\u015fturma ba\u015flatt\u0131. Soru\u015fturman\u0131n, UEFA Uluslar Ligi ma\u00e7lar\u0131nda g\u00f6sterilen yasa d\u0131\u015f\u0131 bahis reklamlar\u0131yla ilgili oldu\u011fu bildirildi. Acun Il\u0131cal\u0131&#8217;dan Yan\u0131t: &#8220;TV8&#8217;in Alakas\u0131 Yok&#8221; Acun [&hellip;]","og_url":"https:\/\/avrupatv.eu\/index.php\/2024\/11\/20\/acun-ilicali-ve-tv8-hakkinda-sacma-yasa-disi-bahis-sorusturmasi\/","og_site_name":"Avrupal\u0131 T\u00fcrklerin en Yeni Haber Portal\u0131","article_published_time":"2024-11-20T15:59:43+00:00","og_image":[{"width":1280,"height":720,"url":"https:\/\/avrupatv.eu\/wp-content\/uploads\/2024\/11\/acun-ilicali-hakkinda-sorusturma-baslatildi.webp","type":"image\/webp"}],"author":"Onur Akpinar","twitter_card":"summary_large_image","twitter_misc":{"Yazan:":"Onur Akpinar","Tahmini okuma s\u00fcresi":"2 dakika"},"schema":{"@context":"https:\/\/schema.org","@graph":[{"@type":"Article","@id":"https:\/\/avrupatv.eu\/index.php\/2024\/11\/20\/acun-ilicali-ve-tv8-hakkinda-sacma-yasa-disi-bahis-sorusturmasi\/#article","isPartOf":{"@id":"https:\/\/avrupatv.eu\/index.php\/2024\/11\/20\/acun-ilicali-ve-tv8-hakkinda-sacma-yasa-disi-bahis-sorusturmasi\/"},"author":{"name":"Onur Akpinar","@id":"https:\/\/avrupatv.eu\/#\/schema\/person\/d56afa5d5569da4029d483da36c0c17d"},"headline":"Acun Il\u0131cal\u0131 ve TV8 Hakk\u0131nda sa\u00e7ma &#8216;Yasa D\u0131\u015f\u0131 Bahis&#8217; Soru\u015fturmas\u0131","datePublished":"2024-11-20T15:59:43+00:00","mainEntityOfPage":{"@id":"https:\/\/avrupatv.eu\/index.php\/2024\/11\/20\/acun-ilicali-ve-tv8-hakkinda-sacma-yasa-disi-bahis-sorusturmasi\/"},"wordCount":316,"commentCount":0,"publisher":{"@id":"https:\/\/avrupatv.eu\/#organization"},"image":{"@id":"https:\/\/avrupatv.eu\/index.php\/2024\/11\/20\/acun-ilicali-ve-tv8-hakkinda-sacma-yasa-disi-bahis-sorusturmasi\/#primaryimage"},"thumbnailUrl":"https:\/\/avrupatv.eu\/wp-content\/uploads\/2024\/11\/acun-ilicali-hakkinda-sorusturma-baslatildi.webp","articleSection":["G\u00fcndem","T\u00fcrkiye"],"inLanguage":"tr","potentialAction":[{"@type":"CommentAction","name":"Comment","target":["https:\/\/avrupatv.eu\/index.php\/2024\/11\/20\/acun-ilicali-ve-tv8-hakkinda-sacma-yasa-disi-bahis-sorusturmasi\/#respond"]}]},{"@type":"WebPage","@id":"https:\/\/avrupatv.eu\/index.php\/2024\/11\/20\/acun-ilicali-ve-tv8-hakkinda-sacma-yasa-disi-bahis-sorusturmasi\/","url":"https:\/\/avrupatv.eu\/index.php\/2024\/11\/20\/acun-ilicali-ve-tv8-hakkinda-sacma-yasa-disi-bahis-sorusturmasi\/","name":"Acun Il\u0131cal\u0131 ve TV8 Hakk\u0131nda sa\u00e7ma 'Yasa D\u0131\u015f\u0131 Bahis' Soru\u015fturmas\u0131 - Avrupal\u0131 T\u00fcrklerin en Yeni Haber Portal\u0131","isPartOf":{"@id":"https:\/\/avrupatv.eu\/#website"},"primaryImageOfPage":{"@id":"https:\/\/avrupatv.eu\/index.php\/2024\/11\/20\/acun-ilicali-ve-tv8-hakkinda-sacma-yasa-disi-bahis-sorusturmasi\/#primaryimage"},"image":{"@id":"https:\/\/avrupatv.eu\/index.php\/2024\/11\/20\/acun-ilicali-ve-tv8-hakkinda-sacma-yasa-disi-bahis-sorusturmasi\/#primaryimage"},"thumbnailUrl":"https:\/\/avrupatv.eu\/wp-content\/uploads\/2024\/11\/acun-ilicali-hakkinda-sorusturma-baslatildi.webp","datePublished":"2024-11-20T15:59:43+00:00","breadcrumb":{"@id":"https:\/\/avrupatv.eu\/index.php\/2024\/11\/20\/acun-ilicali-ve-tv8-hakkinda-sacma-yasa-disi-bahis-sorusturmasi\/#breadcrumb"},"inLanguage":"tr","potentialAction":[{"@type":"ReadAction","target":["https:\/\/avrupatv.eu\/index.php\/2024\/11\/20\/acun-ilicali-ve-tv8-hakkinda-sacma-yasa-disi-bahis-sorusturmasi\/"]}]},{"@type":"ImageObject","inLanguage":"tr","@id":"https:\/\/avrupatv.eu\/index.php\/2024\/11\/20\/acun-ilicali-ve-tv8-hakkinda-sacma-yasa-disi-bahis-sorusturmasi\/#primaryimage","url":"https:\/\/avrupatv.eu\/wp-content\/uploads\/2024\/11\/acun-ilicali-hakkinda-sorusturma-baslatildi.webp","contentUrl":"https:\/\/avrupatv.eu\/wp-content\/uploads\/2024\/11\/acun-ilicali-hakkinda-sorusturma-baslatildi.webp","width":1280,"height":720},{"@type":"BreadcrumbList","@id":"https:\/\/avrupatv.eu\/index.php\/2024\/11\/20\/acun-ilicali-ve-tv8-hakkinda-sacma-yasa-disi-bahis-sorusturmasi\/#breadcrumb","itemListElement":[{"@type":"ListItem","position":1,"name":"Anasayfa","item":"https:\/\/avrupatv.eu\/"},{"@type":"ListItem","position":2,"name":"Acun Il\u0131cal\u0131 ve TV8 Hakk\u0131nda sa\u00e7ma &#8216;Yasa D\u0131\u015f\u0131 Bahis&#8217; Soru\u015fturmas\u0131"}]},{"@type":"WebSite","@id":"https:\/\/avrupatv.eu\/#website","url":"https:\/\/avrupatv.eu\/","name":"Avrupal\u0131 T\u00fcrklerin en Yeni Haber Portal\u0131","description":"","publisher":{"@id":"https:\/\/avrupatv.eu\/#organization"},"alternateName":"Avrupa tv","potentialAction":[{"@type":"SearchAction","target":{"@type":"EntryPoint","urlTemplate":"https:\/\/avrupatv.eu\/?s={search_term_string}"},"query-input":{"@type":"PropertyValueSpecification","valueRequired":true,"valueName":"search_term_string"}}],"inLanguage":"tr"},{"@type":"Organization","@id":"https:\/\/avrupatv.eu\/#organization","name":"Avrupa Haber","url":"https:\/\/avrupatv.eu\/","logo":{"@type":"ImageObject","inLanguage":"tr","@id":"https:\/\/avrupatv.eu\/#\/schema\/logo\/image\/","url":"https:\/\/avrupatv.eu\/wp-content\/uploads\/2023\/10\/cropped-thumbnail_logo.png","contentUrl":"https:\/\/avrupatv.eu\/wp-content\/uploads\/2023\/10\/cropped-thumbnail_logo.png","width":1025,"height":302,"caption":"Avrupa Haber"},"image":{"@id":"https:\/\/avrupatv.eu\/#\/schema\/logo\/image\/"}},{"@type":"Person","@id":"https:\/\/avrupatv.eu\/#\/schema\/person\/d56afa5d5569da4029d483da36c0c17d","name":"Onur Akpinar","image":{"@type":"ImageObject","inLanguage":"tr","@id":"https:\/\/secure.gravatar.com\/avatar\/67a1a0bdf34f82da209334e4684b7e7171a58a5a2b0a8f836b61044f5c1f5d6a?s=96&d=mm&r=g","url":"https:\/\/secure.gravatar.com\/avatar\/67a1a0bdf34f82da209334e4684b7e7171a58a5a2b0a8f836b61044f5c1f5d6a?s=96&d=mm&r=g","contentUrl":"https:\/\/secure.gravatar.com\/avatar\/67a1a0bdf34f82da209334e4684b7e7171a58a5a2b0a8f836b61044f5c1f5d6a?s=96&d=mm&r=g","caption":"Onur Akpinar"},"url":"https:\/\/avrupatv.eu\/index.php\/author\/onur-akpinar\/"}]}},"_links":{"self":[{"href":"https:\/\/avrupatv.eu\/index.php\/wp-json\/wp\/v2\/posts\/676","targetHints":{"allow":["GET"]}}],"collection":[{"href":"https:\/\/avrupatv.eu\/index.php\/wp-json\/wp\/v2\/posts"}],"about":[{"href":"https:\/\/avrupatv.eu\/index.php\/wp-json\/wp\/v2\/types\/post"}],"author":[{"embeddable":true,"href":"https:\/\/avrupatv.eu\/index.php\/wp-json\/wp\/v2\/users\/2"}],"replies":[{"embeddable":true,"href":"https:\/\/avrupatv.eu\/index.php\/wp-json\/wp\/v2\/comments?post=676"}],"version-history":[{"count":1,"href":"https:\/\/avrupatv.eu\/index.php\/wp-json\/wp\/v2\/posts\/676\/revisions"}],"predecessor-version":[{"id":678,"href":"https:\/\/avrupatv.eu\/index.php\/wp-json\/wp\/v2\/posts\/676\/revisions\/678"}],"wp:featuredmedia":[{"embeddable":true,"href":"https:\/\/avrupatv.eu\/index.php\/wp-json\/wp\/v2\/media\/677"}],"wp:attachment":[{"href":"https:\/\/avrupatv.eu\/index.php\/wp-json\/wp\/v2\/media?parent=676"}],"wp:term":[{"taxonomy":"category","embeddable":true,"href":"https:\/\/avrupatv.eu\/index.php\/wp-json\/wp\/v2\/categories?post=676"},{"taxonomy":"post_tag","embeddable":true,"href":"https:\/\/avrupatv.eu\/index.php\/wp-json\/wp\/v2\/tags?post=676"}],"curies":[{"name":"wp","href":"https:\/\/api.w.org\/{rel}","templated":true}]}}