{"id":673,"date":"2024-11-20T15:49:58","date_gmt":"2024-11-20T15:49:58","guid":{"rendered":"https:\/\/avrupatv.eu\/?p=673"},"modified":"2024-11-20T15:49:58","modified_gmt":"2024-11-20T15:49:58","slug":"meclis-karisti-ali-yerlikaya-tokat-atti","status":"publish","type":"post","link":"https:\/\/avrupatv.eu\/index.php\/2024\/11\/20\/meclis-karisti-ali-yerlikaya-tokat-atti\/","title":{"rendered":"Meclis kar\u0131\u015ft\u0131 Ali Yerlikaya tokat att\u0131"},"content":{"rendered":"\n<p><strong>Meclis&#8217;te Arbede: Ali Yerlikaya&#8217;ya Kayyum Protestosu<\/strong><\/p>\n\n\n\n<p>TBMM Plan ve B\u00fct\u00e7e Komisyonu&#8217;nda, \u0130\u00e7i\u015fleri Bakanl\u0131\u011f\u0131&#8217;n\u0131n 2025 y\u0131l\u0131 b\u00fct\u00e7e g\u00f6r\u00fc\u015fmeleri s\u0131ras\u0131nda tansiyon y\u00fckseldi. Muhalefet milletvekilleri, kayyum atamalar\u0131n\u0131 protesto etmek i\u00e7in \u0130\u00e7i\u015fleri Bakan\u0131 Ali Yerlikaya&#8217;ya tepki g\u00f6sterdi. Ya\u015fanan gerginlik s\u0131ras\u0131nda arbedeye d\u00f6n\u00fc\u015fen olayda, Yerlikaya&#8217;n\u0131n bir kameraya tokat att\u0131\u011f\u0131 g\u00f6r\u00fcld\u00fc.<\/p>\n\n\n\n<p><strong>&#8220;Siz Bizi Esenyurt Belediyesi&#8217;ne Almad\u0131n\u0131z&#8221;<\/strong><\/p>\n\n\n\n<p>CHP milletvekilleri, Bakan Yerlikaya&#8217;n\u0131n salona giri\u015fini engellemeye \u00e7al\u0131\u015farak, &#8220;Siz bizi Esenyurt Belediyesi&#8217;ne almad\u0131n\u0131z&#8221; diyerek tepki g\u00f6sterdi. Bunun \u00fczerine \u00e7\u0131kan arbede s\u0131ras\u0131nda CHP Grup Ba\u015fkanvekili Ali Mahir Ba\u015far\u0131r ile Yerlikaya aras\u0131nda s\u00f6zl\u00fc tart\u0131\u015fma ya\u015fand\u0131. Ba\u015far\u0131r, Yerlikaya&#8217;ya d\u00f6nerek, &#8220;Sen kimi ittiriyorsun?&#8221; \u015feklinde tepki g\u00f6sterdi.<\/p>\n\n\n\n<p><strong>Ak Partili ve CHP&#8217;li Vekiller Aras\u0131nda Kavga<\/strong><\/p>\n\n\n\n<p>Bakan Yerlikaya&#8217;n\u0131n salona giri\u015finin ard\u0131ndan protestolar devam ederken, Ak Partili ve CHP&#8217;li milletvekilleri aras\u0131nda da kavga \u00e7\u0131kt\u0131. Gerginlik k\u0131sa s\u00fcrede di\u011fer vekillerin m\u00fcdahalesiyle yat\u0131\u015ft\u0131r\u0131lmaya \u00e7al\u0131\u015f\u0131ld\u0131.<\/p>\n\n\n\n<p><strong>Kameraya Tokat Tepkisi<\/strong><\/p>\n\n\n\n<p>Olaylar\u0131n en dikkat \u00e7eken an\u0131, Ali Yerlikaya&#8217;n\u0131n arbede s\u0131ras\u0131nda bir kameraya tokat atmas\u0131 oldu. G\u00f6r\u00fcnt\u00fcler, toplant\u0131n\u0131n ard\u0131ndan sosyal medyada yay\u0131lmaya ba\u015flad\u0131 ve \u00e7e\u015fitli tepkilere neden oldu.<\/p>\n\n\n\n<hr class=\"wp-block-separator has-alpha-channel-opacity\"\/>\n\n\n\n<p>Bu t\u00fcr olaylar TBMM&#8217;de gerginliklerin artmas\u0131na ve b\u00fct\u00e7e g\u00f6r\u00fc\u015fmelerinin \u00f6n\u00fcndeki engellere i\u015faret ediyor. Arbede sonras\u0131 tart\u0131\u015fmalar\u0131n nas\u0131l bir seyir izleyece\u011fi merak konusu.<\/p>\n","protected":false},"excerpt":{"rendered":"<p>Meclis&#8217;te Arbede: Ali Yerlikaya&#8217;ya Kayyum Protestosu TBMM Plan ve B\u00fct\u00e7e Komisyonu&#8217;nda, \u0130\u00e7i\u015fleri Bakanl\u0131\u011f\u0131&#8217;n\u0131n 2025 y\u0131l\u0131 b\u00fct\u00e7e g\u00f6r\u00fc\u015fmeleri s\u0131ras\u0131nda tansiyon y\u00fckseldi. Muhalefet milletvekilleri, kayyum atamalar\u0131n\u0131 protesto etmek i\u00e7in \u0130\u00e7i\u015fleri Bakan\u0131 Ali Yerlikaya&#8217;ya tepki g\u00f6sterdi. Ya\u015fanan gerginlik s\u0131ras\u0131nda arbedeye d\u00f6n\u00fc\u015fen olayda, Yerlikaya&#8217;n\u0131n bir kameraya tokat att\u0131\u011f\u0131 g\u00f6r\u00fcld\u00fc. &#8220;Siz Bizi Esenyurt Belediyesi&#8217;ne Almad\u0131n\u0131z&#8221; CHP milletvekilleri, Bakan Yerlikaya&#8217;n\u0131n salona [&hellip;]<\/p>\n","protected":false},"author":2,"featured_media":674,"comment_status":"open","ping_status":"open","sticky":false,"template":"","format":"standard","meta":{"footnotes":""},"categories":[18,11],"tags":[],"class_list":["post-673","post","type-post","status-publish","format-standard","has-post-thumbnail","hentry","category-siyaset","category-turkiye"],"yoast_head":"<!-- This site is optimized with the Yoast SEO plugin v27.4 - https:\/\/yoast.com\/product\/yoast-seo-wordpress\/ -->\n<title>Meclis kar\u0131\u015ft\u0131 Ali Yerlikaya tokat att\u0131 - Avrupal\u0131 T\u00fcrklerin en Yeni Haber Portal\u0131<\/title>\n<meta name=\"robots\" content=\"index, follow, max-snippet:-1, max-image-preview:large, max-video-preview:-1\" \/>\n<link rel=\"canonical\" href=\"https:\/\/avrupatv.eu\/index.php\/2024\/11\/20\/meclis-karisti-ali-yerlikaya-tokat-atti\/\" \/>\n<meta property=\"og:locale\" content=\"tr_TR\" \/>\n<meta property=\"og:type\" content=\"article\" \/>\n<meta property=\"og:title\" content=\"Meclis kar\u0131\u015ft\u0131 Ali Yerlikaya tokat att\u0131 - Avrupal\u0131 T\u00fcrklerin en Yeni Haber Portal\u0131\" \/>\n<meta property=\"og:description\" content=\"Meclis&#8217;te Arbede: Ali Yerlikaya&#8217;ya Kayyum Protestosu TBMM Plan ve B\u00fct\u00e7e Komisyonu&#8217;nda, \u0130\u00e7i\u015fleri Bakanl\u0131\u011f\u0131&#8217;n\u0131n 2025 y\u0131l\u0131 b\u00fct\u00e7e g\u00f6r\u00fc\u015fmeleri s\u0131ras\u0131nda tansiyon y\u00fckseldi. Muhalefet milletvekilleri, kayyum atamalar\u0131n\u0131 protesto etmek i\u00e7in \u0130\u00e7i\u015fleri Bakan\u0131 Ali Yerlikaya&#8217;ya tepki g\u00f6sterdi. Ya\u015fanan gerginlik s\u0131ras\u0131nda arbedeye d\u00f6n\u00fc\u015fen olayda, Yerlikaya&#8217;n\u0131n bir kameraya tokat att\u0131\u011f\u0131 g\u00f6r\u00fcld\u00fc. &#8220;Siz Bizi Esenyurt Belediyesi&#8217;ne Almad\u0131n\u0131z&#8221; CHP milletvekilleri, Bakan Yerlikaya&#8217;n\u0131n salona [&hellip;]\" \/>\n<meta property=\"og:url\" content=\"https:\/\/avrupatv.eu\/index.php\/2024\/11\/20\/meclis-karisti-ali-yerlikaya-tokat-atti\/\" \/>\n<meta property=\"og:site_name\" content=\"Avrupal\u0131 T\u00fcrklerin en Yeni Haber Portal\u0131\" \/>\n<meta property=\"article:published_time\" content=\"2024-11-20T15:49:58+00:00\" \/>\n<meta property=\"og:image\" content=\"https:\/\/avrupatv.eu\/wp-content\/uploads\/2024\/11\/ali-11.webp\" \/>\n\t<meta property=\"og:image:width\" content=\"1280\" \/>\n\t<meta property=\"og:image:height\" content=\"720\" \/>\n\t<meta property=\"og:image:type\" content=\"image\/webp\" \/>\n<meta name=\"author\" content=\"Onur Akpinar\" \/>\n<meta name=\"twitter:card\" content=\"summary_large_image\" \/>\n<meta name=\"twitter:label1\" content=\"Yazan:\" \/>\n\t<meta name=\"twitter:data1\" content=\"Onur Akpinar\" \/>\n\t<meta name=\"twitter:label2\" content=\"Tahmini okuma s\u00fcresi\" \/>\n\t<meta name=\"twitter:data2\" content=\"2 dakika\" \/>\n<script type=\"application\/ld+json\" class=\"yoast-schema-graph\">{\"@context\":\"https:\\\/\\\/schema.org\",\"@graph\":[{\"@type\":\"Article\",\"@id\":\"https:\\\/\\\/avrupatv.eu\\\/index.php\\\/2024\\\/11\\\/20\\\/meclis-karisti-ali-yerlikaya-tokat-atti\\\/#article\",\"isPartOf\":{\"@id\":\"https:\\\/\\\/avrupatv.eu\\\/index.php\\\/2024\\\/11\\\/20\\\/meclis-karisti-ali-yerlikaya-tokat-atti\\\/\"},\"author\":{\"name\":\"Onur Akpinar\",\"@id\":\"https:\\\/\\\/avrupatv.eu\\\/#\\\/schema\\\/person\\\/d56afa5d5569da4029d483da36c0c17d\"},\"headline\":\"Meclis kar\u0131\u015ft\u0131 Ali Yerlikaya tokat att\u0131\",\"datePublished\":\"2024-11-20T15:49:58+00:00\",\"mainEntityOfPage\":{\"@id\":\"https:\\\/\\\/avrupatv.eu\\\/index.php\\\/2024\\\/11\\\/20\\\/meclis-karisti-ali-yerlikaya-tokat-atti\\\/\"},\"wordCount\":279,\"commentCount\":0,\"publisher\":{\"@id\":\"https:\\\/\\\/avrupatv.eu\\\/#organization\"},\"image\":{\"@id\":\"https:\\\/\\\/avrupatv.eu\\\/index.php\\\/2024\\\/11\\\/20\\\/meclis-karisti-ali-yerlikaya-tokat-atti\\\/#primaryimage\"},\"thumbnailUrl\":\"https:\\\/\\\/avrupatv.eu\\\/wp-content\\\/uploads\\\/2024\\\/11\\\/ali-11.webp\",\"articleSection\":[\"Siyaset\",\"T\u00fcrkiye\"],\"inLanguage\":\"tr\",\"potentialAction\":[{\"@type\":\"CommentAction\",\"name\":\"Comment\",\"target\":[\"https:\\\/\\\/avrupatv.eu\\\/index.php\\\/2024\\\/11\\\/20\\\/meclis-karisti-ali-yerlikaya-tokat-atti\\\/#respond\"]}]},{\"@type\":\"WebPage\",\"@id\":\"https:\\\/\\\/avrupatv.eu\\\/index.php\\\/2024\\\/11\\\/20\\\/meclis-karisti-ali-yerlikaya-tokat-atti\\\/\",\"url\":\"https:\\\/\\\/avrupatv.eu\\\/index.php\\\/2024\\\/11\\\/20\\\/meclis-karisti-ali-yerlikaya-tokat-atti\\\/\",\"name\":\"Meclis kar\u0131\u015ft\u0131 Ali Yerlikaya tokat att\u0131 - Avrupal\u0131 T\u00fcrklerin en Yeni Haber Portal\u0131\",\"isPartOf\":{\"@id\":\"https:\\\/\\\/avrupatv.eu\\\/#website\"},\"primaryImageOfPage\":{\"@id\":\"https:\\\/\\\/avrupatv.eu\\\/index.php\\\/2024\\\/11\\\/20\\\/meclis-karisti-ali-yerlikaya-tokat-atti\\\/#primaryimage\"},\"image\":{\"@id\":\"https:\\\/\\\/avrupatv.eu\\\/index.php\\\/2024\\\/11\\\/20\\\/meclis-karisti-ali-yerlikaya-tokat-atti\\\/#primaryimage\"},\"thumbnailUrl\":\"https:\\\/\\\/avrupatv.eu\\\/wp-content\\\/uploads\\\/2024\\\/11\\\/ali-11.webp\",\"datePublished\":\"2024-11-20T15:49:58+00:00\",\"breadcrumb\":{\"@id\":\"https:\\\/\\\/avrupatv.eu\\\/index.php\\\/2024\\\/11\\\/20\\\/meclis-karisti-ali-yerlikaya-tokat-atti\\\/#breadcrumb\"},\"inLanguage\":\"tr\",\"potentialAction\":[{\"@type\":\"ReadAction\",\"target\":[\"https:\\\/\\\/avrupatv.eu\\\/index.php\\\/2024\\\/11\\\/20\\\/meclis-karisti-ali-yerlikaya-tokat-atti\\\/\"]}]},{\"@type\":\"ImageObject\",\"inLanguage\":\"tr\",\"@id\":\"https:\\\/\\\/avrupatv.eu\\\/index.php\\\/2024\\\/11\\\/20\\\/meclis-karisti-ali-yerlikaya-tokat-atti\\\/#primaryimage\",\"url\":\"https:\\\/\\\/avrupatv.eu\\\/wp-content\\\/uploads\\\/2024\\\/11\\\/ali-11.webp\",\"contentUrl\":\"https:\\\/\\\/avrupatv.eu\\\/wp-content\\\/uploads\\\/2024\\\/11\\\/ali-11.webp\",\"width\":1280,\"height\":720},{\"@type\":\"BreadcrumbList\",\"@id\":\"https:\\\/\\\/avrupatv.eu\\\/index.php\\\/2024\\\/11\\\/20\\\/meclis-karisti-ali-yerlikaya-tokat-atti\\\/#breadcrumb\",\"itemListElement\":[{\"@type\":\"ListItem\",\"position\":1,\"name\":\"Anasayfa\",\"item\":\"https:\\\/\\\/avrupatv.eu\\\/\"},{\"@type\":\"ListItem\",\"position\":2,\"name\":\"Meclis kar\u0131\u015ft\u0131 Ali Yerlikaya tokat att\u0131\"}]},{\"@type\":\"WebSite\",\"@id\":\"https:\\\/\\\/avrupatv.eu\\\/#website\",\"url\":\"https:\\\/\\\/avrupatv.eu\\\/\",\"name\":\"Avrupal\u0131 T\u00fcrklerin en Yeni Haber Portal\u0131\",\"description\":\"\",\"publisher\":{\"@id\":\"https:\\\/\\\/avrupatv.eu\\\/#organization\"},\"alternateName\":\"Avrupa tv\",\"potentialAction\":[{\"@type\":\"SearchAction\",\"target\":{\"@type\":\"EntryPoint\",\"urlTemplate\":\"https:\\\/\\\/avrupatv.eu\\\/?s={search_term_string}\"},\"query-input\":{\"@type\":\"PropertyValueSpecification\",\"valueRequired\":true,\"valueName\":\"search_term_string\"}}],\"inLanguage\":\"tr\"},{\"@type\":\"Organization\",\"@id\":\"https:\\\/\\\/avrupatv.eu\\\/#organization\",\"name\":\"Avrupa Haber\",\"url\":\"https:\\\/\\\/avrupatv.eu\\\/\",\"logo\":{\"@type\":\"ImageObject\",\"inLanguage\":\"tr\",\"@id\":\"https:\\\/\\\/avrupatv.eu\\\/#\\\/schema\\\/logo\\\/image\\\/\",\"url\":\"https:\\\/\\\/avrupatv.eu\\\/wp-content\\\/uploads\\\/2023\\\/10\\\/cropped-thumbnail_logo.png\",\"contentUrl\":\"https:\\\/\\\/avrupatv.eu\\\/wp-content\\\/uploads\\\/2023\\\/10\\\/cropped-thumbnail_logo.png\",\"width\":1025,\"height\":302,\"caption\":\"Avrupa Haber\"},\"image\":{\"@id\":\"https:\\\/\\\/avrupatv.eu\\\/#\\\/schema\\\/logo\\\/image\\\/\"}},{\"@type\":\"Person\",\"@id\":\"https:\\\/\\\/avrupatv.eu\\\/#\\\/schema\\\/person\\\/d56afa5d5569da4029d483da36c0c17d\",\"name\":\"Onur Akpinar\",\"image\":{\"@type\":\"ImageObject\",\"inLanguage\":\"tr\",\"@id\":\"https:\\\/\\\/secure.gravatar.com\\\/avatar\\\/67a1a0bdf34f82da209334e4684b7e7171a58a5a2b0a8f836b61044f5c1f5d6a?s=96&d=mm&r=g\",\"url\":\"https:\\\/\\\/secure.gravatar.com\\\/avatar\\\/67a1a0bdf34f82da209334e4684b7e7171a58a5a2b0a8f836b61044f5c1f5d6a?s=96&d=mm&r=g\",\"contentUrl\":\"https:\\\/\\\/secure.gravatar.com\\\/avatar\\\/67a1a0bdf34f82da209334e4684b7e7171a58a5a2b0a8f836b61044f5c1f5d6a?s=96&d=mm&r=g\",\"caption\":\"Onur Akpinar\"},\"url\":\"https:\\\/\\\/avrupatv.eu\\\/index.php\\\/author\\\/onur-akpinar\\\/\"}]}<\/script>\n<!-- \/ Yoast SEO plugin. -->","yoast_head_json":{"title":"Meclis kar\u0131\u015ft\u0131 Ali Yerlikaya tokat att\u0131 - Avrupal\u0131 T\u00fcrklerin en Yeni Haber Portal\u0131","robots":{"index":"index","follow":"follow","max-snippet":"max-snippet:-1","max-image-preview":"max-image-preview:large","max-video-preview":"max-video-preview:-1"},"canonical":"https:\/\/avrupatv.eu\/index.php\/2024\/11\/20\/meclis-karisti-ali-yerlikaya-tokat-atti\/","og_locale":"tr_TR","og_type":"article","og_title":"Meclis kar\u0131\u015ft\u0131 Ali Yerlikaya tokat att\u0131 - Avrupal\u0131 T\u00fcrklerin en Yeni Haber Portal\u0131","og_description":"Meclis&#8217;te Arbede: Ali Yerlikaya&#8217;ya Kayyum Protestosu TBMM Plan ve B\u00fct\u00e7e Komisyonu&#8217;nda, \u0130\u00e7i\u015fleri Bakanl\u0131\u011f\u0131&#8217;n\u0131n 2025 y\u0131l\u0131 b\u00fct\u00e7e g\u00f6r\u00fc\u015fmeleri s\u0131ras\u0131nda tansiyon y\u00fckseldi. Muhalefet milletvekilleri, kayyum atamalar\u0131n\u0131 protesto etmek i\u00e7in \u0130\u00e7i\u015fleri Bakan\u0131 Ali Yerlikaya&#8217;ya tepki g\u00f6sterdi. Ya\u015fanan gerginlik s\u0131ras\u0131nda arbedeye d\u00f6n\u00fc\u015fen olayda, Yerlikaya&#8217;n\u0131n bir kameraya tokat att\u0131\u011f\u0131 g\u00f6r\u00fcld\u00fc. &#8220;Siz Bizi Esenyurt Belediyesi&#8217;ne Almad\u0131n\u0131z&#8221; CHP milletvekilleri, Bakan Yerlikaya&#8217;n\u0131n salona [&hellip;]","og_url":"https:\/\/avrupatv.eu\/index.php\/2024\/11\/20\/meclis-karisti-ali-yerlikaya-tokat-atti\/","og_site_name":"Avrupal\u0131 T\u00fcrklerin en Yeni Haber Portal\u0131","article_published_time":"2024-11-20T15:49:58+00:00","og_image":[{"width":1280,"height":720,"url":"https:\/\/avrupatv.eu\/wp-content\/uploads\/2024\/11\/ali-11.webp","type":"image\/webp"}],"author":"Onur Akpinar","twitter_card":"summary_large_image","twitter_misc":{"Yazan:":"Onur Akpinar","Tahmini okuma s\u00fcresi":"2 dakika"},"schema":{"@context":"https:\/\/schema.org","@graph":[{"@type":"Article","@id":"https:\/\/avrupatv.eu\/index.php\/2024\/11\/20\/meclis-karisti-ali-yerlikaya-tokat-atti\/#article","isPartOf":{"@id":"https:\/\/avrupatv.eu\/index.php\/2024\/11\/20\/meclis-karisti-ali-yerlikaya-tokat-atti\/"},"author":{"name":"Onur Akpinar","@id":"https:\/\/avrupatv.eu\/#\/schema\/person\/d56afa5d5569da4029d483da36c0c17d"},"headline":"Meclis kar\u0131\u015ft\u0131 Ali Yerlikaya tokat att\u0131","datePublished":"2024-11-20T15:49:58+00:00","mainEntityOfPage":{"@id":"https:\/\/avrupatv.eu\/index.php\/2024\/11\/20\/meclis-karisti-ali-yerlikaya-tokat-atti\/"},"wordCount":279,"commentCount":0,"publisher":{"@id":"https:\/\/avrupatv.eu\/#organization"},"image":{"@id":"https:\/\/avrupatv.eu\/index.php\/2024\/11\/20\/meclis-karisti-ali-yerlikaya-tokat-atti\/#primaryimage"},"thumbnailUrl":"https:\/\/avrupatv.eu\/wp-content\/uploads\/2024\/11\/ali-11.webp","articleSection":["Siyaset","T\u00fcrkiye"],"inLanguage":"tr","potentialAction":[{"@type":"CommentAction","name":"Comment","target":["https:\/\/avrupatv.eu\/index.php\/2024\/11\/20\/meclis-karisti-ali-yerlikaya-tokat-atti\/#respond"]}]},{"@type":"WebPage","@id":"https:\/\/avrupatv.eu\/index.php\/2024\/11\/20\/meclis-karisti-ali-yerlikaya-tokat-atti\/","url":"https:\/\/avrupatv.eu\/index.php\/2024\/11\/20\/meclis-karisti-ali-yerlikaya-tokat-atti\/","name":"Meclis kar\u0131\u015ft\u0131 Ali Yerlikaya tokat att\u0131 - Avrupal\u0131 T\u00fcrklerin en Yeni Haber Portal\u0131","isPartOf":{"@id":"https:\/\/avrupatv.eu\/#website"},"primaryImageOfPage":{"@id":"https:\/\/avrupatv.eu\/index.php\/2024\/11\/20\/meclis-karisti-ali-yerlikaya-tokat-atti\/#primaryimage"},"image":{"@id":"https:\/\/avrupatv.eu\/index.php\/2024\/11\/20\/meclis-karisti-ali-yerlikaya-tokat-atti\/#primaryimage"},"thumbnailUrl":"https:\/\/avrupatv.eu\/wp-content\/uploads\/2024\/11\/ali-11.webp","datePublished":"2024-11-20T15:49:58+00:00","breadcrumb":{"@id":"https:\/\/avrupatv.eu\/index.php\/2024\/11\/20\/meclis-karisti-ali-yerlikaya-tokat-atti\/#breadcrumb"},"inLanguage":"tr","potentialAction":[{"@type":"ReadAction","target":["https:\/\/avrupatv.eu\/index.php\/2024\/11\/20\/meclis-karisti-ali-yerlikaya-tokat-atti\/"]}]},{"@type":"ImageObject","inLanguage":"tr","@id":"https:\/\/avrupatv.eu\/index.php\/2024\/11\/20\/meclis-karisti-ali-yerlikaya-tokat-atti\/#primaryimage","url":"https:\/\/avrupatv.eu\/wp-content\/uploads\/2024\/11\/ali-11.webp","contentUrl":"https:\/\/avrupatv.eu\/wp-content\/uploads\/2024\/11\/ali-11.webp","width":1280,"height":720},{"@type":"BreadcrumbList","@id":"https:\/\/avrupatv.eu\/index.php\/2024\/11\/20\/meclis-karisti-ali-yerlikaya-tokat-atti\/#breadcrumb","itemListElement":[{"@type":"ListItem","position":1,"name":"Anasayfa","item":"https:\/\/avrupatv.eu\/"},{"@type":"ListItem","position":2,"name":"Meclis kar\u0131\u015ft\u0131 Ali Yerlikaya tokat att\u0131"}]},{"@type":"WebSite","@id":"https:\/\/avrupatv.eu\/#website","url":"https:\/\/avrupatv.eu\/","name":"Avrupal\u0131 T\u00fcrklerin en Yeni Haber Portal\u0131","description":"","publisher":{"@id":"https:\/\/avrupatv.eu\/#organization"},"alternateName":"Avrupa tv","potentialAction":[{"@type":"SearchAction","target":{"@type":"EntryPoint","urlTemplate":"https:\/\/avrupatv.eu\/?s={search_term_string}"},"query-input":{"@type":"PropertyValueSpecification","valueRequired":true,"valueName":"search_term_string"}}],"inLanguage":"tr"},{"@type":"Organization","@id":"https:\/\/avrupatv.eu\/#organization","name":"Avrupa Haber","url":"https:\/\/avrupatv.eu\/","logo":{"@type":"ImageObject","inLanguage":"tr","@id":"https:\/\/avrupatv.eu\/#\/schema\/logo\/image\/","url":"https:\/\/avrupatv.eu\/wp-content\/uploads\/2023\/10\/cropped-thumbnail_logo.png","contentUrl":"https:\/\/avrupatv.eu\/wp-content\/uploads\/2023\/10\/cropped-thumbnail_logo.png","width":1025,"height":302,"caption":"Avrupa Haber"},"image":{"@id":"https:\/\/avrupatv.eu\/#\/schema\/logo\/image\/"}},{"@type":"Person","@id":"https:\/\/avrupatv.eu\/#\/schema\/person\/d56afa5d5569da4029d483da36c0c17d","name":"Onur Akpinar","image":{"@type":"ImageObject","inLanguage":"tr","@id":"https:\/\/secure.gravatar.com\/avatar\/67a1a0bdf34f82da209334e4684b7e7171a58a5a2b0a8f836b61044f5c1f5d6a?s=96&d=mm&r=g","url":"https:\/\/secure.gravatar.com\/avatar\/67a1a0bdf34f82da209334e4684b7e7171a58a5a2b0a8f836b61044f5c1f5d6a?s=96&d=mm&r=g","contentUrl":"https:\/\/secure.gravatar.com\/avatar\/67a1a0bdf34f82da209334e4684b7e7171a58a5a2b0a8f836b61044f5c1f5d6a?s=96&d=mm&r=g","caption":"Onur Akpinar"},"url":"https:\/\/avrupatv.eu\/index.php\/author\/onur-akpinar\/"}]}},"_links":{"self":[{"href":"https:\/\/avrupatv.eu\/index.php\/wp-json\/wp\/v2\/posts\/673","targetHints":{"allow":["GET"]}}],"collection":[{"href":"https:\/\/avrupatv.eu\/index.php\/wp-json\/wp\/v2\/posts"}],"about":[{"href":"https:\/\/avrupatv.eu\/index.php\/wp-json\/wp\/v2\/types\/post"}],"author":[{"embeddable":true,"href":"https:\/\/avrupatv.eu\/index.php\/wp-json\/wp\/v2\/users\/2"}],"replies":[{"embeddable":true,"href":"https:\/\/avrupatv.eu\/index.php\/wp-json\/wp\/v2\/comments?post=673"}],"version-history":[{"count":1,"href":"https:\/\/avrupatv.eu\/index.php\/wp-json\/wp\/v2\/posts\/673\/revisions"}],"predecessor-version":[{"id":675,"href":"https:\/\/avrupatv.eu\/index.php\/wp-json\/wp\/v2\/posts\/673\/revisions\/675"}],"wp:featuredmedia":[{"embeddable":true,"href":"https:\/\/avrupatv.eu\/index.php\/wp-json\/wp\/v2\/media\/674"}],"wp:attachment":[{"href":"https:\/\/avrupatv.eu\/index.php\/wp-json\/wp\/v2\/media?parent=673"}],"wp:term":[{"taxonomy":"category","embeddable":true,"href":"https:\/\/avrupatv.eu\/index.php\/wp-json\/wp\/v2\/categories?post=673"},{"taxonomy":"post_tag","embeddable":true,"href":"https:\/\/avrupatv.eu\/index.php\/wp-json\/wp\/v2\/tags?post=673"}],"curies":[{"name":"wp","href":"https:\/\/api.w.org\/{rel}","templated":true}]}}