{"id":670,"date":"2024-11-16T16:14:57","date_gmt":"2024-11-16T16:14:57","guid":{"rendered":"https:\/\/avrupatv.eu\/?p=670"},"modified":"2024-11-16T16:14:57","modified_gmt":"2024-11-16T16:14:57","slug":"a-milli-takimin-galler-karsisindaki-ilk-11i-belli-oldu","status":"publish","type":"post","link":"https:\/\/avrupatv.eu\/index.php\/2024\/11\/16\/a-milli-takimin-galler-karsisindaki-ilk-11i-belli-oldu\/","title":{"rendered":"A Milli Tak\u0131m&#8217;\u0131n Galler kar\u015f\u0131s\u0131ndaki ilk 11&#8217;i belli oldu"},"content":{"rendered":"\n<p><strong>A Milli Futbol Tak\u0131m\u0131, Galler&#8217;i Yenip A Ligi&#8217;ne Y\u00fckselmek \u0130\u00e7in Sahaya \u00c7\u0131k\u0131yor<\/strong><\/p>\n\n\n\n<p>A Milli Futbol Tak\u0131m\u0131, UEFA Uluslar B Ligi 4. Grup&#8217;taki 5. ma\u00e7\u0131nda bug\u00fcn Kayseri&#8217;de Galler ile kar\u015f\u0131la\u015facak.<\/p>\n\n\n\n<p>Kayseri B\u00fcy\u00fck\u015fehir Belediyesi Kadir Has Stad\u0131&#8217;ndaki m\u00fccadele, saat 20.00&#8217;de ba\u015flayacak.<\/p>\n\n\n\n<p>Kar\u015f\u0131la\u015fmay\u0131, \u0130spanya Futbol Federasyonundan Juan Martinez Munuera y\u00f6netecek. Munuera&#8217;n\u0131n yard\u0131mc\u0131 hakemliklerini Raul Cabanero ve Guadalupe Porras Ayuso yapacak. M\u00fccadelenin 4. hakemi ise Alejandro Muniz Ruiz olacak.<\/p>\n\n\n\n<p><strong>Galibiyet A Ligi&#8217;ni Getirecek<\/strong><\/p>\n\n\n\n<p>4.Grup&#8217;ta 10 puanla lider durumda bulunan A Milli Futbol Tak\u0131m\u0131, 8 puanla ikinci s\u0131rada yer alan Galler&#8217;i ma\u011flup etmesi durumunda, son ma\u00e7lar \u00f6ncesi liderli\u011fi ve A Ligi&#8217;ne y\u00fckselmeyi garantileyecek.<\/p>\n\n\n\n<p><strong>A Milli Futbol Tak\u0131m\u0131, Galler Ma\u00e7\u0131na \u00c7\u0131k\u0131yor: T\u00fcrkiye&#8217;nin Hedefi A Ligi&#8217;ne Y\u00fckselmek<\/strong><\/p>\n\n\n\n<p>A Milli Futbol Tak\u0131m\u0131, UEFA Uluslar B Ligi 4. Grup&#8217;taki 5. ma\u00e7\u0131nda bug\u00fcn Kayseri&#8217;de Galler ile kar\u015f\u0131 kar\u015f\u0131ya gelecek. Kayseri B\u00fcy\u00fck\u015fehir Belediyesi Kadir Has Stad\u0131&#8217;ndaki m\u00fccadele, saat 20.00&#8217;de ba\u015flayacak.<\/p>\n\n\n\n<p>Kar\u015f\u0131la\u015fma, \u0130spanya Futbol Federasyonundan hakem Juan Martinez Munuera taraf\u0131ndan y\u00f6netilecek. Munuera&#8217;n\u0131n yard\u0131mc\u0131lar\u0131 Raul Cabanero ve Guadalupe Porras Ayuso olacak, 4. hakem ise Alejandro Muniz Ruiz.<\/p>\n\n\n\n<p><strong>Galibiyet A Ligi&#8217;ni Getirecek<\/strong><\/p>\n\n\n\n<p>Grup lideri T\u00fcrkiye, 10 puanla zirvede yer al\u0131yor. Galler ise 8 puanla ikinci s\u0131rada bulunuyor. E\u011fer A Milli Tak\u0131m, Galler&#8217;i ma\u011flup ederse, son ma\u00e7lar \u00f6ncesinde liderli\u011fi garantileyerek A Ligi&#8217;ne y\u00fckselmeyi sa\u011flayacak.<\/p>\n\n\n\n<p><strong>Son 4 Ma\u00e7ta Performanslar<\/strong><\/p>\n\n\n\n<ul class=\"wp-block-list\">\n<li>T\u00fcrkiye, Galler&#8217;deki ilk ma\u00e7\u0131nda 0-0 berabere kal\u0131rken, \u0130zmir&#8217;deki ikinci ma\u00e7ta \u0130zlanda&#8217;y\u0131 3-1 yendi.<\/li>\n\n\n\n<li>\u00dc\u00e7\u00fcnc\u00fc kar\u015f\u0131la\u015fmada Samsun&#8217;da Karada\u011f&#8217;\u0131 1-0 ma\u011flup eden Ay-y\u0131ld\u0131zl\u0131 ekip, deplasmanda \u0130zlanda&#8217;y\u0131 4-2 yenerek \u00f6nemli bir galibiyet ald\u0131.<\/li>\n\n\n\n<li>Galler ise Karada\u011f&#8217;\u0131 2-1 ma\u011flup ettikten sonra deplasmanda \u0130zlanda ile 2-2 berabere kald\u0131 ve son ma\u00e7\u0131nda sahas\u0131nda Karada\u011f&#8217;\u0131 1-0 yendi.<\/li>\n<\/ul>\n\n\n\n<p><strong>Kenan Y\u0131ld\u0131z Formda Olmayacak<\/strong><\/p>\n\n\n\n<p>A Milli Tak\u0131m&#8217;da, cezal\u0131 Kenan Y\u0131ld\u0131z bu ma\u00e7ta forma giyemeyecek. Ayr\u0131ca, sakatl\u0131klar\u0131 nedeniyle \u00c7a\u011flar S\u00f6y\u00fcnc\u00fc, Ferdi Kad\u0131o\u011flu ve Deniz G\u00fcl aday kadrodan \u00e7\u0131kar\u0131l\u0131rken, Eren Dinkci, Yasin \u00d6zcan ve Bertu\u011f Y\u0131ld\u0131r\u0131m kadroya dahil edildi.<\/p>\n\n\n\n<p><strong>T\u00fcrkiye&#8217;nin Kadrosu<\/strong><\/p>\n\n\n\n<p>Kaleciler: Altay Bay\u0131nd\u0131r, Mert G\u00fcnok, Muhammed \u015eengezer, U\u011furcan \u00c7ak\u0131r<br>Defans: Abd\u00fclkerim Bardak\u00e7\u0131, Mert M\u00fcld\u00fcr, Samet Akayd\u0131n, Emirhan Top\u00e7u, Eren Elmal\u0131, Merih Demiral, Yasin \u00d6zcan, Zeki \u00c7elik<br>Orta saha: Do\u011fucan Haspolat, Hakan \u00c7alhano\u011flu, \u0130smail Y\u00fcksek, Kaan Ayhan, Okay Yoku\u015flu, Orkun K\u00f6k\u00e7\u00fc<br>Forvet: Ahmet Kutucu, Arda G\u00fcler, Bar\u0131\u015f Alper Y\u0131lmaz, Yunus Akg\u00fcn, Bertu\u011f Y\u0131ld\u0131r\u0131m, Enes \u00dcnal, Eren Dinkci, Kerem Akt\u00fcrko\u011flu, Semih K\u0131l\u0131\u00e7soy<\/p>\n\n\n\n<p><strong>Kar\u015f\u0131la\u015fmalar ve Tarihler<\/strong><\/p>\n\n\n\n<ul class=\"wp-block-list\">\n<li>\u0130lk kar\u015f\u0131la\u015fma 1978&#8217;de oynand\u0131 ve Galler 1-0 kazand\u0131.<\/li>\n\n\n\n<li>6 Eyl\u00fcl 2024\u2019te oynanan son kar\u015f\u0131la\u015fma 0-0 berabere tamamland\u0131.<\/li>\n\n\n\n<li>T\u00fcrkiye&#8217;nin Galler ile oynad\u0131\u011f\u0131 en goll\u00fc ma\u00e7 1997&#8217;deki 6-4&#8217;l\u00fck galibiyet oldu.<\/li>\n<\/ul>\n\n\n\n<p><strong>Montella&#8217;n\u0131n Y\u00f6netiminde 18. Ma\u00e7<\/strong><\/p>\n\n\n\n<p>A Milli Tak\u0131m, teknik direkt\u00f6r Vincenzo Montella y\u00f6netimindeki 18. ma\u00e7\u0131na \u00e7\u0131kacak. Montella ile 17 ma\u00e7ta 9 galibiyet, 5 ma\u011flubiyet ve 3 beraberlik elde eden T\u00fcrkiye, 27 gol atarken 23 gol yedi.<\/p>\n\n\n\n<p><strong>\u0130lk 11&#8217;ler<\/strong><\/p>\n\n\n\n<p>T\u00fcrkiye: Mert G\u00fcnok, Mert M\u00fcld\u00fcr, Merih Demiral, Abd\u00fclkerim Bardakc\u0131, Eren Elmal\u0131, Orkun, Hakan, Arda G\u00fcler, Yunus Akg\u00fcn, Kerem Akt\u00fcrko\u011flu, Bar\u0131\u015f Alper Y\u0131lmaz<br>Galler: Darlow, Neco Williams, Rodon, Roberts, Ben Davies, Thomas, Harry Wilson, Jordan James, Sheehan, Brennan Johnson, Harris<\/p>\n\n\n\n<ol class=\"wp-block-list\" start=\"4\"><\/ol>\n","protected":false},"excerpt":{"rendered":"<p>A Milli Futbol Tak\u0131m\u0131, Galler&#8217;i Yenip A Ligi&#8217;ne Y\u00fckselmek \u0130\u00e7in Sahaya \u00c7\u0131k\u0131yor A Milli Futbol Tak\u0131m\u0131, UEFA Uluslar B Ligi 4. Grup&#8217;taki 5. ma\u00e7\u0131nda bug\u00fcn Kayseri&#8217;de Galler ile kar\u015f\u0131la\u015facak. Kayseri B\u00fcy\u00fck\u015fehir Belediyesi Kadir Has Stad\u0131&#8217;ndaki m\u00fccadele, saat 20.00&#8217;de ba\u015flayacak. Kar\u015f\u0131la\u015fmay\u0131, \u0130spanya Futbol Federasyonundan Juan Martinez Munuera y\u00f6netecek. Munuera&#8217;n\u0131n yard\u0131mc\u0131 hakemliklerini Raul Cabanero ve Guadalupe Porras [&hellip;]<\/p>\n","protected":false},"author":2,"featured_media":671,"comment_status":"open","ping_status":"open","sticky":false,"template":"","format":"standard","meta":{"footnotes":""},"categories":[6,10,11],"tags":[],"class_list":["post-670","post","type-post","status-publish","format-standard","has-post-thumbnail","hentry","category-dunya","category-futbol","category-turkiye"],"yoast_head":"<!-- This site is optimized with the Yoast SEO plugin v27.4 - https:\/\/yoast.com\/product\/yoast-seo-wordpress\/ -->\n<title>A Milli Tak\u0131m&#039;\u0131n Galler kar\u015f\u0131s\u0131ndaki ilk 11&#039;i belli oldu - Avrupal\u0131 T\u00fcrklerin en Yeni Haber Portal\u0131<\/title>\n<meta name=\"robots\" content=\"index, follow, max-snippet:-1, max-image-preview:large, max-video-preview:-1\" \/>\n<link rel=\"canonical\" href=\"https:\/\/avrupatv.eu\/index.php\/2024\/11\/16\/a-milli-takimin-galler-karsisindaki-ilk-11i-belli-oldu\/\" \/>\n<meta property=\"og:locale\" content=\"tr_TR\" \/>\n<meta property=\"og:type\" content=\"article\" \/>\n<meta property=\"og:title\" content=\"A Milli Tak\u0131m&#039;\u0131n Galler kar\u015f\u0131s\u0131ndaki ilk 11&#039;i belli oldu - Avrupal\u0131 T\u00fcrklerin en Yeni Haber Portal\u0131\" \/>\n<meta property=\"og:description\" content=\"A Milli Futbol Tak\u0131m\u0131, Galler&#8217;i Yenip A Ligi&#8217;ne Y\u00fckselmek \u0130\u00e7in Sahaya \u00c7\u0131k\u0131yor A Milli Futbol Tak\u0131m\u0131, UEFA Uluslar B Ligi 4. Grup&#8217;taki 5. ma\u00e7\u0131nda bug\u00fcn Kayseri&#8217;de Galler ile kar\u015f\u0131la\u015facak. Kayseri B\u00fcy\u00fck\u015fehir Belediyesi Kadir Has Stad\u0131&#8217;ndaki m\u00fccadele, saat 20.00&#8217;de ba\u015flayacak. Kar\u015f\u0131la\u015fmay\u0131, \u0130spanya Futbol Federasyonundan Juan Martinez Munuera y\u00f6netecek. Munuera&#8217;n\u0131n yard\u0131mc\u0131 hakemliklerini Raul Cabanero ve Guadalupe Porras [&hellip;]\" \/>\n<meta property=\"og:url\" content=\"https:\/\/avrupatv.eu\/index.php\/2024\/11\/16\/a-milli-takimin-galler-karsisindaki-ilk-11i-belli-oldu\/\" \/>\n<meta property=\"og:site_name\" content=\"Avrupal\u0131 T\u00fcrklerin en Yeni Haber Portal\u0131\" \/>\n<meta property=\"article:published_time\" content=\"2024-11-16T16:14:57+00:00\" \/>\n<meta property=\"og:image\" content=\"https:\/\/avrupatv.eu\/wp-content\/uploads\/2024\/11\/milli.jpg\" \/>\n\t<meta property=\"og:image:width\" content=\"800\" \/>\n\t<meta property=\"og:image:height\" content=\"450\" \/>\n\t<meta property=\"og:image:type\" content=\"image\/jpeg\" \/>\n<meta name=\"author\" content=\"Onur Akpinar\" \/>\n<meta name=\"twitter:card\" content=\"summary_large_image\" \/>\n<meta name=\"twitter:label1\" content=\"Yazan:\" \/>\n\t<meta name=\"twitter:data1\" content=\"Onur Akpinar\" \/>\n\t<meta name=\"twitter:label2\" content=\"Tahmini okuma s\u00fcresi\" \/>\n\t<meta name=\"twitter:data2\" content=\"3 dakika\" \/>\n<script type=\"application\/ld+json\" class=\"yoast-schema-graph\">{\"@context\":\"https:\\\/\\\/schema.org\",\"@graph\":[{\"@type\":\"Article\",\"@id\":\"https:\\\/\\\/avrupatv.eu\\\/index.php\\\/2024\\\/11\\\/16\\\/a-milli-takimin-galler-karsisindaki-ilk-11i-belli-oldu\\\/#article\",\"isPartOf\":{\"@id\":\"https:\\\/\\\/avrupatv.eu\\\/index.php\\\/2024\\\/11\\\/16\\\/a-milli-takimin-galler-karsisindaki-ilk-11i-belli-oldu\\\/\"},\"author\":{\"name\":\"Onur Akpinar\",\"@id\":\"https:\\\/\\\/avrupatv.eu\\\/#\\\/schema\\\/person\\\/d56afa5d5569da4029d483da36c0c17d\"},\"headline\":\"A Milli Tak\u0131m&#8217;\u0131n Galler kar\u015f\u0131s\u0131ndaki ilk 11&#8217;i belli oldu\",\"datePublished\":\"2024-11-16T16:14:57+00:00\",\"mainEntityOfPage\":{\"@id\":\"https:\\\/\\\/avrupatv.eu\\\/index.php\\\/2024\\\/11\\\/16\\\/a-milli-takimin-galler-karsisindaki-ilk-11i-belli-oldu\\\/\"},\"wordCount\":620,\"commentCount\":0,\"publisher\":{\"@id\":\"https:\\\/\\\/avrupatv.eu\\\/#organization\"},\"image\":{\"@id\":\"https:\\\/\\\/avrupatv.eu\\\/index.php\\\/2024\\\/11\\\/16\\\/a-milli-takimin-galler-karsisindaki-ilk-11i-belli-oldu\\\/#primaryimage\"},\"thumbnailUrl\":\"https:\\\/\\\/avrupatv.eu\\\/wp-content\\\/uploads\\\/2024\\\/11\\\/milli.jpg\",\"articleSection\":[\"D\u00fcnya\",\"Futbol\",\"T\u00fcrkiye\"],\"inLanguage\":\"tr\",\"potentialAction\":[{\"@type\":\"CommentAction\",\"name\":\"Comment\",\"target\":[\"https:\\\/\\\/avrupatv.eu\\\/index.php\\\/2024\\\/11\\\/16\\\/a-milli-takimin-galler-karsisindaki-ilk-11i-belli-oldu\\\/#respond\"]}]},{\"@type\":\"WebPage\",\"@id\":\"https:\\\/\\\/avrupatv.eu\\\/index.php\\\/2024\\\/11\\\/16\\\/a-milli-takimin-galler-karsisindaki-ilk-11i-belli-oldu\\\/\",\"url\":\"https:\\\/\\\/avrupatv.eu\\\/index.php\\\/2024\\\/11\\\/16\\\/a-milli-takimin-galler-karsisindaki-ilk-11i-belli-oldu\\\/\",\"name\":\"A Milli Tak\u0131m'\u0131n Galler kar\u015f\u0131s\u0131ndaki ilk 11'i belli oldu - Avrupal\u0131 T\u00fcrklerin en Yeni Haber Portal\u0131\",\"isPartOf\":{\"@id\":\"https:\\\/\\\/avrupatv.eu\\\/#website\"},\"primaryImageOfPage\":{\"@id\":\"https:\\\/\\\/avrupatv.eu\\\/index.php\\\/2024\\\/11\\\/16\\\/a-milli-takimin-galler-karsisindaki-ilk-11i-belli-oldu\\\/#primaryimage\"},\"image\":{\"@id\":\"https:\\\/\\\/avrupatv.eu\\\/index.php\\\/2024\\\/11\\\/16\\\/a-milli-takimin-galler-karsisindaki-ilk-11i-belli-oldu\\\/#primaryimage\"},\"thumbnailUrl\":\"https:\\\/\\\/avrupatv.eu\\\/wp-content\\\/uploads\\\/2024\\\/11\\\/milli.jpg\",\"datePublished\":\"2024-11-16T16:14:57+00:00\",\"breadcrumb\":{\"@id\":\"https:\\\/\\\/avrupatv.eu\\\/index.php\\\/2024\\\/11\\\/16\\\/a-milli-takimin-galler-karsisindaki-ilk-11i-belli-oldu\\\/#breadcrumb\"},\"inLanguage\":\"tr\",\"potentialAction\":[{\"@type\":\"ReadAction\",\"target\":[\"https:\\\/\\\/avrupatv.eu\\\/index.php\\\/2024\\\/11\\\/16\\\/a-milli-takimin-galler-karsisindaki-ilk-11i-belli-oldu\\\/\"]}]},{\"@type\":\"ImageObject\",\"inLanguage\":\"tr\",\"@id\":\"https:\\\/\\\/avrupatv.eu\\\/index.php\\\/2024\\\/11\\\/16\\\/a-milli-takimin-galler-karsisindaki-ilk-11i-belli-oldu\\\/#primaryimage\",\"url\":\"https:\\\/\\\/avrupatv.eu\\\/wp-content\\\/uploads\\\/2024\\\/11\\\/milli.jpg\",\"contentUrl\":\"https:\\\/\\\/avrupatv.eu\\\/wp-content\\\/uploads\\\/2024\\\/11\\\/milli.jpg\",\"width\":800,\"height\":450},{\"@type\":\"BreadcrumbList\",\"@id\":\"https:\\\/\\\/avrupatv.eu\\\/index.php\\\/2024\\\/11\\\/16\\\/a-milli-takimin-galler-karsisindaki-ilk-11i-belli-oldu\\\/#breadcrumb\",\"itemListElement\":[{\"@type\":\"ListItem\",\"position\":1,\"name\":\"Anasayfa\",\"item\":\"https:\\\/\\\/avrupatv.eu\\\/\"},{\"@type\":\"ListItem\",\"position\":2,\"name\":\"A Milli Tak\u0131m&#8217;\u0131n Galler kar\u015f\u0131s\u0131ndaki ilk 11&#8217;i belli oldu\"}]},{\"@type\":\"WebSite\",\"@id\":\"https:\\\/\\\/avrupatv.eu\\\/#website\",\"url\":\"https:\\\/\\\/avrupatv.eu\\\/\",\"name\":\"Avrupal\u0131 T\u00fcrklerin en Yeni Haber Portal\u0131\",\"description\":\"\",\"publisher\":{\"@id\":\"https:\\\/\\\/avrupatv.eu\\\/#organization\"},\"alternateName\":\"Avrupa tv\",\"potentialAction\":[{\"@type\":\"SearchAction\",\"target\":{\"@type\":\"EntryPoint\",\"urlTemplate\":\"https:\\\/\\\/avrupatv.eu\\\/?s={search_term_string}\"},\"query-input\":{\"@type\":\"PropertyValueSpecification\",\"valueRequired\":true,\"valueName\":\"search_term_string\"}}],\"inLanguage\":\"tr\"},{\"@type\":\"Organization\",\"@id\":\"https:\\\/\\\/avrupatv.eu\\\/#organization\",\"name\":\"Avrupa Haber\",\"url\":\"https:\\\/\\\/avrupatv.eu\\\/\",\"logo\":{\"@type\":\"ImageObject\",\"inLanguage\":\"tr\",\"@id\":\"https:\\\/\\\/avrupatv.eu\\\/#\\\/schema\\\/logo\\\/image\\\/\",\"url\":\"https:\\\/\\\/avrupatv.eu\\\/wp-content\\\/uploads\\\/2023\\\/10\\\/cropped-thumbnail_logo.png\",\"contentUrl\":\"https:\\\/\\\/avrupatv.eu\\\/wp-content\\\/uploads\\\/2023\\\/10\\\/cropped-thumbnail_logo.png\",\"width\":1025,\"height\":302,\"caption\":\"Avrupa Haber\"},\"image\":{\"@id\":\"https:\\\/\\\/avrupatv.eu\\\/#\\\/schema\\\/logo\\\/image\\\/\"}},{\"@type\":\"Person\",\"@id\":\"https:\\\/\\\/avrupatv.eu\\\/#\\\/schema\\\/person\\\/d56afa5d5569da4029d483da36c0c17d\",\"name\":\"Onur Akpinar\",\"image\":{\"@type\":\"ImageObject\",\"inLanguage\":\"tr\",\"@id\":\"https:\\\/\\\/secure.gravatar.com\\\/avatar\\\/67a1a0bdf34f82da209334e4684b7e7171a58a5a2b0a8f836b61044f5c1f5d6a?s=96&d=mm&r=g\",\"url\":\"https:\\\/\\\/secure.gravatar.com\\\/avatar\\\/67a1a0bdf34f82da209334e4684b7e7171a58a5a2b0a8f836b61044f5c1f5d6a?s=96&d=mm&r=g\",\"contentUrl\":\"https:\\\/\\\/secure.gravatar.com\\\/avatar\\\/67a1a0bdf34f82da209334e4684b7e7171a58a5a2b0a8f836b61044f5c1f5d6a?s=96&d=mm&r=g\",\"caption\":\"Onur Akpinar\"},\"url\":\"https:\\\/\\\/avrupatv.eu\\\/index.php\\\/author\\\/onur-akpinar\\\/\"}]}<\/script>\n<!-- \/ Yoast SEO plugin. -->","yoast_head_json":{"title":"A Milli Tak\u0131m'\u0131n Galler kar\u015f\u0131s\u0131ndaki ilk 11'i belli oldu - Avrupal\u0131 T\u00fcrklerin en Yeni Haber Portal\u0131","robots":{"index":"index","follow":"follow","max-snippet":"max-snippet:-1","max-image-preview":"max-image-preview:large","max-video-preview":"max-video-preview:-1"},"canonical":"https:\/\/avrupatv.eu\/index.php\/2024\/11\/16\/a-milli-takimin-galler-karsisindaki-ilk-11i-belli-oldu\/","og_locale":"tr_TR","og_type":"article","og_title":"A Milli Tak\u0131m'\u0131n Galler kar\u015f\u0131s\u0131ndaki ilk 11'i belli oldu - Avrupal\u0131 T\u00fcrklerin en Yeni Haber Portal\u0131","og_description":"A Milli Futbol Tak\u0131m\u0131, Galler&#8217;i Yenip A Ligi&#8217;ne Y\u00fckselmek \u0130\u00e7in Sahaya \u00c7\u0131k\u0131yor A Milli Futbol Tak\u0131m\u0131, UEFA Uluslar B Ligi 4. Grup&#8217;taki 5. ma\u00e7\u0131nda bug\u00fcn Kayseri&#8217;de Galler ile kar\u015f\u0131la\u015facak. Kayseri B\u00fcy\u00fck\u015fehir Belediyesi Kadir Has Stad\u0131&#8217;ndaki m\u00fccadele, saat 20.00&#8217;de ba\u015flayacak. Kar\u015f\u0131la\u015fmay\u0131, \u0130spanya Futbol Federasyonundan Juan Martinez Munuera y\u00f6netecek. Munuera&#8217;n\u0131n yard\u0131mc\u0131 hakemliklerini Raul Cabanero ve Guadalupe Porras [&hellip;]","og_url":"https:\/\/avrupatv.eu\/index.php\/2024\/11\/16\/a-milli-takimin-galler-karsisindaki-ilk-11i-belli-oldu\/","og_site_name":"Avrupal\u0131 T\u00fcrklerin en Yeni Haber Portal\u0131","article_published_time":"2024-11-16T16:14:57+00:00","og_image":[{"width":800,"height":450,"url":"https:\/\/avrupatv.eu\/wp-content\/uploads\/2024\/11\/milli.jpg","type":"image\/jpeg"}],"author":"Onur Akpinar","twitter_card":"summary_large_image","twitter_misc":{"Yazan:":"Onur Akpinar","Tahmini okuma s\u00fcresi":"3 dakika"},"schema":{"@context":"https:\/\/schema.org","@graph":[{"@type":"Article","@id":"https:\/\/avrupatv.eu\/index.php\/2024\/11\/16\/a-milli-takimin-galler-karsisindaki-ilk-11i-belli-oldu\/#article","isPartOf":{"@id":"https:\/\/avrupatv.eu\/index.php\/2024\/11\/16\/a-milli-takimin-galler-karsisindaki-ilk-11i-belli-oldu\/"},"author":{"name":"Onur Akpinar","@id":"https:\/\/avrupatv.eu\/#\/schema\/person\/d56afa5d5569da4029d483da36c0c17d"},"headline":"A Milli Tak\u0131m&#8217;\u0131n Galler kar\u015f\u0131s\u0131ndaki ilk 11&#8217;i belli oldu","datePublished":"2024-11-16T16:14:57+00:00","mainEntityOfPage":{"@id":"https:\/\/avrupatv.eu\/index.php\/2024\/11\/16\/a-milli-takimin-galler-karsisindaki-ilk-11i-belli-oldu\/"},"wordCount":620,"commentCount":0,"publisher":{"@id":"https:\/\/avrupatv.eu\/#organization"},"image":{"@id":"https:\/\/avrupatv.eu\/index.php\/2024\/11\/16\/a-milli-takimin-galler-karsisindaki-ilk-11i-belli-oldu\/#primaryimage"},"thumbnailUrl":"https:\/\/avrupatv.eu\/wp-content\/uploads\/2024\/11\/milli.jpg","articleSection":["D\u00fcnya","Futbol","T\u00fcrkiye"],"inLanguage":"tr","potentialAction":[{"@type":"CommentAction","name":"Comment","target":["https:\/\/avrupatv.eu\/index.php\/2024\/11\/16\/a-milli-takimin-galler-karsisindaki-ilk-11i-belli-oldu\/#respond"]}]},{"@type":"WebPage","@id":"https:\/\/avrupatv.eu\/index.php\/2024\/11\/16\/a-milli-takimin-galler-karsisindaki-ilk-11i-belli-oldu\/","url":"https:\/\/avrupatv.eu\/index.php\/2024\/11\/16\/a-milli-takimin-galler-karsisindaki-ilk-11i-belli-oldu\/","name":"A Milli Tak\u0131m'\u0131n Galler kar\u015f\u0131s\u0131ndaki ilk 11'i belli oldu - Avrupal\u0131 T\u00fcrklerin en Yeni Haber Portal\u0131","isPartOf":{"@id":"https:\/\/avrupatv.eu\/#website"},"primaryImageOfPage":{"@id":"https:\/\/avrupatv.eu\/index.php\/2024\/11\/16\/a-milli-takimin-galler-karsisindaki-ilk-11i-belli-oldu\/#primaryimage"},"image":{"@id":"https:\/\/avrupatv.eu\/index.php\/2024\/11\/16\/a-milli-takimin-galler-karsisindaki-ilk-11i-belli-oldu\/#primaryimage"},"thumbnailUrl":"https:\/\/avrupatv.eu\/wp-content\/uploads\/2024\/11\/milli.jpg","datePublished":"2024-11-16T16:14:57+00:00","breadcrumb":{"@id":"https:\/\/avrupatv.eu\/index.php\/2024\/11\/16\/a-milli-takimin-galler-karsisindaki-ilk-11i-belli-oldu\/#breadcrumb"},"inLanguage":"tr","potentialAction":[{"@type":"ReadAction","target":["https:\/\/avrupatv.eu\/index.php\/2024\/11\/16\/a-milli-takimin-galler-karsisindaki-ilk-11i-belli-oldu\/"]}]},{"@type":"ImageObject","inLanguage":"tr","@id":"https:\/\/avrupatv.eu\/index.php\/2024\/11\/16\/a-milli-takimin-galler-karsisindaki-ilk-11i-belli-oldu\/#primaryimage","url":"https:\/\/avrupatv.eu\/wp-content\/uploads\/2024\/11\/milli.jpg","contentUrl":"https:\/\/avrupatv.eu\/wp-content\/uploads\/2024\/11\/milli.jpg","width":800,"height":450},{"@type":"BreadcrumbList","@id":"https:\/\/avrupatv.eu\/index.php\/2024\/11\/16\/a-milli-takimin-galler-karsisindaki-ilk-11i-belli-oldu\/#breadcrumb","itemListElement":[{"@type":"ListItem","position":1,"name":"Anasayfa","item":"https:\/\/avrupatv.eu\/"},{"@type":"ListItem","position":2,"name":"A Milli Tak\u0131m&#8217;\u0131n Galler kar\u015f\u0131s\u0131ndaki ilk 11&#8217;i belli oldu"}]},{"@type":"WebSite","@id":"https:\/\/avrupatv.eu\/#website","url":"https:\/\/avrupatv.eu\/","name":"Avrupal\u0131 T\u00fcrklerin en Yeni Haber Portal\u0131","description":"","publisher":{"@id":"https:\/\/avrupatv.eu\/#organization"},"alternateName":"Avrupa tv","potentialAction":[{"@type":"SearchAction","target":{"@type":"EntryPoint","urlTemplate":"https:\/\/avrupatv.eu\/?s={search_term_string}"},"query-input":{"@type":"PropertyValueSpecification","valueRequired":true,"valueName":"search_term_string"}}],"inLanguage":"tr"},{"@type":"Organization","@id":"https:\/\/avrupatv.eu\/#organization","name":"Avrupa Haber","url":"https:\/\/avrupatv.eu\/","logo":{"@type":"ImageObject","inLanguage":"tr","@id":"https:\/\/avrupatv.eu\/#\/schema\/logo\/image\/","url":"https:\/\/avrupatv.eu\/wp-content\/uploads\/2023\/10\/cropped-thumbnail_logo.png","contentUrl":"https:\/\/avrupatv.eu\/wp-content\/uploads\/2023\/10\/cropped-thumbnail_logo.png","width":1025,"height":302,"caption":"Avrupa Haber"},"image":{"@id":"https:\/\/avrupatv.eu\/#\/schema\/logo\/image\/"}},{"@type":"Person","@id":"https:\/\/avrupatv.eu\/#\/schema\/person\/d56afa5d5569da4029d483da36c0c17d","name":"Onur Akpinar","image":{"@type":"ImageObject","inLanguage":"tr","@id":"https:\/\/secure.gravatar.com\/avatar\/67a1a0bdf34f82da209334e4684b7e7171a58a5a2b0a8f836b61044f5c1f5d6a?s=96&d=mm&r=g","url":"https:\/\/secure.gravatar.com\/avatar\/67a1a0bdf34f82da209334e4684b7e7171a58a5a2b0a8f836b61044f5c1f5d6a?s=96&d=mm&r=g","contentUrl":"https:\/\/secure.gravatar.com\/avatar\/67a1a0bdf34f82da209334e4684b7e7171a58a5a2b0a8f836b61044f5c1f5d6a?s=96&d=mm&r=g","caption":"Onur Akpinar"},"url":"https:\/\/avrupatv.eu\/index.php\/author\/onur-akpinar\/"}]}},"_links":{"self":[{"href":"https:\/\/avrupatv.eu\/index.php\/wp-json\/wp\/v2\/posts\/670","targetHints":{"allow":["GET"]}}],"collection":[{"href":"https:\/\/avrupatv.eu\/index.php\/wp-json\/wp\/v2\/posts"}],"about":[{"href":"https:\/\/avrupatv.eu\/index.php\/wp-json\/wp\/v2\/types\/post"}],"author":[{"embeddable":true,"href":"https:\/\/avrupatv.eu\/index.php\/wp-json\/wp\/v2\/users\/2"}],"replies":[{"embeddable":true,"href":"https:\/\/avrupatv.eu\/index.php\/wp-json\/wp\/v2\/comments?post=670"}],"version-history":[{"count":1,"href":"https:\/\/avrupatv.eu\/index.php\/wp-json\/wp\/v2\/posts\/670\/revisions"}],"predecessor-version":[{"id":672,"href":"https:\/\/avrupatv.eu\/index.php\/wp-json\/wp\/v2\/posts\/670\/revisions\/672"}],"wp:featuredmedia":[{"embeddable":true,"href":"https:\/\/avrupatv.eu\/index.php\/wp-json\/wp\/v2\/media\/671"}],"wp:attachment":[{"href":"https:\/\/avrupatv.eu\/index.php\/wp-json\/wp\/v2\/media?parent=670"}],"wp:term":[{"taxonomy":"category","embeddable":true,"href":"https:\/\/avrupatv.eu\/index.php\/wp-json\/wp\/v2\/categories?post=670"},{"taxonomy":"post_tag","embeddable":true,"href":"https:\/\/avrupatv.eu\/index.php\/wp-json\/wp\/v2\/tags?post=670"}],"curies":[{"name":"wp","href":"https:\/\/api.w.org\/{rel}","templated":true}]}}