{"id":667,"date":"2024-11-16T16:05:43","date_gmt":"2024-11-16T16:05:43","guid":{"rendered":"https:\/\/avrupatv.eu\/?p=667"},"modified":"2024-11-16T16:05:43","modified_gmt":"2024-11-16T16:05:43","slug":"esenlerde-sok-olay-anne-bebegine-tiner-icirip-olume-sebep-oldu-baba-ifadesinde-itiraf-etti","status":"publish","type":"post","link":"https:\/\/avrupatv.eu\/index.php\/2024\/11\/16\/esenlerde-sok-olay-anne-bebegine-tiner-icirip-olume-sebep-oldu-baba-ifadesinde-itiraf-etti\/","title":{"rendered":"Esenler\u2019de \u015eok Olay: Anne, Bebe\u011fine Tiner \u0130\u00e7irip \u00d6l\u00fcme Sebep Oldu, Baba \u0130fadesinde \u0130tiraf Etti"},"content":{"rendered":"\n<p><strong>Esenler\u2019de Bebe\u011fine Tiner \u0130\u00e7iren Anne Tutukland\u0131, Baba \u0130fadesinde \u015eok Detaylar\u0131 A\u00e7\u0131klad\u0131<\/strong><\/p>\n\n\n\n<p>Esenler\u2019de ya\u015fanan korkun\u00e7 bir olayda, Dilek \u00c7. (23) adl\u0131 anne, 2 ya\u015f\u0131ndaki o\u011flu Yunus Emre\u2019nin biberonuna tiner koyarak i\u00e7irdi. Bebe\u011fin hastaneye kald\u0131r\u0131lmas\u0131n\u0131n ard\u0131ndan hayat\u0131n\u0131 kaybetmesiyle ilgili soru\u015fturma ba\u015flat\u0131ld\u0131. Anne Dilek \u00c7. tutuklan\u0131rken, baba Y\u0131lmaz E. adli kontrol \u015fart\u0131yla serbest b\u0131rak\u0131ld\u0131. Baba, savc\u0131l\u0131kta verdi\u011fi ifadede, Dilek\u2019in \u00e7ocu\u011fu zehirleyerek \u00f6ld\u00fcrd\u00fc\u011f\u00fcn\u00fc itiraf etti\u011fini s\u00f6yledi.<\/p>\n\n\n\n<p><strong>Olay\u0131n Geli\u015fimi:<\/strong><\/p>\n\n\n\n<p>K\u0131r\u0131kkale\u2019de ya\u015fayan Dilek \u00c7., sevgilisi Y\u0131lmaz E. ile evlilik d\u0131\u015f\u0131 bir \u00e7ocuk d\u00fcnyaya getirdi. Baba, \u00e7ocu\u011funa sahip \u00e7\u0131kmad\u0131\u011f\u0131 i\u00e7in bunal\u0131ma girdi\u011fini \u00f6ne s\u00fcren Dilek \u00c7., \u0130stanbul\u2019a akrabalar\u0131n\u0131n yan\u0131na geldi. 29 Eyl\u00fcl\u2019de Ba\u011fc\u0131lar\u2019daki bir parkta, anne, 2 ya\u015f\u0131ndaki bebe\u011fi Yunus Emre\u2019nin biberonuna tiner koyarak i\u00e7irdi. Bebe\u011fin fenala\u015fmas\u0131n\u0131n ard\u0131ndan, anne bebekle birlikte Esenler\u2019deki akrabalar\u0131n\u0131n evine gitti. Yunus Emre, burada \u00c7apa T\u0131p Fak\u00fcltesi Hastanesi\u2019ne kald\u0131r\u0131ld\u0131 ancak yakla\u015f\u0131k iki ay s\u00fcren tedaviye ra\u011fmen hayat\u0131n\u0131 kaybetti. Bebek, Adli T\u0131p Kurumu\u2019nda yap\u0131lan otopsinin ard\u0131ndan Kilyos Mezarl\u0131\u011f\u0131\u2019na defnedildi.<\/p>\n\n\n\n<p><strong>Polis Soru\u015fturmas\u0131 ve Tutuklama:<\/strong><\/p>\n\n\n\n<p>Bebe\u011fin kimyasal zehirlenme \u015f\u00fcphesiyle hastaneye kald\u0131r\u0131lmas\u0131 \u00fczerine polis, anne ve babay\u0131 g\u00f6zalt\u0131na ald\u0131. Yap\u0131lan sorgulamalarda, Dilek \u00c7.\u2019nin \u00e7ocu\u011funun evlilik d\u0131\u015f\u0131 d\u00fcnyaya geldi\u011fini ve babas\u0131n\u0131n ilgisizli\u011fi nedeniyle bunal\u0131ma girdi\u011fini itiraf etti\u011fi \u00f6\u011frenildi. Adliyeye sevk edilen anne tutuklanarak cezaevine g\u00f6nderilirken, baba Y\u0131lmaz E. adli kontrol \u015fart\u0131yla serbest b\u0131rak\u0131ld\u0131.<\/p>\n\n\n\n<p><strong>Baba Y\u0131lmaz E.\u2019nin \u0130fadesi:<\/strong><\/p>\n\n\n\n<p>Baba Y\u0131lmaz E., savc\u0131l\u0131ktaki ifadesinde, &#8220;Dilek ile \u00e7ocu\u011fumuzu \u0130stanbul\u2019a getirdim. 25 Eyl\u00fcl 2024\u2019te 2 ya\u015f\u0131ndaki \u00e7ocu\u011fumuz rahats\u0131zlan\u0131nca hastaneye kald\u0131r\u0131ld\u0131. 14 Kas\u0131m 2024 gecesinde \u00e7ocu\u011fumuz hayat\u0131n\u0131 kaybetti. Dilek, \u00e7ocu\u011fumuzu zehirleyerek \u00f6ld\u00fcrd\u00fc\u011f\u00fcn\u00fc itiraf etti. Olayla ilgili sosyal medyada hakaret ve tehdit i\u00e7erikli bir\u00e7ok yorum yap\u0131ld\u0131. Ayr\u0131ca ev adresimi if\u015fa eden \u015fah\u0131slardan \u015fikayet\u00e7iyim&#8221; dedi.<\/p>\n","protected":false},"excerpt":{"rendered":"<p>Esenler\u2019de Bebe\u011fine Tiner \u0130\u00e7iren Anne Tutukland\u0131, Baba \u0130fadesinde \u015eok Detaylar\u0131 A\u00e7\u0131klad\u0131 Esenler\u2019de ya\u015fanan korkun\u00e7 bir olayda, Dilek \u00c7. (23) adl\u0131 anne, 2 ya\u015f\u0131ndaki o\u011flu Yunus Emre\u2019nin biberonuna tiner koyarak i\u00e7irdi. Bebe\u011fin hastaneye kald\u0131r\u0131lmas\u0131n\u0131n ard\u0131ndan hayat\u0131n\u0131 kaybetmesiyle ilgili soru\u015fturma ba\u015flat\u0131ld\u0131. Anne Dilek \u00c7. tutuklan\u0131rken, baba Y\u0131lmaz E. adli kontrol \u015fart\u0131yla serbest b\u0131rak\u0131ld\u0131. Baba, savc\u0131l\u0131kta verdi\u011fi ifadede, [&hellip;]<\/p>\n","protected":false},"author":2,"featured_media":668,"comment_status":"open","ping_status":"open","sticky":false,"template":"","format":"standard","meta":{"footnotes":""},"categories":[11],"tags":[],"class_list":["post-667","post","type-post","status-publish","format-standard","has-post-thumbnail","hentry","category-turkiye"],"yoast_head":"<!-- This site is optimized with the Yoast SEO plugin v27.4 - https:\/\/yoast.com\/product\/yoast-seo-wordpress\/ -->\n<title>Esenler\u2019de \u015eok Olay: Anne, Bebe\u011fine Tiner \u0130\u00e7irip \u00d6l\u00fcme Sebep Oldu, Baba \u0130fadesinde \u0130tiraf Etti - Avrupal\u0131 T\u00fcrklerin en Yeni Haber Portal\u0131<\/title>\n<meta name=\"robots\" content=\"index, follow, max-snippet:-1, max-image-preview:large, max-video-preview:-1\" \/>\n<link rel=\"canonical\" href=\"https:\/\/avrupatv.eu\/index.php\/2024\/11\/16\/esenlerde-sok-olay-anne-bebegine-tiner-icirip-olume-sebep-oldu-baba-ifadesinde-itiraf-etti\/\" \/>\n<meta property=\"og:locale\" content=\"tr_TR\" \/>\n<meta property=\"og:type\" content=\"article\" \/>\n<meta property=\"og:title\" content=\"Esenler\u2019de \u015eok Olay: Anne, Bebe\u011fine Tiner \u0130\u00e7irip \u00d6l\u00fcme Sebep Oldu, Baba \u0130fadesinde \u0130tiraf Etti - Avrupal\u0131 T\u00fcrklerin en Yeni Haber Portal\u0131\" \/>\n<meta property=\"og:description\" content=\"Esenler\u2019de Bebe\u011fine Tiner \u0130\u00e7iren Anne Tutukland\u0131, Baba \u0130fadesinde \u015eok Detaylar\u0131 A\u00e7\u0131klad\u0131 Esenler\u2019de ya\u015fanan korkun\u00e7 bir olayda, Dilek \u00c7. (23) adl\u0131 anne, 2 ya\u015f\u0131ndaki o\u011flu Yunus Emre\u2019nin biberonuna tiner koyarak i\u00e7irdi. Bebe\u011fin hastaneye kald\u0131r\u0131lmas\u0131n\u0131n ard\u0131ndan hayat\u0131n\u0131 kaybetmesiyle ilgili soru\u015fturma ba\u015flat\u0131ld\u0131. Anne Dilek \u00c7. tutuklan\u0131rken, baba Y\u0131lmaz E. adli kontrol \u015fart\u0131yla serbest b\u0131rak\u0131ld\u0131. Baba, savc\u0131l\u0131kta verdi\u011fi ifadede, [&hellip;]\" \/>\n<meta property=\"og:url\" content=\"https:\/\/avrupatv.eu\/index.php\/2024\/11\/16\/esenlerde-sok-olay-anne-bebegine-tiner-icirip-olume-sebep-oldu-baba-ifadesinde-itiraf-etti\/\" \/>\n<meta property=\"og:site_name\" content=\"Avrupal\u0131 T\u00fcrklerin en Yeni Haber Portal\u0131\" \/>\n<meta property=\"article:published_time\" content=\"2024-11-16T16:05:43+00:00\" \/>\n<meta property=\"og:image\" content=\"https:\/\/avrupatv.eu\/wp-content\/uploads\/2024\/11\/1200x628.jpeg\" \/>\n\t<meta property=\"og:image:width\" content=\"1200\" \/>\n\t<meta property=\"og:image:height\" content=\"628\" \/>\n\t<meta property=\"og:image:type\" content=\"image\/jpeg\" \/>\n<meta name=\"author\" content=\"Onur Akpinar\" \/>\n<meta name=\"twitter:card\" content=\"summary_large_image\" \/>\n<meta name=\"twitter:label1\" content=\"Yazan:\" \/>\n\t<meta name=\"twitter:data1\" content=\"Onur Akpinar\" \/>\n\t<meta name=\"twitter:label2\" content=\"Tahmini okuma s\u00fcresi\" \/>\n\t<meta name=\"twitter:data2\" content=\"2 dakika\" \/>\n<script type=\"application\/ld+json\" class=\"yoast-schema-graph\">{\"@context\":\"https:\\\/\\\/schema.org\",\"@graph\":[{\"@type\":\"Article\",\"@id\":\"https:\\\/\\\/avrupatv.eu\\\/index.php\\\/2024\\\/11\\\/16\\\/esenlerde-sok-olay-anne-bebegine-tiner-icirip-olume-sebep-oldu-baba-ifadesinde-itiraf-etti\\\/#article\",\"isPartOf\":{\"@id\":\"https:\\\/\\\/avrupatv.eu\\\/index.php\\\/2024\\\/11\\\/16\\\/esenlerde-sok-olay-anne-bebegine-tiner-icirip-olume-sebep-oldu-baba-ifadesinde-itiraf-etti\\\/\"},\"author\":{\"name\":\"Onur Akpinar\",\"@id\":\"https:\\\/\\\/avrupatv.eu\\\/#\\\/schema\\\/person\\\/d56afa5d5569da4029d483da36c0c17d\"},\"headline\":\"Esenler\u2019de \u015eok Olay: Anne, Bebe\u011fine Tiner \u0130\u00e7irip \u00d6l\u00fcme Sebep Oldu, Baba \u0130fadesinde \u0130tiraf Etti\",\"datePublished\":\"2024-11-16T16:05:43+00:00\",\"mainEntityOfPage\":{\"@id\":\"https:\\\/\\\/avrupatv.eu\\\/index.php\\\/2024\\\/11\\\/16\\\/esenlerde-sok-olay-anne-bebegine-tiner-icirip-olume-sebep-oldu-baba-ifadesinde-itiraf-etti\\\/\"},\"wordCount\":384,\"commentCount\":0,\"publisher\":{\"@id\":\"https:\\\/\\\/avrupatv.eu\\\/#organization\"},\"image\":{\"@id\":\"https:\\\/\\\/avrupatv.eu\\\/index.php\\\/2024\\\/11\\\/16\\\/esenlerde-sok-olay-anne-bebegine-tiner-icirip-olume-sebep-oldu-baba-ifadesinde-itiraf-etti\\\/#primaryimage\"},\"thumbnailUrl\":\"https:\\\/\\\/avrupatv.eu\\\/wp-content\\\/uploads\\\/2024\\\/11\\\/1200x628.jpeg\",\"articleSection\":[\"T\u00fcrkiye\"],\"inLanguage\":\"tr\",\"potentialAction\":[{\"@type\":\"CommentAction\",\"name\":\"Comment\",\"target\":[\"https:\\\/\\\/avrupatv.eu\\\/index.php\\\/2024\\\/11\\\/16\\\/esenlerde-sok-olay-anne-bebegine-tiner-icirip-olume-sebep-oldu-baba-ifadesinde-itiraf-etti\\\/#respond\"]}]},{\"@type\":\"WebPage\",\"@id\":\"https:\\\/\\\/avrupatv.eu\\\/index.php\\\/2024\\\/11\\\/16\\\/esenlerde-sok-olay-anne-bebegine-tiner-icirip-olume-sebep-oldu-baba-ifadesinde-itiraf-etti\\\/\",\"url\":\"https:\\\/\\\/avrupatv.eu\\\/index.php\\\/2024\\\/11\\\/16\\\/esenlerde-sok-olay-anne-bebegine-tiner-icirip-olume-sebep-oldu-baba-ifadesinde-itiraf-etti\\\/\",\"name\":\"Esenler\u2019de \u015eok Olay: Anne, Bebe\u011fine Tiner \u0130\u00e7irip \u00d6l\u00fcme Sebep Oldu, Baba \u0130fadesinde \u0130tiraf Etti - Avrupal\u0131 T\u00fcrklerin en Yeni Haber Portal\u0131\",\"isPartOf\":{\"@id\":\"https:\\\/\\\/avrupatv.eu\\\/#website\"},\"primaryImageOfPage\":{\"@id\":\"https:\\\/\\\/avrupatv.eu\\\/index.php\\\/2024\\\/11\\\/16\\\/esenlerde-sok-olay-anne-bebegine-tiner-icirip-olume-sebep-oldu-baba-ifadesinde-itiraf-etti\\\/#primaryimage\"},\"image\":{\"@id\":\"https:\\\/\\\/avrupatv.eu\\\/index.php\\\/2024\\\/11\\\/16\\\/esenlerde-sok-olay-anne-bebegine-tiner-icirip-olume-sebep-oldu-baba-ifadesinde-itiraf-etti\\\/#primaryimage\"},\"thumbnailUrl\":\"https:\\\/\\\/avrupatv.eu\\\/wp-content\\\/uploads\\\/2024\\\/11\\\/1200x628.jpeg\",\"datePublished\":\"2024-11-16T16:05:43+00:00\",\"breadcrumb\":{\"@id\":\"https:\\\/\\\/avrupatv.eu\\\/index.php\\\/2024\\\/11\\\/16\\\/esenlerde-sok-olay-anne-bebegine-tiner-icirip-olume-sebep-oldu-baba-ifadesinde-itiraf-etti\\\/#breadcrumb\"},\"inLanguage\":\"tr\",\"potentialAction\":[{\"@type\":\"ReadAction\",\"target\":[\"https:\\\/\\\/avrupatv.eu\\\/index.php\\\/2024\\\/11\\\/16\\\/esenlerde-sok-olay-anne-bebegine-tiner-icirip-olume-sebep-oldu-baba-ifadesinde-itiraf-etti\\\/\"]}]},{\"@type\":\"ImageObject\",\"inLanguage\":\"tr\",\"@id\":\"https:\\\/\\\/avrupatv.eu\\\/index.php\\\/2024\\\/11\\\/16\\\/esenlerde-sok-olay-anne-bebegine-tiner-icirip-olume-sebep-oldu-baba-ifadesinde-itiraf-etti\\\/#primaryimage\",\"url\":\"https:\\\/\\\/avrupatv.eu\\\/wp-content\\\/uploads\\\/2024\\\/11\\\/1200x628.jpeg\",\"contentUrl\":\"https:\\\/\\\/avrupatv.eu\\\/wp-content\\\/uploads\\\/2024\\\/11\\\/1200x628.jpeg\",\"width\":1200,\"height\":628},{\"@type\":\"BreadcrumbList\",\"@id\":\"https:\\\/\\\/avrupatv.eu\\\/index.php\\\/2024\\\/11\\\/16\\\/esenlerde-sok-olay-anne-bebegine-tiner-icirip-olume-sebep-oldu-baba-ifadesinde-itiraf-etti\\\/#breadcrumb\",\"itemListElement\":[{\"@type\":\"ListItem\",\"position\":1,\"name\":\"Anasayfa\",\"item\":\"https:\\\/\\\/avrupatv.eu\\\/\"},{\"@type\":\"ListItem\",\"position\":2,\"name\":\"Esenler\u2019de \u015eok Olay: Anne, Bebe\u011fine Tiner \u0130\u00e7irip \u00d6l\u00fcme Sebep Oldu, Baba \u0130fadesinde \u0130tiraf Etti\"}]},{\"@type\":\"WebSite\",\"@id\":\"https:\\\/\\\/avrupatv.eu\\\/#website\",\"url\":\"https:\\\/\\\/avrupatv.eu\\\/\",\"name\":\"Avrupal\u0131 T\u00fcrklerin en Yeni Haber Portal\u0131\",\"description\":\"\",\"publisher\":{\"@id\":\"https:\\\/\\\/avrupatv.eu\\\/#organization\"},\"alternateName\":\"Avrupa tv\",\"potentialAction\":[{\"@type\":\"SearchAction\",\"target\":{\"@type\":\"EntryPoint\",\"urlTemplate\":\"https:\\\/\\\/avrupatv.eu\\\/?s={search_term_string}\"},\"query-input\":{\"@type\":\"PropertyValueSpecification\",\"valueRequired\":true,\"valueName\":\"search_term_string\"}}],\"inLanguage\":\"tr\"},{\"@type\":\"Organization\",\"@id\":\"https:\\\/\\\/avrupatv.eu\\\/#organization\",\"name\":\"Avrupa Haber\",\"url\":\"https:\\\/\\\/avrupatv.eu\\\/\",\"logo\":{\"@type\":\"ImageObject\",\"inLanguage\":\"tr\",\"@id\":\"https:\\\/\\\/avrupatv.eu\\\/#\\\/schema\\\/logo\\\/image\\\/\",\"url\":\"https:\\\/\\\/avrupatv.eu\\\/wp-content\\\/uploads\\\/2023\\\/10\\\/cropped-thumbnail_logo.png\",\"contentUrl\":\"https:\\\/\\\/avrupatv.eu\\\/wp-content\\\/uploads\\\/2023\\\/10\\\/cropped-thumbnail_logo.png\",\"width\":1025,\"height\":302,\"caption\":\"Avrupa Haber\"},\"image\":{\"@id\":\"https:\\\/\\\/avrupatv.eu\\\/#\\\/schema\\\/logo\\\/image\\\/\"}},{\"@type\":\"Person\",\"@id\":\"https:\\\/\\\/avrupatv.eu\\\/#\\\/schema\\\/person\\\/d56afa5d5569da4029d483da36c0c17d\",\"name\":\"Onur Akpinar\",\"image\":{\"@type\":\"ImageObject\",\"inLanguage\":\"tr\",\"@id\":\"https:\\\/\\\/secure.gravatar.com\\\/avatar\\\/67a1a0bdf34f82da209334e4684b7e7171a58a5a2b0a8f836b61044f5c1f5d6a?s=96&d=mm&r=g\",\"url\":\"https:\\\/\\\/secure.gravatar.com\\\/avatar\\\/67a1a0bdf34f82da209334e4684b7e7171a58a5a2b0a8f836b61044f5c1f5d6a?s=96&d=mm&r=g\",\"contentUrl\":\"https:\\\/\\\/secure.gravatar.com\\\/avatar\\\/67a1a0bdf34f82da209334e4684b7e7171a58a5a2b0a8f836b61044f5c1f5d6a?s=96&d=mm&r=g\",\"caption\":\"Onur Akpinar\"},\"url\":\"https:\\\/\\\/avrupatv.eu\\\/index.php\\\/author\\\/onur-akpinar\\\/\"}]}<\/script>\n<!-- \/ Yoast SEO plugin. -->","yoast_head_json":{"title":"Esenler\u2019de \u015eok Olay: Anne, Bebe\u011fine Tiner \u0130\u00e7irip \u00d6l\u00fcme Sebep Oldu, Baba \u0130fadesinde \u0130tiraf Etti - Avrupal\u0131 T\u00fcrklerin en Yeni Haber Portal\u0131","robots":{"index":"index","follow":"follow","max-snippet":"max-snippet:-1","max-image-preview":"max-image-preview:large","max-video-preview":"max-video-preview:-1"},"canonical":"https:\/\/avrupatv.eu\/index.php\/2024\/11\/16\/esenlerde-sok-olay-anne-bebegine-tiner-icirip-olume-sebep-oldu-baba-ifadesinde-itiraf-etti\/","og_locale":"tr_TR","og_type":"article","og_title":"Esenler\u2019de \u015eok Olay: Anne, Bebe\u011fine Tiner \u0130\u00e7irip \u00d6l\u00fcme Sebep Oldu, Baba \u0130fadesinde \u0130tiraf Etti - Avrupal\u0131 T\u00fcrklerin en Yeni Haber Portal\u0131","og_description":"Esenler\u2019de Bebe\u011fine Tiner \u0130\u00e7iren Anne Tutukland\u0131, Baba \u0130fadesinde \u015eok Detaylar\u0131 A\u00e7\u0131klad\u0131 Esenler\u2019de ya\u015fanan korkun\u00e7 bir olayda, Dilek \u00c7. (23) adl\u0131 anne, 2 ya\u015f\u0131ndaki o\u011flu Yunus Emre\u2019nin biberonuna tiner koyarak i\u00e7irdi. Bebe\u011fin hastaneye kald\u0131r\u0131lmas\u0131n\u0131n ard\u0131ndan hayat\u0131n\u0131 kaybetmesiyle ilgili soru\u015fturma ba\u015flat\u0131ld\u0131. Anne Dilek \u00c7. tutuklan\u0131rken, baba Y\u0131lmaz E. adli kontrol \u015fart\u0131yla serbest b\u0131rak\u0131ld\u0131. Baba, savc\u0131l\u0131kta verdi\u011fi ifadede, [&hellip;]","og_url":"https:\/\/avrupatv.eu\/index.php\/2024\/11\/16\/esenlerde-sok-olay-anne-bebegine-tiner-icirip-olume-sebep-oldu-baba-ifadesinde-itiraf-etti\/","og_site_name":"Avrupal\u0131 T\u00fcrklerin en Yeni Haber Portal\u0131","article_published_time":"2024-11-16T16:05:43+00:00","og_image":[{"width":1200,"height":628,"url":"https:\/\/avrupatv.eu\/wp-content\/uploads\/2024\/11\/1200x628.jpeg","type":"image\/jpeg"}],"author":"Onur Akpinar","twitter_card":"summary_large_image","twitter_misc":{"Yazan:":"Onur Akpinar","Tahmini okuma s\u00fcresi":"2 dakika"},"schema":{"@context":"https:\/\/schema.org","@graph":[{"@type":"Article","@id":"https:\/\/avrupatv.eu\/index.php\/2024\/11\/16\/esenlerde-sok-olay-anne-bebegine-tiner-icirip-olume-sebep-oldu-baba-ifadesinde-itiraf-etti\/#article","isPartOf":{"@id":"https:\/\/avrupatv.eu\/index.php\/2024\/11\/16\/esenlerde-sok-olay-anne-bebegine-tiner-icirip-olume-sebep-oldu-baba-ifadesinde-itiraf-etti\/"},"author":{"name":"Onur Akpinar","@id":"https:\/\/avrupatv.eu\/#\/schema\/person\/d56afa5d5569da4029d483da36c0c17d"},"headline":"Esenler\u2019de \u015eok Olay: Anne, Bebe\u011fine Tiner \u0130\u00e7irip \u00d6l\u00fcme Sebep Oldu, Baba \u0130fadesinde \u0130tiraf Etti","datePublished":"2024-11-16T16:05:43+00:00","mainEntityOfPage":{"@id":"https:\/\/avrupatv.eu\/index.php\/2024\/11\/16\/esenlerde-sok-olay-anne-bebegine-tiner-icirip-olume-sebep-oldu-baba-ifadesinde-itiraf-etti\/"},"wordCount":384,"commentCount":0,"publisher":{"@id":"https:\/\/avrupatv.eu\/#organization"},"image":{"@id":"https:\/\/avrupatv.eu\/index.php\/2024\/11\/16\/esenlerde-sok-olay-anne-bebegine-tiner-icirip-olume-sebep-oldu-baba-ifadesinde-itiraf-etti\/#primaryimage"},"thumbnailUrl":"https:\/\/avrupatv.eu\/wp-content\/uploads\/2024\/11\/1200x628.jpeg","articleSection":["T\u00fcrkiye"],"inLanguage":"tr","potentialAction":[{"@type":"CommentAction","name":"Comment","target":["https:\/\/avrupatv.eu\/index.php\/2024\/11\/16\/esenlerde-sok-olay-anne-bebegine-tiner-icirip-olume-sebep-oldu-baba-ifadesinde-itiraf-etti\/#respond"]}]},{"@type":"WebPage","@id":"https:\/\/avrupatv.eu\/index.php\/2024\/11\/16\/esenlerde-sok-olay-anne-bebegine-tiner-icirip-olume-sebep-oldu-baba-ifadesinde-itiraf-etti\/","url":"https:\/\/avrupatv.eu\/index.php\/2024\/11\/16\/esenlerde-sok-olay-anne-bebegine-tiner-icirip-olume-sebep-oldu-baba-ifadesinde-itiraf-etti\/","name":"Esenler\u2019de \u015eok Olay: Anne, Bebe\u011fine Tiner \u0130\u00e7irip \u00d6l\u00fcme Sebep Oldu, Baba \u0130fadesinde \u0130tiraf Etti - Avrupal\u0131 T\u00fcrklerin en Yeni Haber Portal\u0131","isPartOf":{"@id":"https:\/\/avrupatv.eu\/#website"},"primaryImageOfPage":{"@id":"https:\/\/avrupatv.eu\/index.php\/2024\/11\/16\/esenlerde-sok-olay-anne-bebegine-tiner-icirip-olume-sebep-oldu-baba-ifadesinde-itiraf-etti\/#primaryimage"},"image":{"@id":"https:\/\/avrupatv.eu\/index.php\/2024\/11\/16\/esenlerde-sok-olay-anne-bebegine-tiner-icirip-olume-sebep-oldu-baba-ifadesinde-itiraf-etti\/#primaryimage"},"thumbnailUrl":"https:\/\/avrupatv.eu\/wp-content\/uploads\/2024\/11\/1200x628.jpeg","datePublished":"2024-11-16T16:05:43+00:00","breadcrumb":{"@id":"https:\/\/avrupatv.eu\/index.php\/2024\/11\/16\/esenlerde-sok-olay-anne-bebegine-tiner-icirip-olume-sebep-oldu-baba-ifadesinde-itiraf-etti\/#breadcrumb"},"inLanguage":"tr","potentialAction":[{"@type":"ReadAction","target":["https:\/\/avrupatv.eu\/index.php\/2024\/11\/16\/esenlerde-sok-olay-anne-bebegine-tiner-icirip-olume-sebep-oldu-baba-ifadesinde-itiraf-etti\/"]}]},{"@type":"ImageObject","inLanguage":"tr","@id":"https:\/\/avrupatv.eu\/index.php\/2024\/11\/16\/esenlerde-sok-olay-anne-bebegine-tiner-icirip-olume-sebep-oldu-baba-ifadesinde-itiraf-etti\/#primaryimage","url":"https:\/\/avrupatv.eu\/wp-content\/uploads\/2024\/11\/1200x628.jpeg","contentUrl":"https:\/\/avrupatv.eu\/wp-content\/uploads\/2024\/11\/1200x628.jpeg","width":1200,"height":628},{"@type":"BreadcrumbList","@id":"https:\/\/avrupatv.eu\/index.php\/2024\/11\/16\/esenlerde-sok-olay-anne-bebegine-tiner-icirip-olume-sebep-oldu-baba-ifadesinde-itiraf-etti\/#breadcrumb","itemListElement":[{"@type":"ListItem","position":1,"name":"Anasayfa","item":"https:\/\/avrupatv.eu\/"},{"@type":"ListItem","position":2,"name":"Esenler\u2019de \u015eok Olay: Anne, Bebe\u011fine Tiner \u0130\u00e7irip \u00d6l\u00fcme Sebep Oldu, Baba \u0130fadesinde \u0130tiraf Etti"}]},{"@type":"WebSite","@id":"https:\/\/avrupatv.eu\/#website","url":"https:\/\/avrupatv.eu\/","name":"Avrupal\u0131 T\u00fcrklerin en Yeni Haber Portal\u0131","description":"","publisher":{"@id":"https:\/\/avrupatv.eu\/#organization"},"alternateName":"Avrupa tv","potentialAction":[{"@type":"SearchAction","target":{"@type":"EntryPoint","urlTemplate":"https:\/\/avrupatv.eu\/?s={search_term_string}"},"query-input":{"@type":"PropertyValueSpecification","valueRequired":true,"valueName":"search_term_string"}}],"inLanguage":"tr"},{"@type":"Organization","@id":"https:\/\/avrupatv.eu\/#organization","name":"Avrupa Haber","url":"https:\/\/avrupatv.eu\/","logo":{"@type":"ImageObject","inLanguage":"tr","@id":"https:\/\/avrupatv.eu\/#\/schema\/logo\/image\/","url":"https:\/\/avrupatv.eu\/wp-content\/uploads\/2023\/10\/cropped-thumbnail_logo.png","contentUrl":"https:\/\/avrupatv.eu\/wp-content\/uploads\/2023\/10\/cropped-thumbnail_logo.png","width":1025,"height":302,"caption":"Avrupa Haber"},"image":{"@id":"https:\/\/avrupatv.eu\/#\/schema\/logo\/image\/"}},{"@type":"Person","@id":"https:\/\/avrupatv.eu\/#\/schema\/person\/d56afa5d5569da4029d483da36c0c17d","name":"Onur Akpinar","image":{"@type":"ImageObject","inLanguage":"tr","@id":"https:\/\/secure.gravatar.com\/avatar\/67a1a0bdf34f82da209334e4684b7e7171a58a5a2b0a8f836b61044f5c1f5d6a?s=96&d=mm&r=g","url":"https:\/\/secure.gravatar.com\/avatar\/67a1a0bdf34f82da209334e4684b7e7171a58a5a2b0a8f836b61044f5c1f5d6a?s=96&d=mm&r=g","contentUrl":"https:\/\/secure.gravatar.com\/avatar\/67a1a0bdf34f82da209334e4684b7e7171a58a5a2b0a8f836b61044f5c1f5d6a?s=96&d=mm&r=g","caption":"Onur Akpinar"},"url":"https:\/\/avrupatv.eu\/index.php\/author\/onur-akpinar\/"}]}},"_links":{"self":[{"href":"https:\/\/avrupatv.eu\/index.php\/wp-json\/wp\/v2\/posts\/667","targetHints":{"allow":["GET"]}}],"collection":[{"href":"https:\/\/avrupatv.eu\/index.php\/wp-json\/wp\/v2\/posts"}],"about":[{"href":"https:\/\/avrupatv.eu\/index.php\/wp-json\/wp\/v2\/types\/post"}],"author":[{"embeddable":true,"href":"https:\/\/avrupatv.eu\/index.php\/wp-json\/wp\/v2\/users\/2"}],"replies":[{"embeddable":true,"href":"https:\/\/avrupatv.eu\/index.php\/wp-json\/wp\/v2\/comments?post=667"}],"version-history":[{"count":1,"href":"https:\/\/avrupatv.eu\/index.php\/wp-json\/wp\/v2\/posts\/667\/revisions"}],"predecessor-version":[{"id":669,"href":"https:\/\/avrupatv.eu\/index.php\/wp-json\/wp\/v2\/posts\/667\/revisions\/669"}],"wp:featuredmedia":[{"embeddable":true,"href":"https:\/\/avrupatv.eu\/index.php\/wp-json\/wp\/v2\/media\/668"}],"wp:attachment":[{"href":"https:\/\/avrupatv.eu\/index.php\/wp-json\/wp\/v2\/media?parent=667"}],"wp:term":[{"taxonomy":"category","embeddable":true,"href":"https:\/\/avrupatv.eu\/index.php\/wp-json\/wp\/v2\/categories?post=667"},{"taxonomy":"post_tag","embeddable":true,"href":"https:\/\/avrupatv.eu\/index.php\/wp-json\/wp\/v2\/tags?post=667"}],"curies":[{"name":"wp","href":"https:\/\/api.w.org\/{rel}","templated":true}]}}