{"id":664,"date":"2024-11-16T15:50:35","date_gmt":"2024-11-16T15:50:35","guid":{"rendered":"https:\/\/avrupatv.eu\/?p=664"},"modified":"2024-11-16T15:50:35","modified_gmt":"2024-11-16T15:50:35","slug":"tegmen-ebru-eroglunun-mustafa-kemalin-askerleriyiz-slogani-krize-neden-oldu","status":"publish","type":"post","link":"https:\/\/avrupatv.eu\/index.php\/2024\/11\/16\/tegmen-ebru-eroglunun-mustafa-kemalin-askerleriyiz-slogani-krize-neden-oldu\/","title":{"rendered":"Te\u011fmen Ebru Ero\u011flu&#8217;nun &#8220;Mustafa Kemal&#8217;in Askerleriyiz&#8221; Slogan\u0131 Krize Neden Oldu"},"content":{"rendered":"\n<p><strong>Te\u011fmen Ebru Ero\u011flu\u2019nun Mezuniyet T\u00f6renindeki Olaylar ve \u0130hra\u00e7 S\u00fcreci<\/strong><\/p>\n\n\n\n<p>Kara Harp Okulu mezuniyet t\u00f6reninde d\u00f6nem birincisi olarak dikkat \u00e7eken Te\u011fmen Ebru Ero\u011flu, &#8220;Mustafa Kemal\u2019in askerleriyiz&#8221; slogan\u0131 ve k\u0131l\u0131\u00e7 \u00e7ekme eylemiyle g\u00fcndeme geldi. Bu olaylar sonras\u0131 hakk\u0131nda soru\u015fturma ba\u015flat\u0131ld\u0131 ve Y\u00fcksek Disiplin Kurulu\u2019na sevk edilerek ihra\u00e7 talebiyle i\u015flem ba\u015flat\u0131ld\u0131.<\/p>\n\n\n\n<p><strong>Mezuniyet T\u00f6reni ve Soru\u015fturma S\u00fcreci<\/strong><\/p>\n\n\n\n<p>30 A\u011fustos Kara Harp Okulu mezuniyet t\u00f6reninde, &#8220;Mustafa Kemal\u2019in askerleriyiz&#8221; slogan\u0131 ve k\u0131l\u0131\u00e7 \u00e7ekme eylemi siyasi tart\u0131\u015fmalara yol a\u00e7t\u0131. Cumhurba\u015fkan\u0131 Erdo\u011fan\u2019\u0131n elinden diplomas\u0131n\u0131 alan Te\u011fmen Ero\u011flu\u2019nun da yer ald\u0131\u011f\u0131 bu t\u00f6renin ard\u0131ndan soru\u015fturma ba\u015flat\u0131ld\u0131.<\/p>\n\n\n\n<p><strong>\u0130hra\u00e7 Talebi ve Detaylar<\/strong><\/p>\n\n\n\n<p>Ebru Ero\u011flu, T\u00fcrk Silahl\u0131 Kuvvetleri Disiplin Kanunu\u2019nun 20. maddesi uyar\u0131nca, &#8220;Devletin ve T\u00fcrk Silahl\u0131 Kuvvetlerinin itibar\u0131na zarar verme&#8221; su\u00e7lamas\u0131yla Y\u00fcksek Disiplin Kurulu\u2019na sevk edildi. Ayn\u0131 s\u00fcre\u00e7te bir di\u011fer te\u011fmen i\u00e7in de ihra\u00e7 talebinde bulunuldu. Cumhurba\u015fkan\u0131 Erdo\u011fan, &#8220;K\u0131l\u0131\u00e7 \u00e7ekenlerin ordumuzda yeri yok&#8221; diyerek gerekli tahkikatlar\u0131n yap\u0131ld\u0131\u011f\u0131n\u0131 ve ki\u015filerin temizlenece\u011fini belirtti.<\/p>\n\n\n\n<p><strong>Ebru Ero\u011flu Kimdir?<\/strong><\/p>\n\n\n\n<p>2000 do\u011fumlu Ebru Ero\u011flu, \u0130stanbul Kad\u0131k\u00f6y\u2019de do\u011fdu ve burada e\u011fitimini tamamlad\u0131. Kara Harp Okulu\u2019ndan mezun olan Ero\u011flu, iyi derecede Rus\u00e7a bilmektedir.<\/p>\n\n\n\n<p><strong>Olay\u0131n Tepkileri ve Sosyal Medyada Yans\u0131malar<\/strong><\/p>\n\n\n\n<p>T\u00f6ren sonras\u0131 iktidar kanad\u0131nda sert ele\u015ftiriler y\u00fckseldi. Cumhurba\u015fkan\u0131 Erdo\u011fan, olay\u0131n &#8220;ordunun y\u0131prat\u0131lmas\u0131&#8221; amac\u0131 ta\u015f\u0131d\u0131\u011f\u0131n\u0131 belirtti. Sosyal medyada ise Ebru Ero\u011flu\u2019na y\u00f6nelik destek ve ele\u015ftiriler e\u015fit \u015fekilde yer buldu.<\/p>\n\n\n\n<p>Ebru Ero\u011flu\u2019nun durumu merakla takip edilirken, soru\u015fturma s\u00fcreci devam ediyor ve gen\u00e7 te\u011fmenin kariyerine dair geli\u015fmeler izleniyor.<\/p>\n","protected":false},"excerpt":{"rendered":"<p>Te\u011fmen Ebru Ero\u011flu\u2019nun Mezuniyet T\u00f6renindeki Olaylar ve \u0130hra\u00e7 S\u00fcreci Kara Harp Okulu mezuniyet t\u00f6reninde d\u00f6nem birincisi olarak dikkat \u00e7eken Te\u011fmen Ebru Ero\u011flu, &#8220;Mustafa Kemal\u2019in askerleriyiz&#8221; slogan\u0131 ve k\u0131l\u0131\u00e7 \u00e7ekme eylemiyle g\u00fcndeme geldi. Bu olaylar sonras\u0131 hakk\u0131nda soru\u015fturma ba\u015flat\u0131ld\u0131 ve Y\u00fcksek Disiplin Kurulu\u2019na sevk edilerek ihra\u00e7 talebiyle i\u015flem ba\u015flat\u0131ld\u0131. Mezuniyet T\u00f6reni ve Soru\u015fturma S\u00fcreci 30 A\u011fustos [&hellip;]<\/p>\n","protected":false},"author":2,"featured_media":666,"comment_status":"open","ping_status":"open","sticky":false,"template":"","format":"standard","meta":{"footnotes":""},"categories":[8,11],"tags":[],"class_list":["post-664","post","type-post","status-publish","format-standard","has-post-thumbnail","hentry","category-gundem","category-turkiye"],"yoast_head":"<!-- This site is optimized with the Yoast SEO plugin v27.4 - https:\/\/yoast.com\/product\/yoast-seo-wordpress\/ -->\n<title>Te\u011fmen Ebru Ero\u011flu&#039;nun &quot;Mustafa Kemal&#039;in Askerleriyiz&quot; Slogan\u0131 Krize Neden Oldu - Avrupal\u0131 T\u00fcrklerin en Yeni Haber Portal\u0131<\/title>\n<meta name=\"robots\" content=\"index, follow, max-snippet:-1, max-image-preview:large, max-video-preview:-1\" \/>\n<link rel=\"canonical\" href=\"https:\/\/avrupatv.eu\/index.php\/2024\/11\/16\/tegmen-ebru-eroglunun-mustafa-kemalin-askerleriyiz-slogani-krize-neden-oldu\/\" \/>\n<meta property=\"og:locale\" content=\"tr_TR\" \/>\n<meta property=\"og:type\" content=\"article\" \/>\n<meta property=\"og:title\" content=\"Te\u011fmen Ebru Ero\u011flu&#039;nun &quot;Mustafa Kemal&#039;in Askerleriyiz&quot; Slogan\u0131 Krize Neden Oldu - Avrupal\u0131 T\u00fcrklerin en Yeni Haber Portal\u0131\" \/>\n<meta property=\"og:description\" content=\"Te\u011fmen Ebru Ero\u011flu\u2019nun Mezuniyet T\u00f6renindeki Olaylar ve \u0130hra\u00e7 S\u00fcreci Kara Harp Okulu mezuniyet t\u00f6reninde d\u00f6nem birincisi olarak dikkat \u00e7eken Te\u011fmen Ebru Ero\u011flu, &#8220;Mustafa Kemal\u2019in askerleriyiz&#8221; slogan\u0131 ve k\u0131l\u0131\u00e7 \u00e7ekme eylemiyle g\u00fcndeme geldi. Bu olaylar sonras\u0131 hakk\u0131nda soru\u015fturma ba\u015flat\u0131ld\u0131 ve Y\u00fcksek Disiplin Kurulu\u2019na sevk edilerek ihra\u00e7 talebiyle i\u015flem ba\u015flat\u0131ld\u0131. Mezuniyet T\u00f6reni ve Soru\u015fturma S\u00fcreci 30 A\u011fustos [&hellip;]\" \/>\n<meta property=\"og:url\" content=\"https:\/\/avrupatv.eu\/index.php\/2024\/11\/16\/tegmen-ebru-eroglunun-mustafa-kemalin-askerleriyiz-slogani-krize-neden-oldu\/\" \/>\n<meta property=\"og:site_name\" content=\"Avrupal\u0131 T\u00fcrklerin en Yeni Haber Portal\u0131\" \/>\n<meta property=\"article:published_time\" content=\"2024-11-16T15:50:35+00:00\" \/>\n<meta property=\"og:image\" content=\"https:\/\/avrupatv.eu\/wp-content\/uploads\/2024\/11\/Tegmen-Ebru-Eroglu.jpg\" \/>\n\t<meta property=\"og:image:width\" content=\"800\" \/>\n\t<meta property=\"og:image:height\" content=\"450\" \/>\n\t<meta property=\"og:image:type\" content=\"image\/jpeg\" \/>\n<meta name=\"author\" content=\"Onur Akpinar\" \/>\n<meta name=\"twitter:card\" content=\"summary_large_image\" \/>\n<meta name=\"twitter:label1\" content=\"Yazan:\" \/>\n\t<meta name=\"twitter:data1\" content=\"Onur Akpinar\" \/>\n\t<meta name=\"twitter:label2\" content=\"Tahmini okuma s\u00fcresi\" \/>\n\t<meta name=\"twitter:data2\" content=\"2 dakika\" \/>\n<script type=\"application\/ld+json\" class=\"yoast-schema-graph\">{\"@context\":\"https:\\\/\\\/schema.org\",\"@graph\":[{\"@type\":\"Article\",\"@id\":\"https:\\\/\\\/avrupatv.eu\\\/index.php\\\/2024\\\/11\\\/16\\\/tegmen-ebru-eroglunun-mustafa-kemalin-askerleriyiz-slogani-krize-neden-oldu\\\/#article\",\"isPartOf\":{\"@id\":\"https:\\\/\\\/avrupatv.eu\\\/index.php\\\/2024\\\/11\\\/16\\\/tegmen-ebru-eroglunun-mustafa-kemalin-askerleriyiz-slogani-krize-neden-oldu\\\/\"},\"author\":{\"name\":\"Onur Akpinar\",\"@id\":\"https:\\\/\\\/avrupatv.eu\\\/#\\\/schema\\\/person\\\/d56afa5d5569da4029d483da36c0c17d\"},\"headline\":\"Te\u011fmen Ebru Ero\u011flu&#8217;nun &#8220;Mustafa Kemal&#8217;in Askerleriyiz&#8221; Slogan\u0131 Krize Neden Oldu\",\"datePublished\":\"2024-11-16T15:50:35+00:00\",\"mainEntityOfPage\":{\"@id\":\"https:\\\/\\\/avrupatv.eu\\\/index.php\\\/2024\\\/11\\\/16\\\/tegmen-ebru-eroglunun-mustafa-kemalin-askerleriyiz-slogani-krize-neden-oldu\\\/\"},\"wordCount\":326,\"commentCount\":0,\"publisher\":{\"@id\":\"https:\\\/\\\/avrupatv.eu\\\/#organization\"},\"image\":{\"@id\":\"https:\\\/\\\/avrupatv.eu\\\/index.php\\\/2024\\\/11\\\/16\\\/tegmen-ebru-eroglunun-mustafa-kemalin-askerleriyiz-slogani-krize-neden-oldu\\\/#primaryimage\"},\"thumbnailUrl\":\"https:\\\/\\\/avrupatv.eu\\\/wp-content\\\/uploads\\\/2024\\\/11\\\/Tegmen-Ebru-Eroglu.jpg\",\"articleSection\":[\"G\u00fcndem\",\"T\u00fcrkiye\"],\"inLanguage\":\"tr\",\"potentialAction\":[{\"@type\":\"CommentAction\",\"name\":\"Comment\",\"target\":[\"https:\\\/\\\/avrupatv.eu\\\/index.php\\\/2024\\\/11\\\/16\\\/tegmen-ebru-eroglunun-mustafa-kemalin-askerleriyiz-slogani-krize-neden-oldu\\\/#respond\"]}]},{\"@type\":\"WebPage\",\"@id\":\"https:\\\/\\\/avrupatv.eu\\\/index.php\\\/2024\\\/11\\\/16\\\/tegmen-ebru-eroglunun-mustafa-kemalin-askerleriyiz-slogani-krize-neden-oldu\\\/\",\"url\":\"https:\\\/\\\/avrupatv.eu\\\/index.php\\\/2024\\\/11\\\/16\\\/tegmen-ebru-eroglunun-mustafa-kemalin-askerleriyiz-slogani-krize-neden-oldu\\\/\",\"name\":\"Te\u011fmen Ebru Ero\u011flu'nun \\\"Mustafa Kemal'in Askerleriyiz\\\" Slogan\u0131 Krize Neden Oldu - Avrupal\u0131 T\u00fcrklerin en Yeni Haber Portal\u0131\",\"isPartOf\":{\"@id\":\"https:\\\/\\\/avrupatv.eu\\\/#website\"},\"primaryImageOfPage\":{\"@id\":\"https:\\\/\\\/avrupatv.eu\\\/index.php\\\/2024\\\/11\\\/16\\\/tegmen-ebru-eroglunun-mustafa-kemalin-askerleriyiz-slogani-krize-neden-oldu\\\/#primaryimage\"},\"image\":{\"@id\":\"https:\\\/\\\/avrupatv.eu\\\/index.php\\\/2024\\\/11\\\/16\\\/tegmen-ebru-eroglunun-mustafa-kemalin-askerleriyiz-slogani-krize-neden-oldu\\\/#primaryimage\"},\"thumbnailUrl\":\"https:\\\/\\\/avrupatv.eu\\\/wp-content\\\/uploads\\\/2024\\\/11\\\/Tegmen-Ebru-Eroglu.jpg\",\"datePublished\":\"2024-11-16T15:50:35+00:00\",\"breadcrumb\":{\"@id\":\"https:\\\/\\\/avrupatv.eu\\\/index.php\\\/2024\\\/11\\\/16\\\/tegmen-ebru-eroglunun-mustafa-kemalin-askerleriyiz-slogani-krize-neden-oldu\\\/#breadcrumb\"},\"inLanguage\":\"tr\",\"potentialAction\":[{\"@type\":\"ReadAction\",\"target\":[\"https:\\\/\\\/avrupatv.eu\\\/index.php\\\/2024\\\/11\\\/16\\\/tegmen-ebru-eroglunun-mustafa-kemalin-askerleriyiz-slogani-krize-neden-oldu\\\/\"]}]},{\"@type\":\"ImageObject\",\"inLanguage\":\"tr\",\"@id\":\"https:\\\/\\\/avrupatv.eu\\\/index.php\\\/2024\\\/11\\\/16\\\/tegmen-ebru-eroglunun-mustafa-kemalin-askerleriyiz-slogani-krize-neden-oldu\\\/#primaryimage\",\"url\":\"https:\\\/\\\/avrupatv.eu\\\/wp-content\\\/uploads\\\/2024\\\/11\\\/Tegmen-Ebru-Eroglu.jpg\",\"contentUrl\":\"https:\\\/\\\/avrupatv.eu\\\/wp-content\\\/uploads\\\/2024\\\/11\\\/Tegmen-Ebru-Eroglu.jpg\",\"width\":800,\"height\":450},{\"@type\":\"BreadcrumbList\",\"@id\":\"https:\\\/\\\/avrupatv.eu\\\/index.php\\\/2024\\\/11\\\/16\\\/tegmen-ebru-eroglunun-mustafa-kemalin-askerleriyiz-slogani-krize-neden-oldu\\\/#breadcrumb\",\"itemListElement\":[{\"@type\":\"ListItem\",\"position\":1,\"name\":\"Anasayfa\",\"item\":\"https:\\\/\\\/avrupatv.eu\\\/\"},{\"@type\":\"ListItem\",\"position\":2,\"name\":\"Te\u011fmen Ebru Ero\u011flu&#8217;nun &#8220;Mustafa Kemal&#8217;in Askerleriyiz&#8221; Slogan\u0131 Krize Neden Oldu\"}]},{\"@type\":\"WebSite\",\"@id\":\"https:\\\/\\\/avrupatv.eu\\\/#website\",\"url\":\"https:\\\/\\\/avrupatv.eu\\\/\",\"name\":\"Avrupal\u0131 T\u00fcrklerin en Yeni Haber Portal\u0131\",\"description\":\"\",\"publisher\":{\"@id\":\"https:\\\/\\\/avrupatv.eu\\\/#organization\"},\"alternateName\":\"Avrupa tv\",\"potentialAction\":[{\"@type\":\"SearchAction\",\"target\":{\"@type\":\"EntryPoint\",\"urlTemplate\":\"https:\\\/\\\/avrupatv.eu\\\/?s={search_term_string}\"},\"query-input\":{\"@type\":\"PropertyValueSpecification\",\"valueRequired\":true,\"valueName\":\"search_term_string\"}}],\"inLanguage\":\"tr\"},{\"@type\":\"Organization\",\"@id\":\"https:\\\/\\\/avrupatv.eu\\\/#organization\",\"name\":\"Avrupa Haber\",\"url\":\"https:\\\/\\\/avrupatv.eu\\\/\",\"logo\":{\"@type\":\"ImageObject\",\"inLanguage\":\"tr\",\"@id\":\"https:\\\/\\\/avrupatv.eu\\\/#\\\/schema\\\/logo\\\/image\\\/\",\"url\":\"https:\\\/\\\/avrupatv.eu\\\/wp-content\\\/uploads\\\/2023\\\/10\\\/cropped-thumbnail_logo.png\",\"contentUrl\":\"https:\\\/\\\/avrupatv.eu\\\/wp-content\\\/uploads\\\/2023\\\/10\\\/cropped-thumbnail_logo.png\",\"width\":1025,\"height\":302,\"caption\":\"Avrupa Haber\"},\"image\":{\"@id\":\"https:\\\/\\\/avrupatv.eu\\\/#\\\/schema\\\/logo\\\/image\\\/\"}},{\"@type\":\"Person\",\"@id\":\"https:\\\/\\\/avrupatv.eu\\\/#\\\/schema\\\/person\\\/d56afa5d5569da4029d483da36c0c17d\",\"name\":\"Onur Akpinar\",\"image\":{\"@type\":\"ImageObject\",\"inLanguage\":\"tr\",\"@id\":\"https:\\\/\\\/secure.gravatar.com\\\/avatar\\\/67a1a0bdf34f82da209334e4684b7e7171a58a5a2b0a8f836b61044f5c1f5d6a?s=96&d=mm&r=g\",\"url\":\"https:\\\/\\\/secure.gravatar.com\\\/avatar\\\/67a1a0bdf34f82da209334e4684b7e7171a58a5a2b0a8f836b61044f5c1f5d6a?s=96&d=mm&r=g\",\"contentUrl\":\"https:\\\/\\\/secure.gravatar.com\\\/avatar\\\/67a1a0bdf34f82da209334e4684b7e7171a58a5a2b0a8f836b61044f5c1f5d6a?s=96&d=mm&r=g\",\"caption\":\"Onur Akpinar\"},\"url\":\"https:\\\/\\\/avrupatv.eu\\\/index.php\\\/author\\\/onur-akpinar\\\/\"}]}<\/script>\n<!-- \/ Yoast SEO plugin. -->","yoast_head_json":{"title":"Te\u011fmen Ebru Ero\u011flu'nun \"Mustafa Kemal'in Askerleriyiz\" Slogan\u0131 Krize Neden Oldu - Avrupal\u0131 T\u00fcrklerin en Yeni Haber Portal\u0131","robots":{"index":"index","follow":"follow","max-snippet":"max-snippet:-1","max-image-preview":"max-image-preview:large","max-video-preview":"max-video-preview:-1"},"canonical":"https:\/\/avrupatv.eu\/index.php\/2024\/11\/16\/tegmen-ebru-eroglunun-mustafa-kemalin-askerleriyiz-slogani-krize-neden-oldu\/","og_locale":"tr_TR","og_type":"article","og_title":"Te\u011fmen Ebru Ero\u011flu'nun \"Mustafa Kemal'in Askerleriyiz\" Slogan\u0131 Krize Neden Oldu - Avrupal\u0131 T\u00fcrklerin en Yeni Haber Portal\u0131","og_description":"Te\u011fmen Ebru Ero\u011flu\u2019nun Mezuniyet T\u00f6renindeki Olaylar ve \u0130hra\u00e7 S\u00fcreci Kara Harp Okulu mezuniyet t\u00f6reninde d\u00f6nem birincisi olarak dikkat \u00e7eken Te\u011fmen Ebru Ero\u011flu, &#8220;Mustafa Kemal\u2019in askerleriyiz&#8221; slogan\u0131 ve k\u0131l\u0131\u00e7 \u00e7ekme eylemiyle g\u00fcndeme geldi. Bu olaylar sonras\u0131 hakk\u0131nda soru\u015fturma ba\u015flat\u0131ld\u0131 ve Y\u00fcksek Disiplin Kurulu\u2019na sevk edilerek ihra\u00e7 talebiyle i\u015flem ba\u015flat\u0131ld\u0131. Mezuniyet T\u00f6reni ve Soru\u015fturma S\u00fcreci 30 A\u011fustos [&hellip;]","og_url":"https:\/\/avrupatv.eu\/index.php\/2024\/11\/16\/tegmen-ebru-eroglunun-mustafa-kemalin-askerleriyiz-slogani-krize-neden-oldu\/","og_site_name":"Avrupal\u0131 T\u00fcrklerin en Yeni Haber Portal\u0131","article_published_time":"2024-11-16T15:50:35+00:00","og_image":[{"width":800,"height":450,"url":"https:\/\/avrupatv.eu\/wp-content\/uploads\/2024\/11\/Tegmen-Ebru-Eroglu.jpg","type":"image\/jpeg"}],"author":"Onur Akpinar","twitter_card":"summary_large_image","twitter_misc":{"Yazan:":"Onur Akpinar","Tahmini okuma s\u00fcresi":"2 dakika"},"schema":{"@context":"https:\/\/schema.org","@graph":[{"@type":"Article","@id":"https:\/\/avrupatv.eu\/index.php\/2024\/11\/16\/tegmen-ebru-eroglunun-mustafa-kemalin-askerleriyiz-slogani-krize-neden-oldu\/#article","isPartOf":{"@id":"https:\/\/avrupatv.eu\/index.php\/2024\/11\/16\/tegmen-ebru-eroglunun-mustafa-kemalin-askerleriyiz-slogani-krize-neden-oldu\/"},"author":{"name":"Onur Akpinar","@id":"https:\/\/avrupatv.eu\/#\/schema\/person\/d56afa5d5569da4029d483da36c0c17d"},"headline":"Te\u011fmen Ebru Ero\u011flu&#8217;nun &#8220;Mustafa Kemal&#8217;in Askerleriyiz&#8221; Slogan\u0131 Krize Neden Oldu","datePublished":"2024-11-16T15:50:35+00:00","mainEntityOfPage":{"@id":"https:\/\/avrupatv.eu\/index.php\/2024\/11\/16\/tegmen-ebru-eroglunun-mustafa-kemalin-askerleriyiz-slogani-krize-neden-oldu\/"},"wordCount":326,"commentCount":0,"publisher":{"@id":"https:\/\/avrupatv.eu\/#organization"},"image":{"@id":"https:\/\/avrupatv.eu\/index.php\/2024\/11\/16\/tegmen-ebru-eroglunun-mustafa-kemalin-askerleriyiz-slogani-krize-neden-oldu\/#primaryimage"},"thumbnailUrl":"https:\/\/avrupatv.eu\/wp-content\/uploads\/2024\/11\/Tegmen-Ebru-Eroglu.jpg","articleSection":["G\u00fcndem","T\u00fcrkiye"],"inLanguage":"tr","potentialAction":[{"@type":"CommentAction","name":"Comment","target":["https:\/\/avrupatv.eu\/index.php\/2024\/11\/16\/tegmen-ebru-eroglunun-mustafa-kemalin-askerleriyiz-slogani-krize-neden-oldu\/#respond"]}]},{"@type":"WebPage","@id":"https:\/\/avrupatv.eu\/index.php\/2024\/11\/16\/tegmen-ebru-eroglunun-mustafa-kemalin-askerleriyiz-slogani-krize-neden-oldu\/","url":"https:\/\/avrupatv.eu\/index.php\/2024\/11\/16\/tegmen-ebru-eroglunun-mustafa-kemalin-askerleriyiz-slogani-krize-neden-oldu\/","name":"Te\u011fmen Ebru Ero\u011flu'nun \"Mustafa Kemal'in Askerleriyiz\" Slogan\u0131 Krize Neden Oldu - Avrupal\u0131 T\u00fcrklerin en Yeni Haber Portal\u0131","isPartOf":{"@id":"https:\/\/avrupatv.eu\/#website"},"primaryImageOfPage":{"@id":"https:\/\/avrupatv.eu\/index.php\/2024\/11\/16\/tegmen-ebru-eroglunun-mustafa-kemalin-askerleriyiz-slogani-krize-neden-oldu\/#primaryimage"},"image":{"@id":"https:\/\/avrupatv.eu\/index.php\/2024\/11\/16\/tegmen-ebru-eroglunun-mustafa-kemalin-askerleriyiz-slogani-krize-neden-oldu\/#primaryimage"},"thumbnailUrl":"https:\/\/avrupatv.eu\/wp-content\/uploads\/2024\/11\/Tegmen-Ebru-Eroglu.jpg","datePublished":"2024-11-16T15:50:35+00:00","breadcrumb":{"@id":"https:\/\/avrupatv.eu\/index.php\/2024\/11\/16\/tegmen-ebru-eroglunun-mustafa-kemalin-askerleriyiz-slogani-krize-neden-oldu\/#breadcrumb"},"inLanguage":"tr","potentialAction":[{"@type":"ReadAction","target":["https:\/\/avrupatv.eu\/index.php\/2024\/11\/16\/tegmen-ebru-eroglunun-mustafa-kemalin-askerleriyiz-slogani-krize-neden-oldu\/"]}]},{"@type":"ImageObject","inLanguage":"tr","@id":"https:\/\/avrupatv.eu\/index.php\/2024\/11\/16\/tegmen-ebru-eroglunun-mustafa-kemalin-askerleriyiz-slogani-krize-neden-oldu\/#primaryimage","url":"https:\/\/avrupatv.eu\/wp-content\/uploads\/2024\/11\/Tegmen-Ebru-Eroglu.jpg","contentUrl":"https:\/\/avrupatv.eu\/wp-content\/uploads\/2024\/11\/Tegmen-Ebru-Eroglu.jpg","width":800,"height":450},{"@type":"BreadcrumbList","@id":"https:\/\/avrupatv.eu\/index.php\/2024\/11\/16\/tegmen-ebru-eroglunun-mustafa-kemalin-askerleriyiz-slogani-krize-neden-oldu\/#breadcrumb","itemListElement":[{"@type":"ListItem","position":1,"name":"Anasayfa","item":"https:\/\/avrupatv.eu\/"},{"@type":"ListItem","position":2,"name":"Te\u011fmen Ebru Ero\u011flu&#8217;nun &#8220;Mustafa Kemal&#8217;in Askerleriyiz&#8221; Slogan\u0131 Krize Neden Oldu"}]},{"@type":"WebSite","@id":"https:\/\/avrupatv.eu\/#website","url":"https:\/\/avrupatv.eu\/","name":"Avrupal\u0131 T\u00fcrklerin en Yeni Haber Portal\u0131","description":"","publisher":{"@id":"https:\/\/avrupatv.eu\/#organization"},"alternateName":"Avrupa tv","potentialAction":[{"@type":"SearchAction","target":{"@type":"EntryPoint","urlTemplate":"https:\/\/avrupatv.eu\/?s={search_term_string}"},"query-input":{"@type":"PropertyValueSpecification","valueRequired":true,"valueName":"search_term_string"}}],"inLanguage":"tr"},{"@type":"Organization","@id":"https:\/\/avrupatv.eu\/#organization","name":"Avrupa Haber","url":"https:\/\/avrupatv.eu\/","logo":{"@type":"ImageObject","inLanguage":"tr","@id":"https:\/\/avrupatv.eu\/#\/schema\/logo\/image\/","url":"https:\/\/avrupatv.eu\/wp-content\/uploads\/2023\/10\/cropped-thumbnail_logo.png","contentUrl":"https:\/\/avrupatv.eu\/wp-content\/uploads\/2023\/10\/cropped-thumbnail_logo.png","width":1025,"height":302,"caption":"Avrupa Haber"},"image":{"@id":"https:\/\/avrupatv.eu\/#\/schema\/logo\/image\/"}},{"@type":"Person","@id":"https:\/\/avrupatv.eu\/#\/schema\/person\/d56afa5d5569da4029d483da36c0c17d","name":"Onur Akpinar","image":{"@type":"ImageObject","inLanguage":"tr","@id":"https:\/\/secure.gravatar.com\/avatar\/67a1a0bdf34f82da209334e4684b7e7171a58a5a2b0a8f836b61044f5c1f5d6a?s=96&d=mm&r=g","url":"https:\/\/secure.gravatar.com\/avatar\/67a1a0bdf34f82da209334e4684b7e7171a58a5a2b0a8f836b61044f5c1f5d6a?s=96&d=mm&r=g","contentUrl":"https:\/\/secure.gravatar.com\/avatar\/67a1a0bdf34f82da209334e4684b7e7171a58a5a2b0a8f836b61044f5c1f5d6a?s=96&d=mm&r=g","caption":"Onur Akpinar"},"url":"https:\/\/avrupatv.eu\/index.php\/author\/onur-akpinar\/"}]}},"_links":{"self":[{"href":"https:\/\/avrupatv.eu\/index.php\/wp-json\/wp\/v2\/posts\/664","targetHints":{"allow":["GET"]}}],"collection":[{"href":"https:\/\/avrupatv.eu\/index.php\/wp-json\/wp\/v2\/posts"}],"about":[{"href":"https:\/\/avrupatv.eu\/index.php\/wp-json\/wp\/v2\/types\/post"}],"author":[{"embeddable":true,"href":"https:\/\/avrupatv.eu\/index.php\/wp-json\/wp\/v2\/users\/2"}],"replies":[{"embeddable":true,"href":"https:\/\/avrupatv.eu\/index.php\/wp-json\/wp\/v2\/comments?post=664"}],"version-history":[{"count":1,"href":"https:\/\/avrupatv.eu\/index.php\/wp-json\/wp\/v2\/posts\/664\/revisions"}],"predecessor-version":[{"id":665,"href":"https:\/\/avrupatv.eu\/index.php\/wp-json\/wp\/v2\/posts\/664\/revisions\/665"}],"wp:featuredmedia":[{"embeddable":true,"href":"https:\/\/avrupatv.eu\/index.php\/wp-json\/wp\/v2\/media\/666"}],"wp:attachment":[{"href":"https:\/\/avrupatv.eu\/index.php\/wp-json\/wp\/v2\/media?parent=664"}],"wp:term":[{"taxonomy":"category","embeddable":true,"href":"https:\/\/avrupatv.eu\/index.php\/wp-json\/wp\/v2\/categories?post=664"},{"taxonomy":"post_tag","embeddable":true,"href":"https:\/\/avrupatv.eu\/index.php\/wp-json\/wp\/v2\/tags?post=664"}],"curies":[{"name":"wp","href":"https:\/\/api.w.org\/{rel}","templated":true}]}}