{"id":661,"date":"2024-11-16T15:23:56","date_gmt":"2024-11-16T15:23:56","guid":{"rendered":"https:\/\/avrupatv.eu\/?p=661"},"modified":"2024-11-16T15:23:56","modified_gmt":"2024-11-16T15:23:56","slug":"imamoglu-ve-ahmet-turkten-kayyim-atamalarina-karsi-sert-mesaj-asla-geri-adim-atmayiz","status":"publish","type":"post","link":"https:\/\/avrupatv.eu\/index.php\/2024\/11\/16\/imamoglu-ve-ahmet-turkten-kayyim-atamalarina-karsi-sert-mesaj-asla-geri-adim-atmayiz\/","title":{"rendered":"\u0130mamo\u011flu ve Ahmet T\u00fcrk\u2019ten Kayy\u0131m Atamalar\u0131na Kar\u015f\u0131 Sert Mesaj: &#8216;Asla Geri Ad\u0131m Atmay\u0131z"},"content":{"rendered":"\n<p><strong>Ekrem \u0130mamo\u011flu&#8217;ndan Ahmet T\u00fcrk&#8217;e Destek Ziyareti<\/strong><\/p>\n\n\n\n<p>T\u00fcrkiye Belediyeler Birli\u011fi (TBB) ve \u0130stanbul B\u00fcy\u00fck\u015fehir Belediye (\u0130BB) Ba\u015fkan\u0131 Ekrem \u0130mamo\u011flu, yerine kayy\u0131m atanan se\u00e7ilmi\u015f Mardin B\u00fcy\u00fck\u015fehir Belediye E\u015f Ba\u015fkan\u0131 Ahmet T\u00fcrk\u2019e destek ziyaretinde bulundu. Ziyarette \u0130mamo\u011flu&#8217;na, CHP Genel Ba\u015fkan Yard\u0131mc\u0131lar\u0131 G\u00f6k\u00e7e G\u00f6k\u00e7en ve G\u00fcl \u00c7ift\u00e7i ile birlikte Adana B\u00fcy\u00fck\u015fehir Belediye Ba\u015fkan\u0131 Zeydan Karalar, Mersin B\u00fcy\u00fck\u015fehir Belediye Ba\u015fkan\u0131 Vahap Se\u00e7er, Diyarbak\u0131r B\u00fcy\u00fck\u015fehir Belediye E\u015f Ba\u015fkanlar\u0131 Ay\u015fe Serra Bucak ve Do\u011fan Hatun, Ad\u0131yaman Belediye Ba\u015fkan\u0131 Abdurrahman Tutdere de e\u015flik etti.<\/p>\n\n\n\n<p>Ahmet T\u00fcrk, \u0130mamo\u011flu ve beraberindeki heyeti, Derik il\u00e7esinde bulunan Kasr\u0131 Kanco\u2019da a\u011f\u0131rlad\u0131. Ziyaretin ard\u0131ndan, T\u00fcrk ve \u0130mamo\u011flu yakla\u015f\u0131k 3 saat s\u00fcren g\u00f6r\u00fc\u015fmenin ard\u0131ndan bas\u0131n toplant\u0131s\u0131 d\u00fczenledi.<\/p>\n\n\n\n<h3 class=\"wp-block-heading\">Ahmet T\u00fcrk: &#8220;G\u00f6nl\u00fcnde Bar\u0131\u015f Yatan Herkesi Misafir Etmek \u0130stiyorum&#8221;<\/h3>\n\n\n\n<p>Ev sahibi s\u0131fat\u0131yla ilk olarak s\u00f6z alan Ahmet T\u00fcrk, \u201cBug\u00fcn b\u00fcy\u00fck bir onur duyuyoruz. \u0130BB Ba\u015fkan\u0131 Ekrem \u0130mamo\u011flu, Adana, Mersin, Ad\u0131yaman ve Diyarbak\u0131r belediye ba\u015fkanlar\u0131m\u0131z bizimle birlikte. Kayy\u0131m siyasetiyle, bu \u00fclkenin demokrasiye kavu\u015fmas\u0131 m\u00fcmk\u00fcn de\u011fildir. Bizler bar\u0131\u015f\u00e7\u0131l, kucaklay\u0131c\u0131 bir s\u00fcrecin geli\u015fmesini istiyoruz. T\u00fcrkiye\u2019de demokrasiye inananlar\u0131n m\u00fccadelesiyle, \u00e7ok k\u0131sa bir s\u00fcrede bu \u00fclkeye bar\u0131\u015f, huzur ve adalet gelecektir,\u201d dedi. T\u00fcrk, evinin herkes i\u00e7in a\u00e7\u0131k oldu\u011funu belirterek, &#8220;\u0130brahim Halil sofras\u0131nda g\u00f6nl\u00fcnde bar\u0131\u015f yatan herkesi misafir etmek istiyorum&#8221; \u015feklinde konu\u015ftu.<\/p>\n\n\n\n<h3 class=\"wp-block-heading\">Ekrem \u0130mamo\u011flu: &#8220;Yerel Kalk\u0131nman\u0131n Yegane Adresi Yerel Y\u00f6netimlerdir&#8221;<\/h3>\n\n\n\n<p>\u0130mamo\u011flu ise \u201cBug\u00fcn, Ahmet Ba\u015fkan\u0131m\u0131za ve Mardin\u2019in t\u00fcm belediye y\u00f6neticilerine ge\u00e7mi\u015f olsun dileklerimizi iletmek i\u00e7in buraday\u0131z. T\u00fcrkiye\u2019nin g\u00fc\u00e7l\u00fc bir yerel demokrasiye sahip olmas\u0131n\u0131 hedefliyoruz. Yereldeki kalk\u0131nman\u0131n adresi yerel y\u00f6netimlerdir. Ancak y\u0131llard\u0131r, yerel y\u00f6netimlerin yetkileri k\u0131s\u0131tlanm\u0131\u015f, b\u00fct\u00e7eleri sadece maa\u015f \u00f6demeye yetiyor,\u201d dedi.<\/p>\n\n\n\n<p>\u0130mamo\u011flu, T\u00fcrkiye\u2019de kayy\u0131m atamalar\u0131n\u0131n, yerel demokrasi ve halk\u0131n se\u00e7me hakk\u0131n\u0131n gaspedilmesi anlam\u0131na geldi\u011fini vurgulayarak, \u201cBu hukuksuzluklar\u0131 savunuyoruz, \u00e7\u00fcnk\u00fc yar\u0131n bir ba\u015fka belediye ba\u015fkan\u0131n\u0131n da ba\u015f\u0131na gelebilir. Gelecekte kimsenin ba\u015f\u0131na bu t\u00fcr hukuksuzluklar\u0131n gelmemesi i\u00e7in buraday\u0131z,\u201d ifadelerini kulland\u0131.<\/p>\n\n\n\n<h3 class=\"wp-block-heading\">\u0130mamo\u011flu&#8217;nun Yarg\u0131 ve Siyasi Durumla \u0130lgili A\u00e7\u0131klamalar\u0131<\/h3>\n\n\n\n<p>\u0130mamo\u011flu, gazetecilerin kayy\u0131m atamalar\u0131 ve CHP&#8217;li belediyelere y\u00f6nelik soru\u015fturmalarla ilgili sorular\u0131n\u0131 da yan\u0131tlad\u0131. Bir gazetecinin, kayy\u0131m atamalar\u0131n\u0131n Ekrem \u0130mamo\u011flu\u2019nu engellemeye y\u00f6nelik oldu\u011fu iddialar\u0131na dair sorusuna \u015fu yan\u0131t\u0131 verdi: \u201cBu dedikodulara tak\u0131lmayal\u0131m. Evet, k\u00f6t\u00fcl\u00fckler olabilir, ama biz diren\u00e7liyiz. Kararl\u0131y\u0131z ve milletin hakk\u0131n\u0131 savunmaya devam edece\u011fiz.\u201d<\/p>\n\n\n\n<p>\u0130mamo\u011flu, iktidar partilerinin de b\u00fcy\u00fck bir b\u00f6l\u00fcm\u00fcn\u00fcn kayy\u0131m atamalar\u0131 ve yerel y\u00f6netimlerin gasp\u0131 konusundaki mahcubiyetini g\u00f6rd\u00fc\u011f\u00fcn\u00fc belirterek, \u201cBiz bug\u00fcn sadece CHP&#8217;li belediyeler i\u00e7in de\u011fil, t\u00fcm belediyelerin hukukun \u00fcst\u00fcnl\u00fc\u011f\u00fcn\u00fc savunuyoruz. \u00c7\u00fcnk\u00fc bu mesele, sadece bug\u00fcn\u00fc de\u011fil, yar\u0131n\u0131n T\u00fcrkiye\u2019sini ilgilendiriyor,\u201d dedi.<\/p>\n\n\n\n<h3 class=\"wp-block-heading\">&#8220;Bizi Mahcup Eden Bir Durum&#8221;<\/h3>\n\n\n\n<p>\u0130mamo\u011flu, kayy\u0131m atamalar\u0131n\u0131n \u00fclkeyi ve devleti d\u00fcnyada k\u00fc\u00e7\u00fclten bir uygulama oldu\u011funu s\u00f6yleyerek, \u201cBizi mahcup eden bir durumdur. Burada bulunan hi\u00e7bir mevkida\u015f\u0131m, koltuk sevdas\u0131 u\u011fruna burada de\u011fil. Biz, her birimizin bu \u00fclkenin iyili\u011fi i\u00e7in burada oldu\u011fumuzu ifade ediyoruz,\u201d \u015feklinde konu\u015ftu.<\/p>\n\n\n\n<p>Ziyaretin sonunda, T\u00fcrk ve \u0130mamo\u011flu, Mardin&#8217;in ve T\u00fcrkiye&#8217;nin bar\u0131\u015f\u0131 ve huzuru i\u00e7in g\u00fc\u00e7l\u00fc ad\u0131mlar at\u0131laca\u011f\u0131n\u0131 vurgulayarak, memleketin birlikteli\u011fi i\u00e7in dua ettiklerini belirttiler.<\/p>\n","protected":false},"excerpt":{"rendered":"<p>Ekrem \u0130mamo\u011flu&#8217;ndan Ahmet T\u00fcrk&#8217;e Destek Ziyareti T\u00fcrkiye Belediyeler Birli\u011fi (TBB) ve \u0130stanbul B\u00fcy\u00fck\u015fehir Belediye (\u0130BB) Ba\u015fkan\u0131 Ekrem \u0130mamo\u011flu, yerine kayy\u0131m atanan se\u00e7ilmi\u015f Mardin B\u00fcy\u00fck\u015fehir Belediye E\u015f Ba\u015fkan\u0131 Ahmet T\u00fcrk\u2019e destek ziyaretinde bulundu. Ziyarette \u0130mamo\u011flu&#8217;na, CHP Genel Ba\u015fkan Yard\u0131mc\u0131lar\u0131 G\u00f6k\u00e7e G\u00f6k\u00e7en ve G\u00fcl \u00c7ift\u00e7i ile birlikte Adana B\u00fcy\u00fck\u015fehir Belediye Ba\u015fkan\u0131 Zeydan Karalar, Mersin B\u00fcy\u00fck\u015fehir Belediye Ba\u015fkan\u0131 [&hellip;]<\/p>\n","protected":false},"author":2,"featured_media":662,"comment_status":"open","ping_status":"open","sticky":false,"template":"","format":"standard","meta":{"footnotes":""},"categories":[11],"tags":[],"class_list":["post-661","post","type-post","status-publish","format-standard","has-post-thumbnail","hentry","category-turkiye"],"yoast_head":"<!-- This site is optimized with the Yoast SEO plugin v27.4 - https:\/\/yoast.com\/product\/yoast-seo-wordpress\/ -->\n<title>\u0130mamo\u011flu ve Ahmet T\u00fcrk\u2019ten Kayy\u0131m Atamalar\u0131na Kar\u015f\u0131 Sert Mesaj: &#039;Asla Geri Ad\u0131m Atmay\u0131z - Avrupal\u0131 T\u00fcrklerin en Yeni Haber Portal\u0131<\/title>\n<meta name=\"robots\" content=\"index, follow, max-snippet:-1, max-image-preview:large, max-video-preview:-1\" \/>\n<link rel=\"canonical\" href=\"https:\/\/avrupatv.eu\/index.php\/2024\/11\/16\/imamoglu-ve-ahmet-turkten-kayyim-atamalarina-karsi-sert-mesaj-asla-geri-adim-atmayiz\/\" \/>\n<meta property=\"og:locale\" content=\"tr_TR\" \/>\n<meta property=\"og:type\" content=\"article\" \/>\n<meta property=\"og:title\" content=\"\u0130mamo\u011flu ve Ahmet T\u00fcrk\u2019ten Kayy\u0131m Atamalar\u0131na Kar\u015f\u0131 Sert Mesaj: &#039;Asla Geri Ad\u0131m Atmay\u0131z - Avrupal\u0131 T\u00fcrklerin en Yeni Haber Portal\u0131\" \/>\n<meta property=\"og:description\" content=\"Ekrem \u0130mamo\u011flu&#8217;ndan Ahmet T\u00fcrk&#8217;e Destek Ziyareti T\u00fcrkiye Belediyeler Birli\u011fi (TBB) ve \u0130stanbul B\u00fcy\u00fck\u015fehir Belediye (\u0130BB) Ba\u015fkan\u0131 Ekrem \u0130mamo\u011flu, yerine kayy\u0131m atanan se\u00e7ilmi\u015f Mardin B\u00fcy\u00fck\u015fehir Belediye E\u015f Ba\u015fkan\u0131 Ahmet T\u00fcrk\u2019e destek ziyaretinde bulundu. Ziyarette \u0130mamo\u011flu&#8217;na, CHP Genel Ba\u015fkan Yard\u0131mc\u0131lar\u0131 G\u00f6k\u00e7e G\u00f6k\u00e7en ve G\u00fcl \u00c7ift\u00e7i ile birlikte Adana B\u00fcy\u00fck\u015fehir Belediye Ba\u015fkan\u0131 Zeydan Karalar, Mersin B\u00fcy\u00fck\u015fehir Belediye Ba\u015fkan\u0131 [&hellip;]\" \/>\n<meta property=\"og:url\" content=\"https:\/\/avrupatv.eu\/index.php\/2024\/11\/16\/imamoglu-ve-ahmet-turkten-kayyim-atamalarina-karsi-sert-mesaj-asla-geri-adim-atmayiz\/\" \/>\n<meta property=\"og:site_name\" content=\"Avrupal\u0131 T\u00fcrklerin en Yeni Haber Portal\u0131\" \/>\n<meta property=\"article:published_time\" content=\"2024-11-16T15:23:56+00:00\" \/>\n<meta property=\"og:image\" content=\"https:\/\/avrupatv.eu\/wp-content\/uploads\/2024\/11\/6738b0c94cf1f.jpg\" \/>\n\t<meta property=\"og:image:width\" content=\"500\" \/>\n\t<meta property=\"og:image:height\" content=\"333\" \/>\n\t<meta property=\"og:image:type\" content=\"image\/jpeg\" \/>\n<meta name=\"author\" content=\"Onur Akpinar\" \/>\n<meta name=\"twitter:card\" content=\"summary_large_image\" \/>\n<meta name=\"twitter:label1\" content=\"Yazan:\" \/>\n\t<meta name=\"twitter:data1\" content=\"Onur Akpinar\" \/>\n\t<meta name=\"twitter:label2\" content=\"Tahmini okuma s\u00fcresi\" \/>\n\t<meta name=\"twitter:data2\" content=\"3 dakika\" \/>\n<script type=\"application\/ld+json\" class=\"yoast-schema-graph\">{\"@context\":\"https:\\\/\\\/schema.org\",\"@graph\":[{\"@type\":\"Article\",\"@id\":\"https:\\\/\\\/avrupatv.eu\\\/index.php\\\/2024\\\/11\\\/16\\\/imamoglu-ve-ahmet-turkten-kayyim-atamalarina-karsi-sert-mesaj-asla-geri-adim-atmayiz\\\/#article\",\"isPartOf\":{\"@id\":\"https:\\\/\\\/avrupatv.eu\\\/index.php\\\/2024\\\/11\\\/16\\\/imamoglu-ve-ahmet-turkten-kayyim-atamalarina-karsi-sert-mesaj-asla-geri-adim-atmayiz\\\/\"},\"author\":{\"name\":\"Onur Akpinar\",\"@id\":\"https:\\\/\\\/avrupatv.eu\\\/#\\\/schema\\\/person\\\/d56afa5d5569da4029d483da36c0c17d\"},\"headline\":\"\u0130mamo\u011flu ve Ahmet T\u00fcrk\u2019ten Kayy\u0131m Atamalar\u0131na Kar\u015f\u0131 Sert Mesaj: &#8216;Asla Geri Ad\u0131m Atmay\u0131z\",\"datePublished\":\"2024-11-16T15:23:56+00:00\",\"mainEntityOfPage\":{\"@id\":\"https:\\\/\\\/avrupatv.eu\\\/index.php\\\/2024\\\/11\\\/16\\\/imamoglu-ve-ahmet-turkten-kayyim-atamalarina-karsi-sert-mesaj-asla-geri-adim-atmayiz\\\/\"},\"wordCount\":687,\"commentCount\":0,\"publisher\":{\"@id\":\"https:\\\/\\\/avrupatv.eu\\\/#organization\"},\"image\":{\"@id\":\"https:\\\/\\\/avrupatv.eu\\\/index.php\\\/2024\\\/11\\\/16\\\/imamoglu-ve-ahmet-turkten-kayyim-atamalarina-karsi-sert-mesaj-asla-geri-adim-atmayiz\\\/#primaryimage\"},\"thumbnailUrl\":\"https:\\\/\\\/avrupatv.eu\\\/wp-content\\\/uploads\\\/2024\\\/11\\\/6738b0c94cf1f.jpg\",\"articleSection\":[\"T\u00fcrkiye\"],\"inLanguage\":\"tr\",\"potentialAction\":[{\"@type\":\"CommentAction\",\"name\":\"Comment\",\"target\":[\"https:\\\/\\\/avrupatv.eu\\\/index.php\\\/2024\\\/11\\\/16\\\/imamoglu-ve-ahmet-turkten-kayyim-atamalarina-karsi-sert-mesaj-asla-geri-adim-atmayiz\\\/#respond\"]}]},{\"@type\":\"WebPage\",\"@id\":\"https:\\\/\\\/avrupatv.eu\\\/index.php\\\/2024\\\/11\\\/16\\\/imamoglu-ve-ahmet-turkten-kayyim-atamalarina-karsi-sert-mesaj-asla-geri-adim-atmayiz\\\/\",\"url\":\"https:\\\/\\\/avrupatv.eu\\\/index.php\\\/2024\\\/11\\\/16\\\/imamoglu-ve-ahmet-turkten-kayyim-atamalarina-karsi-sert-mesaj-asla-geri-adim-atmayiz\\\/\",\"name\":\"\u0130mamo\u011flu ve Ahmet T\u00fcrk\u2019ten Kayy\u0131m Atamalar\u0131na Kar\u015f\u0131 Sert Mesaj: 'Asla Geri Ad\u0131m Atmay\u0131z - Avrupal\u0131 T\u00fcrklerin en Yeni Haber Portal\u0131\",\"isPartOf\":{\"@id\":\"https:\\\/\\\/avrupatv.eu\\\/#website\"},\"primaryImageOfPage\":{\"@id\":\"https:\\\/\\\/avrupatv.eu\\\/index.php\\\/2024\\\/11\\\/16\\\/imamoglu-ve-ahmet-turkten-kayyim-atamalarina-karsi-sert-mesaj-asla-geri-adim-atmayiz\\\/#primaryimage\"},\"image\":{\"@id\":\"https:\\\/\\\/avrupatv.eu\\\/index.php\\\/2024\\\/11\\\/16\\\/imamoglu-ve-ahmet-turkten-kayyim-atamalarina-karsi-sert-mesaj-asla-geri-adim-atmayiz\\\/#primaryimage\"},\"thumbnailUrl\":\"https:\\\/\\\/avrupatv.eu\\\/wp-content\\\/uploads\\\/2024\\\/11\\\/6738b0c94cf1f.jpg\",\"datePublished\":\"2024-11-16T15:23:56+00:00\",\"breadcrumb\":{\"@id\":\"https:\\\/\\\/avrupatv.eu\\\/index.php\\\/2024\\\/11\\\/16\\\/imamoglu-ve-ahmet-turkten-kayyim-atamalarina-karsi-sert-mesaj-asla-geri-adim-atmayiz\\\/#breadcrumb\"},\"inLanguage\":\"tr\",\"potentialAction\":[{\"@type\":\"ReadAction\",\"target\":[\"https:\\\/\\\/avrupatv.eu\\\/index.php\\\/2024\\\/11\\\/16\\\/imamoglu-ve-ahmet-turkten-kayyim-atamalarina-karsi-sert-mesaj-asla-geri-adim-atmayiz\\\/\"]}]},{\"@type\":\"ImageObject\",\"inLanguage\":\"tr\",\"@id\":\"https:\\\/\\\/avrupatv.eu\\\/index.php\\\/2024\\\/11\\\/16\\\/imamoglu-ve-ahmet-turkten-kayyim-atamalarina-karsi-sert-mesaj-asla-geri-adim-atmayiz\\\/#primaryimage\",\"url\":\"https:\\\/\\\/avrupatv.eu\\\/wp-content\\\/uploads\\\/2024\\\/11\\\/6738b0c94cf1f.jpg\",\"contentUrl\":\"https:\\\/\\\/avrupatv.eu\\\/wp-content\\\/uploads\\\/2024\\\/11\\\/6738b0c94cf1f.jpg\",\"width\":500,\"height\":333},{\"@type\":\"BreadcrumbList\",\"@id\":\"https:\\\/\\\/avrupatv.eu\\\/index.php\\\/2024\\\/11\\\/16\\\/imamoglu-ve-ahmet-turkten-kayyim-atamalarina-karsi-sert-mesaj-asla-geri-adim-atmayiz\\\/#breadcrumb\",\"itemListElement\":[{\"@type\":\"ListItem\",\"position\":1,\"name\":\"Anasayfa\",\"item\":\"https:\\\/\\\/avrupatv.eu\\\/\"},{\"@type\":\"ListItem\",\"position\":2,\"name\":\"\u0130mamo\u011flu ve Ahmet T\u00fcrk\u2019ten Kayy\u0131m Atamalar\u0131na Kar\u015f\u0131 Sert Mesaj: &#8216;Asla Geri Ad\u0131m Atmay\u0131z\"}]},{\"@type\":\"WebSite\",\"@id\":\"https:\\\/\\\/avrupatv.eu\\\/#website\",\"url\":\"https:\\\/\\\/avrupatv.eu\\\/\",\"name\":\"Avrupal\u0131 T\u00fcrklerin en Yeni Haber Portal\u0131\",\"description\":\"\",\"publisher\":{\"@id\":\"https:\\\/\\\/avrupatv.eu\\\/#organization\"},\"alternateName\":\"Avrupa tv\",\"potentialAction\":[{\"@type\":\"SearchAction\",\"target\":{\"@type\":\"EntryPoint\",\"urlTemplate\":\"https:\\\/\\\/avrupatv.eu\\\/?s={search_term_string}\"},\"query-input\":{\"@type\":\"PropertyValueSpecification\",\"valueRequired\":true,\"valueName\":\"search_term_string\"}}],\"inLanguage\":\"tr\"},{\"@type\":\"Organization\",\"@id\":\"https:\\\/\\\/avrupatv.eu\\\/#organization\",\"name\":\"Avrupa Haber\",\"url\":\"https:\\\/\\\/avrupatv.eu\\\/\",\"logo\":{\"@type\":\"ImageObject\",\"inLanguage\":\"tr\",\"@id\":\"https:\\\/\\\/avrupatv.eu\\\/#\\\/schema\\\/logo\\\/image\\\/\",\"url\":\"https:\\\/\\\/avrupatv.eu\\\/wp-content\\\/uploads\\\/2023\\\/10\\\/cropped-thumbnail_logo.png\",\"contentUrl\":\"https:\\\/\\\/avrupatv.eu\\\/wp-content\\\/uploads\\\/2023\\\/10\\\/cropped-thumbnail_logo.png\",\"width\":1025,\"height\":302,\"caption\":\"Avrupa Haber\"},\"image\":{\"@id\":\"https:\\\/\\\/avrupatv.eu\\\/#\\\/schema\\\/logo\\\/image\\\/\"}},{\"@type\":\"Person\",\"@id\":\"https:\\\/\\\/avrupatv.eu\\\/#\\\/schema\\\/person\\\/d56afa5d5569da4029d483da36c0c17d\",\"name\":\"Onur Akpinar\",\"image\":{\"@type\":\"ImageObject\",\"inLanguage\":\"tr\",\"@id\":\"https:\\\/\\\/secure.gravatar.com\\\/avatar\\\/67a1a0bdf34f82da209334e4684b7e7171a58a5a2b0a8f836b61044f5c1f5d6a?s=96&d=mm&r=g\",\"url\":\"https:\\\/\\\/secure.gravatar.com\\\/avatar\\\/67a1a0bdf34f82da209334e4684b7e7171a58a5a2b0a8f836b61044f5c1f5d6a?s=96&d=mm&r=g\",\"contentUrl\":\"https:\\\/\\\/secure.gravatar.com\\\/avatar\\\/67a1a0bdf34f82da209334e4684b7e7171a58a5a2b0a8f836b61044f5c1f5d6a?s=96&d=mm&r=g\",\"caption\":\"Onur Akpinar\"},\"url\":\"https:\\\/\\\/avrupatv.eu\\\/index.php\\\/author\\\/onur-akpinar\\\/\"}]}<\/script>\n<!-- \/ Yoast SEO plugin. -->","yoast_head_json":{"title":"\u0130mamo\u011flu ve Ahmet T\u00fcrk\u2019ten Kayy\u0131m Atamalar\u0131na Kar\u015f\u0131 Sert Mesaj: 'Asla Geri Ad\u0131m Atmay\u0131z - Avrupal\u0131 T\u00fcrklerin en Yeni Haber Portal\u0131","robots":{"index":"index","follow":"follow","max-snippet":"max-snippet:-1","max-image-preview":"max-image-preview:large","max-video-preview":"max-video-preview:-1"},"canonical":"https:\/\/avrupatv.eu\/index.php\/2024\/11\/16\/imamoglu-ve-ahmet-turkten-kayyim-atamalarina-karsi-sert-mesaj-asla-geri-adim-atmayiz\/","og_locale":"tr_TR","og_type":"article","og_title":"\u0130mamo\u011flu ve Ahmet T\u00fcrk\u2019ten Kayy\u0131m Atamalar\u0131na Kar\u015f\u0131 Sert Mesaj: 'Asla Geri Ad\u0131m Atmay\u0131z - Avrupal\u0131 T\u00fcrklerin en Yeni Haber Portal\u0131","og_description":"Ekrem \u0130mamo\u011flu&#8217;ndan Ahmet T\u00fcrk&#8217;e Destek Ziyareti T\u00fcrkiye Belediyeler Birli\u011fi (TBB) ve \u0130stanbul B\u00fcy\u00fck\u015fehir Belediye (\u0130BB) Ba\u015fkan\u0131 Ekrem \u0130mamo\u011flu, yerine kayy\u0131m atanan se\u00e7ilmi\u015f Mardin B\u00fcy\u00fck\u015fehir Belediye E\u015f Ba\u015fkan\u0131 Ahmet T\u00fcrk\u2019e destek ziyaretinde bulundu. Ziyarette \u0130mamo\u011flu&#8217;na, CHP Genel Ba\u015fkan Yard\u0131mc\u0131lar\u0131 G\u00f6k\u00e7e G\u00f6k\u00e7en ve G\u00fcl \u00c7ift\u00e7i ile birlikte Adana B\u00fcy\u00fck\u015fehir Belediye Ba\u015fkan\u0131 Zeydan Karalar, Mersin B\u00fcy\u00fck\u015fehir Belediye Ba\u015fkan\u0131 [&hellip;]","og_url":"https:\/\/avrupatv.eu\/index.php\/2024\/11\/16\/imamoglu-ve-ahmet-turkten-kayyim-atamalarina-karsi-sert-mesaj-asla-geri-adim-atmayiz\/","og_site_name":"Avrupal\u0131 T\u00fcrklerin en Yeni Haber Portal\u0131","article_published_time":"2024-11-16T15:23:56+00:00","og_image":[{"width":500,"height":333,"url":"https:\/\/avrupatv.eu\/wp-content\/uploads\/2024\/11\/6738b0c94cf1f.jpg","type":"image\/jpeg"}],"author":"Onur Akpinar","twitter_card":"summary_large_image","twitter_misc":{"Yazan:":"Onur Akpinar","Tahmini okuma s\u00fcresi":"3 dakika"},"schema":{"@context":"https:\/\/schema.org","@graph":[{"@type":"Article","@id":"https:\/\/avrupatv.eu\/index.php\/2024\/11\/16\/imamoglu-ve-ahmet-turkten-kayyim-atamalarina-karsi-sert-mesaj-asla-geri-adim-atmayiz\/#article","isPartOf":{"@id":"https:\/\/avrupatv.eu\/index.php\/2024\/11\/16\/imamoglu-ve-ahmet-turkten-kayyim-atamalarina-karsi-sert-mesaj-asla-geri-adim-atmayiz\/"},"author":{"name":"Onur Akpinar","@id":"https:\/\/avrupatv.eu\/#\/schema\/person\/d56afa5d5569da4029d483da36c0c17d"},"headline":"\u0130mamo\u011flu ve Ahmet T\u00fcrk\u2019ten Kayy\u0131m Atamalar\u0131na Kar\u015f\u0131 Sert Mesaj: &#8216;Asla Geri Ad\u0131m Atmay\u0131z","datePublished":"2024-11-16T15:23:56+00:00","mainEntityOfPage":{"@id":"https:\/\/avrupatv.eu\/index.php\/2024\/11\/16\/imamoglu-ve-ahmet-turkten-kayyim-atamalarina-karsi-sert-mesaj-asla-geri-adim-atmayiz\/"},"wordCount":687,"commentCount":0,"publisher":{"@id":"https:\/\/avrupatv.eu\/#organization"},"image":{"@id":"https:\/\/avrupatv.eu\/index.php\/2024\/11\/16\/imamoglu-ve-ahmet-turkten-kayyim-atamalarina-karsi-sert-mesaj-asla-geri-adim-atmayiz\/#primaryimage"},"thumbnailUrl":"https:\/\/avrupatv.eu\/wp-content\/uploads\/2024\/11\/6738b0c94cf1f.jpg","articleSection":["T\u00fcrkiye"],"inLanguage":"tr","potentialAction":[{"@type":"CommentAction","name":"Comment","target":["https:\/\/avrupatv.eu\/index.php\/2024\/11\/16\/imamoglu-ve-ahmet-turkten-kayyim-atamalarina-karsi-sert-mesaj-asla-geri-adim-atmayiz\/#respond"]}]},{"@type":"WebPage","@id":"https:\/\/avrupatv.eu\/index.php\/2024\/11\/16\/imamoglu-ve-ahmet-turkten-kayyim-atamalarina-karsi-sert-mesaj-asla-geri-adim-atmayiz\/","url":"https:\/\/avrupatv.eu\/index.php\/2024\/11\/16\/imamoglu-ve-ahmet-turkten-kayyim-atamalarina-karsi-sert-mesaj-asla-geri-adim-atmayiz\/","name":"\u0130mamo\u011flu ve Ahmet T\u00fcrk\u2019ten Kayy\u0131m Atamalar\u0131na Kar\u015f\u0131 Sert Mesaj: 'Asla Geri Ad\u0131m Atmay\u0131z - Avrupal\u0131 T\u00fcrklerin en Yeni Haber Portal\u0131","isPartOf":{"@id":"https:\/\/avrupatv.eu\/#website"},"primaryImageOfPage":{"@id":"https:\/\/avrupatv.eu\/index.php\/2024\/11\/16\/imamoglu-ve-ahmet-turkten-kayyim-atamalarina-karsi-sert-mesaj-asla-geri-adim-atmayiz\/#primaryimage"},"image":{"@id":"https:\/\/avrupatv.eu\/index.php\/2024\/11\/16\/imamoglu-ve-ahmet-turkten-kayyim-atamalarina-karsi-sert-mesaj-asla-geri-adim-atmayiz\/#primaryimage"},"thumbnailUrl":"https:\/\/avrupatv.eu\/wp-content\/uploads\/2024\/11\/6738b0c94cf1f.jpg","datePublished":"2024-11-16T15:23:56+00:00","breadcrumb":{"@id":"https:\/\/avrupatv.eu\/index.php\/2024\/11\/16\/imamoglu-ve-ahmet-turkten-kayyim-atamalarina-karsi-sert-mesaj-asla-geri-adim-atmayiz\/#breadcrumb"},"inLanguage":"tr","potentialAction":[{"@type":"ReadAction","target":["https:\/\/avrupatv.eu\/index.php\/2024\/11\/16\/imamoglu-ve-ahmet-turkten-kayyim-atamalarina-karsi-sert-mesaj-asla-geri-adim-atmayiz\/"]}]},{"@type":"ImageObject","inLanguage":"tr","@id":"https:\/\/avrupatv.eu\/index.php\/2024\/11\/16\/imamoglu-ve-ahmet-turkten-kayyim-atamalarina-karsi-sert-mesaj-asla-geri-adim-atmayiz\/#primaryimage","url":"https:\/\/avrupatv.eu\/wp-content\/uploads\/2024\/11\/6738b0c94cf1f.jpg","contentUrl":"https:\/\/avrupatv.eu\/wp-content\/uploads\/2024\/11\/6738b0c94cf1f.jpg","width":500,"height":333},{"@type":"BreadcrumbList","@id":"https:\/\/avrupatv.eu\/index.php\/2024\/11\/16\/imamoglu-ve-ahmet-turkten-kayyim-atamalarina-karsi-sert-mesaj-asla-geri-adim-atmayiz\/#breadcrumb","itemListElement":[{"@type":"ListItem","position":1,"name":"Anasayfa","item":"https:\/\/avrupatv.eu\/"},{"@type":"ListItem","position":2,"name":"\u0130mamo\u011flu ve Ahmet T\u00fcrk\u2019ten Kayy\u0131m Atamalar\u0131na Kar\u015f\u0131 Sert Mesaj: &#8216;Asla Geri Ad\u0131m Atmay\u0131z"}]},{"@type":"WebSite","@id":"https:\/\/avrupatv.eu\/#website","url":"https:\/\/avrupatv.eu\/","name":"Avrupal\u0131 T\u00fcrklerin en Yeni Haber Portal\u0131","description":"","publisher":{"@id":"https:\/\/avrupatv.eu\/#organization"},"alternateName":"Avrupa tv","potentialAction":[{"@type":"SearchAction","target":{"@type":"EntryPoint","urlTemplate":"https:\/\/avrupatv.eu\/?s={search_term_string}"},"query-input":{"@type":"PropertyValueSpecification","valueRequired":true,"valueName":"search_term_string"}}],"inLanguage":"tr"},{"@type":"Organization","@id":"https:\/\/avrupatv.eu\/#organization","name":"Avrupa Haber","url":"https:\/\/avrupatv.eu\/","logo":{"@type":"ImageObject","inLanguage":"tr","@id":"https:\/\/avrupatv.eu\/#\/schema\/logo\/image\/","url":"https:\/\/avrupatv.eu\/wp-content\/uploads\/2023\/10\/cropped-thumbnail_logo.png","contentUrl":"https:\/\/avrupatv.eu\/wp-content\/uploads\/2023\/10\/cropped-thumbnail_logo.png","width":1025,"height":302,"caption":"Avrupa Haber"},"image":{"@id":"https:\/\/avrupatv.eu\/#\/schema\/logo\/image\/"}},{"@type":"Person","@id":"https:\/\/avrupatv.eu\/#\/schema\/person\/d56afa5d5569da4029d483da36c0c17d","name":"Onur Akpinar","image":{"@type":"ImageObject","inLanguage":"tr","@id":"https:\/\/secure.gravatar.com\/avatar\/67a1a0bdf34f82da209334e4684b7e7171a58a5a2b0a8f836b61044f5c1f5d6a?s=96&d=mm&r=g","url":"https:\/\/secure.gravatar.com\/avatar\/67a1a0bdf34f82da209334e4684b7e7171a58a5a2b0a8f836b61044f5c1f5d6a?s=96&d=mm&r=g","contentUrl":"https:\/\/secure.gravatar.com\/avatar\/67a1a0bdf34f82da209334e4684b7e7171a58a5a2b0a8f836b61044f5c1f5d6a?s=96&d=mm&r=g","caption":"Onur Akpinar"},"url":"https:\/\/avrupatv.eu\/index.php\/author\/onur-akpinar\/"}]}},"_links":{"self":[{"href":"https:\/\/avrupatv.eu\/index.php\/wp-json\/wp\/v2\/posts\/661","targetHints":{"allow":["GET"]}}],"collection":[{"href":"https:\/\/avrupatv.eu\/index.php\/wp-json\/wp\/v2\/posts"}],"about":[{"href":"https:\/\/avrupatv.eu\/index.php\/wp-json\/wp\/v2\/types\/post"}],"author":[{"embeddable":true,"href":"https:\/\/avrupatv.eu\/index.php\/wp-json\/wp\/v2\/users\/2"}],"replies":[{"embeddable":true,"href":"https:\/\/avrupatv.eu\/index.php\/wp-json\/wp\/v2\/comments?post=661"}],"version-history":[{"count":1,"href":"https:\/\/avrupatv.eu\/index.php\/wp-json\/wp\/v2\/posts\/661\/revisions"}],"predecessor-version":[{"id":663,"href":"https:\/\/avrupatv.eu\/index.php\/wp-json\/wp\/v2\/posts\/661\/revisions\/663"}],"wp:featuredmedia":[{"embeddable":true,"href":"https:\/\/avrupatv.eu\/index.php\/wp-json\/wp\/v2\/media\/662"}],"wp:attachment":[{"href":"https:\/\/avrupatv.eu\/index.php\/wp-json\/wp\/v2\/media?parent=661"}],"wp:term":[{"taxonomy":"category","embeddable":true,"href":"https:\/\/avrupatv.eu\/index.php\/wp-json\/wp\/v2\/categories?post=661"},{"taxonomy":"post_tag","embeddable":true,"href":"https:\/\/avrupatv.eu\/index.php\/wp-json\/wp\/v2\/tags?post=661"}],"curies":[{"name":"wp","href":"https:\/\/api.w.org\/{rel}","templated":true}]}}