{"id":656,"date":"2024-11-14T17:27:47","date_gmt":"2024-11-14T17:27:47","guid":{"rendered":"https:\/\/avrupatv.eu\/?p=656"},"modified":"2024-11-14T17:27:47","modified_gmt":"2024-11-14T17:27:47","slug":"mauro-icardi-mahkemelik-oldu","status":"publish","type":"post","link":"https:\/\/avrupatv.eu\/index.php\/2024\/11\/14\/mauro-icardi-mahkemelik-oldu\/","title":{"rendered":"Mauro \u0130cardi mahkemelik oldu"},"content":{"rendered":"\n<p>Galatasaray\u2019\u0131n Arjantinli forveti Mauro Icardi, Tottenham ma\u00e7\u0131nda ya\u015fad\u0131\u011f\u0131 sakatl\u0131k sonras\u0131 tedavi amac\u0131yla \u00fclkesine giderken, \u00f6zel hayat\u0131nda da beklenmedik geli\u015fmeler ya\u015fand\u0131. Fanatik\u2019ten Burak \u00d6zdemir\u2019in haberine g\u00f6re, Pazartesi g\u00fcn\u00fc Arjantin\u2019in ba\u015fkenti Buenos Aires\u2019e ula\u015fan Icardi, eski e\u015fi Wanda Nara\u2019n\u0131n ya\u015fad\u0131\u011f\u0131 Avenida Del Libertador\u2019daki eve giderek k\u0131zlar\u0131n\u0131 ald\u0131. Ancak ikili, \u00f6zellikle Wanda Nara\u2019n\u0131n hamile oldu\u011fu iddialar\u0131 \u00fczerine hararetli bir tart\u0131\u015fma ya\u015fad\u0131.<\/p>\n\n\n\n<p>Arjantin bas\u0131n\u0131nda \u00e7\u0131kan haberlere g\u00f6re, tart\u0131\u015fman\u0131n ard\u0131ndan Wanda Nara, polise giderek Icardi\u2019yi rahats\u0131z edici davran\u0131\u015flarda bulunmakla su\u00e7lad\u0131 ve acil \u015fikayet dilek\u00e7esi verdi. Olay\u0131n ard\u0131ndan, Wanda Nara\u2019n\u0131n avukat\u0131 Ana Rosfeld durumu do\u011frulad\u0131. Arjantin\u2019in \u00f6nde gelen gazetelerinden <strong>Ambito<\/strong>\u2019da \u00e7\u0131kan habere g\u00f6re, mahkeme Icardi\u2019ye eski e\u015fine y\u00f6nelik rahats\u0131z edici davran\u0131\u015flardan ka\u00e7\u0131nmas\u0131 talimat\u0131 verdi ve 15 Kas\u0131m\u2019da yerel saatle 10:00\u2019da hakim kar\u015f\u0131s\u0131na \u00e7\u0131kmas\u0131na h\u00fckmetti.<\/p>\n\n\n\n<h3 class=\"wp-block-heading\">Mahkeme Karar\u0131 ve Reklam \u0130ptali<\/h3>\n\n\n\n<p>Mahkeme, Arjantin&#8217;deki bo\u015fanma s\u00fcrecindeki e\u015fler aras\u0131nda ya\u015fanan durumlarda ge\u00e7ici tedbirler alarak ki\u015fisel ili\u015fkileri d\u00fczenleyebilece\u011fine dikkat \u00e7ekti. Wanda Nara ile Icardi aras\u0131ndaki son ya\u015fanan tart\u0131\u015fma sonras\u0131nda, Icardi\u2019nin eski e\u015fine y\u00f6nelik rahats\u0131z edici davran\u0131\u015flardan ka\u00e7\u0131nmas\u0131 gerekti\u011fi belirtildi. Ayr\u0131ca, T\u00fcrkiye\u2019de birlikte kamera kar\u015f\u0131s\u0131na ge\u00e7tikleri bir m\u00fccevher markas\u0131n\u0131n reklam anla\u015fmas\u0131n\u0131n da iptal edildi\u011fi \u00f6\u011frenildi.<\/p>\n\n\n\n<h3 class=\"wp-block-heading\">Galatasaray&#8217;dan A\u00e7\u0131klama<\/h3>\n\n\n\n<p>Sakatl\u0131k s\u00fcrecinde \u00f6zel hayat\u0131ndaki \u00e7alkant\u0131l\u0131 s\u00fcre\u00e7le g\u00fcndeme gelen Icardi, 15 Kas\u0131m\u2019da g\u00f6r\u00fclecek mahkemede eski e\u015fi Wanda Nara ile kar\u015f\u0131 kar\u015f\u0131ya gelecek. Galatasaray ise konuya ili\u015fkin yapt\u0131\u011f\u0131 a\u00e7\u0131klamada, ortaya at\u0131lan iddialar\u0131n ger\u00e7e\u011fi yans\u0131tmad\u0131\u011f\u0131n\u0131 belirtti. Sar\u0131-k\u0131rm\u0131z\u0131l\u0131 ekipten yap\u0131lan a\u00e7\u0131klamada \u015fu ifadelere yer verildi:<\/p>\n\n\n\n<p>\u201cProfesyonel futbolcumuz Mauro Icardi hakk\u0131nda ortaya at\u0131lan spek\u00fclasyonlar ger\u00e7e\u011fi yans\u0131tmamaktad\u0131r. Oyuncumuz Mauro Icardi, Arjantin\u2019deki evinde istirahat etmektedir. Sporcumuzu y\u0131pratmaya y\u00f6nelik yap\u0131lan bu haberlere itibar edilmemesi \u00f6nemle rica olunur.\u201d<\/p>\n","protected":false},"excerpt":{"rendered":"<p>Galatasaray\u2019\u0131n Arjantinli forveti Mauro Icardi, Tottenham ma\u00e7\u0131nda ya\u015fad\u0131\u011f\u0131 sakatl\u0131k sonras\u0131 tedavi amac\u0131yla \u00fclkesine giderken, \u00f6zel hayat\u0131nda da beklenmedik geli\u015fmeler ya\u015fand\u0131. Fanatik\u2019ten Burak \u00d6zdemir\u2019in haberine g\u00f6re, Pazartesi g\u00fcn\u00fc Arjantin\u2019in ba\u015fkenti Buenos Aires\u2019e ula\u015fan Icardi, eski e\u015fi Wanda Nara\u2019n\u0131n ya\u015fad\u0131\u011f\u0131 Avenida Del Libertador\u2019daki eve giderek k\u0131zlar\u0131n\u0131 ald\u0131. Ancak ikili, \u00f6zellikle Wanda Nara\u2019n\u0131n hamile oldu\u011fu iddialar\u0131 \u00fczerine hararetli [&hellip;]<\/p>\n","protected":false},"author":2,"featured_media":657,"comment_status":"open","ping_status":"open","sticky":false,"template":"","format":"standard","meta":{"footnotes":""},"categories":[10,8,19],"tags":[],"class_list":["post-656","post","type-post","status-publish","format-standard","has-post-thumbnail","hentry","category-futbol","category-gundem","category-magazin-dunya"],"yoast_head":"<!-- This site is optimized with the Yoast SEO plugin v27.4 - https:\/\/yoast.com\/product\/yoast-seo-wordpress\/ -->\n<title>Mauro \u0130cardi mahkemelik oldu - Avrupal\u0131 T\u00fcrklerin en Yeni Haber Portal\u0131<\/title>\n<meta name=\"robots\" content=\"index, follow, max-snippet:-1, max-image-preview:large, max-video-preview:-1\" \/>\n<link rel=\"canonical\" href=\"https:\/\/avrupatv.eu\/index.php\/2024\/11\/14\/mauro-icardi-mahkemelik-oldu\/\" \/>\n<meta property=\"og:locale\" content=\"tr_TR\" \/>\n<meta property=\"og:type\" content=\"article\" \/>\n<meta property=\"og:title\" content=\"Mauro \u0130cardi mahkemelik oldu - Avrupal\u0131 T\u00fcrklerin en Yeni Haber Portal\u0131\" \/>\n<meta property=\"og:description\" content=\"Galatasaray\u2019\u0131n Arjantinli forveti Mauro Icardi, Tottenham ma\u00e7\u0131nda ya\u015fad\u0131\u011f\u0131 sakatl\u0131k sonras\u0131 tedavi amac\u0131yla \u00fclkesine giderken, \u00f6zel hayat\u0131nda da beklenmedik geli\u015fmeler ya\u015fand\u0131. Fanatik\u2019ten Burak \u00d6zdemir\u2019in haberine g\u00f6re, Pazartesi g\u00fcn\u00fc Arjantin\u2019in ba\u015fkenti Buenos Aires\u2019e ula\u015fan Icardi, eski e\u015fi Wanda Nara\u2019n\u0131n ya\u015fad\u0131\u011f\u0131 Avenida Del Libertador\u2019daki eve giderek k\u0131zlar\u0131n\u0131 ald\u0131. Ancak ikili, \u00f6zellikle Wanda Nara\u2019n\u0131n hamile oldu\u011fu iddialar\u0131 \u00fczerine hararetli [&hellip;]\" \/>\n<meta property=\"og:url\" content=\"https:\/\/avrupatv.eu\/index.php\/2024\/11\/14\/mauro-icardi-mahkemelik-oldu\/\" \/>\n<meta property=\"og:site_name\" content=\"Avrupal\u0131 T\u00fcrklerin en Yeni Haber Portal\u0131\" \/>\n<meta property=\"article:published_time\" content=\"2024-11-14T17:27:47+00:00\" \/>\n<meta property=\"og:image\" content=\"https:\/\/avrupatv.eu\/wp-content\/uploads\/2024\/11\/580190.webp\" \/>\n\t<meta property=\"og:image:width\" content=\"1202\" \/>\n\t<meta property=\"og:image:height\" content=\"675\" \/>\n\t<meta property=\"og:image:type\" content=\"image\/webp\" \/>\n<meta name=\"author\" content=\"Onur Akpinar\" \/>\n<meta name=\"twitter:card\" content=\"summary_large_image\" \/>\n<meta name=\"twitter:label1\" content=\"Yazan:\" \/>\n\t<meta name=\"twitter:data1\" content=\"Onur Akpinar\" \/>\n\t<meta name=\"twitter:label2\" content=\"Tahmini okuma s\u00fcresi\" \/>\n\t<meta name=\"twitter:data2\" content=\"2 dakika\" \/>\n<script type=\"application\/ld+json\" class=\"yoast-schema-graph\">{\"@context\":\"https:\\\/\\\/schema.org\",\"@graph\":[{\"@type\":\"Article\",\"@id\":\"https:\\\/\\\/avrupatv.eu\\\/index.php\\\/2024\\\/11\\\/14\\\/mauro-icardi-mahkemelik-oldu\\\/#article\",\"isPartOf\":{\"@id\":\"https:\\\/\\\/avrupatv.eu\\\/index.php\\\/2024\\\/11\\\/14\\\/mauro-icardi-mahkemelik-oldu\\\/\"},\"author\":{\"name\":\"Onur Akpinar\",\"@id\":\"https:\\\/\\\/avrupatv.eu\\\/#\\\/schema\\\/person\\\/d56afa5d5569da4029d483da36c0c17d\"},\"headline\":\"Mauro \u0130cardi mahkemelik oldu\",\"datePublished\":\"2024-11-14T17:27:47+00:00\",\"mainEntityOfPage\":{\"@id\":\"https:\\\/\\\/avrupatv.eu\\\/index.php\\\/2024\\\/11\\\/14\\\/mauro-icardi-mahkemelik-oldu\\\/\"},\"wordCount\":380,\"commentCount\":0,\"publisher\":{\"@id\":\"https:\\\/\\\/avrupatv.eu\\\/#organization\"},\"image\":{\"@id\":\"https:\\\/\\\/avrupatv.eu\\\/index.php\\\/2024\\\/11\\\/14\\\/mauro-icardi-mahkemelik-oldu\\\/#primaryimage\"},\"thumbnailUrl\":\"https:\\\/\\\/avrupatv.eu\\\/wp-content\\\/uploads\\\/2024\\\/11\\\/580190.webp\",\"articleSection\":[\"Futbol\",\"G\u00fcndem\",\"Magazin D\u00fcnya\"],\"inLanguage\":\"tr\",\"potentialAction\":[{\"@type\":\"CommentAction\",\"name\":\"Comment\",\"target\":[\"https:\\\/\\\/avrupatv.eu\\\/index.php\\\/2024\\\/11\\\/14\\\/mauro-icardi-mahkemelik-oldu\\\/#respond\"]}]},{\"@type\":\"WebPage\",\"@id\":\"https:\\\/\\\/avrupatv.eu\\\/index.php\\\/2024\\\/11\\\/14\\\/mauro-icardi-mahkemelik-oldu\\\/\",\"url\":\"https:\\\/\\\/avrupatv.eu\\\/index.php\\\/2024\\\/11\\\/14\\\/mauro-icardi-mahkemelik-oldu\\\/\",\"name\":\"Mauro \u0130cardi mahkemelik oldu - Avrupal\u0131 T\u00fcrklerin en Yeni Haber Portal\u0131\",\"isPartOf\":{\"@id\":\"https:\\\/\\\/avrupatv.eu\\\/#website\"},\"primaryImageOfPage\":{\"@id\":\"https:\\\/\\\/avrupatv.eu\\\/index.php\\\/2024\\\/11\\\/14\\\/mauro-icardi-mahkemelik-oldu\\\/#primaryimage\"},\"image\":{\"@id\":\"https:\\\/\\\/avrupatv.eu\\\/index.php\\\/2024\\\/11\\\/14\\\/mauro-icardi-mahkemelik-oldu\\\/#primaryimage\"},\"thumbnailUrl\":\"https:\\\/\\\/avrupatv.eu\\\/wp-content\\\/uploads\\\/2024\\\/11\\\/580190.webp\",\"datePublished\":\"2024-11-14T17:27:47+00:00\",\"breadcrumb\":{\"@id\":\"https:\\\/\\\/avrupatv.eu\\\/index.php\\\/2024\\\/11\\\/14\\\/mauro-icardi-mahkemelik-oldu\\\/#breadcrumb\"},\"inLanguage\":\"tr\",\"potentialAction\":[{\"@type\":\"ReadAction\",\"target\":[\"https:\\\/\\\/avrupatv.eu\\\/index.php\\\/2024\\\/11\\\/14\\\/mauro-icardi-mahkemelik-oldu\\\/\"]}]},{\"@type\":\"ImageObject\",\"inLanguage\":\"tr\",\"@id\":\"https:\\\/\\\/avrupatv.eu\\\/index.php\\\/2024\\\/11\\\/14\\\/mauro-icardi-mahkemelik-oldu\\\/#primaryimage\",\"url\":\"https:\\\/\\\/avrupatv.eu\\\/wp-content\\\/uploads\\\/2024\\\/11\\\/580190.webp\",\"contentUrl\":\"https:\\\/\\\/avrupatv.eu\\\/wp-content\\\/uploads\\\/2024\\\/11\\\/580190.webp\",\"width\":1202,\"height\":675},{\"@type\":\"BreadcrumbList\",\"@id\":\"https:\\\/\\\/avrupatv.eu\\\/index.php\\\/2024\\\/11\\\/14\\\/mauro-icardi-mahkemelik-oldu\\\/#breadcrumb\",\"itemListElement\":[{\"@type\":\"ListItem\",\"position\":1,\"name\":\"Anasayfa\",\"item\":\"https:\\\/\\\/avrupatv.eu\\\/\"},{\"@type\":\"ListItem\",\"position\":2,\"name\":\"Mauro \u0130cardi mahkemelik oldu\"}]},{\"@type\":\"WebSite\",\"@id\":\"https:\\\/\\\/avrupatv.eu\\\/#website\",\"url\":\"https:\\\/\\\/avrupatv.eu\\\/\",\"name\":\"Avrupal\u0131 T\u00fcrklerin en Yeni Haber Portal\u0131\",\"description\":\"\",\"publisher\":{\"@id\":\"https:\\\/\\\/avrupatv.eu\\\/#organization\"},\"alternateName\":\"Avrupa tv\",\"potentialAction\":[{\"@type\":\"SearchAction\",\"target\":{\"@type\":\"EntryPoint\",\"urlTemplate\":\"https:\\\/\\\/avrupatv.eu\\\/?s={search_term_string}\"},\"query-input\":{\"@type\":\"PropertyValueSpecification\",\"valueRequired\":true,\"valueName\":\"search_term_string\"}}],\"inLanguage\":\"tr\"},{\"@type\":\"Organization\",\"@id\":\"https:\\\/\\\/avrupatv.eu\\\/#organization\",\"name\":\"Avrupa Haber\",\"url\":\"https:\\\/\\\/avrupatv.eu\\\/\",\"logo\":{\"@type\":\"ImageObject\",\"inLanguage\":\"tr\",\"@id\":\"https:\\\/\\\/avrupatv.eu\\\/#\\\/schema\\\/logo\\\/image\\\/\",\"url\":\"https:\\\/\\\/avrupatv.eu\\\/wp-content\\\/uploads\\\/2023\\\/10\\\/cropped-thumbnail_logo.png\",\"contentUrl\":\"https:\\\/\\\/avrupatv.eu\\\/wp-content\\\/uploads\\\/2023\\\/10\\\/cropped-thumbnail_logo.png\",\"width\":1025,\"height\":302,\"caption\":\"Avrupa Haber\"},\"image\":{\"@id\":\"https:\\\/\\\/avrupatv.eu\\\/#\\\/schema\\\/logo\\\/image\\\/\"}},{\"@type\":\"Person\",\"@id\":\"https:\\\/\\\/avrupatv.eu\\\/#\\\/schema\\\/person\\\/d56afa5d5569da4029d483da36c0c17d\",\"name\":\"Onur Akpinar\",\"image\":{\"@type\":\"ImageObject\",\"inLanguage\":\"tr\",\"@id\":\"https:\\\/\\\/secure.gravatar.com\\\/avatar\\\/67a1a0bdf34f82da209334e4684b7e7171a58a5a2b0a8f836b61044f5c1f5d6a?s=96&d=mm&r=g\",\"url\":\"https:\\\/\\\/secure.gravatar.com\\\/avatar\\\/67a1a0bdf34f82da209334e4684b7e7171a58a5a2b0a8f836b61044f5c1f5d6a?s=96&d=mm&r=g\",\"contentUrl\":\"https:\\\/\\\/secure.gravatar.com\\\/avatar\\\/67a1a0bdf34f82da209334e4684b7e7171a58a5a2b0a8f836b61044f5c1f5d6a?s=96&d=mm&r=g\",\"caption\":\"Onur Akpinar\"},\"url\":\"https:\\\/\\\/avrupatv.eu\\\/index.php\\\/author\\\/onur-akpinar\\\/\"}]}<\/script>\n<!-- \/ Yoast SEO plugin. -->","yoast_head_json":{"title":"Mauro \u0130cardi mahkemelik oldu - Avrupal\u0131 T\u00fcrklerin en Yeni Haber Portal\u0131","robots":{"index":"index","follow":"follow","max-snippet":"max-snippet:-1","max-image-preview":"max-image-preview:large","max-video-preview":"max-video-preview:-1"},"canonical":"https:\/\/avrupatv.eu\/index.php\/2024\/11\/14\/mauro-icardi-mahkemelik-oldu\/","og_locale":"tr_TR","og_type":"article","og_title":"Mauro \u0130cardi mahkemelik oldu - Avrupal\u0131 T\u00fcrklerin en Yeni Haber Portal\u0131","og_description":"Galatasaray\u2019\u0131n Arjantinli forveti Mauro Icardi, Tottenham ma\u00e7\u0131nda ya\u015fad\u0131\u011f\u0131 sakatl\u0131k sonras\u0131 tedavi amac\u0131yla \u00fclkesine giderken, \u00f6zel hayat\u0131nda da beklenmedik geli\u015fmeler ya\u015fand\u0131. Fanatik\u2019ten Burak \u00d6zdemir\u2019in haberine g\u00f6re, Pazartesi g\u00fcn\u00fc Arjantin\u2019in ba\u015fkenti Buenos Aires\u2019e ula\u015fan Icardi, eski e\u015fi Wanda Nara\u2019n\u0131n ya\u015fad\u0131\u011f\u0131 Avenida Del Libertador\u2019daki eve giderek k\u0131zlar\u0131n\u0131 ald\u0131. Ancak ikili, \u00f6zellikle Wanda Nara\u2019n\u0131n hamile oldu\u011fu iddialar\u0131 \u00fczerine hararetli [&hellip;]","og_url":"https:\/\/avrupatv.eu\/index.php\/2024\/11\/14\/mauro-icardi-mahkemelik-oldu\/","og_site_name":"Avrupal\u0131 T\u00fcrklerin en Yeni Haber Portal\u0131","article_published_time":"2024-11-14T17:27:47+00:00","og_image":[{"width":1202,"height":675,"url":"https:\/\/avrupatv.eu\/wp-content\/uploads\/2024\/11\/580190.webp","type":"image\/webp"}],"author":"Onur Akpinar","twitter_card":"summary_large_image","twitter_misc":{"Yazan:":"Onur Akpinar","Tahmini okuma s\u00fcresi":"2 dakika"},"schema":{"@context":"https:\/\/schema.org","@graph":[{"@type":"Article","@id":"https:\/\/avrupatv.eu\/index.php\/2024\/11\/14\/mauro-icardi-mahkemelik-oldu\/#article","isPartOf":{"@id":"https:\/\/avrupatv.eu\/index.php\/2024\/11\/14\/mauro-icardi-mahkemelik-oldu\/"},"author":{"name":"Onur Akpinar","@id":"https:\/\/avrupatv.eu\/#\/schema\/person\/d56afa5d5569da4029d483da36c0c17d"},"headline":"Mauro \u0130cardi mahkemelik oldu","datePublished":"2024-11-14T17:27:47+00:00","mainEntityOfPage":{"@id":"https:\/\/avrupatv.eu\/index.php\/2024\/11\/14\/mauro-icardi-mahkemelik-oldu\/"},"wordCount":380,"commentCount":0,"publisher":{"@id":"https:\/\/avrupatv.eu\/#organization"},"image":{"@id":"https:\/\/avrupatv.eu\/index.php\/2024\/11\/14\/mauro-icardi-mahkemelik-oldu\/#primaryimage"},"thumbnailUrl":"https:\/\/avrupatv.eu\/wp-content\/uploads\/2024\/11\/580190.webp","articleSection":["Futbol","G\u00fcndem","Magazin D\u00fcnya"],"inLanguage":"tr","potentialAction":[{"@type":"CommentAction","name":"Comment","target":["https:\/\/avrupatv.eu\/index.php\/2024\/11\/14\/mauro-icardi-mahkemelik-oldu\/#respond"]}]},{"@type":"WebPage","@id":"https:\/\/avrupatv.eu\/index.php\/2024\/11\/14\/mauro-icardi-mahkemelik-oldu\/","url":"https:\/\/avrupatv.eu\/index.php\/2024\/11\/14\/mauro-icardi-mahkemelik-oldu\/","name":"Mauro \u0130cardi mahkemelik oldu - Avrupal\u0131 T\u00fcrklerin en Yeni Haber Portal\u0131","isPartOf":{"@id":"https:\/\/avrupatv.eu\/#website"},"primaryImageOfPage":{"@id":"https:\/\/avrupatv.eu\/index.php\/2024\/11\/14\/mauro-icardi-mahkemelik-oldu\/#primaryimage"},"image":{"@id":"https:\/\/avrupatv.eu\/index.php\/2024\/11\/14\/mauro-icardi-mahkemelik-oldu\/#primaryimage"},"thumbnailUrl":"https:\/\/avrupatv.eu\/wp-content\/uploads\/2024\/11\/580190.webp","datePublished":"2024-11-14T17:27:47+00:00","breadcrumb":{"@id":"https:\/\/avrupatv.eu\/index.php\/2024\/11\/14\/mauro-icardi-mahkemelik-oldu\/#breadcrumb"},"inLanguage":"tr","potentialAction":[{"@type":"ReadAction","target":["https:\/\/avrupatv.eu\/index.php\/2024\/11\/14\/mauro-icardi-mahkemelik-oldu\/"]}]},{"@type":"ImageObject","inLanguage":"tr","@id":"https:\/\/avrupatv.eu\/index.php\/2024\/11\/14\/mauro-icardi-mahkemelik-oldu\/#primaryimage","url":"https:\/\/avrupatv.eu\/wp-content\/uploads\/2024\/11\/580190.webp","contentUrl":"https:\/\/avrupatv.eu\/wp-content\/uploads\/2024\/11\/580190.webp","width":1202,"height":675},{"@type":"BreadcrumbList","@id":"https:\/\/avrupatv.eu\/index.php\/2024\/11\/14\/mauro-icardi-mahkemelik-oldu\/#breadcrumb","itemListElement":[{"@type":"ListItem","position":1,"name":"Anasayfa","item":"https:\/\/avrupatv.eu\/"},{"@type":"ListItem","position":2,"name":"Mauro \u0130cardi mahkemelik oldu"}]},{"@type":"WebSite","@id":"https:\/\/avrupatv.eu\/#website","url":"https:\/\/avrupatv.eu\/","name":"Avrupal\u0131 T\u00fcrklerin en Yeni Haber Portal\u0131","description":"","publisher":{"@id":"https:\/\/avrupatv.eu\/#organization"},"alternateName":"Avrupa tv","potentialAction":[{"@type":"SearchAction","target":{"@type":"EntryPoint","urlTemplate":"https:\/\/avrupatv.eu\/?s={search_term_string}"},"query-input":{"@type":"PropertyValueSpecification","valueRequired":true,"valueName":"search_term_string"}}],"inLanguage":"tr"},{"@type":"Organization","@id":"https:\/\/avrupatv.eu\/#organization","name":"Avrupa Haber","url":"https:\/\/avrupatv.eu\/","logo":{"@type":"ImageObject","inLanguage":"tr","@id":"https:\/\/avrupatv.eu\/#\/schema\/logo\/image\/","url":"https:\/\/avrupatv.eu\/wp-content\/uploads\/2023\/10\/cropped-thumbnail_logo.png","contentUrl":"https:\/\/avrupatv.eu\/wp-content\/uploads\/2023\/10\/cropped-thumbnail_logo.png","width":1025,"height":302,"caption":"Avrupa Haber"},"image":{"@id":"https:\/\/avrupatv.eu\/#\/schema\/logo\/image\/"}},{"@type":"Person","@id":"https:\/\/avrupatv.eu\/#\/schema\/person\/d56afa5d5569da4029d483da36c0c17d","name":"Onur Akpinar","image":{"@type":"ImageObject","inLanguage":"tr","@id":"https:\/\/secure.gravatar.com\/avatar\/67a1a0bdf34f82da209334e4684b7e7171a58a5a2b0a8f836b61044f5c1f5d6a?s=96&d=mm&r=g","url":"https:\/\/secure.gravatar.com\/avatar\/67a1a0bdf34f82da209334e4684b7e7171a58a5a2b0a8f836b61044f5c1f5d6a?s=96&d=mm&r=g","contentUrl":"https:\/\/secure.gravatar.com\/avatar\/67a1a0bdf34f82da209334e4684b7e7171a58a5a2b0a8f836b61044f5c1f5d6a?s=96&d=mm&r=g","caption":"Onur Akpinar"},"url":"https:\/\/avrupatv.eu\/index.php\/author\/onur-akpinar\/"}]}},"_links":{"self":[{"href":"https:\/\/avrupatv.eu\/index.php\/wp-json\/wp\/v2\/posts\/656","targetHints":{"allow":["GET"]}}],"collection":[{"href":"https:\/\/avrupatv.eu\/index.php\/wp-json\/wp\/v2\/posts"}],"about":[{"href":"https:\/\/avrupatv.eu\/index.php\/wp-json\/wp\/v2\/types\/post"}],"author":[{"embeddable":true,"href":"https:\/\/avrupatv.eu\/index.php\/wp-json\/wp\/v2\/users\/2"}],"replies":[{"embeddable":true,"href":"https:\/\/avrupatv.eu\/index.php\/wp-json\/wp\/v2\/comments?post=656"}],"version-history":[{"count":1,"href":"https:\/\/avrupatv.eu\/index.php\/wp-json\/wp\/v2\/posts\/656\/revisions"}],"predecessor-version":[{"id":658,"href":"https:\/\/avrupatv.eu\/index.php\/wp-json\/wp\/v2\/posts\/656\/revisions\/658"}],"wp:featuredmedia":[{"embeddable":true,"href":"https:\/\/avrupatv.eu\/index.php\/wp-json\/wp\/v2\/media\/657"}],"wp:attachment":[{"href":"https:\/\/avrupatv.eu\/index.php\/wp-json\/wp\/v2\/media?parent=656"}],"wp:term":[{"taxonomy":"category","embeddable":true,"href":"https:\/\/avrupatv.eu\/index.php\/wp-json\/wp\/v2\/categories?post=656"},{"taxonomy":"post_tag","embeddable":true,"href":"https:\/\/avrupatv.eu\/index.php\/wp-json\/wp\/v2\/tags?post=656"}],"curies":[{"name":"wp","href":"https:\/\/api.w.org\/{rel}","templated":true}]}}