{"id":653,"date":"2024-11-14T17:02:09","date_gmt":"2024-11-14T17:02:09","guid":{"rendered":"https:\/\/avrupatv.eu\/?p=653"},"modified":"2024-11-14T17:06:05","modified_gmt":"2024-11-14T17:06:05","slug":"erdogan-ve-bahceli-pkk-lideri-ocalana-yonelik-yeni-bir-yaklasimi-gorusmek-icin-bir-araya-geldi","status":"publish","type":"post","link":"https:\/\/avrupatv.eu\/index.php\/2024\/11\/14\/erdogan-ve-bahceli-pkk-lideri-ocalana-yonelik-yeni-bir-yaklasimi-gorusmek-icin-bir-araya-geldi\/","title":{"rendered":"Erdo\u011fan ve Bah\u00e7eli, PKK Lideri \u00d6calan\u2019a Y\u00f6nelik Yeni Bir Yakla\u015f\u0131m\u0131 G\u00f6r\u00fc\u015fmek \u0130\u00e7in Bir Araya Geldi"},"content":{"rendered":"\n<p><strong>Bah\u00e7eli ve Erdo\u011fan\u2019\u0131n G\u00f6r\u00fc\u015fmesi: Yeni \u00c7\u00f6z\u00fcm S\u00fcreci Tart\u0131\u015f\u0131l\u0131yor<\/strong><\/p>\n\n\n\n<p>T\u00fcrkiye\u2019de yeni bir \u00e7\u00f6z\u00fcm s\u00fcreci g\u00fcndeme gelirken, Milliyet\u00e7i Hareket Partisi (MHP) Genel Ba\u015fkan\u0131 Devlet Bah\u00e7eli\u2019nin K\u00fcrdistan \u0130\u015f\u00e7i Partisi (PKK) lideri Abdullah \u00d6calan\u2019a yapt\u0131\u011f\u0131 \u00e7a\u011fr\u0131n\u0131n ard\u0131ndan Cumhurba\u015fkan\u0131 Recep Tayyip Erdo\u011fan ile Bah\u00e7eli, Per\u015fembe g\u00fcn\u00fc ba\u015fkent Ankara\u2019daki Cumhurba\u015fkanl\u0131\u011f\u0131 K\u00fclliyesi\u2019nde bir araya geldi.<\/p>\n\n\n\n<h3 class=\"wp-block-heading\">G\u00f6r\u00fc\u015fme Detaylar\u0131<\/h3>\n\n\n\n<p>T\u00fcrkiye saati ile 18:00\u2019de ba\u015flayan g\u00f6r\u00fc\u015fme, ayn\u0131 g\u00fcn saat 12:00\u2019de duyurulmu\u015ftu. Erdo\u011fan, g\u00f6r\u00fc\u015fmeden birka\u00e7 saat \u00f6nce Katar Emiri \u015eeyh Temim bin Hamed Al Sani\u2019yi K\u00fclliye\u2019de resmi t\u00f6renle kar\u015f\u0131lam\u0131\u015ft\u0131. Erdo\u011fan, X platformunda yapt\u0131\u011f\u0131 a\u00e7\u0131klamada Al Sani ile g\u00f6r\u00fc\u015fmelerin ard\u0131ndan sekiz anla\u015fmaya imza at\u0131ld\u0131\u011f\u0131n\u0131 belirtti.<\/p>\n\n\n\n<p>G\u00f6r\u00fc\u015fme, T\u00fcrkiye&#8217;de yeni bir \u00e7\u00f6z\u00fcm s\u00fcreci i\u00e7in ad\u0131mlar at\u0131laca\u011f\u0131na dair beklentilerin artt\u0131\u011f\u0131 bir d\u00f6nemde yap\u0131ld\u0131. Bu s\u00fcre\u00e7, Bah\u00e7eli&#8217;nin PKK lideri Abdullah \u00d6calan\u2019a y\u00f6nelik yapt\u0131\u011f\u0131 \u00e7a\u011fr\u0131lar\u0131n ard\u0131ndan daha da ivme kazand\u0131.<\/p>\n\n\n\n<h3 class=\"wp-block-heading\">Bah\u00e7eli&#8217;nin \u00d6calan\u2019a \u00c7a\u011fr\u0131s\u0131<\/h3>\n\n\n\n<p>MHP Genel Ba\u015fkan\u0131 Bah\u00e7eli, Ekim 2024\u2019te partisinin grup toplant\u0131s\u0131nda, \u201c\u015eayet ter\u00f6rist ba\u015f\u0131n\u0131n tecridi kald\u0131r\u0131l\u0131rsa gelsin TBMM\u2019de DEM Parti grup toplant\u0131s\u0131nda konu\u015fsun\u201d diyerek, \u0130mral\u0131 Cezaevi\u2019nde bulunan Abdullah \u00d6calan\u2019a bir kez daha \u00e7a\u011fr\u0131da bulunmu\u015ftu. Bah\u00e7eli, PKK liderinin \u201cter\u00f6r\u00fcn tamamen bitti\u011fini ve \u00f6rg\u00fct\u00fcn la\u011fvedildi\u011fini hayk\u0131rmas\u0131n\u0131\u201d ve yasal d\u00fczenlemelerle \u201cumut hakk\u0131n\u0131n kullan\u0131m\u0131yla ilgili d\u00fczenlemeler yap\u0131lmas\u0131n\u0131n\u201d gerekti\u011fini ifade etmi\u015fti.<\/p>\n\n\n\n<p>Bah\u00e7eli, \u201cTer\u00f6rs\u00fcz bir siyaset i\u00e7in sorumluluk almaya haz\u0131r\u0131z. Kandil veya Edirne de\u011fil, adres \u0130mral\u0131&#8217;dan DEM\u2019e uzans\u0131n ve bu tarihi ter\u00f6r sorunu \u00fclke g\u00fcndeminden tamamen \u00e7\u0131kar\u0131ls\u0131n\u201d ifadelerini kullanm\u0131\u015ft\u0131.<\/p>\n\n\n\n<h3 class=\"wp-block-heading\">Meclis&#8217;te Tokala\u015fma ve Yeni Bir Yakla\u015f\u0131m<\/h3>\n\n\n\n<p>T\u00fcrkiye B\u00fcy\u00fck Millet Meclisi (TBMM) a\u00e7\u0131l\u0131\u015f\u0131nda, MHP lideri Bah\u00e7eli, Halklar\u0131n E\u015fitlik ve Demokrasi Partisi (DEM Parti) grubu ile tokala\u015fm\u0131\u015ft\u0131. Bah\u00e7eli, \u201cD\u00fcnyada bar\u0131\u015f\u0131 isterken, kendi \u00fclkemizde bar\u0131\u015f\u0131 sa\u011flamam\u0131z laz\u0131m\u201d diyerek bu g\u00f6r\u00fc\u015fmelerin bar\u0131\u015fa y\u00f6nelik \u00f6nemli bir ad\u0131m oldu\u011funu ifade etmi\u015fti.<\/p>\n\n\n\n<p>Bah\u00e7eli, DEM Parti ile tokala\u015fmay\u0131 de\u011ferlendirdi\u011fi konu\u015fmas\u0131nda, \u201cUzatt\u0131\u011f\u0131m el samimi ve iyi niyetli bir eldir. T\u00fcrkiye\u2019de birle\u015felim, T\u00fcrk milletinde kenetlenelim\u201d demi\u015fti. Bah\u00e7eli, \u201cT\u00fcrkiye Cumhuriyeti&#8217;nin menfaatleri u\u011fruna elimi uzatmaya haz\u0131r\u0131m\u201d \u015feklinde bir a\u00e7\u0131klama yaparak \u00e7\u00f6z\u00fcm s\u00fcrecine dair bir yumu\u015fama mesaj\u0131 vermi\u015fti.<\/p>\n\n\n\n<h3 class=\"wp-block-heading\">DEM Parti&#8217;nin Yorumlar\u0131<\/h3>\n\n\n\n<p>DEM Parti Grup Ba\u015fkanvekili <strong>Sezai Temelli<\/strong>, Bah\u00e7eli\u2019nin el s\u0131k\u0131\u015fmas\u0131 hakk\u0131nda yapt\u0131\u011f\u0131 a\u00e7\u0131klamada, \u201cAnkara siyasetinin g\u00fcndeminde \u00e7\u00f6z\u00fcm s\u00fcreci yok\u201d \u015feklinde konu\u015ftu. DEM Parti&#8217;nin, bu s\u00fcreci siyasetin do\u011fas\u0131na uygun bir geli\u015fme olarak de\u011ferlendirdi\u011fi belirtildi. DEM Parti Grup Ba\u015fkanvekili <strong>G\u00fclistan Ko\u00e7yi\u011fit<\/strong> ise tokala\u015fmaya \u00f6zel bir anlam atfetmediklerini, bunun siyasetin do\u011fas\u0131nda oldu\u011funu ifade etti.<\/p>\n\n\n\n<h3 class=\"wp-block-heading\">\u00c7\u00f6z\u00fcm S\u00fcreci ve PKK&#8217;n\u0131n Rol\u00fc<\/h3>\n\n\n\n<p>\u00c7\u00f6z\u00fcm s\u00fcreci, 2013-2015 y\u0131llar\u0131 aras\u0131nda PKK ile T\u00fcrk devleti aras\u0131nda ba\u015flayan m\u00fczakereleri ifade ediyor. Bu s\u00fcre\u00e7, K\u00fcrt sorununu bar\u0131\u015f\u00e7\u0131l yollarla \u00e7\u00f6zmeyi ama\u00e7l\u0131yordu. PKK lideri Abdullah \u00d6calan, bu m\u00fczakerelerde \u00f6nemli bir rol oynam\u0131\u015ft\u0131. Ancak 2015&#8217;te \u00e7at\u0131\u015fmalar\u0131n yeniden ba\u015flamas\u0131yla \u00e7\u00f6z\u00fcm s\u00fcreci fiilen sona ermi\u015fti.<\/p>\n\n\n\n<p>PKK, 1978 y\u0131l\u0131nda Diyarbak\u0131r\u2019\u0131n Lice il\u00e7esinde kuruldu ve o zamandan bu yana ter\u00f6r eylemleriyle tan\u0131nd\u0131. Avrupa Birli\u011fi, ABD, \u0130ngiltere, Fransa, T\u00fcrkiye ve di\u011fer bir\u00e7ok \u00fclke PKK\u2019y\u0131 ter\u00f6r \u00f6rg\u00fct\u00fc olarak kabul ediyor. PKK, 40 y\u0131l\u0131 a\u015fk\u0131n bir s\u00fcredir s\u00fcrd\u00fcrd\u00fc\u011f\u00fc eylemlerle 15.000\u2019e yak\u0131n ki\u015finin \u00f6l\u00fcm\u00fcne yol a\u00e7t\u0131. \u00d6calan, 1999 y\u0131l\u0131nda yakaland\u0131ktan sonra m\u00fcebbet hapis cezas\u0131na \u00e7arpt\u0131r\u0131larak, Marmara Denizi&#8217;ndeki \u0130mral\u0131 Cezaevi&#8217;ne g\u00f6nderildi.<\/p>\n","protected":false},"excerpt":{"rendered":"<p>Bah\u00e7eli ve Erdo\u011fan\u2019\u0131n G\u00f6r\u00fc\u015fmesi: Yeni \u00c7\u00f6z\u00fcm S\u00fcreci Tart\u0131\u015f\u0131l\u0131yor T\u00fcrkiye\u2019de yeni bir \u00e7\u00f6z\u00fcm s\u00fcreci g\u00fcndeme gelirken, Milliyet\u00e7i Hareket Partisi (MHP) Genel Ba\u015fkan\u0131 Devlet Bah\u00e7eli\u2019nin K\u00fcrdistan \u0130\u015f\u00e7i Partisi (PKK) lideri Abdullah \u00d6calan\u2019a yapt\u0131\u011f\u0131 \u00e7a\u011fr\u0131n\u0131n ard\u0131ndan Cumhurba\u015fkan\u0131 Recep Tayyip Erdo\u011fan ile Bah\u00e7eli, Per\u015fembe g\u00fcn\u00fc ba\u015fkent Ankara\u2019daki Cumhurba\u015fkanl\u0131\u011f\u0131 K\u00fclliyesi\u2019nde bir araya geldi. G\u00f6r\u00fc\u015fme Detaylar\u0131 T\u00fcrkiye saati ile 18:00\u2019de ba\u015flayan [&hellip;]<\/p>\n","protected":false},"author":2,"featured_media":654,"comment_status":"open","ping_status":"open","sticky":false,"template":"","format":"standard","meta":{"footnotes":""},"categories":[8,11],"tags":[],"class_list":["post-653","post","type-post","status-publish","format-standard","has-post-thumbnail","hentry","category-gundem","category-turkiye"],"yoast_head":"<!-- This site is optimized with the Yoast SEO plugin v27.4 - https:\/\/yoast.com\/product\/yoast-seo-wordpress\/ -->\n<title>Erdo\u011fan ve Bah\u00e7eli, PKK Lideri \u00d6calan\u2019a Y\u00f6nelik Yeni Bir Yakla\u015f\u0131m\u0131 G\u00f6r\u00fc\u015fmek \u0130\u00e7in Bir Araya Geldi - Avrupal\u0131 T\u00fcrklerin en Yeni Haber Portal\u0131<\/title>\n<meta name=\"robots\" content=\"index, follow, max-snippet:-1, max-image-preview:large, max-video-preview:-1\" \/>\n<link rel=\"canonical\" href=\"https:\/\/avrupatv.eu\/index.php\/2024\/11\/14\/erdogan-ve-bahceli-pkk-lideri-ocalana-yonelik-yeni-bir-yaklasimi-gorusmek-icin-bir-araya-geldi\/\" \/>\n<meta property=\"og:locale\" content=\"tr_TR\" \/>\n<meta property=\"og:type\" content=\"article\" \/>\n<meta property=\"og:title\" content=\"Erdo\u011fan ve Bah\u00e7eli, PKK Lideri \u00d6calan\u2019a Y\u00f6nelik Yeni Bir Yakla\u015f\u0131m\u0131 G\u00f6r\u00fc\u015fmek \u0130\u00e7in Bir Araya Geldi - Avrupal\u0131 T\u00fcrklerin en Yeni Haber Portal\u0131\" \/>\n<meta property=\"og:description\" content=\"Bah\u00e7eli ve Erdo\u011fan\u2019\u0131n G\u00f6r\u00fc\u015fmesi: Yeni \u00c7\u00f6z\u00fcm S\u00fcreci Tart\u0131\u015f\u0131l\u0131yor T\u00fcrkiye\u2019de yeni bir \u00e7\u00f6z\u00fcm s\u00fcreci g\u00fcndeme gelirken, Milliyet\u00e7i Hareket Partisi (MHP) Genel Ba\u015fkan\u0131 Devlet Bah\u00e7eli\u2019nin K\u00fcrdistan \u0130\u015f\u00e7i Partisi (PKK) lideri Abdullah \u00d6calan\u2019a yapt\u0131\u011f\u0131 \u00e7a\u011fr\u0131n\u0131n ard\u0131ndan Cumhurba\u015fkan\u0131 Recep Tayyip Erdo\u011fan ile Bah\u00e7eli, Per\u015fembe g\u00fcn\u00fc ba\u015fkent Ankara\u2019daki Cumhurba\u015fkanl\u0131\u011f\u0131 K\u00fclliyesi\u2019nde bir araya geldi. G\u00f6r\u00fc\u015fme Detaylar\u0131 T\u00fcrkiye saati ile 18:00\u2019de ba\u015flayan [&hellip;]\" \/>\n<meta property=\"og:url\" content=\"https:\/\/avrupatv.eu\/index.php\/2024\/11\/14\/erdogan-ve-bahceli-pkk-lideri-ocalana-yonelik-yeni-bir-yaklasimi-gorusmek-icin-bir-araya-geldi\/\" \/>\n<meta property=\"og:site_name\" content=\"Avrupal\u0131 T\u00fcrklerin en Yeni Haber Portal\u0131\" \/>\n<meta property=\"article:published_time\" content=\"2024-11-14T17:02:09+00:00\" \/>\n<meta property=\"article:modified_time\" content=\"2024-11-14T17:06:05+00:00\" \/>\n<meta property=\"og:image\" content=\"https:\/\/avrupatv.eu\/wp-content\/uploads\/2024\/11\/erdogan-bahceli-2227403.jpg\" \/>\n\t<meta property=\"og:image:width\" content=\"1280\" \/>\n\t<meta property=\"og:image:height\" content=\"720\" \/>\n\t<meta property=\"og:image:type\" content=\"image\/jpeg\" \/>\n<meta name=\"author\" content=\"Onur Akpinar\" \/>\n<meta name=\"twitter:card\" content=\"summary_large_image\" \/>\n<meta name=\"twitter:label1\" content=\"Yazan:\" \/>\n\t<meta name=\"twitter:data1\" content=\"Onur Akpinar\" \/>\n\t<meta name=\"twitter:label2\" content=\"Tahmini okuma s\u00fcresi\" \/>\n\t<meta name=\"twitter:data2\" content=\"3 dakika\" \/>\n<script type=\"application\/ld+json\" class=\"yoast-schema-graph\">{\"@context\":\"https:\\\/\\\/schema.org\",\"@graph\":[{\"@type\":\"Article\",\"@id\":\"https:\\\/\\\/avrupatv.eu\\\/index.php\\\/2024\\\/11\\\/14\\\/erdogan-ve-bahceli-pkk-lideri-ocalana-yonelik-yeni-bir-yaklasimi-gorusmek-icin-bir-araya-geldi\\\/#article\",\"isPartOf\":{\"@id\":\"https:\\\/\\\/avrupatv.eu\\\/index.php\\\/2024\\\/11\\\/14\\\/erdogan-ve-bahceli-pkk-lideri-ocalana-yonelik-yeni-bir-yaklasimi-gorusmek-icin-bir-araya-geldi\\\/\"},\"author\":{\"name\":\"Onur Akpinar\",\"@id\":\"https:\\\/\\\/avrupatv.eu\\\/#\\\/schema\\\/person\\\/d56afa5d5569da4029d483da36c0c17d\"},\"headline\":\"Erdo\u011fan ve Bah\u00e7eli, PKK Lideri \u00d6calan\u2019a Y\u00f6nelik Yeni Bir Yakla\u015f\u0131m\u0131 G\u00f6r\u00fc\u015fmek \u0130\u00e7in Bir Araya Geldi\",\"datePublished\":\"2024-11-14T17:02:09+00:00\",\"dateModified\":\"2024-11-14T17:06:05+00:00\",\"mainEntityOfPage\":{\"@id\":\"https:\\\/\\\/avrupatv.eu\\\/index.php\\\/2024\\\/11\\\/14\\\/erdogan-ve-bahceli-pkk-lideri-ocalana-yonelik-yeni-bir-yaklasimi-gorusmek-icin-bir-araya-geldi\\\/\"},\"wordCount\":746,\"commentCount\":0,\"publisher\":{\"@id\":\"https:\\\/\\\/avrupatv.eu\\\/#organization\"},\"image\":{\"@id\":\"https:\\\/\\\/avrupatv.eu\\\/index.php\\\/2024\\\/11\\\/14\\\/erdogan-ve-bahceli-pkk-lideri-ocalana-yonelik-yeni-bir-yaklasimi-gorusmek-icin-bir-araya-geldi\\\/#primaryimage\"},\"thumbnailUrl\":\"https:\\\/\\\/avrupatv.eu\\\/wp-content\\\/uploads\\\/2024\\\/11\\\/erdogan-bahceli-2227403.jpg\",\"articleSection\":[\"G\u00fcndem\",\"T\u00fcrkiye\"],\"inLanguage\":\"tr\",\"potentialAction\":[{\"@type\":\"CommentAction\",\"name\":\"Comment\",\"target\":[\"https:\\\/\\\/avrupatv.eu\\\/index.php\\\/2024\\\/11\\\/14\\\/erdogan-ve-bahceli-pkk-lideri-ocalana-yonelik-yeni-bir-yaklasimi-gorusmek-icin-bir-araya-geldi\\\/#respond\"]}]},{\"@type\":\"WebPage\",\"@id\":\"https:\\\/\\\/avrupatv.eu\\\/index.php\\\/2024\\\/11\\\/14\\\/erdogan-ve-bahceli-pkk-lideri-ocalana-yonelik-yeni-bir-yaklasimi-gorusmek-icin-bir-araya-geldi\\\/\",\"url\":\"https:\\\/\\\/avrupatv.eu\\\/index.php\\\/2024\\\/11\\\/14\\\/erdogan-ve-bahceli-pkk-lideri-ocalana-yonelik-yeni-bir-yaklasimi-gorusmek-icin-bir-araya-geldi\\\/\",\"name\":\"Erdo\u011fan ve Bah\u00e7eli, PKK Lideri \u00d6calan\u2019a Y\u00f6nelik Yeni Bir Yakla\u015f\u0131m\u0131 G\u00f6r\u00fc\u015fmek \u0130\u00e7in Bir Araya Geldi - Avrupal\u0131 T\u00fcrklerin en Yeni Haber Portal\u0131\",\"isPartOf\":{\"@id\":\"https:\\\/\\\/avrupatv.eu\\\/#website\"},\"primaryImageOfPage\":{\"@id\":\"https:\\\/\\\/avrupatv.eu\\\/index.php\\\/2024\\\/11\\\/14\\\/erdogan-ve-bahceli-pkk-lideri-ocalana-yonelik-yeni-bir-yaklasimi-gorusmek-icin-bir-araya-geldi\\\/#primaryimage\"},\"image\":{\"@id\":\"https:\\\/\\\/avrupatv.eu\\\/index.php\\\/2024\\\/11\\\/14\\\/erdogan-ve-bahceli-pkk-lideri-ocalana-yonelik-yeni-bir-yaklasimi-gorusmek-icin-bir-araya-geldi\\\/#primaryimage\"},\"thumbnailUrl\":\"https:\\\/\\\/avrupatv.eu\\\/wp-content\\\/uploads\\\/2024\\\/11\\\/erdogan-bahceli-2227403.jpg\",\"datePublished\":\"2024-11-14T17:02:09+00:00\",\"dateModified\":\"2024-11-14T17:06:05+00:00\",\"breadcrumb\":{\"@id\":\"https:\\\/\\\/avrupatv.eu\\\/index.php\\\/2024\\\/11\\\/14\\\/erdogan-ve-bahceli-pkk-lideri-ocalana-yonelik-yeni-bir-yaklasimi-gorusmek-icin-bir-araya-geldi\\\/#breadcrumb\"},\"inLanguage\":\"tr\",\"potentialAction\":[{\"@type\":\"ReadAction\",\"target\":[\"https:\\\/\\\/avrupatv.eu\\\/index.php\\\/2024\\\/11\\\/14\\\/erdogan-ve-bahceli-pkk-lideri-ocalana-yonelik-yeni-bir-yaklasimi-gorusmek-icin-bir-araya-geldi\\\/\"]}]},{\"@type\":\"ImageObject\",\"inLanguage\":\"tr\",\"@id\":\"https:\\\/\\\/avrupatv.eu\\\/index.php\\\/2024\\\/11\\\/14\\\/erdogan-ve-bahceli-pkk-lideri-ocalana-yonelik-yeni-bir-yaklasimi-gorusmek-icin-bir-araya-geldi\\\/#primaryimage\",\"url\":\"https:\\\/\\\/avrupatv.eu\\\/wp-content\\\/uploads\\\/2024\\\/11\\\/erdogan-bahceli-2227403.jpg\",\"contentUrl\":\"https:\\\/\\\/avrupatv.eu\\\/wp-content\\\/uploads\\\/2024\\\/11\\\/erdogan-bahceli-2227403.jpg\",\"width\":1280,\"height\":720},{\"@type\":\"BreadcrumbList\",\"@id\":\"https:\\\/\\\/avrupatv.eu\\\/index.php\\\/2024\\\/11\\\/14\\\/erdogan-ve-bahceli-pkk-lideri-ocalana-yonelik-yeni-bir-yaklasimi-gorusmek-icin-bir-araya-geldi\\\/#breadcrumb\",\"itemListElement\":[{\"@type\":\"ListItem\",\"position\":1,\"name\":\"Anasayfa\",\"item\":\"https:\\\/\\\/avrupatv.eu\\\/\"},{\"@type\":\"ListItem\",\"position\":2,\"name\":\"Erdo\u011fan ve Bah\u00e7eli, PKK Lideri \u00d6calan\u2019a Y\u00f6nelik Yeni Bir Yakla\u015f\u0131m\u0131 G\u00f6r\u00fc\u015fmek \u0130\u00e7in Bir Araya Geldi\"}]},{\"@type\":\"WebSite\",\"@id\":\"https:\\\/\\\/avrupatv.eu\\\/#website\",\"url\":\"https:\\\/\\\/avrupatv.eu\\\/\",\"name\":\"Avrupal\u0131 T\u00fcrklerin en Yeni Haber Portal\u0131\",\"description\":\"\",\"publisher\":{\"@id\":\"https:\\\/\\\/avrupatv.eu\\\/#organization\"},\"alternateName\":\"Avrupa tv\",\"potentialAction\":[{\"@type\":\"SearchAction\",\"target\":{\"@type\":\"EntryPoint\",\"urlTemplate\":\"https:\\\/\\\/avrupatv.eu\\\/?s={search_term_string}\"},\"query-input\":{\"@type\":\"PropertyValueSpecification\",\"valueRequired\":true,\"valueName\":\"search_term_string\"}}],\"inLanguage\":\"tr\"},{\"@type\":\"Organization\",\"@id\":\"https:\\\/\\\/avrupatv.eu\\\/#organization\",\"name\":\"Avrupa Haber\",\"url\":\"https:\\\/\\\/avrupatv.eu\\\/\",\"logo\":{\"@type\":\"ImageObject\",\"inLanguage\":\"tr\",\"@id\":\"https:\\\/\\\/avrupatv.eu\\\/#\\\/schema\\\/logo\\\/image\\\/\",\"url\":\"https:\\\/\\\/avrupatv.eu\\\/wp-content\\\/uploads\\\/2023\\\/10\\\/cropped-thumbnail_logo.png\",\"contentUrl\":\"https:\\\/\\\/avrupatv.eu\\\/wp-content\\\/uploads\\\/2023\\\/10\\\/cropped-thumbnail_logo.png\",\"width\":1025,\"height\":302,\"caption\":\"Avrupa Haber\"},\"image\":{\"@id\":\"https:\\\/\\\/avrupatv.eu\\\/#\\\/schema\\\/logo\\\/image\\\/\"}},{\"@type\":\"Person\",\"@id\":\"https:\\\/\\\/avrupatv.eu\\\/#\\\/schema\\\/person\\\/d56afa5d5569da4029d483da36c0c17d\",\"name\":\"Onur Akpinar\",\"image\":{\"@type\":\"ImageObject\",\"inLanguage\":\"tr\",\"@id\":\"https:\\\/\\\/secure.gravatar.com\\\/avatar\\\/67a1a0bdf34f82da209334e4684b7e7171a58a5a2b0a8f836b61044f5c1f5d6a?s=96&d=mm&r=g\",\"url\":\"https:\\\/\\\/secure.gravatar.com\\\/avatar\\\/67a1a0bdf34f82da209334e4684b7e7171a58a5a2b0a8f836b61044f5c1f5d6a?s=96&d=mm&r=g\",\"contentUrl\":\"https:\\\/\\\/secure.gravatar.com\\\/avatar\\\/67a1a0bdf34f82da209334e4684b7e7171a58a5a2b0a8f836b61044f5c1f5d6a?s=96&d=mm&r=g\",\"caption\":\"Onur Akpinar\"},\"url\":\"https:\\\/\\\/avrupatv.eu\\\/index.php\\\/author\\\/onur-akpinar\\\/\"}]}<\/script>\n<!-- \/ Yoast SEO plugin. -->","yoast_head_json":{"title":"Erdo\u011fan ve Bah\u00e7eli, PKK Lideri \u00d6calan\u2019a Y\u00f6nelik Yeni Bir Yakla\u015f\u0131m\u0131 G\u00f6r\u00fc\u015fmek \u0130\u00e7in Bir Araya Geldi - Avrupal\u0131 T\u00fcrklerin en Yeni Haber Portal\u0131","robots":{"index":"index","follow":"follow","max-snippet":"max-snippet:-1","max-image-preview":"max-image-preview:large","max-video-preview":"max-video-preview:-1"},"canonical":"https:\/\/avrupatv.eu\/index.php\/2024\/11\/14\/erdogan-ve-bahceli-pkk-lideri-ocalana-yonelik-yeni-bir-yaklasimi-gorusmek-icin-bir-araya-geldi\/","og_locale":"tr_TR","og_type":"article","og_title":"Erdo\u011fan ve Bah\u00e7eli, PKK Lideri \u00d6calan\u2019a Y\u00f6nelik Yeni Bir Yakla\u015f\u0131m\u0131 G\u00f6r\u00fc\u015fmek \u0130\u00e7in Bir Araya Geldi - Avrupal\u0131 T\u00fcrklerin en Yeni Haber Portal\u0131","og_description":"Bah\u00e7eli ve Erdo\u011fan\u2019\u0131n G\u00f6r\u00fc\u015fmesi: Yeni \u00c7\u00f6z\u00fcm S\u00fcreci Tart\u0131\u015f\u0131l\u0131yor T\u00fcrkiye\u2019de yeni bir \u00e7\u00f6z\u00fcm s\u00fcreci g\u00fcndeme gelirken, Milliyet\u00e7i Hareket Partisi (MHP) Genel Ba\u015fkan\u0131 Devlet Bah\u00e7eli\u2019nin K\u00fcrdistan \u0130\u015f\u00e7i Partisi (PKK) lideri Abdullah \u00d6calan\u2019a yapt\u0131\u011f\u0131 \u00e7a\u011fr\u0131n\u0131n ard\u0131ndan Cumhurba\u015fkan\u0131 Recep Tayyip Erdo\u011fan ile Bah\u00e7eli, Per\u015fembe g\u00fcn\u00fc ba\u015fkent Ankara\u2019daki Cumhurba\u015fkanl\u0131\u011f\u0131 K\u00fclliyesi\u2019nde bir araya geldi. G\u00f6r\u00fc\u015fme Detaylar\u0131 T\u00fcrkiye saati ile 18:00\u2019de ba\u015flayan [&hellip;]","og_url":"https:\/\/avrupatv.eu\/index.php\/2024\/11\/14\/erdogan-ve-bahceli-pkk-lideri-ocalana-yonelik-yeni-bir-yaklasimi-gorusmek-icin-bir-araya-geldi\/","og_site_name":"Avrupal\u0131 T\u00fcrklerin en Yeni Haber Portal\u0131","article_published_time":"2024-11-14T17:02:09+00:00","article_modified_time":"2024-11-14T17:06:05+00:00","og_image":[{"width":1280,"height":720,"url":"https:\/\/avrupatv.eu\/wp-content\/uploads\/2024\/11\/erdogan-bahceli-2227403.jpg","type":"image\/jpeg"}],"author":"Onur Akpinar","twitter_card":"summary_large_image","twitter_misc":{"Yazan:":"Onur Akpinar","Tahmini okuma s\u00fcresi":"3 dakika"},"schema":{"@context":"https:\/\/schema.org","@graph":[{"@type":"Article","@id":"https:\/\/avrupatv.eu\/index.php\/2024\/11\/14\/erdogan-ve-bahceli-pkk-lideri-ocalana-yonelik-yeni-bir-yaklasimi-gorusmek-icin-bir-araya-geldi\/#article","isPartOf":{"@id":"https:\/\/avrupatv.eu\/index.php\/2024\/11\/14\/erdogan-ve-bahceli-pkk-lideri-ocalana-yonelik-yeni-bir-yaklasimi-gorusmek-icin-bir-araya-geldi\/"},"author":{"name":"Onur Akpinar","@id":"https:\/\/avrupatv.eu\/#\/schema\/person\/d56afa5d5569da4029d483da36c0c17d"},"headline":"Erdo\u011fan ve Bah\u00e7eli, PKK Lideri \u00d6calan\u2019a Y\u00f6nelik Yeni Bir Yakla\u015f\u0131m\u0131 G\u00f6r\u00fc\u015fmek \u0130\u00e7in Bir Araya Geldi","datePublished":"2024-11-14T17:02:09+00:00","dateModified":"2024-11-14T17:06:05+00:00","mainEntityOfPage":{"@id":"https:\/\/avrupatv.eu\/index.php\/2024\/11\/14\/erdogan-ve-bahceli-pkk-lideri-ocalana-yonelik-yeni-bir-yaklasimi-gorusmek-icin-bir-araya-geldi\/"},"wordCount":746,"commentCount":0,"publisher":{"@id":"https:\/\/avrupatv.eu\/#organization"},"image":{"@id":"https:\/\/avrupatv.eu\/index.php\/2024\/11\/14\/erdogan-ve-bahceli-pkk-lideri-ocalana-yonelik-yeni-bir-yaklasimi-gorusmek-icin-bir-araya-geldi\/#primaryimage"},"thumbnailUrl":"https:\/\/avrupatv.eu\/wp-content\/uploads\/2024\/11\/erdogan-bahceli-2227403.jpg","articleSection":["G\u00fcndem","T\u00fcrkiye"],"inLanguage":"tr","potentialAction":[{"@type":"CommentAction","name":"Comment","target":["https:\/\/avrupatv.eu\/index.php\/2024\/11\/14\/erdogan-ve-bahceli-pkk-lideri-ocalana-yonelik-yeni-bir-yaklasimi-gorusmek-icin-bir-araya-geldi\/#respond"]}]},{"@type":"WebPage","@id":"https:\/\/avrupatv.eu\/index.php\/2024\/11\/14\/erdogan-ve-bahceli-pkk-lideri-ocalana-yonelik-yeni-bir-yaklasimi-gorusmek-icin-bir-araya-geldi\/","url":"https:\/\/avrupatv.eu\/index.php\/2024\/11\/14\/erdogan-ve-bahceli-pkk-lideri-ocalana-yonelik-yeni-bir-yaklasimi-gorusmek-icin-bir-araya-geldi\/","name":"Erdo\u011fan ve Bah\u00e7eli, PKK Lideri \u00d6calan\u2019a Y\u00f6nelik Yeni Bir Yakla\u015f\u0131m\u0131 G\u00f6r\u00fc\u015fmek \u0130\u00e7in Bir Araya Geldi - Avrupal\u0131 T\u00fcrklerin en Yeni Haber Portal\u0131","isPartOf":{"@id":"https:\/\/avrupatv.eu\/#website"},"primaryImageOfPage":{"@id":"https:\/\/avrupatv.eu\/index.php\/2024\/11\/14\/erdogan-ve-bahceli-pkk-lideri-ocalana-yonelik-yeni-bir-yaklasimi-gorusmek-icin-bir-araya-geldi\/#primaryimage"},"image":{"@id":"https:\/\/avrupatv.eu\/index.php\/2024\/11\/14\/erdogan-ve-bahceli-pkk-lideri-ocalana-yonelik-yeni-bir-yaklasimi-gorusmek-icin-bir-araya-geldi\/#primaryimage"},"thumbnailUrl":"https:\/\/avrupatv.eu\/wp-content\/uploads\/2024\/11\/erdogan-bahceli-2227403.jpg","datePublished":"2024-11-14T17:02:09+00:00","dateModified":"2024-11-14T17:06:05+00:00","breadcrumb":{"@id":"https:\/\/avrupatv.eu\/index.php\/2024\/11\/14\/erdogan-ve-bahceli-pkk-lideri-ocalana-yonelik-yeni-bir-yaklasimi-gorusmek-icin-bir-araya-geldi\/#breadcrumb"},"inLanguage":"tr","potentialAction":[{"@type":"ReadAction","target":["https:\/\/avrupatv.eu\/index.php\/2024\/11\/14\/erdogan-ve-bahceli-pkk-lideri-ocalana-yonelik-yeni-bir-yaklasimi-gorusmek-icin-bir-araya-geldi\/"]}]},{"@type":"ImageObject","inLanguage":"tr","@id":"https:\/\/avrupatv.eu\/index.php\/2024\/11\/14\/erdogan-ve-bahceli-pkk-lideri-ocalana-yonelik-yeni-bir-yaklasimi-gorusmek-icin-bir-araya-geldi\/#primaryimage","url":"https:\/\/avrupatv.eu\/wp-content\/uploads\/2024\/11\/erdogan-bahceli-2227403.jpg","contentUrl":"https:\/\/avrupatv.eu\/wp-content\/uploads\/2024\/11\/erdogan-bahceli-2227403.jpg","width":1280,"height":720},{"@type":"BreadcrumbList","@id":"https:\/\/avrupatv.eu\/index.php\/2024\/11\/14\/erdogan-ve-bahceli-pkk-lideri-ocalana-yonelik-yeni-bir-yaklasimi-gorusmek-icin-bir-araya-geldi\/#breadcrumb","itemListElement":[{"@type":"ListItem","position":1,"name":"Anasayfa","item":"https:\/\/avrupatv.eu\/"},{"@type":"ListItem","position":2,"name":"Erdo\u011fan ve Bah\u00e7eli, PKK Lideri \u00d6calan\u2019a Y\u00f6nelik Yeni Bir Yakla\u015f\u0131m\u0131 G\u00f6r\u00fc\u015fmek \u0130\u00e7in Bir Araya Geldi"}]},{"@type":"WebSite","@id":"https:\/\/avrupatv.eu\/#website","url":"https:\/\/avrupatv.eu\/","name":"Avrupal\u0131 T\u00fcrklerin en Yeni Haber Portal\u0131","description":"","publisher":{"@id":"https:\/\/avrupatv.eu\/#organization"},"alternateName":"Avrupa tv","potentialAction":[{"@type":"SearchAction","target":{"@type":"EntryPoint","urlTemplate":"https:\/\/avrupatv.eu\/?s={search_term_string}"},"query-input":{"@type":"PropertyValueSpecification","valueRequired":true,"valueName":"search_term_string"}}],"inLanguage":"tr"},{"@type":"Organization","@id":"https:\/\/avrupatv.eu\/#organization","name":"Avrupa Haber","url":"https:\/\/avrupatv.eu\/","logo":{"@type":"ImageObject","inLanguage":"tr","@id":"https:\/\/avrupatv.eu\/#\/schema\/logo\/image\/","url":"https:\/\/avrupatv.eu\/wp-content\/uploads\/2023\/10\/cropped-thumbnail_logo.png","contentUrl":"https:\/\/avrupatv.eu\/wp-content\/uploads\/2023\/10\/cropped-thumbnail_logo.png","width":1025,"height":302,"caption":"Avrupa Haber"},"image":{"@id":"https:\/\/avrupatv.eu\/#\/schema\/logo\/image\/"}},{"@type":"Person","@id":"https:\/\/avrupatv.eu\/#\/schema\/person\/d56afa5d5569da4029d483da36c0c17d","name":"Onur Akpinar","image":{"@type":"ImageObject","inLanguage":"tr","@id":"https:\/\/secure.gravatar.com\/avatar\/67a1a0bdf34f82da209334e4684b7e7171a58a5a2b0a8f836b61044f5c1f5d6a?s=96&d=mm&r=g","url":"https:\/\/secure.gravatar.com\/avatar\/67a1a0bdf34f82da209334e4684b7e7171a58a5a2b0a8f836b61044f5c1f5d6a?s=96&d=mm&r=g","contentUrl":"https:\/\/secure.gravatar.com\/avatar\/67a1a0bdf34f82da209334e4684b7e7171a58a5a2b0a8f836b61044f5c1f5d6a?s=96&d=mm&r=g","caption":"Onur Akpinar"},"url":"https:\/\/avrupatv.eu\/index.php\/author\/onur-akpinar\/"}]}},"_links":{"self":[{"href":"https:\/\/avrupatv.eu\/index.php\/wp-json\/wp\/v2\/posts\/653","targetHints":{"allow":["GET"]}}],"collection":[{"href":"https:\/\/avrupatv.eu\/index.php\/wp-json\/wp\/v2\/posts"}],"about":[{"href":"https:\/\/avrupatv.eu\/index.php\/wp-json\/wp\/v2\/types\/post"}],"author":[{"embeddable":true,"href":"https:\/\/avrupatv.eu\/index.php\/wp-json\/wp\/v2\/users\/2"}],"replies":[{"embeddable":true,"href":"https:\/\/avrupatv.eu\/index.php\/wp-json\/wp\/v2\/comments?post=653"}],"version-history":[{"count":1,"href":"https:\/\/avrupatv.eu\/index.php\/wp-json\/wp\/v2\/posts\/653\/revisions"}],"predecessor-version":[{"id":655,"href":"https:\/\/avrupatv.eu\/index.php\/wp-json\/wp\/v2\/posts\/653\/revisions\/655"}],"wp:featuredmedia":[{"embeddable":true,"href":"https:\/\/avrupatv.eu\/index.php\/wp-json\/wp\/v2\/media\/654"}],"wp:attachment":[{"href":"https:\/\/avrupatv.eu\/index.php\/wp-json\/wp\/v2\/media?parent=653"}],"wp:term":[{"taxonomy":"category","embeddable":true,"href":"https:\/\/avrupatv.eu\/index.php\/wp-json\/wp\/v2\/categories?post=653"},{"taxonomy":"post_tag","embeddable":true,"href":"https:\/\/avrupatv.eu\/index.php\/wp-json\/wp\/v2\/tags?post=653"}],"curies":[{"name":"wp","href":"https:\/\/api.w.org\/{rel}","templated":true}]}}