{"id":648,"date":"2024-11-14T16:04:24","date_gmt":"2024-11-14T16:04:24","guid":{"rendered":"https:\/\/avrupatv.eu\/?p=648"},"modified":"2024-11-14T16:26:54","modified_gmt":"2024-11-14T16:26:54","slug":"paris-sokaklari-karisti","status":"publish","type":"post","link":"https:\/\/avrupatv.eu\/index.php\/2024\/11\/14\/paris-sokaklari-karisti\/","title":{"rendered":"Paris sokaklar\u0131 kar\u0131\u015ft\u0131"},"content":{"rendered":"\n<p>Ge\u00e7en hafta Amsterdam\u2019da oynanan Maccabi Tel Aviv ve Ajax kar\u015f\u0131la\u015fmas\u0131nda ya\u015fanan \u015fiddet olaylar\u0131, Paris\u2019teki y\u00fcksek riskli ma\u00e7 \u00f6ncesinde g\u00fcvenlik tedbirlerinin \u00fcst d\u00fczeye \u00e7\u0131kar\u0131lmas\u0131na neden oldu. Paris Emniyet M\u00fcd\u00fcr\u00fc Laurent Nunez, bu hafta oynanacak Fransa-\u0130srail ma\u00e7\u0131 i\u00e7in 4.000 polisin g\u00f6rev alaca\u011f\u0131n\u0131, 2.500 polis memurunun Stade de France ve Paris\u2019in kuzey banliy\u00f6lerinde devriye gezece\u011fini a\u00e7\u0131klad\u0131. Ayr\u0131ca, 1.600 \u00f6zel g\u00fcvenlik g\u00f6revlisinin stadyumda g\u00f6rev yapaca\u011f\u0131 ve \u0130srail tak\u0131m\u0131n\u0131 \u00f6zel polis birimlerinin koruyaca\u011f\u0131 bildirildi.<\/p>\n\n\n\n<p>Emniyet M\u00fcd\u00fcr\u00fc Nunez, ma\u00e7\u0131n \u201ca\u015f\u0131r\u0131 gergin jeopolitik ba\u011flam nedeniyle y\u00fcksek risk ta\u015f\u0131d\u0131\u011f\u0131n\u0131\u201d vurgularken, kamu d\u00fczenini bozacak herhangi bir giri\u015fime m\u00fcsamaha g\u00f6sterilmeyece\u011fini belirtti. Bu kapsamda, stadyumda sadece \u0130srail ve Fransa bayraklar\u0131na izin verilirken, Filistin bayra\u011f\u0131 yasakland\u0131. Ayr\u0131ca, ma\u00e7 g\u00fcn\u00fc b\u00f6lgede kimlik kontrolleri yap\u0131labilece\u011fi ve stadyum \u00e7evresindeki bar ve restoranlar\u0131n \u00f6\u011fleden sonra kapanaca\u011f\u0131 duyuruldu.<\/p>\n\n\n\n<p>Ge\u00e7en haftaki Ajax-Maccabi ma\u00e7\u0131 s\u0131ras\u0131nda, Maccabi taraftarlar\u0131n\u0131n Amsterdam sokaklar\u0131nda kovalanmas\u0131 ve baz\u0131 taraftarlar\u0131n Filistin bayra\u011f\u0131n\u0131 yakarak Arap kar\u015f\u0131t\u0131 sloganlar atmas\u0131 Avrupa genelinde tepkilere yol a\u00e7m\u0131\u015ft\u0131. Paris\u2019teki y\u00fcksek g\u00fcvenlik \u00f6nlemleri aras\u0131nda Fransa Cumhurba\u015fkan\u0131 Emmanuel Macron\u2019un da ma\u00e7\u0131 stadyumdan izleyece\u011fi a\u00e7\u0131kland\u0131. Eski cumhurba\u015fkanlar\u0131 Fran\u00e7ois Hollande ve Nicolas Sarkozy ile Ba\u015fbakan Michel Barnier de ma\u00e7ta Macron\u2019a e\u015flik edecek.<\/p>\n\n\n\n<p>Bu geli\u015fmelerin ard\u0131ndan, Fransa\u2019da Filistin ve L\u00fcbnan\u2019\u0131 destekleyen solcu Boyun E\u011fmeyenler Partisi (LFI), ma\u00e7a ve Cumhurba\u015fkan\u0131 Macron\u2019un stadyuma gitmesine tepki g\u00f6sterdi. Ancak \u0130\u00e7i\u015fleri Bakan\u0131 Bruno Retailleau, ma\u00e7\u0131n iptal edilmeyece\u011fini ya da yerinin de\u011fi\u015ftirilmesinin s\u00f6z konusu olmad\u0131\u011f\u0131n\u0131 ifade ederek \u201cFransa nefret tohumlar\u0131 ekenlere boyun e\u011fmez\u201d a\u00e7\u0131klamas\u0131nda bulundu.<\/p>\n\n\n\n<p>Fransa, \u0130srail, Bel\u00e7ika ve \u0130talya, UEFA Uluslar Ligi turnuvas\u0131nda ayn\u0131 grupta yer al\u0131rken, Bel\u00e7ika h\u00fck\u00fcmeti g\u00fcvenlik gerek\u00e7esiyle \u0130srail ile ma\u00e7\u0131n Macaristan\u2019da oynanmas\u0131na karar vermi\u015fti.<\/p>\n","protected":false},"excerpt":{"rendered":"<p>Ge\u00e7en hafta Amsterdam\u2019da oynanan Maccabi Tel Aviv ve Ajax kar\u015f\u0131la\u015fmas\u0131nda ya\u015fanan \u015fiddet olaylar\u0131, Paris\u2019teki y\u00fcksek riskli ma\u00e7 \u00f6ncesinde g\u00fcvenlik tedbirlerinin \u00fcst d\u00fczeye \u00e7\u0131kar\u0131lmas\u0131na neden oldu. Paris Emniyet M\u00fcd\u00fcr\u00fc Laurent Nunez, bu hafta oynanacak Fransa-\u0130srail ma\u00e7\u0131 i\u00e7in 4.000 polisin g\u00f6rev alaca\u011f\u0131n\u0131, 2.500 polis memurunun Stade de France ve Paris\u2019in kuzey banliy\u00f6lerinde devriye gezece\u011fini a\u00e7\u0131klad\u0131. Ayr\u0131ca, 1.600 [&hellip;]<\/p>\n","protected":false},"author":2,"featured_media":649,"comment_status":"open","ping_status":"open","sticky":false,"template":"","format":"standard","meta":{"footnotes":""},"categories":[9,8],"tags":[],"class_list":["post-648","post","type-post","status-publish","format-standard","has-post-thumbnail","hentry","category-avrupa","category-gundem"],"yoast_head":"<!-- This site is optimized with the Yoast SEO plugin v27.4 - https:\/\/yoast.com\/product\/yoast-seo-wordpress\/ -->\n<title>Paris sokaklar\u0131 kar\u0131\u015ft\u0131 - Avrupal\u0131 T\u00fcrklerin en Yeni Haber Portal\u0131<\/title>\n<meta name=\"robots\" content=\"index, follow, max-snippet:-1, max-image-preview:large, max-video-preview:-1\" \/>\n<link rel=\"canonical\" href=\"https:\/\/avrupatv.eu\/index.php\/2024\/11\/14\/paris-sokaklari-karisti\/\" \/>\n<meta property=\"og:locale\" content=\"tr_TR\" \/>\n<meta property=\"og:type\" content=\"article\" \/>\n<meta property=\"og:title\" content=\"Paris sokaklar\u0131 kar\u0131\u015ft\u0131 - Avrupal\u0131 T\u00fcrklerin en Yeni Haber Portal\u0131\" \/>\n<meta property=\"og:description\" content=\"Ge\u00e7en hafta Amsterdam\u2019da oynanan Maccabi Tel Aviv ve Ajax kar\u015f\u0131la\u015fmas\u0131nda ya\u015fanan \u015fiddet olaylar\u0131, Paris\u2019teki y\u00fcksek riskli ma\u00e7 \u00f6ncesinde g\u00fcvenlik tedbirlerinin \u00fcst d\u00fczeye \u00e7\u0131kar\u0131lmas\u0131na neden oldu. Paris Emniyet M\u00fcd\u00fcr\u00fc Laurent Nunez, bu hafta oynanacak Fransa-\u0130srail ma\u00e7\u0131 i\u00e7in 4.000 polisin g\u00f6rev alaca\u011f\u0131n\u0131, 2.500 polis memurunun Stade de France ve Paris\u2019in kuzey banliy\u00f6lerinde devriye gezece\u011fini a\u00e7\u0131klad\u0131. Ayr\u0131ca, 1.600 [&hellip;]\" \/>\n<meta property=\"og:url\" content=\"https:\/\/avrupatv.eu\/index.php\/2024\/11\/14\/paris-sokaklari-karisti\/\" \/>\n<meta property=\"og:site_name\" content=\"Avrupal\u0131 T\u00fcrklerin en Yeni Haber Portal\u0131\" \/>\n<meta property=\"article:published_time\" content=\"2024-11-14T16:04:24+00:00\" \/>\n<meta property=\"article:modified_time\" content=\"2024-11-14T16:26:54+00:00\" \/>\n<meta property=\"og:image\" content=\"https:\/\/avrupatv.eu\/wp-content\/uploads\/2024\/11\/paris-pkk-destekcileri-aa-1969306.jpg\" \/>\n\t<meta property=\"og:image:width\" content=\"1280\" \/>\n\t<meta property=\"og:image:height\" content=\"720\" \/>\n\t<meta property=\"og:image:type\" content=\"image\/jpeg\" \/>\n<meta name=\"author\" content=\"Onur Akpinar\" \/>\n<meta name=\"twitter:card\" content=\"summary_large_image\" \/>\n<meta name=\"twitter:label1\" content=\"Yazan:\" \/>\n\t<meta name=\"twitter:data1\" content=\"Onur Akpinar\" \/>\n\t<meta name=\"twitter:label2\" content=\"Tahmini okuma s\u00fcresi\" \/>\n\t<meta name=\"twitter:data2\" content=\"2 dakika\" \/>\n<script type=\"application\/ld+json\" class=\"yoast-schema-graph\">{\"@context\":\"https:\\\/\\\/schema.org\",\"@graph\":[{\"@type\":\"Article\",\"@id\":\"https:\\\/\\\/avrupatv.eu\\\/index.php\\\/2024\\\/11\\\/14\\\/paris-sokaklari-karisti\\\/#article\",\"isPartOf\":{\"@id\":\"https:\\\/\\\/avrupatv.eu\\\/index.php\\\/2024\\\/11\\\/14\\\/paris-sokaklari-karisti\\\/\"},\"author\":{\"name\":\"Onur Akpinar\",\"@id\":\"https:\\\/\\\/avrupatv.eu\\\/#\\\/schema\\\/person\\\/d56afa5d5569da4029d483da36c0c17d\"},\"headline\":\"Paris sokaklar\u0131 kar\u0131\u015ft\u0131\",\"datePublished\":\"2024-11-14T16:04:24+00:00\",\"dateModified\":\"2024-11-14T16:26:54+00:00\",\"mainEntityOfPage\":{\"@id\":\"https:\\\/\\\/avrupatv.eu\\\/index.php\\\/2024\\\/11\\\/14\\\/paris-sokaklari-karisti\\\/\"},\"wordCount\":351,\"commentCount\":0,\"publisher\":{\"@id\":\"https:\\\/\\\/avrupatv.eu\\\/#organization\"},\"image\":{\"@id\":\"https:\\\/\\\/avrupatv.eu\\\/index.php\\\/2024\\\/11\\\/14\\\/paris-sokaklari-karisti\\\/#primaryimage\"},\"thumbnailUrl\":\"https:\\\/\\\/avrupatv.eu\\\/wp-content\\\/uploads\\\/2024\\\/11\\\/paris-pkk-destekcileri-aa-1969306.jpg\",\"articleSection\":[\"Avrupa\",\"G\u00fcndem\"],\"inLanguage\":\"tr\",\"potentialAction\":[{\"@type\":\"CommentAction\",\"name\":\"Comment\",\"target\":[\"https:\\\/\\\/avrupatv.eu\\\/index.php\\\/2024\\\/11\\\/14\\\/paris-sokaklari-karisti\\\/#respond\"]}]},{\"@type\":\"WebPage\",\"@id\":\"https:\\\/\\\/avrupatv.eu\\\/index.php\\\/2024\\\/11\\\/14\\\/paris-sokaklari-karisti\\\/\",\"url\":\"https:\\\/\\\/avrupatv.eu\\\/index.php\\\/2024\\\/11\\\/14\\\/paris-sokaklari-karisti\\\/\",\"name\":\"Paris sokaklar\u0131 kar\u0131\u015ft\u0131 - Avrupal\u0131 T\u00fcrklerin en Yeni Haber Portal\u0131\",\"isPartOf\":{\"@id\":\"https:\\\/\\\/avrupatv.eu\\\/#website\"},\"primaryImageOfPage\":{\"@id\":\"https:\\\/\\\/avrupatv.eu\\\/index.php\\\/2024\\\/11\\\/14\\\/paris-sokaklari-karisti\\\/#primaryimage\"},\"image\":{\"@id\":\"https:\\\/\\\/avrupatv.eu\\\/index.php\\\/2024\\\/11\\\/14\\\/paris-sokaklari-karisti\\\/#primaryimage\"},\"thumbnailUrl\":\"https:\\\/\\\/avrupatv.eu\\\/wp-content\\\/uploads\\\/2024\\\/11\\\/paris-pkk-destekcileri-aa-1969306.jpg\",\"datePublished\":\"2024-11-14T16:04:24+00:00\",\"dateModified\":\"2024-11-14T16:26:54+00:00\",\"breadcrumb\":{\"@id\":\"https:\\\/\\\/avrupatv.eu\\\/index.php\\\/2024\\\/11\\\/14\\\/paris-sokaklari-karisti\\\/#breadcrumb\"},\"inLanguage\":\"tr\",\"potentialAction\":[{\"@type\":\"ReadAction\",\"target\":[\"https:\\\/\\\/avrupatv.eu\\\/index.php\\\/2024\\\/11\\\/14\\\/paris-sokaklari-karisti\\\/\"]}]},{\"@type\":\"ImageObject\",\"inLanguage\":\"tr\",\"@id\":\"https:\\\/\\\/avrupatv.eu\\\/index.php\\\/2024\\\/11\\\/14\\\/paris-sokaklari-karisti\\\/#primaryimage\",\"url\":\"https:\\\/\\\/avrupatv.eu\\\/wp-content\\\/uploads\\\/2024\\\/11\\\/paris-pkk-destekcileri-aa-1969306.jpg\",\"contentUrl\":\"https:\\\/\\\/avrupatv.eu\\\/wp-content\\\/uploads\\\/2024\\\/11\\\/paris-pkk-destekcileri-aa-1969306.jpg\",\"width\":1280,\"height\":720},{\"@type\":\"BreadcrumbList\",\"@id\":\"https:\\\/\\\/avrupatv.eu\\\/index.php\\\/2024\\\/11\\\/14\\\/paris-sokaklari-karisti\\\/#breadcrumb\",\"itemListElement\":[{\"@type\":\"ListItem\",\"position\":1,\"name\":\"Anasayfa\",\"item\":\"https:\\\/\\\/avrupatv.eu\\\/\"},{\"@type\":\"ListItem\",\"position\":2,\"name\":\"Paris sokaklar\u0131 kar\u0131\u015ft\u0131\"}]},{\"@type\":\"WebSite\",\"@id\":\"https:\\\/\\\/avrupatv.eu\\\/#website\",\"url\":\"https:\\\/\\\/avrupatv.eu\\\/\",\"name\":\"Avrupal\u0131 T\u00fcrklerin en Yeni Haber Portal\u0131\",\"description\":\"\",\"publisher\":{\"@id\":\"https:\\\/\\\/avrupatv.eu\\\/#organization\"},\"alternateName\":\"Avrupa tv\",\"potentialAction\":[{\"@type\":\"SearchAction\",\"target\":{\"@type\":\"EntryPoint\",\"urlTemplate\":\"https:\\\/\\\/avrupatv.eu\\\/?s={search_term_string}\"},\"query-input\":{\"@type\":\"PropertyValueSpecification\",\"valueRequired\":true,\"valueName\":\"search_term_string\"}}],\"inLanguage\":\"tr\"},{\"@type\":\"Organization\",\"@id\":\"https:\\\/\\\/avrupatv.eu\\\/#organization\",\"name\":\"Avrupa Haber\",\"url\":\"https:\\\/\\\/avrupatv.eu\\\/\",\"logo\":{\"@type\":\"ImageObject\",\"inLanguage\":\"tr\",\"@id\":\"https:\\\/\\\/avrupatv.eu\\\/#\\\/schema\\\/logo\\\/image\\\/\",\"url\":\"https:\\\/\\\/avrupatv.eu\\\/wp-content\\\/uploads\\\/2023\\\/10\\\/cropped-thumbnail_logo.png\",\"contentUrl\":\"https:\\\/\\\/avrupatv.eu\\\/wp-content\\\/uploads\\\/2023\\\/10\\\/cropped-thumbnail_logo.png\",\"width\":1025,\"height\":302,\"caption\":\"Avrupa Haber\"},\"image\":{\"@id\":\"https:\\\/\\\/avrupatv.eu\\\/#\\\/schema\\\/logo\\\/image\\\/\"}},{\"@type\":\"Person\",\"@id\":\"https:\\\/\\\/avrupatv.eu\\\/#\\\/schema\\\/person\\\/d56afa5d5569da4029d483da36c0c17d\",\"name\":\"Onur Akpinar\",\"image\":{\"@type\":\"ImageObject\",\"inLanguage\":\"tr\",\"@id\":\"https:\\\/\\\/secure.gravatar.com\\\/avatar\\\/67a1a0bdf34f82da209334e4684b7e7171a58a5a2b0a8f836b61044f5c1f5d6a?s=96&d=mm&r=g\",\"url\":\"https:\\\/\\\/secure.gravatar.com\\\/avatar\\\/67a1a0bdf34f82da209334e4684b7e7171a58a5a2b0a8f836b61044f5c1f5d6a?s=96&d=mm&r=g\",\"contentUrl\":\"https:\\\/\\\/secure.gravatar.com\\\/avatar\\\/67a1a0bdf34f82da209334e4684b7e7171a58a5a2b0a8f836b61044f5c1f5d6a?s=96&d=mm&r=g\",\"caption\":\"Onur Akpinar\"},\"url\":\"https:\\\/\\\/avrupatv.eu\\\/index.php\\\/author\\\/onur-akpinar\\\/\"}]}<\/script>\n<!-- \/ Yoast SEO plugin. -->","yoast_head_json":{"title":"Paris sokaklar\u0131 kar\u0131\u015ft\u0131 - Avrupal\u0131 T\u00fcrklerin en Yeni Haber Portal\u0131","robots":{"index":"index","follow":"follow","max-snippet":"max-snippet:-1","max-image-preview":"max-image-preview:large","max-video-preview":"max-video-preview:-1"},"canonical":"https:\/\/avrupatv.eu\/index.php\/2024\/11\/14\/paris-sokaklari-karisti\/","og_locale":"tr_TR","og_type":"article","og_title":"Paris sokaklar\u0131 kar\u0131\u015ft\u0131 - Avrupal\u0131 T\u00fcrklerin en Yeni Haber Portal\u0131","og_description":"Ge\u00e7en hafta Amsterdam\u2019da oynanan Maccabi Tel Aviv ve Ajax kar\u015f\u0131la\u015fmas\u0131nda ya\u015fanan \u015fiddet olaylar\u0131, Paris\u2019teki y\u00fcksek riskli ma\u00e7 \u00f6ncesinde g\u00fcvenlik tedbirlerinin \u00fcst d\u00fczeye \u00e7\u0131kar\u0131lmas\u0131na neden oldu. Paris Emniyet M\u00fcd\u00fcr\u00fc Laurent Nunez, bu hafta oynanacak Fransa-\u0130srail ma\u00e7\u0131 i\u00e7in 4.000 polisin g\u00f6rev alaca\u011f\u0131n\u0131, 2.500 polis memurunun Stade de France ve Paris\u2019in kuzey banliy\u00f6lerinde devriye gezece\u011fini a\u00e7\u0131klad\u0131. Ayr\u0131ca, 1.600 [&hellip;]","og_url":"https:\/\/avrupatv.eu\/index.php\/2024\/11\/14\/paris-sokaklari-karisti\/","og_site_name":"Avrupal\u0131 T\u00fcrklerin en Yeni Haber Portal\u0131","article_published_time":"2024-11-14T16:04:24+00:00","article_modified_time":"2024-11-14T16:26:54+00:00","og_image":[{"width":1280,"height":720,"url":"https:\/\/avrupatv.eu\/wp-content\/uploads\/2024\/11\/paris-pkk-destekcileri-aa-1969306.jpg","type":"image\/jpeg"}],"author":"Onur Akpinar","twitter_card":"summary_large_image","twitter_misc":{"Yazan:":"Onur Akpinar","Tahmini okuma s\u00fcresi":"2 dakika"},"schema":{"@context":"https:\/\/schema.org","@graph":[{"@type":"Article","@id":"https:\/\/avrupatv.eu\/index.php\/2024\/11\/14\/paris-sokaklari-karisti\/#article","isPartOf":{"@id":"https:\/\/avrupatv.eu\/index.php\/2024\/11\/14\/paris-sokaklari-karisti\/"},"author":{"name":"Onur Akpinar","@id":"https:\/\/avrupatv.eu\/#\/schema\/person\/d56afa5d5569da4029d483da36c0c17d"},"headline":"Paris sokaklar\u0131 kar\u0131\u015ft\u0131","datePublished":"2024-11-14T16:04:24+00:00","dateModified":"2024-11-14T16:26:54+00:00","mainEntityOfPage":{"@id":"https:\/\/avrupatv.eu\/index.php\/2024\/11\/14\/paris-sokaklari-karisti\/"},"wordCount":351,"commentCount":0,"publisher":{"@id":"https:\/\/avrupatv.eu\/#organization"},"image":{"@id":"https:\/\/avrupatv.eu\/index.php\/2024\/11\/14\/paris-sokaklari-karisti\/#primaryimage"},"thumbnailUrl":"https:\/\/avrupatv.eu\/wp-content\/uploads\/2024\/11\/paris-pkk-destekcileri-aa-1969306.jpg","articleSection":["Avrupa","G\u00fcndem"],"inLanguage":"tr","potentialAction":[{"@type":"CommentAction","name":"Comment","target":["https:\/\/avrupatv.eu\/index.php\/2024\/11\/14\/paris-sokaklari-karisti\/#respond"]}]},{"@type":"WebPage","@id":"https:\/\/avrupatv.eu\/index.php\/2024\/11\/14\/paris-sokaklari-karisti\/","url":"https:\/\/avrupatv.eu\/index.php\/2024\/11\/14\/paris-sokaklari-karisti\/","name":"Paris sokaklar\u0131 kar\u0131\u015ft\u0131 - Avrupal\u0131 T\u00fcrklerin en Yeni Haber Portal\u0131","isPartOf":{"@id":"https:\/\/avrupatv.eu\/#website"},"primaryImageOfPage":{"@id":"https:\/\/avrupatv.eu\/index.php\/2024\/11\/14\/paris-sokaklari-karisti\/#primaryimage"},"image":{"@id":"https:\/\/avrupatv.eu\/index.php\/2024\/11\/14\/paris-sokaklari-karisti\/#primaryimage"},"thumbnailUrl":"https:\/\/avrupatv.eu\/wp-content\/uploads\/2024\/11\/paris-pkk-destekcileri-aa-1969306.jpg","datePublished":"2024-11-14T16:04:24+00:00","dateModified":"2024-11-14T16:26:54+00:00","breadcrumb":{"@id":"https:\/\/avrupatv.eu\/index.php\/2024\/11\/14\/paris-sokaklari-karisti\/#breadcrumb"},"inLanguage":"tr","potentialAction":[{"@type":"ReadAction","target":["https:\/\/avrupatv.eu\/index.php\/2024\/11\/14\/paris-sokaklari-karisti\/"]}]},{"@type":"ImageObject","inLanguage":"tr","@id":"https:\/\/avrupatv.eu\/index.php\/2024\/11\/14\/paris-sokaklari-karisti\/#primaryimage","url":"https:\/\/avrupatv.eu\/wp-content\/uploads\/2024\/11\/paris-pkk-destekcileri-aa-1969306.jpg","contentUrl":"https:\/\/avrupatv.eu\/wp-content\/uploads\/2024\/11\/paris-pkk-destekcileri-aa-1969306.jpg","width":1280,"height":720},{"@type":"BreadcrumbList","@id":"https:\/\/avrupatv.eu\/index.php\/2024\/11\/14\/paris-sokaklari-karisti\/#breadcrumb","itemListElement":[{"@type":"ListItem","position":1,"name":"Anasayfa","item":"https:\/\/avrupatv.eu\/"},{"@type":"ListItem","position":2,"name":"Paris sokaklar\u0131 kar\u0131\u015ft\u0131"}]},{"@type":"WebSite","@id":"https:\/\/avrupatv.eu\/#website","url":"https:\/\/avrupatv.eu\/","name":"Avrupal\u0131 T\u00fcrklerin en Yeni Haber Portal\u0131","description":"","publisher":{"@id":"https:\/\/avrupatv.eu\/#organization"},"alternateName":"Avrupa tv","potentialAction":[{"@type":"SearchAction","target":{"@type":"EntryPoint","urlTemplate":"https:\/\/avrupatv.eu\/?s={search_term_string}"},"query-input":{"@type":"PropertyValueSpecification","valueRequired":true,"valueName":"search_term_string"}}],"inLanguage":"tr"},{"@type":"Organization","@id":"https:\/\/avrupatv.eu\/#organization","name":"Avrupa Haber","url":"https:\/\/avrupatv.eu\/","logo":{"@type":"ImageObject","inLanguage":"tr","@id":"https:\/\/avrupatv.eu\/#\/schema\/logo\/image\/","url":"https:\/\/avrupatv.eu\/wp-content\/uploads\/2023\/10\/cropped-thumbnail_logo.png","contentUrl":"https:\/\/avrupatv.eu\/wp-content\/uploads\/2023\/10\/cropped-thumbnail_logo.png","width":1025,"height":302,"caption":"Avrupa Haber"},"image":{"@id":"https:\/\/avrupatv.eu\/#\/schema\/logo\/image\/"}},{"@type":"Person","@id":"https:\/\/avrupatv.eu\/#\/schema\/person\/d56afa5d5569da4029d483da36c0c17d","name":"Onur Akpinar","image":{"@type":"ImageObject","inLanguage":"tr","@id":"https:\/\/secure.gravatar.com\/avatar\/67a1a0bdf34f82da209334e4684b7e7171a58a5a2b0a8f836b61044f5c1f5d6a?s=96&d=mm&r=g","url":"https:\/\/secure.gravatar.com\/avatar\/67a1a0bdf34f82da209334e4684b7e7171a58a5a2b0a8f836b61044f5c1f5d6a?s=96&d=mm&r=g","contentUrl":"https:\/\/secure.gravatar.com\/avatar\/67a1a0bdf34f82da209334e4684b7e7171a58a5a2b0a8f836b61044f5c1f5d6a?s=96&d=mm&r=g","caption":"Onur Akpinar"},"url":"https:\/\/avrupatv.eu\/index.php\/author\/onur-akpinar\/"}]}},"_links":{"self":[{"href":"https:\/\/avrupatv.eu\/index.php\/wp-json\/wp\/v2\/posts\/648","targetHints":{"allow":["GET"]}}],"collection":[{"href":"https:\/\/avrupatv.eu\/index.php\/wp-json\/wp\/v2\/posts"}],"about":[{"href":"https:\/\/avrupatv.eu\/index.php\/wp-json\/wp\/v2\/types\/post"}],"author":[{"embeddable":true,"href":"https:\/\/avrupatv.eu\/index.php\/wp-json\/wp\/v2\/users\/2"}],"replies":[{"embeddable":true,"href":"https:\/\/avrupatv.eu\/index.php\/wp-json\/wp\/v2\/comments?post=648"}],"version-history":[{"count":1,"href":"https:\/\/avrupatv.eu\/index.php\/wp-json\/wp\/v2\/posts\/648\/revisions"}],"predecessor-version":[{"id":650,"href":"https:\/\/avrupatv.eu\/index.php\/wp-json\/wp\/v2\/posts\/648\/revisions\/650"}],"wp:featuredmedia":[{"embeddable":true,"href":"https:\/\/avrupatv.eu\/index.php\/wp-json\/wp\/v2\/media\/649"}],"wp:attachment":[{"href":"https:\/\/avrupatv.eu\/index.php\/wp-json\/wp\/v2\/media?parent=648"}],"wp:term":[{"taxonomy":"category","embeddable":true,"href":"https:\/\/avrupatv.eu\/index.php\/wp-json\/wp\/v2\/categories?post=648"},{"taxonomy":"post_tag","embeddable":true,"href":"https:\/\/avrupatv.eu\/index.php\/wp-json\/wp\/v2\/tags?post=648"}],"curies":[{"name":"wp","href":"https:\/\/api.w.org\/{rel}","templated":true}]}}