{"id":645,"date":"2024-11-14T15:57:04","date_gmt":"2024-11-14T15:57:04","guid":{"rendered":"https:\/\/avrupatv.eu\/?p=645"},"modified":"2024-11-14T15:57:04","modified_gmt":"2024-11-14T15:57:04","slug":"milli-egitim-bakani-yusuf-tekin-mujdeyi-verdi","status":"publish","type":"post","link":"https:\/\/avrupatv.eu\/index.php\/2024\/11\/14\/milli-egitim-bakani-yusuf-tekin-mujdeyi-verdi\/","title":{"rendered":"Milli E\u011fitim Bakan\u0131 Yusuf Tekin m\u00fcjdeyi verdi"},"content":{"rendered":"\n<p>Milli E\u011fitim Bakan\u0131 Yusuf Tekin, 20 bin \u00f6\u011fretmen atamas\u0131 i\u00e7in tercih s\u00fcrecinin ba\u015flad\u0131\u011f\u0131n\u0131 duyurdu. Tekin, yapt\u0131\u011f\u0131 a\u00e7\u0131klamada \u015fu ifadelere yer verdi:<\/p>\n\n\n\n<p>&#8220;20 bin \u00f6\u011fretmen atamam\u0131z i\u00e7in tercih s\u00fcrecimiz ba\u015fl\u0131yor! Kesinle\u015fen puanlara g\u00f6re olu\u015fan s\u0131ralamalar, \u00f6\u011fretmen adaylar\u0131m\u0131z\u0131n tercih ekran\u0131nda yer alacakt\u0131r. Tercih ba\u015fvuru s\u00fcreci 20 Kas\u0131m saat 16:00&#8217;da sona erecektir. \u00d6\u011fretmen adaylar\u0131m\u0131za ve ailelerine hay\u0131rl\u0131 olmas\u0131n\u0131 diliyorum.&#8221;<\/p>\n\n\n\n<p>Bu a\u00e7\u0131klama, atama bekleyen binlerce \u00f6\u011fretmen aday\u0131 ve aileleri i\u00e7in heyecan yaratt\u0131. Adaylar, tercih s\u00fcrecinin ard\u0131ndan yap\u0131lacak yerle\u015ftirme i\u015flemiyle birlikte g\u00f6rev alacaklar\u0131 illeri \u00f6\u011frenme \u015fans\u0131n\u0131 yakalayacak.<\/p>\n","protected":false},"excerpt":{"rendered":"<p>Milli E\u011fitim Bakan\u0131 Yusuf Tekin, 20 bin \u00f6\u011fretmen atamas\u0131 i\u00e7in tercih s\u00fcrecinin ba\u015flad\u0131\u011f\u0131n\u0131 duyurdu. Tekin, yapt\u0131\u011f\u0131 a\u00e7\u0131klamada \u015fu ifadelere yer verdi: &#8220;20 bin \u00f6\u011fretmen atamam\u0131z i\u00e7in tercih s\u00fcrecimiz ba\u015fl\u0131yor! Kesinle\u015fen puanlara g\u00f6re olu\u015fan s\u0131ralamalar, \u00f6\u011fretmen adaylar\u0131m\u0131z\u0131n tercih ekran\u0131nda yer alacakt\u0131r. Tercih ba\u015fvuru s\u00fcreci 20 Kas\u0131m saat 16:00&#8217;da sona erecektir. \u00d6\u011fretmen adaylar\u0131m\u0131za ve ailelerine hay\u0131rl\u0131 olmas\u0131n\u0131 [&hellip;]<\/p>\n","protected":false},"author":2,"featured_media":646,"comment_status":"open","ping_status":"open","sticky":false,"template":"","format":"standard","meta":{"footnotes":""},"categories":[8,11],"tags":[],"class_list":["post-645","post","type-post","status-publish","format-standard","has-post-thumbnail","hentry","category-gundem","category-turkiye"],"yoast_head":"<!-- This site is optimized with the Yoast SEO plugin v27.5 - https:\/\/yoast.com\/product\/yoast-seo-wordpress\/ -->\n<title>Milli E\u011fitim Bakan\u0131 Yusuf Tekin m\u00fcjdeyi verdi - Avrupal\u0131 T\u00fcrklerin en Yeni Haber Portal\u0131<\/title>\n<meta name=\"robots\" content=\"index, follow, max-snippet:-1, max-image-preview:large, max-video-preview:-1\" \/>\n<link rel=\"canonical\" href=\"https:\/\/avrupatv.eu\/index.php\/2024\/11\/14\/milli-egitim-bakani-yusuf-tekin-mujdeyi-verdi\/\" \/>\n<meta property=\"og:locale\" content=\"tr_TR\" \/>\n<meta property=\"og:type\" content=\"article\" \/>\n<meta property=\"og:title\" content=\"Milli E\u011fitim Bakan\u0131 Yusuf Tekin m\u00fcjdeyi verdi - Avrupal\u0131 T\u00fcrklerin en Yeni Haber Portal\u0131\" \/>\n<meta property=\"og:description\" content=\"Milli E\u011fitim Bakan\u0131 Yusuf Tekin, 20 bin \u00f6\u011fretmen atamas\u0131 i\u00e7in tercih s\u00fcrecinin ba\u015flad\u0131\u011f\u0131n\u0131 duyurdu. Tekin, yapt\u0131\u011f\u0131 a\u00e7\u0131klamada \u015fu ifadelere yer verdi: &#8220;20 bin \u00f6\u011fretmen atamam\u0131z i\u00e7in tercih s\u00fcrecimiz ba\u015fl\u0131yor! Kesinle\u015fen puanlara g\u00f6re olu\u015fan s\u0131ralamalar, \u00f6\u011fretmen adaylar\u0131m\u0131z\u0131n tercih ekran\u0131nda yer alacakt\u0131r. Tercih ba\u015fvuru s\u00fcreci 20 Kas\u0131m saat 16:00&#8217;da sona erecektir. \u00d6\u011fretmen adaylar\u0131m\u0131za ve ailelerine hay\u0131rl\u0131 olmas\u0131n\u0131 [&hellip;]\" \/>\n<meta property=\"og:url\" content=\"https:\/\/avrupatv.eu\/index.php\/2024\/11\/14\/milli-egitim-bakani-yusuf-tekin-mujdeyi-verdi\/\" \/>\n<meta property=\"og:site_name\" content=\"Avrupal\u0131 T\u00fcrklerin en Yeni Haber Portal\u0131\" \/>\n<meta property=\"article:published_time\" content=\"2024-11-14T15:57:04+00:00\" \/>\n<meta property=\"og:image\" content=\"https:\/\/avrupatv.eu\/wp-content\/uploads\/2024\/11\/yusuf.jpg\" \/>\n\t<meta property=\"og:image:width\" content=\"1600\" \/>\n\t<meta property=\"og:image:height\" content=\"891\" \/>\n\t<meta property=\"og:image:type\" content=\"image\/jpeg\" \/>\n<meta name=\"author\" content=\"Onur Akpinar\" \/>\n<meta name=\"twitter:card\" content=\"summary_large_image\" \/>\n<meta name=\"twitter:label1\" content=\"Yazan:\" \/>\n\t<meta name=\"twitter:data1\" content=\"Onur Akpinar\" \/>\n\t<meta name=\"twitter:label2\" content=\"Tahmini okuma s\u00fcresi\" \/>\n\t<meta name=\"twitter:data2\" content=\"1 dakika\" \/>\n<script type=\"application\/ld+json\" class=\"yoast-schema-graph\">{\"@context\":\"https:\\\/\\\/schema.org\",\"@graph\":[{\"@type\":\"Article\",\"@id\":\"https:\\\/\\\/avrupatv.eu\\\/index.php\\\/2024\\\/11\\\/14\\\/milli-egitim-bakani-yusuf-tekin-mujdeyi-verdi\\\/#article\",\"isPartOf\":{\"@id\":\"https:\\\/\\\/avrupatv.eu\\\/index.php\\\/2024\\\/11\\\/14\\\/milli-egitim-bakani-yusuf-tekin-mujdeyi-verdi\\\/\"},\"author\":{\"name\":\"Onur Akpinar\",\"@id\":\"https:\\\/\\\/avrupatv.eu\\\/#\\\/schema\\\/person\\\/d56afa5d5569da4029d483da36c0c17d\"},\"headline\":\"Milli E\u011fitim Bakan\u0131 Yusuf Tekin m\u00fcjdeyi verdi\",\"datePublished\":\"2024-11-14T15:57:04+00:00\",\"mainEntityOfPage\":{\"@id\":\"https:\\\/\\\/avrupatv.eu\\\/index.php\\\/2024\\\/11\\\/14\\\/milli-egitim-bakani-yusuf-tekin-mujdeyi-verdi\\\/\"},\"wordCount\":124,\"commentCount\":0,\"publisher\":{\"@id\":\"https:\\\/\\\/avrupatv.eu\\\/#organization\"},\"image\":{\"@id\":\"https:\\\/\\\/avrupatv.eu\\\/index.php\\\/2024\\\/11\\\/14\\\/milli-egitim-bakani-yusuf-tekin-mujdeyi-verdi\\\/#primaryimage\"},\"thumbnailUrl\":\"https:\\\/\\\/avrupatv.eu\\\/wp-content\\\/uploads\\\/2024\\\/11\\\/yusuf.jpg\",\"articleSection\":[\"G\u00fcndem\",\"T\u00fcrkiye\"],\"inLanguage\":\"tr\",\"potentialAction\":[{\"@type\":\"CommentAction\",\"name\":\"Comment\",\"target\":[\"https:\\\/\\\/avrupatv.eu\\\/index.php\\\/2024\\\/11\\\/14\\\/milli-egitim-bakani-yusuf-tekin-mujdeyi-verdi\\\/#respond\"]}]},{\"@type\":\"WebPage\",\"@id\":\"https:\\\/\\\/avrupatv.eu\\\/index.php\\\/2024\\\/11\\\/14\\\/milli-egitim-bakani-yusuf-tekin-mujdeyi-verdi\\\/\",\"url\":\"https:\\\/\\\/avrupatv.eu\\\/index.php\\\/2024\\\/11\\\/14\\\/milli-egitim-bakani-yusuf-tekin-mujdeyi-verdi\\\/\",\"name\":\"Milli E\u011fitim Bakan\u0131 Yusuf Tekin m\u00fcjdeyi verdi - Avrupal\u0131 T\u00fcrklerin en Yeni Haber Portal\u0131\",\"isPartOf\":{\"@id\":\"https:\\\/\\\/avrupatv.eu\\\/#website\"},\"primaryImageOfPage\":{\"@id\":\"https:\\\/\\\/avrupatv.eu\\\/index.php\\\/2024\\\/11\\\/14\\\/milli-egitim-bakani-yusuf-tekin-mujdeyi-verdi\\\/#primaryimage\"},\"image\":{\"@id\":\"https:\\\/\\\/avrupatv.eu\\\/index.php\\\/2024\\\/11\\\/14\\\/milli-egitim-bakani-yusuf-tekin-mujdeyi-verdi\\\/#primaryimage\"},\"thumbnailUrl\":\"https:\\\/\\\/avrupatv.eu\\\/wp-content\\\/uploads\\\/2024\\\/11\\\/yusuf.jpg\",\"datePublished\":\"2024-11-14T15:57:04+00:00\",\"breadcrumb\":{\"@id\":\"https:\\\/\\\/avrupatv.eu\\\/index.php\\\/2024\\\/11\\\/14\\\/milli-egitim-bakani-yusuf-tekin-mujdeyi-verdi\\\/#breadcrumb\"},\"inLanguage\":\"tr\",\"potentialAction\":[{\"@type\":\"ReadAction\",\"target\":[\"https:\\\/\\\/avrupatv.eu\\\/index.php\\\/2024\\\/11\\\/14\\\/milli-egitim-bakani-yusuf-tekin-mujdeyi-verdi\\\/\"]}]},{\"@type\":\"ImageObject\",\"inLanguage\":\"tr\",\"@id\":\"https:\\\/\\\/avrupatv.eu\\\/index.php\\\/2024\\\/11\\\/14\\\/milli-egitim-bakani-yusuf-tekin-mujdeyi-verdi\\\/#primaryimage\",\"url\":\"https:\\\/\\\/avrupatv.eu\\\/wp-content\\\/uploads\\\/2024\\\/11\\\/yusuf.jpg\",\"contentUrl\":\"https:\\\/\\\/avrupatv.eu\\\/wp-content\\\/uploads\\\/2024\\\/11\\\/yusuf.jpg\",\"width\":1600,\"height\":891},{\"@type\":\"BreadcrumbList\",\"@id\":\"https:\\\/\\\/avrupatv.eu\\\/index.php\\\/2024\\\/11\\\/14\\\/milli-egitim-bakani-yusuf-tekin-mujdeyi-verdi\\\/#breadcrumb\",\"itemListElement\":[{\"@type\":\"ListItem\",\"position\":1,\"name\":\"Anasayfa\",\"item\":\"https:\\\/\\\/avrupatv.eu\\\/\"},{\"@type\":\"ListItem\",\"position\":2,\"name\":\"Milli E\u011fitim Bakan\u0131 Yusuf Tekin m\u00fcjdeyi verdi\"}]},{\"@type\":\"WebSite\",\"@id\":\"https:\\\/\\\/avrupatv.eu\\\/#website\",\"url\":\"https:\\\/\\\/avrupatv.eu\\\/\",\"name\":\"Avrupal\u0131 T\u00fcrklerin en Yeni Haber Portal\u0131\",\"description\":\"\",\"publisher\":{\"@id\":\"https:\\\/\\\/avrupatv.eu\\\/#organization\"},\"alternateName\":\"Avrupa tv\",\"potentialAction\":[{\"@type\":\"SearchAction\",\"target\":{\"@type\":\"EntryPoint\",\"urlTemplate\":\"https:\\\/\\\/avrupatv.eu\\\/?s={search_term_string}\"},\"query-input\":{\"@type\":\"PropertyValueSpecification\",\"valueRequired\":true,\"valueName\":\"search_term_string\"}}],\"inLanguage\":\"tr\"},{\"@type\":\"Organization\",\"@id\":\"https:\\\/\\\/avrupatv.eu\\\/#organization\",\"name\":\"Avrupa Haber\",\"url\":\"https:\\\/\\\/avrupatv.eu\\\/\",\"logo\":{\"@type\":\"ImageObject\",\"inLanguage\":\"tr\",\"@id\":\"https:\\\/\\\/avrupatv.eu\\\/#\\\/schema\\\/logo\\\/image\\\/\",\"url\":\"https:\\\/\\\/avrupatv.eu\\\/wp-content\\\/uploads\\\/2023\\\/10\\\/cropped-thumbnail_logo.png\",\"contentUrl\":\"https:\\\/\\\/avrupatv.eu\\\/wp-content\\\/uploads\\\/2023\\\/10\\\/cropped-thumbnail_logo.png\",\"width\":1025,\"height\":302,\"caption\":\"Avrupa Haber\"},\"image\":{\"@id\":\"https:\\\/\\\/avrupatv.eu\\\/#\\\/schema\\\/logo\\\/image\\\/\"}},{\"@type\":\"Person\",\"@id\":\"https:\\\/\\\/avrupatv.eu\\\/#\\\/schema\\\/person\\\/d56afa5d5569da4029d483da36c0c17d\",\"name\":\"Onur Akpinar\",\"image\":{\"@type\":\"ImageObject\",\"inLanguage\":\"tr\",\"@id\":\"https:\\\/\\\/secure.gravatar.com\\\/avatar\\\/67a1a0bdf34f82da209334e4684b7e7171a58a5a2b0a8f836b61044f5c1f5d6a?s=96&d=mm&r=g\",\"url\":\"https:\\\/\\\/secure.gravatar.com\\\/avatar\\\/67a1a0bdf34f82da209334e4684b7e7171a58a5a2b0a8f836b61044f5c1f5d6a?s=96&d=mm&r=g\",\"contentUrl\":\"https:\\\/\\\/secure.gravatar.com\\\/avatar\\\/67a1a0bdf34f82da209334e4684b7e7171a58a5a2b0a8f836b61044f5c1f5d6a?s=96&d=mm&r=g\",\"caption\":\"Onur Akpinar\"},\"url\":\"https:\\\/\\\/avrupatv.eu\\\/index.php\\\/author\\\/onur-akpinar\\\/\"}]}<\/script>\n<!-- \/ Yoast SEO plugin. -->","yoast_head_json":{"title":"Milli E\u011fitim Bakan\u0131 Yusuf Tekin m\u00fcjdeyi verdi - Avrupal\u0131 T\u00fcrklerin en Yeni Haber Portal\u0131","robots":{"index":"index","follow":"follow","max-snippet":"max-snippet:-1","max-image-preview":"max-image-preview:large","max-video-preview":"max-video-preview:-1"},"canonical":"https:\/\/avrupatv.eu\/index.php\/2024\/11\/14\/milli-egitim-bakani-yusuf-tekin-mujdeyi-verdi\/","og_locale":"tr_TR","og_type":"article","og_title":"Milli E\u011fitim Bakan\u0131 Yusuf Tekin m\u00fcjdeyi verdi - Avrupal\u0131 T\u00fcrklerin en Yeni Haber Portal\u0131","og_description":"Milli E\u011fitim Bakan\u0131 Yusuf Tekin, 20 bin \u00f6\u011fretmen atamas\u0131 i\u00e7in tercih s\u00fcrecinin ba\u015flad\u0131\u011f\u0131n\u0131 duyurdu. Tekin, yapt\u0131\u011f\u0131 a\u00e7\u0131klamada \u015fu ifadelere yer verdi: &#8220;20 bin \u00f6\u011fretmen atamam\u0131z i\u00e7in tercih s\u00fcrecimiz ba\u015fl\u0131yor! Kesinle\u015fen puanlara g\u00f6re olu\u015fan s\u0131ralamalar, \u00f6\u011fretmen adaylar\u0131m\u0131z\u0131n tercih ekran\u0131nda yer alacakt\u0131r. Tercih ba\u015fvuru s\u00fcreci 20 Kas\u0131m saat 16:00&#8217;da sona erecektir. \u00d6\u011fretmen adaylar\u0131m\u0131za ve ailelerine hay\u0131rl\u0131 olmas\u0131n\u0131 [&hellip;]","og_url":"https:\/\/avrupatv.eu\/index.php\/2024\/11\/14\/milli-egitim-bakani-yusuf-tekin-mujdeyi-verdi\/","og_site_name":"Avrupal\u0131 T\u00fcrklerin en Yeni Haber Portal\u0131","article_published_time":"2024-11-14T15:57:04+00:00","og_image":[{"width":1600,"height":891,"url":"https:\/\/avrupatv.eu\/wp-content\/uploads\/2024\/11\/yusuf.jpg","type":"image\/jpeg"}],"author":"Onur Akpinar","twitter_card":"summary_large_image","twitter_misc":{"Yazan:":"Onur Akpinar","Tahmini okuma s\u00fcresi":"1 dakika"},"schema":{"@context":"https:\/\/schema.org","@graph":[{"@type":"Article","@id":"https:\/\/avrupatv.eu\/index.php\/2024\/11\/14\/milli-egitim-bakani-yusuf-tekin-mujdeyi-verdi\/#article","isPartOf":{"@id":"https:\/\/avrupatv.eu\/index.php\/2024\/11\/14\/milli-egitim-bakani-yusuf-tekin-mujdeyi-verdi\/"},"author":{"name":"Onur Akpinar","@id":"https:\/\/avrupatv.eu\/#\/schema\/person\/d56afa5d5569da4029d483da36c0c17d"},"headline":"Milli E\u011fitim Bakan\u0131 Yusuf Tekin m\u00fcjdeyi verdi","datePublished":"2024-11-14T15:57:04+00:00","mainEntityOfPage":{"@id":"https:\/\/avrupatv.eu\/index.php\/2024\/11\/14\/milli-egitim-bakani-yusuf-tekin-mujdeyi-verdi\/"},"wordCount":124,"commentCount":0,"publisher":{"@id":"https:\/\/avrupatv.eu\/#organization"},"image":{"@id":"https:\/\/avrupatv.eu\/index.php\/2024\/11\/14\/milli-egitim-bakani-yusuf-tekin-mujdeyi-verdi\/#primaryimage"},"thumbnailUrl":"https:\/\/avrupatv.eu\/wp-content\/uploads\/2024\/11\/yusuf.jpg","articleSection":["G\u00fcndem","T\u00fcrkiye"],"inLanguage":"tr","potentialAction":[{"@type":"CommentAction","name":"Comment","target":["https:\/\/avrupatv.eu\/index.php\/2024\/11\/14\/milli-egitim-bakani-yusuf-tekin-mujdeyi-verdi\/#respond"]}]},{"@type":"WebPage","@id":"https:\/\/avrupatv.eu\/index.php\/2024\/11\/14\/milli-egitim-bakani-yusuf-tekin-mujdeyi-verdi\/","url":"https:\/\/avrupatv.eu\/index.php\/2024\/11\/14\/milli-egitim-bakani-yusuf-tekin-mujdeyi-verdi\/","name":"Milli E\u011fitim Bakan\u0131 Yusuf Tekin m\u00fcjdeyi verdi - Avrupal\u0131 T\u00fcrklerin en Yeni Haber Portal\u0131","isPartOf":{"@id":"https:\/\/avrupatv.eu\/#website"},"primaryImageOfPage":{"@id":"https:\/\/avrupatv.eu\/index.php\/2024\/11\/14\/milli-egitim-bakani-yusuf-tekin-mujdeyi-verdi\/#primaryimage"},"image":{"@id":"https:\/\/avrupatv.eu\/index.php\/2024\/11\/14\/milli-egitim-bakani-yusuf-tekin-mujdeyi-verdi\/#primaryimage"},"thumbnailUrl":"https:\/\/avrupatv.eu\/wp-content\/uploads\/2024\/11\/yusuf.jpg","datePublished":"2024-11-14T15:57:04+00:00","breadcrumb":{"@id":"https:\/\/avrupatv.eu\/index.php\/2024\/11\/14\/milli-egitim-bakani-yusuf-tekin-mujdeyi-verdi\/#breadcrumb"},"inLanguage":"tr","potentialAction":[{"@type":"ReadAction","target":["https:\/\/avrupatv.eu\/index.php\/2024\/11\/14\/milli-egitim-bakani-yusuf-tekin-mujdeyi-verdi\/"]}]},{"@type":"ImageObject","inLanguage":"tr","@id":"https:\/\/avrupatv.eu\/index.php\/2024\/11\/14\/milli-egitim-bakani-yusuf-tekin-mujdeyi-verdi\/#primaryimage","url":"https:\/\/avrupatv.eu\/wp-content\/uploads\/2024\/11\/yusuf.jpg","contentUrl":"https:\/\/avrupatv.eu\/wp-content\/uploads\/2024\/11\/yusuf.jpg","width":1600,"height":891},{"@type":"BreadcrumbList","@id":"https:\/\/avrupatv.eu\/index.php\/2024\/11\/14\/milli-egitim-bakani-yusuf-tekin-mujdeyi-verdi\/#breadcrumb","itemListElement":[{"@type":"ListItem","position":1,"name":"Anasayfa","item":"https:\/\/avrupatv.eu\/"},{"@type":"ListItem","position":2,"name":"Milli E\u011fitim Bakan\u0131 Yusuf Tekin m\u00fcjdeyi verdi"}]},{"@type":"WebSite","@id":"https:\/\/avrupatv.eu\/#website","url":"https:\/\/avrupatv.eu\/","name":"Avrupal\u0131 T\u00fcrklerin en Yeni Haber Portal\u0131","description":"","publisher":{"@id":"https:\/\/avrupatv.eu\/#organization"},"alternateName":"Avrupa tv","potentialAction":[{"@type":"SearchAction","target":{"@type":"EntryPoint","urlTemplate":"https:\/\/avrupatv.eu\/?s={search_term_string}"},"query-input":{"@type":"PropertyValueSpecification","valueRequired":true,"valueName":"search_term_string"}}],"inLanguage":"tr"},{"@type":"Organization","@id":"https:\/\/avrupatv.eu\/#organization","name":"Avrupa Haber","url":"https:\/\/avrupatv.eu\/","logo":{"@type":"ImageObject","inLanguage":"tr","@id":"https:\/\/avrupatv.eu\/#\/schema\/logo\/image\/","url":"https:\/\/avrupatv.eu\/wp-content\/uploads\/2023\/10\/cropped-thumbnail_logo.png","contentUrl":"https:\/\/avrupatv.eu\/wp-content\/uploads\/2023\/10\/cropped-thumbnail_logo.png","width":1025,"height":302,"caption":"Avrupa Haber"},"image":{"@id":"https:\/\/avrupatv.eu\/#\/schema\/logo\/image\/"}},{"@type":"Person","@id":"https:\/\/avrupatv.eu\/#\/schema\/person\/d56afa5d5569da4029d483da36c0c17d","name":"Onur Akpinar","image":{"@type":"ImageObject","inLanguage":"tr","@id":"https:\/\/secure.gravatar.com\/avatar\/67a1a0bdf34f82da209334e4684b7e7171a58a5a2b0a8f836b61044f5c1f5d6a?s=96&d=mm&r=g","url":"https:\/\/secure.gravatar.com\/avatar\/67a1a0bdf34f82da209334e4684b7e7171a58a5a2b0a8f836b61044f5c1f5d6a?s=96&d=mm&r=g","contentUrl":"https:\/\/secure.gravatar.com\/avatar\/67a1a0bdf34f82da209334e4684b7e7171a58a5a2b0a8f836b61044f5c1f5d6a?s=96&d=mm&r=g","caption":"Onur Akpinar"},"url":"https:\/\/avrupatv.eu\/index.php\/author\/onur-akpinar\/"}]}},"_links":{"self":[{"href":"https:\/\/avrupatv.eu\/index.php\/wp-json\/wp\/v2\/posts\/645","targetHints":{"allow":["GET"]}}],"collection":[{"href":"https:\/\/avrupatv.eu\/index.php\/wp-json\/wp\/v2\/posts"}],"about":[{"href":"https:\/\/avrupatv.eu\/index.php\/wp-json\/wp\/v2\/types\/post"}],"author":[{"embeddable":true,"href":"https:\/\/avrupatv.eu\/index.php\/wp-json\/wp\/v2\/users\/2"}],"replies":[{"embeddable":true,"href":"https:\/\/avrupatv.eu\/index.php\/wp-json\/wp\/v2\/comments?post=645"}],"version-history":[{"count":1,"href":"https:\/\/avrupatv.eu\/index.php\/wp-json\/wp\/v2\/posts\/645\/revisions"}],"predecessor-version":[{"id":647,"href":"https:\/\/avrupatv.eu\/index.php\/wp-json\/wp\/v2\/posts\/645\/revisions\/647"}],"wp:featuredmedia":[{"embeddable":true,"href":"https:\/\/avrupatv.eu\/index.php\/wp-json\/wp\/v2\/media\/646"}],"wp:attachment":[{"href":"https:\/\/avrupatv.eu\/index.php\/wp-json\/wp\/v2\/media?parent=645"}],"wp:term":[{"taxonomy":"category","embeddable":true,"href":"https:\/\/avrupatv.eu\/index.php\/wp-json\/wp\/v2\/categories?post=645"},{"taxonomy":"post_tag","embeddable":true,"href":"https:\/\/avrupatv.eu\/index.php\/wp-json\/wp\/v2\/tags?post=645"}],"curies":[{"name":"wp","href":"https:\/\/api.w.org\/{rel}","templated":true}]}}