{"id":642,"date":"2024-11-13T14:51:32","date_gmt":"2024-11-13T14:51:32","guid":{"rendered":"https:\/\/avrupatv.eu\/?p=642"},"modified":"2024-11-13T14:51:32","modified_gmt":"2024-11-13T14:51:32","slug":"nasuh-mahruki-kimdir","status":"publish","type":"post","link":"https:\/\/avrupatv.eu\/index.php\/2024\/11\/13\/nasuh-mahruki-kimdir\/","title":{"rendered":"Nasuh Mahruki kimdir?"},"content":{"rendered":"\n<p>Nasuh Mahruki, 21 May\u0131s 1968 tarihinde \u0130stanbul\u2019da d\u00fcnyaya gelmi\u015ftir. E\u011fitim hayat\u0131na \u015ei\u015fli Terakki Lisesi\u2019nde ba\u015flayan Mahruki, ard\u0131ndan Bilkent \u00dcniversitesi \u0130\u015fletme Fak\u00fcltesi&#8217;nden 1992 y\u0131l\u0131nda mezun olmu\u015ftur. Ancak onu as\u0131l tan\u0131nan ve ba\u015far\u0131l\u0131 k\u0131lan y\u00f6n\u00fc, da\u011fc\u0131l\u0131kla tan\u0131\u015fmas\u0131 ve bu alandaki pek \u00e7ok b\u00fcy\u00fck ba\u015far\u0131ya imza atmas\u0131d\u0131r. 1988 y\u0131l\u0131nda Bilkent \u00dcniversitesi Do\u011fa Sporlar\u0131 Toplulu\u011fu\u2019na kat\u0131larak da\u011fc\u0131l\u0131kla tan\u0131\u015fm\u0131\u015f, \u00fc\u00e7 y\u0131l boyunca toplulu\u011fun ba\u015fkanl\u0131k g\u00f6revini \u00fcstlenmi\u015ftir. Mahruki, da\u011fc\u0131l\u0131\u011f\u0131n yan\u0131 s\u0131ra ma\u011farac\u0131l\u0131k, aletli dal\u0131\u015f, yama\u00e7 para\u015f\u00fct\u00fc, motor sporlar\u0131, bisiklet ve yelken gibi bir\u00e7ok ekstrem sporla ilgilenmi\u015ftir.<\/p>\n\n\n\n<p>1992 ile 1994 y\u0131llar\u0131 aras\u0131nda Sovyetler Birli\u011fi&#8217;nin eski s\u0131n\u0131rlar\u0131nda yer alan 7000 metreden y\u00fcksek be\u015f da\u011fa t\u0131rmanarak \u201cKar Leopar\u0131\u201d unvan\u0131n\u0131 kazanm\u0131\u015f ve ad\u0131n\u0131 duyurmu\u015ftur. 1995 y\u0131l\u0131nda ise Everest Da\u011f\u0131&#8217;na t\u0131rmanan ilk T\u00fcrk ve d\u00fcnyadaki ilk M\u00fcsl\u00fcman da\u011fc\u0131 olarak b\u00fcy\u00fck bir uluslararas\u0131 ba\u015far\u0131ya imza atm\u0131\u015ft\u0131r. 1996 y\u0131l\u0131nda, yedi k\u0131tan\u0131n en y\u00fcksek da\u011f\u0131na t\u0131rmanarak Yedi Zirveler Projesi&#8217;ni tamamlayan en gen\u00e7 sporcu olmu\u015ftur. Cho Oyu, Lhotse ve K2 da\u011flar\u0131na oksijen desteksiz t\u0131rmanarak da\u011fc\u0131l\u0131k d\u00fcnyas\u0131nda kendine \u00f6nemli bir yer edinmi\u015ftir.<\/p>\n\n\n\n<p>Nasuh Mahruki, da\u011fc\u0131l\u0131kla kazand\u0131\u011f\u0131 liderlik deneyimlerini, ki\u015fisel geli\u015fim, hedef odakl\u0131l\u0131k, disiplin, kararl\u0131l\u0131k gibi konularda seminerlere ve motivasyon konu\u015fmalar\u0131na d\u00f6n\u00fc\u015ft\u00fcrm\u00fc\u015ft\u00fcr. Bah\u00e7e\u015fehir \u00dcniversitesi&#8217;nde &#8220;Tak\u0131m \u00c7al\u0131\u015fmas\u0131 ve Liderlik&#8221; dersi vererek, gen\u00e7 nesillere bu de\u011ferleri a\u015f\u0131lamaktad\u0131r. Ayr\u0131ca, pek \u00e7ok gazete ve dergide k\u00f6\u015fe yazarl\u0131\u011f\u0131 yapm\u0131\u015f ve televizyon kanallar\u0131nda belgesel programlar\u0131 haz\u0131rlam\u0131\u015ft\u0131r.<\/p>\n\n\n\n<p>Da\u011fc\u0131l\u0131k d\u0131\u015f\u0131nda toplumsal sorumluluk projelerinde de aktif rol alm\u0131\u015ft\u0131r. 1996 y\u0131l\u0131nda AKUT&#8217;un (Arama Kurtarma Derne\u011fi) kurucu \u00fcyesi olmu\u015f, uzun y\u0131llar AKUT Y\u00f6netim Kurulu Ba\u015fkanl\u0131\u011f\u0131 yapm\u0131\u015ft\u0131r. Ancak 28 Kas\u0131m 2016&#8217;da hem AKUT Y\u00f6netim Kurulu Ba\u015fkanl\u0131\u011f\u0131\u2019ndan hem de \u00fcyeli\u011finden istifa etmi\u015ftir. 2019 y\u0131l\u0131nda ise AKUT Onursal Ba\u015fkanl\u0131k g\u00f6revinden de ayr\u0131ld\u0131\u011f\u0131n\u0131 duyurmu\u015ftur.<\/p>\n\n\n\n<p>Ki\u015fisel hayat\u0131na da de\u011finmek gerekirse, Himalayalar&#8217;da ger\u00e7ekle\u015ftirdi\u011fi motosiklet yolculu\u011fu s\u0131ras\u0131nda Mine Mahruki ile tan\u0131\u015fm\u0131\u015f ve geleneksel bir d\u00fc\u011f\u00fcn t\u00f6reniyle evlenmi\u015ftir. \u00c7iftin Barlas ve Bilge ad\u0131nda iki \u00e7ocuklar\u0131 bulunmaktad\u0131r.<\/p>\n\n\n\n<p>Nasuh Mahruki, yaln\u0131zca da\u011fc\u0131l\u0131k ve ekstrem sporlar alan\u0131ndaki ba\u015far\u0131lar\u0131yla de\u011fil, ayn\u0131 zamanda liderlik, ki\u015fisel geli\u015fim ve toplumsal sorumluluk konular\u0131ndaki katk\u0131lar\u0131yla da \u00f6nemli bir isim olmu\u015ftur. Hem spor d\u00fcnyas\u0131nda hem de sosyal sorumluluk projelerinde g\u00f6sterdi\u011fi liderlik ve ba\u015far\u0131lar\u0131yla tan\u0131nmaktad\u0131r.<\/p>\n","protected":false},"excerpt":{"rendered":"<p>Nasuh Mahruki, 21 May\u0131s 1968 tarihinde \u0130stanbul\u2019da d\u00fcnyaya gelmi\u015ftir. E\u011fitim hayat\u0131na \u015ei\u015fli Terakki Lisesi\u2019nde ba\u015flayan Mahruki, ard\u0131ndan Bilkent \u00dcniversitesi \u0130\u015fletme Fak\u00fcltesi&#8217;nden 1992 y\u0131l\u0131nda mezun olmu\u015ftur. Ancak onu as\u0131l tan\u0131nan ve ba\u015far\u0131l\u0131 k\u0131lan y\u00f6n\u00fc, da\u011fc\u0131l\u0131kla tan\u0131\u015fmas\u0131 ve bu alandaki pek \u00e7ok b\u00fcy\u00fck ba\u015far\u0131ya imza atmas\u0131d\u0131r. 1988 y\u0131l\u0131nda Bilkent \u00dcniversitesi Do\u011fa Sporlar\u0131 Toplulu\u011fu\u2019na kat\u0131larak da\u011fc\u0131l\u0131kla tan\u0131\u015fm\u0131\u015f, \u00fc\u00e7 [&hellip;]<\/p>\n","protected":false},"author":2,"featured_media":637,"comment_status":"open","ping_status":"open","sticky":false,"template":"","format":"standard","meta":{"footnotes":""},"categories":[6],"tags":[82,81],"class_list":["post-642","post","type-post","status-publish","format-standard","has-post-thumbnail","hentry","category-dunya","tag-kimdir","tag-nasuh-mahruki"],"yoast_head":"<!-- This site is optimized with the Yoast SEO plugin v27.4 - https:\/\/yoast.com\/product\/yoast-seo-wordpress\/ -->\n<title>Nasuh Mahruki kimdir? - Avrupal\u0131 T\u00fcrklerin en Yeni Haber Portal\u0131<\/title>\n<meta name=\"robots\" content=\"index, follow, max-snippet:-1, max-image-preview:large, max-video-preview:-1\" \/>\n<link rel=\"canonical\" href=\"https:\/\/avrupatv.eu\/index.php\/2024\/11\/13\/nasuh-mahruki-kimdir\/\" \/>\n<meta property=\"og:locale\" content=\"tr_TR\" \/>\n<meta property=\"og:type\" content=\"article\" \/>\n<meta property=\"og:title\" content=\"Nasuh Mahruki kimdir? - Avrupal\u0131 T\u00fcrklerin en Yeni Haber Portal\u0131\" \/>\n<meta property=\"og:description\" content=\"Nasuh Mahruki, 21 May\u0131s 1968 tarihinde \u0130stanbul\u2019da d\u00fcnyaya gelmi\u015ftir. E\u011fitim hayat\u0131na \u015ei\u015fli Terakki Lisesi\u2019nde ba\u015flayan Mahruki, ard\u0131ndan Bilkent \u00dcniversitesi \u0130\u015fletme Fak\u00fcltesi&#8217;nden 1992 y\u0131l\u0131nda mezun olmu\u015ftur. Ancak onu as\u0131l tan\u0131nan ve ba\u015far\u0131l\u0131 k\u0131lan y\u00f6n\u00fc, da\u011fc\u0131l\u0131kla tan\u0131\u015fmas\u0131 ve bu alandaki pek \u00e7ok b\u00fcy\u00fck ba\u015far\u0131ya imza atmas\u0131d\u0131r. 1988 y\u0131l\u0131nda Bilkent \u00dcniversitesi Do\u011fa Sporlar\u0131 Toplulu\u011fu\u2019na kat\u0131larak da\u011fc\u0131l\u0131kla tan\u0131\u015fm\u0131\u015f, \u00fc\u00e7 [&hellip;]\" \/>\n<meta property=\"og:url\" content=\"https:\/\/avrupatv.eu\/index.php\/2024\/11\/13\/nasuh-mahruki-kimdir\/\" \/>\n<meta property=\"og:site_name\" content=\"Avrupal\u0131 T\u00fcrklerin en Yeni Haber Portal\u0131\" \/>\n<meta property=\"article:published_time\" content=\"2024-11-13T14:51:32+00:00\" \/>\n<meta property=\"og:image\" content=\"https:\/\/avrupatv.eu\/wp-content\/uploads\/2024\/11\/241-nasuh-mahruki-kimdir-nereli-kokeni-ne-kac-yasinda-ne-zaman-evereste-cikti-esi-kim.webp\" \/>\n\t<meta property=\"og:image:width\" content=\"1280\" \/>\n\t<meta property=\"og:image:height\" content=\"720\" \/>\n\t<meta property=\"og:image:type\" content=\"image\/webp\" \/>\n<meta name=\"author\" content=\"Onur Akpinar\" \/>\n<meta name=\"twitter:card\" content=\"summary_large_image\" \/>\n<meta name=\"twitter:label1\" content=\"Yazan:\" \/>\n\t<meta name=\"twitter:data1\" content=\"Onur Akpinar\" \/>\n\t<meta name=\"twitter:label2\" content=\"Tahmini okuma s\u00fcresi\" \/>\n\t<meta name=\"twitter:data2\" content=\"3 dakika\" \/>\n<script type=\"application\/ld+json\" class=\"yoast-schema-graph\">{\"@context\":\"https:\\\/\\\/schema.org\",\"@graph\":[{\"@type\":\"Article\",\"@id\":\"https:\\\/\\\/avrupatv.eu\\\/index.php\\\/2024\\\/11\\\/13\\\/nasuh-mahruki-kimdir\\\/#article\",\"isPartOf\":{\"@id\":\"https:\\\/\\\/avrupatv.eu\\\/index.php\\\/2024\\\/11\\\/13\\\/nasuh-mahruki-kimdir\\\/\"},\"author\":{\"name\":\"Onur Akpinar\",\"@id\":\"https:\\\/\\\/avrupatv.eu\\\/#\\\/schema\\\/person\\\/d56afa5d5569da4029d483da36c0c17d\"},\"headline\":\"Nasuh Mahruki kimdir?\",\"datePublished\":\"2024-11-13T14:51:32+00:00\",\"mainEntityOfPage\":{\"@id\":\"https:\\\/\\\/avrupatv.eu\\\/index.php\\\/2024\\\/11\\\/13\\\/nasuh-mahruki-kimdir\\\/\"},\"wordCount\":510,\"commentCount\":0,\"publisher\":{\"@id\":\"https:\\\/\\\/avrupatv.eu\\\/#organization\"},\"image\":{\"@id\":\"https:\\\/\\\/avrupatv.eu\\\/index.php\\\/2024\\\/11\\\/13\\\/nasuh-mahruki-kimdir\\\/#primaryimage\"},\"thumbnailUrl\":\"https:\\\/\\\/avrupatv.eu\\\/wp-content\\\/uploads\\\/2024\\\/11\\\/241-nasuh-mahruki-kimdir-nereli-kokeni-ne-kac-yasinda-ne-zaman-evereste-cikti-esi-kim.webp\",\"keywords\":[\"kimdir\",\"nasuh mahruki\"],\"articleSection\":[\"D\u00fcnya\"],\"inLanguage\":\"tr\",\"potentialAction\":[{\"@type\":\"CommentAction\",\"name\":\"Comment\",\"target\":[\"https:\\\/\\\/avrupatv.eu\\\/index.php\\\/2024\\\/11\\\/13\\\/nasuh-mahruki-kimdir\\\/#respond\"]}]},{\"@type\":\"WebPage\",\"@id\":\"https:\\\/\\\/avrupatv.eu\\\/index.php\\\/2024\\\/11\\\/13\\\/nasuh-mahruki-kimdir\\\/\",\"url\":\"https:\\\/\\\/avrupatv.eu\\\/index.php\\\/2024\\\/11\\\/13\\\/nasuh-mahruki-kimdir\\\/\",\"name\":\"Nasuh Mahruki kimdir? - Avrupal\u0131 T\u00fcrklerin en Yeni Haber Portal\u0131\",\"isPartOf\":{\"@id\":\"https:\\\/\\\/avrupatv.eu\\\/#website\"},\"primaryImageOfPage\":{\"@id\":\"https:\\\/\\\/avrupatv.eu\\\/index.php\\\/2024\\\/11\\\/13\\\/nasuh-mahruki-kimdir\\\/#primaryimage\"},\"image\":{\"@id\":\"https:\\\/\\\/avrupatv.eu\\\/index.php\\\/2024\\\/11\\\/13\\\/nasuh-mahruki-kimdir\\\/#primaryimage\"},\"thumbnailUrl\":\"https:\\\/\\\/avrupatv.eu\\\/wp-content\\\/uploads\\\/2024\\\/11\\\/241-nasuh-mahruki-kimdir-nereli-kokeni-ne-kac-yasinda-ne-zaman-evereste-cikti-esi-kim.webp\",\"datePublished\":\"2024-11-13T14:51:32+00:00\",\"breadcrumb\":{\"@id\":\"https:\\\/\\\/avrupatv.eu\\\/index.php\\\/2024\\\/11\\\/13\\\/nasuh-mahruki-kimdir\\\/#breadcrumb\"},\"inLanguage\":\"tr\",\"potentialAction\":[{\"@type\":\"ReadAction\",\"target\":[\"https:\\\/\\\/avrupatv.eu\\\/index.php\\\/2024\\\/11\\\/13\\\/nasuh-mahruki-kimdir\\\/\"]}]},{\"@type\":\"ImageObject\",\"inLanguage\":\"tr\",\"@id\":\"https:\\\/\\\/avrupatv.eu\\\/index.php\\\/2024\\\/11\\\/13\\\/nasuh-mahruki-kimdir\\\/#primaryimage\",\"url\":\"https:\\\/\\\/avrupatv.eu\\\/wp-content\\\/uploads\\\/2024\\\/11\\\/241-nasuh-mahruki-kimdir-nereli-kokeni-ne-kac-yasinda-ne-zaman-evereste-cikti-esi-kim.webp\",\"contentUrl\":\"https:\\\/\\\/avrupatv.eu\\\/wp-content\\\/uploads\\\/2024\\\/11\\\/241-nasuh-mahruki-kimdir-nereli-kokeni-ne-kac-yasinda-ne-zaman-evereste-cikti-esi-kim.webp\",\"width\":1280,\"height\":720},{\"@type\":\"BreadcrumbList\",\"@id\":\"https:\\\/\\\/avrupatv.eu\\\/index.php\\\/2024\\\/11\\\/13\\\/nasuh-mahruki-kimdir\\\/#breadcrumb\",\"itemListElement\":[{\"@type\":\"ListItem\",\"position\":1,\"name\":\"Anasayfa\",\"item\":\"https:\\\/\\\/avrupatv.eu\\\/\"},{\"@type\":\"ListItem\",\"position\":2,\"name\":\"Nasuh Mahruki kimdir?\"}]},{\"@type\":\"WebSite\",\"@id\":\"https:\\\/\\\/avrupatv.eu\\\/#website\",\"url\":\"https:\\\/\\\/avrupatv.eu\\\/\",\"name\":\"Avrupal\u0131 T\u00fcrklerin en Yeni Haber Portal\u0131\",\"description\":\"\",\"publisher\":{\"@id\":\"https:\\\/\\\/avrupatv.eu\\\/#organization\"},\"alternateName\":\"Avrupa tv\",\"potentialAction\":[{\"@type\":\"SearchAction\",\"target\":{\"@type\":\"EntryPoint\",\"urlTemplate\":\"https:\\\/\\\/avrupatv.eu\\\/?s={search_term_string}\"},\"query-input\":{\"@type\":\"PropertyValueSpecification\",\"valueRequired\":true,\"valueName\":\"search_term_string\"}}],\"inLanguage\":\"tr\"},{\"@type\":\"Organization\",\"@id\":\"https:\\\/\\\/avrupatv.eu\\\/#organization\",\"name\":\"Avrupa Haber\",\"url\":\"https:\\\/\\\/avrupatv.eu\\\/\",\"logo\":{\"@type\":\"ImageObject\",\"inLanguage\":\"tr\",\"@id\":\"https:\\\/\\\/avrupatv.eu\\\/#\\\/schema\\\/logo\\\/image\\\/\",\"url\":\"https:\\\/\\\/avrupatv.eu\\\/wp-content\\\/uploads\\\/2023\\\/10\\\/cropped-thumbnail_logo.png\",\"contentUrl\":\"https:\\\/\\\/avrupatv.eu\\\/wp-content\\\/uploads\\\/2023\\\/10\\\/cropped-thumbnail_logo.png\",\"width\":1025,\"height\":302,\"caption\":\"Avrupa Haber\"},\"image\":{\"@id\":\"https:\\\/\\\/avrupatv.eu\\\/#\\\/schema\\\/logo\\\/image\\\/\"}},{\"@type\":\"Person\",\"@id\":\"https:\\\/\\\/avrupatv.eu\\\/#\\\/schema\\\/person\\\/d56afa5d5569da4029d483da36c0c17d\",\"name\":\"Onur Akpinar\",\"image\":{\"@type\":\"ImageObject\",\"inLanguage\":\"tr\",\"@id\":\"https:\\\/\\\/secure.gravatar.com\\\/avatar\\\/67a1a0bdf34f82da209334e4684b7e7171a58a5a2b0a8f836b61044f5c1f5d6a?s=96&d=mm&r=g\",\"url\":\"https:\\\/\\\/secure.gravatar.com\\\/avatar\\\/67a1a0bdf34f82da209334e4684b7e7171a58a5a2b0a8f836b61044f5c1f5d6a?s=96&d=mm&r=g\",\"contentUrl\":\"https:\\\/\\\/secure.gravatar.com\\\/avatar\\\/67a1a0bdf34f82da209334e4684b7e7171a58a5a2b0a8f836b61044f5c1f5d6a?s=96&d=mm&r=g\",\"caption\":\"Onur Akpinar\"},\"url\":\"https:\\\/\\\/avrupatv.eu\\\/index.php\\\/author\\\/onur-akpinar\\\/\"}]}<\/script>\n<!-- \/ Yoast SEO plugin. -->","yoast_head_json":{"title":"Nasuh Mahruki kimdir? - Avrupal\u0131 T\u00fcrklerin en Yeni Haber Portal\u0131","robots":{"index":"index","follow":"follow","max-snippet":"max-snippet:-1","max-image-preview":"max-image-preview:large","max-video-preview":"max-video-preview:-1"},"canonical":"https:\/\/avrupatv.eu\/index.php\/2024\/11\/13\/nasuh-mahruki-kimdir\/","og_locale":"tr_TR","og_type":"article","og_title":"Nasuh Mahruki kimdir? - Avrupal\u0131 T\u00fcrklerin en Yeni Haber Portal\u0131","og_description":"Nasuh Mahruki, 21 May\u0131s 1968 tarihinde \u0130stanbul\u2019da d\u00fcnyaya gelmi\u015ftir. E\u011fitim hayat\u0131na \u015ei\u015fli Terakki Lisesi\u2019nde ba\u015flayan Mahruki, ard\u0131ndan Bilkent \u00dcniversitesi \u0130\u015fletme Fak\u00fcltesi&#8217;nden 1992 y\u0131l\u0131nda mezun olmu\u015ftur. Ancak onu as\u0131l tan\u0131nan ve ba\u015far\u0131l\u0131 k\u0131lan y\u00f6n\u00fc, da\u011fc\u0131l\u0131kla tan\u0131\u015fmas\u0131 ve bu alandaki pek \u00e7ok b\u00fcy\u00fck ba\u015far\u0131ya imza atmas\u0131d\u0131r. 1988 y\u0131l\u0131nda Bilkent \u00dcniversitesi Do\u011fa Sporlar\u0131 Toplulu\u011fu\u2019na kat\u0131larak da\u011fc\u0131l\u0131kla tan\u0131\u015fm\u0131\u015f, \u00fc\u00e7 [&hellip;]","og_url":"https:\/\/avrupatv.eu\/index.php\/2024\/11\/13\/nasuh-mahruki-kimdir\/","og_site_name":"Avrupal\u0131 T\u00fcrklerin en Yeni Haber Portal\u0131","article_published_time":"2024-11-13T14:51:32+00:00","og_image":[{"width":1280,"height":720,"url":"https:\/\/avrupatv.eu\/wp-content\/uploads\/2024\/11\/241-nasuh-mahruki-kimdir-nereli-kokeni-ne-kac-yasinda-ne-zaman-evereste-cikti-esi-kim.webp","type":"image\/webp"}],"author":"Onur Akpinar","twitter_card":"summary_large_image","twitter_misc":{"Yazan:":"Onur Akpinar","Tahmini okuma s\u00fcresi":"3 dakika"},"schema":{"@context":"https:\/\/schema.org","@graph":[{"@type":"Article","@id":"https:\/\/avrupatv.eu\/index.php\/2024\/11\/13\/nasuh-mahruki-kimdir\/#article","isPartOf":{"@id":"https:\/\/avrupatv.eu\/index.php\/2024\/11\/13\/nasuh-mahruki-kimdir\/"},"author":{"name":"Onur Akpinar","@id":"https:\/\/avrupatv.eu\/#\/schema\/person\/d56afa5d5569da4029d483da36c0c17d"},"headline":"Nasuh Mahruki kimdir?","datePublished":"2024-11-13T14:51:32+00:00","mainEntityOfPage":{"@id":"https:\/\/avrupatv.eu\/index.php\/2024\/11\/13\/nasuh-mahruki-kimdir\/"},"wordCount":510,"commentCount":0,"publisher":{"@id":"https:\/\/avrupatv.eu\/#organization"},"image":{"@id":"https:\/\/avrupatv.eu\/index.php\/2024\/11\/13\/nasuh-mahruki-kimdir\/#primaryimage"},"thumbnailUrl":"https:\/\/avrupatv.eu\/wp-content\/uploads\/2024\/11\/241-nasuh-mahruki-kimdir-nereli-kokeni-ne-kac-yasinda-ne-zaman-evereste-cikti-esi-kim.webp","keywords":["kimdir","nasuh mahruki"],"articleSection":["D\u00fcnya"],"inLanguage":"tr","potentialAction":[{"@type":"CommentAction","name":"Comment","target":["https:\/\/avrupatv.eu\/index.php\/2024\/11\/13\/nasuh-mahruki-kimdir\/#respond"]}]},{"@type":"WebPage","@id":"https:\/\/avrupatv.eu\/index.php\/2024\/11\/13\/nasuh-mahruki-kimdir\/","url":"https:\/\/avrupatv.eu\/index.php\/2024\/11\/13\/nasuh-mahruki-kimdir\/","name":"Nasuh Mahruki kimdir? - Avrupal\u0131 T\u00fcrklerin en Yeni Haber Portal\u0131","isPartOf":{"@id":"https:\/\/avrupatv.eu\/#website"},"primaryImageOfPage":{"@id":"https:\/\/avrupatv.eu\/index.php\/2024\/11\/13\/nasuh-mahruki-kimdir\/#primaryimage"},"image":{"@id":"https:\/\/avrupatv.eu\/index.php\/2024\/11\/13\/nasuh-mahruki-kimdir\/#primaryimage"},"thumbnailUrl":"https:\/\/avrupatv.eu\/wp-content\/uploads\/2024\/11\/241-nasuh-mahruki-kimdir-nereli-kokeni-ne-kac-yasinda-ne-zaman-evereste-cikti-esi-kim.webp","datePublished":"2024-11-13T14:51:32+00:00","breadcrumb":{"@id":"https:\/\/avrupatv.eu\/index.php\/2024\/11\/13\/nasuh-mahruki-kimdir\/#breadcrumb"},"inLanguage":"tr","potentialAction":[{"@type":"ReadAction","target":["https:\/\/avrupatv.eu\/index.php\/2024\/11\/13\/nasuh-mahruki-kimdir\/"]}]},{"@type":"ImageObject","inLanguage":"tr","@id":"https:\/\/avrupatv.eu\/index.php\/2024\/11\/13\/nasuh-mahruki-kimdir\/#primaryimage","url":"https:\/\/avrupatv.eu\/wp-content\/uploads\/2024\/11\/241-nasuh-mahruki-kimdir-nereli-kokeni-ne-kac-yasinda-ne-zaman-evereste-cikti-esi-kim.webp","contentUrl":"https:\/\/avrupatv.eu\/wp-content\/uploads\/2024\/11\/241-nasuh-mahruki-kimdir-nereli-kokeni-ne-kac-yasinda-ne-zaman-evereste-cikti-esi-kim.webp","width":1280,"height":720},{"@type":"BreadcrumbList","@id":"https:\/\/avrupatv.eu\/index.php\/2024\/11\/13\/nasuh-mahruki-kimdir\/#breadcrumb","itemListElement":[{"@type":"ListItem","position":1,"name":"Anasayfa","item":"https:\/\/avrupatv.eu\/"},{"@type":"ListItem","position":2,"name":"Nasuh Mahruki kimdir?"}]},{"@type":"WebSite","@id":"https:\/\/avrupatv.eu\/#website","url":"https:\/\/avrupatv.eu\/","name":"Avrupal\u0131 T\u00fcrklerin en Yeni Haber Portal\u0131","description":"","publisher":{"@id":"https:\/\/avrupatv.eu\/#organization"},"alternateName":"Avrupa tv","potentialAction":[{"@type":"SearchAction","target":{"@type":"EntryPoint","urlTemplate":"https:\/\/avrupatv.eu\/?s={search_term_string}"},"query-input":{"@type":"PropertyValueSpecification","valueRequired":true,"valueName":"search_term_string"}}],"inLanguage":"tr"},{"@type":"Organization","@id":"https:\/\/avrupatv.eu\/#organization","name":"Avrupa Haber","url":"https:\/\/avrupatv.eu\/","logo":{"@type":"ImageObject","inLanguage":"tr","@id":"https:\/\/avrupatv.eu\/#\/schema\/logo\/image\/","url":"https:\/\/avrupatv.eu\/wp-content\/uploads\/2023\/10\/cropped-thumbnail_logo.png","contentUrl":"https:\/\/avrupatv.eu\/wp-content\/uploads\/2023\/10\/cropped-thumbnail_logo.png","width":1025,"height":302,"caption":"Avrupa Haber"},"image":{"@id":"https:\/\/avrupatv.eu\/#\/schema\/logo\/image\/"}},{"@type":"Person","@id":"https:\/\/avrupatv.eu\/#\/schema\/person\/d56afa5d5569da4029d483da36c0c17d","name":"Onur Akpinar","image":{"@type":"ImageObject","inLanguage":"tr","@id":"https:\/\/secure.gravatar.com\/avatar\/67a1a0bdf34f82da209334e4684b7e7171a58a5a2b0a8f836b61044f5c1f5d6a?s=96&d=mm&r=g","url":"https:\/\/secure.gravatar.com\/avatar\/67a1a0bdf34f82da209334e4684b7e7171a58a5a2b0a8f836b61044f5c1f5d6a?s=96&d=mm&r=g","contentUrl":"https:\/\/secure.gravatar.com\/avatar\/67a1a0bdf34f82da209334e4684b7e7171a58a5a2b0a8f836b61044f5c1f5d6a?s=96&d=mm&r=g","caption":"Onur Akpinar"},"url":"https:\/\/avrupatv.eu\/index.php\/author\/onur-akpinar\/"}]}},"_links":{"self":[{"href":"https:\/\/avrupatv.eu\/index.php\/wp-json\/wp\/v2\/posts\/642","targetHints":{"allow":["GET"]}}],"collection":[{"href":"https:\/\/avrupatv.eu\/index.php\/wp-json\/wp\/v2\/posts"}],"about":[{"href":"https:\/\/avrupatv.eu\/index.php\/wp-json\/wp\/v2\/types\/post"}],"author":[{"embeddable":true,"href":"https:\/\/avrupatv.eu\/index.php\/wp-json\/wp\/v2\/users\/2"}],"replies":[{"embeddable":true,"href":"https:\/\/avrupatv.eu\/index.php\/wp-json\/wp\/v2\/comments?post=642"}],"version-history":[{"count":1,"href":"https:\/\/avrupatv.eu\/index.php\/wp-json\/wp\/v2\/posts\/642\/revisions"}],"predecessor-version":[{"id":643,"href":"https:\/\/avrupatv.eu\/index.php\/wp-json\/wp\/v2\/posts\/642\/revisions\/643"}],"wp:featuredmedia":[{"embeddable":true,"href":"https:\/\/avrupatv.eu\/index.php\/wp-json\/wp\/v2\/media\/637"}],"wp:attachment":[{"href":"https:\/\/avrupatv.eu\/index.php\/wp-json\/wp\/v2\/media?parent=642"}],"wp:term":[{"taxonomy":"category","embeddable":true,"href":"https:\/\/avrupatv.eu\/index.php\/wp-json\/wp\/v2\/categories?post=642"},{"taxonomy":"post_tag","embeddable":true,"href":"https:\/\/avrupatv.eu\/index.php\/wp-json\/wp\/v2\/tags?post=642"}],"curies":[{"name":"wp","href":"https:\/\/api.w.org\/{rel}","templated":true}]}}