{"id":639,"date":"2024-11-13T14:45:22","date_gmt":"2024-11-13T14:45:22","guid":{"rendered":"https:\/\/avrupatv.eu\/?p=639"},"modified":"2024-11-13T14:45:22","modified_gmt":"2024-11-13T14:45:22","slug":"tuncelideki-egitim-kazasinda-sehit-olan-polis-memuru-yigit-can-yigitin-aci-haberi-adanaya-dustu","status":"publish","type":"post","link":"https:\/\/avrupatv.eu\/index.php\/2024\/11\/13\/tuncelideki-egitim-kazasinda-sehit-olan-polis-memuru-yigit-can-yigitin-aci-haberi-adanaya-dustu\/","title":{"rendered":"Tunceli&#8217;deki E\u011fitim Kazas\u0131nda \u015eehit Olan Polis Memuru Yi\u011fit Can Yi\u011fit&#8217;in Ac\u0131 Haberi Adana&#8217;ya D\u00fc\u015ft\u00fc"},"content":{"rendered":"\n<p>Tunceli\u2019deki at\u0131\u015f e\u011fitim alan\u0131nda meydana gelen kazada a\u011f\u0131r yaralanan ve kald\u0131r\u0131ld\u0131\u011f\u0131 hastanede t\u00fcm m\u00fcdahalelere ra\u011fmen kurtar\u0131lamayarak \u015fehit olan polis memuru Yi\u011fit Can Yi\u011fit\u2019in ac\u0131 haberi, memleketi Adana\u2019n\u0131n Ceyhan il\u00e7esindeki ailesine ula\u015ft\u0131.<\/p>\n\n\n\n<p>Tunceli Emniyet M\u00fcd\u00fcrl\u00fc\u011f\u00fc \u00d6zel Harekat \u015eube M\u00fcd\u00fcrl\u00fc\u011f\u00fc kadrosunda g\u00f6revli polis memuru Yi\u011fit Can Yi\u011fit, 13 Kas\u0131m\u2019da at\u0131\u015f e\u011fitim s\u0131ras\u0131nda ya\u015fad\u0131\u011f\u0131 kaza sonucu yaraland\u0131. Hastaneye kald\u0131r\u0131lan Yi\u011fit, yap\u0131lan t\u00fcm m\u00fcdahalelere ra\u011fmen \u015fehit oldu.<\/p>\n\n\n\n<p>\u015eehit polis memurunun ac\u0131 haberi, Ceyhan il\u00e7esindeki baba oca\u011f\u0131na Kaymakam Ramazan Kurtyemez ve ilgili yetkililer taraf\u0131ndan verildi. 68 ya\u015f\u0131ndaki baba Mehmet Yi\u011fit ve 67 ya\u015f\u0131ndaki anne Meryem Yi\u011fit, ac\u0131 haberi al\u0131nca b\u00fcy\u00fck bir \u00fcz\u00fcnt\u00fc ya\u015fad\u0131. Aileyi sakinle\u015ftiren emniyet personeli, kom\u015fular\u0131n\u0131n deste\u011fiyle ac\u0131 kayb\u0131 atlatmaya \u00e7al\u0131\u015ft\u0131. Yi\u011fit&#8217;in baba evine ve mahallesinin giri\u015fine T\u00fcrk bayraklar\u0131 as\u0131ld\u0131.<\/p>\n\n\n\n<p>\u015eehit polis memuru Yi\u011fit, evliydi ve \u00fc\u00e7 \u00e7ocuklu bir ailenin ikinci erkek evlad\u0131yd\u0131. Yi\u011fit&#8217;in cenazesi, Tunceli Emniyet M\u00fcd\u00fcrl\u00fc\u011f\u00fc \u00d6zel Harekat \u015eube M\u00fcd\u00fcrl\u00fc\u011f\u00fc&#8217;nde d\u00fczenlenecek t\u00f6renin ard\u0131ndan, helikopterle Adana\u2019n\u0131n Ceyhan il\u00e7esine g\u00f6nderilecek. Cenaze, Is\u0131rganl\u0131 Mahalle Mezarl\u0131\u011f\u0131\u2019nda topra\u011fa verilecek.<\/p>\n\n\n\n<p><strong>Bakan Yerlikaya ve Demirta\u015f\u2019tan Taziye Mesaj\u0131<\/strong><\/p>\n\n\n\n<p>\u0130\u00e7i\u015fleri Bakan\u0131 Ali Yerlikaya, \u015fehidin vefat\u0131n\u0131n ard\u0131ndan taziye mesaj\u0131 yay\u0131mlayarak, &#8220;Yi\u011fit Can Yi\u011fit, at\u0131\u015f e\u011fitimi s\u0131ras\u0131nda meydana gelen elim bir kaza sonucu hayat\u0131n\u0131 kaybetmi\u015ftir. \u015eehidimize Allah\u2019tan rahmet, kederli ailesine, Emniyet Te\u015fkilat\u0131m\u0131za ve Milletimize ba\u015fsa\u011fl\u0131\u011f\u0131 diliyorum&#8221; ifadelerini kulland\u0131.<\/p>\n\n\n\n<p>Emniyet Genel M\u00fcd\u00fcr\u00fc Mahmut Demirta\u015f da, \u015fehit polise Allah&#8217;tan rahmet, ailesine ve T\u00fcrk milletine ba\u015fsa\u011fl\u0131\u011f\u0131 diledi.<\/p>\n\n\n\n<p>Yi\u011fit Can Yi\u011fit, 28 ya\u015f\u0131ndayd\u0131 ve \u015fehitli\u011fiyle T\u00fcrk Polis Te\u015fkilat\u0131na b\u00fcy\u00fck bir kay\u0131p ya\u015fatt\u0131. T\u00fcm T\u00fcrkiye, Yi\u011fit&#8217;in ailesine ve yak\u0131nlar\u0131na ba\u015fsa\u011fl\u0131\u011f\u0131 dileklerini iletti.<\/p>\n","protected":false},"excerpt":{"rendered":"<p>Tunceli\u2019deki at\u0131\u015f e\u011fitim alan\u0131nda meydana gelen kazada a\u011f\u0131r yaralanan ve kald\u0131r\u0131ld\u0131\u011f\u0131 hastanede t\u00fcm m\u00fcdahalelere ra\u011fmen kurtar\u0131lamayarak \u015fehit olan polis memuru Yi\u011fit Can Yi\u011fit\u2019in ac\u0131 haberi, memleketi Adana\u2019n\u0131n Ceyhan il\u00e7esindeki ailesine ula\u015ft\u0131. Tunceli Emniyet M\u00fcd\u00fcrl\u00fc\u011f\u00fc \u00d6zel Harekat \u015eube M\u00fcd\u00fcrl\u00fc\u011f\u00fc kadrosunda g\u00f6revli polis memuru Yi\u011fit Can Yi\u011fit, 13 Kas\u0131m\u2019da at\u0131\u015f e\u011fitim s\u0131ras\u0131nda ya\u015fad\u0131\u011f\u0131 kaza sonucu yaraland\u0131. Hastaneye [&hellip;]<\/p>\n","protected":false},"author":2,"featured_media":640,"comment_status":"open","ping_status":"open","sticky":false,"template":"","format":"standard","meta":{"footnotes":""},"categories":[11],"tags":[],"class_list":["post-639","post","type-post","status-publish","format-standard","has-post-thumbnail","hentry","category-turkiye"],"yoast_head":"<!-- This site is optimized with the Yoast SEO plugin v27.4 - https:\/\/yoast.com\/product\/yoast-seo-wordpress\/ -->\n<title>Tunceli&#039;deki E\u011fitim Kazas\u0131nda \u015eehit Olan Polis Memuru Yi\u011fit Can Yi\u011fit&#039;in Ac\u0131 Haberi Adana&#039;ya D\u00fc\u015ft\u00fc - Avrupal\u0131 T\u00fcrklerin en Yeni Haber Portal\u0131<\/title>\n<meta name=\"robots\" content=\"index, follow, max-snippet:-1, max-image-preview:large, max-video-preview:-1\" \/>\n<link rel=\"canonical\" href=\"https:\/\/avrupatv.eu\/index.php\/2024\/11\/13\/tuncelideki-egitim-kazasinda-sehit-olan-polis-memuru-yigit-can-yigitin-aci-haberi-adanaya-dustu\/\" \/>\n<meta property=\"og:locale\" content=\"tr_TR\" \/>\n<meta property=\"og:type\" content=\"article\" \/>\n<meta property=\"og:title\" content=\"Tunceli&#039;deki E\u011fitim Kazas\u0131nda \u015eehit Olan Polis Memuru Yi\u011fit Can Yi\u011fit&#039;in Ac\u0131 Haberi Adana&#039;ya D\u00fc\u015ft\u00fc - Avrupal\u0131 T\u00fcrklerin en Yeni Haber Portal\u0131\" \/>\n<meta property=\"og:description\" content=\"Tunceli\u2019deki at\u0131\u015f e\u011fitim alan\u0131nda meydana gelen kazada a\u011f\u0131r yaralanan ve kald\u0131r\u0131ld\u0131\u011f\u0131 hastanede t\u00fcm m\u00fcdahalelere ra\u011fmen kurtar\u0131lamayarak \u015fehit olan polis memuru Yi\u011fit Can Yi\u011fit\u2019in ac\u0131 haberi, memleketi Adana\u2019n\u0131n Ceyhan il\u00e7esindeki ailesine ula\u015ft\u0131. Tunceli Emniyet M\u00fcd\u00fcrl\u00fc\u011f\u00fc \u00d6zel Harekat \u015eube M\u00fcd\u00fcrl\u00fc\u011f\u00fc kadrosunda g\u00f6revli polis memuru Yi\u011fit Can Yi\u011fit, 13 Kas\u0131m\u2019da at\u0131\u015f e\u011fitim s\u0131ras\u0131nda ya\u015fad\u0131\u011f\u0131 kaza sonucu yaraland\u0131. Hastaneye [&hellip;]\" \/>\n<meta property=\"og:url\" content=\"https:\/\/avrupatv.eu\/index.php\/2024\/11\/13\/tuncelideki-egitim-kazasinda-sehit-olan-polis-memuru-yigit-can-yigitin-aci-haberi-adanaya-dustu\/\" \/>\n<meta property=\"og:site_name\" content=\"Avrupal\u0131 T\u00fcrklerin en Yeni Haber Portal\u0131\" \/>\n<meta property=\"article:published_time\" content=\"2024-11-13T14:45:22+00:00\" \/>\n<meta property=\"og:image\" content=\"https:\/\/avrupatv.eu\/wp-content\/uploads\/2024\/11\/6734a09a534a254e2cc63fc8.webp\" \/>\n\t<meta property=\"og:image:width\" content=\"770\" \/>\n\t<meta property=\"og:image:height\" content=\"674\" \/>\n\t<meta property=\"og:image:type\" content=\"image\/webp\" \/>\n<meta name=\"author\" content=\"Onur Akpinar\" \/>\n<meta name=\"twitter:card\" content=\"summary_large_image\" \/>\n<meta name=\"twitter:label1\" content=\"Yazan:\" \/>\n\t<meta name=\"twitter:data1\" content=\"Onur Akpinar\" \/>\n\t<meta name=\"twitter:label2\" content=\"Tahmini okuma s\u00fcresi\" \/>\n\t<meta name=\"twitter:data2\" content=\"2 dakika\" \/>\n<script type=\"application\/ld+json\" class=\"yoast-schema-graph\">{\"@context\":\"https:\\\/\\\/schema.org\",\"@graph\":[{\"@type\":\"Article\",\"@id\":\"https:\\\/\\\/avrupatv.eu\\\/index.php\\\/2024\\\/11\\\/13\\\/tuncelideki-egitim-kazasinda-sehit-olan-polis-memuru-yigit-can-yigitin-aci-haberi-adanaya-dustu\\\/#article\",\"isPartOf\":{\"@id\":\"https:\\\/\\\/avrupatv.eu\\\/index.php\\\/2024\\\/11\\\/13\\\/tuncelideki-egitim-kazasinda-sehit-olan-polis-memuru-yigit-can-yigitin-aci-haberi-adanaya-dustu\\\/\"},\"author\":{\"name\":\"Onur Akpinar\",\"@id\":\"https:\\\/\\\/avrupatv.eu\\\/#\\\/schema\\\/person\\\/d56afa5d5569da4029d483da36c0c17d\"},\"headline\":\"Tunceli&#8217;deki E\u011fitim Kazas\u0131nda \u015eehit Olan Polis Memuru Yi\u011fit Can Yi\u011fit&#8217;in Ac\u0131 Haberi Adana&#8217;ya D\u00fc\u015ft\u00fc\",\"datePublished\":\"2024-11-13T14:45:22+00:00\",\"mainEntityOfPage\":{\"@id\":\"https:\\\/\\\/avrupatv.eu\\\/index.php\\\/2024\\\/11\\\/13\\\/tuncelideki-egitim-kazasinda-sehit-olan-polis-memuru-yigit-can-yigitin-aci-haberi-adanaya-dustu\\\/\"},\"wordCount\":375,\"commentCount\":0,\"publisher\":{\"@id\":\"https:\\\/\\\/avrupatv.eu\\\/#organization\"},\"image\":{\"@id\":\"https:\\\/\\\/avrupatv.eu\\\/index.php\\\/2024\\\/11\\\/13\\\/tuncelideki-egitim-kazasinda-sehit-olan-polis-memuru-yigit-can-yigitin-aci-haberi-adanaya-dustu\\\/#primaryimage\"},\"thumbnailUrl\":\"https:\\\/\\\/avrupatv.eu\\\/wp-content\\\/uploads\\\/2024\\\/11\\\/6734a09a534a254e2cc63fc8.webp\",\"articleSection\":[\"T\u00fcrkiye\"],\"inLanguage\":\"tr\",\"potentialAction\":[{\"@type\":\"CommentAction\",\"name\":\"Comment\",\"target\":[\"https:\\\/\\\/avrupatv.eu\\\/index.php\\\/2024\\\/11\\\/13\\\/tuncelideki-egitim-kazasinda-sehit-olan-polis-memuru-yigit-can-yigitin-aci-haberi-adanaya-dustu\\\/#respond\"]}]},{\"@type\":\"WebPage\",\"@id\":\"https:\\\/\\\/avrupatv.eu\\\/index.php\\\/2024\\\/11\\\/13\\\/tuncelideki-egitim-kazasinda-sehit-olan-polis-memuru-yigit-can-yigitin-aci-haberi-adanaya-dustu\\\/\",\"url\":\"https:\\\/\\\/avrupatv.eu\\\/index.php\\\/2024\\\/11\\\/13\\\/tuncelideki-egitim-kazasinda-sehit-olan-polis-memuru-yigit-can-yigitin-aci-haberi-adanaya-dustu\\\/\",\"name\":\"Tunceli'deki E\u011fitim Kazas\u0131nda \u015eehit Olan Polis Memuru Yi\u011fit Can Yi\u011fit'in Ac\u0131 Haberi Adana'ya D\u00fc\u015ft\u00fc - Avrupal\u0131 T\u00fcrklerin en Yeni Haber Portal\u0131\",\"isPartOf\":{\"@id\":\"https:\\\/\\\/avrupatv.eu\\\/#website\"},\"primaryImageOfPage\":{\"@id\":\"https:\\\/\\\/avrupatv.eu\\\/index.php\\\/2024\\\/11\\\/13\\\/tuncelideki-egitim-kazasinda-sehit-olan-polis-memuru-yigit-can-yigitin-aci-haberi-adanaya-dustu\\\/#primaryimage\"},\"image\":{\"@id\":\"https:\\\/\\\/avrupatv.eu\\\/index.php\\\/2024\\\/11\\\/13\\\/tuncelideki-egitim-kazasinda-sehit-olan-polis-memuru-yigit-can-yigitin-aci-haberi-adanaya-dustu\\\/#primaryimage\"},\"thumbnailUrl\":\"https:\\\/\\\/avrupatv.eu\\\/wp-content\\\/uploads\\\/2024\\\/11\\\/6734a09a534a254e2cc63fc8.webp\",\"datePublished\":\"2024-11-13T14:45:22+00:00\",\"breadcrumb\":{\"@id\":\"https:\\\/\\\/avrupatv.eu\\\/index.php\\\/2024\\\/11\\\/13\\\/tuncelideki-egitim-kazasinda-sehit-olan-polis-memuru-yigit-can-yigitin-aci-haberi-adanaya-dustu\\\/#breadcrumb\"},\"inLanguage\":\"tr\",\"potentialAction\":[{\"@type\":\"ReadAction\",\"target\":[\"https:\\\/\\\/avrupatv.eu\\\/index.php\\\/2024\\\/11\\\/13\\\/tuncelideki-egitim-kazasinda-sehit-olan-polis-memuru-yigit-can-yigitin-aci-haberi-adanaya-dustu\\\/\"]}]},{\"@type\":\"ImageObject\",\"inLanguage\":\"tr\",\"@id\":\"https:\\\/\\\/avrupatv.eu\\\/index.php\\\/2024\\\/11\\\/13\\\/tuncelideki-egitim-kazasinda-sehit-olan-polis-memuru-yigit-can-yigitin-aci-haberi-adanaya-dustu\\\/#primaryimage\",\"url\":\"https:\\\/\\\/avrupatv.eu\\\/wp-content\\\/uploads\\\/2024\\\/11\\\/6734a09a534a254e2cc63fc8.webp\",\"contentUrl\":\"https:\\\/\\\/avrupatv.eu\\\/wp-content\\\/uploads\\\/2024\\\/11\\\/6734a09a534a254e2cc63fc8.webp\",\"width\":770,\"height\":674},{\"@type\":\"BreadcrumbList\",\"@id\":\"https:\\\/\\\/avrupatv.eu\\\/index.php\\\/2024\\\/11\\\/13\\\/tuncelideki-egitim-kazasinda-sehit-olan-polis-memuru-yigit-can-yigitin-aci-haberi-adanaya-dustu\\\/#breadcrumb\",\"itemListElement\":[{\"@type\":\"ListItem\",\"position\":1,\"name\":\"Anasayfa\",\"item\":\"https:\\\/\\\/avrupatv.eu\\\/\"},{\"@type\":\"ListItem\",\"position\":2,\"name\":\"Tunceli&#8217;deki E\u011fitim Kazas\u0131nda \u015eehit Olan Polis Memuru Yi\u011fit Can Yi\u011fit&#8217;in Ac\u0131 Haberi Adana&#8217;ya D\u00fc\u015ft\u00fc\"}]},{\"@type\":\"WebSite\",\"@id\":\"https:\\\/\\\/avrupatv.eu\\\/#website\",\"url\":\"https:\\\/\\\/avrupatv.eu\\\/\",\"name\":\"Avrupal\u0131 T\u00fcrklerin en Yeni Haber Portal\u0131\",\"description\":\"\",\"publisher\":{\"@id\":\"https:\\\/\\\/avrupatv.eu\\\/#organization\"},\"alternateName\":\"Avrupa tv\",\"potentialAction\":[{\"@type\":\"SearchAction\",\"target\":{\"@type\":\"EntryPoint\",\"urlTemplate\":\"https:\\\/\\\/avrupatv.eu\\\/?s={search_term_string}\"},\"query-input\":{\"@type\":\"PropertyValueSpecification\",\"valueRequired\":true,\"valueName\":\"search_term_string\"}}],\"inLanguage\":\"tr\"},{\"@type\":\"Organization\",\"@id\":\"https:\\\/\\\/avrupatv.eu\\\/#organization\",\"name\":\"Avrupa Haber\",\"url\":\"https:\\\/\\\/avrupatv.eu\\\/\",\"logo\":{\"@type\":\"ImageObject\",\"inLanguage\":\"tr\",\"@id\":\"https:\\\/\\\/avrupatv.eu\\\/#\\\/schema\\\/logo\\\/image\\\/\",\"url\":\"https:\\\/\\\/avrupatv.eu\\\/wp-content\\\/uploads\\\/2023\\\/10\\\/cropped-thumbnail_logo.png\",\"contentUrl\":\"https:\\\/\\\/avrupatv.eu\\\/wp-content\\\/uploads\\\/2023\\\/10\\\/cropped-thumbnail_logo.png\",\"width\":1025,\"height\":302,\"caption\":\"Avrupa Haber\"},\"image\":{\"@id\":\"https:\\\/\\\/avrupatv.eu\\\/#\\\/schema\\\/logo\\\/image\\\/\"}},{\"@type\":\"Person\",\"@id\":\"https:\\\/\\\/avrupatv.eu\\\/#\\\/schema\\\/person\\\/d56afa5d5569da4029d483da36c0c17d\",\"name\":\"Onur Akpinar\",\"image\":{\"@type\":\"ImageObject\",\"inLanguage\":\"tr\",\"@id\":\"https:\\\/\\\/secure.gravatar.com\\\/avatar\\\/67a1a0bdf34f82da209334e4684b7e7171a58a5a2b0a8f836b61044f5c1f5d6a?s=96&d=mm&r=g\",\"url\":\"https:\\\/\\\/secure.gravatar.com\\\/avatar\\\/67a1a0bdf34f82da209334e4684b7e7171a58a5a2b0a8f836b61044f5c1f5d6a?s=96&d=mm&r=g\",\"contentUrl\":\"https:\\\/\\\/secure.gravatar.com\\\/avatar\\\/67a1a0bdf34f82da209334e4684b7e7171a58a5a2b0a8f836b61044f5c1f5d6a?s=96&d=mm&r=g\",\"caption\":\"Onur Akpinar\"},\"url\":\"https:\\\/\\\/avrupatv.eu\\\/index.php\\\/author\\\/onur-akpinar\\\/\"}]}<\/script>\n<!-- \/ Yoast SEO plugin. -->","yoast_head_json":{"title":"Tunceli'deki E\u011fitim Kazas\u0131nda \u015eehit Olan Polis Memuru Yi\u011fit Can Yi\u011fit'in Ac\u0131 Haberi Adana'ya D\u00fc\u015ft\u00fc - Avrupal\u0131 T\u00fcrklerin en Yeni Haber Portal\u0131","robots":{"index":"index","follow":"follow","max-snippet":"max-snippet:-1","max-image-preview":"max-image-preview:large","max-video-preview":"max-video-preview:-1"},"canonical":"https:\/\/avrupatv.eu\/index.php\/2024\/11\/13\/tuncelideki-egitim-kazasinda-sehit-olan-polis-memuru-yigit-can-yigitin-aci-haberi-adanaya-dustu\/","og_locale":"tr_TR","og_type":"article","og_title":"Tunceli'deki E\u011fitim Kazas\u0131nda \u015eehit Olan Polis Memuru Yi\u011fit Can Yi\u011fit'in Ac\u0131 Haberi Adana'ya D\u00fc\u015ft\u00fc - Avrupal\u0131 T\u00fcrklerin en Yeni Haber Portal\u0131","og_description":"Tunceli\u2019deki at\u0131\u015f e\u011fitim alan\u0131nda meydana gelen kazada a\u011f\u0131r yaralanan ve kald\u0131r\u0131ld\u0131\u011f\u0131 hastanede t\u00fcm m\u00fcdahalelere ra\u011fmen kurtar\u0131lamayarak \u015fehit olan polis memuru Yi\u011fit Can Yi\u011fit\u2019in ac\u0131 haberi, memleketi Adana\u2019n\u0131n Ceyhan il\u00e7esindeki ailesine ula\u015ft\u0131. Tunceli Emniyet M\u00fcd\u00fcrl\u00fc\u011f\u00fc \u00d6zel Harekat \u015eube M\u00fcd\u00fcrl\u00fc\u011f\u00fc kadrosunda g\u00f6revli polis memuru Yi\u011fit Can Yi\u011fit, 13 Kas\u0131m\u2019da at\u0131\u015f e\u011fitim s\u0131ras\u0131nda ya\u015fad\u0131\u011f\u0131 kaza sonucu yaraland\u0131. Hastaneye [&hellip;]","og_url":"https:\/\/avrupatv.eu\/index.php\/2024\/11\/13\/tuncelideki-egitim-kazasinda-sehit-olan-polis-memuru-yigit-can-yigitin-aci-haberi-adanaya-dustu\/","og_site_name":"Avrupal\u0131 T\u00fcrklerin en Yeni Haber Portal\u0131","article_published_time":"2024-11-13T14:45:22+00:00","og_image":[{"width":770,"height":674,"url":"https:\/\/avrupatv.eu\/wp-content\/uploads\/2024\/11\/6734a09a534a254e2cc63fc8.webp","type":"image\/webp"}],"author":"Onur Akpinar","twitter_card":"summary_large_image","twitter_misc":{"Yazan:":"Onur Akpinar","Tahmini okuma s\u00fcresi":"2 dakika"},"schema":{"@context":"https:\/\/schema.org","@graph":[{"@type":"Article","@id":"https:\/\/avrupatv.eu\/index.php\/2024\/11\/13\/tuncelideki-egitim-kazasinda-sehit-olan-polis-memuru-yigit-can-yigitin-aci-haberi-adanaya-dustu\/#article","isPartOf":{"@id":"https:\/\/avrupatv.eu\/index.php\/2024\/11\/13\/tuncelideki-egitim-kazasinda-sehit-olan-polis-memuru-yigit-can-yigitin-aci-haberi-adanaya-dustu\/"},"author":{"name":"Onur Akpinar","@id":"https:\/\/avrupatv.eu\/#\/schema\/person\/d56afa5d5569da4029d483da36c0c17d"},"headline":"Tunceli&#8217;deki E\u011fitim Kazas\u0131nda \u015eehit Olan Polis Memuru Yi\u011fit Can Yi\u011fit&#8217;in Ac\u0131 Haberi Adana&#8217;ya D\u00fc\u015ft\u00fc","datePublished":"2024-11-13T14:45:22+00:00","mainEntityOfPage":{"@id":"https:\/\/avrupatv.eu\/index.php\/2024\/11\/13\/tuncelideki-egitim-kazasinda-sehit-olan-polis-memuru-yigit-can-yigitin-aci-haberi-adanaya-dustu\/"},"wordCount":375,"commentCount":0,"publisher":{"@id":"https:\/\/avrupatv.eu\/#organization"},"image":{"@id":"https:\/\/avrupatv.eu\/index.php\/2024\/11\/13\/tuncelideki-egitim-kazasinda-sehit-olan-polis-memuru-yigit-can-yigitin-aci-haberi-adanaya-dustu\/#primaryimage"},"thumbnailUrl":"https:\/\/avrupatv.eu\/wp-content\/uploads\/2024\/11\/6734a09a534a254e2cc63fc8.webp","articleSection":["T\u00fcrkiye"],"inLanguage":"tr","potentialAction":[{"@type":"CommentAction","name":"Comment","target":["https:\/\/avrupatv.eu\/index.php\/2024\/11\/13\/tuncelideki-egitim-kazasinda-sehit-olan-polis-memuru-yigit-can-yigitin-aci-haberi-adanaya-dustu\/#respond"]}]},{"@type":"WebPage","@id":"https:\/\/avrupatv.eu\/index.php\/2024\/11\/13\/tuncelideki-egitim-kazasinda-sehit-olan-polis-memuru-yigit-can-yigitin-aci-haberi-adanaya-dustu\/","url":"https:\/\/avrupatv.eu\/index.php\/2024\/11\/13\/tuncelideki-egitim-kazasinda-sehit-olan-polis-memuru-yigit-can-yigitin-aci-haberi-adanaya-dustu\/","name":"Tunceli'deki E\u011fitim Kazas\u0131nda \u015eehit Olan Polis Memuru Yi\u011fit Can Yi\u011fit'in Ac\u0131 Haberi Adana'ya D\u00fc\u015ft\u00fc - Avrupal\u0131 T\u00fcrklerin en Yeni Haber Portal\u0131","isPartOf":{"@id":"https:\/\/avrupatv.eu\/#website"},"primaryImageOfPage":{"@id":"https:\/\/avrupatv.eu\/index.php\/2024\/11\/13\/tuncelideki-egitim-kazasinda-sehit-olan-polis-memuru-yigit-can-yigitin-aci-haberi-adanaya-dustu\/#primaryimage"},"image":{"@id":"https:\/\/avrupatv.eu\/index.php\/2024\/11\/13\/tuncelideki-egitim-kazasinda-sehit-olan-polis-memuru-yigit-can-yigitin-aci-haberi-adanaya-dustu\/#primaryimage"},"thumbnailUrl":"https:\/\/avrupatv.eu\/wp-content\/uploads\/2024\/11\/6734a09a534a254e2cc63fc8.webp","datePublished":"2024-11-13T14:45:22+00:00","breadcrumb":{"@id":"https:\/\/avrupatv.eu\/index.php\/2024\/11\/13\/tuncelideki-egitim-kazasinda-sehit-olan-polis-memuru-yigit-can-yigitin-aci-haberi-adanaya-dustu\/#breadcrumb"},"inLanguage":"tr","potentialAction":[{"@type":"ReadAction","target":["https:\/\/avrupatv.eu\/index.php\/2024\/11\/13\/tuncelideki-egitim-kazasinda-sehit-olan-polis-memuru-yigit-can-yigitin-aci-haberi-adanaya-dustu\/"]}]},{"@type":"ImageObject","inLanguage":"tr","@id":"https:\/\/avrupatv.eu\/index.php\/2024\/11\/13\/tuncelideki-egitim-kazasinda-sehit-olan-polis-memuru-yigit-can-yigitin-aci-haberi-adanaya-dustu\/#primaryimage","url":"https:\/\/avrupatv.eu\/wp-content\/uploads\/2024\/11\/6734a09a534a254e2cc63fc8.webp","contentUrl":"https:\/\/avrupatv.eu\/wp-content\/uploads\/2024\/11\/6734a09a534a254e2cc63fc8.webp","width":770,"height":674},{"@type":"BreadcrumbList","@id":"https:\/\/avrupatv.eu\/index.php\/2024\/11\/13\/tuncelideki-egitim-kazasinda-sehit-olan-polis-memuru-yigit-can-yigitin-aci-haberi-adanaya-dustu\/#breadcrumb","itemListElement":[{"@type":"ListItem","position":1,"name":"Anasayfa","item":"https:\/\/avrupatv.eu\/"},{"@type":"ListItem","position":2,"name":"Tunceli&#8217;deki E\u011fitim Kazas\u0131nda \u015eehit Olan Polis Memuru Yi\u011fit Can Yi\u011fit&#8217;in Ac\u0131 Haberi Adana&#8217;ya D\u00fc\u015ft\u00fc"}]},{"@type":"WebSite","@id":"https:\/\/avrupatv.eu\/#website","url":"https:\/\/avrupatv.eu\/","name":"Avrupal\u0131 T\u00fcrklerin en Yeni Haber Portal\u0131","description":"","publisher":{"@id":"https:\/\/avrupatv.eu\/#organization"},"alternateName":"Avrupa tv","potentialAction":[{"@type":"SearchAction","target":{"@type":"EntryPoint","urlTemplate":"https:\/\/avrupatv.eu\/?s={search_term_string}"},"query-input":{"@type":"PropertyValueSpecification","valueRequired":true,"valueName":"search_term_string"}}],"inLanguage":"tr"},{"@type":"Organization","@id":"https:\/\/avrupatv.eu\/#organization","name":"Avrupa Haber","url":"https:\/\/avrupatv.eu\/","logo":{"@type":"ImageObject","inLanguage":"tr","@id":"https:\/\/avrupatv.eu\/#\/schema\/logo\/image\/","url":"https:\/\/avrupatv.eu\/wp-content\/uploads\/2023\/10\/cropped-thumbnail_logo.png","contentUrl":"https:\/\/avrupatv.eu\/wp-content\/uploads\/2023\/10\/cropped-thumbnail_logo.png","width":1025,"height":302,"caption":"Avrupa Haber"},"image":{"@id":"https:\/\/avrupatv.eu\/#\/schema\/logo\/image\/"}},{"@type":"Person","@id":"https:\/\/avrupatv.eu\/#\/schema\/person\/d56afa5d5569da4029d483da36c0c17d","name":"Onur Akpinar","image":{"@type":"ImageObject","inLanguage":"tr","@id":"https:\/\/secure.gravatar.com\/avatar\/67a1a0bdf34f82da209334e4684b7e7171a58a5a2b0a8f836b61044f5c1f5d6a?s=96&d=mm&r=g","url":"https:\/\/secure.gravatar.com\/avatar\/67a1a0bdf34f82da209334e4684b7e7171a58a5a2b0a8f836b61044f5c1f5d6a?s=96&d=mm&r=g","contentUrl":"https:\/\/secure.gravatar.com\/avatar\/67a1a0bdf34f82da209334e4684b7e7171a58a5a2b0a8f836b61044f5c1f5d6a?s=96&d=mm&r=g","caption":"Onur Akpinar"},"url":"https:\/\/avrupatv.eu\/index.php\/author\/onur-akpinar\/"}]}},"_links":{"self":[{"href":"https:\/\/avrupatv.eu\/index.php\/wp-json\/wp\/v2\/posts\/639","targetHints":{"allow":["GET"]}}],"collection":[{"href":"https:\/\/avrupatv.eu\/index.php\/wp-json\/wp\/v2\/posts"}],"about":[{"href":"https:\/\/avrupatv.eu\/index.php\/wp-json\/wp\/v2\/types\/post"}],"author":[{"embeddable":true,"href":"https:\/\/avrupatv.eu\/index.php\/wp-json\/wp\/v2\/users\/2"}],"replies":[{"embeddable":true,"href":"https:\/\/avrupatv.eu\/index.php\/wp-json\/wp\/v2\/comments?post=639"}],"version-history":[{"count":1,"href":"https:\/\/avrupatv.eu\/index.php\/wp-json\/wp\/v2\/posts\/639\/revisions"}],"predecessor-version":[{"id":641,"href":"https:\/\/avrupatv.eu\/index.php\/wp-json\/wp\/v2\/posts\/639\/revisions\/641"}],"wp:featuredmedia":[{"embeddable":true,"href":"https:\/\/avrupatv.eu\/index.php\/wp-json\/wp\/v2\/media\/640"}],"wp:attachment":[{"href":"https:\/\/avrupatv.eu\/index.php\/wp-json\/wp\/v2\/media?parent=639"}],"wp:term":[{"taxonomy":"category","embeddable":true,"href":"https:\/\/avrupatv.eu\/index.php\/wp-json\/wp\/v2\/categories?post=639"},{"taxonomy":"post_tag","embeddable":true,"href":"https:\/\/avrupatv.eu\/index.php\/wp-json\/wp\/v2\/tags?post=639"}],"curies":[{"name":"wp","href":"https:\/\/api.w.org\/{rel}","templated":true}]}}