{"id":634,"date":"2024-11-13T14:35:14","date_gmt":"2024-11-13T14:35:14","guid":{"rendered":"https:\/\/avrupatv.eu\/?p=634"},"modified":"2024-11-13T14:35:14","modified_gmt":"2024-11-13T14:35:14","slug":"asgari-ucrette-son-dakika-gelismesi","status":"publish","type":"post","link":"https:\/\/avrupatv.eu\/index.php\/2024\/11\/13\/asgari-ucrette-son-dakika-gelismesi\/","title":{"rendered":"Asgari \u00fccrette son dakika geli\u015fmesi"},"content":{"rendered":"\n<p>T\u00fcrkiye\u2019de milyonlarca \u00e7al\u0131\u015fan\u0131 ilgilendiren asgari \u00fccret g\u00f6r\u00fc\u015fmeleri 2025 y\u0131l\u0131 i\u00e7in b\u00fcy\u00fck bir merakla takip ediliyor. Y\u00fcksek enflasyon, artan hayat pahal\u0131l\u0131\u011f\u0131 ve ekonomik belirsizlikler, 2025 y\u0131l\u0131 asgari \u00fccret zamm\u0131n\u0131 \u00e7ok daha kritik hale getiriyor. 2024 y\u0131l\u0131nda asgari \u00fccretin 17.000 TL civar\u0131na y\u00fckselmesiyle birlikte i\u015f\u00e7ilerin al\u0131m g\u00fcc\u00fcnde ciddi bir iyile\u015ftirme yap\u0131lm\u0131\u015ft\u0131. \u015eimdi g\u00f6zler, 2025 y\u0131l\u0131 i\u00e7in yap\u0131lacak yeni zam oran\u0131na \u00e7evrildi.<\/p>\n\n\n\n<h3 class=\"wp-block-heading\">2025 Asgari \u00dccret Zamm\u0131 Ne Kadar Olacak?<\/h3>\n\n\n\n<p>2025 y\u0131l\u0131 i\u00e7in asgari \u00fccretin ne kadar olaca\u011f\u0131na dair resmi bir rakam a\u00e7\u0131klanm\u0131\u015f de\u011fil. Ancak ekonomi uzmanlar\u0131 ve sendikalar\u0131n talepleri do\u011frultusunda yap\u0131lan tahminler, %30 ila %50 aras\u0131nda bir zam oran\u0131n\u0131n g\u00fcndemde oldu\u011funu g\u00f6steriyor. Bu durumda, net asgari \u00fccretin 22.000 TL ile 25.500 TL aras\u0131nda bir seviyeye \u00e7\u0131kabilece\u011fi belirtiliyor. Enflasyon oranlar\u0131, hayat pahal\u0131l\u0131\u011f\u0131 ve d\u00f6viz kurlar\u0131ndaki dalgalanmalar g\u00f6z \u00f6n\u00fcne al\u0131nd\u0131\u011f\u0131nda, asgari \u00fccretin i\u015f\u00e7ilerin temel ihtiya\u00e7lar\u0131n\u0131 kar\u015f\u0131layabilecek d\u00fczeyde art\u0131r\u0131lmas\u0131 bekleniyor.<\/p>\n\n\n\n<h3 class=\"wp-block-heading\">Sendikalar\u0131n Asgari \u00dccret Talepleri<\/h3>\n\n\n\n<p>\u0130\u015f\u00e7i sendikalar\u0131, 2025 y\u0131l\u0131 i\u00e7in asgari \u00fccretin en az 25.000 TL olmas\u0131 gerekti\u011fini savunuyor. \u00d6zellikle T\u00fcrk-\u0130\u015f, Hak-\u0130\u015f ve D\u0130SK gibi b\u00fcy\u00fck sendikalar, mevcut ekonomik ko\u015fullarda \u00e7al\u0131\u015fanlar\u0131n asgari \u00fccretle ge\u00e7inmekte zorland\u0131\u011f\u0131n\u0131 dile getiriyor. Bu nedenle, asgari \u00fccrette yap\u0131lacak art\u0131\u015f\u0131n enflasyon oranlar\u0131n\u0131n \u00fczerinde olmas\u0131 gerekti\u011fi y\u00f6n\u00fcnde talepler var.<\/p>\n\n\n\n<p>T\u00fcrk-\u0130\u015f, asgari \u00fccret art\u0131\u015f\u0131 i\u00e7in yapt\u0131\u011f\u0131 a\u00e7\u0131klamalarda, \u201cinsan onuruna yara\u015f\u0131r bir ya\u015fam standard\u0131\u201d sa\u011flanmas\u0131 gerekti\u011fini belirterek, asgari \u00fccretin sadece \u00e7al\u0131\u015fanlar\u0131 de\u011fil, ayn\u0131 zamanda aileleri de korumas\u0131 gerekti\u011fini vurgulad\u0131. Hak-\u0130\u015f ise asgari \u00fccretin belirlenmesinde enflasyonun yan\u0131 s\u0131ra sosyal ko\u015fullar\u0131n da dikkate al\u0131nmas\u0131 gerekti\u011fini ifade etti.<\/p>\n\n\n\n<h3 class=\"wp-block-heading\">\u0130\u015fverenlerin Asgari \u00dccret Konusundaki G\u00f6r\u00fc\u015fleri<\/h3>\n\n\n\n<p>Asgari \u00fccret art\u0131\u015f\u0131 i\u015f\u00e7iler a\u00e7\u0131s\u0131ndan olumlu bir geli\u015fme olarak g\u00f6r\u00fcl\u00fcrken, i\u015fverenler cephesinde ise bu durum endi\u015feyle kar\u015f\u0131lan\u0131yor. \u00d6zellikle k\u00fc\u00e7\u00fck ve orta \u00f6l\u00e7ekli i\u015fletmeler, y\u00fcksek asgari \u00fccret zamlar\u0131n\u0131n i\u015fletme maliyetlerini art\u0131raca\u011f\u0131n\u0131 ve bu durumun i\u015fletmelerin k\u00e2rl\u0131l\u0131\u011f\u0131n\u0131 olumsuz etkileyece\u011fini belirtiyor.<\/p>\n\n\n\n<p>T\u00fcrkiye \u0130\u015fveren Sendikalar\u0131 Konfederasyonu (T\u0130SK), asgari \u00fccret art\u0131\u015f\u0131n\u0131n i\u015fverenler \u00fczerindeki y\u00fck\u00fc art\u0131raca\u011f\u0131 i\u00e7in, \u00f6zellikle SGK primlerinde ve vergilerde devlet deste\u011finin art\u0131r\u0131lmas\u0131 gerekti\u011fini savunuyor. T\u0130SK, bu deste\u011fin sa\u011flanmamas\u0131 durumunda, i\u015fletmelerin maliyetleri kar\u015f\u0131lamakta zorlanaca\u011f\u0131n\u0131 ve bunun sonucunda i\u015f\u00e7i \u00e7\u0131karmalar\u0131n\u0131n ya\u015fanabilece\u011fini ifade ediyor.<\/p>\n\n\n\n<h3 class=\"wp-block-heading\">H\u00fck\u00fcmetin Asgari \u00dccret Stratejisi<\/h3>\n\n\n\n<p>H\u00fck\u00fcmet kanad\u0131 ise asgari \u00fccretin belirlenmesinde hem i\u015f\u00e7ilerin ge\u00e7im \u015fartlar\u0131n\u0131 iyile\u015ftirecek bir zam yap\u0131lmas\u0131 gerekti\u011fini, hem de i\u015fverenlerin \u00fczerindeki y\u00fck\u00fcn hafifletilmesi gerekti\u011fini savunuyor. \u00c7al\u0131\u015fma ve Sosyal G\u00fcvenlik Bakanl\u0131\u011f\u0131 taraf\u0131ndan yap\u0131lan a\u00e7\u0131klamalarda, asgari \u00fccret art\u0131\u015f\u0131n\u0131n enflasyon oranlar\u0131 do\u011frultusunda belirlenece\u011fi ve bu s\u00fcre\u00e7te hem i\u015f\u00e7i hem de i\u015fveren temsilcilerinin g\u00f6r\u00fc\u015flerinin dikkate al\u0131naca\u011f\u0131 belirtildi.<\/p>\n\n\n\n<h3 class=\"wp-block-heading\">Asgari \u00dccret Art\u0131\u015f\u0131 Neden \u00d6nemli?<\/h3>\n\n\n\n<p>T\u00fcrkiye\u2019de asgari \u00fccret, sadece \u00e7al\u0131\u015fanlar\u0131n maa\u015flar\u0131n\u0131 de\u011fil, ayn\u0131 zamanda devletin vergi gelirlerini, i\u015fverenlerin maliyetlerini ve genel ekonomik dengeleri de etkileyen \u00f6nemli bir unsurdur. \u00d6zellikle y\u00fcksek enflasyon d\u00f6nemlerinde, asgari \u00fccrette yap\u0131lacak art\u0131\u015flar, \u00e7al\u0131\u015fanlar\u0131n al\u0131m g\u00fcc\u00fcn\u00fc koruma ve ge\u00e7im standartlar\u0131n\u0131 y\u00fckseltme a\u00e7\u0131s\u0131ndan b\u00fcy\u00fck bir \u00f6nem ta\u015f\u0131r.<\/p>\n\n\n\n<p>Asgari \u00fccret art\u0131\u015flar\u0131, i\u015f\u00e7ilerin ya\u015fam kalitesini art\u0131rman\u0131n yan\u0131 s\u0131ra, i\u015fverenler a\u00e7\u0131s\u0131ndan da \u00f6nemli bir maliyet kalemi olarak de\u011ferlendirilir. Bu nedenle, h\u00fck\u00fcmetin asgari \u00fccret belirleme s\u00fcrecinde dengeli bir politika izlemesi gerekmektedir. Hem \u00e7al\u0131\u015fanlar\u0131n haklar\u0131n\u0131 koruyan hem de i\u015fverenlerin s\u00fcrd\u00fcr\u00fclebilirli\u011fini sa\u011flayan bir \u00e7\u00f6z\u00fcm bulunmas\u0131, ekonomik istikrar\u0131n sa\u011flanmas\u0131 a\u00e7\u0131s\u0131ndan \u00f6nemlidir.<\/p>\n\n\n\n<h3 class=\"wp-block-heading\">2025 Y\u0131l\u0131 \u0130\u00e7in Beklentiler Neler?<\/h3>\n\n\n\n<p>2025 y\u0131l\u0131na yakla\u015f\u0131rken, asgari \u00fccret art\u0131\u015f\u0131 konusunda beklentiler olduk\u00e7a y\u00fcksek. Ekonomik g\u00f6stergeler ve enflasyon oranlar\u0131 g\u00f6z \u00f6n\u00fcnde bulunduruldu\u011funda, asgari \u00fccrette %30 ila %50 aras\u0131nda bir art\u0131\u015f bekleniyor. Bu da net asgari \u00fccretin 22.000 TL ile 25.500 TL aras\u0131nda bir seviyeye \u00e7\u0131kabilece\u011fini g\u00f6steriyor.<\/p>\n\n\n\n<p>Ancak kesin rakamlar, Asgari \u00dccret Tespit Komisyonu\u2019nun yapaca\u011f\u0131 g\u00f6r\u00fc\u015fmeler sonucunda belirlenecek. \u0130\u015f\u00e7i ve i\u015fveren temsilcilerinin talepleri, ekonomik veriler ve h\u00fck\u00fcmetin politikalar\u0131 bu s\u00fcre\u00e7te belirleyici olacak.<\/p>\n\n\n\n<p>Sonu\u00e7 olarak, 2025 y\u0131l\u0131 asgari \u00fccret art\u0131\u015f\u0131n\u0131n, i\u015f\u00e7i ve i\u015fverenler i\u00e7in kritik bir d\u00f6neme\u00e7 oldu\u011fu s\u00f6ylenebilir. Yap\u0131lacak zam oran\u0131, milyonlarca \u00e7al\u0131\u015fan\u0131n ge\u00e7im standartlar\u0131n\u0131 do\u011frudan etkileyecek ve T\u00fcrkiye\u2019nin genel ekonomik dengeleri \u00fczerinde de \u00f6nemli bir rol oynayacak.<\/p>\n","protected":false},"excerpt":{"rendered":"<p>T\u00fcrkiye\u2019de milyonlarca \u00e7al\u0131\u015fan\u0131 ilgilendiren asgari \u00fccret g\u00f6r\u00fc\u015fmeleri 2025 y\u0131l\u0131 i\u00e7in b\u00fcy\u00fck bir merakla takip ediliyor. Y\u00fcksek enflasyon, artan hayat pahal\u0131l\u0131\u011f\u0131 ve ekonomik belirsizlikler, 2025 y\u0131l\u0131 asgari \u00fccret zamm\u0131n\u0131 \u00e7ok daha kritik hale getiriyor. 2024 y\u0131l\u0131nda asgari \u00fccretin 17.000 TL civar\u0131na y\u00fckselmesiyle birlikte i\u015f\u00e7ilerin al\u0131m g\u00fcc\u00fcnde ciddi bir iyile\u015ftirme yap\u0131lm\u0131\u015ft\u0131. \u015eimdi g\u00f6zler, 2025 y\u0131l\u0131 i\u00e7in yap\u0131lacak [&hellip;]<\/p>\n","protected":false},"author":2,"featured_media":615,"comment_status":"open","ping_status":"open","sticky":false,"template":"","format":"standard","meta":{"footnotes":""},"categories":[8,11],"tags":[],"class_list":["post-634","post","type-post","status-publish","format-standard","has-post-thumbnail","hentry","category-gundem","category-turkiye"],"yoast_head":"<!-- This site is optimized with the Yoast SEO plugin v27.4 - https:\/\/yoast.com\/product\/yoast-seo-wordpress\/ -->\n<title>Asgari \u00fccrette son dakika geli\u015fmesi - Avrupal\u0131 T\u00fcrklerin en Yeni Haber Portal\u0131<\/title>\n<meta name=\"robots\" content=\"index, follow, max-snippet:-1, max-image-preview:large, max-video-preview:-1\" \/>\n<link rel=\"canonical\" href=\"https:\/\/avrupatv.eu\/index.php\/2024\/11\/13\/asgari-ucrette-son-dakika-gelismesi\/\" \/>\n<meta property=\"og:locale\" content=\"tr_TR\" \/>\n<meta property=\"og:type\" content=\"article\" \/>\n<meta property=\"og:title\" content=\"Asgari \u00fccrette son dakika geli\u015fmesi - Avrupal\u0131 T\u00fcrklerin en Yeni Haber Portal\u0131\" \/>\n<meta property=\"og:description\" content=\"T\u00fcrkiye\u2019de milyonlarca \u00e7al\u0131\u015fan\u0131 ilgilendiren asgari \u00fccret g\u00f6r\u00fc\u015fmeleri 2025 y\u0131l\u0131 i\u00e7in b\u00fcy\u00fck bir merakla takip ediliyor. Y\u00fcksek enflasyon, artan hayat pahal\u0131l\u0131\u011f\u0131 ve ekonomik belirsizlikler, 2025 y\u0131l\u0131 asgari \u00fccret zamm\u0131n\u0131 \u00e7ok daha kritik hale getiriyor. 2024 y\u0131l\u0131nda asgari \u00fccretin 17.000 TL civar\u0131na y\u00fckselmesiyle birlikte i\u015f\u00e7ilerin al\u0131m g\u00fcc\u00fcnde ciddi bir iyile\u015ftirme yap\u0131lm\u0131\u015ft\u0131. \u015eimdi g\u00f6zler, 2025 y\u0131l\u0131 i\u00e7in yap\u0131lacak [&hellip;]\" \/>\n<meta property=\"og:url\" content=\"https:\/\/avrupatv.eu\/index.php\/2024\/11\/13\/asgari-ucrette-son-dakika-gelismesi\/\" \/>\n<meta property=\"og:site_name\" content=\"Avrupal\u0131 T\u00fcrklerin en Yeni Haber Portal\u0131\" \/>\n<meta property=\"article:published_time\" content=\"2024-11-13T14:35:14+00:00\" \/>\n<meta property=\"og:image\" content=\"https:\/\/avrupatv.eu\/wp-content\/uploads\/2024\/11\/ogrenci-burs.webp\" \/>\n\t<meta property=\"og:image:width\" content=\"800\" \/>\n\t<meta property=\"og:image:height\" content=\"450\" \/>\n\t<meta property=\"og:image:type\" content=\"image\/webp\" \/>\n<meta name=\"author\" content=\"Onur Akpinar\" \/>\n<meta name=\"twitter:card\" content=\"summary_large_image\" \/>\n<meta name=\"twitter:label1\" content=\"Yazan:\" \/>\n\t<meta name=\"twitter:data1\" content=\"Onur Akpinar\" \/>\n\t<meta name=\"twitter:label2\" content=\"Tahmini okuma s\u00fcresi\" \/>\n\t<meta name=\"twitter:data2\" content=\"4 dakika\" \/>\n<script type=\"application\/ld+json\" class=\"yoast-schema-graph\">{\"@context\":\"https:\\\/\\\/schema.org\",\"@graph\":[{\"@type\":\"Article\",\"@id\":\"https:\\\/\\\/avrupatv.eu\\\/index.php\\\/2024\\\/11\\\/13\\\/asgari-ucrette-son-dakika-gelismesi\\\/#article\",\"isPartOf\":{\"@id\":\"https:\\\/\\\/avrupatv.eu\\\/index.php\\\/2024\\\/11\\\/13\\\/asgari-ucrette-son-dakika-gelismesi\\\/\"},\"author\":{\"name\":\"Onur Akpinar\",\"@id\":\"https:\\\/\\\/avrupatv.eu\\\/#\\\/schema\\\/person\\\/d56afa5d5569da4029d483da36c0c17d\"},\"headline\":\"Asgari \u00fccrette son dakika geli\u015fmesi\",\"datePublished\":\"2024-11-13T14:35:14+00:00\",\"mainEntityOfPage\":{\"@id\":\"https:\\\/\\\/avrupatv.eu\\\/index.php\\\/2024\\\/11\\\/13\\\/asgari-ucrette-son-dakika-gelismesi\\\/\"},\"wordCount\":821,\"commentCount\":0,\"publisher\":{\"@id\":\"https:\\\/\\\/avrupatv.eu\\\/#organization\"},\"image\":{\"@id\":\"https:\\\/\\\/avrupatv.eu\\\/index.php\\\/2024\\\/11\\\/13\\\/asgari-ucrette-son-dakika-gelismesi\\\/#primaryimage\"},\"thumbnailUrl\":\"https:\\\/\\\/avrupatv.eu\\\/wp-content\\\/uploads\\\/2024\\\/11\\\/ogrenci-burs.webp\",\"articleSection\":[\"G\u00fcndem\",\"T\u00fcrkiye\"],\"inLanguage\":\"tr\",\"potentialAction\":[{\"@type\":\"CommentAction\",\"name\":\"Comment\",\"target\":[\"https:\\\/\\\/avrupatv.eu\\\/index.php\\\/2024\\\/11\\\/13\\\/asgari-ucrette-son-dakika-gelismesi\\\/#respond\"]}]},{\"@type\":\"WebPage\",\"@id\":\"https:\\\/\\\/avrupatv.eu\\\/index.php\\\/2024\\\/11\\\/13\\\/asgari-ucrette-son-dakika-gelismesi\\\/\",\"url\":\"https:\\\/\\\/avrupatv.eu\\\/index.php\\\/2024\\\/11\\\/13\\\/asgari-ucrette-son-dakika-gelismesi\\\/\",\"name\":\"Asgari \u00fccrette son dakika geli\u015fmesi - Avrupal\u0131 T\u00fcrklerin en Yeni Haber Portal\u0131\",\"isPartOf\":{\"@id\":\"https:\\\/\\\/avrupatv.eu\\\/#website\"},\"primaryImageOfPage\":{\"@id\":\"https:\\\/\\\/avrupatv.eu\\\/index.php\\\/2024\\\/11\\\/13\\\/asgari-ucrette-son-dakika-gelismesi\\\/#primaryimage\"},\"image\":{\"@id\":\"https:\\\/\\\/avrupatv.eu\\\/index.php\\\/2024\\\/11\\\/13\\\/asgari-ucrette-son-dakika-gelismesi\\\/#primaryimage\"},\"thumbnailUrl\":\"https:\\\/\\\/avrupatv.eu\\\/wp-content\\\/uploads\\\/2024\\\/11\\\/ogrenci-burs.webp\",\"datePublished\":\"2024-11-13T14:35:14+00:00\",\"breadcrumb\":{\"@id\":\"https:\\\/\\\/avrupatv.eu\\\/index.php\\\/2024\\\/11\\\/13\\\/asgari-ucrette-son-dakika-gelismesi\\\/#breadcrumb\"},\"inLanguage\":\"tr\",\"potentialAction\":[{\"@type\":\"ReadAction\",\"target\":[\"https:\\\/\\\/avrupatv.eu\\\/index.php\\\/2024\\\/11\\\/13\\\/asgari-ucrette-son-dakika-gelismesi\\\/\"]}]},{\"@type\":\"ImageObject\",\"inLanguage\":\"tr\",\"@id\":\"https:\\\/\\\/avrupatv.eu\\\/index.php\\\/2024\\\/11\\\/13\\\/asgari-ucrette-son-dakika-gelismesi\\\/#primaryimage\",\"url\":\"https:\\\/\\\/avrupatv.eu\\\/wp-content\\\/uploads\\\/2024\\\/11\\\/ogrenci-burs.webp\",\"contentUrl\":\"https:\\\/\\\/avrupatv.eu\\\/wp-content\\\/uploads\\\/2024\\\/11\\\/ogrenci-burs.webp\",\"width\":800,\"height\":450},{\"@type\":\"BreadcrumbList\",\"@id\":\"https:\\\/\\\/avrupatv.eu\\\/index.php\\\/2024\\\/11\\\/13\\\/asgari-ucrette-son-dakika-gelismesi\\\/#breadcrumb\",\"itemListElement\":[{\"@type\":\"ListItem\",\"position\":1,\"name\":\"Anasayfa\",\"item\":\"https:\\\/\\\/avrupatv.eu\\\/\"},{\"@type\":\"ListItem\",\"position\":2,\"name\":\"Asgari \u00fccrette son dakika geli\u015fmesi\"}]},{\"@type\":\"WebSite\",\"@id\":\"https:\\\/\\\/avrupatv.eu\\\/#website\",\"url\":\"https:\\\/\\\/avrupatv.eu\\\/\",\"name\":\"Avrupal\u0131 T\u00fcrklerin en Yeni Haber Portal\u0131\",\"description\":\"\",\"publisher\":{\"@id\":\"https:\\\/\\\/avrupatv.eu\\\/#organization\"},\"alternateName\":\"Avrupa tv\",\"potentialAction\":[{\"@type\":\"SearchAction\",\"target\":{\"@type\":\"EntryPoint\",\"urlTemplate\":\"https:\\\/\\\/avrupatv.eu\\\/?s={search_term_string}\"},\"query-input\":{\"@type\":\"PropertyValueSpecification\",\"valueRequired\":true,\"valueName\":\"search_term_string\"}}],\"inLanguage\":\"tr\"},{\"@type\":\"Organization\",\"@id\":\"https:\\\/\\\/avrupatv.eu\\\/#organization\",\"name\":\"Avrupa Haber\",\"url\":\"https:\\\/\\\/avrupatv.eu\\\/\",\"logo\":{\"@type\":\"ImageObject\",\"inLanguage\":\"tr\",\"@id\":\"https:\\\/\\\/avrupatv.eu\\\/#\\\/schema\\\/logo\\\/image\\\/\",\"url\":\"https:\\\/\\\/avrupatv.eu\\\/wp-content\\\/uploads\\\/2023\\\/10\\\/cropped-thumbnail_logo.png\",\"contentUrl\":\"https:\\\/\\\/avrupatv.eu\\\/wp-content\\\/uploads\\\/2023\\\/10\\\/cropped-thumbnail_logo.png\",\"width\":1025,\"height\":302,\"caption\":\"Avrupa Haber\"},\"image\":{\"@id\":\"https:\\\/\\\/avrupatv.eu\\\/#\\\/schema\\\/logo\\\/image\\\/\"}},{\"@type\":\"Person\",\"@id\":\"https:\\\/\\\/avrupatv.eu\\\/#\\\/schema\\\/person\\\/d56afa5d5569da4029d483da36c0c17d\",\"name\":\"Onur Akpinar\",\"image\":{\"@type\":\"ImageObject\",\"inLanguage\":\"tr\",\"@id\":\"https:\\\/\\\/secure.gravatar.com\\\/avatar\\\/67a1a0bdf34f82da209334e4684b7e7171a58a5a2b0a8f836b61044f5c1f5d6a?s=96&d=mm&r=g\",\"url\":\"https:\\\/\\\/secure.gravatar.com\\\/avatar\\\/67a1a0bdf34f82da209334e4684b7e7171a58a5a2b0a8f836b61044f5c1f5d6a?s=96&d=mm&r=g\",\"contentUrl\":\"https:\\\/\\\/secure.gravatar.com\\\/avatar\\\/67a1a0bdf34f82da209334e4684b7e7171a58a5a2b0a8f836b61044f5c1f5d6a?s=96&d=mm&r=g\",\"caption\":\"Onur Akpinar\"},\"url\":\"https:\\\/\\\/avrupatv.eu\\\/index.php\\\/author\\\/onur-akpinar\\\/\"}]}<\/script>\n<!-- \/ Yoast SEO plugin. -->","yoast_head_json":{"title":"Asgari \u00fccrette son dakika geli\u015fmesi - Avrupal\u0131 T\u00fcrklerin en Yeni Haber Portal\u0131","robots":{"index":"index","follow":"follow","max-snippet":"max-snippet:-1","max-image-preview":"max-image-preview:large","max-video-preview":"max-video-preview:-1"},"canonical":"https:\/\/avrupatv.eu\/index.php\/2024\/11\/13\/asgari-ucrette-son-dakika-gelismesi\/","og_locale":"tr_TR","og_type":"article","og_title":"Asgari \u00fccrette son dakika geli\u015fmesi - Avrupal\u0131 T\u00fcrklerin en Yeni Haber Portal\u0131","og_description":"T\u00fcrkiye\u2019de milyonlarca \u00e7al\u0131\u015fan\u0131 ilgilendiren asgari \u00fccret g\u00f6r\u00fc\u015fmeleri 2025 y\u0131l\u0131 i\u00e7in b\u00fcy\u00fck bir merakla takip ediliyor. Y\u00fcksek enflasyon, artan hayat pahal\u0131l\u0131\u011f\u0131 ve ekonomik belirsizlikler, 2025 y\u0131l\u0131 asgari \u00fccret zamm\u0131n\u0131 \u00e7ok daha kritik hale getiriyor. 2024 y\u0131l\u0131nda asgari \u00fccretin 17.000 TL civar\u0131na y\u00fckselmesiyle birlikte i\u015f\u00e7ilerin al\u0131m g\u00fcc\u00fcnde ciddi bir iyile\u015ftirme yap\u0131lm\u0131\u015ft\u0131. \u015eimdi g\u00f6zler, 2025 y\u0131l\u0131 i\u00e7in yap\u0131lacak [&hellip;]","og_url":"https:\/\/avrupatv.eu\/index.php\/2024\/11\/13\/asgari-ucrette-son-dakika-gelismesi\/","og_site_name":"Avrupal\u0131 T\u00fcrklerin en Yeni Haber Portal\u0131","article_published_time":"2024-11-13T14:35:14+00:00","og_image":[{"width":800,"height":450,"url":"https:\/\/avrupatv.eu\/wp-content\/uploads\/2024\/11\/ogrenci-burs.webp","type":"image\/webp"}],"author":"Onur Akpinar","twitter_card":"summary_large_image","twitter_misc":{"Yazan:":"Onur Akpinar","Tahmini okuma s\u00fcresi":"4 dakika"},"schema":{"@context":"https:\/\/schema.org","@graph":[{"@type":"Article","@id":"https:\/\/avrupatv.eu\/index.php\/2024\/11\/13\/asgari-ucrette-son-dakika-gelismesi\/#article","isPartOf":{"@id":"https:\/\/avrupatv.eu\/index.php\/2024\/11\/13\/asgari-ucrette-son-dakika-gelismesi\/"},"author":{"name":"Onur Akpinar","@id":"https:\/\/avrupatv.eu\/#\/schema\/person\/d56afa5d5569da4029d483da36c0c17d"},"headline":"Asgari \u00fccrette son dakika geli\u015fmesi","datePublished":"2024-11-13T14:35:14+00:00","mainEntityOfPage":{"@id":"https:\/\/avrupatv.eu\/index.php\/2024\/11\/13\/asgari-ucrette-son-dakika-gelismesi\/"},"wordCount":821,"commentCount":0,"publisher":{"@id":"https:\/\/avrupatv.eu\/#organization"},"image":{"@id":"https:\/\/avrupatv.eu\/index.php\/2024\/11\/13\/asgari-ucrette-son-dakika-gelismesi\/#primaryimage"},"thumbnailUrl":"https:\/\/avrupatv.eu\/wp-content\/uploads\/2024\/11\/ogrenci-burs.webp","articleSection":["G\u00fcndem","T\u00fcrkiye"],"inLanguage":"tr","potentialAction":[{"@type":"CommentAction","name":"Comment","target":["https:\/\/avrupatv.eu\/index.php\/2024\/11\/13\/asgari-ucrette-son-dakika-gelismesi\/#respond"]}]},{"@type":"WebPage","@id":"https:\/\/avrupatv.eu\/index.php\/2024\/11\/13\/asgari-ucrette-son-dakika-gelismesi\/","url":"https:\/\/avrupatv.eu\/index.php\/2024\/11\/13\/asgari-ucrette-son-dakika-gelismesi\/","name":"Asgari \u00fccrette son dakika geli\u015fmesi - Avrupal\u0131 T\u00fcrklerin en Yeni Haber Portal\u0131","isPartOf":{"@id":"https:\/\/avrupatv.eu\/#website"},"primaryImageOfPage":{"@id":"https:\/\/avrupatv.eu\/index.php\/2024\/11\/13\/asgari-ucrette-son-dakika-gelismesi\/#primaryimage"},"image":{"@id":"https:\/\/avrupatv.eu\/index.php\/2024\/11\/13\/asgari-ucrette-son-dakika-gelismesi\/#primaryimage"},"thumbnailUrl":"https:\/\/avrupatv.eu\/wp-content\/uploads\/2024\/11\/ogrenci-burs.webp","datePublished":"2024-11-13T14:35:14+00:00","breadcrumb":{"@id":"https:\/\/avrupatv.eu\/index.php\/2024\/11\/13\/asgari-ucrette-son-dakika-gelismesi\/#breadcrumb"},"inLanguage":"tr","potentialAction":[{"@type":"ReadAction","target":["https:\/\/avrupatv.eu\/index.php\/2024\/11\/13\/asgari-ucrette-son-dakika-gelismesi\/"]}]},{"@type":"ImageObject","inLanguage":"tr","@id":"https:\/\/avrupatv.eu\/index.php\/2024\/11\/13\/asgari-ucrette-son-dakika-gelismesi\/#primaryimage","url":"https:\/\/avrupatv.eu\/wp-content\/uploads\/2024\/11\/ogrenci-burs.webp","contentUrl":"https:\/\/avrupatv.eu\/wp-content\/uploads\/2024\/11\/ogrenci-burs.webp","width":800,"height":450},{"@type":"BreadcrumbList","@id":"https:\/\/avrupatv.eu\/index.php\/2024\/11\/13\/asgari-ucrette-son-dakika-gelismesi\/#breadcrumb","itemListElement":[{"@type":"ListItem","position":1,"name":"Anasayfa","item":"https:\/\/avrupatv.eu\/"},{"@type":"ListItem","position":2,"name":"Asgari \u00fccrette son dakika geli\u015fmesi"}]},{"@type":"WebSite","@id":"https:\/\/avrupatv.eu\/#website","url":"https:\/\/avrupatv.eu\/","name":"Avrupal\u0131 T\u00fcrklerin en Yeni Haber Portal\u0131","description":"","publisher":{"@id":"https:\/\/avrupatv.eu\/#organization"},"alternateName":"Avrupa tv","potentialAction":[{"@type":"SearchAction","target":{"@type":"EntryPoint","urlTemplate":"https:\/\/avrupatv.eu\/?s={search_term_string}"},"query-input":{"@type":"PropertyValueSpecification","valueRequired":true,"valueName":"search_term_string"}}],"inLanguage":"tr"},{"@type":"Organization","@id":"https:\/\/avrupatv.eu\/#organization","name":"Avrupa Haber","url":"https:\/\/avrupatv.eu\/","logo":{"@type":"ImageObject","inLanguage":"tr","@id":"https:\/\/avrupatv.eu\/#\/schema\/logo\/image\/","url":"https:\/\/avrupatv.eu\/wp-content\/uploads\/2023\/10\/cropped-thumbnail_logo.png","contentUrl":"https:\/\/avrupatv.eu\/wp-content\/uploads\/2023\/10\/cropped-thumbnail_logo.png","width":1025,"height":302,"caption":"Avrupa Haber"},"image":{"@id":"https:\/\/avrupatv.eu\/#\/schema\/logo\/image\/"}},{"@type":"Person","@id":"https:\/\/avrupatv.eu\/#\/schema\/person\/d56afa5d5569da4029d483da36c0c17d","name":"Onur Akpinar","image":{"@type":"ImageObject","inLanguage":"tr","@id":"https:\/\/secure.gravatar.com\/avatar\/67a1a0bdf34f82da209334e4684b7e7171a58a5a2b0a8f836b61044f5c1f5d6a?s=96&d=mm&r=g","url":"https:\/\/secure.gravatar.com\/avatar\/67a1a0bdf34f82da209334e4684b7e7171a58a5a2b0a8f836b61044f5c1f5d6a?s=96&d=mm&r=g","contentUrl":"https:\/\/secure.gravatar.com\/avatar\/67a1a0bdf34f82da209334e4684b7e7171a58a5a2b0a8f836b61044f5c1f5d6a?s=96&d=mm&r=g","caption":"Onur Akpinar"},"url":"https:\/\/avrupatv.eu\/index.php\/author\/onur-akpinar\/"}]}},"_links":{"self":[{"href":"https:\/\/avrupatv.eu\/index.php\/wp-json\/wp\/v2\/posts\/634","targetHints":{"allow":["GET"]}}],"collection":[{"href":"https:\/\/avrupatv.eu\/index.php\/wp-json\/wp\/v2\/posts"}],"about":[{"href":"https:\/\/avrupatv.eu\/index.php\/wp-json\/wp\/v2\/types\/post"}],"author":[{"embeddable":true,"href":"https:\/\/avrupatv.eu\/index.php\/wp-json\/wp\/v2\/users\/2"}],"replies":[{"embeddable":true,"href":"https:\/\/avrupatv.eu\/index.php\/wp-json\/wp\/v2\/comments?post=634"}],"version-history":[{"count":1,"href":"https:\/\/avrupatv.eu\/index.php\/wp-json\/wp\/v2\/posts\/634\/revisions"}],"predecessor-version":[{"id":635,"href":"https:\/\/avrupatv.eu\/index.php\/wp-json\/wp\/v2\/posts\/634\/revisions\/635"}],"wp:featuredmedia":[{"embeddable":true,"href":"https:\/\/avrupatv.eu\/index.php\/wp-json\/wp\/v2\/media\/615"}],"wp:attachment":[{"href":"https:\/\/avrupatv.eu\/index.php\/wp-json\/wp\/v2\/media?parent=634"}],"wp:term":[{"taxonomy":"category","embeddable":true,"href":"https:\/\/avrupatv.eu\/index.php\/wp-json\/wp\/v2\/categories?post=634"},{"taxonomy":"post_tag","embeddable":true,"href":"https:\/\/avrupatv.eu\/index.php\/wp-json\/wp\/v2\/tags?post=634"}],"curies":[{"name":"wp","href":"https:\/\/api.w.org\/{rel}","templated":true}]}}