{"id":619,"date":"2024-11-12T15:57:05","date_gmt":"2024-11-12T15:57:05","guid":{"rendered":"https:\/\/avrupatv.eu\/?p=619"},"modified":"2024-11-12T15:57:06","modified_gmt":"2024-11-12T15:57:06","slug":"izmirde-5-kardesin-hayatini-kaybettigi-yanginda-sok-edici-detaylar-sobanin-devrilmesiyle-ne-oldu","status":"publish","type":"post","link":"https:\/\/avrupatv.eu\/index.php\/2024\/11\/12\/izmirde-5-kardesin-hayatini-kaybettigi-yanginda-sok-edici-detaylar-sobanin-devrilmesiyle-ne-oldu\/","title":{"rendered":"\u0130zmir&#8217;de 5 Karde\u015fin Hayat\u0131n\u0131 Kaybetti\u011fi Yang\u0131nda \u015eok Edici Detaylar: Soban\u0131n Devrilmesiyle Ne Oldu?"},"content":{"rendered":"\n<p>\u0130zmir\u2019in Sel\u00e7uk il\u00e7esinde, elektrikli soban\u0131n devrilmesi sonucu \u00e7\u0131kan yang\u0131nda, 1 ila 5 ya\u015f aras\u0131ndaki 5 karde\u015fin hayat\u0131n\u0131 kaybetmesi, t\u00fcm T\u00fcrkiye\u2019yi derinden sarst\u0131. Bu ac\u0131 olayda, \u00e7ocuklar\u0131n annesi Melisa Sinem Akcan ve tutuklu baba Hakan Akcan cenazeye kat\u0131lmak \u00fczere izin alarak son kez \u00e7ocuklar\u0131n\u0131 u\u011furlad\u0131. T\u00f6rende g\u00f6zya\u015flar\u0131 sel olup akt\u0131, yak\u0131nlar\u0131 ve kom\u015fular\u0131 ac\u0131y\u0131 payla\u015fmak i\u00e7in bir araya geldi. Ancak, yang\u0131n ve olayla ilgili yeni ortaya \u00e7\u0131kan detaylar y\u00fcrekleri da\u011flad\u0131.<\/p>\n\n\n\n<h3 class=\"wp-block-heading\">Kom\u015funun \u015eok Edici Tan\u0131kl\u0131\u011f\u0131<\/h3>\n\n\n\n<p>Yang\u0131n\u0131n meydana geldi\u011fi evin kom\u015fusu Soner \u015eahin, yang\u0131n\u0131n saat 19.30 s\u0131ralar\u0131nda ba\u015flad\u0131\u011f\u0131n\u0131 ve \u00e7ocuklar\u0131n annesinin \u00e7\u0131\u011fl\u0131klar\u0131n\u0131 duyduklar\u0131n\u0131 belirtti. \u015eahin, \u201c(Esma Teyze, ko\u015f, \u00e7ocuklar\u0131m \u00f6ld\u00fc!) diye bir ba\u011fr\u0131\u015fma duydum. Annesi \u00e7ocuklar\u0131 d\u0131\u015far\u0131 \u00e7\u0131kar\u0131yordu, ancak hepsinin hayat\u0131n\u0131 kaybetti\u011fini fark ettik. Dumandan zehirlenmi\u015flerdi ve bir \u00e7ocukta yan\u0131klar vard\u0131. Kararm\u0131\u015flard\u0131\u201d diye konu\u015ftu. Ayr\u0131ca, \u00e7ocuklar\u0131n annesinin evden al\u0131\u015fveri\u015fe \u00e7\u0131karken, soban\u0131n devrilmesi sonucu yang\u0131n\u0131n ba\u015flad\u0131\u011f\u0131n\u0131 aktard\u0131.<\/p>\n\n\n\n<p>Kom\u015fu, \u201cKap\u0131larda kilit yoktu ama PVC kap\u0131 oldu\u011fundan dolay\u0131 kolu \u00e7\u0131kart\u0131p kap\u0131y\u0131 \u00e7ekerdi, \u00e7ocuklar a\u00e7mas\u0131n diye. Zaten 5 ya\u015f\u0131ndaki \u00e7ocuklar\u0131n buna g\u00fcc\u00fc yetmezdi\u201d diyerek, ailenin ya\u015fad\u0131\u011f\u0131 zorluklara da dikkat \u00e7ekti.<\/p>\n\n\n\n<h3 class=\"wp-block-heading\">Yang\u0131n \u00d6ncesi Bir Ba\u015fka Felaket<\/h3>\n\n\n\n<p>\u0130lgili kom\u015fu, olaydan bir ay \u00f6nce de evin yan taraf\u0131nda bir yang\u0131n \u00e7\u0131kt\u0131\u011f\u0131n\u0131 ve bu yang\u0131n\u0131n daha az zarar verdi\u011fini ancak k\u00f6peklerin ve yavrular\u0131n\u0131n yanarak hayat\u0131n\u0131 kaybetti\u011fini ifade etti. Bu trajik olay, mahalle sakinlerinin haf\u0131zas\u0131nda iz b\u0131rakt\u0131.<\/p>\n\n\n\n<h3 class=\"wp-block-heading\">Ailenin Zorlu Durumu ve Ac\u0131l\u0131 Tan\u0131kl\u0131klar<\/h3>\n\n\n\n<p>Ailenin kom\u015fusu Hatice Tos\u00e7a, o\u011flunun i\u015f yerinden ayr\u0131lmas\u0131n\u0131n ard\u0131ndan 30 dakika sonra telefonda ac\u0131 haberi ald\u0131klar\u0131n\u0131 ve \u00e7ocu\u011funun hayat\u0131n\u0131 kaybeden 5 karde\u015fin \u00f6l\u00fcm\u00fcn\u00fc duydu\u011funu belirtti. \u201cO\u011flum, \u2018Anne, Hakan\u2019\u0131n \u00e7ocuklar\u0131 zehirlenerek \u00f6ld\u00fc\u2019 dedi. Aileyi tan\u0131yorum ve bu haber beni derinden sarst\u0131\u201d diyerek, olay\u0131n \u015fokunu ya\u015fad\u0131\u011f\u0131n\u0131 s\u00f6yledi.<\/p>\n\n\n\n<p>Kom\u015fulardan Esma \u015eahin ise, yang\u0131n an\u0131nda \u00e7ocuklar\u0131n odalar\u0131ndaki kap\u0131y\u0131 kilitleyen annelerinin evden \u00e7\u0131kt\u0131\u011f\u0131n\u0131 belirterek, \u201c\u00c7ocuklar evde yaln\u0131z kalm\u0131\u015f ve \u00fcst \u00fcste \u00f6lm\u00fc\u015fler. Anneleri s\u00fcrekli onlarla ilgilenirdi ama gitti\u011fi zaman bazen uzun s\u00fcre gelmezdi\u201d diye konu\u015ftu. Ailenin maddi durumunun \u00e7ok k\u00f6t\u00fc oldu\u011funu ve kom\u015fular\u0131n\u0131n her zaman onlara yard\u0131m etti\u011fini dile getirdi. \u015eahin, ac\u0131 bir \u015fekilde, \u201c100 ki\u015fi bu \u00e7ocuklar\u0131 alabilmek i\u00e7in \u015fikayet etti, ama al\u0131nmad\u0131lar. O \u00e7ocuklar\u0131n hi\u00e7bir su\u00e7u yoktu\u201d diyerek, sistemin eksikliklerine dikkat \u00e7ekti.<\/p>\n\n\n\n<h3 class=\"wp-block-heading\">Y\u00fcrek Burkan Ac\u0131<\/h3>\n\n\n\n<p>Bu trajik olay, sadece bir aileyi de\u011fil, t\u00fcm bir mahalleyi ve \u00fclkeyi derinden sarsarken, ya\u015fam\u0131n ne kadar k\u0131r\u0131lgan oldu\u011funu bir kez daha g\u00f6zler \u00f6n\u00fcne serdi. 5 masum \u00e7ocu\u011fun hayat\u0131n\u0131 kaybetti\u011fi yang\u0131n, hem devletin hem de toplumun \u00e7ocuklar\u0131n g\u00fcvenli\u011fi ve korunmas\u0131 konusunda daha fazla sorumluluk almas\u0131 gerekti\u011fini hat\u0131rlat\u0131yor. Yang\u0131na dair soru\u015fturma devam ederken, ba\u015fta kom\u015fular olmak \u00fczere mahalle sakinleri, bu t\u00fcr trajedilerin bir daha ya\u015fanmamas\u0131 i\u00e7in seslerini duyurmak istiyor.<\/p>\n","protected":false},"excerpt":{"rendered":"<p>\u0130zmir\u2019in Sel\u00e7uk il\u00e7esinde, elektrikli soban\u0131n devrilmesi sonucu \u00e7\u0131kan yang\u0131nda, 1 ila 5 ya\u015f aras\u0131ndaki 5 karde\u015fin hayat\u0131n\u0131 kaybetmesi, t\u00fcm T\u00fcrkiye\u2019yi derinden sarst\u0131. Bu ac\u0131 olayda, \u00e7ocuklar\u0131n annesi Melisa Sinem Akcan ve tutuklu baba Hakan Akcan cenazeye kat\u0131lmak \u00fczere izin alarak son kez \u00e7ocuklar\u0131n\u0131 u\u011furlad\u0131. T\u00f6rende g\u00f6zya\u015flar\u0131 sel olup akt\u0131, yak\u0131nlar\u0131 ve kom\u015fular\u0131 ac\u0131y\u0131 payla\u015fmak i\u00e7in [&hellip;]<\/p>\n","protected":false},"author":2,"featured_media":620,"comment_status":"open","ping_status":"open","sticky":false,"template":"","format":"standard","meta":{"footnotes":""},"categories":[8,11],"tags":[],"class_list":["post-619","post","type-post","status-publish","format-standard","has-post-thumbnail","hentry","category-gundem","category-turkiye"],"yoast_head":"<!-- This site is optimized with the Yoast SEO plugin v27.4 - https:\/\/yoast.com\/product\/yoast-seo-wordpress\/ -->\n<title>\u0130zmir&#039;de 5 Karde\u015fin Hayat\u0131n\u0131 Kaybetti\u011fi Yang\u0131nda \u015eok Edici Detaylar: Soban\u0131n Devrilmesiyle Ne Oldu? - Avrupal\u0131 T\u00fcrklerin en Yeni Haber Portal\u0131<\/title>\n<meta name=\"robots\" content=\"index, follow, max-snippet:-1, max-image-preview:large, max-video-preview:-1\" \/>\n<link rel=\"canonical\" href=\"https:\/\/avrupatv.eu\/index.php\/2024\/11\/12\/izmirde-5-kardesin-hayatini-kaybettigi-yanginda-sok-edici-detaylar-sobanin-devrilmesiyle-ne-oldu\/\" \/>\n<meta property=\"og:locale\" content=\"tr_TR\" \/>\n<meta property=\"og:type\" content=\"article\" \/>\n<meta property=\"og:title\" content=\"\u0130zmir&#039;de 5 Karde\u015fin Hayat\u0131n\u0131 Kaybetti\u011fi Yang\u0131nda \u015eok Edici Detaylar: Soban\u0131n Devrilmesiyle Ne Oldu? - Avrupal\u0131 T\u00fcrklerin en Yeni Haber Portal\u0131\" \/>\n<meta property=\"og:description\" content=\"\u0130zmir\u2019in Sel\u00e7uk il\u00e7esinde, elektrikli soban\u0131n devrilmesi sonucu \u00e7\u0131kan yang\u0131nda, 1 ila 5 ya\u015f aras\u0131ndaki 5 karde\u015fin hayat\u0131n\u0131 kaybetmesi, t\u00fcm T\u00fcrkiye\u2019yi derinden sarst\u0131. Bu ac\u0131 olayda, \u00e7ocuklar\u0131n annesi Melisa Sinem Akcan ve tutuklu baba Hakan Akcan cenazeye kat\u0131lmak \u00fczere izin alarak son kez \u00e7ocuklar\u0131n\u0131 u\u011furlad\u0131. T\u00f6rende g\u00f6zya\u015flar\u0131 sel olup akt\u0131, yak\u0131nlar\u0131 ve kom\u015fular\u0131 ac\u0131y\u0131 payla\u015fmak i\u00e7in [&hellip;]\" \/>\n<meta property=\"og:url\" content=\"https:\/\/avrupatv.eu\/index.php\/2024\/11\/12\/izmirde-5-kardesin-hayatini-kaybettigi-yanginda-sok-edici-detaylar-sobanin-devrilmesiyle-ne-oldu\/\" \/>\n<meta property=\"og:site_name\" content=\"Avrupal\u0131 T\u00fcrklerin en Yeni Haber Portal\u0131\" \/>\n<meta property=\"article:published_time\" content=\"2024-11-12T15:57:05+00:00\" \/>\n<meta property=\"article:modified_time\" content=\"2024-11-12T15:57:06+00:00\" \/>\n<meta property=\"og:image\" content=\"https:\/\/avrupatv.eu\/wp-content\/uploads\/2024\/11\/67330bfd30363706df9635f1.webp\" \/>\n\t<meta property=\"og:image:width\" content=\"770\" \/>\n\t<meta property=\"og:image:height\" content=\"422\" \/>\n\t<meta property=\"og:image:type\" content=\"image\/webp\" \/>\n<meta name=\"author\" content=\"Onur Akpinar\" \/>\n<meta name=\"twitter:card\" content=\"summary_large_image\" \/>\n<meta name=\"twitter:label1\" content=\"Yazan:\" \/>\n\t<meta name=\"twitter:data1\" content=\"Onur Akpinar\" \/>\n\t<meta name=\"twitter:label2\" content=\"Tahmini okuma s\u00fcresi\" \/>\n\t<meta name=\"twitter:data2\" content=\"3 dakika\" \/>\n<script type=\"application\/ld+json\" class=\"yoast-schema-graph\">{\"@context\":\"https:\\\/\\\/schema.org\",\"@graph\":[{\"@type\":\"Article\",\"@id\":\"https:\\\/\\\/avrupatv.eu\\\/index.php\\\/2024\\\/11\\\/12\\\/izmirde-5-kardesin-hayatini-kaybettigi-yanginda-sok-edici-detaylar-sobanin-devrilmesiyle-ne-oldu\\\/#article\",\"isPartOf\":{\"@id\":\"https:\\\/\\\/avrupatv.eu\\\/index.php\\\/2024\\\/11\\\/12\\\/izmirde-5-kardesin-hayatini-kaybettigi-yanginda-sok-edici-detaylar-sobanin-devrilmesiyle-ne-oldu\\\/\"},\"author\":{\"name\":\"Onur Akpinar\",\"@id\":\"https:\\\/\\\/avrupatv.eu\\\/#\\\/schema\\\/person\\\/d56afa5d5569da4029d483da36c0c17d\"},\"headline\":\"\u0130zmir&#8217;de 5 Karde\u015fin Hayat\u0131n\u0131 Kaybetti\u011fi Yang\u0131nda \u015eok Edici Detaylar: Soban\u0131n Devrilmesiyle Ne Oldu?\",\"datePublished\":\"2024-11-12T15:57:05+00:00\",\"dateModified\":\"2024-11-12T15:57:06+00:00\",\"mainEntityOfPage\":{\"@id\":\"https:\\\/\\\/avrupatv.eu\\\/index.php\\\/2024\\\/11\\\/12\\\/izmirde-5-kardesin-hayatini-kaybettigi-yanginda-sok-edici-detaylar-sobanin-devrilmesiyle-ne-oldu\\\/\"},\"wordCount\":579,\"commentCount\":0,\"publisher\":{\"@id\":\"https:\\\/\\\/avrupatv.eu\\\/#organization\"},\"image\":{\"@id\":\"https:\\\/\\\/avrupatv.eu\\\/index.php\\\/2024\\\/11\\\/12\\\/izmirde-5-kardesin-hayatini-kaybettigi-yanginda-sok-edici-detaylar-sobanin-devrilmesiyle-ne-oldu\\\/#primaryimage\"},\"thumbnailUrl\":\"https:\\\/\\\/avrupatv.eu\\\/wp-content\\\/uploads\\\/2024\\\/11\\\/67330bfd30363706df9635f1.webp\",\"articleSection\":[\"G\u00fcndem\",\"T\u00fcrkiye\"],\"inLanguage\":\"tr\",\"potentialAction\":[{\"@type\":\"CommentAction\",\"name\":\"Comment\",\"target\":[\"https:\\\/\\\/avrupatv.eu\\\/index.php\\\/2024\\\/11\\\/12\\\/izmirde-5-kardesin-hayatini-kaybettigi-yanginda-sok-edici-detaylar-sobanin-devrilmesiyle-ne-oldu\\\/#respond\"]}]},{\"@type\":\"WebPage\",\"@id\":\"https:\\\/\\\/avrupatv.eu\\\/index.php\\\/2024\\\/11\\\/12\\\/izmirde-5-kardesin-hayatini-kaybettigi-yanginda-sok-edici-detaylar-sobanin-devrilmesiyle-ne-oldu\\\/\",\"url\":\"https:\\\/\\\/avrupatv.eu\\\/index.php\\\/2024\\\/11\\\/12\\\/izmirde-5-kardesin-hayatini-kaybettigi-yanginda-sok-edici-detaylar-sobanin-devrilmesiyle-ne-oldu\\\/\",\"name\":\"\u0130zmir'de 5 Karde\u015fin Hayat\u0131n\u0131 Kaybetti\u011fi Yang\u0131nda \u015eok Edici Detaylar: Soban\u0131n Devrilmesiyle Ne Oldu? - Avrupal\u0131 T\u00fcrklerin en Yeni Haber Portal\u0131\",\"isPartOf\":{\"@id\":\"https:\\\/\\\/avrupatv.eu\\\/#website\"},\"primaryImageOfPage\":{\"@id\":\"https:\\\/\\\/avrupatv.eu\\\/index.php\\\/2024\\\/11\\\/12\\\/izmirde-5-kardesin-hayatini-kaybettigi-yanginda-sok-edici-detaylar-sobanin-devrilmesiyle-ne-oldu\\\/#primaryimage\"},\"image\":{\"@id\":\"https:\\\/\\\/avrupatv.eu\\\/index.php\\\/2024\\\/11\\\/12\\\/izmirde-5-kardesin-hayatini-kaybettigi-yanginda-sok-edici-detaylar-sobanin-devrilmesiyle-ne-oldu\\\/#primaryimage\"},\"thumbnailUrl\":\"https:\\\/\\\/avrupatv.eu\\\/wp-content\\\/uploads\\\/2024\\\/11\\\/67330bfd30363706df9635f1.webp\",\"datePublished\":\"2024-11-12T15:57:05+00:00\",\"dateModified\":\"2024-11-12T15:57:06+00:00\",\"breadcrumb\":{\"@id\":\"https:\\\/\\\/avrupatv.eu\\\/index.php\\\/2024\\\/11\\\/12\\\/izmirde-5-kardesin-hayatini-kaybettigi-yanginda-sok-edici-detaylar-sobanin-devrilmesiyle-ne-oldu\\\/#breadcrumb\"},\"inLanguage\":\"tr\",\"potentialAction\":[{\"@type\":\"ReadAction\",\"target\":[\"https:\\\/\\\/avrupatv.eu\\\/index.php\\\/2024\\\/11\\\/12\\\/izmirde-5-kardesin-hayatini-kaybettigi-yanginda-sok-edici-detaylar-sobanin-devrilmesiyle-ne-oldu\\\/\"]}]},{\"@type\":\"ImageObject\",\"inLanguage\":\"tr\",\"@id\":\"https:\\\/\\\/avrupatv.eu\\\/index.php\\\/2024\\\/11\\\/12\\\/izmirde-5-kardesin-hayatini-kaybettigi-yanginda-sok-edici-detaylar-sobanin-devrilmesiyle-ne-oldu\\\/#primaryimage\",\"url\":\"https:\\\/\\\/avrupatv.eu\\\/wp-content\\\/uploads\\\/2024\\\/11\\\/67330bfd30363706df9635f1.webp\",\"contentUrl\":\"https:\\\/\\\/avrupatv.eu\\\/wp-content\\\/uploads\\\/2024\\\/11\\\/67330bfd30363706df9635f1.webp\",\"width\":770,\"height\":422},{\"@type\":\"BreadcrumbList\",\"@id\":\"https:\\\/\\\/avrupatv.eu\\\/index.php\\\/2024\\\/11\\\/12\\\/izmirde-5-kardesin-hayatini-kaybettigi-yanginda-sok-edici-detaylar-sobanin-devrilmesiyle-ne-oldu\\\/#breadcrumb\",\"itemListElement\":[{\"@type\":\"ListItem\",\"position\":1,\"name\":\"Anasayfa\",\"item\":\"https:\\\/\\\/avrupatv.eu\\\/\"},{\"@type\":\"ListItem\",\"position\":2,\"name\":\"\u0130zmir&#8217;de 5 Karde\u015fin Hayat\u0131n\u0131 Kaybetti\u011fi Yang\u0131nda \u015eok Edici Detaylar: Soban\u0131n Devrilmesiyle Ne Oldu?\"}]},{\"@type\":\"WebSite\",\"@id\":\"https:\\\/\\\/avrupatv.eu\\\/#website\",\"url\":\"https:\\\/\\\/avrupatv.eu\\\/\",\"name\":\"Avrupal\u0131 T\u00fcrklerin en Yeni Haber Portal\u0131\",\"description\":\"\",\"publisher\":{\"@id\":\"https:\\\/\\\/avrupatv.eu\\\/#organization\"},\"alternateName\":\"Avrupa tv\",\"potentialAction\":[{\"@type\":\"SearchAction\",\"target\":{\"@type\":\"EntryPoint\",\"urlTemplate\":\"https:\\\/\\\/avrupatv.eu\\\/?s={search_term_string}\"},\"query-input\":{\"@type\":\"PropertyValueSpecification\",\"valueRequired\":true,\"valueName\":\"search_term_string\"}}],\"inLanguage\":\"tr\"},{\"@type\":\"Organization\",\"@id\":\"https:\\\/\\\/avrupatv.eu\\\/#organization\",\"name\":\"Avrupa Haber\",\"url\":\"https:\\\/\\\/avrupatv.eu\\\/\",\"logo\":{\"@type\":\"ImageObject\",\"inLanguage\":\"tr\",\"@id\":\"https:\\\/\\\/avrupatv.eu\\\/#\\\/schema\\\/logo\\\/image\\\/\",\"url\":\"https:\\\/\\\/avrupatv.eu\\\/wp-content\\\/uploads\\\/2023\\\/10\\\/cropped-thumbnail_logo.png\",\"contentUrl\":\"https:\\\/\\\/avrupatv.eu\\\/wp-content\\\/uploads\\\/2023\\\/10\\\/cropped-thumbnail_logo.png\",\"width\":1025,\"height\":302,\"caption\":\"Avrupa Haber\"},\"image\":{\"@id\":\"https:\\\/\\\/avrupatv.eu\\\/#\\\/schema\\\/logo\\\/image\\\/\"}},{\"@type\":\"Person\",\"@id\":\"https:\\\/\\\/avrupatv.eu\\\/#\\\/schema\\\/person\\\/d56afa5d5569da4029d483da36c0c17d\",\"name\":\"Onur Akpinar\",\"image\":{\"@type\":\"ImageObject\",\"inLanguage\":\"tr\",\"@id\":\"https:\\\/\\\/secure.gravatar.com\\\/avatar\\\/67a1a0bdf34f82da209334e4684b7e7171a58a5a2b0a8f836b61044f5c1f5d6a?s=96&d=mm&r=g\",\"url\":\"https:\\\/\\\/secure.gravatar.com\\\/avatar\\\/67a1a0bdf34f82da209334e4684b7e7171a58a5a2b0a8f836b61044f5c1f5d6a?s=96&d=mm&r=g\",\"contentUrl\":\"https:\\\/\\\/secure.gravatar.com\\\/avatar\\\/67a1a0bdf34f82da209334e4684b7e7171a58a5a2b0a8f836b61044f5c1f5d6a?s=96&d=mm&r=g\",\"caption\":\"Onur Akpinar\"},\"url\":\"https:\\\/\\\/avrupatv.eu\\\/index.php\\\/author\\\/onur-akpinar\\\/\"}]}<\/script>\n<!-- \/ Yoast SEO plugin. -->","yoast_head_json":{"title":"\u0130zmir'de 5 Karde\u015fin Hayat\u0131n\u0131 Kaybetti\u011fi Yang\u0131nda \u015eok Edici Detaylar: Soban\u0131n Devrilmesiyle Ne Oldu? - Avrupal\u0131 T\u00fcrklerin en Yeni Haber Portal\u0131","robots":{"index":"index","follow":"follow","max-snippet":"max-snippet:-1","max-image-preview":"max-image-preview:large","max-video-preview":"max-video-preview:-1"},"canonical":"https:\/\/avrupatv.eu\/index.php\/2024\/11\/12\/izmirde-5-kardesin-hayatini-kaybettigi-yanginda-sok-edici-detaylar-sobanin-devrilmesiyle-ne-oldu\/","og_locale":"tr_TR","og_type":"article","og_title":"\u0130zmir'de 5 Karde\u015fin Hayat\u0131n\u0131 Kaybetti\u011fi Yang\u0131nda \u015eok Edici Detaylar: Soban\u0131n Devrilmesiyle Ne Oldu? - Avrupal\u0131 T\u00fcrklerin en Yeni Haber Portal\u0131","og_description":"\u0130zmir\u2019in Sel\u00e7uk il\u00e7esinde, elektrikli soban\u0131n devrilmesi sonucu \u00e7\u0131kan yang\u0131nda, 1 ila 5 ya\u015f aras\u0131ndaki 5 karde\u015fin hayat\u0131n\u0131 kaybetmesi, t\u00fcm T\u00fcrkiye\u2019yi derinden sarst\u0131. Bu ac\u0131 olayda, \u00e7ocuklar\u0131n annesi Melisa Sinem Akcan ve tutuklu baba Hakan Akcan cenazeye kat\u0131lmak \u00fczere izin alarak son kez \u00e7ocuklar\u0131n\u0131 u\u011furlad\u0131. T\u00f6rende g\u00f6zya\u015flar\u0131 sel olup akt\u0131, yak\u0131nlar\u0131 ve kom\u015fular\u0131 ac\u0131y\u0131 payla\u015fmak i\u00e7in [&hellip;]","og_url":"https:\/\/avrupatv.eu\/index.php\/2024\/11\/12\/izmirde-5-kardesin-hayatini-kaybettigi-yanginda-sok-edici-detaylar-sobanin-devrilmesiyle-ne-oldu\/","og_site_name":"Avrupal\u0131 T\u00fcrklerin en Yeni Haber Portal\u0131","article_published_time":"2024-11-12T15:57:05+00:00","article_modified_time":"2024-11-12T15:57:06+00:00","og_image":[{"width":770,"height":422,"url":"https:\/\/avrupatv.eu\/wp-content\/uploads\/2024\/11\/67330bfd30363706df9635f1.webp","type":"image\/webp"}],"author":"Onur Akpinar","twitter_card":"summary_large_image","twitter_misc":{"Yazan:":"Onur Akpinar","Tahmini okuma s\u00fcresi":"3 dakika"},"schema":{"@context":"https:\/\/schema.org","@graph":[{"@type":"Article","@id":"https:\/\/avrupatv.eu\/index.php\/2024\/11\/12\/izmirde-5-kardesin-hayatini-kaybettigi-yanginda-sok-edici-detaylar-sobanin-devrilmesiyle-ne-oldu\/#article","isPartOf":{"@id":"https:\/\/avrupatv.eu\/index.php\/2024\/11\/12\/izmirde-5-kardesin-hayatini-kaybettigi-yanginda-sok-edici-detaylar-sobanin-devrilmesiyle-ne-oldu\/"},"author":{"name":"Onur Akpinar","@id":"https:\/\/avrupatv.eu\/#\/schema\/person\/d56afa5d5569da4029d483da36c0c17d"},"headline":"\u0130zmir&#8217;de 5 Karde\u015fin Hayat\u0131n\u0131 Kaybetti\u011fi Yang\u0131nda \u015eok Edici Detaylar: Soban\u0131n Devrilmesiyle Ne Oldu?","datePublished":"2024-11-12T15:57:05+00:00","dateModified":"2024-11-12T15:57:06+00:00","mainEntityOfPage":{"@id":"https:\/\/avrupatv.eu\/index.php\/2024\/11\/12\/izmirde-5-kardesin-hayatini-kaybettigi-yanginda-sok-edici-detaylar-sobanin-devrilmesiyle-ne-oldu\/"},"wordCount":579,"commentCount":0,"publisher":{"@id":"https:\/\/avrupatv.eu\/#organization"},"image":{"@id":"https:\/\/avrupatv.eu\/index.php\/2024\/11\/12\/izmirde-5-kardesin-hayatini-kaybettigi-yanginda-sok-edici-detaylar-sobanin-devrilmesiyle-ne-oldu\/#primaryimage"},"thumbnailUrl":"https:\/\/avrupatv.eu\/wp-content\/uploads\/2024\/11\/67330bfd30363706df9635f1.webp","articleSection":["G\u00fcndem","T\u00fcrkiye"],"inLanguage":"tr","potentialAction":[{"@type":"CommentAction","name":"Comment","target":["https:\/\/avrupatv.eu\/index.php\/2024\/11\/12\/izmirde-5-kardesin-hayatini-kaybettigi-yanginda-sok-edici-detaylar-sobanin-devrilmesiyle-ne-oldu\/#respond"]}]},{"@type":"WebPage","@id":"https:\/\/avrupatv.eu\/index.php\/2024\/11\/12\/izmirde-5-kardesin-hayatini-kaybettigi-yanginda-sok-edici-detaylar-sobanin-devrilmesiyle-ne-oldu\/","url":"https:\/\/avrupatv.eu\/index.php\/2024\/11\/12\/izmirde-5-kardesin-hayatini-kaybettigi-yanginda-sok-edici-detaylar-sobanin-devrilmesiyle-ne-oldu\/","name":"\u0130zmir'de 5 Karde\u015fin Hayat\u0131n\u0131 Kaybetti\u011fi Yang\u0131nda \u015eok Edici Detaylar: Soban\u0131n Devrilmesiyle Ne Oldu? - Avrupal\u0131 T\u00fcrklerin en Yeni Haber Portal\u0131","isPartOf":{"@id":"https:\/\/avrupatv.eu\/#website"},"primaryImageOfPage":{"@id":"https:\/\/avrupatv.eu\/index.php\/2024\/11\/12\/izmirde-5-kardesin-hayatini-kaybettigi-yanginda-sok-edici-detaylar-sobanin-devrilmesiyle-ne-oldu\/#primaryimage"},"image":{"@id":"https:\/\/avrupatv.eu\/index.php\/2024\/11\/12\/izmirde-5-kardesin-hayatini-kaybettigi-yanginda-sok-edici-detaylar-sobanin-devrilmesiyle-ne-oldu\/#primaryimage"},"thumbnailUrl":"https:\/\/avrupatv.eu\/wp-content\/uploads\/2024\/11\/67330bfd30363706df9635f1.webp","datePublished":"2024-11-12T15:57:05+00:00","dateModified":"2024-11-12T15:57:06+00:00","breadcrumb":{"@id":"https:\/\/avrupatv.eu\/index.php\/2024\/11\/12\/izmirde-5-kardesin-hayatini-kaybettigi-yanginda-sok-edici-detaylar-sobanin-devrilmesiyle-ne-oldu\/#breadcrumb"},"inLanguage":"tr","potentialAction":[{"@type":"ReadAction","target":["https:\/\/avrupatv.eu\/index.php\/2024\/11\/12\/izmirde-5-kardesin-hayatini-kaybettigi-yanginda-sok-edici-detaylar-sobanin-devrilmesiyle-ne-oldu\/"]}]},{"@type":"ImageObject","inLanguage":"tr","@id":"https:\/\/avrupatv.eu\/index.php\/2024\/11\/12\/izmirde-5-kardesin-hayatini-kaybettigi-yanginda-sok-edici-detaylar-sobanin-devrilmesiyle-ne-oldu\/#primaryimage","url":"https:\/\/avrupatv.eu\/wp-content\/uploads\/2024\/11\/67330bfd30363706df9635f1.webp","contentUrl":"https:\/\/avrupatv.eu\/wp-content\/uploads\/2024\/11\/67330bfd30363706df9635f1.webp","width":770,"height":422},{"@type":"BreadcrumbList","@id":"https:\/\/avrupatv.eu\/index.php\/2024\/11\/12\/izmirde-5-kardesin-hayatini-kaybettigi-yanginda-sok-edici-detaylar-sobanin-devrilmesiyle-ne-oldu\/#breadcrumb","itemListElement":[{"@type":"ListItem","position":1,"name":"Anasayfa","item":"https:\/\/avrupatv.eu\/"},{"@type":"ListItem","position":2,"name":"\u0130zmir&#8217;de 5 Karde\u015fin Hayat\u0131n\u0131 Kaybetti\u011fi Yang\u0131nda \u015eok Edici Detaylar: Soban\u0131n Devrilmesiyle Ne Oldu?"}]},{"@type":"WebSite","@id":"https:\/\/avrupatv.eu\/#website","url":"https:\/\/avrupatv.eu\/","name":"Avrupal\u0131 T\u00fcrklerin en Yeni Haber Portal\u0131","description":"","publisher":{"@id":"https:\/\/avrupatv.eu\/#organization"},"alternateName":"Avrupa tv","potentialAction":[{"@type":"SearchAction","target":{"@type":"EntryPoint","urlTemplate":"https:\/\/avrupatv.eu\/?s={search_term_string}"},"query-input":{"@type":"PropertyValueSpecification","valueRequired":true,"valueName":"search_term_string"}}],"inLanguage":"tr"},{"@type":"Organization","@id":"https:\/\/avrupatv.eu\/#organization","name":"Avrupa Haber","url":"https:\/\/avrupatv.eu\/","logo":{"@type":"ImageObject","inLanguage":"tr","@id":"https:\/\/avrupatv.eu\/#\/schema\/logo\/image\/","url":"https:\/\/avrupatv.eu\/wp-content\/uploads\/2023\/10\/cropped-thumbnail_logo.png","contentUrl":"https:\/\/avrupatv.eu\/wp-content\/uploads\/2023\/10\/cropped-thumbnail_logo.png","width":1025,"height":302,"caption":"Avrupa Haber"},"image":{"@id":"https:\/\/avrupatv.eu\/#\/schema\/logo\/image\/"}},{"@type":"Person","@id":"https:\/\/avrupatv.eu\/#\/schema\/person\/d56afa5d5569da4029d483da36c0c17d","name":"Onur Akpinar","image":{"@type":"ImageObject","inLanguage":"tr","@id":"https:\/\/secure.gravatar.com\/avatar\/67a1a0bdf34f82da209334e4684b7e7171a58a5a2b0a8f836b61044f5c1f5d6a?s=96&d=mm&r=g","url":"https:\/\/secure.gravatar.com\/avatar\/67a1a0bdf34f82da209334e4684b7e7171a58a5a2b0a8f836b61044f5c1f5d6a?s=96&d=mm&r=g","contentUrl":"https:\/\/secure.gravatar.com\/avatar\/67a1a0bdf34f82da209334e4684b7e7171a58a5a2b0a8f836b61044f5c1f5d6a?s=96&d=mm&r=g","caption":"Onur Akpinar"},"url":"https:\/\/avrupatv.eu\/index.php\/author\/onur-akpinar\/"}]}},"_links":{"self":[{"href":"https:\/\/avrupatv.eu\/index.php\/wp-json\/wp\/v2\/posts\/619","targetHints":{"allow":["GET"]}}],"collection":[{"href":"https:\/\/avrupatv.eu\/index.php\/wp-json\/wp\/v2\/posts"}],"about":[{"href":"https:\/\/avrupatv.eu\/index.php\/wp-json\/wp\/v2\/types\/post"}],"author":[{"embeddable":true,"href":"https:\/\/avrupatv.eu\/index.php\/wp-json\/wp\/v2\/users\/2"}],"replies":[{"embeddable":true,"href":"https:\/\/avrupatv.eu\/index.php\/wp-json\/wp\/v2\/comments?post=619"}],"version-history":[{"count":1,"href":"https:\/\/avrupatv.eu\/index.php\/wp-json\/wp\/v2\/posts\/619\/revisions"}],"predecessor-version":[{"id":621,"href":"https:\/\/avrupatv.eu\/index.php\/wp-json\/wp\/v2\/posts\/619\/revisions\/621"}],"wp:featuredmedia":[{"embeddable":true,"href":"https:\/\/avrupatv.eu\/index.php\/wp-json\/wp\/v2\/media\/620"}],"wp:attachment":[{"href":"https:\/\/avrupatv.eu\/index.php\/wp-json\/wp\/v2\/media?parent=619"}],"wp:term":[{"taxonomy":"category","embeddable":true,"href":"https:\/\/avrupatv.eu\/index.php\/wp-json\/wp\/v2\/categories?post=619"},{"taxonomy":"post_tag","embeddable":true,"href":"https:\/\/avrupatv.eu\/index.php\/wp-json\/wp\/v2\/tags?post=619"}],"curies":[{"name":"wp","href":"https:\/\/api.w.org\/{rel}","templated":true}]}}