{"id":616,"date":"2024-11-12T15:44:32","date_gmt":"2024-11-12T15:44:32","guid":{"rendered":"https:\/\/avrupatv.eu\/?p=616"},"modified":"2024-11-12T15:44:32","modified_gmt":"2024-11-12T15:44:32","slug":"brukselde-sosyal-medya-krizi-hukuki-surece-tasiyor-yusuf-yildizdan-melissa-amirkhizyye-suc-duyurusu","status":"publish","type":"post","link":"https:\/\/avrupatv.eu\/index.php\/2024\/11\/12\/brukselde-sosyal-medya-krizi-hukuki-surece-tasiyor-yusuf-yildizdan-melissa-amirkhizyye-suc-duyurusu\/","title":{"rendered":"Br\u00fcksel\u2019de Sosyal Medya Krizi Hukuki S\u00fcrece Ta\u015f\u0131yor: Yusuf Y\u0131ld\u0131z&#8217;dan Melissa Amirkhizy\u2019ye Su\u00e7 Duyurusu"},"content":{"rendered":"\n<p><strong>Br\u00fcksel\u2019de Sosyal Medya Tart\u0131\u015fmas\u0131 Hukuki S\u00fcrece Ta\u015f\u0131nd\u0131: Yusuf Y\u0131ld\u0131z, Melissa Amirkhizy\u2019ye Su\u00e7 Duyurusunda Bulundu<\/strong><\/p>\n\n\n\n<p>Br\u00fcksel Milletvekili Yusuf Y\u0131ld\u0131z (PS), liberal Melissa Amirkhizy aras\u0131nda ya\u015fanan tart\u0131\u015fmal\u0131 tweet olay\u0131n\u0131n hukuki bir boyuta ta\u015f\u0131nmas\u0131n\u0131n ard\u0131ndan su\u00e7 duyurusunda bulundu. Y\u0131ld\u0131z, Amirkhizy\u2019ye onuruna sald\u0131r\u0131 ve nefrete tahrik su\u00e7lamalar\u0131yla \u00e7ifte \u015fikayette bulundu. Bu geli\u015fme, Br\u00fcksel\u2019de sosyal medya g\u00fcndemini sarsarken, tart\u0131\u015fman\u0131n yak\u0131n bir zamanda mahkemeye ta\u015f\u0131nmas\u0131 bekleniyor.<\/p>\n\n\n\n<p>Olay\u0131n ba\u015flang\u0131c\u0131, Ganshoren&#8217;den liberal siyaset\u00e7i Melissa Amirkhizy&#8217;nin, Mons&#8217;ta duyurulan PS-PTB-Ecolo koalisyonunu hedef alan bir tweet atmas\u0131yla ba\u015flad\u0131. Amirkhizy, Djellaba giyen insanlar\u0131n foto\u011fraf\u0131n\u0131 payla\u015farak \u015fu ironik yorumu yapm\u0131\u015ft\u0131: &#8220;Vay can\u0131na karde\u015flerim, size s\u00f6yl\u00fcyorum, PS-PTB-Ecolo koalisyonu, bu bizim i\u00e7in fazla iyi!&#8221;<\/p>\n\n\n\n<p>Yusuf Y\u0131ld\u0131z, bu tweet&#8217;in yabanc\u0131 k\u00f6kenli insanlar\u0131n &#8220;tipik dindar&#8221; ve temsili olmayan bir az\u0131nl\u0131k olarak tasvir edilmesini ele\u015ftirdi. Y\u0131ld\u0131z, tweet\u2019in \u0131rk\u00e7\u0131 ve yabanc\u0131 d\u00fc\u015fman\u0131 bir \u00fcslup ta\u015f\u0131d\u0131\u011f\u0131n\u0131, bunun da sayg\u0131n \u00e7o\u011funlu\u011fa kar\u015f\u0131 a\u015fa\u011f\u0131lay\u0131c\u0131 bir tutum sergiledi\u011fini belirtti. Y\u0131ld\u0131z, bu tarz yorumlar\u0131n \u00f6tesine ge\u00e7erek, g\u00f6\u00e7men k\u00f6kenli sol se\u00e7menleri yaln\u0131zca topluluk\u00e7u bak\u0131\u015f a\u00e7\u0131s\u0131yla hareket eden ve genel \u00e7\u0131karlar\u0131 d\u00fc\u015f\u00fcnmeyen bireyler olarak tan\u0131mlad\u0131\u011f\u0131n\u0131 ifade etti.<\/p>\n\n\n\n<p>Bu a\u00e7\u0131klamalar\u0131n\u0131, 1981 tarihli yasaya ayk\u0131r\u0131 olarak \u0131rk\u00e7\u0131l\u0131k ve yabanc\u0131 d\u00fc\u015fmanl\u0131\u011f\u0131 i\u00e7eren eylemleri cezaland\u0131ran bir su\u00e7 te\u015fkil etti\u011fi ve Br\u00fcksel Yasas\u0131\u2019na kar\u015f\u0131 oldu\u011fu d\u00fc\u015f\u00fcncesiyle destekledi. Y\u0131ld\u0131z, bu t\u00fcr a\u00e7\u0131klamalar\u0131n toplumda ayr\u0131mc\u0131l\u0131\u011f\u0131 k\u00f6r\u00fckledi\u011fini vurgulad\u0131.<\/p>\n\n\n\n<p>Tart\u0131\u015fma bununla da bitmedi. Y\u0131ld\u0131z, Amirkhizy&#8217;nin tweet&#8217;ine y\u00f6nelik bir internet kullan\u0131c\u0131s\u0131n\u0131n \u201cSilinen tweet&#8217;in ba\u011flam\u0131n\u0131 koymal\u0131y\u0131z\u201d \u015feklindeki yorumuna tepki g\u00f6stererek, Melissa Amirkhizy&#8217;nin s\u00f6z konusu tweet\u2019i partisinin liderli\u011finden ald\u0131\u011f\u0131 bir emir do\u011frultusunda sildi\u011fini \u00f6ne s\u00fcrd\u00fc. Y\u0131ld\u0131z, Amirkhizy\u2019nin \u201cEmir emirdir!\u201d \u015feklindeki yorumuyla durumu bir tehdit olarak nitelendirilen bir ifadeye d\u00f6n\u00fc\u015ft\u00fcrd\u00fc. Bunun \u00fczerine Amirkhizy, Y\u0131ld\u0131z\u2019\u0131n s\u00f6zlerini bir tehdit olarak alg\u0131layarak ge\u00e7ti\u011fimiz Cumartesi g\u00fcn\u00fc polise ba\u015fvurdu.<\/p>\n\n\n\n<p>Yusuf Y\u0131ld\u0131z, iddialar\u0131n\u0131 desteklemek i\u00e7in tweet\u2019in ekran g\u00f6r\u00fcnt\u00fclerini toplad\u0131. Y\u0131ld\u0131z, tweet\u2019inin netlik eksikli\u011fi ta\u015f\u0131d\u0131\u011f\u0131n\u0131 kabul etmekle birlikte, mesaj\u0131n\u0131n hi\u00e7bir \u015fekilde \u00f6l\u00fcm tehdidi olarak alg\u0131lanmamas\u0131 gerekti\u011fini savundu.<\/p>\n\n\n\n<p>Br\u00fcksel\u2019deki bu tart\u0131\u015fma, sosyal medya \u00fczerinden politik \u00e7eki\u015fmelerin nas\u0131l h\u0131zla hukuki bir s\u00fcrece d\u00f6n\u00fc\u015febilece\u011finin \u00e7arp\u0131c\u0131 bir \u00f6rne\u011fini te\u015fkil ediyor. Olay\u0131n devam\u0131, siyasetin ve sosyal medyan\u0131n kesi\u015fti\u011fi alandaki yasal ve toplumsal yans\u0131malar\u0131 g\u00f6zler \u00f6n\u00fcne serecek gibi g\u00f6r\u00fcn\u00fcyor.<\/p>\n\n\n\n<p>Kaynak: Yeni Vatan Bel\u00e7ika (Cafer Y\u0131ld\u0131r\u0131mer)<\/p>\n","protected":false},"excerpt":{"rendered":"<p>Br\u00fcksel\u2019de Sosyal Medya Tart\u0131\u015fmas\u0131 Hukuki S\u00fcrece Ta\u015f\u0131nd\u0131: Yusuf Y\u0131ld\u0131z, Melissa Amirkhizy\u2019ye Su\u00e7 Duyurusunda Bulundu Br\u00fcksel Milletvekili Yusuf Y\u0131ld\u0131z (PS), liberal Melissa Amirkhizy aras\u0131nda ya\u015fanan tart\u0131\u015fmal\u0131 tweet olay\u0131n\u0131n hukuki bir boyuta ta\u015f\u0131nmas\u0131n\u0131n ard\u0131ndan su\u00e7 duyurusunda bulundu. Y\u0131ld\u0131z, Amirkhizy\u2019ye onuruna sald\u0131r\u0131 ve nefrete tahrik su\u00e7lamalar\u0131yla \u00e7ifte \u015fikayette bulundu. Bu geli\u015fme, Br\u00fcksel\u2019de sosyal medya g\u00fcndemini sarsarken, tart\u0131\u015fman\u0131n yak\u0131n [&hellip;]<\/p>\n","protected":false},"author":2,"featured_media":617,"comment_status":"open","ping_status":"open","sticky":false,"template":"","format":"standard","meta":{"footnotes":""},"categories":[9,21,8],"tags":[],"class_list":["post-616","post","type-post","status-publish","format-standard","has-post-thumbnail","hentry","category-avrupa","category-belcika","category-gundem"],"yoast_head":"<!-- This site is optimized with the Yoast SEO plugin v27.4 - https:\/\/yoast.com\/product\/yoast-seo-wordpress\/ -->\n<title>Br\u00fcksel\u2019de Sosyal Medya Krizi Hukuki S\u00fcrece Ta\u015f\u0131yor: Yusuf Y\u0131ld\u0131z&#039;dan Melissa Amirkhizy\u2019ye Su\u00e7 Duyurusu - Avrupal\u0131 T\u00fcrklerin en Yeni Haber Portal\u0131<\/title>\n<meta name=\"robots\" content=\"index, follow, max-snippet:-1, max-image-preview:large, max-video-preview:-1\" \/>\n<link rel=\"canonical\" href=\"https:\/\/avrupatv.eu\/index.php\/2024\/11\/12\/brukselde-sosyal-medya-krizi-hukuki-surece-tasiyor-yusuf-yildizdan-melissa-amirkhizyye-suc-duyurusu\/\" \/>\n<meta property=\"og:locale\" content=\"tr_TR\" \/>\n<meta property=\"og:type\" content=\"article\" \/>\n<meta property=\"og:title\" content=\"Br\u00fcksel\u2019de Sosyal Medya Krizi Hukuki S\u00fcrece Ta\u015f\u0131yor: Yusuf Y\u0131ld\u0131z&#039;dan Melissa Amirkhizy\u2019ye Su\u00e7 Duyurusu - Avrupal\u0131 T\u00fcrklerin en Yeni Haber Portal\u0131\" \/>\n<meta property=\"og:description\" content=\"Br\u00fcksel\u2019de Sosyal Medya Tart\u0131\u015fmas\u0131 Hukuki S\u00fcrece Ta\u015f\u0131nd\u0131: Yusuf Y\u0131ld\u0131z, Melissa Amirkhizy\u2019ye Su\u00e7 Duyurusunda Bulundu Br\u00fcksel Milletvekili Yusuf Y\u0131ld\u0131z (PS), liberal Melissa Amirkhizy aras\u0131nda ya\u015fanan tart\u0131\u015fmal\u0131 tweet olay\u0131n\u0131n hukuki bir boyuta ta\u015f\u0131nmas\u0131n\u0131n ard\u0131ndan su\u00e7 duyurusunda bulundu. Y\u0131ld\u0131z, Amirkhizy\u2019ye onuruna sald\u0131r\u0131 ve nefrete tahrik su\u00e7lamalar\u0131yla \u00e7ifte \u015fikayette bulundu. Bu geli\u015fme, Br\u00fcksel\u2019de sosyal medya g\u00fcndemini sarsarken, tart\u0131\u015fman\u0131n yak\u0131n [&hellip;]\" \/>\n<meta property=\"og:url\" content=\"https:\/\/avrupatv.eu\/index.php\/2024\/11\/12\/brukselde-sosyal-medya-krizi-hukuki-surece-tasiyor-yusuf-yildizdan-melissa-amirkhizyye-suc-duyurusu\/\" \/>\n<meta property=\"og:site_name\" content=\"Avrupal\u0131 T\u00fcrklerin en Yeni Haber Portal\u0131\" \/>\n<meta property=\"article:published_time\" content=\"2024-11-12T15:44:32+00:00\" \/>\n<meta property=\"og:image\" content=\"https:\/\/avrupatv.eu\/wp-content\/uploads\/2024\/11\/yusuf-yildiz02.jpg\" \/>\n\t<meta property=\"og:image:width\" content=\"1000\" \/>\n\t<meta property=\"og:image:height\" content=\"750\" \/>\n\t<meta property=\"og:image:type\" content=\"image\/jpeg\" \/>\n<meta name=\"author\" content=\"Onur Akpinar\" \/>\n<meta name=\"twitter:card\" content=\"summary_large_image\" \/>\n<meta name=\"twitter:label1\" content=\"Yazan:\" \/>\n\t<meta name=\"twitter:data1\" content=\"Onur Akpinar\" \/>\n\t<meta name=\"twitter:label2\" content=\"Tahmini okuma s\u00fcresi\" \/>\n\t<meta name=\"twitter:data2\" content=\"3 dakika\" \/>\n<script type=\"application\/ld+json\" class=\"yoast-schema-graph\">{\"@context\":\"https:\\\/\\\/schema.org\",\"@graph\":[{\"@type\":\"Article\",\"@id\":\"https:\\\/\\\/avrupatv.eu\\\/index.php\\\/2024\\\/11\\\/12\\\/brukselde-sosyal-medya-krizi-hukuki-surece-tasiyor-yusuf-yildizdan-melissa-amirkhizyye-suc-duyurusu\\\/#article\",\"isPartOf\":{\"@id\":\"https:\\\/\\\/avrupatv.eu\\\/index.php\\\/2024\\\/11\\\/12\\\/brukselde-sosyal-medya-krizi-hukuki-surece-tasiyor-yusuf-yildizdan-melissa-amirkhizyye-suc-duyurusu\\\/\"},\"author\":{\"name\":\"Onur Akpinar\",\"@id\":\"https:\\\/\\\/avrupatv.eu\\\/#\\\/schema\\\/person\\\/d56afa5d5569da4029d483da36c0c17d\"},\"headline\":\"Br\u00fcksel\u2019de Sosyal Medya Krizi Hukuki S\u00fcrece Ta\u015f\u0131yor: Yusuf Y\u0131ld\u0131z&#8217;dan Melissa Amirkhizy\u2019ye Su\u00e7 Duyurusu\",\"datePublished\":\"2024-11-12T15:44:32+00:00\",\"mainEntityOfPage\":{\"@id\":\"https:\\\/\\\/avrupatv.eu\\\/index.php\\\/2024\\\/11\\\/12\\\/brukselde-sosyal-medya-krizi-hukuki-surece-tasiyor-yusuf-yildizdan-melissa-amirkhizyye-suc-duyurusu\\\/\"},\"wordCount\":540,\"commentCount\":0,\"publisher\":{\"@id\":\"https:\\\/\\\/avrupatv.eu\\\/#organization\"},\"image\":{\"@id\":\"https:\\\/\\\/avrupatv.eu\\\/index.php\\\/2024\\\/11\\\/12\\\/brukselde-sosyal-medya-krizi-hukuki-surece-tasiyor-yusuf-yildizdan-melissa-amirkhizyye-suc-duyurusu\\\/#primaryimage\"},\"thumbnailUrl\":\"https:\\\/\\\/avrupatv.eu\\\/wp-content\\\/uploads\\\/2024\\\/11\\\/yusuf-yildiz02.jpg\",\"articleSection\":[\"Avrupa\",\"Bel\u00e7ika\",\"G\u00fcndem\"],\"inLanguage\":\"tr\",\"potentialAction\":[{\"@type\":\"CommentAction\",\"name\":\"Comment\",\"target\":[\"https:\\\/\\\/avrupatv.eu\\\/index.php\\\/2024\\\/11\\\/12\\\/brukselde-sosyal-medya-krizi-hukuki-surece-tasiyor-yusuf-yildizdan-melissa-amirkhizyye-suc-duyurusu\\\/#respond\"]}]},{\"@type\":\"WebPage\",\"@id\":\"https:\\\/\\\/avrupatv.eu\\\/index.php\\\/2024\\\/11\\\/12\\\/brukselde-sosyal-medya-krizi-hukuki-surece-tasiyor-yusuf-yildizdan-melissa-amirkhizyye-suc-duyurusu\\\/\",\"url\":\"https:\\\/\\\/avrupatv.eu\\\/index.php\\\/2024\\\/11\\\/12\\\/brukselde-sosyal-medya-krizi-hukuki-surece-tasiyor-yusuf-yildizdan-melissa-amirkhizyye-suc-duyurusu\\\/\",\"name\":\"Br\u00fcksel\u2019de Sosyal Medya Krizi Hukuki S\u00fcrece Ta\u015f\u0131yor: Yusuf Y\u0131ld\u0131z'dan Melissa Amirkhizy\u2019ye Su\u00e7 Duyurusu - Avrupal\u0131 T\u00fcrklerin en Yeni Haber Portal\u0131\",\"isPartOf\":{\"@id\":\"https:\\\/\\\/avrupatv.eu\\\/#website\"},\"primaryImageOfPage\":{\"@id\":\"https:\\\/\\\/avrupatv.eu\\\/index.php\\\/2024\\\/11\\\/12\\\/brukselde-sosyal-medya-krizi-hukuki-surece-tasiyor-yusuf-yildizdan-melissa-amirkhizyye-suc-duyurusu\\\/#primaryimage\"},\"image\":{\"@id\":\"https:\\\/\\\/avrupatv.eu\\\/index.php\\\/2024\\\/11\\\/12\\\/brukselde-sosyal-medya-krizi-hukuki-surece-tasiyor-yusuf-yildizdan-melissa-amirkhizyye-suc-duyurusu\\\/#primaryimage\"},\"thumbnailUrl\":\"https:\\\/\\\/avrupatv.eu\\\/wp-content\\\/uploads\\\/2024\\\/11\\\/yusuf-yildiz02.jpg\",\"datePublished\":\"2024-11-12T15:44:32+00:00\",\"breadcrumb\":{\"@id\":\"https:\\\/\\\/avrupatv.eu\\\/index.php\\\/2024\\\/11\\\/12\\\/brukselde-sosyal-medya-krizi-hukuki-surece-tasiyor-yusuf-yildizdan-melissa-amirkhizyye-suc-duyurusu\\\/#breadcrumb\"},\"inLanguage\":\"tr\",\"potentialAction\":[{\"@type\":\"ReadAction\",\"target\":[\"https:\\\/\\\/avrupatv.eu\\\/index.php\\\/2024\\\/11\\\/12\\\/brukselde-sosyal-medya-krizi-hukuki-surece-tasiyor-yusuf-yildizdan-melissa-amirkhizyye-suc-duyurusu\\\/\"]}]},{\"@type\":\"ImageObject\",\"inLanguage\":\"tr\",\"@id\":\"https:\\\/\\\/avrupatv.eu\\\/index.php\\\/2024\\\/11\\\/12\\\/brukselde-sosyal-medya-krizi-hukuki-surece-tasiyor-yusuf-yildizdan-melissa-amirkhizyye-suc-duyurusu\\\/#primaryimage\",\"url\":\"https:\\\/\\\/avrupatv.eu\\\/wp-content\\\/uploads\\\/2024\\\/11\\\/yusuf-yildiz02.jpg\",\"contentUrl\":\"https:\\\/\\\/avrupatv.eu\\\/wp-content\\\/uploads\\\/2024\\\/11\\\/yusuf-yildiz02.jpg\",\"width\":1000,\"height\":750},{\"@type\":\"BreadcrumbList\",\"@id\":\"https:\\\/\\\/avrupatv.eu\\\/index.php\\\/2024\\\/11\\\/12\\\/brukselde-sosyal-medya-krizi-hukuki-surece-tasiyor-yusuf-yildizdan-melissa-amirkhizyye-suc-duyurusu\\\/#breadcrumb\",\"itemListElement\":[{\"@type\":\"ListItem\",\"position\":1,\"name\":\"Anasayfa\",\"item\":\"https:\\\/\\\/avrupatv.eu\\\/\"},{\"@type\":\"ListItem\",\"position\":2,\"name\":\"Br\u00fcksel\u2019de Sosyal Medya Krizi Hukuki S\u00fcrece Ta\u015f\u0131yor: Yusuf Y\u0131ld\u0131z&#8217;dan Melissa Amirkhizy\u2019ye Su\u00e7 Duyurusu\"}]},{\"@type\":\"WebSite\",\"@id\":\"https:\\\/\\\/avrupatv.eu\\\/#website\",\"url\":\"https:\\\/\\\/avrupatv.eu\\\/\",\"name\":\"Avrupal\u0131 T\u00fcrklerin en Yeni Haber Portal\u0131\",\"description\":\"\",\"publisher\":{\"@id\":\"https:\\\/\\\/avrupatv.eu\\\/#organization\"},\"alternateName\":\"Avrupa tv\",\"potentialAction\":[{\"@type\":\"SearchAction\",\"target\":{\"@type\":\"EntryPoint\",\"urlTemplate\":\"https:\\\/\\\/avrupatv.eu\\\/?s={search_term_string}\"},\"query-input\":{\"@type\":\"PropertyValueSpecification\",\"valueRequired\":true,\"valueName\":\"search_term_string\"}}],\"inLanguage\":\"tr\"},{\"@type\":\"Organization\",\"@id\":\"https:\\\/\\\/avrupatv.eu\\\/#organization\",\"name\":\"Avrupa Haber\",\"url\":\"https:\\\/\\\/avrupatv.eu\\\/\",\"logo\":{\"@type\":\"ImageObject\",\"inLanguage\":\"tr\",\"@id\":\"https:\\\/\\\/avrupatv.eu\\\/#\\\/schema\\\/logo\\\/image\\\/\",\"url\":\"https:\\\/\\\/avrupatv.eu\\\/wp-content\\\/uploads\\\/2023\\\/10\\\/cropped-thumbnail_logo.png\",\"contentUrl\":\"https:\\\/\\\/avrupatv.eu\\\/wp-content\\\/uploads\\\/2023\\\/10\\\/cropped-thumbnail_logo.png\",\"width\":1025,\"height\":302,\"caption\":\"Avrupa Haber\"},\"image\":{\"@id\":\"https:\\\/\\\/avrupatv.eu\\\/#\\\/schema\\\/logo\\\/image\\\/\"}},{\"@type\":\"Person\",\"@id\":\"https:\\\/\\\/avrupatv.eu\\\/#\\\/schema\\\/person\\\/d56afa5d5569da4029d483da36c0c17d\",\"name\":\"Onur Akpinar\",\"image\":{\"@type\":\"ImageObject\",\"inLanguage\":\"tr\",\"@id\":\"https:\\\/\\\/secure.gravatar.com\\\/avatar\\\/67a1a0bdf34f82da209334e4684b7e7171a58a5a2b0a8f836b61044f5c1f5d6a?s=96&d=mm&r=g\",\"url\":\"https:\\\/\\\/secure.gravatar.com\\\/avatar\\\/67a1a0bdf34f82da209334e4684b7e7171a58a5a2b0a8f836b61044f5c1f5d6a?s=96&d=mm&r=g\",\"contentUrl\":\"https:\\\/\\\/secure.gravatar.com\\\/avatar\\\/67a1a0bdf34f82da209334e4684b7e7171a58a5a2b0a8f836b61044f5c1f5d6a?s=96&d=mm&r=g\",\"caption\":\"Onur Akpinar\"},\"url\":\"https:\\\/\\\/avrupatv.eu\\\/index.php\\\/author\\\/onur-akpinar\\\/\"}]}<\/script>\n<!-- \/ Yoast SEO plugin. -->","yoast_head_json":{"title":"Br\u00fcksel\u2019de Sosyal Medya Krizi Hukuki S\u00fcrece Ta\u015f\u0131yor: Yusuf Y\u0131ld\u0131z'dan Melissa Amirkhizy\u2019ye Su\u00e7 Duyurusu - Avrupal\u0131 T\u00fcrklerin en Yeni Haber Portal\u0131","robots":{"index":"index","follow":"follow","max-snippet":"max-snippet:-1","max-image-preview":"max-image-preview:large","max-video-preview":"max-video-preview:-1"},"canonical":"https:\/\/avrupatv.eu\/index.php\/2024\/11\/12\/brukselde-sosyal-medya-krizi-hukuki-surece-tasiyor-yusuf-yildizdan-melissa-amirkhizyye-suc-duyurusu\/","og_locale":"tr_TR","og_type":"article","og_title":"Br\u00fcksel\u2019de Sosyal Medya Krizi Hukuki S\u00fcrece Ta\u015f\u0131yor: Yusuf Y\u0131ld\u0131z'dan Melissa Amirkhizy\u2019ye Su\u00e7 Duyurusu - Avrupal\u0131 T\u00fcrklerin en Yeni Haber Portal\u0131","og_description":"Br\u00fcksel\u2019de Sosyal Medya Tart\u0131\u015fmas\u0131 Hukuki S\u00fcrece Ta\u015f\u0131nd\u0131: Yusuf Y\u0131ld\u0131z, Melissa Amirkhizy\u2019ye Su\u00e7 Duyurusunda Bulundu Br\u00fcksel Milletvekili Yusuf Y\u0131ld\u0131z (PS), liberal Melissa Amirkhizy aras\u0131nda ya\u015fanan tart\u0131\u015fmal\u0131 tweet olay\u0131n\u0131n hukuki bir boyuta ta\u015f\u0131nmas\u0131n\u0131n ard\u0131ndan su\u00e7 duyurusunda bulundu. Y\u0131ld\u0131z, Amirkhizy\u2019ye onuruna sald\u0131r\u0131 ve nefrete tahrik su\u00e7lamalar\u0131yla \u00e7ifte \u015fikayette bulundu. Bu geli\u015fme, Br\u00fcksel\u2019de sosyal medya g\u00fcndemini sarsarken, tart\u0131\u015fman\u0131n yak\u0131n [&hellip;]","og_url":"https:\/\/avrupatv.eu\/index.php\/2024\/11\/12\/brukselde-sosyal-medya-krizi-hukuki-surece-tasiyor-yusuf-yildizdan-melissa-amirkhizyye-suc-duyurusu\/","og_site_name":"Avrupal\u0131 T\u00fcrklerin en Yeni Haber Portal\u0131","article_published_time":"2024-11-12T15:44:32+00:00","og_image":[{"width":1000,"height":750,"url":"https:\/\/avrupatv.eu\/wp-content\/uploads\/2024\/11\/yusuf-yildiz02.jpg","type":"image\/jpeg"}],"author":"Onur Akpinar","twitter_card":"summary_large_image","twitter_misc":{"Yazan:":"Onur Akpinar","Tahmini okuma s\u00fcresi":"3 dakika"},"schema":{"@context":"https:\/\/schema.org","@graph":[{"@type":"Article","@id":"https:\/\/avrupatv.eu\/index.php\/2024\/11\/12\/brukselde-sosyal-medya-krizi-hukuki-surece-tasiyor-yusuf-yildizdan-melissa-amirkhizyye-suc-duyurusu\/#article","isPartOf":{"@id":"https:\/\/avrupatv.eu\/index.php\/2024\/11\/12\/brukselde-sosyal-medya-krizi-hukuki-surece-tasiyor-yusuf-yildizdan-melissa-amirkhizyye-suc-duyurusu\/"},"author":{"name":"Onur Akpinar","@id":"https:\/\/avrupatv.eu\/#\/schema\/person\/d56afa5d5569da4029d483da36c0c17d"},"headline":"Br\u00fcksel\u2019de Sosyal Medya Krizi Hukuki S\u00fcrece Ta\u015f\u0131yor: Yusuf Y\u0131ld\u0131z&#8217;dan Melissa Amirkhizy\u2019ye Su\u00e7 Duyurusu","datePublished":"2024-11-12T15:44:32+00:00","mainEntityOfPage":{"@id":"https:\/\/avrupatv.eu\/index.php\/2024\/11\/12\/brukselde-sosyal-medya-krizi-hukuki-surece-tasiyor-yusuf-yildizdan-melissa-amirkhizyye-suc-duyurusu\/"},"wordCount":540,"commentCount":0,"publisher":{"@id":"https:\/\/avrupatv.eu\/#organization"},"image":{"@id":"https:\/\/avrupatv.eu\/index.php\/2024\/11\/12\/brukselde-sosyal-medya-krizi-hukuki-surece-tasiyor-yusuf-yildizdan-melissa-amirkhizyye-suc-duyurusu\/#primaryimage"},"thumbnailUrl":"https:\/\/avrupatv.eu\/wp-content\/uploads\/2024\/11\/yusuf-yildiz02.jpg","articleSection":["Avrupa","Bel\u00e7ika","G\u00fcndem"],"inLanguage":"tr","potentialAction":[{"@type":"CommentAction","name":"Comment","target":["https:\/\/avrupatv.eu\/index.php\/2024\/11\/12\/brukselde-sosyal-medya-krizi-hukuki-surece-tasiyor-yusuf-yildizdan-melissa-amirkhizyye-suc-duyurusu\/#respond"]}]},{"@type":"WebPage","@id":"https:\/\/avrupatv.eu\/index.php\/2024\/11\/12\/brukselde-sosyal-medya-krizi-hukuki-surece-tasiyor-yusuf-yildizdan-melissa-amirkhizyye-suc-duyurusu\/","url":"https:\/\/avrupatv.eu\/index.php\/2024\/11\/12\/brukselde-sosyal-medya-krizi-hukuki-surece-tasiyor-yusuf-yildizdan-melissa-amirkhizyye-suc-duyurusu\/","name":"Br\u00fcksel\u2019de Sosyal Medya Krizi Hukuki S\u00fcrece Ta\u015f\u0131yor: Yusuf Y\u0131ld\u0131z'dan Melissa Amirkhizy\u2019ye Su\u00e7 Duyurusu - Avrupal\u0131 T\u00fcrklerin en Yeni Haber Portal\u0131","isPartOf":{"@id":"https:\/\/avrupatv.eu\/#website"},"primaryImageOfPage":{"@id":"https:\/\/avrupatv.eu\/index.php\/2024\/11\/12\/brukselde-sosyal-medya-krizi-hukuki-surece-tasiyor-yusuf-yildizdan-melissa-amirkhizyye-suc-duyurusu\/#primaryimage"},"image":{"@id":"https:\/\/avrupatv.eu\/index.php\/2024\/11\/12\/brukselde-sosyal-medya-krizi-hukuki-surece-tasiyor-yusuf-yildizdan-melissa-amirkhizyye-suc-duyurusu\/#primaryimage"},"thumbnailUrl":"https:\/\/avrupatv.eu\/wp-content\/uploads\/2024\/11\/yusuf-yildiz02.jpg","datePublished":"2024-11-12T15:44:32+00:00","breadcrumb":{"@id":"https:\/\/avrupatv.eu\/index.php\/2024\/11\/12\/brukselde-sosyal-medya-krizi-hukuki-surece-tasiyor-yusuf-yildizdan-melissa-amirkhizyye-suc-duyurusu\/#breadcrumb"},"inLanguage":"tr","potentialAction":[{"@type":"ReadAction","target":["https:\/\/avrupatv.eu\/index.php\/2024\/11\/12\/brukselde-sosyal-medya-krizi-hukuki-surece-tasiyor-yusuf-yildizdan-melissa-amirkhizyye-suc-duyurusu\/"]}]},{"@type":"ImageObject","inLanguage":"tr","@id":"https:\/\/avrupatv.eu\/index.php\/2024\/11\/12\/brukselde-sosyal-medya-krizi-hukuki-surece-tasiyor-yusuf-yildizdan-melissa-amirkhizyye-suc-duyurusu\/#primaryimage","url":"https:\/\/avrupatv.eu\/wp-content\/uploads\/2024\/11\/yusuf-yildiz02.jpg","contentUrl":"https:\/\/avrupatv.eu\/wp-content\/uploads\/2024\/11\/yusuf-yildiz02.jpg","width":1000,"height":750},{"@type":"BreadcrumbList","@id":"https:\/\/avrupatv.eu\/index.php\/2024\/11\/12\/brukselde-sosyal-medya-krizi-hukuki-surece-tasiyor-yusuf-yildizdan-melissa-amirkhizyye-suc-duyurusu\/#breadcrumb","itemListElement":[{"@type":"ListItem","position":1,"name":"Anasayfa","item":"https:\/\/avrupatv.eu\/"},{"@type":"ListItem","position":2,"name":"Br\u00fcksel\u2019de Sosyal Medya Krizi Hukuki S\u00fcrece Ta\u015f\u0131yor: Yusuf Y\u0131ld\u0131z&#8217;dan Melissa Amirkhizy\u2019ye Su\u00e7 Duyurusu"}]},{"@type":"WebSite","@id":"https:\/\/avrupatv.eu\/#website","url":"https:\/\/avrupatv.eu\/","name":"Avrupal\u0131 T\u00fcrklerin en Yeni Haber Portal\u0131","description":"","publisher":{"@id":"https:\/\/avrupatv.eu\/#organization"},"alternateName":"Avrupa tv","potentialAction":[{"@type":"SearchAction","target":{"@type":"EntryPoint","urlTemplate":"https:\/\/avrupatv.eu\/?s={search_term_string}"},"query-input":{"@type":"PropertyValueSpecification","valueRequired":true,"valueName":"search_term_string"}}],"inLanguage":"tr"},{"@type":"Organization","@id":"https:\/\/avrupatv.eu\/#organization","name":"Avrupa Haber","url":"https:\/\/avrupatv.eu\/","logo":{"@type":"ImageObject","inLanguage":"tr","@id":"https:\/\/avrupatv.eu\/#\/schema\/logo\/image\/","url":"https:\/\/avrupatv.eu\/wp-content\/uploads\/2023\/10\/cropped-thumbnail_logo.png","contentUrl":"https:\/\/avrupatv.eu\/wp-content\/uploads\/2023\/10\/cropped-thumbnail_logo.png","width":1025,"height":302,"caption":"Avrupa Haber"},"image":{"@id":"https:\/\/avrupatv.eu\/#\/schema\/logo\/image\/"}},{"@type":"Person","@id":"https:\/\/avrupatv.eu\/#\/schema\/person\/d56afa5d5569da4029d483da36c0c17d","name":"Onur Akpinar","image":{"@type":"ImageObject","inLanguage":"tr","@id":"https:\/\/secure.gravatar.com\/avatar\/67a1a0bdf34f82da209334e4684b7e7171a58a5a2b0a8f836b61044f5c1f5d6a?s=96&d=mm&r=g","url":"https:\/\/secure.gravatar.com\/avatar\/67a1a0bdf34f82da209334e4684b7e7171a58a5a2b0a8f836b61044f5c1f5d6a?s=96&d=mm&r=g","contentUrl":"https:\/\/secure.gravatar.com\/avatar\/67a1a0bdf34f82da209334e4684b7e7171a58a5a2b0a8f836b61044f5c1f5d6a?s=96&d=mm&r=g","caption":"Onur Akpinar"},"url":"https:\/\/avrupatv.eu\/index.php\/author\/onur-akpinar\/"}]}},"_links":{"self":[{"href":"https:\/\/avrupatv.eu\/index.php\/wp-json\/wp\/v2\/posts\/616","targetHints":{"allow":["GET"]}}],"collection":[{"href":"https:\/\/avrupatv.eu\/index.php\/wp-json\/wp\/v2\/posts"}],"about":[{"href":"https:\/\/avrupatv.eu\/index.php\/wp-json\/wp\/v2\/types\/post"}],"author":[{"embeddable":true,"href":"https:\/\/avrupatv.eu\/index.php\/wp-json\/wp\/v2\/users\/2"}],"replies":[{"embeddable":true,"href":"https:\/\/avrupatv.eu\/index.php\/wp-json\/wp\/v2\/comments?post=616"}],"version-history":[{"count":1,"href":"https:\/\/avrupatv.eu\/index.php\/wp-json\/wp\/v2\/posts\/616\/revisions"}],"predecessor-version":[{"id":618,"href":"https:\/\/avrupatv.eu\/index.php\/wp-json\/wp\/v2\/posts\/616\/revisions\/618"}],"wp:featuredmedia":[{"embeddable":true,"href":"https:\/\/avrupatv.eu\/index.php\/wp-json\/wp\/v2\/media\/617"}],"wp:attachment":[{"href":"https:\/\/avrupatv.eu\/index.php\/wp-json\/wp\/v2\/media?parent=616"}],"wp:term":[{"taxonomy":"category","embeddable":true,"href":"https:\/\/avrupatv.eu\/index.php\/wp-json\/wp\/v2\/categories?post=616"},{"taxonomy":"post_tag","embeddable":true,"href":"https:\/\/avrupatv.eu\/index.php\/wp-json\/wp\/v2\/tags?post=616"}],"curies":[{"name":"wp","href":"https:\/\/api.w.org\/{rel}","templated":true}]}}