{"id":610,"date":"2024-11-12T15:21:59","date_gmt":"2024-11-12T15:21:59","guid":{"rendered":"https:\/\/avrupatv.eu\/?p=610"},"modified":"2024-11-12T15:22:00","modified_gmt":"2024-11-12T15:22:00","slug":"fikirlerini-soyledi-tutuklandi-dr-mehmet-arslan-icin-adalet-cagrisi","status":"publish","type":"post","link":"https:\/\/avrupatv.eu\/index.php\/2024\/11\/12\/fikirlerini-soyledi-tutuklandi-dr-mehmet-arslan-icin-adalet-cagrisi\/","title":{"rendered":"Fikirlerini S\u00f6yledi, Tutukland\u0131: Dr. Mehmet Arslan \u0130\u00e7in Adalet \u00c7a\u011fr\u0131s\u0131"},"content":{"rendered":"\n<p><strong>Onkolog Dr. Mehmet Arslan\u2019a 10 Kas\u0131m G\u00f6zalt\u0131s\u0131 ve Jet H\u0131z\u0131yla Tutuklama<\/strong><\/p>\n\n\n\n<p>Taksim An\u0131t\u0131 \u00f6n\u00fcnde 10 Kas\u0131m&#8217;da halka fikirlerini ifade ederken g\u00f6zalt\u0131na al\u0131nan Onkolog Dr. Mehmet Arslan, ayn\u0131 g\u00fcn \u00e7\u0131kar\u0131ld\u0131\u011f\u0131 mahkemece h\u0131zl\u0131 bir \u015fekilde tutukland\u0131. Konuyla ilgili olarak Dr. Arslan\u2019\u0131n avukat\u0131 Furkan Gurbeto\u011flu, bu tutuklaman\u0131n haks\u0131z oldu\u011funu vurgulayarak C\u0130MER\u2019e bir \u015fikayet dilek\u00e7esi haz\u0131rlad\u0131\u011f\u0131n\u0131 belirtti ve kamuoyunu Adalet Bakanl\u0131\u011f\u0131\u2019na ba\u015fvuruda bulunmaya davet etti.<\/p>\n\n\n\n<p>Avukat Gurbeto\u011flu dilek\u00e7esinde, &#8220;M\u00fcvekkilim Mehmet Arslan\u2019\u0131n yapt\u0131\u011f\u0131 a\u00e7\u0131klamalarda herhangi bir su\u00e7 unsuru bulunmad\u0131\u011f\u0131n\u0131&#8221; ve yaln\u0131zca \u201cki\u015filerin putla\u015ft\u0131r\u0131lmamas\u0131 gerekti\u011fini ifade etti\u011fini\u201d savundu. G\u00fcrbeto\u011flu, Dr. Arslan\u2019\u0131n a\u00e7\u0131klamalar\u0131n\u0131n, herhangi bir M\u00fcsl\u00fcman\u0131n yapabilece\u011fi genel ifadeler oldu\u011funu ve ideolojik saiklerle yap\u0131lan bu tutuklaman\u0131n yarg\u0131y\u0131 ara\u00e7salla\u015ft\u0131rd\u0131\u011f\u0131n\u0131 \u00f6ne s\u00fcrd\u00fc. Ayr\u0131ca yarg\u0131n\u0131n ideolojik de\u011fil, hukuka dayal\u0131 kararlar vermesi gerekti\u011fini belirterek Adalet Bakanl\u0131\u011f\u0131\u2019ndan derhal m\u00fcdahale edilmesini ve Dr. Mehmet Arslan\u2019\u0131n serbest b\u0131rak\u0131lmas\u0131n\u0131 talep etti.<\/p>\n","protected":false},"excerpt":{"rendered":"<p>Onkolog Dr. Mehmet Arslan\u2019a 10 Kas\u0131m G\u00f6zalt\u0131s\u0131 ve Jet H\u0131z\u0131yla Tutuklama Taksim An\u0131t\u0131 \u00f6n\u00fcnde 10 Kas\u0131m&#8217;da halka fikirlerini ifade ederken g\u00f6zalt\u0131na al\u0131nan Onkolog Dr. Mehmet Arslan, ayn\u0131 g\u00fcn \u00e7\u0131kar\u0131ld\u0131\u011f\u0131 mahkemece h\u0131zl\u0131 bir \u015fekilde tutukland\u0131. Konuyla ilgili olarak Dr. Arslan\u2019\u0131n avukat\u0131 Furkan Gurbeto\u011flu, bu tutuklaman\u0131n haks\u0131z oldu\u011funu vurgulayarak C\u0130MER\u2019e bir \u015fikayet dilek\u00e7esi haz\u0131rlad\u0131\u011f\u0131n\u0131 belirtti ve kamuoyunu [&hellip;]<\/p>\n","protected":false},"author":2,"featured_media":611,"comment_status":"open","ping_status":"open","sticky":false,"template":"","format":"standard","meta":{"footnotes":""},"categories":[8,11],"tags":[],"class_list":["post-610","post","type-post","status-publish","format-standard","has-post-thumbnail","hentry","category-gundem","category-turkiye"],"yoast_head":"<!-- This site is optimized with the Yoast SEO plugin v27.4 - https:\/\/yoast.com\/product\/yoast-seo-wordpress\/ -->\n<title>Fikirlerini S\u00f6yledi, Tutukland\u0131: Dr. Mehmet Arslan \u0130\u00e7in Adalet \u00c7a\u011fr\u0131s\u0131 - Avrupal\u0131 T\u00fcrklerin en Yeni Haber Portal\u0131<\/title>\n<meta name=\"robots\" content=\"index, follow, max-snippet:-1, max-image-preview:large, max-video-preview:-1\" \/>\n<link rel=\"canonical\" href=\"https:\/\/avrupatv.eu\/index.php\/2024\/11\/12\/fikirlerini-soyledi-tutuklandi-dr-mehmet-arslan-icin-adalet-cagrisi\/\" \/>\n<meta property=\"og:locale\" content=\"tr_TR\" \/>\n<meta property=\"og:type\" content=\"article\" \/>\n<meta property=\"og:title\" content=\"Fikirlerini S\u00f6yledi, Tutukland\u0131: Dr. Mehmet Arslan \u0130\u00e7in Adalet \u00c7a\u011fr\u0131s\u0131 - Avrupal\u0131 T\u00fcrklerin en Yeni Haber Portal\u0131\" \/>\n<meta property=\"og:description\" content=\"Onkolog Dr. Mehmet Arslan\u2019a 10 Kas\u0131m G\u00f6zalt\u0131s\u0131 ve Jet H\u0131z\u0131yla Tutuklama Taksim An\u0131t\u0131 \u00f6n\u00fcnde 10 Kas\u0131m&#8217;da halka fikirlerini ifade ederken g\u00f6zalt\u0131na al\u0131nan Onkolog Dr. Mehmet Arslan, ayn\u0131 g\u00fcn \u00e7\u0131kar\u0131ld\u0131\u011f\u0131 mahkemece h\u0131zl\u0131 bir \u015fekilde tutukland\u0131. Konuyla ilgili olarak Dr. Arslan\u2019\u0131n avukat\u0131 Furkan Gurbeto\u011flu, bu tutuklaman\u0131n haks\u0131z oldu\u011funu vurgulayarak C\u0130MER\u2019e bir \u015fikayet dilek\u00e7esi haz\u0131rlad\u0131\u011f\u0131n\u0131 belirtti ve kamuoyunu [&hellip;]\" \/>\n<meta property=\"og:url\" content=\"https:\/\/avrupatv.eu\/index.php\/2024\/11\/12\/fikirlerini-soyledi-tutuklandi-dr-mehmet-arslan-icin-adalet-cagrisi\/\" \/>\n<meta property=\"og:site_name\" content=\"Avrupal\u0131 T\u00fcrklerin en Yeni Haber Portal\u0131\" \/>\n<meta property=\"article:published_time\" content=\"2024-11-12T15:21:59+00:00\" \/>\n<meta property=\"article:modified_time\" content=\"2024-11-12T15:22:00+00:00\" \/>\n<meta property=\"og:image\" content=\"https:\/\/avrupatv.eu\/wp-content\/uploads\/2024\/11\/25dac5b45661b3225b33deb9a6d6f9d9_large.jpg\" \/>\n\t<meta property=\"og:image:width\" content=\"530\" \/>\n\t<meta property=\"og:image:height\" content=\"529\" \/>\n\t<meta property=\"og:image:type\" content=\"image\/jpeg\" \/>\n<meta name=\"author\" content=\"Onur Akpinar\" \/>\n<meta name=\"twitter:card\" content=\"summary_large_image\" \/>\n<meta name=\"twitter:label1\" content=\"Yazan:\" \/>\n\t<meta name=\"twitter:data1\" content=\"Onur Akpinar\" \/>\n\t<meta name=\"twitter:label2\" content=\"Tahmini okuma s\u00fcresi\" \/>\n\t<meta name=\"twitter:data2\" content=\"1 dakika\" \/>\n<script type=\"application\/ld+json\" class=\"yoast-schema-graph\">{\"@context\":\"https:\\\/\\\/schema.org\",\"@graph\":[{\"@type\":\"Article\",\"@id\":\"https:\\\/\\\/avrupatv.eu\\\/index.php\\\/2024\\\/11\\\/12\\\/fikirlerini-soyledi-tutuklandi-dr-mehmet-arslan-icin-adalet-cagrisi\\\/#article\",\"isPartOf\":{\"@id\":\"https:\\\/\\\/avrupatv.eu\\\/index.php\\\/2024\\\/11\\\/12\\\/fikirlerini-soyledi-tutuklandi-dr-mehmet-arslan-icin-adalet-cagrisi\\\/\"},\"author\":{\"name\":\"Onur Akpinar\",\"@id\":\"https:\\\/\\\/avrupatv.eu\\\/#\\\/schema\\\/person\\\/d56afa5d5569da4029d483da36c0c17d\"},\"headline\":\"Fikirlerini S\u00f6yledi, Tutukland\u0131: Dr. Mehmet Arslan \u0130\u00e7in Adalet \u00c7a\u011fr\u0131s\u0131\",\"datePublished\":\"2024-11-12T15:21:59+00:00\",\"dateModified\":\"2024-11-12T15:22:00+00:00\",\"mainEntityOfPage\":{\"@id\":\"https:\\\/\\\/avrupatv.eu\\\/index.php\\\/2024\\\/11\\\/12\\\/fikirlerini-soyledi-tutuklandi-dr-mehmet-arslan-icin-adalet-cagrisi\\\/\"},\"wordCount\":207,\"commentCount\":0,\"publisher\":{\"@id\":\"https:\\\/\\\/avrupatv.eu\\\/#organization\"},\"image\":{\"@id\":\"https:\\\/\\\/avrupatv.eu\\\/index.php\\\/2024\\\/11\\\/12\\\/fikirlerini-soyledi-tutuklandi-dr-mehmet-arslan-icin-adalet-cagrisi\\\/#primaryimage\"},\"thumbnailUrl\":\"https:\\\/\\\/avrupatv.eu\\\/wp-content\\\/uploads\\\/2024\\\/11\\\/25dac5b45661b3225b33deb9a6d6f9d9_large.jpg\",\"articleSection\":[\"G\u00fcndem\",\"T\u00fcrkiye\"],\"inLanguage\":\"tr\",\"potentialAction\":[{\"@type\":\"CommentAction\",\"name\":\"Comment\",\"target\":[\"https:\\\/\\\/avrupatv.eu\\\/index.php\\\/2024\\\/11\\\/12\\\/fikirlerini-soyledi-tutuklandi-dr-mehmet-arslan-icin-adalet-cagrisi\\\/#respond\"]}]},{\"@type\":\"WebPage\",\"@id\":\"https:\\\/\\\/avrupatv.eu\\\/index.php\\\/2024\\\/11\\\/12\\\/fikirlerini-soyledi-tutuklandi-dr-mehmet-arslan-icin-adalet-cagrisi\\\/\",\"url\":\"https:\\\/\\\/avrupatv.eu\\\/index.php\\\/2024\\\/11\\\/12\\\/fikirlerini-soyledi-tutuklandi-dr-mehmet-arslan-icin-adalet-cagrisi\\\/\",\"name\":\"Fikirlerini S\u00f6yledi, Tutukland\u0131: Dr. Mehmet Arslan \u0130\u00e7in Adalet \u00c7a\u011fr\u0131s\u0131 - Avrupal\u0131 T\u00fcrklerin en Yeni Haber Portal\u0131\",\"isPartOf\":{\"@id\":\"https:\\\/\\\/avrupatv.eu\\\/#website\"},\"primaryImageOfPage\":{\"@id\":\"https:\\\/\\\/avrupatv.eu\\\/index.php\\\/2024\\\/11\\\/12\\\/fikirlerini-soyledi-tutuklandi-dr-mehmet-arslan-icin-adalet-cagrisi\\\/#primaryimage\"},\"image\":{\"@id\":\"https:\\\/\\\/avrupatv.eu\\\/index.php\\\/2024\\\/11\\\/12\\\/fikirlerini-soyledi-tutuklandi-dr-mehmet-arslan-icin-adalet-cagrisi\\\/#primaryimage\"},\"thumbnailUrl\":\"https:\\\/\\\/avrupatv.eu\\\/wp-content\\\/uploads\\\/2024\\\/11\\\/25dac5b45661b3225b33deb9a6d6f9d9_large.jpg\",\"datePublished\":\"2024-11-12T15:21:59+00:00\",\"dateModified\":\"2024-11-12T15:22:00+00:00\",\"breadcrumb\":{\"@id\":\"https:\\\/\\\/avrupatv.eu\\\/index.php\\\/2024\\\/11\\\/12\\\/fikirlerini-soyledi-tutuklandi-dr-mehmet-arslan-icin-adalet-cagrisi\\\/#breadcrumb\"},\"inLanguage\":\"tr\",\"potentialAction\":[{\"@type\":\"ReadAction\",\"target\":[\"https:\\\/\\\/avrupatv.eu\\\/index.php\\\/2024\\\/11\\\/12\\\/fikirlerini-soyledi-tutuklandi-dr-mehmet-arslan-icin-adalet-cagrisi\\\/\"]}]},{\"@type\":\"ImageObject\",\"inLanguage\":\"tr\",\"@id\":\"https:\\\/\\\/avrupatv.eu\\\/index.php\\\/2024\\\/11\\\/12\\\/fikirlerini-soyledi-tutuklandi-dr-mehmet-arslan-icin-adalet-cagrisi\\\/#primaryimage\",\"url\":\"https:\\\/\\\/avrupatv.eu\\\/wp-content\\\/uploads\\\/2024\\\/11\\\/25dac5b45661b3225b33deb9a6d6f9d9_large.jpg\",\"contentUrl\":\"https:\\\/\\\/avrupatv.eu\\\/wp-content\\\/uploads\\\/2024\\\/11\\\/25dac5b45661b3225b33deb9a6d6f9d9_large.jpg\",\"width\":530,\"height\":529},{\"@type\":\"BreadcrumbList\",\"@id\":\"https:\\\/\\\/avrupatv.eu\\\/index.php\\\/2024\\\/11\\\/12\\\/fikirlerini-soyledi-tutuklandi-dr-mehmet-arslan-icin-adalet-cagrisi\\\/#breadcrumb\",\"itemListElement\":[{\"@type\":\"ListItem\",\"position\":1,\"name\":\"Anasayfa\",\"item\":\"https:\\\/\\\/avrupatv.eu\\\/\"},{\"@type\":\"ListItem\",\"position\":2,\"name\":\"Fikirlerini S\u00f6yledi, Tutukland\u0131: Dr. Mehmet Arslan \u0130\u00e7in Adalet \u00c7a\u011fr\u0131s\u0131\"}]},{\"@type\":\"WebSite\",\"@id\":\"https:\\\/\\\/avrupatv.eu\\\/#website\",\"url\":\"https:\\\/\\\/avrupatv.eu\\\/\",\"name\":\"Avrupal\u0131 T\u00fcrklerin en Yeni Haber Portal\u0131\",\"description\":\"\",\"publisher\":{\"@id\":\"https:\\\/\\\/avrupatv.eu\\\/#organization\"},\"alternateName\":\"Avrupa tv\",\"potentialAction\":[{\"@type\":\"SearchAction\",\"target\":{\"@type\":\"EntryPoint\",\"urlTemplate\":\"https:\\\/\\\/avrupatv.eu\\\/?s={search_term_string}\"},\"query-input\":{\"@type\":\"PropertyValueSpecification\",\"valueRequired\":true,\"valueName\":\"search_term_string\"}}],\"inLanguage\":\"tr\"},{\"@type\":\"Organization\",\"@id\":\"https:\\\/\\\/avrupatv.eu\\\/#organization\",\"name\":\"Avrupa Haber\",\"url\":\"https:\\\/\\\/avrupatv.eu\\\/\",\"logo\":{\"@type\":\"ImageObject\",\"inLanguage\":\"tr\",\"@id\":\"https:\\\/\\\/avrupatv.eu\\\/#\\\/schema\\\/logo\\\/image\\\/\",\"url\":\"https:\\\/\\\/avrupatv.eu\\\/wp-content\\\/uploads\\\/2023\\\/10\\\/cropped-thumbnail_logo.png\",\"contentUrl\":\"https:\\\/\\\/avrupatv.eu\\\/wp-content\\\/uploads\\\/2023\\\/10\\\/cropped-thumbnail_logo.png\",\"width\":1025,\"height\":302,\"caption\":\"Avrupa Haber\"},\"image\":{\"@id\":\"https:\\\/\\\/avrupatv.eu\\\/#\\\/schema\\\/logo\\\/image\\\/\"}},{\"@type\":\"Person\",\"@id\":\"https:\\\/\\\/avrupatv.eu\\\/#\\\/schema\\\/person\\\/d56afa5d5569da4029d483da36c0c17d\",\"name\":\"Onur Akpinar\",\"image\":{\"@type\":\"ImageObject\",\"inLanguage\":\"tr\",\"@id\":\"https:\\\/\\\/secure.gravatar.com\\\/avatar\\\/67a1a0bdf34f82da209334e4684b7e7171a58a5a2b0a8f836b61044f5c1f5d6a?s=96&d=mm&r=g\",\"url\":\"https:\\\/\\\/secure.gravatar.com\\\/avatar\\\/67a1a0bdf34f82da209334e4684b7e7171a58a5a2b0a8f836b61044f5c1f5d6a?s=96&d=mm&r=g\",\"contentUrl\":\"https:\\\/\\\/secure.gravatar.com\\\/avatar\\\/67a1a0bdf34f82da209334e4684b7e7171a58a5a2b0a8f836b61044f5c1f5d6a?s=96&d=mm&r=g\",\"caption\":\"Onur Akpinar\"},\"url\":\"https:\\\/\\\/avrupatv.eu\\\/index.php\\\/author\\\/onur-akpinar\\\/\"}]}<\/script>\n<!-- \/ Yoast SEO plugin. -->","yoast_head_json":{"title":"Fikirlerini S\u00f6yledi, Tutukland\u0131: Dr. Mehmet Arslan \u0130\u00e7in Adalet \u00c7a\u011fr\u0131s\u0131 - Avrupal\u0131 T\u00fcrklerin en Yeni Haber Portal\u0131","robots":{"index":"index","follow":"follow","max-snippet":"max-snippet:-1","max-image-preview":"max-image-preview:large","max-video-preview":"max-video-preview:-1"},"canonical":"https:\/\/avrupatv.eu\/index.php\/2024\/11\/12\/fikirlerini-soyledi-tutuklandi-dr-mehmet-arslan-icin-adalet-cagrisi\/","og_locale":"tr_TR","og_type":"article","og_title":"Fikirlerini S\u00f6yledi, Tutukland\u0131: Dr. Mehmet Arslan \u0130\u00e7in Adalet \u00c7a\u011fr\u0131s\u0131 - Avrupal\u0131 T\u00fcrklerin en Yeni Haber Portal\u0131","og_description":"Onkolog Dr. Mehmet Arslan\u2019a 10 Kas\u0131m G\u00f6zalt\u0131s\u0131 ve Jet H\u0131z\u0131yla Tutuklama Taksim An\u0131t\u0131 \u00f6n\u00fcnde 10 Kas\u0131m&#8217;da halka fikirlerini ifade ederken g\u00f6zalt\u0131na al\u0131nan Onkolog Dr. Mehmet Arslan, ayn\u0131 g\u00fcn \u00e7\u0131kar\u0131ld\u0131\u011f\u0131 mahkemece h\u0131zl\u0131 bir \u015fekilde tutukland\u0131. Konuyla ilgili olarak Dr. Arslan\u2019\u0131n avukat\u0131 Furkan Gurbeto\u011flu, bu tutuklaman\u0131n haks\u0131z oldu\u011funu vurgulayarak C\u0130MER\u2019e bir \u015fikayet dilek\u00e7esi haz\u0131rlad\u0131\u011f\u0131n\u0131 belirtti ve kamuoyunu [&hellip;]","og_url":"https:\/\/avrupatv.eu\/index.php\/2024\/11\/12\/fikirlerini-soyledi-tutuklandi-dr-mehmet-arslan-icin-adalet-cagrisi\/","og_site_name":"Avrupal\u0131 T\u00fcrklerin en Yeni Haber Portal\u0131","article_published_time":"2024-11-12T15:21:59+00:00","article_modified_time":"2024-11-12T15:22:00+00:00","og_image":[{"width":530,"height":529,"url":"https:\/\/avrupatv.eu\/wp-content\/uploads\/2024\/11\/25dac5b45661b3225b33deb9a6d6f9d9_large.jpg","type":"image\/jpeg"}],"author":"Onur Akpinar","twitter_card":"summary_large_image","twitter_misc":{"Yazan:":"Onur Akpinar","Tahmini okuma s\u00fcresi":"1 dakika"},"schema":{"@context":"https:\/\/schema.org","@graph":[{"@type":"Article","@id":"https:\/\/avrupatv.eu\/index.php\/2024\/11\/12\/fikirlerini-soyledi-tutuklandi-dr-mehmet-arslan-icin-adalet-cagrisi\/#article","isPartOf":{"@id":"https:\/\/avrupatv.eu\/index.php\/2024\/11\/12\/fikirlerini-soyledi-tutuklandi-dr-mehmet-arslan-icin-adalet-cagrisi\/"},"author":{"name":"Onur Akpinar","@id":"https:\/\/avrupatv.eu\/#\/schema\/person\/d56afa5d5569da4029d483da36c0c17d"},"headline":"Fikirlerini S\u00f6yledi, Tutukland\u0131: Dr. Mehmet Arslan \u0130\u00e7in Adalet \u00c7a\u011fr\u0131s\u0131","datePublished":"2024-11-12T15:21:59+00:00","dateModified":"2024-11-12T15:22:00+00:00","mainEntityOfPage":{"@id":"https:\/\/avrupatv.eu\/index.php\/2024\/11\/12\/fikirlerini-soyledi-tutuklandi-dr-mehmet-arslan-icin-adalet-cagrisi\/"},"wordCount":207,"commentCount":0,"publisher":{"@id":"https:\/\/avrupatv.eu\/#organization"},"image":{"@id":"https:\/\/avrupatv.eu\/index.php\/2024\/11\/12\/fikirlerini-soyledi-tutuklandi-dr-mehmet-arslan-icin-adalet-cagrisi\/#primaryimage"},"thumbnailUrl":"https:\/\/avrupatv.eu\/wp-content\/uploads\/2024\/11\/25dac5b45661b3225b33deb9a6d6f9d9_large.jpg","articleSection":["G\u00fcndem","T\u00fcrkiye"],"inLanguage":"tr","potentialAction":[{"@type":"CommentAction","name":"Comment","target":["https:\/\/avrupatv.eu\/index.php\/2024\/11\/12\/fikirlerini-soyledi-tutuklandi-dr-mehmet-arslan-icin-adalet-cagrisi\/#respond"]}]},{"@type":"WebPage","@id":"https:\/\/avrupatv.eu\/index.php\/2024\/11\/12\/fikirlerini-soyledi-tutuklandi-dr-mehmet-arslan-icin-adalet-cagrisi\/","url":"https:\/\/avrupatv.eu\/index.php\/2024\/11\/12\/fikirlerini-soyledi-tutuklandi-dr-mehmet-arslan-icin-adalet-cagrisi\/","name":"Fikirlerini S\u00f6yledi, Tutukland\u0131: Dr. Mehmet Arslan \u0130\u00e7in Adalet \u00c7a\u011fr\u0131s\u0131 - Avrupal\u0131 T\u00fcrklerin en Yeni Haber Portal\u0131","isPartOf":{"@id":"https:\/\/avrupatv.eu\/#website"},"primaryImageOfPage":{"@id":"https:\/\/avrupatv.eu\/index.php\/2024\/11\/12\/fikirlerini-soyledi-tutuklandi-dr-mehmet-arslan-icin-adalet-cagrisi\/#primaryimage"},"image":{"@id":"https:\/\/avrupatv.eu\/index.php\/2024\/11\/12\/fikirlerini-soyledi-tutuklandi-dr-mehmet-arslan-icin-adalet-cagrisi\/#primaryimage"},"thumbnailUrl":"https:\/\/avrupatv.eu\/wp-content\/uploads\/2024\/11\/25dac5b45661b3225b33deb9a6d6f9d9_large.jpg","datePublished":"2024-11-12T15:21:59+00:00","dateModified":"2024-11-12T15:22:00+00:00","breadcrumb":{"@id":"https:\/\/avrupatv.eu\/index.php\/2024\/11\/12\/fikirlerini-soyledi-tutuklandi-dr-mehmet-arslan-icin-adalet-cagrisi\/#breadcrumb"},"inLanguage":"tr","potentialAction":[{"@type":"ReadAction","target":["https:\/\/avrupatv.eu\/index.php\/2024\/11\/12\/fikirlerini-soyledi-tutuklandi-dr-mehmet-arslan-icin-adalet-cagrisi\/"]}]},{"@type":"ImageObject","inLanguage":"tr","@id":"https:\/\/avrupatv.eu\/index.php\/2024\/11\/12\/fikirlerini-soyledi-tutuklandi-dr-mehmet-arslan-icin-adalet-cagrisi\/#primaryimage","url":"https:\/\/avrupatv.eu\/wp-content\/uploads\/2024\/11\/25dac5b45661b3225b33deb9a6d6f9d9_large.jpg","contentUrl":"https:\/\/avrupatv.eu\/wp-content\/uploads\/2024\/11\/25dac5b45661b3225b33deb9a6d6f9d9_large.jpg","width":530,"height":529},{"@type":"BreadcrumbList","@id":"https:\/\/avrupatv.eu\/index.php\/2024\/11\/12\/fikirlerini-soyledi-tutuklandi-dr-mehmet-arslan-icin-adalet-cagrisi\/#breadcrumb","itemListElement":[{"@type":"ListItem","position":1,"name":"Anasayfa","item":"https:\/\/avrupatv.eu\/"},{"@type":"ListItem","position":2,"name":"Fikirlerini S\u00f6yledi, Tutukland\u0131: Dr. Mehmet Arslan \u0130\u00e7in Adalet \u00c7a\u011fr\u0131s\u0131"}]},{"@type":"WebSite","@id":"https:\/\/avrupatv.eu\/#website","url":"https:\/\/avrupatv.eu\/","name":"Avrupal\u0131 T\u00fcrklerin en Yeni Haber Portal\u0131","description":"","publisher":{"@id":"https:\/\/avrupatv.eu\/#organization"},"alternateName":"Avrupa tv","potentialAction":[{"@type":"SearchAction","target":{"@type":"EntryPoint","urlTemplate":"https:\/\/avrupatv.eu\/?s={search_term_string}"},"query-input":{"@type":"PropertyValueSpecification","valueRequired":true,"valueName":"search_term_string"}}],"inLanguage":"tr"},{"@type":"Organization","@id":"https:\/\/avrupatv.eu\/#organization","name":"Avrupa Haber","url":"https:\/\/avrupatv.eu\/","logo":{"@type":"ImageObject","inLanguage":"tr","@id":"https:\/\/avrupatv.eu\/#\/schema\/logo\/image\/","url":"https:\/\/avrupatv.eu\/wp-content\/uploads\/2023\/10\/cropped-thumbnail_logo.png","contentUrl":"https:\/\/avrupatv.eu\/wp-content\/uploads\/2023\/10\/cropped-thumbnail_logo.png","width":1025,"height":302,"caption":"Avrupa Haber"},"image":{"@id":"https:\/\/avrupatv.eu\/#\/schema\/logo\/image\/"}},{"@type":"Person","@id":"https:\/\/avrupatv.eu\/#\/schema\/person\/d56afa5d5569da4029d483da36c0c17d","name":"Onur Akpinar","image":{"@type":"ImageObject","inLanguage":"tr","@id":"https:\/\/secure.gravatar.com\/avatar\/67a1a0bdf34f82da209334e4684b7e7171a58a5a2b0a8f836b61044f5c1f5d6a?s=96&d=mm&r=g","url":"https:\/\/secure.gravatar.com\/avatar\/67a1a0bdf34f82da209334e4684b7e7171a58a5a2b0a8f836b61044f5c1f5d6a?s=96&d=mm&r=g","contentUrl":"https:\/\/secure.gravatar.com\/avatar\/67a1a0bdf34f82da209334e4684b7e7171a58a5a2b0a8f836b61044f5c1f5d6a?s=96&d=mm&r=g","caption":"Onur Akpinar"},"url":"https:\/\/avrupatv.eu\/index.php\/author\/onur-akpinar\/"}]}},"_links":{"self":[{"href":"https:\/\/avrupatv.eu\/index.php\/wp-json\/wp\/v2\/posts\/610","targetHints":{"allow":["GET"]}}],"collection":[{"href":"https:\/\/avrupatv.eu\/index.php\/wp-json\/wp\/v2\/posts"}],"about":[{"href":"https:\/\/avrupatv.eu\/index.php\/wp-json\/wp\/v2\/types\/post"}],"author":[{"embeddable":true,"href":"https:\/\/avrupatv.eu\/index.php\/wp-json\/wp\/v2\/users\/2"}],"replies":[{"embeddable":true,"href":"https:\/\/avrupatv.eu\/index.php\/wp-json\/wp\/v2\/comments?post=610"}],"version-history":[{"count":1,"href":"https:\/\/avrupatv.eu\/index.php\/wp-json\/wp\/v2\/posts\/610\/revisions"}],"predecessor-version":[{"id":612,"href":"https:\/\/avrupatv.eu\/index.php\/wp-json\/wp\/v2\/posts\/610\/revisions\/612"}],"wp:featuredmedia":[{"embeddable":true,"href":"https:\/\/avrupatv.eu\/index.php\/wp-json\/wp\/v2\/media\/611"}],"wp:attachment":[{"href":"https:\/\/avrupatv.eu\/index.php\/wp-json\/wp\/v2\/media?parent=610"}],"wp:term":[{"taxonomy":"category","embeddable":true,"href":"https:\/\/avrupatv.eu\/index.php\/wp-json\/wp\/v2\/categories?post=610"},{"taxonomy":"post_tag","embeddable":true,"href":"https:\/\/avrupatv.eu\/index.php\/wp-json\/wp\/v2\/tags?post=610"}],"curies":[{"name":"wp","href":"https:\/\/api.w.org\/{rel}","templated":true}]}}