{"id":607,"date":"2024-11-11T16:25:57","date_gmt":"2024-11-11T16:25:57","guid":{"rendered":"https:\/\/avrupatv.eu\/?p=607"},"modified":"2024-11-11T16:25:57","modified_gmt":"2024-11-11T16:25:57","slug":"futbol-sahasinda-siddet-faruk-kocaya-hakeme-saldiridan-3-yil-7-ay-hapis","status":"publish","type":"post","link":"https:\/\/avrupatv.eu\/index.php\/2024\/11\/11\/futbol-sahasinda-siddet-faruk-kocaya-hakeme-saldiridan-3-yil-7-ay-hapis\/","title":{"rendered":"Futbol Sahas\u0131nda \u015eiddet: Faruk Koca\u2019ya Hakeme Sald\u0131r\u0131dan 3 Y\u0131l 7 Ay Hapis!"},"content":{"rendered":"\n<p>Ankara\u2019da 11 Aral\u0131k 2023 tarihinde oynanan MKE Ankarag\u00fcc\u00fc-\u00c7aykur Rizespor ma\u00e7\u0131n\u0131n ard\u0131ndan ya\u015fanan hakem sald\u0131r\u0131s\u0131 davas\u0131nda karar verildi. Eski Ankara Ankarag\u00fcc\u00fc Kul\u00fcb\u00fc Ba\u015fkan\u0131 Faruk Koca, ma\u00e7\u0131n hakemi Halil Umut Meler\u2019e sald\u0131rd\u0131\u011f\u0131 gerek\u00e7esiyle 3 y\u0131l 7 ay 22 g\u00fcn hapis cezas\u0131na \u00e7arpt\u0131r\u0131ld\u0131. Olay\u0131n ard\u0131ndan istifa eden Koca, sald\u0131r\u0131ya kar\u0131\u015fan di\u011fer san\u0131klar Kenan \u00c7elikkaya ve Yunus \u015eahin ile birlikte hapis cezas\u0131 ald\u0131. Mahkeme, san\u0131klara ayr\u0131ca \u00e7e\u015fitli su\u00e7lardan hapis cezalar\u0131 verirken, baz\u0131 cezalar\u0131n a\u00e7\u0131klanmas\u0131n\u0131 erteledi.<\/p>\n\n\n\n<p>Ge\u00e7en y\u0131l 11 Aral\u0131k\u2019ta oynanan MKE Ankarag\u00fcc\u00fc-\u00c7aykur Rizespor ma\u00e7\u0131n\u0131n ard\u0131ndan, sahaya giren Faruk Koca, hakem Halil Umut Meler\u2019e yumruk atm\u0131\u015f, yan\u0131nda bulunan 2 ki\u015fi ise Meler\u2019in yere d\u00fc\u015fmesinin ard\u0131ndan hakemi tekmelemi\u015fti. Olay\u0131n ard\u0131ndan Ankarag\u00fcc\u00fc Kul\u00fcb\u00fc Ba\u015fkanl\u0131\u011f\u0131 g\u00f6revinden istifa eden Koca ve olaya kar\u0131\u015fan di\u011fer taraftarlar, Kenan \u00c7elikkaya ve Yunus \u015eahin tutuklanm\u0131\u015f, Koca ise 15 g\u00fcn cezaevinde kald\u0131ktan sonra tahliye edilmi\u015fti. Di\u011fer san\u0131klar ise ilerleyen s\u00fcre\u00e7te serbest b\u0131rak\u0131ld\u0131.<\/p>\n\n\n\n<p>Mahkeme, Koca\u2019ya &#8216;Ki\u015fiyi yerine getirdi\u011fi kamu g\u00f6revi nedeniyle spor alan\u0131nda kemik k\u0131r\u0131\u011f\u0131 olu\u015fturacak \u015fekilde kasten yaralama&#8217; su\u00e7undan 3 y\u0131l 7 ay 22 g\u00fcn hapis cezas\u0131 verirken, &#8216;Tehdit&#8217; ve &#8216;Sporda \u015eiddet ve D\u00fczensizli\u011fin \u00d6nlenmesine Dair Kanun&#8217;a ayk\u0131r\u0131l\u0131k&#8217; su\u00e7lar\u0131ndan toplamda 11 ay 20 g\u00fcn hapis cezas\u0131 verdi. Ancak bu cezalar\u0131n a\u00e7\u0131klanmas\u0131 ertelendi.<\/p>\n\n\n\n<p>Kenan \u00c7elikkaya, &#8216;Ki\u015fiyi yerine getirdi\u011fi kamu g\u00f6revi nedeniyle spor alan\u0131nda kemik k\u0131r\u0131\u011f\u0131 olu\u015fturacak \u015fekilde kasten yaralama&#8217; su\u00e7undan 4 y\u0131l 4 ay 15 g\u00fcn, &#8216;Sporda \u015eiddet ve D\u00fczensizli\u011fin \u00d6nlenmesine Dair Kanun\u2019a ayk\u0131r\u0131l\u0131k&#8217; su\u00e7undan 8 ay hapis cezas\u0131 al\u0131rken, Yunus \u015eahin&#8217;e de benzer su\u00e7lardan 3 y\u0131l 7 ay 22 g\u00fcn hapis cezas\u0131 verildi. Osman Erkam Can ise &#8216;Kasten yaralamaya te\u015febb\u00fcs&#8217; ve &#8216;Sporda \u015eiddet ve D\u00fczensizli\u011fin \u00d6nlenmesine Dair Kanun&#8217;a ayk\u0131r\u0131l\u0131k&#8217; su\u00e7lar\u0131ndan toplam 11 ay 7 g\u00fcn hapis cezas\u0131 ald\u0131, ancak yine bu cezalar\u0131n a\u00e7\u0131klanmas\u0131 ertelendi.<\/p>\n\n\n\n<p>Mahkeme, san\u0131klar\u0131n cezalar\u0131n\u0131 ve kararlar\u0131 verirken, olaya kar\u0131\u015fan her bir san\u0131k i\u00e7in su\u00e7lar\u0131n a\u011f\u0131rl\u0131\u011f\u0131n\u0131 dikkate ald\u0131.<\/p>\n","protected":false},"excerpt":{"rendered":"<p>Ankara\u2019da 11 Aral\u0131k 2023 tarihinde oynanan MKE Ankarag\u00fcc\u00fc-\u00c7aykur Rizespor ma\u00e7\u0131n\u0131n ard\u0131ndan ya\u015fanan hakem sald\u0131r\u0131s\u0131 davas\u0131nda karar verildi. Eski Ankara Ankarag\u00fcc\u00fc Kul\u00fcb\u00fc Ba\u015fkan\u0131 Faruk Koca, ma\u00e7\u0131n hakemi Halil Umut Meler\u2019e sald\u0131rd\u0131\u011f\u0131 gerek\u00e7esiyle 3 y\u0131l 7 ay 22 g\u00fcn hapis cezas\u0131na \u00e7arpt\u0131r\u0131ld\u0131. Olay\u0131n ard\u0131ndan istifa eden Koca, sald\u0131r\u0131ya kar\u0131\u015fan di\u011fer san\u0131klar Kenan \u00c7elikkaya ve Yunus \u015eahin ile [&hellip;]<\/p>\n","protected":false},"author":2,"featured_media":608,"comment_status":"open","ping_status":"open","sticky":false,"template":"","format":"standard","meta":{"footnotes":""},"categories":[10,11],"tags":[],"class_list":["post-607","post","type-post","status-publish","format-standard","has-post-thumbnail","hentry","category-futbol","category-turkiye"],"yoast_head":"<!-- This site is optimized with the Yoast SEO plugin v27.5 - https:\/\/yoast.com\/product\/yoast-seo-wordpress\/ -->\n<title>Futbol Sahas\u0131nda \u015eiddet: Faruk Koca\u2019ya Hakeme Sald\u0131r\u0131dan 3 Y\u0131l 7 Ay Hapis! - Avrupal\u0131 T\u00fcrklerin en Yeni Haber Portal\u0131<\/title>\n<meta name=\"robots\" content=\"index, follow, max-snippet:-1, max-image-preview:large, max-video-preview:-1\" \/>\n<link rel=\"canonical\" href=\"https:\/\/avrupatv.eu\/index.php\/2024\/11\/11\/futbol-sahasinda-siddet-faruk-kocaya-hakeme-saldiridan-3-yil-7-ay-hapis\/\" \/>\n<meta property=\"og:locale\" content=\"tr_TR\" \/>\n<meta property=\"og:type\" content=\"article\" \/>\n<meta property=\"og:title\" content=\"Futbol Sahas\u0131nda \u015eiddet: Faruk Koca\u2019ya Hakeme Sald\u0131r\u0131dan 3 Y\u0131l 7 Ay Hapis! - Avrupal\u0131 T\u00fcrklerin en Yeni Haber Portal\u0131\" \/>\n<meta property=\"og:description\" content=\"Ankara\u2019da 11 Aral\u0131k 2023 tarihinde oynanan MKE Ankarag\u00fcc\u00fc-\u00c7aykur Rizespor ma\u00e7\u0131n\u0131n ard\u0131ndan ya\u015fanan hakem sald\u0131r\u0131s\u0131 davas\u0131nda karar verildi. Eski Ankara Ankarag\u00fcc\u00fc Kul\u00fcb\u00fc Ba\u015fkan\u0131 Faruk Koca, ma\u00e7\u0131n hakemi Halil Umut Meler\u2019e sald\u0131rd\u0131\u011f\u0131 gerek\u00e7esiyle 3 y\u0131l 7 ay 22 g\u00fcn hapis cezas\u0131na \u00e7arpt\u0131r\u0131ld\u0131. Olay\u0131n ard\u0131ndan istifa eden Koca, sald\u0131r\u0131ya kar\u0131\u015fan di\u011fer san\u0131klar Kenan \u00c7elikkaya ve Yunus \u015eahin ile [&hellip;]\" \/>\n<meta property=\"og:url\" content=\"https:\/\/avrupatv.eu\/index.php\/2024\/11\/11\/futbol-sahasinda-siddet-faruk-kocaya-hakeme-saldiridan-3-yil-7-ay-hapis\/\" \/>\n<meta property=\"og:site_name\" content=\"Avrupal\u0131 T\u00fcrklerin en Yeni Haber Portal\u0131\" \/>\n<meta property=\"article:published_time\" content=\"2024-11-11T16:25:57+00:00\" \/>\n<meta property=\"og:image\" content=\"https:\/\/avrupatv.eu\/wp-content\/uploads\/2024\/11\/33895_19124.jpg\" \/>\n\t<meta property=\"og:image:width\" content=\"760\" \/>\n\t<meta property=\"og:image:height\" content=\"450\" \/>\n\t<meta property=\"og:image:type\" content=\"image\/jpeg\" \/>\n<meta name=\"author\" content=\"Onur Akpinar\" \/>\n<meta name=\"twitter:card\" content=\"summary_large_image\" \/>\n<meta name=\"twitter:label1\" content=\"Yazan:\" \/>\n\t<meta name=\"twitter:data1\" content=\"Onur Akpinar\" \/>\n\t<meta name=\"twitter:label2\" content=\"Tahmini okuma s\u00fcresi\" \/>\n\t<meta name=\"twitter:data2\" content=\"2 dakika\" \/>\n<script type=\"application\/ld+json\" class=\"yoast-schema-graph\">{\"@context\":\"https:\\\/\\\/schema.org\",\"@graph\":[{\"@type\":\"Article\",\"@id\":\"https:\\\/\\\/avrupatv.eu\\\/index.php\\\/2024\\\/11\\\/11\\\/futbol-sahasinda-siddet-faruk-kocaya-hakeme-saldiridan-3-yil-7-ay-hapis\\\/#article\",\"isPartOf\":{\"@id\":\"https:\\\/\\\/avrupatv.eu\\\/index.php\\\/2024\\\/11\\\/11\\\/futbol-sahasinda-siddet-faruk-kocaya-hakeme-saldiridan-3-yil-7-ay-hapis\\\/\"},\"author\":{\"name\":\"Onur Akpinar\",\"@id\":\"https:\\\/\\\/avrupatv.eu\\\/#\\\/schema\\\/person\\\/d56afa5d5569da4029d483da36c0c17d\"},\"headline\":\"Futbol Sahas\u0131nda \u015eiddet: Faruk Koca\u2019ya Hakeme Sald\u0131r\u0131dan 3 Y\u0131l 7 Ay Hapis!\",\"datePublished\":\"2024-11-11T16:25:57+00:00\",\"mainEntityOfPage\":{\"@id\":\"https:\\\/\\\/avrupatv.eu\\\/index.php\\\/2024\\\/11\\\/11\\\/futbol-sahasinda-siddet-faruk-kocaya-hakeme-saldiridan-3-yil-7-ay-hapis\\\/\"},\"wordCount\":416,\"commentCount\":0,\"publisher\":{\"@id\":\"https:\\\/\\\/avrupatv.eu\\\/#organization\"},\"image\":{\"@id\":\"https:\\\/\\\/avrupatv.eu\\\/index.php\\\/2024\\\/11\\\/11\\\/futbol-sahasinda-siddet-faruk-kocaya-hakeme-saldiridan-3-yil-7-ay-hapis\\\/#primaryimage\"},\"thumbnailUrl\":\"https:\\\/\\\/avrupatv.eu\\\/wp-content\\\/uploads\\\/2024\\\/11\\\/33895_19124.jpg\",\"articleSection\":[\"Futbol\",\"T\u00fcrkiye\"],\"inLanguage\":\"tr\",\"potentialAction\":[{\"@type\":\"CommentAction\",\"name\":\"Comment\",\"target\":[\"https:\\\/\\\/avrupatv.eu\\\/index.php\\\/2024\\\/11\\\/11\\\/futbol-sahasinda-siddet-faruk-kocaya-hakeme-saldiridan-3-yil-7-ay-hapis\\\/#respond\"]}]},{\"@type\":\"WebPage\",\"@id\":\"https:\\\/\\\/avrupatv.eu\\\/index.php\\\/2024\\\/11\\\/11\\\/futbol-sahasinda-siddet-faruk-kocaya-hakeme-saldiridan-3-yil-7-ay-hapis\\\/\",\"url\":\"https:\\\/\\\/avrupatv.eu\\\/index.php\\\/2024\\\/11\\\/11\\\/futbol-sahasinda-siddet-faruk-kocaya-hakeme-saldiridan-3-yil-7-ay-hapis\\\/\",\"name\":\"Futbol Sahas\u0131nda \u015eiddet: Faruk Koca\u2019ya Hakeme Sald\u0131r\u0131dan 3 Y\u0131l 7 Ay Hapis! - Avrupal\u0131 T\u00fcrklerin en Yeni Haber Portal\u0131\",\"isPartOf\":{\"@id\":\"https:\\\/\\\/avrupatv.eu\\\/#website\"},\"primaryImageOfPage\":{\"@id\":\"https:\\\/\\\/avrupatv.eu\\\/index.php\\\/2024\\\/11\\\/11\\\/futbol-sahasinda-siddet-faruk-kocaya-hakeme-saldiridan-3-yil-7-ay-hapis\\\/#primaryimage\"},\"image\":{\"@id\":\"https:\\\/\\\/avrupatv.eu\\\/index.php\\\/2024\\\/11\\\/11\\\/futbol-sahasinda-siddet-faruk-kocaya-hakeme-saldiridan-3-yil-7-ay-hapis\\\/#primaryimage\"},\"thumbnailUrl\":\"https:\\\/\\\/avrupatv.eu\\\/wp-content\\\/uploads\\\/2024\\\/11\\\/33895_19124.jpg\",\"datePublished\":\"2024-11-11T16:25:57+00:00\",\"breadcrumb\":{\"@id\":\"https:\\\/\\\/avrupatv.eu\\\/index.php\\\/2024\\\/11\\\/11\\\/futbol-sahasinda-siddet-faruk-kocaya-hakeme-saldiridan-3-yil-7-ay-hapis\\\/#breadcrumb\"},\"inLanguage\":\"tr\",\"potentialAction\":[{\"@type\":\"ReadAction\",\"target\":[\"https:\\\/\\\/avrupatv.eu\\\/index.php\\\/2024\\\/11\\\/11\\\/futbol-sahasinda-siddet-faruk-kocaya-hakeme-saldiridan-3-yil-7-ay-hapis\\\/\"]}]},{\"@type\":\"ImageObject\",\"inLanguage\":\"tr\",\"@id\":\"https:\\\/\\\/avrupatv.eu\\\/index.php\\\/2024\\\/11\\\/11\\\/futbol-sahasinda-siddet-faruk-kocaya-hakeme-saldiridan-3-yil-7-ay-hapis\\\/#primaryimage\",\"url\":\"https:\\\/\\\/avrupatv.eu\\\/wp-content\\\/uploads\\\/2024\\\/11\\\/33895_19124.jpg\",\"contentUrl\":\"https:\\\/\\\/avrupatv.eu\\\/wp-content\\\/uploads\\\/2024\\\/11\\\/33895_19124.jpg\",\"width\":760,\"height\":450},{\"@type\":\"BreadcrumbList\",\"@id\":\"https:\\\/\\\/avrupatv.eu\\\/index.php\\\/2024\\\/11\\\/11\\\/futbol-sahasinda-siddet-faruk-kocaya-hakeme-saldiridan-3-yil-7-ay-hapis\\\/#breadcrumb\",\"itemListElement\":[{\"@type\":\"ListItem\",\"position\":1,\"name\":\"Anasayfa\",\"item\":\"https:\\\/\\\/avrupatv.eu\\\/\"},{\"@type\":\"ListItem\",\"position\":2,\"name\":\"Futbol Sahas\u0131nda \u015eiddet: Faruk Koca\u2019ya Hakeme Sald\u0131r\u0131dan 3 Y\u0131l 7 Ay Hapis!\"}]},{\"@type\":\"WebSite\",\"@id\":\"https:\\\/\\\/avrupatv.eu\\\/#website\",\"url\":\"https:\\\/\\\/avrupatv.eu\\\/\",\"name\":\"Avrupal\u0131 T\u00fcrklerin en Yeni Haber Portal\u0131\",\"description\":\"\",\"publisher\":{\"@id\":\"https:\\\/\\\/avrupatv.eu\\\/#organization\"},\"alternateName\":\"Avrupa tv\",\"potentialAction\":[{\"@type\":\"SearchAction\",\"target\":{\"@type\":\"EntryPoint\",\"urlTemplate\":\"https:\\\/\\\/avrupatv.eu\\\/?s={search_term_string}\"},\"query-input\":{\"@type\":\"PropertyValueSpecification\",\"valueRequired\":true,\"valueName\":\"search_term_string\"}}],\"inLanguage\":\"tr\"},{\"@type\":\"Organization\",\"@id\":\"https:\\\/\\\/avrupatv.eu\\\/#organization\",\"name\":\"Avrupa Haber\",\"url\":\"https:\\\/\\\/avrupatv.eu\\\/\",\"logo\":{\"@type\":\"ImageObject\",\"inLanguage\":\"tr\",\"@id\":\"https:\\\/\\\/avrupatv.eu\\\/#\\\/schema\\\/logo\\\/image\\\/\",\"url\":\"https:\\\/\\\/avrupatv.eu\\\/wp-content\\\/uploads\\\/2023\\\/10\\\/cropped-thumbnail_logo.png\",\"contentUrl\":\"https:\\\/\\\/avrupatv.eu\\\/wp-content\\\/uploads\\\/2023\\\/10\\\/cropped-thumbnail_logo.png\",\"width\":1025,\"height\":302,\"caption\":\"Avrupa Haber\"},\"image\":{\"@id\":\"https:\\\/\\\/avrupatv.eu\\\/#\\\/schema\\\/logo\\\/image\\\/\"}},{\"@type\":\"Person\",\"@id\":\"https:\\\/\\\/avrupatv.eu\\\/#\\\/schema\\\/person\\\/d56afa5d5569da4029d483da36c0c17d\",\"name\":\"Onur Akpinar\",\"image\":{\"@type\":\"ImageObject\",\"inLanguage\":\"tr\",\"@id\":\"https:\\\/\\\/secure.gravatar.com\\\/avatar\\\/67a1a0bdf34f82da209334e4684b7e7171a58a5a2b0a8f836b61044f5c1f5d6a?s=96&d=mm&r=g\",\"url\":\"https:\\\/\\\/secure.gravatar.com\\\/avatar\\\/67a1a0bdf34f82da209334e4684b7e7171a58a5a2b0a8f836b61044f5c1f5d6a?s=96&d=mm&r=g\",\"contentUrl\":\"https:\\\/\\\/secure.gravatar.com\\\/avatar\\\/67a1a0bdf34f82da209334e4684b7e7171a58a5a2b0a8f836b61044f5c1f5d6a?s=96&d=mm&r=g\",\"caption\":\"Onur Akpinar\"},\"url\":\"https:\\\/\\\/avrupatv.eu\\\/index.php\\\/author\\\/onur-akpinar\\\/\"}]}<\/script>\n<!-- \/ Yoast SEO plugin. -->","yoast_head_json":{"title":"Futbol Sahas\u0131nda \u015eiddet: Faruk Koca\u2019ya Hakeme Sald\u0131r\u0131dan 3 Y\u0131l 7 Ay Hapis! - Avrupal\u0131 T\u00fcrklerin en Yeni Haber Portal\u0131","robots":{"index":"index","follow":"follow","max-snippet":"max-snippet:-1","max-image-preview":"max-image-preview:large","max-video-preview":"max-video-preview:-1"},"canonical":"https:\/\/avrupatv.eu\/index.php\/2024\/11\/11\/futbol-sahasinda-siddet-faruk-kocaya-hakeme-saldiridan-3-yil-7-ay-hapis\/","og_locale":"tr_TR","og_type":"article","og_title":"Futbol Sahas\u0131nda \u015eiddet: Faruk Koca\u2019ya Hakeme Sald\u0131r\u0131dan 3 Y\u0131l 7 Ay Hapis! - Avrupal\u0131 T\u00fcrklerin en Yeni Haber Portal\u0131","og_description":"Ankara\u2019da 11 Aral\u0131k 2023 tarihinde oynanan MKE Ankarag\u00fcc\u00fc-\u00c7aykur Rizespor ma\u00e7\u0131n\u0131n ard\u0131ndan ya\u015fanan hakem sald\u0131r\u0131s\u0131 davas\u0131nda karar verildi. Eski Ankara Ankarag\u00fcc\u00fc Kul\u00fcb\u00fc Ba\u015fkan\u0131 Faruk Koca, ma\u00e7\u0131n hakemi Halil Umut Meler\u2019e sald\u0131rd\u0131\u011f\u0131 gerek\u00e7esiyle 3 y\u0131l 7 ay 22 g\u00fcn hapis cezas\u0131na \u00e7arpt\u0131r\u0131ld\u0131. Olay\u0131n ard\u0131ndan istifa eden Koca, sald\u0131r\u0131ya kar\u0131\u015fan di\u011fer san\u0131klar Kenan \u00c7elikkaya ve Yunus \u015eahin ile [&hellip;]","og_url":"https:\/\/avrupatv.eu\/index.php\/2024\/11\/11\/futbol-sahasinda-siddet-faruk-kocaya-hakeme-saldiridan-3-yil-7-ay-hapis\/","og_site_name":"Avrupal\u0131 T\u00fcrklerin en Yeni Haber Portal\u0131","article_published_time":"2024-11-11T16:25:57+00:00","og_image":[{"width":760,"height":450,"url":"https:\/\/avrupatv.eu\/wp-content\/uploads\/2024\/11\/33895_19124.jpg","type":"image\/jpeg"}],"author":"Onur Akpinar","twitter_card":"summary_large_image","twitter_misc":{"Yazan:":"Onur Akpinar","Tahmini okuma s\u00fcresi":"2 dakika"},"schema":{"@context":"https:\/\/schema.org","@graph":[{"@type":"Article","@id":"https:\/\/avrupatv.eu\/index.php\/2024\/11\/11\/futbol-sahasinda-siddet-faruk-kocaya-hakeme-saldiridan-3-yil-7-ay-hapis\/#article","isPartOf":{"@id":"https:\/\/avrupatv.eu\/index.php\/2024\/11\/11\/futbol-sahasinda-siddet-faruk-kocaya-hakeme-saldiridan-3-yil-7-ay-hapis\/"},"author":{"name":"Onur Akpinar","@id":"https:\/\/avrupatv.eu\/#\/schema\/person\/d56afa5d5569da4029d483da36c0c17d"},"headline":"Futbol Sahas\u0131nda \u015eiddet: Faruk Koca\u2019ya Hakeme Sald\u0131r\u0131dan 3 Y\u0131l 7 Ay Hapis!","datePublished":"2024-11-11T16:25:57+00:00","mainEntityOfPage":{"@id":"https:\/\/avrupatv.eu\/index.php\/2024\/11\/11\/futbol-sahasinda-siddet-faruk-kocaya-hakeme-saldiridan-3-yil-7-ay-hapis\/"},"wordCount":416,"commentCount":0,"publisher":{"@id":"https:\/\/avrupatv.eu\/#organization"},"image":{"@id":"https:\/\/avrupatv.eu\/index.php\/2024\/11\/11\/futbol-sahasinda-siddet-faruk-kocaya-hakeme-saldiridan-3-yil-7-ay-hapis\/#primaryimage"},"thumbnailUrl":"https:\/\/avrupatv.eu\/wp-content\/uploads\/2024\/11\/33895_19124.jpg","articleSection":["Futbol","T\u00fcrkiye"],"inLanguage":"tr","potentialAction":[{"@type":"CommentAction","name":"Comment","target":["https:\/\/avrupatv.eu\/index.php\/2024\/11\/11\/futbol-sahasinda-siddet-faruk-kocaya-hakeme-saldiridan-3-yil-7-ay-hapis\/#respond"]}]},{"@type":"WebPage","@id":"https:\/\/avrupatv.eu\/index.php\/2024\/11\/11\/futbol-sahasinda-siddet-faruk-kocaya-hakeme-saldiridan-3-yil-7-ay-hapis\/","url":"https:\/\/avrupatv.eu\/index.php\/2024\/11\/11\/futbol-sahasinda-siddet-faruk-kocaya-hakeme-saldiridan-3-yil-7-ay-hapis\/","name":"Futbol Sahas\u0131nda \u015eiddet: Faruk Koca\u2019ya Hakeme Sald\u0131r\u0131dan 3 Y\u0131l 7 Ay Hapis! - Avrupal\u0131 T\u00fcrklerin en Yeni Haber Portal\u0131","isPartOf":{"@id":"https:\/\/avrupatv.eu\/#website"},"primaryImageOfPage":{"@id":"https:\/\/avrupatv.eu\/index.php\/2024\/11\/11\/futbol-sahasinda-siddet-faruk-kocaya-hakeme-saldiridan-3-yil-7-ay-hapis\/#primaryimage"},"image":{"@id":"https:\/\/avrupatv.eu\/index.php\/2024\/11\/11\/futbol-sahasinda-siddet-faruk-kocaya-hakeme-saldiridan-3-yil-7-ay-hapis\/#primaryimage"},"thumbnailUrl":"https:\/\/avrupatv.eu\/wp-content\/uploads\/2024\/11\/33895_19124.jpg","datePublished":"2024-11-11T16:25:57+00:00","breadcrumb":{"@id":"https:\/\/avrupatv.eu\/index.php\/2024\/11\/11\/futbol-sahasinda-siddet-faruk-kocaya-hakeme-saldiridan-3-yil-7-ay-hapis\/#breadcrumb"},"inLanguage":"tr","potentialAction":[{"@type":"ReadAction","target":["https:\/\/avrupatv.eu\/index.php\/2024\/11\/11\/futbol-sahasinda-siddet-faruk-kocaya-hakeme-saldiridan-3-yil-7-ay-hapis\/"]}]},{"@type":"ImageObject","inLanguage":"tr","@id":"https:\/\/avrupatv.eu\/index.php\/2024\/11\/11\/futbol-sahasinda-siddet-faruk-kocaya-hakeme-saldiridan-3-yil-7-ay-hapis\/#primaryimage","url":"https:\/\/avrupatv.eu\/wp-content\/uploads\/2024\/11\/33895_19124.jpg","contentUrl":"https:\/\/avrupatv.eu\/wp-content\/uploads\/2024\/11\/33895_19124.jpg","width":760,"height":450},{"@type":"BreadcrumbList","@id":"https:\/\/avrupatv.eu\/index.php\/2024\/11\/11\/futbol-sahasinda-siddet-faruk-kocaya-hakeme-saldiridan-3-yil-7-ay-hapis\/#breadcrumb","itemListElement":[{"@type":"ListItem","position":1,"name":"Anasayfa","item":"https:\/\/avrupatv.eu\/"},{"@type":"ListItem","position":2,"name":"Futbol Sahas\u0131nda \u015eiddet: Faruk Koca\u2019ya Hakeme Sald\u0131r\u0131dan 3 Y\u0131l 7 Ay Hapis!"}]},{"@type":"WebSite","@id":"https:\/\/avrupatv.eu\/#website","url":"https:\/\/avrupatv.eu\/","name":"Avrupal\u0131 T\u00fcrklerin en Yeni Haber Portal\u0131","description":"","publisher":{"@id":"https:\/\/avrupatv.eu\/#organization"},"alternateName":"Avrupa tv","potentialAction":[{"@type":"SearchAction","target":{"@type":"EntryPoint","urlTemplate":"https:\/\/avrupatv.eu\/?s={search_term_string}"},"query-input":{"@type":"PropertyValueSpecification","valueRequired":true,"valueName":"search_term_string"}}],"inLanguage":"tr"},{"@type":"Organization","@id":"https:\/\/avrupatv.eu\/#organization","name":"Avrupa Haber","url":"https:\/\/avrupatv.eu\/","logo":{"@type":"ImageObject","inLanguage":"tr","@id":"https:\/\/avrupatv.eu\/#\/schema\/logo\/image\/","url":"https:\/\/avrupatv.eu\/wp-content\/uploads\/2023\/10\/cropped-thumbnail_logo.png","contentUrl":"https:\/\/avrupatv.eu\/wp-content\/uploads\/2023\/10\/cropped-thumbnail_logo.png","width":1025,"height":302,"caption":"Avrupa Haber"},"image":{"@id":"https:\/\/avrupatv.eu\/#\/schema\/logo\/image\/"}},{"@type":"Person","@id":"https:\/\/avrupatv.eu\/#\/schema\/person\/d56afa5d5569da4029d483da36c0c17d","name":"Onur Akpinar","image":{"@type":"ImageObject","inLanguage":"tr","@id":"https:\/\/secure.gravatar.com\/avatar\/67a1a0bdf34f82da209334e4684b7e7171a58a5a2b0a8f836b61044f5c1f5d6a?s=96&d=mm&r=g","url":"https:\/\/secure.gravatar.com\/avatar\/67a1a0bdf34f82da209334e4684b7e7171a58a5a2b0a8f836b61044f5c1f5d6a?s=96&d=mm&r=g","contentUrl":"https:\/\/secure.gravatar.com\/avatar\/67a1a0bdf34f82da209334e4684b7e7171a58a5a2b0a8f836b61044f5c1f5d6a?s=96&d=mm&r=g","caption":"Onur Akpinar"},"url":"https:\/\/avrupatv.eu\/index.php\/author\/onur-akpinar\/"}]}},"_links":{"self":[{"href":"https:\/\/avrupatv.eu\/index.php\/wp-json\/wp\/v2\/posts\/607","targetHints":{"allow":["GET"]}}],"collection":[{"href":"https:\/\/avrupatv.eu\/index.php\/wp-json\/wp\/v2\/posts"}],"about":[{"href":"https:\/\/avrupatv.eu\/index.php\/wp-json\/wp\/v2\/types\/post"}],"author":[{"embeddable":true,"href":"https:\/\/avrupatv.eu\/index.php\/wp-json\/wp\/v2\/users\/2"}],"replies":[{"embeddable":true,"href":"https:\/\/avrupatv.eu\/index.php\/wp-json\/wp\/v2\/comments?post=607"}],"version-history":[{"count":1,"href":"https:\/\/avrupatv.eu\/index.php\/wp-json\/wp\/v2\/posts\/607\/revisions"}],"predecessor-version":[{"id":609,"href":"https:\/\/avrupatv.eu\/index.php\/wp-json\/wp\/v2\/posts\/607\/revisions\/609"}],"wp:featuredmedia":[{"embeddable":true,"href":"https:\/\/avrupatv.eu\/index.php\/wp-json\/wp\/v2\/media\/608"}],"wp:attachment":[{"href":"https:\/\/avrupatv.eu\/index.php\/wp-json\/wp\/v2\/media?parent=607"}],"wp:term":[{"taxonomy":"category","embeddable":true,"href":"https:\/\/avrupatv.eu\/index.php\/wp-json\/wp\/v2\/categories?post=607"},{"taxonomy":"post_tag","embeddable":true,"href":"https:\/\/avrupatv.eu\/index.php\/wp-json\/wp\/v2\/tags?post=607"}],"curies":[{"name":"wp","href":"https:\/\/api.w.org\/{rel}","templated":true}]}}