{"id":598,"date":"2024-11-11T15:34:56","date_gmt":"2024-11-11T15:34:56","guid":{"rendered":"https:\/\/avrupatv.eu\/?p=598"},"modified":"2024-11-11T15:34:56","modified_gmt":"2024-11-11T15:34:56","slug":"erdogan-netanyahuya-filistini-isgalinin-bedelini-odetmeye-haziriz","status":"publish","type":"post","link":"https:\/\/avrupatv.eu\/index.php\/2024\/11\/11\/erdogan-netanyahuya-filistini-isgalinin-bedelini-odetmeye-haziriz\/","title":{"rendered":"Erdo\u011fan: Netanyahu\u2019ya Filistin\u2019i \u0130\u015fgalinin Bedelini \u00d6detmeye Haz\u0131r\u0131z"},"content":{"rendered":"\n<p>Cumhurba\u015fkan\u0131 Recep Tayyip Erdo\u011fan, Riyad&#8217;da d\u00fczenlenen \u0130slam \u0130\u015fbirli\u011fi Te\u015fkilat\u0131 (\u0130\u0130T) ve Arap Ligi Ola\u011fan\u00fcst\u00fc Ortak Zirvesi&#8217;nde yapt\u0131\u011f\u0131 konu\u015fmada, \u0130srail&#8217;in Filistin topraklar\u0131nda s\u00fcrd\u00fcrd\u00fc\u011f\u00fc i\u015fgal ve katliamlar\u0131 k\u0131nayarak, T\u00fcrkiye&#8217;nin \u0130srail&#8217;e y\u00f6nelik ticari k\u0131s\u0131tlamalar\u0131 y\u00fcr\u00fcrl\u00fc\u011fe koydu\u011funu a\u00e7\u0131klad\u0131. Erdo\u011fan, \u0130srail&#8217;in Gazze ve di\u011fer Filistin b\u00f6lgelerinde ger\u00e7ekle\u015ftirdi\u011fi sald\u0131r\u0131larda b\u00fcy\u00fck \u00e7o\u011funlu\u011fu \u00e7ocuk ve kad\u0131nlardan olu\u015fan 50 bin Filistinlinin hayat\u0131n\u0131 kaybetti\u011fini belirtti. \u0130srail&#8217;in Gazze&#8217;ye y\u00f6nelik askeri sald\u0131r\u0131lar\u0131n\u0131n yan\u0131 s\u0131ra, L\u00fcbnan&#8217;a y\u00f6nelik sald\u0131r\u0131lar\u0131n\u0131 da art\u0131rd\u0131\u011f\u0131n\u0131 ifade eden Erdo\u011fan, \u0130srail&#8217;in insani yard\u0131mlar\u0131n Gazze&#8217;ye ula\u015fmas\u0131n\u0131 engelledi\u011fini ve bu konuda T\u00fcrkiye&#8217;nin 84 bin tondan fazla yard\u0131m g\u00f6nderdi\u011fini kaydetti.<\/p>\n\n\n\n<p>Erdo\u011fan, \u0130srail&#8217;in amac\u0131n\u0131n Gazze&#8217;ye yerle\u015fmek ve Bat\u0131 \u015eeria ile Do\u011fu Kud\u00fcs&#8217;teki Filistin varl\u0131\u011f\u0131n\u0131 ortadan kald\u0131rmak oldu\u011funu belirterek, M\u00fcsl\u00fcman \u00fclkelerin tepkilerinin yetersiz kalmas\u0131 nedeniyle \u0130srail&#8217;in daha da sald\u0131rganla\u015ft\u0131\u011f\u0131n\u0131 vurgulad\u0131. T\u00fcrkiye&#8217;nin, \u0130srail&#8217;in Filistin topraklar\u0131ndaki i\u015fgalinin maliyetini Netanyahu h\u00fck\u00fcmetine hissettirecek somut ad\u0131mlar atmaya haz\u0131r oldu\u011funu ifade etti. Ayr\u0131ca, Filistin Devleti&#8217;nin Birle\u015fmi\u015f Milletler&#8217;e tam \u00fcye olabilmesi i\u00e7in daha fazla \u00fclkenin Filistin&#8217;i tan\u0131mas\u0131n\u0131 te\u015fvik etmek gerekti\u011fini s\u00f6yledi.<\/p>\n\n\n\n<p>Cumhurba\u015fkan\u0131 Erdo\u011fan, \u0130slam \u00fclkelerinin \u0130srail&#8217;e kar\u015f\u0131 at\u0131labilecek ad\u0131mlarda \u00f6nc\u00fcl\u00fck etmesi gerekti\u011fini belirterek, \u00f6zellikle \u0130srail&#8217;e silah ambargosu uygulanmas\u0131 ve \u0130srail ile ticaretin sonland\u0131r\u0131lmas\u0131 gerekti\u011fini vurgulad\u0131. Ayr\u0131ca, G\u00fcney Afrika&#8217;n\u0131n \u0130srail aleyhine Uluslararas\u0131 Adalet Divan\u0131&#8217;nda a\u00e7t\u0131\u011f\u0131 davaya daha fazla \u00fclkenin m\u00fcdahil olmas\u0131n\u0131 te\u015fvik etmeleri gerekti\u011fini ifade etti. Erdo\u011fan, Filistin&#8217;in Birle\u015fmi\u015f Milletler \u00fcyeli\u011fi i\u00e7in umutlu oldu\u011funu ve bunun i\u00e7in uluslararas\u0131 alanda daha fazla destek sa\u011flanmas\u0131 gerekti\u011fini s\u00f6yledi.<\/p>\n\n\n\n<p>Zirve sonras\u0131, Erdo\u011fan Suudi Arabistan&#8217;dan ayr\u0131larak Azerbaycan&#8217;a hareket etti. Burada d\u00fczenlenecek olan Birle\u015fmi\u015f Milletler (BM) \u0130klim De\u011fi\u015fikli\u011fi \u00c7er\u00e7eve S\u00f6zle\u015fmesi 29. Taraflar Konferans\u0131&#8217;na (COP29) kat\u0131lmak \u00fczere Bak\u00fc&#8217;ye gitti.<\/p>\n","protected":false},"excerpt":{"rendered":"<p>Cumhurba\u015fkan\u0131 Recep Tayyip Erdo\u011fan, Riyad&#8217;da d\u00fczenlenen \u0130slam \u0130\u015fbirli\u011fi Te\u015fkilat\u0131 (\u0130\u0130T) ve Arap Ligi Ola\u011fan\u00fcst\u00fc Ortak Zirvesi&#8217;nde yapt\u0131\u011f\u0131 konu\u015fmada, \u0130srail&#8217;in Filistin topraklar\u0131nda s\u00fcrd\u00fcrd\u00fc\u011f\u00fc i\u015fgal ve katliamlar\u0131 k\u0131nayarak, T\u00fcrkiye&#8217;nin \u0130srail&#8217;e y\u00f6nelik ticari k\u0131s\u0131tlamalar\u0131 y\u00fcr\u00fcrl\u00fc\u011fe koydu\u011funu a\u00e7\u0131klad\u0131. Erdo\u011fan, \u0130srail&#8217;in Gazze ve di\u011fer Filistin b\u00f6lgelerinde ger\u00e7ekle\u015ftirdi\u011fi sald\u0131r\u0131larda b\u00fcy\u00fck \u00e7o\u011funlu\u011fu \u00e7ocuk ve kad\u0131nlardan olu\u015fan 50 bin Filistinlinin hayat\u0131n\u0131 kaybetti\u011fini belirtti. [&hellip;]<\/p>\n","protected":false},"author":2,"featured_media":599,"comment_status":"open","ping_status":"open","sticky":false,"template":"","format":"standard","meta":{"footnotes":""},"categories":[6,8,11],"tags":[],"class_list":["post-598","post","type-post","status-publish","format-standard","has-post-thumbnail","hentry","category-dunya","category-gundem","category-turkiye"],"yoast_head":"<!-- This site is optimized with the Yoast SEO plugin v27.5 - https:\/\/yoast.com\/product\/yoast-seo-wordpress\/ -->\n<title>Erdo\u011fan: Netanyahu\u2019ya Filistin\u2019i \u0130\u015fgalinin Bedelini \u00d6detmeye Haz\u0131r\u0131z - Avrupal\u0131 T\u00fcrklerin en Yeni Haber Portal\u0131<\/title>\n<meta name=\"robots\" content=\"index, follow, max-snippet:-1, max-image-preview:large, max-video-preview:-1\" \/>\n<link rel=\"canonical\" href=\"https:\/\/avrupatv.eu\/index.php\/2024\/11\/11\/erdogan-netanyahuya-filistini-isgalinin-bedelini-odetmeye-haziriz\/\" \/>\n<meta property=\"og:locale\" content=\"tr_TR\" \/>\n<meta property=\"og:type\" content=\"article\" \/>\n<meta property=\"og:title\" content=\"Erdo\u011fan: Netanyahu\u2019ya Filistin\u2019i \u0130\u015fgalinin Bedelini \u00d6detmeye Haz\u0131r\u0131z - Avrupal\u0131 T\u00fcrklerin en Yeni Haber Portal\u0131\" \/>\n<meta property=\"og:description\" content=\"Cumhurba\u015fkan\u0131 Recep Tayyip Erdo\u011fan, Riyad&#8217;da d\u00fczenlenen \u0130slam \u0130\u015fbirli\u011fi Te\u015fkilat\u0131 (\u0130\u0130T) ve Arap Ligi Ola\u011fan\u00fcst\u00fc Ortak Zirvesi&#8217;nde yapt\u0131\u011f\u0131 konu\u015fmada, \u0130srail&#8217;in Filistin topraklar\u0131nda s\u00fcrd\u00fcrd\u00fc\u011f\u00fc i\u015fgal ve katliamlar\u0131 k\u0131nayarak, T\u00fcrkiye&#8217;nin \u0130srail&#8217;e y\u00f6nelik ticari k\u0131s\u0131tlamalar\u0131 y\u00fcr\u00fcrl\u00fc\u011fe koydu\u011funu a\u00e7\u0131klad\u0131. Erdo\u011fan, \u0130srail&#8217;in Gazze ve di\u011fer Filistin b\u00f6lgelerinde ger\u00e7ekle\u015ftirdi\u011fi sald\u0131r\u0131larda b\u00fcy\u00fck \u00e7o\u011funlu\u011fu \u00e7ocuk ve kad\u0131nlardan olu\u015fan 50 bin Filistinlinin hayat\u0131n\u0131 kaybetti\u011fini belirtti. [&hellip;]\" \/>\n<meta property=\"og:url\" content=\"https:\/\/avrupatv.eu\/index.php\/2024\/11\/11\/erdogan-netanyahuya-filistini-isgalinin-bedelini-odetmeye-haziriz\/\" \/>\n<meta property=\"og:site_name\" content=\"Avrupal\u0131 T\u00fcrklerin en Yeni Haber Portal\u0131\" \/>\n<meta property=\"article:published_time\" content=\"2024-11-11T15:34:56+00:00\" \/>\n<meta property=\"og:image\" content=\"https:\/\/avrupatv.eu\/wp-content\/uploads\/2024\/11\/erdogan-2289915.jpg\" \/>\n\t<meta property=\"og:image:width\" content=\"1280\" \/>\n\t<meta property=\"og:image:height\" content=\"720\" \/>\n\t<meta property=\"og:image:type\" content=\"image\/jpeg\" \/>\n<meta name=\"author\" content=\"Onur Akpinar\" \/>\n<meta name=\"twitter:card\" content=\"summary_large_image\" \/>\n<meta name=\"twitter:label1\" content=\"Yazan:\" \/>\n\t<meta name=\"twitter:data1\" content=\"Onur Akpinar\" \/>\n\t<meta name=\"twitter:label2\" content=\"Tahmini okuma s\u00fcresi\" \/>\n\t<meta name=\"twitter:data2\" content=\"2 dakika\" \/>\n<script type=\"application\/ld+json\" class=\"yoast-schema-graph\">{\"@context\":\"https:\\\/\\\/schema.org\",\"@graph\":[{\"@type\":\"Article\",\"@id\":\"https:\\\/\\\/avrupatv.eu\\\/index.php\\\/2024\\\/11\\\/11\\\/erdogan-netanyahuya-filistini-isgalinin-bedelini-odetmeye-haziriz\\\/#article\",\"isPartOf\":{\"@id\":\"https:\\\/\\\/avrupatv.eu\\\/index.php\\\/2024\\\/11\\\/11\\\/erdogan-netanyahuya-filistini-isgalinin-bedelini-odetmeye-haziriz\\\/\"},\"author\":{\"name\":\"Onur Akpinar\",\"@id\":\"https:\\\/\\\/avrupatv.eu\\\/#\\\/schema\\\/person\\\/d56afa5d5569da4029d483da36c0c17d\"},\"headline\":\"Erdo\u011fan: Netanyahu\u2019ya Filistin\u2019i \u0130\u015fgalinin Bedelini \u00d6detmeye Haz\u0131r\u0131z\",\"datePublished\":\"2024-11-11T15:34:56+00:00\",\"mainEntityOfPage\":{\"@id\":\"https:\\\/\\\/avrupatv.eu\\\/index.php\\\/2024\\\/11\\\/11\\\/erdogan-netanyahuya-filistini-isgalinin-bedelini-odetmeye-haziriz\\\/\"},\"wordCount\":407,\"commentCount\":0,\"publisher\":{\"@id\":\"https:\\\/\\\/avrupatv.eu\\\/#organization\"},\"image\":{\"@id\":\"https:\\\/\\\/avrupatv.eu\\\/index.php\\\/2024\\\/11\\\/11\\\/erdogan-netanyahuya-filistini-isgalinin-bedelini-odetmeye-haziriz\\\/#primaryimage\"},\"thumbnailUrl\":\"https:\\\/\\\/avrupatv.eu\\\/wp-content\\\/uploads\\\/2024\\\/11\\\/erdogan-2289915.jpg\",\"articleSection\":[\"D\u00fcnya\",\"G\u00fcndem\",\"T\u00fcrkiye\"],\"inLanguage\":\"tr\",\"potentialAction\":[{\"@type\":\"CommentAction\",\"name\":\"Comment\",\"target\":[\"https:\\\/\\\/avrupatv.eu\\\/index.php\\\/2024\\\/11\\\/11\\\/erdogan-netanyahuya-filistini-isgalinin-bedelini-odetmeye-haziriz\\\/#respond\"]}]},{\"@type\":\"WebPage\",\"@id\":\"https:\\\/\\\/avrupatv.eu\\\/index.php\\\/2024\\\/11\\\/11\\\/erdogan-netanyahuya-filistini-isgalinin-bedelini-odetmeye-haziriz\\\/\",\"url\":\"https:\\\/\\\/avrupatv.eu\\\/index.php\\\/2024\\\/11\\\/11\\\/erdogan-netanyahuya-filistini-isgalinin-bedelini-odetmeye-haziriz\\\/\",\"name\":\"Erdo\u011fan: Netanyahu\u2019ya Filistin\u2019i \u0130\u015fgalinin Bedelini \u00d6detmeye Haz\u0131r\u0131z - Avrupal\u0131 T\u00fcrklerin en Yeni Haber Portal\u0131\",\"isPartOf\":{\"@id\":\"https:\\\/\\\/avrupatv.eu\\\/#website\"},\"primaryImageOfPage\":{\"@id\":\"https:\\\/\\\/avrupatv.eu\\\/index.php\\\/2024\\\/11\\\/11\\\/erdogan-netanyahuya-filistini-isgalinin-bedelini-odetmeye-haziriz\\\/#primaryimage\"},\"image\":{\"@id\":\"https:\\\/\\\/avrupatv.eu\\\/index.php\\\/2024\\\/11\\\/11\\\/erdogan-netanyahuya-filistini-isgalinin-bedelini-odetmeye-haziriz\\\/#primaryimage\"},\"thumbnailUrl\":\"https:\\\/\\\/avrupatv.eu\\\/wp-content\\\/uploads\\\/2024\\\/11\\\/erdogan-2289915.jpg\",\"datePublished\":\"2024-11-11T15:34:56+00:00\",\"breadcrumb\":{\"@id\":\"https:\\\/\\\/avrupatv.eu\\\/index.php\\\/2024\\\/11\\\/11\\\/erdogan-netanyahuya-filistini-isgalinin-bedelini-odetmeye-haziriz\\\/#breadcrumb\"},\"inLanguage\":\"tr\",\"potentialAction\":[{\"@type\":\"ReadAction\",\"target\":[\"https:\\\/\\\/avrupatv.eu\\\/index.php\\\/2024\\\/11\\\/11\\\/erdogan-netanyahuya-filistini-isgalinin-bedelini-odetmeye-haziriz\\\/\"]}]},{\"@type\":\"ImageObject\",\"inLanguage\":\"tr\",\"@id\":\"https:\\\/\\\/avrupatv.eu\\\/index.php\\\/2024\\\/11\\\/11\\\/erdogan-netanyahuya-filistini-isgalinin-bedelini-odetmeye-haziriz\\\/#primaryimage\",\"url\":\"https:\\\/\\\/avrupatv.eu\\\/wp-content\\\/uploads\\\/2024\\\/11\\\/erdogan-2289915.jpg\",\"contentUrl\":\"https:\\\/\\\/avrupatv.eu\\\/wp-content\\\/uploads\\\/2024\\\/11\\\/erdogan-2289915.jpg\",\"width\":1280,\"height\":720},{\"@type\":\"BreadcrumbList\",\"@id\":\"https:\\\/\\\/avrupatv.eu\\\/index.php\\\/2024\\\/11\\\/11\\\/erdogan-netanyahuya-filistini-isgalinin-bedelini-odetmeye-haziriz\\\/#breadcrumb\",\"itemListElement\":[{\"@type\":\"ListItem\",\"position\":1,\"name\":\"Anasayfa\",\"item\":\"https:\\\/\\\/avrupatv.eu\\\/\"},{\"@type\":\"ListItem\",\"position\":2,\"name\":\"Erdo\u011fan: Netanyahu\u2019ya Filistin\u2019i \u0130\u015fgalinin Bedelini \u00d6detmeye Haz\u0131r\u0131z\"}]},{\"@type\":\"WebSite\",\"@id\":\"https:\\\/\\\/avrupatv.eu\\\/#website\",\"url\":\"https:\\\/\\\/avrupatv.eu\\\/\",\"name\":\"Avrupal\u0131 T\u00fcrklerin en Yeni Haber Portal\u0131\",\"description\":\"\",\"publisher\":{\"@id\":\"https:\\\/\\\/avrupatv.eu\\\/#organization\"},\"alternateName\":\"Avrupa tv\",\"potentialAction\":[{\"@type\":\"SearchAction\",\"target\":{\"@type\":\"EntryPoint\",\"urlTemplate\":\"https:\\\/\\\/avrupatv.eu\\\/?s={search_term_string}\"},\"query-input\":{\"@type\":\"PropertyValueSpecification\",\"valueRequired\":true,\"valueName\":\"search_term_string\"}}],\"inLanguage\":\"tr\"},{\"@type\":\"Organization\",\"@id\":\"https:\\\/\\\/avrupatv.eu\\\/#organization\",\"name\":\"Avrupa Haber\",\"url\":\"https:\\\/\\\/avrupatv.eu\\\/\",\"logo\":{\"@type\":\"ImageObject\",\"inLanguage\":\"tr\",\"@id\":\"https:\\\/\\\/avrupatv.eu\\\/#\\\/schema\\\/logo\\\/image\\\/\",\"url\":\"https:\\\/\\\/avrupatv.eu\\\/wp-content\\\/uploads\\\/2023\\\/10\\\/cropped-thumbnail_logo.png\",\"contentUrl\":\"https:\\\/\\\/avrupatv.eu\\\/wp-content\\\/uploads\\\/2023\\\/10\\\/cropped-thumbnail_logo.png\",\"width\":1025,\"height\":302,\"caption\":\"Avrupa Haber\"},\"image\":{\"@id\":\"https:\\\/\\\/avrupatv.eu\\\/#\\\/schema\\\/logo\\\/image\\\/\"}},{\"@type\":\"Person\",\"@id\":\"https:\\\/\\\/avrupatv.eu\\\/#\\\/schema\\\/person\\\/d56afa5d5569da4029d483da36c0c17d\",\"name\":\"Onur Akpinar\",\"image\":{\"@type\":\"ImageObject\",\"inLanguage\":\"tr\",\"@id\":\"https:\\\/\\\/secure.gravatar.com\\\/avatar\\\/67a1a0bdf34f82da209334e4684b7e7171a58a5a2b0a8f836b61044f5c1f5d6a?s=96&d=mm&r=g\",\"url\":\"https:\\\/\\\/secure.gravatar.com\\\/avatar\\\/67a1a0bdf34f82da209334e4684b7e7171a58a5a2b0a8f836b61044f5c1f5d6a?s=96&d=mm&r=g\",\"contentUrl\":\"https:\\\/\\\/secure.gravatar.com\\\/avatar\\\/67a1a0bdf34f82da209334e4684b7e7171a58a5a2b0a8f836b61044f5c1f5d6a?s=96&d=mm&r=g\",\"caption\":\"Onur Akpinar\"},\"url\":\"https:\\\/\\\/avrupatv.eu\\\/index.php\\\/author\\\/onur-akpinar\\\/\"}]}<\/script>\n<!-- \/ Yoast SEO plugin. -->","yoast_head_json":{"title":"Erdo\u011fan: Netanyahu\u2019ya Filistin\u2019i \u0130\u015fgalinin Bedelini \u00d6detmeye Haz\u0131r\u0131z - Avrupal\u0131 T\u00fcrklerin en Yeni Haber Portal\u0131","robots":{"index":"index","follow":"follow","max-snippet":"max-snippet:-1","max-image-preview":"max-image-preview:large","max-video-preview":"max-video-preview:-1"},"canonical":"https:\/\/avrupatv.eu\/index.php\/2024\/11\/11\/erdogan-netanyahuya-filistini-isgalinin-bedelini-odetmeye-haziriz\/","og_locale":"tr_TR","og_type":"article","og_title":"Erdo\u011fan: Netanyahu\u2019ya Filistin\u2019i \u0130\u015fgalinin Bedelini \u00d6detmeye Haz\u0131r\u0131z - Avrupal\u0131 T\u00fcrklerin en Yeni Haber Portal\u0131","og_description":"Cumhurba\u015fkan\u0131 Recep Tayyip Erdo\u011fan, Riyad&#8217;da d\u00fczenlenen \u0130slam \u0130\u015fbirli\u011fi Te\u015fkilat\u0131 (\u0130\u0130T) ve Arap Ligi Ola\u011fan\u00fcst\u00fc Ortak Zirvesi&#8217;nde yapt\u0131\u011f\u0131 konu\u015fmada, \u0130srail&#8217;in Filistin topraklar\u0131nda s\u00fcrd\u00fcrd\u00fc\u011f\u00fc i\u015fgal ve katliamlar\u0131 k\u0131nayarak, T\u00fcrkiye&#8217;nin \u0130srail&#8217;e y\u00f6nelik ticari k\u0131s\u0131tlamalar\u0131 y\u00fcr\u00fcrl\u00fc\u011fe koydu\u011funu a\u00e7\u0131klad\u0131. Erdo\u011fan, \u0130srail&#8217;in Gazze ve di\u011fer Filistin b\u00f6lgelerinde ger\u00e7ekle\u015ftirdi\u011fi sald\u0131r\u0131larda b\u00fcy\u00fck \u00e7o\u011funlu\u011fu \u00e7ocuk ve kad\u0131nlardan olu\u015fan 50 bin Filistinlinin hayat\u0131n\u0131 kaybetti\u011fini belirtti. [&hellip;]","og_url":"https:\/\/avrupatv.eu\/index.php\/2024\/11\/11\/erdogan-netanyahuya-filistini-isgalinin-bedelini-odetmeye-haziriz\/","og_site_name":"Avrupal\u0131 T\u00fcrklerin en Yeni Haber Portal\u0131","article_published_time":"2024-11-11T15:34:56+00:00","og_image":[{"width":1280,"height":720,"url":"https:\/\/avrupatv.eu\/wp-content\/uploads\/2024\/11\/erdogan-2289915.jpg","type":"image\/jpeg"}],"author":"Onur Akpinar","twitter_card":"summary_large_image","twitter_misc":{"Yazan:":"Onur Akpinar","Tahmini okuma s\u00fcresi":"2 dakika"},"schema":{"@context":"https:\/\/schema.org","@graph":[{"@type":"Article","@id":"https:\/\/avrupatv.eu\/index.php\/2024\/11\/11\/erdogan-netanyahuya-filistini-isgalinin-bedelini-odetmeye-haziriz\/#article","isPartOf":{"@id":"https:\/\/avrupatv.eu\/index.php\/2024\/11\/11\/erdogan-netanyahuya-filistini-isgalinin-bedelini-odetmeye-haziriz\/"},"author":{"name":"Onur Akpinar","@id":"https:\/\/avrupatv.eu\/#\/schema\/person\/d56afa5d5569da4029d483da36c0c17d"},"headline":"Erdo\u011fan: Netanyahu\u2019ya Filistin\u2019i \u0130\u015fgalinin Bedelini \u00d6detmeye Haz\u0131r\u0131z","datePublished":"2024-11-11T15:34:56+00:00","mainEntityOfPage":{"@id":"https:\/\/avrupatv.eu\/index.php\/2024\/11\/11\/erdogan-netanyahuya-filistini-isgalinin-bedelini-odetmeye-haziriz\/"},"wordCount":407,"commentCount":0,"publisher":{"@id":"https:\/\/avrupatv.eu\/#organization"},"image":{"@id":"https:\/\/avrupatv.eu\/index.php\/2024\/11\/11\/erdogan-netanyahuya-filistini-isgalinin-bedelini-odetmeye-haziriz\/#primaryimage"},"thumbnailUrl":"https:\/\/avrupatv.eu\/wp-content\/uploads\/2024\/11\/erdogan-2289915.jpg","articleSection":["D\u00fcnya","G\u00fcndem","T\u00fcrkiye"],"inLanguage":"tr","potentialAction":[{"@type":"CommentAction","name":"Comment","target":["https:\/\/avrupatv.eu\/index.php\/2024\/11\/11\/erdogan-netanyahuya-filistini-isgalinin-bedelini-odetmeye-haziriz\/#respond"]}]},{"@type":"WebPage","@id":"https:\/\/avrupatv.eu\/index.php\/2024\/11\/11\/erdogan-netanyahuya-filistini-isgalinin-bedelini-odetmeye-haziriz\/","url":"https:\/\/avrupatv.eu\/index.php\/2024\/11\/11\/erdogan-netanyahuya-filistini-isgalinin-bedelini-odetmeye-haziriz\/","name":"Erdo\u011fan: Netanyahu\u2019ya Filistin\u2019i \u0130\u015fgalinin Bedelini \u00d6detmeye Haz\u0131r\u0131z - Avrupal\u0131 T\u00fcrklerin en Yeni Haber Portal\u0131","isPartOf":{"@id":"https:\/\/avrupatv.eu\/#website"},"primaryImageOfPage":{"@id":"https:\/\/avrupatv.eu\/index.php\/2024\/11\/11\/erdogan-netanyahuya-filistini-isgalinin-bedelini-odetmeye-haziriz\/#primaryimage"},"image":{"@id":"https:\/\/avrupatv.eu\/index.php\/2024\/11\/11\/erdogan-netanyahuya-filistini-isgalinin-bedelini-odetmeye-haziriz\/#primaryimage"},"thumbnailUrl":"https:\/\/avrupatv.eu\/wp-content\/uploads\/2024\/11\/erdogan-2289915.jpg","datePublished":"2024-11-11T15:34:56+00:00","breadcrumb":{"@id":"https:\/\/avrupatv.eu\/index.php\/2024\/11\/11\/erdogan-netanyahuya-filistini-isgalinin-bedelini-odetmeye-haziriz\/#breadcrumb"},"inLanguage":"tr","potentialAction":[{"@type":"ReadAction","target":["https:\/\/avrupatv.eu\/index.php\/2024\/11\/11\/erdogan-netanyahuya-filistini-isgalinin-bedelini-odetmeye-haziriz\/"]}]},{"@type":"ImageObject","inLanguage":"tr","@id":"https:\/\/avrupatv.eu\/index.php\/2024\/11\/11\/erdogan-netanyahuya-filistini-isgalinin-bedelini-odetmeye-haziriz\/#primaryimage","url":"https:\/\/avrupatv.eu\/wp-content\/uploads\/2024\/11\/erdogan-2289915.jpg","contentUrl":"https:\/\/avrupatv.eu\/wp-content\/uploads\/2024\/11\/erdogan-2289915.jpg","width":1280,"height":720},{"@type":"BreadcrumbList","@id":"https:\/\/avrupatv.eu\/index.php\/2024\/11\/11\/erdogan-netanyahuya-filistini-isgalinin-bedelini-odetmeye-haziriz\/#breadcrumb","itemListElement":[{"@type":"ListItem","position":1,"name":"Anasayfa","item":"https:\/\/avrupatv.eu\/"},{"@type":"ListItem","position":2,"name":"Erdo\u011fan: Netanyahu\u2019ya Filistin\u2019i \u0130\u015fgalinin Bedelini \u00d6detmeye Haz\u0131r\u0131z"}]},{"@type":"WebSite","@id":"https:\/\/avrupatv.eu\/#website","url":"https:\/\/avrupatv.eu\/","name":"Avrupal\u0131 T\u00fcrklerin en Yeni Haber Portal\u0131","description":"","publisher":{"@id":"https:\/\/avrupatv.eu\/#organization"},"alternateName":"Avrupa tv","potentialAction":[{"@type":"SearchAction","target":{"@type":"EntryPoint","urlTemplate":"https:\/\/avrupatv.eu\/?s={search_term_string}"},"query-input":{"@type":"PropertyValueSpecification","valueRequired":true,"valueName":"search_term_string"}}],"inLanguage":"tr"},{"@type":"Organization","@id":"https:\/\/avrupatv.eu\/#organization","name":"Avrupa Haber","url":"https:\/\/avrupatv.eu\/","logo":{"@type":"ImageObject","inLanguage":"tr","@id":"https:\/\/avrupatv.eu\/#\/schema\/logo\/image\/","url":"https:\/\/avrupatv.eu\/wp-content\/uploads\/2023\/10\/cropped-thumbnail_logo.png","contentUrl":"https:\/\/avrupatv.eu\/wp-content\/uploads\/2023\/10\/cropped-thumbnail_logo.png","width":1025,"height":302,"caption":"Avrupa Haber"},"image":{"@id":"https:\/\/avrupatv.eu\/#\/schema\/logo\/image\/"}},{"@type":"Person","@id":"https:\/\/avrupatv.eu\/#\/schema\/person\/d56afa5d5569da4029d483da36c0c17d","name":"Onur Akpinar","image":{"@type":"ImageObject","inLanguage":"tr","@id":"https:\/\/secure.gravatar.com\/avatar\/67a1a0bdf34f82da209334e4684b7e7171a58a5a2b0a8f836b61044f5c1f5d6a?s=96&d=mm&r=g","url":"https:\/\/secure.gravatar.com\/avatar\/67a1a0bdf34f82da209334e4684b7e7171a58a5a2b0a8f836b61044f5c1f5d6a?s=96&d=mm&r=g","contentUrl":"https:\/\/secure.gravatar.com\/avatar\/67a1a0bdf34f82da209334e4684b7e7171a58a5a2b0a8f836b61044f5c1f5d6a?s=96&d=mm&r=g","caption":"Onur Akpinar"},"url":"https:\/\/avrupatv.eu\/index.php\/author\/onur-akpinar\/"}]}},"_links":{"self":[{"href":"https:\/\/avrupatv.eu\/index.php\/wp-json\/wp\/v2\/posts\/598","targetHints":{"allow":["GET"]}}],"collection":[{"href":"https:\/\/avrupatv.eu\/index.php\/wp-json\/wp\/v2\/posts"}],"about":[{"href":"https:\/\/avrupatv.eu\/index.php\/wp-json\/wp\/v2\/types\/post"}],"author":[{"embeddable":true,"href":"https:\/\/avrupatv.eu\/index.php\/wp-json\/wp\/v2\/users\/2"}],"replies":[{"embeddable":true,"href":"https:\/\/avrupatv.eu\/index.php\/wp-json\/wp\/v2\/comments?post=598"}],"version-history":[{"count":1,"href":"https:\/\/avrupatv.eu\/index.php\/wp-json\/wp\/v2\/posts\/598\/revisions"}],"predecessor-version":[{"id":600,"href":"https:\/\/avrupatv.eu\/index.php\/wp-json\/wp\/v2\/posts\/598\/revisions\/600"}],"wp:featuredmedia":[{"embeddable":true,"href":"https:\/\/avrupatv.eu\/index.php\/wp-json\/wp\/v2\/media\/599"}],"wp:attachment":[{"href":"https:\/\/avrupatv.eu\/index.php\/wp-json\/wp\/v2\/media?parent=598"}],"wp:term":[{"taxonomy":"category","embeddable":true,"href":"https:\/\/avrupatv.eu\/index.php\/wp-json\/wp\/v2\/categories?post=598"},{"taxonomy":"post_tag","embeddable":true,"href":"https:\/\/avrupatv.eu\/index.php\/wp-json\/wp\/v2\/tags?post=598"}],"curies":[{"name":"wp","href":"https:\/\/api.w.org\/{rel}","templated":true}]}}