{"id":595,"date":"2024-11-11T15:04:57","date_gmt":"2024-11-11T15:04:57","guid":{"rendered":"https:\/\/avrupatv.eu\/?p=595"},"modified":"2024-11-11T15:04:58","modified_gmt":"2024-11-11T15:04:58","slug":"trio-fenerbahce-galatasaray-ve-besiktas-maclarini-yorumladi-olayli-macta-sok-eden-detaylar","status":"publish","type":"post","link":"https:\/\/avrupatv.eu\/index.php\/2024\/11\/11\/trio-fenerbahce-galatasaray-ve-besiktas-maclarini-yorumladi-olayli-macta-sok-eden-detaylar\/","title":{"rendered":"Trio, Fenerbah\u00e7e, Galatasaray ve Be\u015fikta\u015f Ma\u00e7lar\u0131n\u0131 Yorumlad\u0131: Olayl\u0131 Ma\u00e7ta \u015eok Eden Detaylar!"},"content":{"rendered":"\n<p><strong>Galatasaray-Samsunspor yorumu:<\/strong><\/p>\n\n\n\n<p>beIN Trio ekibi, hakem Halil Umut Meler&#8217;in kararlar\u0131n\u0131n tart\u0131\u015f\u0131ld\u0131\u011f\u0131 Galatasaray &#8211; Samsunspor ma\u00e7\u0131ndaki pozisyonlar\u0131 yorumlad\u0131. Trio\u2019nun de\u011ferlendirmelerine g\u00f6re, 2. dakikada Bar\u0131\u015f Alper\u2019e yap\u0131lan m\u00fcdahalede faul karar\u0131 hatal\u0131yd\u0131 ve pozisyonun devam\u0131nda gol geldi. Torreira\u2019n\u0131n m\u00fcdahalesinde ise penalt\u0131 verilmesi gerekti\u011fi savunuldu. Samsunspor lehine verilen ilk penalt\u0131n\u0131n yanl\u0131\u015f bir karar oldu\u011fu belirtilirken, Batshuayi&#8217;nin pozisyonunda VAR&#8217;\u0131n m\u00fcdahalesi ele\u015ftirildi. Muslera\u2019n\u0131n hakeme itirazlar\u0131 nedeniyle ikinci sar\u0131 karttan ihra\u00e7 edilmesi gerekti\u011fi ifade edildi.<\/p>\n\n\n\n<p><strong>Fenerbah\u00e7e-Sivasspor yorumu:<\/strong><\/p>\n\n\n\n<p>23. dakikada Fenerbah\u00e7e&#8217;nin ilk gol\u00fc \u00f6ncesinde Djiku&#8217;nun elle oynad\u0131\u011f\u0131 iddias\u0131 Trio taraf\u0131ndan de\u011ferlendirdi. Deniz \u00c7oban ve B\u00fclent Y\u0131ld\u0131r\u0131m, topun &#8220;minare topu&#8221; gibi y\u00fcksekten d\u00fc\u015ft\u00fc\u011f\u00fcn\u00fc, oyuncular\u0131n do\u011fal pozisyonlar\u0131nda olduklar\u0131n\u0131 ve ihlal olmad\u0131\u011f\u0131n\u0131 savundu. 50. dakikada Fenerbah\u00e7e lehine verilen penalt\u0131da ise hakem karar\u0131 do\u011fru bulundu; kalecinin temas\u0131n\u0131n En-Nesyri&#8217;nin hareketini k\u0131s\u0131tlad\u0131\u011f\u0131 g\u00f6r\u00fc\u015f\u00fc \u00f6ne s\u00fcr\u00fcld\u00fc. 82. dakikada Amrabat&#8217;\u0131n gol\u00fcnde Tadic&#8217;in ofsayt pozisyonu tart\u0131\u015fmaya a\u00e7\u0131ld\u0131. Trio, pozisyonun s\u00fcbjektif oldu\u011funu belirtirken, UEFA&#8217;n\u0131n bu tip pozisyonlarda gol karar\u0131na \u00f6ncelik verilmesini \u00f6nerdi\u011fini ifade etti.<\/p>\n\n\n\n<p><strong>Ba\u015fak\u015fehir-Be\u015fikta\u015f yorumu:<\/strong><\/p>\n\n\n\n<p>Semih\u2019in yere d\u00fc\u015fmesi ve Gedson\u2019un m\u00fcdahalesi gibi pozisyonlarda faul ve sar\u0131 kart kararlar\u0131 do\u011fru kabul edildi. Elle oynama ve penalt\u0131 kararlar\u0131 ise k\u00fc\u00e7\u00fck temaslar ve oyun i\u00e7indeki ko\u015fullara g\u00f6re de\u011ferlendirildi. \u00d6zellikle Be\u015fikta\u015f\u2019\u0131n 90+3\u2019teki penalt\u0131 beklentisi, hakemin karar\u0131na sayg\u0131 g\u00f6sterilerek ge\u00e7i\u015ftirildi. Opoku\u2019nun Semih\u2019e yapt\u0131\u011f\u0131 m\u00fcdahale ve di\u011fer fauller sar\u0131 kart gerektiriyordu. T\u00fcm bu pozisyonlarda hakemlerin kararlar\u0131 do\u011frultusunda sonu\u00e7lar genelde do\u011fru olarak de\u011ferlendirildi.<\/p>\n","protected":false},"excerpt":{"rendered":"<p>Galatasaray-Samsunspor yorumu: beIN Trio ekibi, hakem Halil Umut Meler&#8217;in kararlar\u0131n\u0131n tart\u0131\u015f\u0131ld\u0131\u011f\u0131 Galatasaray &#8211; Samsunspor ma\u00e7\u0131ndaki pozisyonlar\u0131 yorumlad\u0131. Trio\u2019nun de\u011ferlendirmelerine g\u00f6re, 2. dakikada Bar\u0131\u015f Alper\u2019e yap\u0131lan m\u00fcdahalede faul karar\u0131 hatal\u0131yd\u0131 ve pozisyonun devam\u0131nda gol geldi. Torreira\u2019n\u0131n m\u00fcdahalesinde ise penalt\u0131 verilmesi gerekti\u011fi savunuldu. Samsunspor lehine verilen ilk penalt\u0131n\u0131n yanl\u0131\u015f bir karar oldu\u011fu belirtilirken, Batshuayi&#8217;nin pozisyonunda VAR&#8217;\u0131n m\u00fcdahalesi [&hellip;]<\/p>\n","protected":false},"author":2,"featured_media":596,"comment_status":"open","ping_status":"open","sticky":false,"template":"","format":"standard","meta":{"footnotes":""},"categories":[10,11],"tags":[],"class_list":["post-595","post","type-post","status-publish","format-standard","has-post-thumbnail","hentry","category-futbol","category-turkiye"],"yoast_head":"<!-- This site is optimized with the Yoast SEO plugin v27.4 - https:\/\/yoast.com\/product\/yoast-seo-wordpress\/ -->\n<title>Trio, Fenerbah\u00e7e, Galatasaray ve Be\u015fikta\u015f Ma\u00e7lar\u0131n\u0131 Yorumlad\u0131: Olayl\u0131 Ma\u00e7ta \u015eok Eden Detaylar! - Avrupal\u0131 T\u00fcrklerin en Yeni Haber Portal\u0131<\/title>\n<meta name=\"robots\" content=\"index, follow, max-snippet:-1, max-image-preview:large, max-video-preview:-1\" \/>\n<link rel=\"canonical\" href=\"https:\/\/avrupatv.eu\/index.php\/2024\/11\/11\/trio-fenerbahce-galatasaray-ve-besiktas-maclarini-yorumladi-olayli-macta-sok-eden-detaylar\/\" \/>\n<meta property=\"og:locale\" content=\"tr_TR\" \/>\n<meta property=\"og:type\" content=\"article\" \/>\n<meta property=\"og:title\" content=\"Trio, Fenerbah\u00e7e, Galatasaray ve Be\u015fikta\u015f Ma\u00e7lar\u0131n\u0131 Yorumlad\u0131: Olayl\u0131 Ma\u00e7ta \u015eok Eden Detaylar! - Avrupal\u0131 T\u00fcrklerin en Yeni Haber Portal\u0131\" \/>\n<meta property=\"og:description\" content=\"Galatasaray-Samsunspor yorumu: beIN Trio ekibi, hakem Halil Umut Meler&#8217;in kararlar\u0131n\u0131n tart\u0131\u015f\u0131ld\u0131\u011f\u0131 Galatasaray &#8211; Samsunspor ma\u00e7\u0131ndaki pozisyonlar\u0131 yorumlad\u0131. Trio\u2019nun de\u011ferlendirmelerine g\u00f6re, 2. dakikada Bar\u0131\u015f Alper\u2019e yap\u0131lan m\u00fcdahalede faul karar\u0131 hatal\u0131yd\u0131 ve pozisyonun devam\u0131nda gol geldi. Torreira\u2019n\u0131n m\u00fcdahalesinde ise penalt\u0131 verilmesi gerekti\u011fi savunuldu. Samsunspor lehine verilen ilk penalt\u0131n\u0131n yanl\u0131\u015f bir karar oldu\u011fu belirtilirken, Batshuayi&#8217;nin pozisyonunda VAR&#8217;\u0131n m\u00fcdahalesi [&hellip;]\" \/>\n<meta property=\"og:url\" content=\"https:\/\/avrupatv.eu\/index.php\/2024\/11\/11\/trio-fenerbahce-galatasaray-ve-besiktas-maclarini-yorumladi-olayli-macta-sok-eden-detaylar\/\" \/>\n<meta property=\"og:site_name\" content=\"Avrupal\u0131 T\u00fcrklerin en Yeni Haber Portal\u0131\" \/>\n<meta property=\"article:published_time\" content=\"2024-11-11T15:04:57+00:00\" \/>\n<meta property=\"article:modified_time\" content=\"2024-11-11T15:04:58+00:00\" \/>\n<meta property=\"og:image\" content=\"https:\/\/avrupatv.eu\/wp-content\/uploads\/2024\/11\/images.jpeg\" \/>\n\t<meta property=\"og:image:width\" content=\"287\" \/>\n\t<meta property=\"og:image:height\" content=\"175\" \/>\n\t<meta property=\"og:image:type\" content=\"image\/jpeg\" \/>\n<meta name=\"author\" content=\"Onur Akpinar\" \/>\n<meta name=\"twitter:card\" content=\"summary_large_image\" \/>\n<meta name=\"twitter:label1\" content=\"Yazan:\" \/>\n\t<meta name=\"twitter:data1\" content=\"Onur Akpinar\" \/>\n\t<meta name=\"twitter:label2\" content=\"Tahmini okuma s\u00fcresi\" \/>\n\t<meta name=\"twitter:data2\" content=\"2 dakika\" \/>\n<script type=\"application\/ld+json\" class=\"yoast-schema-graph\">{\"@context\":\"https:\\\/\\\/schema.org\",\"@graph\":[{\"@type\":\"Article\",\"@id\":\"https:\\\/\\\/avrupatv.eu\\\/index.php\\\/2024\\\/11\\\/11\\\/trio-fenerbahce-galatasaray-ve-besiktas-maclarini-yorumladi-olayli-macta-sok-eden-detaylar\\\/#article\",\"isPartOf\":{\"@id\":\"https:\\\/\\\/avrupatv.eu\\\/index.php\\\/2024\\\/11\\\/11\\\/trio-fenerbahce-galatasaray-ve-besiktas-maclarini-yorumladi-olayli-macta-sok-eden-detaylar\\\/\"},\"author\":{\"name\":\"Onur Akpinar\",\"@id\":\"https:\\\/\\\/avrupatv.eu\\\/#\\\/schema\\\/person\\\/d56afa5d5569da4029d483da36c0c17d\"},\"headline\":\"Trio, Fenerbah\u00e7e, Galatasaray ve Be\u015fikta\u015f Ma\u00e7lar\u0131n\u0131 Yorumlad\u0131: Olayl\u0131 Ma\u00e7ta \u015eok Eden Detaylar!\",\"datePublished\":\"2024-11-11T15:04:57+00:00\",\"dateModified\":\"2024-11-11T15:04:58+00:00\",\"mainEntityOfPage\":{\"@id\":\"https:\\\/\\\/avrupatv.eu\\\/index.php\\\/2024\\\/11\\\/11\\\/trio-fenerbahce-galatasaray-ve-besiktas-maclarini-yorumladi-olayli-macta-sok-eden-detaylar\\\/\"},\"wordCount\":317,\"commentCount\":0,\"publisher\":{\"@id\":\"https:\\\/\\\/avrupatv.eu\\\/#organization\"},\"image\":{\"@id\":\"https:\\\/\\\/avrupatv.eu\\\/index.php\\\/2024\\\/11\\\/11\\\/trio-fenerbahce-galatasaray-ve-besiktas-maclarini-yorumladi-olayli-macta-sok-eden-detaylar\\\/#primaryimage\"},\"thumbnailUrl\":\"https:\\\/\\\/avrupatv.eu\\\/wp-content\\\/uploads\\\/2024\\\/11\\\/images.jpeg\",\"articleSection\":[\"Futbol\",\"T\u00fcrkiye\"],\"inLanguage\":\"tr\",\"potentialAction\":[{\"@type\":\"CommentAction\",\"name\":\"Comment\",\"target\":[\"https:\\\/\\\/avrupatv.eu\\\/index.php\\\/2024\\\/11\\\/11\\\/trio-fenerbahce-galatasaray-ve-besiktas-maclarini-yorumladi-olayli-macta-sok-eden-detaylar\\\/#respond\"]}]},{\"@type\":\"WebPage\",\"@id\":\"https:\\\/\\\/avrupatv.eu\\\/index.php\\\/2024\\\/11\\\/11\\\/trio-fenerbahce-galatasaray-ve-besiktas-maclarini-yorumladi-olayli-macta-sok-eden-detaylar\\\/\",\"url\":\"https:\\\/\\\/avrupatv.eu\\\/index.php\\\/2024\\\/11\\\/11\\\/trio-fenerbahce-galatasaray-ve-besiktas-maclarini-yorumladi-olayli-macta-sok-eden-detaylar\\\/\",\"name\":\"Trio, Fenerbah\u00e7e, Galatasaray ve Be\u015fikta\u015f Ma\u00e7lar\u0131n\u0131 Yorumlad\u0131: Olayl\u0131 Ma\u00e7ta \u015eok Eden Detaylar! - Avrupal\u0131 T\u00fcrklerin en Yeni Haber Portal\u0131\",\"isPartOf\":{\"@id\":\"https:\\\/\\\/avrupatv.eu\\\/#website\"},\"primaryImageOfPage\":{\"@id\":\"https:\\\/\\\/avrupatv.eu\\\/index.php\\\/2024\\\/11\\\/11\\\/trio-fenerbahce-galatasaray-ve-besiktas-maclarini-yorumladi-olayli-macta-sok-eden-detaylar\\\/#primaryimage\"},\"image\":{\"@id\":\"https:\\\/\\\/avrupatv.eu\\\/index.php\\\/2024\\\/11\\\/11\\\/trio-fenerbahce-galatasaray-ve-besiktas-maclarini-yorumladi-olayli-macta-sok-eden-detaylar\\\/#primaryimage\"},\"thumbnailUrl\":\"https:\\\/\\\/avrupatv.eu\\\/wp-content\\\/uploads\\\/2024\\\/11\\\/images.jpeg\",\"datePublished\":\"2024-11-11T15:04:57+00:00\",\"dateModified\":\"2024-11-11T15:04:58+00:00\",\"breadcrumb\":{\"@id\":\"https:\\\/\\\/avrupatv.eu\\\/index.php\\\/2024\\\/11\\\/11\\\/trio-fenerbahce-galatasaray-ve-besiktas-maclarini-yorumladi-olayli-macta-sok-eden-detaylar\\\/#breadcrumb\"},\"inLanguage\":\"tr\",\"potentialAction\":[{\"@type\":\"ReadAction\",\"target\":[\"https:\\\/\\\/avrupatv.eu\\\/index.php\\\/2024\\\/11\\\/11\\\/trio-fenerbahce-galatasaray-ve-besiktas-maclarini-yorumladi-olayli-macta-sok-eden-detaylar\\\/\"]}]},{\"@type\":\"ImageObject\",\"inLanguage\":\"tr\",\"@id\":\"https:\\\/\\\/avrupatv.eu\\\/index.php\\\/2024\\\/11\\\/11\\\/trio-fenerbahce-galatasaray-ve-besiktas-maclarini-yorumladi-olayli-macta-sok-eden-detaylar\\\/#primaryimage\",\"url\":\"https:\\\/\\\/avrupatv.eu\\\/wp-content\\\/uploads\\\/2024\\\/11\\\/images.jpeg\",\"contentUrl\":\"https:\\\/\\\/avrupatv.eu\\\/wp-content\\\/uploads\\\/2024\\\/11\\\/images.jpeg\",\"width\":287,\"height\":175},{\"@type\":\"BreadcrumbList\",\"@id\":\"https:\\\/\\\/avrupatv.eu\\\/index.php\\\/2024\\\/11\\\/11\\\/trio-fenerbahce-galatasaray-ve-besiktas-maclarini-yorumladi-olayli-macta-sok-eden-detaylar\\\/#breadcrumb\",\"itemListElement\":[{\"@type\":\"ListItem\",\"position\":1,\"name\":\"Anasayfa\",\"item\":\"https:\\\/\\\/avrupatv.eu\\\/\"},{\"@type\":\"ListItem\",\"position\":2,\"name\":\"Trio, Fenerbah\u00e7e, Galatasaray ve Be\u015fikta\u015f Ma\u00e7lar\u0131n\u0131 Yorumlad\u0131: Olayl\u0131 Ma\u00e7ta \u015eok Eden Detaylar!\"}]},{\"@type\":\"WebSite\",\"@id\":\"https:\\\/\\\/avrupatv.eu\\\/#website\",\"url\":\"https:\\\/\\\/avrupatv.eu\\\/\",\"name\":\"Avrupal\u0131 T\u00fcrklerin en Yeni Haber Portal\u0131\",\"description\":\"\",\"publisher\":{\"@id\":\"https:\\\/\\\/avrupatv.eu\\\/#organization\"},\"alternateName\":\"Avrupa tv\",\"potentialAction\":[{\"@type\":\"SearchAction\",\"target\":{\"@type\":\"EntryPoint\",\"urlTemplate\":\"https:\\\/\\\/avrupatv.eu\\\/?s={search_term_string}\"},\"query-input\":{\"@type\":\"PropertyValueSpecification\",\"valueRequired\":true,\"valueName\":\"search_term_string\"}}],\"inLanguage\":\"tr\"},{\"@type\":\"Organization\",\"@id\":\"https:\\\/\\\/avrupatv.eu\\\/#organization\",\"name\":\"Avrupa Haber\",\"url\":\"https:\\\/\\\/avrupatv.eu\\\/\",\"logo\":{\"@type\":\"ImageObject\",\"inLanguage\":\"tr\",\"@id\":\"https:\\\/\\\/avrupatv.eu\\\/#\\\/schema\\\/logo\\\/image\\\/\",\"url\":\"https:\\\/\\\/avrupatv.eu\\\/wp-content\\\/uploads\\\/2023\\\/10\\\/cropped-thumbnail_logo.png\",\"contentUrl\":\"https:\\\/\\\/avrupatv.eu\\\/wp-content\\\/uploads\\\/2023\\\/10\\\/cropped-thumbnail_logo.png\",\"width\":1025,\"height\":302,\"caption\":\"Avrupa Haber\"},\"image\":{\"@id\":\"https:\\\/\\\/avrupatv.eu\\\/#\\\/schema\\\/logo\\\/image\\\/\"}},{\"@type\":\"Person\",\"@id\":\"https:\\\/\\\/avrupatv.eu\\\/#\\\/schema\\\/person\\\/d56afa5d5569da4029d483da36c0c17d\",\"name\":\"Onur Akpinar\",\"image\":{\"@type\":\"ImageObject\",\"inLanguage\":\"tr\",\"@id\":\"https:\\\/\\\/secure.gravatar.com\\\/avatar\\\/67a1a0bdf34f82da209334e4684b7e7171a58a5a2b0a8f836b61044f5c1f5d6a?s=96&d=mm&r=g\",\"url\":\"https:\\\/\\\/secure.gravatar.com\\\/avatar\\\/67a1a0bdf34f82da209334e4684b7e7171a58a5a2b0a8f836b61044f5c1f5d6a?s=96&d=mm&r=g\",\"contentUrl\":\"https:\\\/\\\/secure.gravatar.com\\\/avatar\\\/67a1a0bdf34f82da209334e4684b7e7171a58a5a2b0a8f836b61044f5c1f5d6a?s=96&d=mm&r=g\",\"caption\":\"Onur Akpinar\"},\"url\":\"https:\\\/\\\/avrupatv.eu\\\/index.php\\\/author\\\/onur-akpinar\\\/\"}]}<\/script>\n<!-- \/ Yoast SEO plugin. -->","yoast_head_json":{"title":"Trio, Fenerbah\u00e7e, Galatasaray ve Be\u015fikta\u015f Ma\u00e7lar\u0131n\u0131 Yorumlad\u0131: Olayl\u0131 Ma\u00e7ta \u015eok Eden Detaylar! - Avrupal\u0131 T\u00fcrklerin en Yeni Haber Portal\u0131","robots":{"index":"index","follow":"follow","max-snippet":"max-snippet:-1","max-image-preview":"max-image-preview:large","max-video-preview":"max-video-preview:-1"},"canonical":"https:\/\/avrupatv.eu\/index.php\/2024\/11\/11\/trio-fenerbahce-galatasaray-ve-besiktas-maclarini-yorumladi-olayli-macta-sok-eden-detaylar\/","og_locale":"tr_TR","og_type":"article","og_title":"Trio, Fenerbah\u00e7e, Galatasaray ve Be\u015fikta\u015f Ma\u00e7lar\u0131n\u0131 Yorumlad\u0131: Olayl\u0131 Ma\u00e7ta \u015eok Eden Detaylar! - Avrupal\u0131 T\u00fcrklerin en Yeni Haber Portal\u0131","og_description":"Galatasaray-Samsunspor yorumu: beIN Trio ekibi, hakem Halil Umut Meler&#8217;in kararlar\u0131n\u0131n tart\u0131\u015f\u0131ld\u0131\u011f\u0131 Galatasaray &#8211; Samsunspor ma\u00e7\u0131ndaki pozisyonlar\u0131 yorumlad\u0131. Trio\u2019nun de\u011ferlendirmelerine g\u00f6re, 2. dakikada Bar\u0131\u015f Alper\u2019e yap\u0131lan m\u00fcdahalede faul karar\u0131 hatal\u0131yd\u0131 ve pozisyonun devam\u0131nda gol geldi. Torreira\u2019n\u0131n m\u00fcdahalesinde ise penalt\u0131 verilmesi gerekti\u011fi savunuldu. Samsunspor lehine verilen ilk penalt\u0131n\u0131n yanl\u0131\u015f bir karar oldu\u011fu belirtilirken, Batshuayi&#8217;nin pozisyonunda VAR&#8217;\u0131n m\u00fcdahalesi [&hellip;]","og_url":"https:\/\/avrupatv.eu\/index.php\/2024\/11\/11\/trio-fenerbahce-galatasaray-ve-besiktas-maclarini-yorumladi-olayli-macta-sok-eden-detaylar\/","og_site_name":"Avrupal\u0131 T\u00fcrklerin en Yeni Haber Portal\u0131","article_published_time":"2024-11-11T15:04:57+00:00","article_modified_time":"2024-11-11T15:04:58+00:00","og_image":[{"width":287,"height":175,"url":"https:\/\/avrupatv.eu\/wp-content\/uploads\/2024\/11\/images.jpeg","type":"image\/jpeg"}],"author":"Onur Akpinar","twitter_card":"summary_large_image","twitter_misc":{"Yazan:":"Onur Akpinar","Tahmini okuma s\u00fcresi":"2 dakika"},"schema":{"@context":"https:\/\/schema.org","@graph":[{"@type":"Article","@id":"https:\/\/avrupatv.eu\/index.php\/2024\/11\/11\/trio-fenerbahce-galatasaray-ve-besiktas-maclarini-yorumladi-olayli-macta-sok-eden-detaylar\/#article","isPartOf":{"@id":"https:\/\/avrupatv.eu\/index.php\/2024\/11\/11\/trio-fenerbahce-galatasaray-ve-besiktas-maclarini-yorumladi-olayli-macta-sok-eden-detaylar\/"},"author":{"name":"Onur Akpinar","@id":"https:\/\/avrupatv.eu\/#\/schema\/person\/d56afa5d5569da4029d483da36c0c17d"},"headline":"Trio, Fenerbah\u00e7e, Galatasaray ve Be\u015fikta\u015f Ma\u00e7lar\u0131n\u0131 Yorumlad\u0131: Olayl\u0131 Ma\u00e7ta \u015eok Eden Detaylar!","datePublished":"2024-11-11T15:04:57+00:00","dateModified":"2024-11-11T15:04:58+00:00","mainEntityOfPage":{"@id":"https:\/\/avrupatv.eu\/index.php\/2024\/11\/11\/trio-fenerbahce-galatasaray-ve-besiktas-maclarini-yorumladi-olayli-macta-sok-eden-detaylar\/"},"wordCount":317,"commentCount":0,"publisher":{"@id":"https:\/\/avrupatv.eu\/#organization"},"image":{"@id":"https:\/\/avrupatv.eu\/index.php\/2024\/11\/11\/trio-fenerbahce-galatasaray-ve-besiktas-maclarini-yorumladi-olayli-macta-sok-eden-detaylar\/#primaryimage"},"thumbnailUrl":"https:\/\/avrupatv.eu\/wp-content\/uploads\/2024\/11\/images.jpeg","articleSection":["Futbol","T\u00fcrkiye"],"inLanguage":"tr","potentialAction":[{"@type":"CommentAction","name":"Comment","target":["https:\/\/avrupatv.eu\/index.php\/2024\/11\/11\/trio-fenerbahce-galatasaray-ve-besiktas-maclarini-yorumladi-olayli-macta-sok-eden-detaylar\/#respond"]}]},{"@type":"WebPage","@id":"https:\/\/avrupatv.eu\/index.php\/2024\/11\/11\/trio-fenerbahce-galatasaray-ve-besiktas-maclarini-yorumladi-olayli-macta-sok-eden-detaylar\/","url":"https:\/\/avrupatv.eu\/index.php\/2024\/11\/11\/trio-fenerbahce-galatasaray-ve-besiktas-maclarini-yorumladi-olayli-macta-sok-eden-detaylar\/","name":"Trio, Fenerbah\u00e7e, Galatasaray ve Be\u015fikta\u015f Ma\u00e7lar\u0131n\u0131 Yorumlad\u0131: Olayl\u0131 Ma\u00e7ta \u015eok Eden Detaylar! - Avrupal\u0131 T\u00fcrklerin en Yeni Haber Portal\u0131","isPartOf":{"@id":"https:\/\/avrupatv.eu\/#website"},"primaryImageOfPage":{"@id":"https:\/\/avrupatv.eu\/index.php\/2024\/11\/11\/trio-fenerbahce-galatasaray-ve-besiktas-maclarini-yorumladi-olayli-macta-sok-eden-detaylar\/#primaryimage"},"image":{"@id":"https:\/\/avrupatv.eu\/index.php\/2024\/11\/11\/trio-fenerbahce-galatasaray-ve-besiktas-maclarini-yorumladi-olayli-macta-sok-eden-detaylar\/#primaryimage"},"thumbnailUrl":"https:\/\/avrupatv.eu\/wp-content\/uploads\/2024\/11\/images.jpeg","datePublished":"2024-11-11T15:04:57+00:00","dateModified":"2024-11-11T15:04:58+00:00","breadcrumb":{"@id":"https:\/\/avrupatv.eu\/index.php\/2024\/11\/11\/trio-fenerbahce-galatasaray-ve-besiktas-maclarini-yorumladi-olayli-macta-sok-eden-detaylar\/#breadcrumb"},"inLanguage":"tr","potentialAction":[{"@type":"ReadAction","target":["https:\/\/avrupatv.eu\/index.php\/2024\/11\/11\/trio-fenerbahce-galatasaray-ve-besiktas-maclarini-yorumladi-olayli-macta-sok-eden-detaylar\/"]}]},{"@type":"ImageObject","inLanguage":"tr","@id":"https:\/\/avrupatv.eu\/index.php\/2024\/11\/11\/trio-fenerbahce-galatasaray-ve-besiktas-maclarini-yorumladi-olayli-macta-sok-eden-detaylar\/#primaryimage","url":"https:\/\/avrupatv.eu\/wp-content\/uploads\/2024\/11\/images.jpeg","contentUrl":"https:\/\/avrupatv.eu\/wp-content\/uploads\/2024\/11\/images.jpeg","width":287,"height":175},{"@type":"BreadcrumbList","@id":"https:\/\/avrupatv.eu\/index.php\/2024\/11\/11\/trio-fenerbahce-galatasaray-ve-besiktas-maclarini-yorumladi-olayli-macta-sok-eden-detaylar\/#breadcrumb","itemListElement":[{"@type":"ListItem","position":1,"name":"Anasayfa","item":"https:\/\/avrupatv.eu\/"},{"@type":"ListItem","position":2,"name":"Trio, Fenerbah\u00e7e, Galatasaray ve Be\u015fikta\u015f Ma\u00e7lar\u0131n\u0131 Yorumlad\u0131: Olayl\u0131 Ma\u00e7ta \u015eok Eden Detaylar!"}]},{"@type":"WebSite","@id":"https:\/\/avrupatv.eu\/#website","url":"https:\/\/avrupatv.eu\/","name":"Avrupal\u0131 T\u00fcrklerin en Yeni Haber Portal\u0131","description":"","publisher":{"@id":"https:\/\/avrupatv.eu\/#organization"},"alternateName":"Avrupa tv","potentialAction":[{"@type":"SearchAction","target":{"@type":"EntryPoint","urlTemplate":"https:\/\/avrupatv.eu\/?s={search_term_string}"},"query-input":{"@type":"PropertyValueSpecification","valueRequired":true,"valueName":"search_term_string"}}],"inLanguage":"tr"},{"@type":"Organization","@id":"https:\/\/avrupatv.eu\/#organization","name":"Avrupa Haber","url":"https:\/\/avrupatv.eu\/","logo":{"@type":"ImageObject","inLanguage":"tr","@id":"https:\/\/avrupatv.eu\/#\/schema\/logo\/image\/","url":"https:\/\/avrupatv.eu\/wp-content\/uploads\/2023\/10\/cropped-thumbnail_logo.png","contentUrl":"https:\/\/avrupatv.eu\/wp-content\/uploads\/2023\/10\/cropped-thumbnail_logo.png","width":1025,"height":302,"caption":"Avrupa Haber"},"image":{"@id":"https:\/\/avrupatv.eu\/#\/schema\/logo\/image\/"}},{"@type":"Person","@id":"https:\/\/avrupatv.eu\/#\/schema\/person\/d56afa5d5569da4029d483da36c0c17d","name":"Onur Akpinar","image":{"@type":"ImageObject","inLanguage":"tr","@id":"https:\/\/secure.gravatar.com\/avatar\/67a1a0bdf34f82da209334e4684b7e7171a58a5a2b0a8f836b61044f5c1f5d6a?s=96&d=mm&r=g","url":"https:\/\/secure.gravatar.com\/avatar\/67a1a0bdf34f82da209334e4684b7e7171a58a5a2b0a8f836b61044f5c1f5d6a?s=96&d=mm&r=g","contentUrl":"https:\/\/secure.gravatar.com\/avatar\/67a1a0bdf34f82da209334e4684b7e7171a58a5a2b0a8f836b61044f5c1f5d6a?s=96&d=mm&r=g","caption":"Onur Akpinar"},"url":"https:\/\/avrupatv.eu\/index.php\/author\/onur-akpinar\/"}]}},"_links":{"self":[{"href":"https:\/\/avrupatv.eu\/index.php\/wp-json\/wp\/v2\/posts\/595","targetHints":{"allow":["GET"]}}],"collection":[{"href":"https:\/\/avrupatv.eu\/index.php\/wp-json\/wp\/v2\/posts"}],"about":[{"href":"https:\/\/avrupatv.eu\/index.php\/wp-json\/wp\/v2\/types\/post"}],"author":[{"embeddable":true,"href":"https:\/\/avrupatv.eu\/index.php\/wp-json\/wp\/v2\/users\/2"}],"replies":[{"embeddable":true,"href":"https:\/\/avrupatv.eu\/index.php\/wp-json\/wp\/v2\/comments?post=595"}],"version-history":[{"count":1,"href":"https:\/\/avrupatv.eu\/index.php\/wp-json\/wp\/v2\/posts\/595\/revisions"}],"predecessor-version":[{"id":597,"href":"https:\/\/avrupatv.eu\/index.php\/wp-json\/wp\/v2\/posts\/595\/revisions\/597"}],"wp:featuredmedia":[{"embeddable":true,"href":"https:\/\/avrupatv.eu\/index.php\/wp-json\/wp\/v2\/media\/596"}],"wp:attachment":[{"href":"https:\/\/avrupatv.eu\/index.php\/wp-json\/wp\/v2\/media?parent=595"}],"wp:term":[{"taxonomy":"category","embeddable":true,"href":"https:\/\/avrupatv.eu\/index.php\/wp-json\/wp\/v2\/categories?post=595"},{"taxonomy":"post_tag","embeddable":true,"href":"https:\/\/avrupatv.eu\/index.php\/wp-json\/wp\/v2\/tags?post=595"}],"curies":[{"name":"wp","href":"https:\/\/api.w.org\/{rel}","templated":true}]}}